{"id":8055,"date":"2015-09-24T15:48:40","date_gmt":"2015-09-24T13:48:40","guid":{"rendered":"https:\/\/www.charminly.com\/?p=8055"},"modified":"2016-12-02T14:45:17","modified_gmt":"2016-12-02T13:45:17","slug":"competizione-sportive-e-cantine-aperte-in-val-daosta","status":"publish","type":"post","link":"https:\/\/www.charminly.com\/it\/competizione-sportive-e-cantine-aperte-in-val-daosta\/","title":{"rendered":"Competizione sportive e cantine aperte in Val d&#8217;Aosta"},"content":{"rendered":"<p>Un rilassante soggiorno presso<strong> <a href=\"https:\/\/www.charminly.com\/it\/properties\/la-jolie-bergere-it\/\" target=\"_blank\">La Jolie Bergere<\/a><\/strong>, lche si trova in Frazione<strong> <a href=\"https:\/\/www.charminly.com\/it\/area\/planaval-it\/\" target=\"_blank\">Planaval<\/a> <\/strong>a<strong> La Salle<\/strong>, in<strong> Val d\u2019Aosta<\/strong>, in provincia di<strong> Aosta<\/strong>,\u00a0vi permetter\u00e0 di apprezzare le competizione sportive e cantine aperte in Val d&#8217;Aosta.<\/p>\n<h3>Cantine aperte<\/h3>\n<p>L\u2019ultima domenica del mese di <strong>maggio<\/strong> si svolge, come da tradizione, la manifestazione <strong>Cantine Aperte<\/strong>, uno degli appuntamenti pi\u00f9 amati e promosso dal <strong>Movimento Turismo del Vino<\/strong>.<\/p>\n<p>La festa rappresenta una splendida e speciale occasione per poter scoprire quelle che sono considerate le etichette migliori Doc valdostane. Un viaggio non solo tra i rinomati vini, ma anche una stupenda e magnifica opportunit\u00e0 di poter andare ad assaggiare quelli che sono i <strong>tipici piatti<\/strong> e le eccellenze dei prodotti locali. Si potranno, infatti, assaggiare <strong>specialit\u00e0 tipiche valdostane<\/strong> come, ad esempio, la <strong>Toma di Gressoney<\/strong>, la <strong>Fontina<\/strong>, il <strong>Lard d\u2019Arnad<\/strong> e il <strong>Jambon de Bosses<\/strong>.<\/p>\n<h3><strong>Licony Trail\u00a0<\/strong><\/h3>\n<p>Il <strong>Licony Trail<\/strong> \u00e8 la tradizionale corsa che si svolge in <strong>montagna<\/strong>. Un percorso alla portati di tutti che si snoda per venticinque chilometri, con un dislivello di circa milletrecento metri. Sia la partenza sia l\u2019arrivo della manifestazione \u00e8 previsto a <strong>Morgex<\/strong>. Il Licony Trail attraversa localit\u00e0 rinomate come <strong>Beauregard<\/strong>, <strong>Planaval<\/strong>, <strong>Licony<\/strong>, <strong>Parquet<\/strong> <strong>di Modzoun<\/strong> e <strong>La Villottaz<\/strong>.<\/p>\n<div id=\"attachment_8048\" style=\"width: 1034px\" class=\"wp-caption alignnone\"><img loading=\"lazy\" decoding=\"async\" aria-describedby=\"caption-attachment-8048\" class=\"wp-image-8048 size-full\" src=\"https:\/\/www.charminly.com\/wp-content\/uploads\/2015\/09\/Licony-Trail-LaStampa_opt.jpg\" alt=\"Licony Trail LaStampa_opt\" width=\"1024\" height=\"575\" srcset=\"https:\/\/www.charminly.com\/wp-content\/uploads\/2015\/09\/Licony-Trail-LaStampa_opt.jpg 1024w, https:\/\/www.charminly.com\/wp-content\/uploads\/2015\/09\/Licony-Trail-LaStampa_opt-300x168.jpg 300w, https:\/\/www.charminly.com\/wp-content\/uploads\/2015\/09\/Licony-Trail-LaStampa_opt-768x431.jpg 768w, https:\/\/www.charminly.com\/wp-content\/uploads\/2015\/09\/Licony-Trail-LaStampa_opt-255x143.jpg 255w\" sizes=\"auto, (max-width: 1024px) 100vw, 1024px\" \/><p id=\"caption-attachment-8048\" class=\"wp-caption-text\">Licony Trail foto lastampa.it<\/p><\/div>\n<h3><strong>La Pass Pitchu<\/strong><\/h3>\n<p>\u00c8 da oltre quindici anni che i comuni di <strong>S\u00e9ez<\/strong>, in <strong>Francia<\/strong>, e di <strong>La Thuile<\/strong>, in <strong>Italia<\/strong>, in maniera alternata, si incontrano ogni per festeggiare insieme la riapertura del <strong>Colle del Piccolo San Bernardo<\/strong> e, quindi, dare il benvenuto a quella che sar\u00e0 la stagione estiva.<\/p>\n<p>\u00c8 anche una opportunit\u00e0 per approfondire la conoscenza delle <strong>tradizioni savoiarde<\/strong>, ma anche per andare in giro a curiosare tra le numerose <strong>bancarelle<\/strong> che espongono lavorazioni artigianali locali, tessuti, pietra e legno, come pure per degustare i <strong>prodotti tipici enogastronomici<\/strong>. Infatti, in questa particolare occasione di festa i locali convenzionati andranno a proporre un tipico men\u00f9 ad un prezzo favorevole.<\/p>\n<h3><strong>Sagra della Fiocca<\/strong><\/h3>\n<p>Ad <strong>Avise<\/strong>, nel villaggio di <strong>B\u00e9ileun<\/strong>, in provincia di <strong>Aosta<\/strong>, nel mese di <strong>giugno<\/strong>, ha luogo la consueta <strong>sagra della fiocca<\/strong>, cio\u00e8 della <strong>panna montata<\/strong>.<\/p>\n<p>Il villaggio di B\u00e9ileun si trova all\u2019inizio della <strong>Valgrisenche<\/strong> a <strong>quota 1700 metri<\/strong>. Per giungervi si deve percorrere un delizioso itinerario che si snoda all\u2019interno di bosco. In occasione della festa viene anche ad essere organizzata la <strong>Martse della fiocca<\/strong>, una <strong>corsa podistica<\/strong>. Per il pranzo si mangia stufati, grigliate di carne, carbonada e polenta. Invece, durante il pomeriggio le donne del villaggio montano la panna che verr\u00e0 successivamente conservata all\u2019interno di una <strong>naturale grotta ghiacciata<\/strong>.<\/p>\n<div id=\"attachment_8051\" style=\"width: 1034px\" class=\"wp-caption alignnone\"><img loading=\"lazy\" decoding=\"async\" aria-describedby=\"caption-attachment-8051\" class=\"wp-image-8051 size-full\" src=\"https:\/\/www.charminly.com\/wp-content\/uploads\/2015\/09\/Gran-Trail-Courmayeur.jpg\" alt=\"Gran Trail Courmayeur\" width=\"1024\" height=\"576\" srcset=\"https:\/\/www.charminly.com\/wp-content\/uploads\/2015\/09\/Gran-Trail-Courmayeur.jpg 1024w, https:\/\/www.charminly.com\/wp-content\/uploads\/2015\/09\/Gran-Trail-Courmayeur-300x169.jpg 300w, https:\/\/www.charminly.com\/wp-content\/uploads\/2015\/09\/Gran-Trail-Courmayeur-768x432.jpg 768w, https:\/\/www.charminly.com\/wp-content\/uploads\/2015\/09\/Gran-Trail-Courmayeur-255x143.jpg 255w\" sizes=\"auto, (max-width: 1024px) 100vw, 1024px\" \/><p id=\"caption-attachment-8051\" class=\"wp-caption-text\">Gran Trail Courmayeur<\/p><\/div>\n<h3><strong>Gran Trail Courmayeur<\/strong><strong>\u00a0<\/strong><\/h3>\n<p>Per poter ammirare alcuni degli spettacolari panorami offerti da <strong>Courmayeur<\/strong>, in provincia di <strong>Aosta<\/strong>, e delle sue valli, i runners a luglio hanno a disposizione ben tre gare con diverse distanze. La pi\u00f9 breve \u00e8 di 30 chilometri, quella intermedia \u00e8 di sessanta chilometri, mentre quella pi\u00f9 lunga \u00e8 di ben novanta chilometri.<\/p>\n<h3><strong>La Toupie Gourmanda<\/strong><\/h3>\n<p>Un soggiorno incantevole presso la <strong><a href=\"https:\/\/www.charminly.com\/it\/properties\/la-jolie-bergere-it\/\" target=\"_blank\">La Jolie Bergere<\/a><\/strong>, che si trova in <strong>Frazione Planaval a La Salle<\/strong>, in<strong> Val d\u2019Aosta<\/strong>, in provincia di<strong> Aosta<\/strong>, consentir\u00e0 di poter immergersi nella magica atmosfera della <strong>T\u00f2upie Gourmanda<\/strong> che prende vita tra le tipiche casette in pietra e vigneti e con l\u2019incredibile panorama sul <strong>Monte Bianco<\/strong>.<\/p>\n<p>Un <strong>percorso a tappe<\/strong> godendo dei profumi e dei sapori di una terra molto speciale. Tra approfondimenti etnoculturali e animazioni, i numerosi partecipanti vengono divisi con una partenza scagliata per vivere una incredibile esperienza di circa tre ore.<\/p>\n<hr \/>\n<p>&nbsp;<\/p>\n<div class=\"article_container\"><h2 class=\"shortcode_title\">Charming home nelle vicinanze<\/h2><div class=\"listinglink-wrapper\">\n                           <a href=\"https:\/\/www.charminly.com\/listings\/relais-country-houses-en\/\"> <span class=\"wpresidence_button\"> more listings <\/span><\/a>\n                       <\/div><\/div>\n","protected":false},"excerpt":{"rendered":"<p>Un rilassante soggiorno presso La Jolie Bergere, lche si trova in Frazione Planaval a La Salle, in Val d\u2019Aosta, in provincia di Aosta,\u00a0vi permetter\u00e0 di apprezzare le competizione sportive e cantine aperte in Val d&#8217;Aosta. Cantine aperte L\u2019ultima domenica del mese di maggio si svolge, come da tradizione, la manifestazione Cantine Aperte, uno degli appuntamenti pi\u00f9 amati e promosso dal Movimento Turismo del Vino. &#8230;<\/p>\n","protected":false},"author":2,"featured_media":8053,"comment_status":"closed","ping_status":"closed","sticky":false,"template":"","format":"standard","meta":{"_acf_changed":false,"footnotes":""},"categories":[144],"tags":[836],"class_list":["post-8055","post","type-post","status-publish","format-standard","has-post-thumbnail","hentry","category-feste-tradizioni-arti-e-mestieri","tag-cosa-fare-in-valle-daosta"],"acf":[],"yoast_head":"<!-- This site is optimized with the Yoast SEO plugin v23.9 - https:\/\/yoast.com\/wordpress\/plugins\/seo\/ -->\n<title>Competizione sportive e cantine aperte in Val d&#039;Aosta<\/title>\n<meta name=\"description\" content=\"Un soggiorno presso La Jolie Bergere, a La Salle provincia di Aosta, vi permetter\u00e0 di apprezzare le competizione sportive e cantine aperte in Val d&#039;Aosta.\" \/>\n<meta name=\"robots\" content=\"index, follow, max-snippet:-1, max-image-preview:large, max-video-preview:-1\" \/>\n<link rel=\"canonical\" href=\"https:\/\/www.charminly.com\/it\/competizione-sportive-e-cantine-aperte-in-val-daosta\/\" \/>\n<meta property=\"og:locale\" content=\"it_IT\" \/>\n<meta property=\"og:type\" content=\"article\" \/>\n<meta property=\"og:title\" content=\"Competizione sportive e cantine aperte in Val d&#039;Aosta\" \/>\n<meta property=\"og:description\" content=\"Un soggiorno presso La Jolie Bergere, a La Salle provincia di Aosta, vi permetter\u00e0 di apprezzare le competizione sportive e cantine aperte in Val d&#039;Aosta.\" \/>\n<meta property=\"og:url\" content=\"https:\/\/www.charminly.com\/it\/competizione-sportive-e-cantine-aperte-in-val-daosta\/\" \/>\n<meta property=\"article:publisher\" content=\"https:\/\/www.facebook.com\/charminlyitalia\/\" \/>\n<meta property=\"article:published_time\" content=\"2015-09-24T13:48:40+00:00\" \/>\n<meta property=\"article:modified_time\" content=\"2016-12-02T13:45:17+00:00\" \/>\n<meta property=\"og:image\" content=\"https:\/\/www.charminly.com\/wp-content\/uploads\/2015\/09\/Gran-Trail-Courmayeur.jpg\" \/>\n\t<meta property=\"og:image:width\" content=\"1024\" \/>\n\t<meta property=\"og:image:height\" content=\"576\" \/>\n\t<meta property=\"og:image:type\" content=\"image\/jpeg\" \/>\n<meta name=\"author\" content=\"Charminly\" \/>\n<meta name=\"twitter:card\" content=\"summary_large_image\" \/>\n<meta name=\"twitter:creator\" content=\"@charminly_com\" \/>\n<meta name=\"twitter:site\" content=\"@charminly_com\" \/>\n<meta name=\"twitter:label1\" content=\"Scritto da\" \/>\n\t<meta name=\"twitter:data1\" content=\"Charminly\" \/>\n\t<meta name=\"twitter:label2\" content=\"Tempo di lettura stimato\" \/>\n\t<meta name=\"twitter:data2\" content=\"3 minuti\" \/>\n<script type=\"application\/ld+json\" class=\"yoast-schema-graph\">{\"@context\":\"https:\/\/schema.org\",\"@graph\":[{\"@type\":\"Article\",\"@id\":\"https:\/\/www.charminly.com\/it\/competizione-sportive-e-cantine-aperte-in-val-daosta\/#article\",\"isPartOf\":{\"@id\":\"https:\/\/www.charminly.com\/it\/competizione-sportive-e-cantine-aperte-in-val-daosta\/\"},\"author\":{\"name\":\"Charminly\",\"@id\":\"https:\/\/www.charminly.com\/it\/#\/schema\/person\/e6a536eb865d9dac6d1e730f53d5f367\"},\"headline\":\"Competizione sportive e cantine aperte in Val d&#8217;Aosta\",\"datePublished\":\"2015-09-24T13:48:40+00:00\",\"dateModified\":\"2016-12-02T13:45:17+00:00\",\"mainEntityOfPage\":{\"@id\":\"https:\/\/www.charminly.com\/it\/competizione-sportive-e-cantine-aperte-in-val-daosta\/\"},\"wordCount\":627,\"publisher\":{\"@id\":\"https:\/\/www.charminly.com\/it\/#organization\"},\"image\":{\"@id\":\"https:\/\/www.charminly.com\/it\/competizione-sportive-e-cantine-aperte-in-val-daosta\/#primaryimage\"},\"thumbnailUrl\":\"https:\/\/www.charminly.com\/wp-content\/uploads\/2015\/09\/Gran-Trail-Courmayeur.jpg\",\"keywords\":[\"Cosa fare in Valle d'Aosta\"],\"articleSection\":[\"Feste, tradizioni, arti e mestieri\"],\"inLanguage\":\"it-IT\"},{\"@type\":\"WebPage\",\"@id\":\"https:\/\/www.charminly.com\/it\/competizione-sportive-e-cantine-aperte-in-val-daosta\/\",\"url\":\"https:\/\/www.charminly.com\/it\/competizione-sportive-e-cantine-aperte-in-val-daosta\/\",\"name\":\"Competizione sportive e cantine aperte in Val d'Aosta\",\"isPartOf\":{\"@id\":\"https:\/\/www.charminly.com\/it\/#website\"},\"primaryImageOfPage\":{\"@id\":\"https:\/\/www.charminly.com\/it\/competizione-sportive-e-cantine-aperte-in-val-daosta\/#primaryimage\"},\"image\":{\"@id\":\"https:\/\/www.charminly.com\/it\/competizione-sportive-e-cantine-aperte-in-val-daosta\/#primaryimage\"},\"thumbnailUrl\":\"https:\/\/www.charminly.com\/wp-content\/uploads\/2015\/09\/Gran-Trail-Courmayeur.jpg\",\"datePublished\":\"2015-09-24T13:48:40+00:00\",\"dateModified\":\"2016-12-02T13:45:17+00:00\",\"description\":\"Un soggiorno presso La Jolie Bergere, a La Salle provincia di Aosta, vi permetter\u00e0 di apprezzare le competizione sportive e cantine aperte in Val d'Aosta.\",\"breadcrumb\":{\"@id\":\"https:\/\/www.charminly.com\/it\/competizione-sportive-e-cantine-aperte-in-val-daosta\/#breadcrumb\"},\"inLanguage\":\"it-IT\",\"potentialAction\":[{\"@type\":\"ReadAction\",\"target\":[\"https:\/\/www.charminly.com\/it\/competizione-sportive-e-cantine-aperte-in-val-daosta\/\"]}]},{\"@type\":\"ImageObject\",\"inLanguage\":\"it-IT\",\"@id\":\"https:\/\/www.charminly.com\/it\/competizione-sportive-e-cantine-aperte-in-val-daosta\/#primaryimage\",\"url\":\"https:\/\/www.charminly.com\/wp-content\/uploads\/2015\/09\/Gran-Trail-Courmayeur.jpg\",\"contentUrl\":\"https:\/\/www.charminly.com\/wp-content\/uploads\/2015\/09\/Gran-Trail-Courmayeur.jpg\",\"width\":1024,\"height\":576},{\"@type\":\"BreadcrumbList\",\"@id\":\"https:\/\/www.charminly.com\/it\/competizione-sportive-e-cantine-aperte-in-val-daosta\/#breadcrumb\",\"itemListElement\":[{\"@type\":\"ListItem\",\"position\":1,\"name\":\"Home\",\"item\":\"https:\/\/www.charminly.com\/it\/\"},{\"@type\":\"ListItem\",\"position\":2,\"name\":\"Cosa fare in Valle d'Aosta\",\"item\":\"https:\/\/www.charminly.com\/it\/tag\/cosa-fare-in-valle-daosta\/\"},{\"@type\":\"ListItem\",\"position\":3,\"name\":\"Competizione sportive e cantine aperte in Val d&#8217;Aosta\"}]},{\"@type\":\"WebSite\",\"@id\":\"https:\/\/www.charminly.com\/it\/#website\",\"url\":\"https:\/\/www.charminly.com\/it\/\",\"name\":\"\",\"description\":\"\",\"publisher\":{\"@id\":\"https:\/\/www.charminly.com\/it\/#organization\"},\"potentialAction\":[{\"@type\":\"SearchAction\",\"target\":{\"@type\":\"EntryPoint\",\"urlTemplate\":\"https:\/\/www.charminly.com\/it\/?s={search_term_string}\"},\"query-input\":{\"@type\":\"PropertyValueSpecification\",\"valueRequired\":true,\"valueName\":\"search_term_string\"}}],\"inLanguage\":\"it-IT\"},{\"@type\":\"Organization\",\"@id\":\"https:\/\/www.charminly.com\/it\/#organization\",\"name\":\"Charminly.com\",\"url\":\"https:\/\/www.charminly.com\/it\/\",\"logo\":{\"@type\":\"ImageObject\",\"inLanguage\":\"it-IT\",\"@id\":\"https:\/\/www.charminly.com\/it\/#\/schema\/logo\/image\/\",\"url\":\"https:\/\/www.charminly.com\/wp-content\/uploads\/2014\/10\/logo.png\",\"contentUrl\":\"https:\/\/www.charminly.com\/wp-content\/uploads\/2014\/10\/logo.png\",\"width\":264,\"height\":115,\"caption\":\"Charminly.com\"},\"image\":{\"@id\":\"https:\/\/www.charminly.com\/it\/#\/schema\/logo\/image\/\"},\"sameAs\":[\"https:\/\/www.facebook.com\/charminlyitalia\/\",\"https:\/\/x.com\/charminly_com\"]},{\"@type\":\"Person\",\"@id\":\"https:\/\/www.charminly.com\/it\/#\/schema\/person\/e6a536eb865d9dac6d1e730f53d5f367\",\"name\":\"Charminly\",\"image\":{\"@type\":\"ImageObject\",\"inLanguage\":\"it-IT\",\"@id\":\"https:\/\/www.charminly.com\/it\/#\/schema\/person\/image\/\",\"url\":\"https:\/\/secure.gravatar.com\/avatar\/ee564baea04b5bbffcbd57ac103bc7d1?s=96&d=mm&r=g\",\"contentUrl\":\"https:\/\/secure.gravatar.com\/avatar\/ee564baea04b5bbffcbd57ac103bc7d1?s=96&d=mm&r=g\",\"caption\":\"Charminly\"},\"url\":\"https:\/\/www.charminly.com\/it\/author\/charminly\/\"}]}<\/script>\n<!-- \/ Yoast SEO plugin. -->","yoast_head_json":{"title":"Competizione sportive e cantine aperte in Val d'Aosta","description":"Un soggiorno presso La Jolie Bergere, a La Salle provincia di Aosta, vi permetter\u00e0 di apprezzare le competizione sportive e cantine aperte in Val d'Aosta.","robots":{"index":"index","follow":"follow","max-snippet":"max-snippet:-1","max-image-preview":"max-image-preview:large","max-video-preview":"max-video-preview:-1"},"canonical":"https:\/\/www.charminly.com\/it\/competizione-sportive-e-cantine-aperte-in-val-daosta\/","og_locale":"it_IT","og_type":"article","og_title":"Competizione sportive e cantine aperte in Val d'Aosta","og_description":"Un soggiorno presso La Jolie Bergere, a La Salle provincia di Aosta, vi permetter\u00e0 di apprezzare le competizione sportive e cantine aperte in Val d'Aosta.","og_url":"https:\/\/www.charminly.com\/it\/competizione-sportive-e-cantine-aperte-in-val-daosta\/","article_publisher":"https:\/\/www.facebook.com\/charminlyitalia\/","article_published_time":"2015-09-24T13:48:40+00:00","article_modified_time":"2016-12-02T13:45:17+00:00","og_image":[{"width":1024,"height":576,"url":"https:\/\/www.charminly.com\/wp-content\/uploads\/2015\/09\/Gran-Trail-Courmayeur.jpg","type":"image\/jpeg"}],"author":"Charminly","twitter_card":"summary_large_image","twitter_creator":"@charminly_com","twitter_site":"@charminly_com","twitter_misc":{"Scritto da":"Charminly","Tempo di lettura stimato":"3 minuti"},"schema":{"@context":"https:\/\/schema.org","@graph":[{"@type":"Article","@id":"https:\/\/www.charminly.com\/it\/competizione-sportive-e-cantine-aperte-in-val-daosta\/#article","isPartOf":{"@id":"https:\/\/www.charminly.com\/it\/competizione-sportive-e-cantine-aperte-in-val-daosta\/"},"author":{"name":"Charminly","@id":"https:\/\/www.charminly.com\/it\/#\/schema\/person\/e6a536eb865d9dac6d1e730f53d5f367"},"headline":"Competizione sportive e cantine aperte in Val d&#8217;Aosta","datePublished":"2015-09-24T13:48:40+00:00","dateModified":"2016-12-02T13:45:17+00:00","mainEntityOfPage":{"@id":"https:\/\/www.charminly.com\/it\/competizione-sportive-e-cantine-aperte-in-val-daosta\/"},"wordCount":627,"publisher":{"@id":"https:\/\/www.charminly.com\/it\/#organization"},"image":{"@id":"https:\/\/www.charminly.com\/it\/competizione-sportive-e-cantine-aperte-in-val-daosta\/#primaryimage"},"thumbnailUrl":"https:\/\/www.charminly.com\/wp-content\/uploads\/2015\/09\/Gran-Trail-Courmayeur.jpg","keywords":["Cosa fare in Valle d'Aosta"],"articleSection":["Feste, tradizioni, arti e mestieri"],"inLanguage":"it-IT"},{"@type":"WebPage","@id":"https:\/\/www.charminly.com\/it\/competizione-sportive-e-cantine-aperte-in-val-daosta\/","url":"https:\/\/www.charminly.com\/it\/competizione-sportive-e-cantine-aperte-in-val-daosta\/","name":"Competizione sportive e cantine aperte in Val d'Aosta","isPartOf":{"@id":"https:\/\/www.charminly.com\/it\/#website"},"primaryImageOfPage":{"@id":"https:\/\/www.charminly.com\/it\/competizione-sportive-e-cantine-aperte-in-val-daosta\/#primaryimage"},"image":{"@id":"https:\/\/www.charminly.com\/it\/competizione-sportive-e-cantine-aperte-in-val-daosta\/#primaryimage"},"thumbnailUrl":"https:\/\/www.charminly.com\/wp-content\/uploads\/2015\/09\/Gran-Trail-Courmayeur.jpg","datePublished":"2015-09-24T13:48:40+00:00","dateModified":"2016-12-02T13:45:17+00:00","description":"Un soggiorno presso La Jolie Bergere, a La Salle provincia di Aosta, vi permetter\u00e0 di apprezzare le competizione sportive e cantine aperte in Val d'Aosta.","breadcrumb":{"@id":"https:\/\/www.charminly.com\/it\/competizione-sportive-e-cantine-aperte-in-val-daosta\/#breadcrumb"},"inLanguage":"it-IT","potentialAction":[{"@type":"ReadAction","target":["https:\/\/www.charminly.com\/it\/competizione-sportive-e-cantine-aperte-in-val-daosta\/"]}]},{"@type":"ImageObject","inLanguage":"it-IT","@id":"https:\/\/www.charminly.com\/it\/competizione-sportive-e-cantine-aperte-in-val-daosta\/#primaryimage","url":"https:\/\/www.charminly.com\/wp-content\/uploads\/2015\/09\/Gran-Trail-Courmayeur.jpg","contentUrl":"https:\/\/www.charminly.com\/wp-content\/uploads\/2015\/09\/Gran-Trail-Courmayeur.jpg","width":1024,"height":576},{"@type":"BreadcrumbList","@id":"https:\/\/www.charminly.com\/it\/competizione-sportive-e-cantine-aperte-in-val-daosta\/#breadcrumb","itemListElement":[{"@type":"ListItem","position":1,"name":"Home","item":"https:\/\/www.charminly.com\/it\/"},{"@type":"ListItem","position":2,"name":"Cosa fare in Valle d'Aosta","item":"https:\/\/www.charminly.com\/it\/tag\/cosa-fare-in-valle-daosta\/"},{"@type":"ListItem","position":3,"name":"Competizione sportive e cantine aperte in Val d&#8217;Aosta"}]},{"@type":"WebSite","@id":"https:\/\/www.charminly.com\/it\/#website","url":"https:\/\/www.charminly.com\/it\/","name":"","description":"","publisher":{"@id":"https:\/\/www.charminly.com\/it\/#organization"},"potentialAction":[{"@type":"SearchAction","target":{"@type":"EntryPoint","urlTemplate":"https:\/\/www.charminly.com\/it\/?s={search_term_string}"},"query-input":{"@type":"PropertyValueSpecification","valueRequired":true,"valueName":"search_term_string"}}],"inLanguage":"it-IT"},{"@type":"Organization","@id":"https:\/\/www.charminly.com\/it\/#organization","name":"Charminly.com","url":"https:\/\/www.charminly.com\/it\/","logo":{"@type":"ImageObject","inLanguage":"it-IT","@id":"https:\/\/www.charminly.com\/it\/#\/schema\/logo\/image\/","url":"https:\/\/www.charminly.com\/wp-content\/uploads\/2014\/10\/logo.png","contentUrl":"https:\/\/www.charminly.com\/wp-content\/uploads\/2014\/10\/logo.png","width":264,"height":115,"caption":"Charminly.com"},"image":{"@id":"https:\/\/www.charminly.com\/it\/#\/schema\/logo\/image\/"},"sameAs":["https:\/\/www.facebook.com\/charminlyitalia\/","https:\/\/x.com\/charminly_com"]},{"@type":"Person","@id":"https:\/\/www.charminly.com\/it\/#\/schema\/person\/e6a536eb865d9dac6d1e730f53d5f367","name":"Charminly","image":{"@type":"ImageObject","inLanguage":"it-IT","@id":"https:\/\/www.charminly.com\/it\/#\/schema\/person\/image\/","url":"https:\/\/secure.gravatar.com\/avatar\/ee564baea04b5bbffcbd57ac103bc7d1?s=96&d=mm&r=g","contentUrl":"https:\/\/secure.gravatar.com\/avatar\/ee564baea04b5bbffcbd57ac103bc7d1?s=96&d=mm&r=g","caption":"Charminly"},"url":"https:\/\/www.charminly.com\/it\/author\/charminly\/"}]}},"_links":{"self":[{"href":"https:\/\/www.charminly.com\/it\/wp-json\/wp\/v2\/posts\/8055","targetHints":{"allow":["GET"]}}],"collection":[{"href":"https:\/\/www.charminly.com\/it\/wp-json\/wp\/v2\/posts"}],"about":[{"href":"https:\/\/www.charminly.com\/it\/wp-json\/wp\/v2\/types\/post"}],"author":[{"embeddable":true,"href":"https:\/\/www.charminly.com\/it\/wp-json\/wp\/v2\/users\/2"}],"replies":[{"embeddable":true,"href":"https:\/\/www.charminly.com\/it\/wp-json\/wp\/v2\/comments?post=8055"}],"version-history":[{"count":0,"href":"https:\/\/www.charminly.com\/it\/wp-json\/wp\/v2\/posts\/8055\/revisions"}],"wp:featuredmedia":[{"embeddable":true,"href":"https:\/\/www.charminly.com\/it\/wp-json\/wp\/v2\/media\/8053"}],"wp:attachment":[{"href":"https:\/\/www.charminly.com\/it\/wp-json\/wp\/v2\/media?parent=8055"}],"wp:term":[{"taxonomy":"category","embeddable":true,"href":"https:\/\/www.charminly.com\/it\/wp-json\/wp\/v2\/categories?post=8055"},{"taxonomy":"post_tag","embeddable":true,"href":"https:\/\/www.charminly.com\/it\/wp-json\/wp\/v2\/tags?post=8055"}],"curies":[{"name":"wp","href":"https:\/\/api.w.org\/{rel}","templated":true}]}}