{"id":8004,"date":"2015-09-23T16:36:40","date_gmt":"2015-09-23T14:36:40","guid":{"rendered":"https:\/\/www.charminly.com\/?p=8004"},"modified":"2020-01-13T12:58:30","modified_gmt":"2020-01-13T11:58:30","slug":"feste-gare-sportive-e-tanto-altro-sul-lago-di-garda","status":"publish","type":"post","link":"https:\/\/www.charminly.com\/it\/feste-gare-sportive-e-tanto-altro-sul-lago-di-garda\/","title":{"rendered":"Feste, gare sportive e tanto altro sul Lago di Garda"},"content":{"rendered":"<p>Un rilassante soggiorno presso l&#8217;Agriturismo\u00a0<strong><a href=\"https:\/\/www.charminly.com\/it\/properties\/villa-bissiniga-it\/\" target=\"_blank\" rel=\"noopener noreferrer\">Villa Bissiniga<\/a><\/strong>,\u00a0che si trova a <strong>Sal\u00f2<\/strong>, in <strong>Lombardia<\/strong> in provincia di <strong>Brescia<\/strong>, vi permetter\u00e0 di apprezzare le feste, gare sportive e tanto altro sul <strong><a href=\"https:\/\/www.charminly.com\/it\/area\/lago-di-garda-lo-it\/\" target=\"_blank\" rel=\"noopener noreferrer\">Lago di Garda<\/a><\/strong>.<\/p>\n<h3><strong>La Fiera del Vino<\/strong><\/h3>\n<p>Divenuta oramai un irrinunciabile appuntamento, la <strong>Fiera del Vino<\/strong> viene ad essere giustamente considerata come una manifestazione in grado di valorizzare la qualit\u00e0 dei prodotti di origine autoctona.<\/p>\n<p>Il <strong>concorso enologico<\/strong>, istituito nel <strong>2006<\/strong>, \u00e8 sempre pi\u00f9 al centro del composito programma dedicato a quella che \u00e8 la <strong>produzione vinicola<\/strong> di questo stupendo territorio. La manifestazione si sviluppa, come da tradizione, nelle piazze e nelle contrade del medievale centro storico di <strong>Polpenazze<\/strong>, in provincia di <strong>Brescia<\/strong>, da dove si potr\u00e0 anche godere dell\u2019incantevole panorama del <strong>Lago di Garda<\/strong>.<\/p>\n<h3><strong>Garda Nordic Walking<\/strong><\/h3>\n<p>\u00c8 una camminata non competitiva, aperta a tutti, organizzata da <strong>Valle Sabbia<\/strong> e dal gruppo <strong>Nordic Walking Alto Garda Bresciano<\/strong>. Si potr\u00e0 scegliere di percorrere o quello da otto chilometri oppure quello da quattro.<\/p>\n<p>Una <strong>camminata in mezzo alla natura<\/strong>, un percorso pedonale che si snoda tra uliveti, vigneti, boschi, colline moreniche e localit\u00e0 storiche e culturali di vivo interesse. Per tutti gli iscritti vi \u00e8 poi il consueto ristoro finale a base di prodotti tipici locali con la possibilit\u00e0 di ammirare la bellezza del <strong>Lago di Garda<\/strong>.<\/p>\n<div id=\"attachment_8000\" style=\"width: 1034px\" class=\"wp-caption alignnone\"><img loading=\"lazy\" decoding=\"async\" aria-describedby=\"caption-attachment-8000\" class=\"wp-image-8000 size-full\" src=\"https:\/\/www.charminly.com\/wp-content\/uploads\/2015\/09\/notte-fondente-foto-gardapost_opt1.jpg\" alt=\"notte-fondente \" width=\"1024\" height=\"683\" srcset=\"https:\/\/www.charminly.com\/wp-content\/uploads\/2015\/09\/notte-fondente-foto-gardapost_opt1.jpg 1024w, https:\/\/www.charminly.com\/wp-content\/uploads\/2015\/09\/notte-fondente-foto-gardapost_opt1-300x200.jpg 300w, https:\/\/www.charminly.com\/wp-content\/uploads\/2015\/09\/notte-fondente-foto-gardapost_opt1-768x512.jpg 768w, https:\/\/www.charminly.com\/wp-content\/uploads\/2015\/09\/notte-fondente-foto-gardapost_opt1-105x70.jpg 105w\" sizes=\"auto, (max-width: 1024px) 100vw, 1024px\" \/><p id=\"caption-attachment-8000\" class=\"wp-caption-text\">Notte Fondente foto gardapost<\/p><\/div>\n<h3><strong>Notte Fondente<\/strong><\/h3>\n<p>La <strong>Notte Fondente<\/strong> \u00e8 un tradizionale <strong>cammino enogastronomico<\/strong> chiamato anche <strong>La passeggiata delle volutt\u00e0<\/strong>. In pratica sono quattro percorsi distinti per men\u00f9 ma uniti da un comune denominatore, cio\u00e8 il <strong>cacao<\/strong>.<\/p>\n<p>Nata nel <strong>2010<\/strong>, la manifestazione vede la partecipazione di ristoratori, pasticcieri e delle numerose aziende agricole presenti sul territorio, si vanno a sfidare nel creare menu completi nei quali il cacao \u00e8 l\u2019ingrediente principe.<\/p>\n<h3><strong>Notte di Fiaba<\/strong><\/h3>\n<p>A <strong>Riva del Garda<\/strong>, celebre localit\u00e0 che si affaccia sull\u2019omonimo lago e in provincia di <strong>Trento<\/strong>, l\u2019estate si conclude con allegria, grazie alla consueta <strong>Notte di Fiaba<\/strong>. Tra musica, giochi, danze e teatro, sia la cittadinanza cos\u00ec come i villeggianti sono coinvolti in questa poliedrica manifestazione, che vede il suo apice con lo <strong>spettacolo pirotecnico sul lago<\/strong>. Nata nel <strong>1950<\/strong>, oggi la Notte di fiaba \u00e8 entrata a pieno titolo nella tradizione.<\/p>\n<div id=\"attachment_7997\" style=\"width: 1034px\" class=\"wp-caption alignnone\"><img loading=\"lazy\" decoding=\"async\" aria-describedby=\"caption-attachment-7997\" class=\"wp-image-7997 size-full\" src=\"https:\/\/www.charminly.com\/wp-content\/uploads\/2015\/09\/Centomiglia-foto-farevela_opt1.jpg\" alt=\"La Centomiglia \" width=\"1024\" height=\"680\" srcset=\"https:\/\/www.charminly.com\/wp-content\/uploads\/2015\/09\/Centomiglia-foto-farevela_opt1.jpg 1024w, https:\/\/www.charminly.com\/wp-content\/uploads\/2015\/09\/Centomiglia-foto-farevela_opt1-300x199.jpg 300w, https:\/\/www.charminly.com\/wp-content\/uploads\/2015\/09\/Centomiglia-foto-farevela_opt1-768x510.jpg 768w, https:\/\/www.charminly.com\/wp-content\/uploads\/2015\/09\/Centomiglia-foto-farevela_opt1-105x70.jpg 105w\" sizes=\"auto, (max-width: 1024px) 100vw, 1024px\" \/><p id=\"caption-attachment-7997\" class=\"wp-caption-text\">La Centomiglia foto farevela<\/p><\/div>\n<h3><strong>Trofeo Gorla\u00a0<\/strong><strong>\u00a0<\/strong><\/h3>\n<p>Organizzata dal <strong>Circolo Vela Gargnano<\/strong> il <strong>Trofeo Gorla<\/strong> \u00e8 la regata con la quale si annuncia la mitica <strong>Centomiglia del Garda<\/strong>. Divenuta nel tempo sempre pi\u00f9 un appuntamento di rango, il Trofeo Gorla oggi vede la partecipazione di oltre <strong>duecento imbarcazioni<\/strong>.<\/p>\n<h3><strong>La Centomiglia \u00a0 \u00a0<\/strong><\/h3>\n<p>Organizzata dal <strong>Circolo Vela Gargnano<\/strong> il <strong>Trofeo Gorla<\/strong> \u00e8 la regata con la quale si annuncia la mitica <strong>Centomiglia del Garda<\/strong>. Divenuta nel tempo sempre pi\u00f9 un appuntamento di rango, il Trofeo Gorla oggi vede la partecipazione di oltre <strong>duecento imbarcazioni<\/strong>.<\/p>\n<h3><strong>Festa delle Rive<\/strong><\/h3>\n<p>Approfittando di una esclusiva vacanza presso la <strong><a href=\"https:\/\/www.charminly.com\/it\/properties\/villa-bissiniga-it\/\" target=\"_blank\" rel=\"noopener noreferrer\">Villa Bissiniga<\/a><\/strong>, che si trova a <strong>Sal\u00f2<\/strong>, in <strong>Lombardia<\/strong> in provincia di <strong>Brescia<\/strong>, si avr\u00e0 modo di poter prendere parte ad alcune delle pi\u00f9 belle e interessanti feste in Lombardia come la coinvolgente <strong>Festa delle Rive<\/strong> a <strong>Sal\u00f2<\/strong>, in provincia di <strong>Brescia<\/strong> sulle rive del <strong>Lago di Garda<\/strong>.<\/p>\n<p>\u00c8 una tipica manifestazione nella quale si potranno vivere momenti di vario genere. Dalla riflessione religiosa, al divertimento e all\u2019allegria, quindi, una dinamica e <strong>poliedrica kermesse<\/strong> ove si trovano anche interessanti spunti folcloristici e di svago. Di particolare interesse \u00e8 poi la presentazione dei tipici <strong>prodotti enogastronomici<\/strong>, ove spiccano i cibi della zona.<\/p>\n<hr \/>\n<div class=\"article_container\"><h2 class=\"shortcode_title\">Charming home nelle vicinanze<\/h2><div class=\"listinglink-wrapper\">\n                           <a href=\"https:\/\/www.charminly.com\/listings\/relais-country-houses-en\/\"> <span class=\"wpresidence_button\"> more listings <\/span><\/a>\n                       <\/div><\/div>\n","protected":false},"excerpt":{"rendered":"<p>Un rilassante soggiorno presso l&#8217;Agriturismo\u00a0Villa Bissiniga,\u00a0che si trova a Sal\u00f2, in Lombardia in provincia di Brescia, vi permetter\u00e0 di apprezzare le feste, gare sportive e tanto altro sul Lago di Garda. La Fiera del Vino Divenuta oramai un irrinunciabile appuntamento, la Fiera del Vino viene ad essere giustamente considerata come una manifestazione in grado di valorizzare la qualit\u00e0 dei prodotti di origine autoctona. Il &#8230;<\/p>\n","protected":false},"author":2,"featured_media":7999,"comment_status":"closed","ping_status":"closed","sticky":false,"template":"","format":"standard","meta":{"_acf_changed":false,"footnotes":""},"categories":[144],"tags":[625],"class_list":["post-8004","post","type-post","status-publish","format-standard","has-post-thumbnail","hentry","category-feste-tradizioni-arti-e-mestieri","tag-cosa-fare-in-lombardia"],"acf":[],"yoast_head":"<!-- This site is optimized with the Yoast SEO plugin v23.9 - https:\/\/yoast.com\/wordpress\/plugins\/seo\/ -->\n<title>Feste, gare sportive e tanto altro sul Lago di Garda<\/title>\n<meta name=\"description\" content=\"Un soggiorno presso l&#039;Agriturismo Villa Bissiniga, a Sal\u00f2, in Lombardia, vi permetter\u00e0 di apprezzare le feste, gare sportive e tanto altro sul Lago di Garda\" \/>\n<meta name=\"robots\" content=\"index, follow, max-snippet:-1, max-image-preview:large, max-video-preview:-1\" \/>\n<link rel=\"canonical\" href=\"https:\/\/www.charminly.com\/it\/feste-gare-sportive-e-tanto-altro-sul-lago-di-garda\/\" \/>\n<meta property=\"og:locale\" content=\"it_IT\" \/>\n<meta property=\"og:type\" content=\"article\" \/>\n<meta property=\"og:title\" content=\"Feste, gare sportive e tanto altro sul Lago di Garda\" \/>\n<meta property=\"og:description\" content=\"Un soggiorno presso l&#039;Agriturismo Villa Bissiniga, a Sal\u00f2, in Lombardia, vi permetter\u00e0 di apprezzare le feste, gare sportive e tanto altro sul Lago di Garda\" \/>\n<meta property=\"og:url\" content=\"https:\/\/www.charminly.com\/it\/feste-gare-sportive-e-tanto-altro-sul-lago-di-garda\/\" \/>\n<meta property=\"article:publisher\" content=\"https:\/\/www.facebook.com\/charminlyitalia\/\" \/>\n<meta property=\"article:published_time\" content=\"2015-09-23T14:36:40+00:00\" \/>\n<meta property=\"article:modified_time\" content=\"2020-01-13T11:58:30+00:00\" \/>\n<meta property=\"og:image\" content=\"https:\/\/www.charminly.com\/wp-content\/uploads\/2015\/09\/Centomiglia-foto-farevela_opt1.jpg\" \/>\n\t<meta property=\"og:image:width\" content=\"1024\" \/>\n\t<meta property=\"og:image:height\" content=\"680\" \/>\n\t<meta property=\"og:image:type\" content=\"image\/jpeg\" \/>\n<meta name=\"author\" content=\"Charminly\" \/>\n<meta name=\"twitter:card\" content=\"summary_large_image\" \/>\n<meta name=\"twitter:creator\" content=\"@charminly_com\" \/>\n<meta name=\"twitter:site\" content=\"@charminly_com\" \/>\n<meta name=\"twitter:label1\" content=\"Scritto da\" \/>\n\t<meta name=\"twitter:data1\" content=\"Charminly\" \/>\n\t<meta name=\"twitter:label2\" content=\"Tempo di lettura stimato\" \/>\n\t<meta name=\"twitter:data2\" content=\"3 minuti\" \/>\n<script type=\"application\/ld+json\" class=\"yoast-schema-graph\">{\"@context\":\"https:\/\/schema.org\",\"@graph\":[{\"@type\":\"Article\",\"@id\":\"https:\/\/www.charminly.com\/it\/feste-gare-sportive-e-tanto-altro-sul-lago-di-garda\/#article\",\"isPartOf\":{\"@id\":\"https:\/\/www.charminly.com\/it\/feste-gare-sportive-e-tanto-altro-sul-lago-di-garda\/\"},\"author\":{\"name\":\"Charminly\",\"@id\":\"https:\/\/www.charminly.com\/it\/#\/schema\/person\/e6a536eb865d9dac6d1e730f53d5f367\"},\"headline\":\"Feste, gare sportive e tanto altro sul Lago di Garda\",\"datePublished\":\"2015-09-23T14:36:40+00:00\",\"dateModified\":\"2020-01-13T11:58:30+00:00\",\"mainEntityOfPage\":{\"@id\":\"https:\/\/www.charminly.com\/it\/feste-gare-sportive-e-tanto-altro-sul-lago-di-garda\/\"},\"wordCount\":605,\"publisher\":{\"@id\":\"https:\/\/www.charminly.com\/it\/#organization\"},\"image\":{\"@id\":\"https:\/\/www.charminly.com\/it\/feste-gare-sportive-e-tanto-altro-sul-lago-di-garda\/#primaryimage\"},\"thumbnailUrl\":\"https:\/\/www.charminly.com\/wp-content\/uploads\/2015\/09\/Centomiglia-foto-farevela_opt1.jpg\",\"keywords\":[\"Cosa fare in Lombardia\"],\"articleSection\":[\"Feste, tradizioni, arti e mestieri\"],\"inLanguage\":\"it-IT\"},{\"@type\":\"WebPage\",\"@id\":\"https:\/\/www.charminly.com\/it\/feste-gare-sportive-e-tanto-altro-sul-lago-di-garda\/\",\"url\":\"https:\/\/www.charminly.com\/it\/feste-gare-sportive-e-tanto-altro-sul-lago-di-garda\/\",\"name\":\"Feste, gare sportive e tanto altro sul Lago di Garda\",\"isPartOf\":{\"@id\":\"https:\/\/www.charminly.com\/it\/#website\"},\"primaryImageOfPage\":{\"@id\":\"https:\/\/www.charminly.com\/it\/feste-gare-sportive-e-tanto-altro-sul-lago-di-garda\/#primaryimage\"},\"image\":{\"@id\":\"https:\/\/www.charminly.com\/it\/feste-gare-sportive-e-tanto-altro-sul-lago-di-garda\/#primaryimage\"},\"thumbnailUrl\":\"https:\/\/www.charminly.com\/wp-content\/uploads\/2015\/09\/Centomiglia-foto-farevela_opt1.jpg\",\"datePublished\":\"2015-09-23T14:36:40+00:00\",\"dateModified\":\"2020-01-13T11:58:30+00:00\",\"description\":\"Un soggiorno presso l'Agriturismo Villa Bissiniga, a Sal\u00f2, in Lombardia, vi permetter\u00e0 di apprezzare le feste, gare sportive e tanto altro sul Lago di Garda\",\"breadcrumb\":{\"@id\":\"https:\/\/www.charminly.com\/it\/feste-gare-sportive-e-tanto-altro-sul-lago-di-garda\/#breadcrumb\"},\"inLanguage\":\"it-IT\",\"potentialAction\":[{\"@type\":\"ReadAction\",\"target\":[\"https:\/\/www.charminly.com\/it\/feste-gare-sportive-e-tanto-altro-sul-lago-di-garda\/\"]}]},{\"@type\":\"ImageObject\",\"inLanguage\":\"it-IT\",\"@id\":\"https:\/\/www.charminly.com\/it\/feste-gare-sportive-e-tanto-altro-sul-lago-di-garda\/#primaryimage\",\"url\":\"https:\/\/www.charminly.com\/wp-content\/uploads\/2015\/09\/Centomiglia-foto-farevela_opt1.jpg\",\"contentUrl\":\"https:\/\/www.charminly.com\/wp-content\/uploads\/2015\/09\/Centomiglia-foto-farevela_opt1.jpg\",\"width\":1024,\"height\":680,\"caption\":\"SPORT VELA 62 CENTOMIGLIA NELLA FOTO PARTENZA 08-09-2012 WWW.GARDAHD.IT DOMINI\"},{\"@type\":\"BreadcrumbList\",\"@id\":\"https:\/\/www.charminly.com\/it\/feste-gare-sportive-e-tanto-altro-sul-lago-di-garda\/#breadcrumb\",\"itemListElement\":[{\"@type\":\"ListItem\",\"position\":1,\"name\":\"Home\",\"item\":\"https:\/\/www.charminly.com\/it\/\"},{\"@type\":\"ListItem\",\"position\":2,\"name\":\"Cosa fare in Lombardia\",\"item\":\"https:\/\/www.charminly.com\/it\/tag\/cosa-fare-in-lombardia\/\"},{\"@type\":\"ListItem\",\"position\":3,\"name\":\"Feste, gare sportive e tanto altro sul Lago di Garda\"}]},{\"@type\":\"WebSite\",\"@id\":\"https:\/\/www.charminly.com\/it\/#website\",\"url\":\"https:\/\/www.charminly.com\/it\/\",\"name\":\"\",\"description\":\"\",\"publisher\":{\"@id\":\"https:\/\/www.charminly.com\/it\/#organization\"},\"potentialAction\":[{\"@type\":\"SearchAction\",\"target\":{\"@type\":\"EntryPoint\",\"urlTemplate\":\"https:\/\/www.charminly.com\/it\/?s={search_term_string}\"},\"query-input\":{\"@type\":\"PropertyValueSpecification\",\"valueRequired\":true,\"valueName\":\"search_term_string\"}}],\"inLanguage\":\"it-IT\"},{\"@type\":\"Organization\",\"@id\":\"https:\/\/www.charminly.com\/it\/#organization\",\"name\":\"Charminly.com\",\"url\":\"https:\/\/www.charminly.com\/it\/\",\"logo\":{\"@type\":\"ImageObject\",\"inLanguage\":\"it-IT\",\"@id\":\"https:\/\/www.charminly.com\/it\/#\/schema\/logo\/image\/\",\"url\":\"https:\/\/www.charminly.com\/wp-content\/uploads\/2014\/10\/logo.png\",\"contentUrl\":\"https:\/\/www.charminly.com\/wp-content\/uploads\/2014\/10\/logo.png\",\"width\":264,\"height\":115,\"caption\":\"Charminly.com\"},\"image\":{\"@id\":\"https:\/\/www.charminly.com\/it\/#\/schema\/logo\/image\/\"},\"sameAs\":[\"https:\/\/www.facebook.com\/charminlyitalia\/\",\"https:\/\/x.com\/charminly_com\"]},{\"@type\":\"Person\",\"@id\":\"https:\/\/www.charminly.com\/it\/#\/schema\/person\/e6a536eb865d9dac6d1e730f53d5f367\",\"name\":\"Charminly\",\"image\":{\"@type\":\"ImageObject\",\"inLanguage\":\"it-IT\",\"@id\":\"https:\/\/www.charminly.com\/it\/#\/schema\/person\/image\/\",\"url\":\"https:\/\/secure.gravatar.com\/avatar\/ee564baea04b5bbffcbd57ac103bc7d1?s=96&d=mm&r=g\",\"contentUrl\":\"https:\/\/secure.gravatar.com\/avatar\/ee564baea04b5bbffcbd57ac103bc7d1?s=96&d=mm&r=g\",\"caption\":\"Charminly\"},\"url\":\"https:\/\/www.charminly.com\/it\/author\/charminly\/\"}]}<\/script>\n<!-- \/ Yoast SEO plugin. -->","yoast_head_json":{"title":"Feste, gare sportive e tanto altro sul Lago di Garda","description":"Un soggiorno presso l'Agriturismo Villa Bissiniga, a Sal\u00f2, in Lombardia, vi permetter\u00e0 di apprezzare le feste, gare sportive e tanto altro sul Lago di Garda","robots":{"index":"index","follow":"follow","max-snippet":"max-snippet:-1","max-image-preview":"max-image-preview:large","max-video-preview":"max-video-preview:-1"},"canonical":"https:\/\/www.charminly.com\/it\/feste-gare-sportive-e-tanto-altro-sul-lago-di-garda\/","og_locale":"it_IT","og_type":"article","og_title":"Feste, gare sportive e tanto altro sul Lago di Garda","og_description":"Un soggiorno presso l'Agriturismo Villa Bissiniga, a Sal\u00f2, in Lombardia, vi permetter\u00e0 di apprezzare le feste, gare sportive e tanto altro sul Lago di Garda","og_url":"https:\/\/www.charminly.com\/it\/feste-gare-sportive-e-tanto-altro-sul-lago-di-garda\/","article_publisher":"https:\/\/www.facebook.com\/charminlyitalia\/","article_published_time":"2015-09-23T14:36:40+00:00","article_modified_time":"2020-01-13T11:58:30+00:00","og_image":[{"width":1024,"height":680,"url":"https:\/\/www.charminly.com\/wp-content\/uploads\/2015\/09\/Centomiglia-foto-farevela_opt1.jpg","type":"image\/jpeg"}],"author":"Charminly","twitter_card":"summary_large_image","twitter_creator":"@charminly_com","twitter_site":"@charminly_com","twitter_misc":{"Scritto da":"Charminly","Tempo di lettura stimato":"3 minuti"},"schema":{"@context":"https:\/\/schema.org","@graph":[{"@type":"Article","@id":"https:\/\/www.charminly.com\/it\/feste-gare-sportive-e-tanto-altro-sul-lago-di-garda\/#article","isPartOf":{"@id":"https:\/\/www.charminly.com\/it\/feste-gare-sportive-e-tanto-altro-sul-lago-di-garda\/"},"author":{"name":"Charminly","@id":"https:\/\/www.charminly.com\/it\/#\/schema\/person\/e6a536eb865d9dac6d1e730f53d5f367"},"headline":"Feste, gare sportive e tanto altro sul Lago di Garda","datePublished":"2015-09-23T14:36:40+00:00","dateModified":"2020-01-13T11:58:30+00:00","mainEntityOfPage":{"@id":"https:\/\/www.charminly.com\/it\/feste-gare-sportive-e-tanto-altro-sul-lago-di-garda\/"},"wordCount":605,"publisher":{"@id":"https:\/\/www.charminly.com\/it\/#organization"},"image":{"@id":"https:\/\/www.charminly.com\/it\/feste-gare-sportive-e-tanto-altro-sul-lago-di-garda\/#primaryimage"},"thumbnailUrl":"https:\/\/www.charminly.com\/wp-content\/uploads\/2015\/09\/Centomiglia-foto-farevela_opt1.jpg","keywords":["Cosa fare in Lombardia"],"articleSection":["Feste, tradizioni, arti e mestieri"],"inLanguage":"it-IT"},{"@type":"WebPage","@id":"https:\/\/www.charminly.com\/it\/feste-gare-sportive-e-tanto-altro-sul-lago-di-garda\/","url":"https:\/\/www.charminly.com\/it\/feste-gare-sportive-e-tanto-altro-sul-lago-di-garda\/","name":"Feste, gare sportive e tanto altro sul Lago di Garda","isPartOf":{"@id":"https:\/\/www.charminly.com\/it\/#website"},"primaryImageOfPage":{"@id":"https:\/\/www.charminly.com\/it\/feste-gare-sportive-e-tanto-altro-sul-lago-di-garda\/#primaryimage"},"image":{"@id":"https:\/\/www.charminly.com\/it\/feste-gare-sportive-e-tanto-altro-sul-lago-di-garda\/#primaryimage"},"thumbnailUrl":"https:\/\/www.charminly.com\/wp-content\/uploads\/2015\/09\/Centomiglia-foto-farevela_opt1.jpg","datePublished":"2015-09-23T14:36:40+00:00","dateModified":"2020-01-13T11:58:30+00:00","description":"Un soggiorno presso l'Agriturismo Villa Bissiniga, a Sal\u00f2, in Lombardia, vi permetter\u00e0 di apprezzare le feste, gare sportive e tanto altro sul Lago di Garda","breadcrumb":{"@id":"https:\/\/www.charminly.com\/it\/feste-gare-sportive-e-tanto-altro-sul-lago-di-garda\/#breadcrumb"},"inLanguage":"it-IT","potentialAction":[{"@type":"ReadAction","target":["https:\/\/www.charminly.com\/it\/feste-gare-sportive-e-tanto-altro-sul-lago-di-garda\/"]}]},{"@type":"ImageObject","inLanguage":"it-IT","@id":"https:\/\/www.charminly.com\/it\/feste-gare-sportive-e-tanto-altro-sul-lago-di-garda\/#primaryimage","url":"https:\/\/www.charminly.com\/wp-content\/uploads\/2015\/09\/Centomiglia-foto-farevela_opt1.jpg","contentUrl":"https:\/\/www.charminly.com\/wp-content\/uploads\/2015\/09\/Centomiglia-foto-farevela_opt1.jpg","width":1024,"height":680,"caption":"SPORT VELA 62 CENTOMIGLIA NELLA FOTO PARTENZA 08-09-2012 WWW.GARDAHD.IT DOMINI"},{"@type":"BreadcrumbList","@id":"https:\/\/www.charminly.com\/it\/feste-gare-sportive-e-tanto-altro-sul-lago-di-garda\/#breadcrumb","itemListElement":[{"@type":"ListItem","position":1,"name":"Home","item":"https:\/\/www.charminly.com\/it\/"},{"@type":"ListItem","position":2,"name":"Cosa fare in Lombardia","item":"https:\/\/www.charminly.com\/it\/tag\/cosa-fare-in-lombardia\/"},{"@type":"ListItem","position":3,"name":"Feste, gare sportive e tanto altro sul Lago di Garda"}]},{"@type":"WebSite","@id":"https:\/\/www.charminly.com\/it\/#website","url":"https:\/\/www.charminly.com\/it\/","name":"","description":"","publisher":{"@id":"https:\/\/www.charminly.com\/it\/#organization"},"potentialAction":[{"@type":"SearchAction","target":{"@type":"EntryPoint","urlTemplate":"https:\/\/www.charminly.com\/it\/?s={search_term_string}"},"query-input":{"@type":"PropertyValueSpecification","valueRequired":true,"valueName":"search_term_string"}}],"inLanguage":"it-IT"},{"@type":"Organization","@id":"https:\/\/www.charminly.com\/it\/#organization","name":"Charminly.com","url":"https:\/\/www.charminly.com\/it\/","logo":{"@type":"ImageObject","inLanguage":"it-IT","@id":"https:\/\/www.charminly.com\/it\/#\/schema\/logo\/image\/","url":"https:\/\/www.charminly.com\/wp-content\/uploads\/2014\/10\/logo.png","contentUrl":"https:\/\/www.charminly.com\/wp-content\/uploads\/2014\/10\/logo.png","width":264,"height":115,"caption":"Charminly.com"},"image":{"@id":"https:\/\/www.charminly.com\/it\/#\/schema\/logo\/image\/"},"sameAs":["https:\/\/www.facebook.com\/charminlyitalia\/","https:\/\/x.com\/charminly_com"]},{"@type":"Person","@id":"https:\/\/www.charminly.com\/it\/#\/schema\/person\/e6a536eb865d9dac6d1e730f53d5f367","name":"Charminly","image":{"@type":"ImageObject","inLanguage":"it-IT","@id":"https:\/\/www.charminly.com\/it\/#\/schema\/person\/image\/","url":"https:\/\/secure.gravatar.com\/avatar\/ee564baea04b5bbffcbd57ac103bc7d1?s=96&d=mm&r=g","contentUrl":"https:\/\/secure.gravatar.com\/avatar\/ee564baea04b5bbffcbd57ac103bc7d1?s=96&d=mm&r=g","caption":"Charminly"},"url":"https:\/\/www.charminly.com\/it\/author\/charminly\/"}]}},"_links":{"self":[{"href":"https:\/\/www.charminly.com\/it\/wp-json\/wp\/v2\/posts\/8004","targetHints":{"allow":["GET"]}}],"collection":[{"href":"https:\/\/www.charminly.com\/it\/wp-json\/wp\/v2\/posts"}],"about":[{"href":"https:\/\/www.charminly.com\/it\/wp-json\/wp\/v2\/types\/post"}],"author":[{"embeddable":true,"href":"https:\/\/www.charminly.com\/it\/wp-json\/wp\/v2\/users\/2"}],"replies":[{"embeddable":true,"href":"https:\/\/www.charminly.com\/it\/wp-json\/wp\/v2\/comments?post=8004"}],"version-history":[{"count":0,"href":"https:\/\/www.charminly.com\/it\/wp-json\/wp\/v2\/posts\/8004\/revisions"}],"wp:featuredmedia":[{"embeddable":true,"href":"https:\/\/www.charminly.com\/it\/wp-json\/wp\/v2\/media\/7999"}],"wp:attachment":[{"href":"https:\/\/www.charminly.com\/it\/wp-json\/wp\/v2\/media?parent=8004"}],"wp:term":[{"taxonomy":"category","embeddable":true,"href":"https:\/\/www.charminly.com\/it\/wp-json\/wp\/v2\/categories?post=8004"},{"taxonomy":"post_tag","embeddable":true,"href":"https:\/\/www.charminly.com\/it\/wp-json\/wp\/v2\/tags?post=8004"}],"curies":[{"name":"wp","href":"https:\/\/api.w.org\/{rel}","templated":true}]}}