{"id":7906,"date":"2015-09-17T12:28:12","date_gmt":"2015-09-17T10:28:12","guid":{"rendered":"https:\/\/www.charminly.com\/?p=7906"},"modified":"2016-10-18T10:59:06","modified_gmt":"2016-10-18T08:59:06","slug":"le-feste-e-gli-eventi-nelle-langhe","status":"publish","type":"post","link":"https:\/\/www.charminly.com\/it\/le-feste-e-gli-eventi-nelle-langhe\/","title":{"rendered":"Le feste e gli eventi nelle Langhe"},"content":{"rendered":"<h3><strong>Torneo Dell\u2019Antica Rotonda<\/strong><\/h3>\n<p>Ad aprile il gruppo sbandieratori e musici del <strong>Borgo San Pietro<\/strong>, in provincia di <strong>Torino<\/strong>, in collaborazione con la FISB, la Federazione Italiana Sbandieratori e con il patrocinio del Comune di Asti, organizza il <strong>Torneo dell\u2019Antica Rotonda<\/strong>. Questo evento \u00e8 dedicato al <strong>Battistero di San Pietro<\/strong>, il pregiato gioiello architettonico sia del <strong>Borgo<\/strong> cos\u00ec come di <strong>Asti<\/strong>.<\/p>\n<div id=\"attachment_7902\" style=\"width: 1034px\" class=\"wp-caption alignnone\"><img loading=\"lazy\" decoding=\"async\" aria-describedby=\"caption-attachment-7902\" class=\"wp-image-7902 size-full\" src=\"https:\/\/www.charminly.com\/wp-content\/uploads\/2015\/09\/Esibizioni_TerreSabaude-FILEminimizer_opt_opt.jpg\" alt=\"Torneo Dell\u2019Antica Rotonda\" width=\"1024\" height=\"673\" srcset=\"https:\/\/www.charminly.com\/wp-content\/uploads\/2015\/09\/Esibizioni_TerreSabaude-FILEminimizer_opt_opt.jpg 1024w, https:\/\/www.charminly.com\/wp-content\/uploads\/2015\/09\/Esibizioni_TerreSabaude-FILEminimizer_opt_opt-300x197.jpg 300w, https:\/\/www.charminly.com\/wp-content\/uploads\/2015\/09\/Esibizioni_TerreSabaude-FILEminimizer_opt_opt-768x505.jpg 768w, https:\/\/www.charminly.com\/wp-content\/uploads\/2015\/09\/Esibizioni_TerreSabaude-FILEminimizer_opt_opt-105x70.jpg 105w\" sizes=\"auto, (max-width: 1024px) 100vw, 1024px\" \/><p id=\"caption-attachment-7902\" class=\"wp-caption-text\">Torneo Dell\u2019Antica Rotonda<\/p><\/div>\n<h3><strong>Vinum<\/strong><\/h3>\n<p>On the 25<sup>th<\/sup> and 26<sup>th<\/sup> of April and from the 1<sup>st<\/sup> to 4<sup>th<\/sup> of May, <strong>Vinum<\/strong> takes place, a traditional market exhibition regarding the fields of <strong>farming<\/strong> and <strong>oenology<\/strong>. The event, nationally renowned, takes place in <strong>Alba<\/strong>, in the District of <strong>Cuneo<\/strong>, in the <strong>Shows and Conventions Palace<\/strong>.<\/p>\n<h3><strong>Street Food Ed Langa<\/strong><\/h3>\n<p>In una zona nella quale la tradizione gastronomica ricopre un ruolo d\u2019eccezione, lo <strong>Street food ed langa<\/strong>, letteralmente <strong>cibo di strada di Langa<\/strong>, ne raffigura la pi\u00f9 alta espressione. L\u2019utilizzazione di eccezionali materie prime e il fatto che si viene ad essere serviti tramite l\u2019utilizzo di <strong>monoporzioni<\/strong>, consentono di poter di assaporare le <strong>gal\u00fcperie<\/strong> di questa terra, gironzolando per la citt\u00e0 e sorbendo un calice di vino.<\/p>\n<p>La filosofia che unisce i <strong>Borghi di Alba<\/strong> che hanno aderito alla <strong>Giostra delle Cento Torri<\/strong>, \u00e8 che il cosiddetto cibo da strada, debba venire cucinato traendo ispirazione da una ricetta che deve essere tradizionale. Lo <strong>Street food ed langa<\/strong>, quindi, si diletter\u00e0, nelle piazze ospitanti i padiglioni di <strong>Vinum<\/strong>, a proporre conetti e cartocci pronti da assaporare.<\/p>\n<h3><strong>Fiera di Primavera &#8211; Priocca<\/strong><\/h3>\n<p>Ai primi di maggio si tiene nel <strong>Concentrico di Priocca<\/strong>, in provincia di <strong>Cuneo<\/strong>, la tradizionale <strong>Fiera di Primavera \u2013 Sagra del Vino nuovo<\/strong>, che \u00e8 una mostra mercato riguardante i settori dell\u2019artigianato e dell\u2019agricoltura.<\/p>\n<h3><strong>Alba Music Festival<\/strong><\/h3>\n<p><strong>Alba Music Festival <\/strong>germoglia dal felice rapporto tra la citt\u00e0 di <strong>Alba<\/strong>, in provincia di <strong>Cuneo<\/strong> ed il <strong>St. Mary\u2019s College of Maryland<\/strong> che si trova negli Stati Uniti d\u2019America.<\/p>\n<p>Alba Music Festival \u00e8 ideato e diretto da <strong>Giuseppe Nova<\/strong>, <strong>Larry Vote<\/strong> e <strong>Jeff Silberschlag<\/strong>, degli artisti che offrono il loro back-ground particolarmente ricco in campo internazionale, per la sviluppo di questa sorprendente festa della musica. La magia della musica \u00e8 il fascino dei luoghi, vedono come protagonisti <strong>artisti<\/strong> <strong>internazionali<\/strong> che richiamano ad ogni edizione un vasto e folto pubblico.<\/p>\n<p>Un percorso spettacolare ed emozionante, attraverso i luoghi pi\u00f9 prestigiosi di Alba, per arrivare ai numerosi maestosi Castelli, alle Chiese come pure agli angoli maggiormente suggestivi di un incredibile territorio.<\/p>\n<p><strong>Concerti gratuiti e pubblici<\/strong>, solisti internazionali, recital, orchestre e musicisti provenienti da tutto mondo e oltre cento allievi. L\u2019Alba Music Festival \u00e8 certamente un fermento culturale che nasce e si sviluppa proprio attraverso l\u2019incontro della cultura europea con quella proveniente dal Nuovo Mondo.<\/p>\n<div id=\"attachment_7901\" style=\"width: 1034px\" class=\"wp-caption alignnone\"><img loading=\"lazy\" decoding=\"async\" aria-describedby=\"caption-attachment-7901\" class=\"wp-image-7901 size-full\" src=\"https:\/\/www.charminly.com\/wp-content\/uploads\/2015\/09\/alba-palio-asini-foto-gazzettadalba_opt_opt.jpg\" alt=\"alba-palio-asini \" width=\"1024\" height=\"687\" srcset=\"https:\/\/www.charminly.com\/wp-content\/uploads\/2015\/09\/alba-palio-asini-foto-gazzettadalba_opt_opt.jpg 1024w, https:\/\/www.charminly.com\/wp-content\/uploads\/2015\/09\/alba-palio-asini-foto-gazzettadalba_opt_opt-300x201.jpg 300w, https:\/\/www.charminly.com\/wp-content\/uploads\/2015\/09\/alba-palio-asini-foto-gazzettadalba_opt_opt-105x70.jpg 105w\" sizes=\"auto, (max-width: 1024px) 100vw, 1024px\" \/><p id=\"caption-attachment-7901\" class=\"wp-caption-text\">Palio degli Asini Alba<\/p><\/div>\n<h3><strong>Palio degli Asini Alba<\/strong><\/h3>\n<p><strong>Palio degli Asini <\/strong>\u00e8 una tradizionale sfida che risale al 1275, quando erano in guerra <strong>Alba<\/strong> ed <strong>Asti<\/strong>. Gli Astigiani in segno di vittoria sulla storica rivale, corsero un palio proprio sotto le mura di Alba. A loro volta gli Albesi decisero all\u2019interno delle loro mura di svolgere un palio, ove al posto dei cavalli correvano gli asini.<\/p>\n<p>In una piazza <strong>Osvaldo Cagnasso<\/strong>, appositamente imbandierata a festa, la prima domenica di <strong>ottobre<\/strong>, si celebra la rievocazione dell\u2019episodio. Si contendono il Palio i sette asini delle borgate. La maestosa sfilata storica con oltre mille figuranti, d\u00e0 il via alla giornata.<\/p>\n<p>Nello stesso modo coreografico \u00e8 anche la <strong>parata degli sbandieratori<\/strong> che con loro maestria fanno piroettare nell\u2019aria i drappi tinteggiati delle loro bandiere, rivolgendo il saluto ai numerosi visitatori convenuti per ammirarne la destrezza.<\/p>\n<p>In un attimo Alba rivive lo spirito dell\u2019epoca medioevale, affascinando il folto pubblico anche con i <strong>numerosi stendardi<\/strong> che vengono appesi alle finestre e su balconi di tutte le pi\u00f9 importanti vie cittadine. In sfilata ci sono <strong>cavalieri e dame<\/strong>, che sono preceduti dai porta stendardi, inoltre vi sono numerosi alabardieri, soldati, nobili, popolane e mercanti, vecchi e bambini, incantevoli damigelle fasciate in splendenti abiti damascati e distinte matrone adorne con velluti preziosi e pesanti e poi, il podest\u00e0 in tutta la sua nobilt\u00e0 con a fianco la signora della Citt\u00e0 di Alba.<\/p>\n<hr \/>\n<div class=\"article_container\"><h2 class=\"shortcode_title\">Charming home nelle vicinanze<\/h2><div class=\"listinglink-wrapper\">\n                           <a href=\"https:\/\/www.charminly.com\/listings\/relais-country-houses-en\/\"> <span class=\"wpresidence_button\"> more listings <\/span><\/a>\n                       <\/div><\/div>\n","protected":false},"excerpt":{"rendered":"<p>Torneo Dell\u2019Antica Rotonda Ad aprile il gruppo sbandieratori e musici del Borgo San Pietro, in provincia di Torino, in collaborazione con la FISB, la Federazione Italiana Sbandieratori e con il patrocinio del Comune di Asti, organizza il Torneo dell\u2019Antica Rotonda. Questo evento \u00e8 dedicato al Battistero di San Pietro, il pregiato gioiello architettonico sia del Borgo cos\u00ec come di Asti. Vinum On the 25th &#8230;<\/p>\n","protected":false},"author":2,"featured_media":7904,"comment_status":"closed","ping_status":"closed","sticky":false,"template":"","format":"standard","meta":{"_acf_changed":false,"footnotes":""},"categories":[144],"tags":[629],"class_list":["post-7906","post","type-post","status-publish","format-standard","has-post-thumbnail","hentry","category-feste-tradizioni-arti-e-mestieri","tag-cosa-fare-in-piemonte"],"acf":[],"yoast_head":"<!-- This site is optimized with the Yoast SEO plugin v23.9 - https:\/\/yoast.com\/wordpress\/plugins\/seo\/ -->\n<title>Le feste e gli eventi nelle Langhe<\/title>\n<meta name=\"description\" content=\"Le feste e gli eventi nelle Langhe\" \/>\n<meta name=\"robots\" content=\"index, follow, max-snippet:-1, max-image-preview:large, max-video-preview:-1\" \/>\n<link rel=\"canonical\" href=\"https:\/\/www.charminly.com\/it\/le-feste-e-gli-eventi-nelle-langhe\/\" \/>\n<meta property=\"og:locale\" content=\"it_IT\" \/>\n<meta property=\"og:type\" content=\"article\" \/>\n<meta property=\"og:title\" content=\"Le feste e gli eventi nelle Langhe\" \/>\n<meta property=\"og:description\" content=\"Le feste e gli eventi nelle Langhe\" \/>\n<meta property=\"og:url\" content=\"https:\/\/www.charminly.com\/it\/le-feste-e-gli-eventi-nelle-langhe\/\" \/>\n<meta property=\"article:publisher\" content=\"https:\/\/www.facebook.com\/charminlyitalia\/\" \/>\n<meta property=\"article:published_time\" content=\"2015-09-17T10:28:12+00:00\" \/>\n<meta property=\"article:modified_time\" content=\"2016-10-18T08:59:06+00:00\" \/>\n<meta property=\"og:image\" content=\"https:\/\/www.charminly.com\/wp-content\/uploads\/2015\/09\/Esibizioni_TerreSabaude-FILEminimizer_opt_opt.jpg\" \/>\n\t<meta property=\"og:image:width\" content=\"1024\" \/>\n\t<meta property=\"og:image:height\" content=\"673\" \/>\n\t<meta property=\"og:image:type\" content=\"image\/jpeg\" \/>\n<meta name=\"author\" content=\"Charminly\" \/>\n<meta name=\"twitter:card\" content=\"summary_large_image\" \/>\n<meta name=\"twitter:creator\" content=\"@charminly_com\" \/>\n<meta name=\"twitter:site\" content=\"@charminly_com\" \/>\n<meta name=\"twitter:label1\" content=\"Scritto da\" \/>\n\t<meta name=\"twitter:data1\" content=\"Charminly\" \/>\n\t<meta name=\"twitter:label2\" content=\"Tempo di lettura stimato\" \/>\n\t<meta name=\"twitter:data2\" content=\"4 minuti\" \/>\n<script type=\"application\/ld+json\" class=\"yoast-schema-graph\">{\"@context\":\"https:\/\/schema.org\",\"@graph\":[{\"@type\":\"Article\",\"@id\":\"https:\/\/www.charminly.com\/it\/le-feste-e-gli-eventi-nelle-langhe\/#article\",\"isPartOf\":{\"@id\":\"https:\/\/www.charminly.com\/it\/le-feste-e-gli-eventi-nelle-langhe\/\"},\"author\":{\"name\":\"Charminly\",\"@id\":\"https:\/\/www.charminly.com\/it\/#\/schema\/person\/e6a536eb865d9dac6d1e730f53d5f367\"},\"headline\":\"Le feste e gli eventi nelle Langhe\",\"datePublished\":\"2015-09-17T10:28:12+00:00\",\"dateModified\":\"2016-10-18T08:59:06+00:00\",\"mainEntityOfPage\":{\"@id\":\"https:\/\/www.charminly.com\/it\/le-feste-e-gli-eventi-nelle-langhe\/\"},\"wordCount\":735,\"publisher\":{\"@id\":\"https:\/\/www.charminly.com\/it\/#organization\"},\"image\":{\"@id\":\"https:\/\/www.charminly.com\/it\/le-feste-e-gli-eventi-nelle-langhe\/#primaryimage\"},\"thumbnailUrl\":\"https:\/\/www.charminly.com\/wp-content\/uploads\/2015\/09\/Esibizioni_TerreSabaude-FILEminimizer_opt_opt.jpg\",\"keywords\":[\"Cosa fare in Piemonte\"],\"articleSection\":[\"Feste, tradizioni, arti e mestieri\"],\"inLanguage\":\"it-IT\"},{\"@type\":\"WebPage\",\"@id\":\"https:\/\/www.charminly.com\/it\/le-feste-e-gli-eventi-nelle-langhe\/\",\"url\":\"https:\/\/www.charminly.com\/it\/le-feste-e-gli-eventi-nelle-langhe\/\",\"name\":\"Le feste e gli eventi nelle Langhe\",\"isPartOf\":{\"@id\":\"https:\/\/www.charminly.com\/it\/#website\"},\"primaryImageOfPage\":{\"@id\":\"https:\/\/www.charminly.com\/it\/le-feste-e-gli-eventi-nelle-langhe\/#primaryimage\"},\"image\":{\"@id\":\"https:\/\/www.charminly.com\/it\/le-feste-e-gli-eventi-nelle-langhe\/#primaryimage\"},\"thumbnailUrl\":\"https:\/\/www.charminly.com\/wp-content\/uploads\/2015\/09\/Esibizioni_TerreSabaude-FILEminimizer_opt_opt.jpg\",\"datePublished\":\"2015-09-17T10:28:12+00:00\",\"dateModified\":\"2016-10-18T08:59:06+00:00\",\"description\":\"Le feste e gli eventi nelle Langhe\",\"breadcrumb\":{\"@id\":\"https:\/\/www.charminly.com\/it\/le-feste-e-gli-eventi-nelle-langhe\/#breadcrumb\"},\"inLanguage\":\"it-IT\",\"potentialAction\":[{\"@type\":\"ReadAction\",\"target\":[\"https:\/\/www.charminly.com\/it\/le-feste-e-gli-eventi-nelle-langhe\/\"]}]},{\"@type\":\"ImageObject\",\"inLanguage\":\"it-IT\",\"@id\":\"https:\/\/www.charminly.com\/it\/le-feste-e-gli-eventi-nelle-langhe\/#primaryimage\",\"url\":\"https:\/\/www.charminly.com\/wp-content\/uploads\/2015\/09\/Esibizioni_TerreSabaude-FILEminimizer_opt_opt.jpg\",\"contentUrl\":\"https:\/\/www.charminly.com\/wp-content\/uploads\/2015\/09\/Esibizioni_TerreSabaude-FILEminimizer_opt_opt.jpg\",\"width\":1024,\"height\":673},{\"@type\":\"BreadcrumbList\",\"@id\":\"https:\/\/www.charminly.com\/it\/le-feste-e-gli-eventi-nelle-langhe\/#breadcrumb\",\"itemListElement\":[{\"@type\":\"ListItem\",\"position\":1,\"name\":\"Home\",\"item\":\"https:\/\/www.charminly.com\/it\/\"},{\"@type\":\"ListItem\",\"position\":2,\"name\":\"Cosa fare in Piemonte\",\"item\":\"https:\/\/www.charminly.com\/it\/tag\/cosa-fare-in-piemonte\/\"},{\"@type\":\"ListItem\",\"position\":3,\"name\":\"Le feste e gli eventi nelle Langhe\"}]},{\"@type\":\"WebSite\",\"@id\":\"https:\/\/www.charminly.com\/it\/#website\",\"url\":\"https:\/\/www.charminly.com\/it\/\",\"name\":\"\",\"description\":\"\",\"publisher\":{\"@id\":\"https:\/\/www.charminly.com\/it\/#organization\"},\"potentialAction\":[{\"@type\":\"SearchAction\",\"target\":{\"@type\":\"EntryPoint\",\"urlTemplate\":\"https:\/\/www.charminly.com\/it\/?s={search_term_string}\"},\"query-input\":{\"@type\":\"PropertyValueSpecification\",\"valueRequired\":true,\"valueName\":\"search_term_string\"}}],\"inLanguage\":\"it-IT\"},{\"@type\":\"Organization\",\"@id\":\"https:\/\/www.charminly.com\/it\/#organization\",\"name\":\"Charminly.com\",\"url\":\"https:\/\/www.charminly.com\/it\/\",\"logo\":{\"@type\":\"ImageObject\",\"inLanguage\":\"it-IT\",\"@id\":\"https:\/\/www.charminly.com\/it\/#\/schema\/logo\/image\/\",\"url\":\"https:\/\/www.charminly.com\/wp-content\/uploads\/2014\/10\/logo.png\",\"contentUrl\":\"https:\/\/www.charminly.com\/wp-content\/uploads\/2014\/10\/logo.png\",\"width\":264,\"height\":115,\"caption\":\"Charminly.com\"},\"image\":{\"@id\":\"https:\/\/www.charminly.com\/it\/#\/schema\/logo\/image\/\"},\"sameAs\":[\"https:\/\/www.facebook.com\/charminlyitalia\/\",\"https:\/\/x.com\/charminly_com\"]},{\"@type\":\"Person\",\"@id\":\"https:\/\/www.charminly.com\/it\/#\/schema\/person\/e6a536eb865d9dac6d1e730f53d5f367\",\"name\":\"Charminly\",\"image\":{\"@type\":\"ImageObject\",\"inLanguage\":\"it-IT\",\"@id\":\"https:\/\/www.charminly.com\/it\/#\/schema\/person\/image\/\",\"url\":\"https:\/\/secure.gravatar.com\/avatar\/ee564baea04b5bbffcbd57ac103bc7d1?s=96&d=mm&r=g\",\"contentUrl\":\"https:\/\/secure.gravatar.com\/avatar\/ee564baea04b5bbffcbd57ac103bc7d1?s=96&d=mm&r=g\",\"caption\":\"Charminly\"},\"url\":\"https:\/\/www.charminly.com\/it\/author\/charminly\/\"}]}<\/script>\n<!-- \/ Yoast SEO plugin. -->","yoast_head_json":{"title":"Le feste e gli eventi nelle Langhe","description":"Le feste e gli eventi nelle Langhe","robots":{"index":"index","follow":"follow","max-snippet":"max-snippet:-1","max-image-preview":"max-image-preview:large","max-video-preview":"max-video-preview:-1"},"canonical":"https:\/\/www.charminly.com\/it\/le-feste-e-gli-eventi-nelle-langhe\/","og_locale":"it_IT","og_type":"article","og_title":"Le feste e gli eventi nelle Langhe","og_description":"Le feste e gli eventi nelle Langhe","og_url":"https:\/\/www.charminly.com\/it\/le-feste-e-gli-eventi-nelle-langhe\/","article_publisher":"https:\/\/www.facebook.com\/charminlyitalia\/","article_published_time":"2015-09-17T10:28:12+00:00","article_modified_time":"2016-10-18T08:59:06+00:00","og_image":[{"width":1024,"height":673,"url":"https:\/\/www.charminly.com\/wp-content\/uploads\/2015\/09\/Esibizioni_TerreSabaude-FILEminimizer_opt_opt.jpg","type":"image\/jpeg"}],"author":"Charminly","twitter_card":"summary_large_image","twitter_creator":"@charminly_com","twitter_site":"@charminly_com","twitter_misc":{"Scritto da":"Charminly","Tempo di lettura stimato":"4 minuti"},"schema":{"@context":"https:\/\/schema.org","@graph":[{"@type":"Article","@id":"https:\/\/www.charminly.com\/it\/le-feste-e-gli-eventi-nelle-langhe\/#article","isPartOf":{"@id":"https:\/\/www.charminly.com\/it\/le-feste-e-gli-eventi-nelle-langhe\/"},"author":{"name":"Charminly","@id":"https:\/\/www.charminly.com\/it\/#\/schema\/person\/e6a536eb865d9dac6d1e730f53d5f367"},"headline":"Le feste e gli eventi nelle Langhe","datePublished":"2015-09-17T10:28:12+00:00","dateModified":"2016-10-18T08:59:06+00:00","mainEntityOfPage":{"@id":"https:\/\/www.charminly.com\/it\/le-feste-e-gli-eventi-nelle-langhe\/"},"wordCount":735,"publisher":{"@id":"https:\/\/www.charminly.com\/it\/#organization"},"image":{"@id":"https:\/\/www.charminly.com\/it\/le-feste-e-gli-eventi-nelle-langhe\/#primaryimage"},"thumbnailUrl":"https:\/\/www.charminly.com\/wp-content\/uploads\/2015\/09\/Esibizioni_TerreSabaude-FILEminimizer_opt_opt.jpg","keywords":["Cosa fare in Piemonte"],"articleSection":["Feste, tradizioni, arti e mestieri"],"inLanguage":"it-IT"},{"@type":"WebPage","@id":"https:\/\/www.charminly.com\/it\/le-feste-e-gli-eventi-nelle-langhe\/","url":"https:\/\/www.charminly.com\/it\/le-feste-e-gli-eventi-nelle-langhe\/","name":"Le feste e gli eventi nelle Langhe","isPartOf":{"@id":"https:\/\/www.charminly.com\/it\/#website"},"primaryImageOfPage":{"@id":"https:\/\/www.charminly.com\/it\/le-feste-e-gli-eventi-nelle-langhe\/#primaryimage"},"image":{"@id":"https:\/\/www.charminly.com\/it\/le-feste-e-gli-eventi-nelle-langhe\/#primaryimage"},"thumbnailUrl":"https:\/\/www.charminly.com\/wp-content\/uploads\/2015\/09\/Esibizioni_TerreSabaude-FILEminimizer_opt_opt.jpg","datePublished":"2015-09-17T10:28:12+00:00","dateModified":"2016-10-18T08:59:06+00:00","description":"Le feste e gli eventi nelle Langhe","breadcrumb":{"@id":"https:\/\/www.charminly.com\/it\/le-feste-e-gli-eventi-nelle-langhe\/#breadcrumb"},"inLanguage":"it-IT","potentialAction":[{"@type":"ReadAction","target":["https:\/\/www.charminly.com\/it\/le-feste-e-gli-eventi-nelle-langhe\/"]}]},{"@type":"ImageObject","inLanguage":"it-IT","@id":"https:\/\/www.charminly.com\/it\/le-feste-e-gli-eventi-nelle-langhe\/#primaryimage","url":"https:\/\/www.charminly.com\/wp-content\/uploads\/2015\/09\/Esibizioni_TerreSabaude-FILEminimizer_opt_opt.jpg","contentUrl":"https:\/\/www.charminly.com\/wp-content\/uploads\/2015\/09\/Esibizioni_TerreSabaude-FILEminimizer_opt_opt.jpg","width":1024,"height":673},{"@type":"BreadcrumbList","@id":"https:\/\/www.charminly.com\/it\/le-feste-e-gli-eventi-nelle-langhe\/#breadcrumb","itemListElement":[{"@type":"ListItem","position":1,"name":"Home","item":"https:\/\/www.charminly.com\/it\/"},{"@type":"ListItem","position":2,"name":"Cosa fare in Piemonte","item":"https:\/\/www.charminly.com\/it\/tag\/cosa-fare-in-piemonte\/"},{"@type":"ListItem","position":3,"name":"Le feste e gli eventi nelle Langhe"}]},{"@type":"WebSite","@id":"https:\/\/www.charminly.com\/it\/#website","url":"https:\/\/www.charminly.com\/it\/","name":"","description":"","publisher":{"@id":"https:\/\/www.charminly.com\/it\/#organization"},"potentialAction":[{"@type":"SearchAction","target":{"@type":"EntryPoint","urlTemplate":"https:\/\/www.charminly.com\/it\/?s={search_term_string}"},"query-input":{"@type":"PropertyValueSpecification","valueRequired":true,"valueName":"search_term_string"}}],"inLanguage":"it-IT"},{"@type":"Organization","@id":"https:\/\/www.charminly.com\/it\/#organization","name":"Charminly.com","url":"https:\/\/www.charminly.com\/it\/","logo":{"@type":"ImageObject","inLanguage":"it-IT","@id":"https:\/\/www.charminly.com\/it\/#\/schema\/logo\/image\/","url":"https:\/\/www.charminly.com\/wp-content\/uploads\/2014\/10\/logo.png","contentUrl":"https:\/\/www.charminly.com\/wp-content\/uploads\/2014\/10\/logo.png","width":264,"height":115,"caption":"Charminly.com"},"image":{"@id":"https:\/\/www.charminly.com\/it\/#\/schema\/logo\/image\/"},"sameAs":["https:\/\/www.facebook.com\/charminlyitalia\/","https:\/\/x.com\/charminly_com"]},{"@type":"Person","@id":"https:\/\/www.charminly.com\/it\/#\/schema\/person\/e6a536eb865d9dac6d1e730f53d5f367","name":"Charminly","image":{"@type":"ImageObject","inLanguage":"it-IT","@id":"https:\/\/www.charminly.com\/it\/#\/schema\/person\/image\/","url":"https:\/\/secure.gravatar.com\/avatar\/ee564baea04b5bbffcbd57ac103bc7d1?s=96&d=mm&r=g","contentUrl":"https:\/\/secure.gravatar.com\/avatar\/ee564baea04b5bbffcbd57ac103bc7d1?s=96&d=mm&r=g","caption":"Charminly"},"url":"https:\/\/www.charminly.com\/it\/author\/charminly\/"}]}},"_links":{"self":[{"href":"https:\/\/www.charminly.com\/it\/wp-json\/wp\/v2\/posts\/7906","targetHints":{"allow":["GET"]}}],"collection":[{"href":"https:\/\/www.charminly.com\/it\/wp-json\/wp\/v2\/posts"}],"about":[{"href":"https:\/\/www.charminly.com\/it\/wp-json\/wp\/v2\/types\/post"}],"author":[{"embeddable":true,"href":"https:\/\/www.charminly.com\/it\/wp-json\/wp\/v2\/users\/2"}],"replies":[{"embeddable":true,"href":"https:\/\/www.charminly.com\/it\/wp-json\/wp\/v2\/comments?post=7906"}],"version-history":[{"count":0,"href":"https:\/\/www.charminly.com\/it\/wp-json\/wp\/v2\/posts\/7906\/revisions"}],"wp:featuredmedia":[{"embeddable":true,"href":"https:\/\/www.charminly.com\/it\/wp-json\/wp\/v2\/media\/7904"}],"wp:attachment":[{"href":"https:\/\/www.charminly.com\/it\/wp-json\/wp\/v2\/media?parent=7906"}],"wp:term":[{"taxonomy":"category","embeddable":true,"href":"https:\/\/www.charminly.com\/it\/wp-json\/wp\/v2\/categories?post=7906"},{"taxonomy":"post_tag","embeddable":true,"href":"https:\/\/www.charminly.com\/it\/wp-json\/wp\/v2\/tags?post=7906"}],"curies":[{"name":"wp","href":"https:\/\/api.w.org\/{rel}","templated":true}]}}