{"id":7878,"date":"2015-04-16T12:07:45","date_gmt":"2015-04-16T10:07:45","guid":{"rendered":"https:\/\/www.charminly.com\/?p=7878"},"modified":"2016-03-21T13:59:45","modified_gmt":"2016-03-21T12:59:45","slug":"expo-2015-ed-altri-eventi-della-lombardia","status":"publish","type":"post","link":"https:\/\/www.charminly.com\/it\/expo-2015-ed-altri-eventi-della-lombardia\/","title":{"rendered":"EXPO 2015 ed altri eventi della Lombardia"},"content":{"rendered":"<p>Durante un soggiorno presso l&#8217;<strong>Agriturismo<\/strong>\u00a0<strong><a href=\"https:\/\/www.charminly.com\/it\/properties\/san-giacomo-horses-it\/\" target=\"_blank\">San Giacomo Horses<\/a><\/strong>, che si trova in <strong>Lombardia<\/strong> ad <strong><a href=\"https:\/\/www.charminly.com\/it\/area\/arluno-milano-it\/\" target=\"_blank\">Arluno<\/a><\/strong> in provincia di <strong>Milano<\/strong>, vi permetter\u00e0 di prendere parte alla <strong>Expo 2015<\/strong> ed altri eventi della Lombardia.<\/p>\n<h3><strong>Expo 2015<\/strong><\/h3>\n<p>Dal primo maggio al 31 ottobre 2015 <strong>Milano<\/strong>, in <strong>Lombardia<\/strong>, ospiter\u00e0 il pi\u00f9 grande evento mai realizzato sull\u2019alimentazione e la nutrizione: <strong>Expo 2015<\/strong>.<\/p>\n<p>Il capoluogo lombardo <strong>per sei mesi<\/strong>, quindi, si trasformer\u00e0 in una vera e propria <strong>vetrina mondiale<\/strong> all\u2019interno della quale, i Paesi che parteciperanno all\u2019evento, potranno mostrare il meglio delle proprie tecnologie al fine di assicurare una risposta concreta a quella che \u00e8 considerata come una esigenza vitale: poter a tutti fornire cibo sicuro, sano e che, cos\u00ec, risulti essere proporzionato al bisogno di tutti i popoli, nel rispetto degli equilibri del Pianeta.<\/p>\n<p>Expo Milano 2015 diverr\u00e0 la piattaforma di un dibattito di idee e di soluzioni condivise sul <strong>tema dell\u2019alimentazione<\/strong>, incoragger\u00e0 la creativit\u00e0 dei Paesi e appogger\u00e0 le innovazioni per un <strong>futuro pi\u00f9 sostenibile<\/strong>.<\/p>\n<p>Expo Milano 2015 offrir\u00e0, inoltre, a tutti l\u2019opportunit\u00e0 di <strong>conoscere e degustare i migliori piatti del mondo<\/strong> e venire a conoscenza delle eccellenze della varie tradizione gastronomiche e agroalimentari di ogni Paese.<\/p>\n<div id=\"attachment_7866\" style=\"width: 1034px\" class=\"wp-caption alignnone\"><img loading=\"lazy\" decoding=\"async\" aria-describedby=\"caption-attachment-7866\" class=\"wp-image-7866 size-full\" src=\"https:\/\/www.charminly.com\/wp-content\/uploads\/2015\/09\/LAlbero-della-Vita-a-Expo-2015-foto-imnews_opt.jpg\" alt=\"L'Albero della Vita a Expo 2015 foto imnews\" width=\"1024\" height=\"683\" srcset=\"https:\/\/www.charminly.com\/wp-content\/uploads\/2015\/09\/LAlbero-della-Vita-a-Expo-2015-foto-imnews_opt.jpg 1024w, https:\/\/www.charminly.com\/wp-content\/uploads\/2015\/09\/LAlbero-della-Vita-a-Expo-2015-foto-imnews_opt-300x200.jpg 300w, https:\/\/www.charminly.com\/wp-content\/uploads\/2015\/09\/LAlbero-della-Vita-a-Expo-2015-foto-imnews_opt-768x512.jpg 768w, https:\/\/www.charminly.com\/wp-content\/uploads\/2015\/09\/LAlbero-della-Vita-a-Expo-2015-foto-imnews_opt-105x70.jpg 105w\" sizes=\"auto, (max-width: 1024px) 100vw, 1024px\" \/><p id=\"caption-attachment-7866\" class=\"wp-caption-text\">L&#8217;Albero della Vita a Expo 2015 foto imnews<\/p><\/div>\n<h3><strong>Battaglia e Palio di Legnano<\/strong><\/h3>\n<p>Il <strong>Palio di Legnano<\/strong>, localit\u00e0 in provincia di <strong>Milano<\/strong>, in <strong>Lombardia<\/strong>, \u00e8 il complesso delle celebrazioni commemorative riguardanti la <strong>celeberrima Battaglia di Legnano<\/strong>, fatto d\u2019armi che vide, il <strong>29 maggio del 1176<\/strong>; fu una importante vittoria dei comuni, che si erano alleati andando a costituire la <strong>Lega Lombarda<\/strong>, nei confronti dell\u2019esercito imperiale al comando di <strong>Federico I<\/strong> detto il <strong>Barbarossa<\/strong>.<\/p>\n<p>Uno dei pi\u00f9 importanti e caratteristici elementi del palio, \u00e8 rappresentato dalla storica sfilata nella quale si concentrano mesi e mesi di lavoro e di preparazione presso i manieri. Nell\u2019<strong>ultima domenica <\/strong>di <strong>maggio<\/strong> si svolge l\u2019ultima <strong>gara ippica<\/strong>, e la <strong>sfilata<\/strong> vede la partecipazione di oltre <strong>1200 figuranti<\/strong>, i quali portano oggetti d\u2019epoca e indossano costumi, realizzati unicamente secondo le imposizioni dettate da una opportuna commissione, la quale, preventivamente, vaglia l\u2019attinenza degli ornamenti e degli abiti rispetto al periodo rappresentato.<\/p>\n<p>Nell\u2019ambito della sfilata, la quale percorre da est a ovest la citt\u00e0, le <strong>otto contrade<\/strong>, svolgono un tema predefinito, andando a rappresentare un aspetto particolare della <strong>vita medioevale<\/strong>, come ad esempio, giocolieri e musici, artisti di strada, ma anche con riferimenti alla vita dei contadini, dei militari e dei cortigiani, senza poi, andare a tralasciare il mondo della magia.<\/p>\n<p>Il <strong>Carroccio<\/strong>, in coda, sfila scortato dai fanti e dalla illustre <strong>Compagnia della Morte<\/strong>, la quale chiude il corteo. La compagnia della morte, fu capitanata, all\u2019epoca, dal leggendario condottiero <strong>Alberto da Giussano<\/strong>, il <strong>monumento<\/strong> del quale, realizzato dallo scultore <strong>Enrico Butti<\/strong>, \u00e8 divenuto il simbolo della citt\u00e0.<\/p>\n<p>La mattinata, prima della sfilata e della corsa, in <strong>piazza San Magno<\/strong>, sul carroccio viene celebrata la messa, seguita dall\u2019investitura religiosa dei Capitani e dalla benedizione dei fantini e dei cavalli che correranno il Palio.<\/p>\n<div id=\"attachment_7872\" style=\"width: 1034px\" class=\"wp-caption alignnone\"><img loading=\"lazy\" decoding=\"async\" aria-describedby=\"caption-attachment-7872\" class=\"wp-image-7872 size-full\" src=\"https:\/\/www.charminly.com\/wp-content\/uploads\/2015\/09\/Il-Carroccio-durante-la-sfilata-storica-del-Palio-di-Legnano_opt.jpg\" alt=\"Il Carroccio durante la sfilata storica del Palio di Legnano\" width=\"1024\" height=\"1365\" srcset=\"https:\/\/www.charminly.com\/wp-content\/uploads\/2015\/09\/Il-Carroccio-durante-la-sfilata-storica-del-Palio-di-Legnano_opt.jpg 1024w, https:\/\/www.charminly.com\/wp-content\/uploads\/2015\/09\/Il-Carroccio-durante-la-sfilata-storica-del-Palio-di-Legnano_opt-225x300.jpg 225w, https:\/\/www.charminly.com\/wp-content\/uploads\/2015\/09\/Il-Carroccio-durante-la-sfilata-storica-del-Palio-di-Legnano_opt-768x1024.jpg 768w\" sizes=\"auto, (max-width: 1024px) 100vw, 1024px\" \/><p id=\"caption-attachment-7872\" class=\"wp-caption-text\">Il Carroccio durante la sfilata storica del Palio di Legnano<\/p><\/div>\n<h3><strong>Battaglia Di Magenta<\/strong><\/h3>\n<p>La <strong>Battaglia di Magenta<\/strong>, localit\u00e0 in provincia di <strong>Milano<\/strong>, in <strong>Lombardia<\/strong>, \u00e8 legata alla storia della seconda guerra di indipendenza italiana. La battaglia che fu combattuta a Magenta il <strong>4 giugno 1859<\/strong>, vide contrapposti <strong>55.792 austriaci<\/strong> e <strong>47.517 franco-piemontesi<\/strong>.<\/p>\n<p>La battaglia rappresenta il primo combattimento dal quale inizi\u00f2 l\u2019inarrestabile processo di <strong>unificazione dell\u2019Italia<\/strong>.<\/p>\n<p>Tradizionalmente, ogni anno la Battaglia di Magenta, viene ad essere rievocata con una storica ricostruzione che vede la partecipazione di molti figuranti e un folto gruppo di visitatori. <strong>Casa Giacobbe<\/strong>, il monumento che ancora presenta i segni e le testimonianze dello scontro, \u00e8 oggi divenuto un luogo espositivo e un centro congressi del <strong>museo sulla battaglia<\/strong>.<\/p>\n<h3><strong>Abbiategusto<\/strong><\/h3>\n<p><strong>Abbiategrasso<\/strong>, localit\u00e0 in provincia di <strong>Milano<\/strong>, in <strong>Lombardia<\/strong>, all\u2019et\u00e0 del bronzo era gi\u00e0 abitato. In lingua celtica, il suo nome significa \u201cluogo dalla terra fertilissima e ricco di acqua\u201d. Ma, nella citt\u00e0 di Abbiategrasso hanno radici profonde anche quelle del gusto.<\/p>\n<p>Infatti Abbiategrasso, sin dall\u2019epoca romana, ha rappresentato per l\u2019allevamento di bestiame, per la produzione di vino e olio, come pure per la coltivazione di cereali, un <strong>polo d\u2019eccellenza per l\u2019impero<\/strong>. Le sembianze odierne della citt\u00e0 cominciano a prendere forma tra il 1200 e il1400, periodo nel quale si alternarono i <strong>Visconti<\/strong> e gli <strong>Sforza<\/strong>. Risalgono proprio a questo periodo, il <strong>convento dell\u2019Annunciata<\/strong>, il <strong>Castello Visconteo<\/strong> e lo <strong>stemma cittadino<\/strong> nel quale spicca il leone rampante.<\/p>\n<p><strong>Abbiategusto<\/strong>, che pu\u00f2 avvalersi della qualifica di <strong>fiera nazionale<\/strong>, \u00e8 inclusa fra le <strong>manifestazioni enogastronomiche<\/strong>, maggiormente di rilievo, per la promozione dei <strong>prodotti tipici lombardi<\/strong>. Negli ultimi anni \u00e8 divenuta sinonimo di qualit\u00e0 e di eccellenza, sia per quello che riguarda i prodotti tipici del territorio, sia per quelli che sono legati alle <strong>Citt\u00e0 Slow<\/strong> importate dall\u2019estero.<\/p>\n<p>Non \u00e8 semplicemente una rassegna enogastronomica o una fiera, ma \u00e8 un evento che fa vivere la citt\u00e0 attraverso il gusto per il cibo, il piacere per le arti e la convivialit\u00e0, come pure dalla curiosit\u00e0 di scoprire paesi lontani e vicini attraverso la conoscenza del buon vitto.<\/p>\n<p>Una <strong>tre giorni del gusto<\/strong> di particolare valore, nella vera patria del noto <strong>Gorgonzola<\/strong>, alla quale partecipano una rappresentanza nutrita di Citt\u00e0 Slow internazionali e nazionali.<\/p>\n<p>Si potranno degustare e acquistare prodotti dell\u2019enogastronomia lombarda, nazionale e internazionale, dalle conserve ai formaggi, dai salumi alle preparazioni gastronomiche, dalla cucina vegana alla produzioni biologiche e alla pasticceria, non tralasciando il meglio dei fermentati, dei distillati e dei vini.<\/p>\n<p>Per approfondire il tema del gusto la citt\u00e0 offre tre diverse <strong>location<\/strong>. Il punto di incontro principale tra consumatori e produttori \u00e8 il <strong>Quartiere Fiera<\/strong>, mentre lo splendido <strong>Castello Visconteo<\/strong>, il quale ospita anche l\u2019Enoteca, \u00e8 dove avranno luogo, nelle cantine, le degustazioni di piatti gourmet e di eccellenze, e\u00a0gli spettacoli a tema. Lo <strong>chef Massimo Spigaroli<\/strong>, invece, presso la <strong>Sala del Consiglio Comunale<\/strong>, sorprender\u00e0, con estrose ricette, gli ospiti.<\/p>\n<div id=\"attachment_7869\" style=\"width: 1034px\" class=\"wp-caption alignnone\"><img loading=\"lazy\" decoding=\"async\" aria-describedby=\"caption-attachment-7869\" class=\"wp-image-7869 size-full\" src=\"https:\/\/www.charminly.com\/wp-content\/uploads\/2015\/09\/Abbiategusto-di-Abbiategrasso-foto-sagreneiborghi_opt.jpg\" alt=\"Abbiategusto di Abbiategrasso foto sagreneiborghi\" width=\"1024\" height=\"685\" srcset=\"https:\/\/www.charminly.com\/wp-content\/uploads\/2015\/09\/Abbiategusto-di-Abbiategrasso-foto-sagreneiborghi_opt.jpg 1024w, https:\/\/www.charminly.com\/wp-content\/uploads\/2015\/09\/Abbiategusto-di-Abbiategrasso-foto-sagreneiborghi_opt-300x201.jpg 300w, https:\/\/www.charminly.com\/wp-content\/uploads\/2015\/09\/Abbiategusto-di-Abbiategrasso-foto-sagreneiborghi_opt-768x514.jpg 768w, https:\/\/www.charminly.com\/wp-content\/uploads\/2015\/09\/Abbiategusto-di-Abbiategrasso-foto-sagreneiborghi_opt-105x70.jpg 105w\" sizes=\"auto, (max-width: 1024px) 100vw, 1024px\" \/><p id=\"caption-attachment-7869\" class=\"wp-caption-text\">Abbiategusto di Abbiategrasso foto sagreneiborghi<\/p><\/div>\n<h3><strong>Artigiano in Fiera &#8211; Milano<\/strong><\/h3>\n<p>Durante un soggiorno presso l&#8217;<strong>Agriturismo<\/strong>\u00a0<strong><a href=\"https:\/\/www.charminly.com\/it\/properties\/san-giacomo-horses-it\/\" target=\"_blank\">San Giacomo Horses<\/a><\/strong>, che si trova in <strong>Lombardia<\/strong> ad <strong>Arluno<\/strong> in provincia di <strong>Milano<\/strong>, in <strong>Lombardia<\/strong>, permetter\u00e0 di prendere parte ad <strong>Artigianato in Fiera<\/strong> a Milano.<\/p>\n<p>Nata nel 1996, la manifestazione si poneva come obiettivo di dare lustro e attenzione all\u2019<strong>artigianato<\/strong> come pure alla sua indiscussa enorme qualit\u00e0 e capacit\u00e0 produttiva, il tutto istituendo una manifestazione esclusivamente dedicata al comparto. Una nuova e grande \u201cCampionaria\u201d della <strong>piccola impresa artigiana<\/strong>, la quale trova in questa circostanza una privilegiata occasione per la sua crescita e la sua promozione.<\/p>\n<hr \/>\n<div class=\"article_container\"><h2 class=\"shortcode_title\">Charming home nelle vicinanze<\/h2><div class=\"listinglink-wrapper\">\n                           <a href=\"https:\/\/www.charminly.com\/listings\/relais-country-houses-en\/\"> <span class=\"wpresidence_button\"> more listings <\/span><\/a>\n                       <\/div><\/div>\n","protected":false},"excerpt":{"rendered":"<p>Durante un soggiorno presso l&#8217;Agriturismo\u00a0San Giacomo Horses, che si trova in Lombardia ad Arluno in provincia di Milano, vi permetter\u00e0 di prendere parte alla Expo 2015 ed altri eventi della Lombardia. Expo 2015 Dal primo maggio al 31 ottobre 2015 Milano, in Lombardia, ospiter\u00e0 il pi\u00f9 grande evento mai realizzato sull\u2019alimentazione e la nutrizione: Expo 2015. Il capoluogo lombardo per sei mesi, quindi, si &#8230;<\/p>\n","protected":false},"author":2,"featured_media":7868,"comment_status":"closed","ping_status":"closed","sticky":false,"template":"","format":"standard","meta":{"_acf_changed":false,"footnotes":""},"categories":[144],"tags":[625],"class_list":["post-7878","post","type-post","status-publish","format-standard","has-post-thumbnail","hentry","category-feste-tradizioni-arti-e-mestieri","tag-cosa-fare-in-lombardia"],"acf":[],"yoast_head":"<!-- This site is optimized with the Yoast SEO plugin v23.9 - https:\/\/yoast.com\/wordpress\/plugins\/seo\/ -->\n<title>EXPO 2015 ed altri eventi della Lombardia<\/title>\n<meta name=\"description\" content=\"Durante un soggiorno presso l&#039;Agriturismo San Giacomo Horses, in Arluno Milano, vi permetter\u00e0 di prendere parte a Expo 2015 ed altri eventi della Lombardia.\" \/>\n<meta name=\"robots\" content=\"index, follow, max-snippet:-1, max-image-preview:large, max-video-preview:-1\" \/>\n<link rel=\"canonical\" href=\"https:\/\/www.charminly.com\/it\/expo-2015-ed-altri-eventi-della-lombardia\/\" \/>\n<meta property=\"og:locale\" content=\"it_IT\" \/>\n<meta property=\"og:type\" content=\"article\" \/>\n<meta property=\"og:title\" content=\"EXPO 2015 ed altri eventi della Lombardia\" \/>\n<meta property=\"og:description\" content=\"Durante un soggiorno presso l&#039;Agriturismo San Giacomo Horses, in Arluno Milano, vi permetter\u00e0 di prendere parte a Expo 2015 ed altri eventi della Lombardia.\" \/>\n<meta property=\"og:url\" content=\"https:\/\/www.charminly.com\/it\/expo-2015-ed-altri-eventi-della-lombardia\/\" \/>\n<meta property=\"article:publisher\" content=\"https:\/\/www.facebook.com\/charminlyitalia\/\" \/>\n<meta property=\"article:published_time\" content=\"2015-04-16T10:07:45+00:00\" \/>\n<meta property=\"article:modified_time\" content=\"2016-03-21T12:59:45+00:00\" \/>\n<meta property=\"og:image\" content=\"https:\/\/www.charminly.com\/wp-content\/uploads\/2015\/09\/LAlbero-della-Vita-a-Expo-2015-foto-imnews_opt.jpg\" \/>\n\t<meta property=\"og:image:width\" content=\"1024\" \/>\n\t<meta property=\"og:image:height\" content=\"683\" \/>\n\t<meta property=\"og:image:type\" content=\"image\/jpeg\" \/>\n<meta name=\"author\" content=\"Charminly\" \/>\n<meta name=\"twitter:card\" content=\"summary_large_image\" \/>\n<meta name=\"twitter:creator\" content=\"@charminly_com\" \/>\n<meta name=\"twitter:site\" content=\"@charminly_com\" \/>\n<meta name=\"twitter:label1\" content=\"Scritto da\" \/>\n\t<meta name=\"twitter:data1\" content=\"Charminly\" \/>\n\t<meta name=\"twitter:label2\" content=\"Tempo di lettura stimato\" \/>\n\t<meta name=\"twitter:data2\" content=\"6 minuti\" \/>\n<script type=\"application\/ld+json\" class=\"yoast-schema-graph\">{\"@context\":\"https:\/\/schema.org\",\"@graph\":[{\"@type\":\"Article\",\"@id\":\"https:\/\/www.charminly.com\/it\/expo-2015-ed-altri-eventi-della-lombardia\/#article\",\"isPartOf\":{\"@id\":\"https:\/\/www.charminly.com\/it\/expo-2015-ed-altri-eventi-della-lombardia\/\"},\"author\":{\"name\":\"Charminly\",\"@id\":\"https:\/\/www.charminly.com\/it\/#\/schema\/person\/e6a536eb865d9dac6d1e730f53d5f367\"},\"headline\":\"EXPO 2015 ed altri eventi della Lombardia\",\"datePublished\":\"2015-04-16T10:07:45+00:00\",\"dateModified\":\"2016-03-21T12:59:45+00:00\",\"mainEntityOfPage\":{\"@id\":\"https:\/\/www.charminly.com\/it\/expo-2015-ed-altri-eventi-della-lombardia\/\"},\"wordCount\":1122,\"publisher\":{\"@id\":\"https:\/\/www.charminly.com\/it\/#organization\"},\"image\":{\"@id\":\"https:\/\/www.charminly.com\/it\/expo-2015-ed-altri-eventi-della-lombardia\/#primaryimage\"},\"thumbnailUrl\":\"https:\/\/www.charminly.com\/wp-content\/uploads\/2015\/09\/LAlbero-della-Vita-a-Expo-2015-foto-imnews_opt.jpg\",\"keywords\":[\"Cosa fare in Lombardia\"],\"articleSection\":[\"Feste, tradizioni, arti e mestieri\"],\"inLanguage\":\"it-IT\"},{\"@type\":\"WebPage\",\"@id\":\"https:\/\/www.charminly.com\/it\/expo-2015-ed-altri-eventi-della-lombardia\/\",\"url\":\"https:\/\/www.charminly.com\/it\/expo-2015-ed-altri-eventi-della-lombardia\/\",\"name\":\"EXPO 2015 ed altri eventi della Lombardia\",\"isPartOf\":{\"@id\":\"https:\/\/www.charminly.com\/it\/#website\"},\"primaryImageOfPage\":{\"@id\":\"https:\/\/www.charminly.com\/it\/expo-2015-ed-altri-eventi-della-lombardia\/#primaryimage\"},\"image\":{\"@id\":\"https:\/\/www.charminly.com\/it\/expo-2015-ed-altri-eventi-della-lombardia\/#primaryimage\"},\"thumbnailUrl\":\"https:\/\/www.charminly.com\/wp-content\/uploads\/2015\/09\/LAlbero-della-Vita-a-Expo-2015-foto-imnews_opt.jpg\",\"datePublished\":\"2015-04-16T10:07:45+00:00\",\"dateModified\":\"2016-03-21T12:59:45+00:00\",\"description\":\"Durante un soggiorno presso l'Agriturismo San Giacomo Horses, in Arluno Milano, vi permetter\u00e0 di prendere parte a Expo 2015 ed altri eventi della Lombardia.\",\"breadcrumb\":{\"@id\":\"https:\/\/www.charminly.com\/it\/expo-2015-ed-altri-eventi-della-lombardia\/#breadcrumb\"},\"inLanguage\":\"it-IT\",\"potentialAction\":[{\"@type\":\"ReadAction\",\"target\":[\"https:\/\/www.charminly.com\/it\/expo-2015-ed-altri-eventi-della-lombardia\/\"]}]},{\"@type\":\"ImageObject\",\"inLanguage\":\"it-IT\",\"@id\":\"https:\/\/www.charminly.com\/it\/expo-2015-ed-altri-eventi-della-lombardia\/#primaryimage\",\"url\":\"https:\/\/www.charminly.com\/wp-content\/uploads\/2015\/09\/LAlbero-della-Vita-a-Expo-2015-foto-imnews_opt.jpg\",\"contentUrl\":\"https:\/\/www.charminly.com\/wp-content\/uploads\/2015\/09\/LAlbero-della-Vita-a-Expo-2015-foto-imnews_opt.jpg\",\"width\":1024,\"height\":683},{\"@type\":\"BreadcrumbList\",\"@id\":\"https:\/\/www.charminly.com\/it\/expo-2015-ed-altri-eventi-della-lombardia\/#breadcrumb\",\"itemListElement\":[{\"@type\":\"ListItem\",\"position\":1,\"name\":\"Home\",\"item\":\"https:\/\/www.charminly.com\/it\/\"},{\"@type\":\"ListItem\",\"position\":2,\"name\":\"Cosa fare in Lombardia\",\"item\":\"https:\/\/www.charminly.com\/it\/tag\/cosa-fare-in-lombardia\/\"},{\"@type\":\"ListItem\",\"position\":3,\"name\":\"EXPO 2015 ed altri eventi della Lombardia\"}]},{\"@type\":\"WebSite\",\"@id\":\"https:\/\/www.charminly.com\/it\/#website\",\"url\":\"https:\/\/www.charminly.com\/it\/\",\"name\":\"\",\"description\":\"\",\"publisher\":{\"@id\":\"https:\/\/www.charminly.com\/it\/#organization\"},\"potentialAction\":[{\"@type\":\"SearchAction\",\"target\":{\"@type\":\"EntryPoint\",\"urlTemplate\":\"https:\/\/www.charminly.com\/it\/?s={search_term_string}\"},\"query-input\":{\"@type\":\"PropertyValueSpecification\",\"valueRequired\":true,\"valueName\":\"search_term_string\"}}],\"inLanguage\":\"it-IT\"},{\"@type\":\"Organization\",\"@id\":\"https:\/\/www.charminly.com\/it\/#organization\",\"name\":\"Charminly.com\",\"url\":\"https:\/\/www.charminly.com\/it\/\",\"logo\":{\"@type\":\"ImageObject\",\"inLanguage\":\"it-IT\",\"@id\":\"https:\/\/www.charminly.com\/it\/#\/schema\/logo\/image\/\",\"url\":\"https:\/\/www.charminly.com\/wp-content\/uploads\/2014\/10\/logo.png\",\"contentUrl\":\"https:\/\/www.charminly.com\/wp-content\/uploads\/2014\/10\/logo.png\",\"width\":264,\"height\":115,\"caption\":\"Charminly.com\"},\"image\":{\"@id\":\"https:\/\/www.charminly.com\/it\/#\/schema\/logo\/image\/\"},\"sameAs\":[\"https:\/\/www.facebook.com\/charminlyitalia\/\",\"https:\/\/x.com\/charminly_com\"]},{\"@type\":\"Person\",\"@id\":\"https:\/\/www.charminly.com\/it\/#\/schema\/person\/e6a536eb865d9dac6d1e730f53d5f367\",\"name\":\"Charminly\",\"image\":{\"@type\":\"ImageObject\",\"inLanguage\":\"it-IT\",\"@id\":\"https:\/\/www.charminly.com\/it\/#\/schema\/person\/image\/\",\"url\":\"https:\/\/secure.gravatar.com\/avatar\/ee564baea04b5bbffcbd57ac103bc7d1?s=96&d=mm&r=g\",\"contentUrl\":\"https:\/\/secure.gravatar.com\/avatar\/ee564baea04b5bbffcbd57ac103bc7d1?s=96&d=mm&r=g\",\"caption\":\"Charminly\"},\"url\":\"https:\/\/www.charminly.com\/it\/author\/charminly\/\"}]}<\/script>\n<!-- \/ Yoast SEO plugin. -->","yoast_head_json":{"title":"EXPO 2015 ed altri eventi della Lombardia","description":"Durante un soggiorno presso l'Agriturismo San Giacomo Horses, in Arluno Milano, vi permetter\u00e0 di prendere parte a Expo 2015 ed altri eventi della Lombardia.","robots":{"index":"index","follow":"follow","max-snippet":"max-snippet:-1","max-image-preview":"max-image-preview:large","max-video-preview":"max-video-preview:-1"},"canonical":"https:\/\/www.charminly.com\/it\/expo-2015-ed-altri-eventi-della-lombardia\/","og_locale":"it_IT","og_type":"article","og_title":"EXPO 2015 ed altri eventi della Lombardia","og_description":"Durante un soggiorno presso l'Agriturismo San Giacomo Horses, in Arluno Milano, vi permetter\u00e0 di prendere parte a Expo 2015 ed altri eventi della Lombardia.","og_url":"https:\/\/www.charminly.com\/it\/expo-2015-ed-altri-eventi-della-lombardia\/","article_publisher":"https:\/\/www.facebook.com\/charminlyitalia\/","article_published_time":"2015-04-16T10:07:45+00:00","article_modified_time":"2016-03-21T12:59:45+00:00","og_image":[{"width":1024,"height":683,"url":"https:\/\/www.charminly.com\/wp-content\/uploads\/2015\/09\/LAlbero-della-Vita-a-Expo-2015-foto-imnews_opt.jpg","type":"image\/jpeg"}],"author":"Charminly","twitter_card":"summary_large_image","twitter_creator":"@charminly_com","twitter_site":"@charminly_com","twitter_misc":{"Scritto da":"Charminly","Tempo di lettura stimato":"6 minuti"},"schema":{"@context":"https:\/\/schema.org","@graph":[{"@type":"Article","@id":"https:\/\/www.charminly.com\/it\/expo-2015-ed-altri-eventi-della-lombardia\/#article","isPartOf":{"@id":"https:\/\/www.charminly.com\/it\/expo-2015-ed-altri-eventi-della-lombardia\/"},"author":{"name":"Charminly","@id":"https:\/\/www.charminly.com\/it\/#\/schema\/person\/e6a536eb865d9dac6d1e730f53d5f367"},"headline":"EXPO 2015 ed altri eventi della Lombardia","datePublished":"2015-04-16T10:07:45+00:00","dateModified":"2016-03-21T12:59:45+00:00","mainEntityOfPage":{"@id":"https:\/\/www.charminly.com\/it\/expo-2015-ed-altri-eventi-della-lombardia\/"},"wordCount":1122,"publisher":{"@id":"https:\/\/www.charminly.com\/it\/#organization"},"image":{"@id":"https:\/\/www.charminly.com\/it\/expo-2015-ed-altri-eventi-della-lombardia\/#primaryimage"},"thumbnailUrl":"https:\/\/www.charminly.com\/wp-content\/uploads\/2015\/09\/LAlbero-della-Vita-a-Expo-2015-foto-imnews_opt.jpg","keywords":["Cosa fare in Lombardia"],"articleSection":["Feste, tradizioni, arti e mestieri"],"inLanguage":"it-IT"},{"@type":"WebPage","@id":"https:\/\/www.charminly.com\/it\/expo-2015-ed-altri-eventi-della-lombardia\/","url":"https:\/\/www.charminly.com\/it\/expo-2015-ed-altri-eventi-della-lombardia\/","name":"EXPO 2015 ed altri eventi della Lombardia","isPartOf":{"@id":"https:\/\/www.charminly.com\/it\/#website"},"primaryImageOfPage":{"@id":"https:\/\/www.charminly.com\/it\/expo-2015-ed-altri-eventi-della-lombardia\/#primaryimage"},"image":{"@id":"https:\/\/www.charminly.com\/it\/expo-2015-ed-altri-eventi-della-lombardia\/#primaryimage"},"thumbnailUrl":"https:\/\/www.charminly.com\/wp-content\/uploads\/2015\/09\/LAlbero-della-Vita-a-Expo-2015-foto-imnews_opt.jpg","datePublished":"2015-04-16T10:07:45+00:00","dateModified":"2016-03-21T12:59:45+00:00","description":"Durante un soggiorno presso l'Agriturismo San Giacomo Horses, in Arluno Milano, vi permetter\u00e0 di prendere parte a Expo 2015 ed altri eventi della Lombardia.","breadcrumb":{"@id":"https:\/\/www.charminly.com\/it\/expo-2015-ed-altri-eventi-della-lombardia\/#breadcrumb"},"inLanguage":"it-IT","potentialAction":[{"@type":"ReadAction","target":["https:\/\/www.charminly.com\/it\/expo-2015-ed-altri-eventi-della-lombardia\/"]}]},{"@type":"ImageObject","inLanguage":"it-IT","@id":"https:\/\/www.charminly.com\/it\/expo-2015-ed-altri-eventi-della-lombardia\/#primaryimage","url":"https:\/\/www.charminly.com\/wp-content\/uploads\/2015\/09\/LAlbero-della-Vita-a-Expo-2015-foto-imnews_opt.jpg","contentUrl":"https:\/\/www.charminly.com\/wp-content\/uploads\/2015\/09\/LAlbero-della-Vita-a-Expo-2015-foto-imnews_opt.jpg","width":1024,"height":683},{"@type":"BreadcrumbList","@id":"https:\/\/www.charminly.com\/it\/expo-2015-ed-altri-eventi-della-lombardia\/#breadcrumb","itemListElement":[{"@type":"ListItem","position":1,"name":"Home","item":"https:\/\/www.charminly.com\/it\/"},{"@type":"ListItem","position":2,"name":"Cosa fare in Lombardia","item":"https:\/\/www.charminly.com\/it\/tag\/cosa-fare-in-lombardia\/"},{"@type":"ListItem","position":3,"name":"EXPO 2015 ed altri eventi della Lombardia"}]},{"@type":"WebSite","@id":"https:\/\/www.charminly.com\/it\/#website","url":"https:\/\/www.charminly.com\/it\/","name":"","description":"","publisher":{"@id":"https:\/\/www.charminly.com\/it\/#organization"},"potentialAction":[{"@type":"SearchAction","target":{"@type":"EntryPoint","urlTemplate":"https:\/\/www.charminly.com\/it\/?s={search_term_string}"},"query-input":{"@type":"PropertyValueSpecification","valueRequired":true,"valueName":"search_term_string"}}],"inLanguage":"it-IT"},{"@type":"Organization","@id":"https:\/\/www.charminly.com\/it\/#organization","name":"Charminly.com","url":"https:\/\/www.charminly.com\/it\/","logo":{"@type":"ImageObject","inLanguage":"it-IT","@id":"https:\/\/www.charminly.com\/it\/#\/schema\/logo\/image\/","url":"https:\/\/www.charminly.com\/wp-content\/uploads\/2014\/10\/logo.png","contentUrl":"https:\/\/www.charminly.com\/wp-content\/uploads\/2014\/10\/logo.png","width":264,"height":115,"caption":"Charminly.com"},"image":{"@id":"https:\/\/www.charminly.com\/it\/#\/schema\/logo\/image\/"},"sameAs":["https:\/\/www.facebook.com\/charminlyitalia\/","https:\/\/x.com\/charminly_com"]},{"@type":"Person","@id":"https:\/\/www.charminly.com\/it\/#\/schema\/person\/e6a536eb865d9dac6d1e730f53d5f367","name":"Charminly","image":{"@type":"ImageObject","inLanguage":"it-IT","@id":"https:\/\/www.charminly.com\/it\/#\/schema\/person\/image\/","url":"https:\/\/secure.gravatar.com\/avatar\/ee564baea04b5bbffcbd57ac103bc7d1?s=96&d=mm&r=g","contentUrl":"https:\/\/secure.gravatar.com\/avatar\/ee564baea04b5bbffcbd57ac103bc7d1?s=96&d=mm&r=g","caption":"Charminly"},"url":"https:\/\/www.charminly.com\/it\/author\/charminly\/"}]}},"_links":{"self":[{"href":"https:\/\/www.charminly.com\/it\/wp-json\/wp\/v2\/posts\/7878","targetHints":{"allow":["GET"]}}],"collection":[{"href":"https:\/\/www.charminly.com\/it\/wp-json\/wp\/v2\/posts"}],"about":[{"href":"https:\/\/www.charminly.com\/it\/wp-json\/wp\/v2\/types\/post"}],"author":[{"embeddable":true,"href":"https:\/\/www.charminly.com\/it\/wp-json\/wp\/v2\/users\/2"}],"replies":[{"embeddable":true,"href":"https:\/\/www.charminly.com\/it\/wp-json\/wp\/v2\/comments?post=7878"}],"version-history":[{"count":0,"href":"https:\/\/www.charminly.com\/it\/wp-json\/wp\/v2\/posts\/7878\/revisions"}],"wp:featuredmedia":[{"embeddable":true,"href":"https:\/\/www.charminly.com\/it\/wp-json\/wp\/v2\/media\/7868"}],"wp:attachment":[{"href":"https:\/\/www.charminly.com\/it\/wp-json\/wp\/v2\/media?parent=7878"}],"wp:term":[{"taxonomy":"category","embeddable":true,"href":"https:\/\/www.charminly.com\/it\/wp-json\/wp\/v2\/categories?post=7878"},{"taxonomy":"post_tag","embeddable":true,"href":"https:\/\/www.charminly.com\/it\/wp-json\/wp\/v2\/tags?post=7878"}],"curies":[{"name":"wp","href":"https:\/\/api.w.org\/{rel}","templated":true}]}}