{"id":6347,"date":"2015-06-19T11:37:13","date_gmt":"2015-06-19T09:37:13","guid":{"rendered":"https:\/\/www.charminly.com\/?p=6347"},"modified":"2017-07-12T13:12:43","modified_gmt":"2017-07-12T11:12:43","slug":"tutto-lo-charme-dellemilia-romagna","status":"publish","type":"post","link":"https:\/\/www.charminly.com\/it\/tutto-lo-charme-dellemilia-romagna\/","title":{"rendered":"Tutto lo charme dell\u2019Emilia Romagna"},"content":{"rendered":"<p>Una vacanza esclusiva presso\u00a0una delle nostre splendide strutture dell&#8217;<a href=\"https:\/\/www.charminly.com\/it\/region\/emilia-romagna-it\/\"><strong>Emilia Romagna<\/strong><\/a>, vi consentir\u00e0 di poter scoprire e contemplare tutto lo charme dell\u2019Emilia Romagna.<\/p>\n<h3><strong>Modena<\/strong><\/h3>\n<p><strong>Modena<\/strong>, insediamento etrusco, successivamente gallico e poi romano, fu anche la <strong>capitale del Ducato degli Este<\/strong> oltre che antica sede arcivescovile e universitaria. Nel sua antico <strong>Palazzo Ducale<\/strong>, oggi ha sede la prestigiosa <strong>Accademia Militare dell\u2019Esercito<\/strong>.<\/p>\n<p>Pur essendo una delle maggiori realt\u00e0 economiche a livello europeo, Modena ha conservato intatto il suo immenso patrimonio artistico, architettonico e culturale. Non per nulla l\u2019<strong>Unesco<\/strong>, fin dal 1997, ha inserito le sue prestigiose vestigia come <strong>Piazza Grande<\/strong>, la <strong>Torre Civica<\/strong> e il <strong>Duomo<\/strong> come <strong>Patrimonio dell\u2019Umanit\u00e0<\/strong>.<\/p>\n<div id=\"attachment_6342\" style=\"width: 1034px\" class=\"wp-caption alignnone\"><img loading=\"lazy\" decoding=\"async\" aria-describedby=\"caption-attachment-6342\" class=\"wp-image-6342 size-large\" src=\"https:\/\/www.charminly.com\/wp-content\/uploads\/2015\/06\/Duomo_di_Modena_opt-1024x686.jpg\" alt=\"Duomo_di_Modena\" width=\"1024\" height=\"686\" srcset=\"https:\/\/www.charminly.com\/wp-content\/uploads\/2015\/06\/Duomo_di_Modena_opt.jpg 1024w, https:\/\/www.charminly.com\/wp-content\/uploads\/2015\/06\/Duomo_di_Modena_opt-300x201.jpg 300w, https:\/\/www.charminly.com\/wp-content\/uploads\/2015\/06\/Duomo_di_Modena_opt-768x515.jpg 768w, https:\/\/www.charminly.com\/wp-content\/uploads\/2015\/06\/Duomo_di_Modena_opt-105x70.jpg 105w\" sizes=\"auto, (max-width: 1024px) 100vw, 1024px\" \/><p id=\"caption-attachment-6342\" class=\"wp-caption-text\">Duomo di Modena<\/p><\/div>\n<p>Opera d\u2019arte in stile romanico, il Duomo risale al V secolo e al suo interno sono conservate le reliquie del Patrono di Modena, <strong>San Geminiano<\/strong>. Ubicata in pieno centro storico di Modena, Piazza Grande si trova a poca distanza dal Palazzo Comunale. La <strong>Torre Ghirlandina<\/strong>, che deve il suo nome per la presenza di ringhiere a doppio giro, con i suoi <strong>86 metri di altezza<\/strong>, \u00e8 certamente uno dei simboli di Modena.<\/p>\n<h3><strong>Bologna<\/strong><\/h3>\n<p>Bologna \u00e8 stata un rilevante centro urbano, precedentemente sotto gli Etruschi poi con i Celti, in seguito sotto i Romani, e quindi nel periodo medioevale. <strong>Bologna la dotta<\/strong>, <strong>Bologna la rossa<\/strong>, per via del colore dei suoi tetti, <strong>Bologna la grassa<\/strong>, per la sua infinita variet\u00e0 di squisiti prodotti gastronomici.<\/p>\n<div id=\"attachment_6339\" style=\"width: 1034px\" class=\"wp-caption alignnone\"><img loading=\"lazy\" decoding=\"async\" aria-describedby=\"caption-attachment-6339\" class=\"wp-image-6339 size-large\" src=\"https:\/\/www.charminly.com\/wp-content\/uploads\/2015\/06\/Bologna_Palazzo_del_Podest\u00e0_28-04-2012_15-08-46_opt-1024x680.jpg\" alt=\"Bologna_Palazzo_del_Podest\u00e0\" width=\"1024\" height=\"680\" srcset=\"https:\/\/www.charminly.com\/wp-content\/uploads\/2015\/06\/Bologna_Palazzo_del_Podest\u00e0_28-04-2012_15-08-46_opt.jpg 1024w, https:\/\/www.charminly.com\/wp-content\/uploads\/2015\/06\/Bologna_Palazzo_del_Podest\u00e0_28-04-2012_15-08-46_opt-300x199.jpg 300w, https:\/\/www.charminly.com\/wp-content\/uploads\/2015\/06\/Bologna_Palazzo_del_Podest\u00e0_28-04-2012_15-08-46_opt-768x510.jpg 768w, https:\/\/www.charminly.com\/wp-content\/uploads\/2015\/06\/Bologna_Palazzo_del_Podest\u00e0_28-04-2012_15-08-46_opt-105x70.jpg 105w\" sizes=\"auto, (max-width: 1024px) 100vw, 1024px\" \/><p id=\"caption-attachment-6339\" class=\"wp-caption-text\">Bologna Palazzo del Podest\u00e0<\/p><\/div>\n<p>\u00c8 di fatto una stupenda rappresentazione di sinergia fra quello che \u00e8 la modernit\u00e0 e quello che \u00e8 tipicamente tradizionale. Non per nulla, \u00e8 pi\u00f9 che sufficiente fare una camminata in <strong>Piazza Maggiore<\/strong> per poter ammirare un ensemble di edifici antichi e di fermento culturale. \u00c8 il cuore stesso di Bologna, il luogo nel quale si trovano la famosa <strong>Fontana del Nettuno<\/strong>, il <strong>Palazzo dei Bianchi<\/strong>, la grandiosa <strong>Basilica di San<\/strong> <strong>Petronio<\/strong> e di fronte ad essa sorge il <strong>Palazzo del Podest\u00e0<\/strong>.<\/p>\n<p>Come poi non rimanere stupefatti davanti alla bellezza di una delle principali caratteristiche offerte da Bologna come le sue <strong>due Torri<\/strong>, quella degli <strong>Asinelli<\/strong> e la <strong>Garisenda<\/strong>, la <strong>Pinacoteca Nazionale<\/strong> e i suoi mitici portici.<\/p>\n<p>Altra perla di Bologna \u00e8 senza dubbio la <strong>Basilica di San Luca<\/strong>, senza poi dimenticare il <strong>Palazzo dell\u2019Archiginnasio<\/strong> e le sue famose strade come <strong>Via Indipendenza<\/strong>.<\/p>\n<hr \/>\n<div class=\"article_container\"><h2 class=\"shortcode_title\">Charming home nelle vicinanze<\/h2><div class=\"listinglink-wrapper\">\n                           <a href=\"https:\/\/www.charminly.com\/listings\/relais-country-houses-en\/\"> <span class=\"wpresidence_button\"> more listings <\/span><\/a>\n                       <\/div><\/div>\n","protected":false},"excerpt":{"rendered":"<p>Una vacanza esclusiva presso\u00a0una delle nostre splendide strutture dell&#8217;Emilia Romagna, vi consentir\u00e0 di poter scoprire e contemplare tutto lo charme dell\u2019Emilia Romagna. Modena Modena, insediamento etrusco, successivamente gallico e poi romano, fu anche la capitale del Ducato degli Este oltre che antica sede arcivescovile e universitaria. Nel sua antico Palazzo Ducale, oggi ha sede la prestigiosa Accademia Militare dell\u2019Esercito. Pur essendo una delle maggiori &#8230;<\/p>\n","protected":false},"author":2,"featured_media":6344,"comment_status":"closed","ping_status":"closed","sticky":false,"template":"","format":"standard","meta":{"_acf_changed":false,"footnotes":""},"categories":[142],"tags":[631],"class_list":["post-6347","post","type-post","status-publish","format-standard","has-post-thumbnail","hentry","category-arte-e-cultura","tag-cosa-vedere-in-emilia-romagna"],"acf":[],"yoast_head":"<!-- This site is optimized with the Yoast SEO plugin v23.9 - https:\/\/yoast.com\/wordpress\/plugins\/seo\/ -->\n<title>Tutto lo charme dell\u2019Emilia Romagna<\/title>\n<meta name=\"description\" content=\"Una vacanza esclusiva presso una delle nostre splendide strutture dell&#039;Emilia Romagna, vi consentir\u00e0 di poter scoprire tutto lo charme dell\u2019Emilia Romagna\" \/>\n<meta name=\"robots\" content=\"index, follow, max-snippet:-1, max-image-preview:large, max-video-preview:-1\" \/>\n<link rel=\"canonical\" href=\"https:\/\/www.charminly.com\/it\/tutto-lo-charme-dellemilia-romagna\/\" \/>\n<meta property=\"og:locale\" content=\"it_IT\" \/>\n<meta property=\"og:type\" content=\"article\" \/>\n<meta property=\"og:title\" content=\"Tutto lo charme dell\u2019Emilia Romagna\" \/>\n<meta property=\"og:description\" content=\"Una vacanza esclusiva presso una delle nostre splendide strutture dell&#039;Emilia Romagna, vi consentir\u00e0 di poter scoprire tutto lo charme dell\u2019Emilia Romagna\" \/>\n<meta property=\"og:url\" content=\"https:\/\/www.charminly.com\/it\/tutto-lo-charme-dellemilia-romagna\/\" \/>\n<meta property=\"article:publisher\" content=\"https:\/\/www.facebook.com\/charminlyitalia\/\" \/>\n<meta property=\"article:published_time\" content=\"2015-06-19T09:37:13+00:00\" \/>\n<meta property=\"article:modified_time\" content=\"2017-07-12T11:12:43+00:00\" \/>\n<meta property=\"og:image\" content=\"https:\/\/www.charminly.com\/wp-content\/uploads\/2015\/06\/Duomo_di_Modena_opt.jpg\" \/>\n\t<meta property=\"og:image:width\" content=\"1024\" \/>\n\t<meta property=\"og:image:height\" content=\"686\" \/>\n\t<meta property=\"og:image:type\" content=\"image\/jpeg\" \/>\n<meta name=\"author\" content=\"Charminly\" \/>\n<meta name=\"twitter:card\" content=\"summary_large_image\" \/>\n<meta name=\"twitter:creator\" content=\"@charminly_com\" \/>\n<meta name=\"twitter:site\" content=\"@charminly_com\" \/>\n<meta name=\"twitter:label1\" content=\"Scritto da\" \/>\n\t<meta name=\"twitter:data1\" content=\"Charminly\" \/>\n\t<meta name=\"twitter:label2\" content=\"Tempo di lettura stimato\" \/>\n\t<meta name=\"twitter:data2\" content=\"2 minuti\" \/>\n<script type=\"application\/ld+json\" class=\"yoast-schema-graph\">{\"@context\":\"https:\/\/schema.org\",\"@graph\":[{\"@type\":\"Article\",\"@id\":\"https:\/\/www.charminly.com\/it\/tutto-lo-charme-dellemilia-romagna\/#article\",\"isPartOf\":{\"@id\":\"https:\/\/www.charminly.com\/it\/tutto-lo-charme-dellemilia-romagna\/\"},\"author\":{\"name\":\"Charminly\",\"@id\":\"https:\/\/www.charminly.com\/it\/#\/schema\/person\/e6a536eb865d9dac6d1e730f53d5f367\"},\"headline\":\"Tutto lo charme dell\u2019Emilia Romagna\",\"datePublished\":\"2015-06-19T09:37:13+00:00\",\"dateModified\":\"2017-07-12T11:12:43+00:00\",\"mainEntityOfPage\":{\"@id\":\"https:\/\/www.charminly.com\/it\/tutto-lo-charme-dellemilia-romagna\/\"},\"wordCount\":423,\"publisher\":{\"@id\":\"https:\/\/www.charminly.com\/it\/#organization\"},\"image\":{\"@id\":\"https:\/\/www.charminly.com\/it\/tutto-lo-charme-dellemilia-romagna\/#primaryimage\"},\"thumbnailUrl\":\"https:\/\/www.charminly.com\/wp-content\/uploads\/2015\/06\/Duomo_di_Modena_opt.jpg\",\"keywords\":[\"Cosa vedere in Emilia Romagna\"],\"articleSection\":[\"Arte e cultura\"],\"inLanguage\":\"it-IT\"},{\"@type\":\"WebPage\",\"@id\":\"https:\/\/www.charminly.com\/it\/tutto-lo-charme-dellemilia-romagna\/\",\"url\":\"https:\/\/www.charminly.com\/it\/tutto-lo-charme-dellemilia-romagna\/\",\"name\":\"Tutto lo charme dell\u2019Emilia Romagna\",\"isPartOf\":{\"@id\":\"https:\/\/www.charminly.com\/it\/#website\"},\"primaryImageOfPage\":{\"@id\":\"https:\/\/www.charminly.com\/it\/tutto-lo-charme-dellemilia-romagna\/#primaryimage\"},\"image\":{\"@id\":\"https:\/\/www.charminly.com\/it\/tutto-lo-charme-dellemilia-romagna\/#primaryimage\"},\"thumbnailUrl\":\"https:\/\/www.charminly.com\/wp-content\/uploads\/2015\/06\/Duomo_di_Modena_opt.jpg\",\"datePublished\":\"2015-06-19T09:37:13+00:00\",\"dateModified\":\"2017-07-12T11:12:43+00:00\",\"description\":\"Una vacanza esclusiva presso una delle nostre splendide strutture dell'Emilia Romagna, vi consentir\u00e0 di poter scoprire tutto lo charme dell\u2019Emilia Romagna\",\"breadcrumb\":{\"@id\":\"https:\/\/www.charminly.com\/it\/tutto-lo-charme-dellemilia-romagna\/#breadcrumb\"},\"inLanguage\":\"it-IT\",\"potentialAction\":[{\"@type\":\"ReadAction\",\"target\":[\"https:\/\/www.charminly.com\/it\/tutto-lo-charme-dellemilia-romagna\/\"]}]},{\"@type\":\"ImageObject\",\"inLanguage\":\"it-IT\",\"@id\":\"https:\/\/www.charminly.com\/it\/tutto-lo-charme-dellemilia-romagna\/#primaryimage\",\"url\":\"https:\/\/www.charminly.com\/wp-content\/uploads\/2015\/06\/Duomo_di_Modena_opt.jpg\",\"contentUrl\":\"https:\/\/www.charminly.com\/wp-content\/uploads\/2015\/06\/Duomo_di_Modena_opt.jpg\",\"width\":1024,\"height\":686},{\"@type\":\"BreadcrumbList\",\"@id\":\"https:\/\/www.charminly.com\/it\/tutto-lo-charme-dellemilia-romagna\/#breadcrumb\",\"itemListElement\":[{\"@type\":\"ListItem\",\"position\":1,\"name\":\"Home\",\"item\":\"https:\/\/www.charminly.com\/it\/\"},{\"@type\":\"ListItem\",\"position\":2,\"name\":\"Cosa vedere in Emilia Romagna\",\"item\":\"https:\/\/www.charminly.com\/it\/tag\/cosa-vedere-in-emilia-romagna\/\"},{\"@type\":\"ListItem\",\"position\":3,\"name\":\"Tutto lo charme dell\u2019Emilia Romagna\"}]},{\"@type\":\"WebSite\",\"@id\":\"https:\/\/www.charminly.com\/it\/#website\",\"url\":\"https:\/\/www.charminly.com\/it\/\",\"name\":\"\",\"description\":\"\",\"publisher\":{\"@id\":\"https:\/\/www.charminly.com\/it\/#organization\"},\"potentialAction\":[{\"@type\":\"SearchAction\",\"target\":{\"@type\":\"EntryPoint\",\"urlTemplate\":\"https:\/\/www.charminly.com\/it\/?s={search_term_string}\"},\"query-input\":{\"@type\":\"PropertyValueSpecification\",\"valueRequired\":true,\"valueName\":\"search_term_string\"}}],\"inLanguage\":\"it-IT\"},{\"@type\":\"Organization\",\"@id\":\"https:\/\/www.charminly.com\/it\/#organization\",\"name\":\"Charminly.com\",\"url\":\"https:\/\/www.charminly.com\/it\/\",\"logo\":{\"@type\":\"ImageObject\",\"inLanguage\":\"it-IT\",\"@id\":\"https:\/\/www.charminly.com\/it\/#\/schema\/logo\/image\/\",\"url\":\"https:\/\/www.charminly.com\/wp-content\/uploads\/2014\/10\/logo.png\",\"contentUrl\":\"https:\/\/www.charminly.com\/wp-content\/uploads\/2014\/10\/logo.png\",\"width\":264,\"height\":115,\"caption\":\"Charminly.com\"},\"image\":{\"@id\":\"https:\/\/www.charminly.com\/it\/#\/schema\/logo\/image\/\"},\"sameAs\":[\"https:\/\/www.facebook.com\/charminlyitalia\/\",\"https:\/\/x.com\/charminly_com\"]},{\"@type\":\"Person\",\"@id\":\"https:\/\/www.charminly.com\/it\/#\/schema\/person\/e6a536eb865d9dac6d1e730f53d5f367\",\"name\":\"Charminly\",\"image\":{\"@type\":\"ImageObject\",\"inLanguage\":\"it-IT\",\"@id\":\"https:\/\/www.charminly.com\/it\/#\/schema\/person\/image\/\",\"url\":\"https:\/\/secure.gravatar.com\/avatar\/ee564baea04b5bbffcbd57ac103bc7d1?s=96&d=mm&r=g\",\"contentUrl\":\"https:\/\/secure.gravatar.com\/avatar\/ee564baea04b5bbffcbd57ac103bc7d1?s=96&d=mm&r=g\",\"caption\":\"Charminly\"},\"url\":\"https:\/\/www.charminly.com\/it\/author\/charminly\/\"}]}<\/script>\n<!-- \/ Yoast SEO plugin. -->","yoast_head_json":{"title":"Tutto lo charme dell\u2019Emilia Romagna","description":"Una vacanza esclusiva presso una delle nostre splendide strutture dell'Emilia Romagna, vi consentir\u00e0 di poter scoprire tutto lo charme dell\u2019Emilia Romagna","robots":{"index":"index","follow":"follow","max-snippet":"max-snippet:-1","max-image-preview":"max-image-preview:large","max-video-preview":"max-video-preview:-1"},"canonical":"https:\/\/www.charminly.com\/it\/tutto-lo-charme-dellemilia-romagna\/","og_locale":"it_IT","og_type":"article","og_title":"Tutto lo charme dell\u2019Emilia Romagna","og_description":"Una vacanza esclusiva presso una delle nostre splendide strutture dell'Emilia Romagna, vi consentir\u00e0 di poter scoprire tutto lo charme dell\u2019Emilia Romagna","og_url":"https:\/\/www.charminly.com\/it\/tutto-lo-charme-dellemilia-romagna\/","article_publisher":"https:\/\/www.facebook.com\/charminlyitalia\/","article_published_time":"2015-06-19T09:37:13+00:00","article_modified_time":"2017-07-12T11:12:43+00:00","og_image":[{"width":1024,"height":686,"url":"https:\/\/www.charminly.com\/wp-content\/uploads\/2015\/06\/Duomo_di_Modena_opt.jpg","type":"image\/jpeg"}],"author":"Charminly","twitter_card":"summary_large_image","twitter_creator":"@charminly_com","twitter_site":"@charminly_com","twitter_misc":{"Scritto da":"Charminly","Tempo di lettura stimato":"2 minuti"},"schema":{"@context":"https:\/\/schema.org","@graph":[{"@type":"Article","@id":"https:\/\/www.charminly.com\/it\/tutto-lo-charme-dellemilia-romagna\/#article","isPartOf":{"@id":"https:\/\/www.charminly.com\/it\/tutto-lo-charme-dellemilia-romagna\/"},"author":{"name":"Charminly","@id":"https:\/\/www.charminly.com\/it\/#\/schema\/person\/e6a536eb865d9dac6d1e730f53d5f367"},"headline":"Tutto lo charme dell\u2019Emilia Romagna","datePublished":"2015-06-19T09:37:13+00:00","dateModified":"2017-07-12T11:12:43+00:00","mainEntityOfPage":{"@id":"https:\/\/www.charminly.com\/it\/tutto-lo-charme-dellemilia-romagna\/"},"wordCount":423,"publisher":{"@id":"https:\/\/www.charminly.com\/it\/#organization"},"image":{"@id":"https:\/\/www.charminly.com\/it\/tutto-lo-charme-dellemilia-romagna\/#primaryimage"},"thumbnailUrl":"https:\/\/www.charminly.com\/wp-content\/uploads\/2015\/06\/Duomo_di_Modena_opt.jpg","keywords":["Cosa vedere in Emilia Romagna"],"articleSection":["Arte e cultura"],"inLanguage":"it-IT"},{"@type":"WebPage","@id":"https:\/\/www.charminly.com\/it\/tutto-lo-charme-dellemilia-romagna\/","url":"https:\/\/www.charminly.com\/it\/tutto-lo-charme-dellemilia-romagna\/","name":"Tutto lo charme dell\u2019Emilia Romagna","isPartOf":{"@id":"https:\/\/www.charminly.com\/it\/#website"},"primaryImageOfPage":{"@id":"https:\/\/www.charminly.com\/it\/tutto-lo-charme-dellemilia-romagna\/#primaryimage"},"image":{"@id":"https:\/\/www.charminly.com\/it\/tutto-lo-charme-dellemilia-romagna\/#primaryimage"},"thumbnailUrl":"https:\/\/www.charminly.com\/wp-content\/uploads\/2015\/06\/Duomo_di_Modena_opt.jpg","datePublished":"2015-06-19T09:37:13+00:00","dateModified":"2017-07-12T11:12:43+00:00","description":"Una vacanza esclusiva presso una delle nostre splendide strutture dell'Emilia Romagna, vi consentir\u00e0 di poter scoprire tutto lo charme dell\u2019Emilia Romagna","breadcrumb":{"@id":"https:\/\/www.charminly.com\/it\/tutto-lo-charme-dellemilia-romagna\/#breadcrumb"},"inLanguage":"it-IT","potentialAction":[{"@type":"ReadAction","target":["https:\/\/www.charminly.com\/it\/tutto-lo-charme-dellemilia-romagna\/"]}]},{"@type":"ImageObject","inLanguage":"it-IT","@id":"https:\/\/www.charminly.com\/it\/tutto-lo-charme-dellemilia-romagna\/#primaryimage","url":"https:\/\/www.charminly.com\/wp-content\/uploads\/2015\/06\/Duomo_di_Modena_opt.jpg","contentUrl":"https:\/\/www.charminly.com\/wp-content\/uploads\/2015\/06\/Duomo_di_Modena_opt.jpg","width":1024,"height":686},{"@type":"BreadcrumbList","@id":"https:\/\/www.charminly.com\/it\/tutto-lo-charme-dellemilia-romagna\/#breadcrumb","itemListElement":[{"@type":"ListItem","position":1,"name":"Home","item":"https:\/\/www.charminly.com\/it\/"},{"@type":"ListItem","position":2,"name":"Cosa vedere in Emilia Romagna","item":"https:\/\/www.charminly.com\/it\/tag\/cosa-vedere-in-emilia-romagna\/"},{"@type":"ListItem","position":3,"name":"Tutto lo charme dell\u2019Emilia Romagna"}]},{"@type":"WebSite","@id":"https:\/\/www.charminly.com\/it\/#website","url":"https:\/\/www.charminly.com\/it\/","name":"","description":"","publisher":{"@id":"https:\/\/www.charminly.com\/it\/#organization"},"potentialAction":[{"@type":"SearchAction","target":{"@type":"EntryPoint","urlTemplate":"https:\/\/www.charminly.com\/it\/?s={search_term_string}"},"query-input":{"@type":"PropertyValueSpecification","valueRequired":true,"valueName":"search_term_string"}}],"inLanguage":"it-IT"},{"@type":"Organization","@id":"https:\/\/www.charminly.com\/it\/#organization","name":"Charminly.com","url":"https:\/\/www.charminly.com\/it\/","logo":{"@type":"ImageObject","inLanguage":"it-IT","@id":"https:\/\/www.charminly.com\/it\/#\/schema\/logo\/image\/","url":"https:\/\/www.charminly.com\/wp-content\/uploads\/2014\/10\/logo.png","contentUrl":"https:\/\/www.charminly.com\/wp-content\/uploads\/2014\/10\/logo.png","width":264,"height":115,"caption":"Charminly.com"},"image":{"@id":"https:\/\/www.charminly.com\/it\/#\/schema\/logo\/image\/"},"sameAs":["https:\/\/www.facebook.com\/charminlyitalia\/","https:\/\/x.com\/charminly_com"]},{"@type":"Person","@id":"https:\/\/www.charminly.com\/it\/#\/schema\/person\/e6a536eb865d9dac6d1e730f53d5f367","name":"Charminly","image":{"@type":"ImageObject","inLanguage":"it-IT","@id":"https:\/\/www.charminly.com\/it\/#\/schema\/person\/image\/","url":"https:\/\/secure.gravatar.com\/avatar\/ee564baea04b5bbffcbd57ac103bc7d1?s=96&d=mm&r=g","contentUrl":"https:\/\/secure.gravatar.com\/avatar\/ee564baea04b5bbffcbd57ac103bc7d1?s=96&d=mm&r=g","caption":"Charminly"},"url":"https:\/\/www.charminly.com\/it\/author\/charminly\/"}]}},"_links":{"self":[{"href":"https:\/\/www.charminly.com\/it\/wp-json\/wp\/v2\/posts\/6347","targetHints":{"allow":["GET"]}}],"collection":[{"href":"https:\/\/www.charminly.com\/it\/wp-json\/wp\/v2\/posts"}],"about":[{"href":"https:\/\/www.charminly.com\/it\/wp-json\/wp\/v2\/types\/post"}],"author":[{"embeddable":true,"href":"https:\/\/www.charminly.com\/it\/wp-json\/wp\/v2\/users\/2"}],"replies":[{"embeddable":true,"href":"https:\/\/www.charminly.com\/it\/wp-json\/wp\/v2\/comments?post=6347"}],"version-history":[{"count":0,"href":"https:\/\/www.charminly.com\/it\/wp-json\/wp\/v2\/posts\/6347\/revisions"}],"wp:featuredmedia":[{"embeddable":true,"href":"https:\/\/www.charminly.com\/it\/wp-json\/wp\/v2\/media\/6344"}],"wp:attachment":[{"href":"https:\/\/www.charminly.com\/it\/wp-json\/wp\/v2\/media?parent=6347"}],"wp:term":[{"taxonomy":"category","embeddable":true,"href":"https:\/\/www.charminly.com\/it\/wp-json\/wp\/v2\/categories?post=6347"},{"taxonomy":"post_tag","embeddable":true,"href":"https:\/\/www.charminly.com\/it\/wp-json\/wp\/v2\/tags?post=6347"}],"curies":[{"name":"wp","href":"https:\/\/api.w.org\/{rel}","templated":true}]}}