{"id":6308,"date":"2015-06-18T14:23:40","date_gmt":"2015-06-18T12:23:40","guid":{"rendered":"https:\/\/www.charminly.com\/?p=6308"},"modified":"2016-03-21T13:38:12","modified_gmt":"2016-03-21T12:38:12","slug":"lindiscutibile-charme-della-lombardia","status":"publish","type":"post","link":"https:\/\/www.charminly.com\/it\/lindiscutibile-charme-della-lombardia\/","title":{"rendered":"L\u2019indiscutibile charme della Lombardia"},"content":{"rendered":"<p>Una esclusiva vacanza presso <strong><a href=\"https:\/\/www.charminly.com\/it\/properties\/il-sole-di-ranco-it\/\" target=\"_blank\">Il Sole Di Ranco<\/a><\/strong>, che si trova sul<b> <a href=\"\/?property_area=lago-maggiore-it\" target=\"_blank\">Lago Maggiore<\/a><\/b>, in <strong>Lombardia<\/strong> in provincia di <strong>Varese<\/strong>, consentir\u00e0 di poter visitare e ammirare alcune delle pi\u00f9 belle e interessanti localit\u00e0 della Regione.<\/p>\n<h3><strong>Rocca di Angera<\/strong><\/h3>\n<p>La <strong>Rocca Borromea di Angera<\/strong>, il cui complesso di elementi difensivi risalgono ai tempi dei romani e dei longobardi, si trova ad <strong>Angera<\/strong> in provincia di <strong>Varese<\/strong>.<\/p>\n<p>Abbarbicata su un contrafforte di roccia calcarea sulle sponde del <strong>Lago Maggiore<\/strong>, \u00e8, senza ombra di dubbio, uno dei castelli meglio conservati presenti nel territorio lombardo. Posizionata a circa duecento metri, rivestiva una notevole importanza militare, in quanto dominava la parte meridionale del lago stesso e, nel contempo permetteva di spaziare lo sguardo fino alle <strong>Alpi<\/strong>.<\/p>\n<div id=\"attachment_6301\" style=\"width: 1034px\" class=\"wp-caption alignnone\"><img loading=\"lazy\" decoding=\"async\" aria-describedby=\"caption-attachment-6301\" class=\"wp-image-6301 size-large\" src=\"https:\/\/www.charminly.com\/wp-content\/uploads\/2015\/06\/Rocca_di_Angera_03_opt-1024x768.jpg\" alt=\"Rocca_di_Angera\" width=\"1024\" height=\"768\" srcset=\"https:\/\/www.charminly.com\/wp-content\/uploads\/2015\/06\/Rocca_di_Angera_03_opt.jpg 1024w, https:\/\/www.charminly.com\/wp-content\/uploads\/2015\/06\/Rocca_di_Angera_03_opt-300x225.jpg 300w, https:\/\/www.charminly.com\/wp-content\/uploads\/2015\/06\/Rocca_di_Angera_03_opt-768x576.jpg 768w\" sizes=\"auto, (max-width: 1024px) 100vw, 1024px\" \/><p id=\"caption-attachment-6301\" class=\"wp-caption-text\">Rocca di Angera<\/p><\/div>\n<p>Grazie a questa sue peculiarit\u00e0 consentiva di poter controllare l\u2019intero territorio da possibili invasione da parte di truppe nemiche. Di propriet\u00e0 inizialmente della <strong>Mensa Arcivescovile<\/strong>, nel <strong>1384<\/strong> venne acquisita dalla <strong>famiglia Visconti<\/strong>. Nel <strong>1449<\/strong>, estinta la Signoria dei Visconti, la Rocca di Angera, venne venduta a <strong>Vitaliano Borromeo<\/strong>.<\/p>\n<p>Il suo stile architettonico che si \u00e8 evoluto dal XII secolo fino al XIV secolo, offre la magnifica visione di <strong>ben cinque corpi<\/strong> che furono, appunto, eretti in diverse epoche. La <strong>Torre Principale<\/strong> risale al periodo a cavallo fra il XII e il XIII secolo, addossata alla quale si sviluppa l\u2019<strong>Ala Viscontea<\/strong>. L\u2019altra ala \u00e8 invece nota come <strong>Ala dei Borromei<\/strong>.<\/p>\n<p>Tra i resti di una antica torre e la cinta muraria si trova il piccolo palazzo del XIII secolo. Nell\u2019area limitrofa al margine posto a sud dell\u2019Ala viscontea, si trova la <strong>Torre di Giovanni Visconti<\/strong>, l\u2019ultimo corpo edificato intorno al 1350. Una delle tante meraviglie offerte dalla Rocca di Angera \u00e8 la stupenda <strong>Sala di Giustizia<\/strong>, senza poi dimenticare il <strong>Museo della Bambola<\/strong>, unico esempio in Italia e uno tra i pi\u00f9 importanti di tutta Europa.<\/p>\n<div id=\"attachment_6304\" style=\"width: 1034px\" class=\"wp-caption alignnone\"><img loading=\"lazy\" decoding=\"async\" aria-describedby=\"caption-attachment-6304\" class=\"wp-image-6304 size-large\" src=\"https:\/\/www.charminly.com\/wp-content\/uploads\/2015\/06\/Santa_Catarina_del_Sasso_opt-1024x768.jpg\" alt=\"Santa_Caterina_del_Sasso\" width=\"1024\" height=\"768\" srcset=\"https:\/\/www.charminly.com\/wp-content\/uploads\/2015\/06\/Santa_Catarina_del_Sasso_opt.jpg 1024w, https:\/\/www.charminly.com\/wp-content\/uploads\/2015\/06\/Santa_Catarina_del_Sasso_opt-300x225.jpg 300w, https:\/\/www.charminly.com\/wp-content\/uploads\/2015\/06\/Santa_Catarina_del_Sasso_opt-768x576.jpg 768w\" sizes=\"auto, (max-width: 1024px) 100vw, 1024px\" \/><p id=\"caption-attachment-6304\" class=\"wp-caption-text\">Santa Caterina del Sasso<\/p><\/div>\n<h3><strong>Santa Caterina del Sasso<\/strong><\/h3>\n<p>Una esclusiva vacanza presso <strong><a href=\"https:\/\/www.charminly.com\/it\/properties\/il-sole-di-ranco-it\/\" target=\"_blank\">Il Sole Di Ranco<\/a><\/strong>, che si trova a <strong>Ranco<\/strong>, in <strong>Lombardia<\/strong> in provincia di <strong>Varese<\/strong>, consentir\u00e0 di poter visitare e ammirare l\u2019<strong>eremo di Santa Caterina del Sasso <\/strong>che si trova a Leggiuno, un comune che \u00e8 anch\u2019esso in provincia di <strong>Varese<\/strong>.<\/p>\n<p>\u00c8 un <strong>monastero a strapiombo<\/strong> sulla sponda a est del <strong>Lago Maggiore<\/strong> e, secondo la tradizione, le sue origini risalirebbero al XII secolo. Il sacello, risalendo al <strong>1195<\/strong>, rappresenta la pi\u00f9 antica di tutto il complesso. Di particolare interesse sono anche la <strong>torre campanaria<\/strong> e gli interni stessi dell\u2019eremo.<\/p>\n<hr \/>\n<div class=\"article_container\"><h2 class=\"shortcode_title\">Charming home nelle vicinanze<\/h2>\n\n\n<div class=\"col-md-4 shortcode-col listing_wrapper\" data-org=\"4\" data-listid=\"5025\">\n    <div class=\"property_listing   \" data-link=\"https:\/\/www.charminly.com\/it\/estate_property\/il-sole-di-ranco-it\/\">\n\n        <div class=\"listing-unit-img-wrapper\"><a href=\"https:\/\/www.charminly.com\/it\/estate_property\/il-sole-di-ranco-it\/\"><img loading=\"lazy\" decoding=\"async\" width=\"265\" height=\"163\" src=\"https:\/\/www.charminly.com\/wp-content\/uploads\/2015\/04\/Il-Sole-di-Ranco-1-265x163.jpg\" class=\"lazyload img-responsive wp-post-image\" alt=\"\" data-original=\"https:\/\/www.charminly.com\/wp-content\/uploads\/2015\/04\/Il-Sole-di-Ranco-1-265x163.jpg\" \/><\/a><\/div>\n\n            <h4><a href=\"https:\/\/www.charminly.com\/it\/estate_property\/il-sole-di-ranco-it\/\">\n                    Il Sole di Ranco                <\/a>\n            <\/h4>\n            <div class=\"property_address\">\n                Piazza Venezia 5, Ranco - Angera (VA)            <\/div>\n\n\n\n\n\n                            <div class=\"listing_details the_grid_view\">\n                    Siamo nel Varesotto, poco distanti dal confine tra Lombardia e Piemonte, sul Lago Maggiore e vicini a Lago di Vares...                <\/div>\n\n                <div class=\"listing_details the_list_view\">\n                    Siamo nel Varesotto, poco distanti dal confine tra Lombardia e Piemonte, sul Lago Maggiore e vicini a Lago di Vares...                <\/div>\n            \n\n            <div class=\"property_listing_details\">\n\n            <\/div>\n\n            <div class=\"property_location\">\n                <div> <span class=\"inforoom\">14<\/span><\/div><span class=\"pricerange\">da  120 a \u20ac 300<\/span>            <\/div>\n            <\/div>\n<\/div>\n\n<div class=\"listinglink-wrapper\">\n                           <a href=\"https:\/\/www.charminly.com\/listings\/relais-country-houses-en\/\"> <span class=\"wpresidence_button\"> more listings <\/span><\/a>\n                       <\/div><\/div>\n","protected":false},"excerpt":{"rendered":"<p>Una esclusiva vacanza presso Il Sole Di Ranco, che si trova sul Lago Maggiore, in Lombardia in provincia di Varese, consentir\u00e0 di poter visitare e ammirare alcune delle pi\u00f9 belle e interessanti localit\u00e0 della Regione. Rocca di Angera La Rocca Borromea di Angera, il cui complesso di elementi difensivi risalgono ai tempi dei romani e dei longobardi, si trova ad Angera in provincia di &#8230;<\/p>\n","protected":false},"author":2,"featured_media":6306,"comment_status":"closed","ping_status":"closed","sticky":false,"template":"","format":"standard","meta":{"_acf_changed":false,"footnotes":""},"categories":[142],"tags":[635],"class_list":["post-6308","post","type-post","status-publish","format-standard","has-post-thumbnail","hentry","category-arte-e-cultura","tag-cosa-vedere-in-lombardia"],"acf":[],"yoast_head":"<!-- This site is optimized with the Yoast SEO plugin v23.9 - https:\/\/yoast.com\/wordpress\/plugins\/seo\/ -->\n<title>L\u2019indiscutibile charme della Lombardia<\/title>\n<meta name=\"description\" content=\"L\u2019indiscutibile charme della Lombardia. Approfittando di un soggiorno presso Il Sole Di Ranco, sul Lago Maggiore, in Lombardia. Leggi tutto l&#039;articolo...\" \/>\n<meta name=\"robots\" content=\"index, follow, max-snippet:-1, max-image-preview:large, max-video-preview:-1\" \/>\n<link rel=\"canonical\" href=\"https:\/\/www.charminly.com\/it\/lindiscutibile-charme-della-lombardia\/\" \/>\n<meta property=\"og:locale\" content=\"it_IT\" \/>\n<meta property=\"og:type\" content=\"article\" \/>\n<meta property=\"og:title\" content=\"L\u2019indiscutibile charme della Lombardia\" \/>\n<meta property=\"og:description\" content=\"L\u2019indiscutibile charme della Lombardia. Approfittando di un soggiorno presso Il Sole Di Ranco, sul Lago Maggiore, in Lombardia. Leggi tutto l&#039;articolo...\" \/>\n<meta property=\"og:url\" content=\"https:\/\/www.charminly.com\/it\/lindiscutibile-charme-della-lombardia\/\" \/>\n<meta property=\"article:publisher\" content=\"https:\/\/www.facebook.com\/charminlyitalia\/\" \/>\n<meta property=\"article:published_time\" content=\"2015-06-18T12:23:40+00:00\" \/>\n<meta property=\"article:modified_time\" content=\"2016-03-21T12:38:12+00:00\" \/>\n<meta property=\"og:image\" content=\"https:\/\/www.charminly.com\/wp-content\/uploads\/2015\/06\/Santa_Catarina_del_Sasso_opt.jpg\" \/>\n\t<meta property=\"og:image:width\" content=\"1024\" \/>\n\t<meta property=\"og:image:height\" content=\"768\" \/>\n\t<meta property=\"og:image:type\" content=\"image\/jpeg\" \/>\n<meta name=\"author\" content=\"Charminly\" \/>\n<meta name=\"twitter:card\" content=\"summary_large_image\" \/>\n<meta name=\"twitter:creator\" content=\"@charminly_com\" \/>\n<meta name=\"twitter:site\" content=\"@charminly_com\" \/>\n<meta name=\"twitter:label1\" content=\"Scritto da\" \/>\n\t<meta name=\"twitter:data1\" content=\"Charminly\" \/>\n\t<meta name=\"twitter:label2\" content=\"Tempo di lettura stimato\" \/>\n\t<meta name=\"twitter:data2\" content=\"2 minuti\" \/>\n<script type=\"application\/ld+json\" class=\"yoast-schema-graph\">{\"@context\":\"https:\/\/schema.org\",\"@graph\":[{\"@type\":\"Article\",\"@id\":\"https:\/\/www.charminly.com\/it\/lindiscutibile-charme-della-lombardia\/#article\",\"isPartOf\":{\"@id\":\"https:\/\/www.charminly.com\/it\/lindiscutibile-charme-della-lombardia\/\"},\"author\":{\"name\":\"Charminly\",\"@id\":\"https:\/\/www.charminly.com\/it\/#\/schema\/person\/e6a536eb865d9dac6d1e730f53d5f367\"},\"headline\":\"L\u2019indiscutibile charme della Lombardia\",\"datePublished\":\"2015-06-18T12:23:40+00:00\",\"dateModified\":\"2016-03-21T12:38:12+00:00\",\"mainEntityOfPage\":{\"@id\":\"https:\/\/www.charminly.com\/it\/lindiscutibile-charme-della-lombardia\/\"},\"wordCount\":455,\"publisher\":{\"@id\":\"https:\/\/www.charminly.com\/it\/#organization\"},\"image\":{\"@id\":\"https:\/\/www.charminly.com\/it\/lindiscutibile-charme-della-lombardia\/#primaryimage\"},\"thumbnailUrl\":\"https:\/\/www.charminly.com\/wp-content\/uploads\/2015\/06\/Santa_Catarina_del_Sasso_opt.jpg\",\"keywords\":[\"Cosa vedere in Lombardia\"],\"articleSection\":[\"Arte e cultura\"],\"inLanguage\":\"it-IT\"},{\"@type\":\"WebPage\",\"@id\":\"https:\/\/www.charminly.com\/it\/lindiscutibile-charme-della-lombardia\/\",\"url\":\"https:\/\/www.charminly.com\/it\/lindiscutibile-charme-della-lombardia\/\",\"name\":\"L\u2019indiscutibile charme della Lombardia\",\"isPartOf\":{\"@id\":\"https:\/\/www.charminly.com\/it\/#website\"},\"primaryImageOfPage\":{\"@id\":\"https:\/\/www.charminly.com\/it\/lindiscutibile-charme-della-lombardia\/#primaryimage\"},\"image\":{\"@id\":\"https:\/\/www.charminly.com\/it\/lindiscutibile-charme-della-lombardia\/#primaryimage\"},\"thumbnailUrl\":\"https:\/\/www.charminly.com\/wp-content\/uploads\/2015\/06\/Santa_Catarina_del_Sasso_opt.jpg\",\"datePublished\":\"2015-06-18T12:23:40+00:00\",\"dateModified\":\"2016-03-21T12:38:12+00:00\",\"description\":\"L\u2019indiscutibile charme della Lombardia. Approfittando di un soggiorno presso Il Sole Di Ranco, sul Lago Maggiore, in Lombardia. Leggi tutto l'articolo...\",\"breadcrumb\":{\"@id\":\"https:\/\/www.charminly.com\/it\/lindiscutibile-charme-della-lombardia\/#breadcrumb\"},\"inLanguage\":\"it-IT\",\"potentialAction\":[{\"@type\":\"ReadAction\",\"target\":[\"https:\/\/www.charminly.com\/it\/lindiscutibile-charme-della-lombardia\/\"]}]},{\"@type\":\"ImageObject\",\"inLanguage\":\"it-IT\",\"@id\":\"https:\/\/www.charminly.com\/it\/lindiscutibile-charme-della-lombardia\/#primaryimage\",\"url\":\"https:\/\/www.charminly.com\/wp-content\/uploads\/2015\/06\/Santa_Catarina_del_Sasso_opt.jpg\",\"contentUrl\":\"https:\/\/www.charminly.com\/wp-content\/uploads\/2015\/06\/Santa_Catarina_del_Sasso_opt.jpg\",\"width\":1024,\"height\":768},{\"@type\":\"BreadcrumbList\",\"@id\":\"https:\/\/www.charminly.com\/it\/lindiscutibile-charme-della-lombardia\/#breadcrumb\",\"itemListElement\":[{\"@type\":\"ListItem\",\"position\":1,\"name\":\"Home\",\"item\":\"https:\/\/www.charminly.com\/it\/\"},{\"@type\":\"ListItem\",\"position\":2,\"name\":\"Cosa vedere in Lombardia\",\"item\":\"https:\/\/www.charminly.com\/it\/tag\/cosa-vedere-in-lombardia\/\"},{\"@type\":\"ListItem\",\"position\":3,\"name\":\"L\u2019indiscutibile charme della Lombardia\"}]},{\"@type\":\"WebSite\",\"@id\":\"https:\/\/www.charminly.com\/it\/#website\",\"url\":\"https:\/\/www.charminly.com\/it\/\",\"name\":\"\",\"description\":\"\",\"publisher\":{\"@id\":\"https:\/\/www.charminly.com\/it\/#organization\"},\"potentialAction\":[{\"@type\":\"SearchAction\",\"target\":{\"@type\":\"EntryPoint\",\"urlTemplate\":\"https:\/\/www.charminly.com\/it\/?s={search_term_string}\"},\"query-input\":{\"@type\":\"PropertyValueSpecification\",\"valueRequired\":true,\"valueName\":\"search_term_string\"}}],\"inLanguage\":\"it-IT\"},{\"@type\":\"Organization\",\"@id\":\"https:\/\/www.charminly.com\/it\/#organization\",\"name\":\"Charminly.com\",\"url\":\"https:\/\/www.charminly.com\/it\/\",\"logo\":{\"@type\":\"ImageObject\",\"inLanguage\":\"it-IT\",\"@id\":\"https:\/\/www.charminly.com\/it\/#\/schema\/logo\/image\/\",\"url\":\"https:\/\/www.charminly.com\/wp-content\/uploads\/2014\/10\/logo.png\",\"contentUrl\":\"https:\/\/www.charminly.com\/wp-content\/uploads\/2014\/10\/logo.png\",\"width\":264,\"height\":115,\"caption\":\"Charminly.com\"},\"image\":{\"@id\":\"https:\/\/www.charminly.com\/it\/#\/schema\/logo\/image\/\"},\"sameAs\":[\"https:\/\/www.facebook.com\/charminlyitalia\/\",\"https:\/\/x.com\/charminly_com\"]},{\"@type\":\"Person\",\"@id\":\"https:\/\/www.charminly.com\/it\/#\/schema\/person\/e6a536eb865d9dac6d1e730f53d5f367\",\"name\":\"Charminly\",\"image\":{\"@type\":\"ImageObject\",\"inLanguage\":\"it-IT\",\"@id\":\"https:\/\/www.charminly.com\/it\/#\/schema\/person\/image\/\",\"url\":\"https:\/\/secure.gravatar.com\/avatar\/ee564baea04b5bbffcbd57ac103bc7d1?s=96&d=mm&r=g\",\"contentUrl\":\"https:\/\/secure.gravatar.com\/avatar\/ee564baea04b5bbffcbd57ac103bc7d1?s=96&d=mm&r=g\",\"caption\":\"Charminly\"},\"url\":\"https:\/\/www.charminly.com\/it\/author\/charminly\/\"}]}<\/script>\n<!-- \/ Yoast SEO plugin. -->","yoast_head_json":{"title":"L\u2019indiscutibile charme della Lombardia","description":"L\u2019indiscutibile charme della Lombardia. Approfittando di un soggiorno presso Il Sole Di Ranco, sul Lago Maggiore, in Lombardia. Leggi tutto l'articolo...","robots":{"index":"index","follow":"follow","max-snippet":"max-snippet:-1","max-image-preview":"max-image-preview:large","max-video-preview":"max-video-preview:-1"},"canonical":"https:\/\/www.charminly.com\/it\/lindiscutibile-charme-della-lombardia\/","og_locale":"it_IT","og_type":"article","og_title":"L\u2019indiscutibile charme della Lombardia","og_description":"L\u2019indiscutibile charme della Lombardia. Approfittando di un soggiorno presso Il Sole Di Ranco, sul Lago Maggiore, in Lombardia. Leggi tutto l'articolo...","og_url":"https:\/\/www.charminly.com\/it\/lindiscutibile-charme-della-lombardia\/","article_publisher":"https:\/\/www.facebook.com\/charminlyitalia\/","article_published_time":"2015-06-18T12:23:40+00:00","article_modified_time":"2016-03-21T12:38:12+00:00","og_image":[{"width":1024,"height":768,"url":"https:\/\/www.charminly.com\/wp-content\/uploads\/2015\/06\/Santa_Catarina_del_Sasso_opt.jpg","type":"image\/jpeg"}],"author":"Charminly","twitter_card":"summary_large_image","twitter_creator":"@charminly_com","twitter_site":"@charminly_com","twitter_misc":{"Scritto da":"Charminly","Tempo di lettura stimato":"2 minuti"},"schema":{"@context":"https:\/\/schema.org","@graph":[{"@type":"Article","@id":"https:\/\/www.charminly.com\/it\/lindiscutibile-charme-della-lombardia\/#article","isPartOf":{"@id":"https:\/\/www.charminly.com\/it\/lindiscutibile-charme-della-lombardia\/"},"author":{"name":"Charminly","@id":"https:\/\/www.charminly.com\/it\/#\/schema\/person\/e6a536eb865d9dac6d1e730f53d5f367"},"headline":"L\u2019indiscutibile charme della Lombardia","datePublished":"2015-06-18T12:23:40+00:00","dateModified":"2016-03-21T12:38:12+00:00","mainEntityOfPage":{"@id":"https:\/\/www.charminly.com\/it\/lindiscutibile-charme-della-lombardia\/"},"wordCount":455,"publisher":{"@id":"https:\/\/www.charminly.com\/it\/#organization"},"image":{"@id":"https:\/\/www.charminly.com\/it\/lindiscutibile-charme-della-lombardia\/#primaryimage"},"thumbnailUrl":"https:\/\/www.charminly.com\/wp-content\/uploads\/2015\/06\/Santa_Catarina_del_Sasso_opt.jpg","keywords":["Cosa vedere in Lombardia"],"articleSection":["Arte e cultura"],"inLanguage":"it-IT"},{"@type":"WebPage","@id":"https:\/\/www.charminly.com\/it\/lindiscutibile-charme-della-lombardia\/","url":"https:\/\/www.charminly.com\/it\/lindiscutibile-charme-della-lombardia\/","name":"L\u2019indiscutibile charme della Lombardia","isPartOf":{"@id":"https:\/\/www.charminly.com\/it\/#website"},"primaryImageOfPage":{"@id":"https:\/\/www.charminly.com\/it\/lindiscutibile-charme-della-lombardia\/#primaryimage"},"image":{"@id":"https:\/\/www.charminly.com\/it\/lindiscutibile-charme-della-lombardia\/#primaryimage"},"thumbnailUrl":"https:\/\/www.charminly.com\/wp-content\/uploads\/2015\/06\/Santa_Catarina_del_Sasso_opt.jpg","datePublished":"2015-06-18T12:23:40+00:00","dateModified":"2016-03-21T12:38:12+00:00","description":"L\u2019indiscutibile charme della Lombardia. Approfittando di un soggiorno presso Il Sole Di Ranco, sul Lago Maggiore, in Lombardia. Leggi tutto l'articolo...","breadcrumb":{"@id":"https:\/\/www.charminly.com\/it\/lindiscutibile-charme-della-lombardia\/#breadcrumb"},"inLanguage":"it-IT","potentialAction":[{"@type":"ReadAction","target":["https:\/\/www.charminly.com\/it\/lindiscutibile-charme-della-lombardia\/"]}]},{"@type":"ImageObject","inLanguage":"it-IT","@id":"https:\/\/www.charminly.com\/it\/lindiscutibile-charme-della-lombardia\/#primaryimage","url":"https:\/\/www.charminly.com\/wp-content\/uploads\/2015\/06\/Santa_Catarina_del_Sasso_opt.jpg","contentUrl":"https:\/\/www.charminly.com\/wp-content\/uploads\/2015\/06\/Santa_Catarina_del_Sasso_opt.jpg","width":1024,"height":768},{"@type":"BreadcrumbList","@id":"https:\/\/www.charminly.com\/it\/lindiscutibile-charme-della-lombardia\/#breadcrumb","itemListElement":[{"@type":"ListItem","position":1,"name":"Home","item":"https:\/\/www.charminly.com\/it\/"},{"@type":"ListItem","position":2,"name":"Cosa vedere in Lombardia","item":"https:\/\/www.charminly.com\/it\/tag\/cosa-vedere-in-lombardia\/"},{"@type":"ListItem","position":3,"name":"L\u2019indiscutibile charme della Lombardia"}]},{"@type":"WebSite","@id":"https:\/\/www.charminly.com\/it\/#website","url":"https:\/\/www.charminly.com\/it\/","name":"","description":"","publisher":{"@id":"https:\/\/www.charminly.com\/it\/#organization"},"potentialAction":[{"@type":"SearchAction","target":{"@type":"EntryPoint","urlTemplate":"https:\/\/www.charminly.com\/it\/?s={search_term_string}"},"query-input":{"@type":"PropertyValueSpecification","valueRequired":true,"valueName":"search_term_string"}}],"inLanguage":"it-IT"},{"@type":"Organization","@id":"https:\/\/www.charminly.com\/it\/#organization","name":"Charminly.com","url":"https:\/\/www.charminly.com\/it\/","logo":{"@type":"ImageObject","inLanguage":"it-IT","@id":"https:\/\/www.charminly.com\/it\/#\/schema\/logo\/image\/","url":"https:\/\/www.charminly.com\/wp-content\/uploads\/2014\/10\/logo.png","contentUrl":"https:\/\/www.charminly.com\/wp-content\/uploads\/2014\/10\/logo.png","width":264,"height":115,"caption":"Charminly.com"},"image":{"@id":"https:\/\/www.charminly.com\/it\/#\/schema\/logo\/image\/"},"sameAs":["https:\/\/www.facebook.com\/charminlyitalia\/","https:\/\/x.com\/charminly_com"]},{"@type":"Person","@id":"https:\/\/www.charminly.com\/it\/#\/schema\/person\/e6a536eb865d9dac6d1e730f53d5f367","name":"Charminly","image":{"@type":"ImageObject","inLanguage":"it-IT","@id":"https:\/\/www.charminly.com\/it\/#\/schema\/person\/image\/","url":"https:\/\/secure.gravatar.com\/avatar\/ee564baea04b5bbffcbd57ac103bc7d1?s=96&d=mm&r=g","contentUrl":"https:\/\/secure.gravatar.com\/avatar\/ee564baea04b5bbffcbd57ac103bc7d1?s=96&d=mm&r=g","caption":"Charminly"},"url":"https:\/\/www.charminly.com\/it\/author\/charminly\/"}]}},"_links":{"self":[{"href":"https:\/\/www.charminly.com\/it\/wp-json\/wp\/v2\/posts\/6308","targetHints":{"allow":["GET"]}}],"collection":[{"href":"https:\/\/www.charminly.com\/it\/wp-json\/wp\/v2\/posts"}],"about":[{"href":"https:\/\/www.charminly.com\/it\/wp-json\/wp\/v2\/types\/post"}],"author":[{"embeddable":true,"href":"https:\/\/www.charminly.com\/it\/wp-json\/wp\/v2\/users\/2"}],"replies":[{"embeddable":true,"href":"https:\/\/www.charminly.com\/it\/wp-json\/wp\/v2\/comments?post=6308"}],"version-history":[{"count":0,"href":"https:\/\/www.charminly.com\/it\/wp-json\/wp\/v2\/posts\/6308\/revisions"}],"wp:featuredmedia":[{"embeddable":true,"href":"https:\/\/www.charminly.com\/it\/wp-json\/wp\/v2\/media\/6306"}],"wp:attachment":[{"href":"https:\/\/www.charminly.com\/it\/wp-json\/wp\/v2\/media?parent=6308"}],"wp:term":[{"taxonomy":"category","embeddable":true,"href":"https:\/\/www.charminly.com\/it\/wp-json\/wp\/v2\/categories?post=6308"},{"taxonomy":"post_tag","embeddable":true,"href":"https:\/\/www.charminly.com\/it\/wp-json\/wp\/v2\/tags?post=6308"}],"curies":[{"name":"wp","href":"https:\/\/api.w.org\/{rel}","templated":true}]}}