{"id":61205,"date":"2019-11-16T22:13:29","date_gmt":"2019-11-16T21:13:29","guid":{"rendered":"https:\/\/www.charminly.com\/?p=61205"},"modified":"2020-01-16T13:46:22","modified_gmt":"2020-01-16T12:46:22","slug":"lombardia-quali-sono-le-feste-e-gli-eventi-principali-di-questa-regione","status":"publish","type":"post","link":"https:\/\/www.charminly.com\/it\/lombardia-quali-sono-le-feste-e-gli-eventi-principali-di-questa-regione\/","title":{"rendered":"Lombardia: quali sono le feste e gli eventi principali di questa regione"},"content":{"rendered":"<p>Per tutti coloro che avessero voglia di organizzare un weekend o anche una vacanza di pi\u00f9 giorni all\u2019insegna del relax, di splendidi paesaggi, di acque cristalline e di feste ed eventi divertenti, non c\u2019\u00e8 niente di meglio che recarsi presso la struttura chiamata \u201c<a href=\"https:\/\/www.charminly.com\/it\/estate_property\/villa-evelina-it\/\"><strong>Villa<\/strong> <strong>Evelina<\/strong><\/a>\u201d.<\/p>\n<p>Si tratta di una struttura alberghiera molto accogliente e situata in Lombardia, a <a href=\"https:\/\/www.charminly.com\/it\/area\/stazzona-it\/\"><strong>Stazzona<\/strong><\/a>, precisamente in provincia di <strong><a href=\"https:\/\/www.charminly.com\/it\/area\/lago-di-como-it\/\">Como<\/a><\/strong>, proprio vicino al famosissimo Lago omonimo. Da questa struttura \u00e8 possibile visitare diversi borghi situati nei dintorni, ma in realt\u00e0 \u00e8 possibile anche scoprire Lombardia: quali sono le feste e gli eventi principali di questa regione.<\/p>\n<div id=\"attachment_61206\" style=\"width: 1034px\" class=\"wp-caption alignnone\"><img loading=\"lazy\" decoding=\"async\" aria-describedby=\"caption-attachment-61206\" class=\"wp-image-61206 size-full\" src=\"https:\/\/www.charminly.com\/wp-content\/uploads\/2019\/11\/sogno-mezza-estate-ilpuntostampa_opt.jpg\" alt=\"\" width=\"1024\" height=\"684\" srcset=\"https:\/\/www.charminly.com\/wp-content\/uploads\/2019\/11\/sogno-mezza-estate-ilpuntostampa_opt.jpg 1024w, https:\/\/www.charminly.com\/wp-content\/uploads\/2019\/11\/sogno-mezza-estate-ilpuntostampa_opt-300x200.jpg 300w, https:\/\/www.charminly.com\/wp-content\/uploads\/2019\/11\/sogno-mezza-estate-ilpuntostampa_opt-768x513.jpg 768w, https:\/\/www.charminly.com\/wp-content\/uploads\/2019\/11\/sogno-mezza-estate-ilpuntostampa_opt-105x70.jpg 105w\" sizes=\"auto, (max-width: 1024px) 100vw, 1024px\" \/><p id=\"caption-attachment-61206\" class=\"wp-caption-text\">Sogno di una notte di mezza estate, foto by ilpuntostampa<\/p><\/div>\n<h3><strong>Le fantastiche feste e fiere della Lombardia<\/strong><\/h3>\n<p>Soggiornando presso la struttura \u201c<strong>Villa Evelina<\/strong>\u201d si avr\u00e0 l\u2019opportunit\u00e0 di poter visitare gli splendidi borghi situati a pochi km, come ad esempio Peglio, Livo, Dongo, Gravedona, Sorico, Colico, Lenno, Tremezzo, Menaggio. Tutti questi organizzano ogni anno diverse feste, fiere ed eventi.<\/p>\n<p>Gli eventi organizzati nei borghi lombardi, sono facilmente raggiungibili dalla fantastica struttura di Villa Evelina e sono davvero tantissimi. Si tratta principalmente di sagre, feste oppure di eventi particolari, come ad esempio quello chiamato \u201c<strong>Sogno di una notte di mezza estate<\/strong>\u201d, che spesso viene realizzato a giugno e nel comune di Tremezzo. In poche parole, si tratta di osservare la volta celeste insieme alla presenza di esperti ed astrofisici. Oltre a puntare il naso verso l\u2019alto, si avr\u00e0 anche la possibilit\u00e0 di degustare prodotti tipici e di fare percorsi guidati nelle aree verdi. Importante anche le rappresentazioni inscenate durante il \u201c<strong>Concerto di Villa Vigoni<\/strong>\u201d, evento che si tiene ogni anno a luglio presso Lenno. Qui viene rappresentata la famosissima opera \u201cLa Traviata\u201d.<\/p>\n<div id=\"attachment_61210\" style=\"width: 1034px\" class=\"wp-caption alignnone\"><img loading=\"lazy\" decoding=\"async\" aria-describedby=\"caption-attachment-61210\" class=\"wp-image-61210 size-full\" src=\"https:\/\/www.charminly.com\/wp-content\/uploads\/2019\/11\/concerto-vigoni-villavigoni_opt.jpg\" alt=\"\" width=\"1024\" height=\"684\" srcset=\"https:\/\/www.charminly.com\/wp-content\/uploads\/2019\/11\/concerto-vigoni-villavigoni_opt.jpg 1024w, https:\/\/www.charminly.com\/wp-content\/uploads\/2019\/11\/concerto-vigoni-villavigoni_opt-300x200.jpg 300w, https:\/\/www.charminly.com\/wp-content\/uploads\/2019\/11\/concerto-vigoni-villavigoni_opt-768x513.jpg 768w, https:\/\/www.charminly.com\/wp-content\/uploads\/2019\/11\/concerto-vigoni-villavigoni_opt-105x70.jpg 105w\" sizes=\"auto, (max-width: 1024px) 100vw, 1024px\" \/><p id=\"caption-attachment-61210\" class=\"wp-caption-text\">Concerto di Villa Vigoni , foto by villavigoni<\/p><\/div>\n<h3><strong>Feste tipiche<\/strong><\/h3>\n<h3><strong>Sagre e la festa delle rane<\/strong><\/h3>\n<p>Famose in Lombardia sono anche le <strong>sagre<\/strong>. Una che ogni anno attira numerosi turisti \u00e8 quella del <strong>22 giugno<\/strong>, che si tiene sempre presso l\u2019Isola Comacina. Si tratta di una festa all\u2019insegna del folclore, delle tradizioni, della cucina tipica lombarda ed anche della storia di questa regione. Tipici di questo evento sono i fuochi d\u2019artificio, considerati anche il simbolo dell\u2019Isola Comacina. La <strong>Festa delle rane<\/strong> \u00e8 un altro evento molto famoso in Lombardia che si celebra a luglio a Menaggio, precisamente il 6.<\/p>\n<p>Ogni anno inoltre durante il mese di agosto, la citt\u00e0 di Dongo celebra \u201c<strong>Dongo in piazza<\/strong>\u201d: un evento all\u2019insegna della musica e del divertimento, che dura diversi giorni.<\/p>\n<hr \/>\n<div class=\"article_container\"><h2 class=\"shortcode_title\">Charming home nelle vicinanze<\/h2><div class=\"listinglink-wrapper\">\n                           <a href=\"https:\/\/www.charminly.com\/listings\/relais-country-houses-en\/\"> <span class=\"wpresidence_button\"> more listings <\/span><\/a>\n                       <\/div><\/div>\n","protected":false},"excerpt":{"rendered":"<p>Per tutti coloro che avessero voglia di organizzare un weekend o anche una vacanza di pi\u00f9 giorni all\u2019insegna del relax, di splendidi paesaggi, di acque cristalline e di feste ed eventi divertenti, non c\u2019\u00e8 niente di meglio che recarsi presso la struttura chiamata \u201cVilla Evelina\u201d. Si tratta di una struttura alberghiera molto accogliente e situata in Lombardia, a Stazzona, precisamente in provincia di Como, &#8230;<\/p>\n","protected":false},"author":6,"featured_media":61213,"comment_status":"closed","ping_status":"closed","sticky":false,"template":"","format":"standard","meta":{"_acf_changed":false,"footnotes":""},"categories":[144],"tags":[625],"class_list":["post-61205","post","type-post","status-publish","format-standard","has-post-thumbnail","hentry","category-feste-tradizioni-arti-e-mestieri","tag-cosa-fare-in-lombardia"],"acf":[],"yoast_head":"<!-- This site is optimized with the Yoast SEO plugin v23.9 - https:\/\/yoast.com\/wordpress\/plugins\/seo\/ -->\n<title>Lombardia: quali sono le feste e gli eventi principali di questa regione<\/title>\n<meta name=\"description\" content=\"Soggiornando presso la struttura \u201cVilla Evelina\u201d si avr\u00e0 l\u2019opportunit\u00e0 di scoprire Lombardia: quali sono le feste e gli eventi principali di questa regione\" \/>\n<meta name=\"robots\" content=\"index, follow, max-snippet:-1, max-image-preview:large, max-video-preview:-1\" \/>\n<link rel=\"canonical\" href=\"https:\/\/www.charminly.com\/it\/lombardia-quali-sono-le-feste-e-gli-eventi-principali-di-questa-regione\/\" \/>\n<meta property=\"og:locale\" content=\"it_IT\" \/>\n<meta property=\"og:type\" content=\"article\" \/>\n<meta property=\"og:title\" content=\"Lombardia: quali sono le feste e gli eventi principali di questa regione\" \/>\n<meta property=\"og:description\" content=\"Soggiornando presso la struttura \u201cVilla Evelina\u201d si avr\u00e0 l\u2019opportunit\u00e0 di scoprire Lombardia: quali sono le feste e gli eventi principali di questa regione\" \/>\n<meta property=\"og:url\" content=\"https:\/\/www.charminly.com\/it\/lombardia-quali-sono-le-feste-e-gli-eventi-principali-di-questa-regione\/\" \/>\n<meta property=\"article:publisher\" content=\"https:\/\/www.facebook.com\/charminlyitalia\/\" \/>\n<meta property=\"article:published_time\" content=\"2019-11-16T21:13:29+00:00\" \/>\n<meta property=\"article:modified_time\" content=\"2020-01-16T12:46:22+00:00\" \/>\n<meta property=\"og:image\" content=\"https:\/\/www.charminly.com\/wp-content\/uploads\/2019\/11\/concerto-vigoni-villavigoni_opt.jpg\" \/>\n\t<meta property=\"og:image:width\" content=\"1024\" \/>\n\t<meta property=\"og:image:height\" content=\"684\" \/>\n\t<meta property=\"og:image:type\" content=\"image\/jpeg\" \/>\n<meta name=\"author\" content=\"Ivan Lopez\" \/>\n<meta name=\"twitter:card\" content=\"summary_large_image\" \/>\n<meta name=\"twitter:creator\" content=\"@charminly_com\" \/>\n<meta name=\"twitter:site\" content=\"@charminly_com\" \/>\n<meta name=\"twitter:label1\" content=\"Scritto da\" \/>\n\t<meta name=\"twitter:data1\" content=\"Ivan Lopez\" \/>\n\t<meta name=\"twitter:label2\" content=\"Tempo di lettura stimato\" \/>\n\t<meta name=\"twitter:data2\" content=\"2 minuti\" \/>\n<script type=\"application\/ld+json\" class=\"yoast-schema-graph\">{\"@context\":\"https:\/\/schema.org\",\"@graph\":[{\"@type\":\"Article\",\"@id\":\"https:\/\/www.charminly.com\/it\/lombardia-quali-sono-le-feste-e-gli-eventi-principali-di-questa-regione\/#article\",\"isPartOf\":{\"@id\":\"https:\/\/www.charminly.com\/it\/lombardia-quali-sono-le-feste-e-gli-eventi-principali-di-questa-regione\/\"},\"author\":{\"name\":\"Ivan Lopez\",\"@id\":\"https:\/\/www.charminly.com\/it\/#\/schema\/person\/52806bb74f5c81bbf5f0989dd952c7ea\"},\"headline\":\"Lombardia: quali sono le feste e gli eventi principali di questa regione\",\"datePublished\":\"2019-11-16T21:13:29+00:00\",\"dateModified\":\"2020-01-16T12:46:22+00:00\",\"mainEntityOfPage\":{\"@id\":\"https:\/\/www.charminly.com\/it\/lombardia-quali-sono-le-feste-e-gli-eventi-principali-di-questa-regione\/\"},\"wordCount\":460,\"publisher\":{\"@id\":\"https:\/\/www.charminly.com\/it\/#organization\"},\"image\":{\"@id\":\"https:\/\/www.charminly.com\/it\/lombardia-quali-sono-le-feste-e-gli-eventi-principali-di-questa-regione\/#primaryimage\"},\"thumbnailUrl\":\"https:\/\/www.charminly.com\/wp-content\/uploads\/2019\/11\/concerto-vigoni-villavigoni_opt.jpg\",\"keywords\":[\"Cosa fare in Lombardia\"],\"articleSection\":[\"Feste, tradizioni, arti e mestieri\"],\"inLanguage\":\"it-IT\"},{\"@type\":\"WebPage\",\"@id\":\"https:\/\/www.charminly.com\/it\/lombardia-quali-sono-le-feste-e-gli-eventi-principali-di-questa-regione\/\",\"url\":\"https:\/\/www.charminly.com\/it\/lombardia-quali-sono-le-feste-e-gli-eventi-principali-di-questa-regione\/\",\"name\":\"Lombardia: quali sono le feste e gli eventi principali di questa regione\",\"isPartOf\":{\"@id\":\"https:\/\/www.charminly.com\/it\/#website\"},\"primaryImageOfPage\":{\"@id\":\"https:\/\/www.charminly.com\/it\/lombardia-quali-sono-le-feste-e-gli-eventi-principali-di-questa-regione\/#primaryimage\"},\"image\":{\"@id\":\"https:\/\/www.charminly.com\/it\/lombardia-quali-sono-le-feste-e-gli-eventi-principali-di-questa-regione\/#primaryimage\"},\"thumbnailUrl\":\"https:\/\/www.charminly.com\/wp-content\/uploads\/2019\/11\/concerto-vigoni-villavigoni_opt.jpg\",\"datePublished\":\"2019-11-16T21:13:29+00:00\",\"dateModified\":\"2020-01-16T12:46:22+00:00\",\"description\":\"Soggiornando presso la struttura \u201cVilla Evelina\u201d si avr\u00e0 l\u2019opportunit\u00e0 di scoprire Lombardia: quali sono le feste e gli eventi principali di questa regione\",\"breadcrumb\":{\"@id\":\"https:\/\/www.charminly.com\/it\/lombardia-quali-sono-le-feste-e-gli-eventi-principali-di-questa-regione\/#breadcrumb\"},\"inLanguage\":\"it-IT\",\"potentialAction\":[{\"@type\":\"ReadAction\",\"target\":[\"https:\/\/www.charminly.com\/it\/lombardia-quali-sono-le-feste-e-gli-eventi-principali-di-questa-regione\/\"]}]},{\"@type\":\"ImageObject\",\"inLanguage\":\"it-IT\",\"@id\":\"https:\/\/www.charminly.com\/it\/lombardia-quali-sono-le-feste-e-gli-eventi-principali-di-questa-regione\/#primaryimage\",\"url\":\"https:\/\/www.charminly.com\/wp-content\/uploads\/2019\/11\/concerto-vigoni-villavigoni_opt.jpg\",\"contentUrl\":\"https:\/\/www.charminly.com\/wp-content\/uploads\/2019\/11\/concerto-vigoni-villavigoni_opt.jpg\",\"width\":1024,\"height\":684},{\"@type\":\"BreadcrumbList\",\"@id\":\"https:\/\/www.charminly.com\/it\/lombardia-quali-sono-le-feste-e-gli-eventi-principali-di-questa-regione\/#breadcrumb\",\"itemListElement\":[{\"@type\":\"ListItem\",\"position\":1,\"name\":\"Home\",\"item\":\"https:\/\/www.charminly.com\/it\/\"},{\"@type\":\"ListItem\",\"position\":2,\"name\":\"Cosa fare in Lombardia\",\"item\":\"https:\/\/www.charminly.com\/it\/tag\/cosa-fare-in-lombardia\/\"},{\"@type\":\"ListItem\",\"position\":3,\"name\":\"Lombardia: quali sono le feste e gli eventi principali di questa regione\"}]},{\"@type\":\"WebSite\",\"@id\":\"https:\/\/www.charminly.com\/it\/#website\",\"url\":\"https:\/\/www.charminly.com\/it\/\",\"name\":\"\",\"description\":\"\",\"publisher\":{\"@id\":\"https:\/\/www.charminly.com\/it\/#organization\"},\"potentialAction\":[{\"@type\":\"SearchAction\",\"target\":{\"@type\":\"EntryPoint\",\"urlTemplate\":\"https:\/\/www.charminly.com\/it\/?s={search_term_string}\"},\"query-input\":{\"@type\":\"PropertyValueSpecification\",\"valueRequired\":true,\"valueName\":\"search_term_string\"}}],\"inLanguage\":\"it-IT\"},{\"@type\":\"Organization\",\"@id\":\"https:\/\/www.charminly.com\/it\/#organization\",\"name\":\"Charminly.com\",\"url\":\"https:\/\/www.charminly.com\/it\/\",\"logo\":{\"@type\":\"ImageObject\",\"inLanguage\":\"it-IT\",\"@id\":\"https:\/\/www.charminly.com\/it\/#\/schema\/logo\/image\/\",\"url\":\"https:\/\/www.charminly.com\/wp-content\/uploads\/2014\/10\/logo.png\",\"contentUrl\":\"https:\/\/www.charminly.com\/wp-content\/uploads\/2014\/10\/logo.png\",\"width\":264,\"height\":115,\"caption\":\"Charminly.com\"},\"image\":{\"@id\":\"https:\/\/www.charminly.com\/it\/#\/schema\/logo\/image\/\"},\"sameAs\":[\"https:\/\/www.facebook.com\/charminlyitalia\/\",\"https:\/\/x.com\/charminly_com\"]},{\"@type\":\"Person\",\"@id\":\"https:\/\/www.charminly.com\/it\/#\/schema\/person\/52806bb74f5c81bbf5f0989dd952c7ea\",\"name\":\"Ivan Lopez\",\"image\":{\"@type\":\"ImageObject\",\"inLanguage\":\"it-IT\",\"@id\":\"https:\/\/www.charminly.com\/it\/#\/schema\/person\/image\/\",\"url\":\"https:\/\/secure.gravatar.com\/avatar\/e8aef7257c7a278cfcb908e241d9761c?s=96&d=mm&r=g\",\"contentUrl\":\"https:\/\/secure.gravatar.com\/avatar\/e8aef7257c7a278cfcb908e241d9761c?s=96&d=mm&r=g\",\"caption\":\"Ivan Lopez\"},\"url\":\"https:\/\/www.charminly.com\/it\/author\/ivan\/\"}]}<\/script>\n<!-- \/ Yoast SEO plugin. -->","yoast_head_json":{"title":"Lombardia: quali sono le feste e gli eventi principali di questa regione","description":"Soggiornando presso la struttura \u201cVilla Evelina\u201d si avr\u00e0 l\u2019opportunit\u00e0 di scoprire Lombardia: quali sono le feste e gli eventi principali di questa regione","robots":{"index":"index","follow":"follow","max-snippet":"max-snippet:-1","max-image-preview":"max-image-preview:large","max-video-preview":"max-video-preview:-1"},"canonical":"https:\/\/www.charminly.com\/it\/lombardia-quali-sono-le-feste-e-gli-eventi-principali-di-questa-regione\/","og_locale":"it_IT","og_type":"article","og_title":"Lombardia: quali sono le feste e gli eventi principali di questa regione","og_description":"Soggiornando presso la struttura \u201cVilla Evelina\u201d si avr\u00e0 l\u2019opportunit\u00e0 di scoprire Lombardia: quali sono le feste e gli eventi principali di questa regione","og_url":"https:\/\/www.charminly.com\/it\/lombardia-quali-sono-le-feste-e-gli-eventi-principali-di-questa-regione\/","article_publisher":"https:\/\/www.facebook.com\/charminlyitalia\/","article_published_time":"2019-11-16T21:13:29+00:00","article_modified_time":"2020-01-16T12:46:22+00:00","og_image":[{"width":1024,"height":684,"url":"https:\/\/www.charminly.com\/wp-content\/uploads\/2019\/11\/concerto-vigoni-villavigoni_opt.jpg","type":"image\/jpeg"}],"author":"Ivan Lopez","twitter_card":"summary_large_image","twitter_creator":"@charminly_com","twitter_site":"@charminly_com","twitter_misc":{"Scritto da":"Ivan Lopez","Tempo di lettura stimato":"2 minuti"},"schema":{"@context":"https:\/\/schema.org","@graph":[{"@type":"Article","@id":"https:\/\/www.charminly.com\/it\/lombardia-quali-sono-le-feste-e-gli-eventi-principali-di-questa-regione\/#article","isPartOf":{"@id":"https:\/\/www.charminly.com\/it\/lombardia-quali-sono-le-feste-e-gli-eventi-principali-di-questa-regione\/"},"author":{"name":"Ivan Lopez","@id":"https:\/\/www.charminly.com\/it\/#\/schema\/person\/52806bb74f5c81bbf5f0989dd952c7ea"},"headline":"Lombardia: quali sono le feste e gli eventi principali di questa regione","datePublished":"2019-11-16T21:13:29+00:00","dateModified":"2020-01-16T12:46:22+00:00","mainEntityOfPage":{"@id":"https:\/\/www.charminly.com\/it\/lombardia-quali-sono-le-feste-e-gli-eventi-principali-di-questa-regione\/"},"wordCount":460,"publisher":{"@id":"https:\/\/www.charminly.com\/it\/#organization"},"image":{"@id":"https:\/\/www.charminly.com\/it\/lombardia-quali-sono-le-feste-e-gli-eventi-principali-di-questa-regione\/#primaryimage"},"thumbnailUrl":"https:\/\/www.charminly.com\/wp-content\/uploads\/2019\/11\/concerto-vigoni-villavigoni_opt.jpg","keywords":["Cosa fare in Lombardia"],"articleSection":["Feste, tradizioni, arti e mestieri"],"inLanguage":"it-IT"},{"@type":"WebPage","@id":"https:\/\/www.charminly.com\/it\/lombardia-quali-sono-le-feste-e-gli-eventi-principali-di-questa-regione\/","url":"https:\/\/www.charminly.com\/it\/lombardia-quali-sono-le-feste-e-gli-eventi-principali-di-questa-regione\/","name":"Lombardia: quali sono le feste e gli eventi principali di questa regione","isPartOf":{"@id":"https:\/\/www.charminly.com\/it\/#website"},"primaryImageOfPage":{"@id":"https:\/\/www.charminly.com\/it\/lombardia-quali-sono-le-feste-e-gli-eventi-principali-di-questa-regione\/#primaryimage"},"image":{"@id":"https:\/\/www.charminly.com\/it\/lombardia-quali-sono-le-feste-e-gli-eventi-principali-di-questa-regione\/#primaryimage"},"thumbnailUrl":"https:\/\/www.charminly.com\/wp-content\/uploads\/2019\/11\/concerto-vigoni-villavigoni_opt.jpg","datePublished":"2019-11-16T21:13:29+00:00","dateModified":"2020-01-16T12:46:22+00:00","description":"Soggiornando presso la struttura \u201cVilla Evelina\u201d si avr\u00e0 l\u2019opportunit\u00e0 di scoprire Lombardia: quali sono le feste e gli eventi principali di questa regione","breadcrumb":{"@id":"https:\/\/www.charminly.com\/it\/lombardia-quali-sono-le-feste-e-gli-eventi-principali-di-questa-regione\/#breadcrumb"},"inLanguage":"it-IT","potentialAction":[{"@type":"ReadAction","target":["https:\/\/www.charminly.com\/it\/lombardia-quali-sono-le-feste-e-gli-eventi-principali-di-questa-regione\/"]}]},{"@type":"ImageObject","inLanguage":"it-IT","@id":"https:\/\/www.charminly.com\/it\/lombardia-quali-sono-le-feste-e-gli-eventi-principali-di-questa-regione\/#primaryimage","url":"https:\/\/www.charminly.com\/wp-content\/uploads\/2019\/11\/concerto-vigoni-villavigoni_opt.jpg","contentUrl":"https:\/\/www.charminly.com\/wp-content\/uploads\/2019\/11\/concerto-vigoni-villavigoni_opt.jpg","width":1024,"height":684},{"@type":"BreadcrumbList","@id":"https:\/\/www.charminly.com\/it\/lombardia-quali-sono-le-feste-e-gli-eventi-principali-di-questa-regione\/#breadcrumb","itemListElement":[{"@type":"ListItem","position":1,"name":"Home","item":"https:\/\/www.charminly.com\/it\/"},{"@type":"ListItem","position":2,"name":"Cosa fare in Lombardia","item":"https:\/\/www.charminly.com\/it\/tag\/cosa-fare-in-lombardia\/"},{"@type":"ListItem","position":3,"name":"Lombardia: quali sono le feste e gli eventi principali di questa regione"}]},{"@type":"WebSite","@id":"https:\/\/www.charminly.com\/it\/#website","url":"https:\/\/www.charminly.com\/it\/","name":"","description":"","publisher":{"@id":"https:\/\/www.charminly.com\/it\/#organization"},"potentialAction":[{"@type":"SearchAction","target":{"@type":"EntryPoint","urlTemplate":"https:\/\/www.charminly.com\/it\/?s={search_term_string}"},"query-input":{"@type":"PropertyValueSpecification","valueRequired":true,"valueName":"search_term_string"}}],"inLanguage":"it-IT"},{"@type":"Organization","@id":"https:\/\/www.charminly.com\/it\/#organization","name":"Charminly.com","url":"https:\/\/www.charminly.com\/it\/","logo":{"@type":"ImageObject","inLanguage":"it-IT","@id":"https:\/\/www.charminly.com\/it\/#\/schema\/logo\/image\/","url":"https:\/\/www.charminly.com\/wp-content\/uploads\/2014\/10\/logo.png","contentUrl":"https:\/\/www.charminly.com\/wp-content\/uploads\/2014\/10\/logo.png","width":264,"height":115,"caption":"Charminly.com"},"image":{"@id":"https:\/\/www.charminly.com\/it\/#\/schema\/logo\/image\/"},"sameAs":["https:\/\/www.facebook.com\/charminlyitalia\/","https:\/\/x.com\/charminly_com"]},{"@type":"Person","@id":"https:\/\/www.charminly.com\/it\/#\/schema\/person\/52806bb74f5c81bbf5f0989dd952c7ea","name":"Ivan Lopez","image":{"@type":"ImageObject","inLanguage":"it-IT","@id":"https:\/\/www.charminly.com\/it\/#\/schema\/person\/image\/","url":"https:\/\/secure.gravatar.com\/avatar\/e8aef7257c7a278cfcb908e241d9761c?s=96&d=mm&r=g","contentUrl":"https:\/\/secure.gravatar.com\/avatar\/e8aef7257c7a278cfcb908e241d9761c?s=96&d=mm&r=g","caption":"Ivan Lopez"},"url":"https:\/\/www.charminly.com\/it\/author\/ivan\/"}]}},"_links":{"self":[{"href":"https:\/\/www.charminly.com\/it\/wp-json\/wp\/v2\/posts\/61205","targetHints":{"allow":["GET"]}}],"collection":[{"href":"https:\/\/www.charminly.com\/it\/wp-json\/wp\/v2\/posts"}],"about":[{"href":"https:\/\/www.charminly.com\/it\/wp-json\/wp\/v2\/types\/post"}],"author":[{"embeddable":true,"href":"https:\/\/www.charminly.com\/it\/wp-json\/wp\/v2\/users\/6"}],"replies":[{"embeddable":true,"href":"https:\/\/www.charminly.com\/it\/wp-json\/wp\/v2\/comments?post=61205"}],"version-history":[{"count":0,"href":"https:\/\/www.charminly.com\/it\/wp-json\/wp\/v2\/posts\/61205\/revisions"}],"wp:featuredmedia":[{"embeddable":true,"href":"https:\/\/www.charminly.com\/it\/wp-json\/wp\/v2\/media\/61213"}],"wp:attachment":[{"href":"https:\/\/www.charminly.com\/it\/wp-json\/wp\/v2\/media?parent=61205"}],"wp:term":[{"taxonomy":"category","embeddable":true,"href":"https:\/\/www.charminly.com\/it\/wp-json\/wp\/v2\/categories?post=61205"},{"taxonomy":"post_tag","embeddable":true,"href":"https:\/\/www.charminly.com\/it\/wp-json\/wp\/v2\/tags?post=61205"}],"curies":[{"name":"wp","href":"https:\/\/api.w.org\/{rel}","templated":true}]}}