{"id":60969,"date":"2019-11-10T21:58:20","date_gmt":"2019-11-10T20:58:20","guid":{"rendered":"https:\/\/www.charminly.com\/?p=60969"},"modified":"2020-01-16T13:41:47","modified_gmt":"2020-01-16T12:41:47","slug":"le-feste-piu-singolari-e-gli-eventi-piu-importanti-della-lombardia","status":"publish","type":"post","link":"https:\/\/www.charminly.com\/it\/le-feste-piu-singolari-e-gli-eventi-piu-importanti-della-lombardia\/","title":{"rendered":"Le feste pi\u00f9 singolari e gli eventi pi\u00f9 importanti della Lombardia"},"content":{"rendered":"<p>Soggiornando presso il <a href=\"https:\/\/www.charminly.com\/it\/estate_property\/il-castello-di-lovere-it\/\"><strong>Castello di Lovere<\/strong><\/a>, si avr\u00e0 la possibilit\u00e0 di poter soggiornare in una delle innumerevoli stanze molto ampie scegliendo tra suite standard e superior, per godere al meglio del proprio soggiorno.<\/p>\n<p>Situato al centro di <strong><a href=\"https:\/\/www.charminly.com\/it\/area\/lovere-it\/\">Lovere<\/a><\/strong>, un\u2019elegante cittadina sul magnifico\u00a0<a href=\"https:\/\/www.charminly.com\/it\/area\/lago-diseo-it\/\"><strong>lago d\u2019Iseo<\/strong><\/a>, si potr\u00e0 aver modo di andare a visitare le localit\u00e0 vicine come Sarnico, Paratico ed altri piccoli borghi, oltre al fatto che si pu\u00f2 scoprire le feste pi\u00f9 singolari e gli eventi pi\u00f9 importanti della Lombardia.<\/p>\n<p>In particolare, soprattutto nei piccoli borghi, si tengono in particolare d\u2019estate eventi noti un po\u2019 in tutto il mondo come il famoso Palio delle contrade, la Sagra del Casoncello, concerti e Festival vari, immergendosi cos\u00ec in un\u2019atmosfera allegra e festosa.<\/p>\n<h3><strong>Il palio e le \u201cOnde Musicali\u201d<\/strong><\/h3>\n<p>Il famoso \u201c<strong>Palio delle contrade<\/strong>\u201d \u00e8 una festa che si organizza a giugno e coinvolge tutti coloro che abitano nella zona della Tavernola Bergamasca, ma anche quelli dei territori vicini. Nello stesso mese c\u2019\u00e8 anche l\u2019evento denominato \u201c<strong>Onde Musicali<\/strong>\u201d che \u00e8 un vero e proprio Festival dove si esibiscono i pi\u00f9 esperti musicisti italiani. Si svolge a Lovere e lo strumento che fa da \u201cprotagonista\u201d dell\u2019evento \u00e8 il clavicembalo.<\/p>\n<div id=\"attachment_60970\" style=\"width: 1034px\" class=\"wp-caption alignnone\"><img loading=\"lazy\" decoding=\"async\" aria-describedby=\"caption-attachment-60970\" class=\"wp-image-60970 size-large\" src=\"https:\/\/www.charminly.com\/wp-content\/uploads\/2019\/11\/iseo-jazz-musicajazz_opt-1024x682.jpg\" alt=\"\" width=\"1024\" height=\"682\" srcset=\"https:\/\/www.charminly.com\/wp-content\/uploads\/2019\/11\/iseo-jazz-musicajazz_opt.jpg 1024w, https:\/\/www.charminly.com\/wp-content\/uploads\/2019\/11\/iseo-jazz-musicajazz_opt-300x200.jpg 300w, https:\/\/www.charminly.com\/wp-content\/uploads\/2019\/11\/iseo-jazz-musicajazz_opt-768x512.jpg 768w, https:\/\/www.charminly.com\/wp-content\/uploads\/2019\/11\/iseo-jazz-musicajazz_opt-105x70.jpg 105w\" sizes=\"auto, (max-width: 1024px) 100vw, 1024px\" \/><p id=\"caption-attachment-60970\" class=\"wp-caption-text\">Iseo Jazz, foto by musicajazz<\/p><\/div>\n<h3><strong>Feste tipiche: sagra del Casoncello, Iseo Jazz, i Festival<\/strong><\/h3>\n<p>Molti visitatori sono attirati anche dall\u2019evento della <strong>Sagra del Casoncello<\/strong>, il famoso pesce che viene pescato dal Lago d\u2019Iseo e che abbonda nelle ricette tipicamente bergamasche. Si svolge a Castro e durante il periodo di giugno e tutti avranno modo di assaggiare questa tipica pietanza nordica, durante l\u2019evento. Molto famoso anche il cosiddetto \u201c<strong>Iseo Jazz<\/strong>\u201d, altro evento dedicato agli appassionati di musica e in particolare agli amanti di questo genere. Avviene in luoghi diversi e durante il mese di luglio. Un altro Festival molto famoso che si svolge vicino a Lovere e precisamente a Sarnico si chiama \u201c<strong>Busker Festival<\/strong>\u201d e riguarda l\u2019arte di strada. Senza dubbio si tratta di un evento dal tema molto particolare, che lascer\u00e0 di stucco tutti gli appassionati di quest\u2019arte cos\u00ec unica.<\/p>\n<div id=\"attachment_60974\" style=\"width: 1034px\" class=\"wp-caption alignnone\"><img loading=\"lazy\" decoding=\"async\" aria-describedby=\"caption-attachment-60974\" class=\"wp-image-60974 size-large\" src=\"https:\/\/www.charminly.com\/wp-content\/uploads\/2019\/11\/Sarnico-Busker-Festival-bergamopost_opt-1024x683.jpg\" alt=\"\" width=\"1024\" height=\"683\" srcset=\"https:\/\/www.charminly.com\/wp-content\/uploads\/2019\/11\/Sarnico-Busker-Festival-bergamopost_opt.jpg 1024w, https:\/\/www.charminly.com\/wp-content\/uploads\/2019\/11\/Sarnico-Busker-Festival-bergamopost_opt-300x200.jpg 300w, https:\/\/www.charminly.com\/wp-content\/uploads\/2019\/11\/Sarnico-Busker-Festival-bergamopost_opt-768x512.jpg 768w, https:\/\/www.charminly.com\/wp-content\/uploads\/2019\/11\/Sarnico-Busker-Festival-bergamopost_opt-105x70.jpg 105w\" sizes=\"auto, (max-width: 1024px) 100vw, 1024px\" \/><p id=\"caption-attachment-60974\" class=\"wp-caption-text\">Busker festival, foto by bergamopost<\/p><\/div>\n<p>Per gli amanti del periodo autunnale invece ci sar\u00e0 l\u2019evento chiamato \u201c<strong>Sapori di<\/strong> <strong>ottobre<\/strong>\u201d a Lovere. Qui si potranno gustare tantissime ricette tipiche del posto ed anche i prodotti tipici realizzati proprio nel borgo in questione. Addirittura, l\u2019evento raccoglie persone provenienti da ogni citt\u00e0 e parte di Italia.<\/p>\n<hr \/>\n<div class=\"article_container\"><h2 class=\"shortcode_title\">Charming home nelle vicinanze<\/h2><div class=\"listinglink-wrapper\">\n                           <a href=\"https:\/\/www.charminly.com\/listings\/relais-country-houses-en\/\"> <span class=\"wpresidence_button\"> more listings <\/span><\/a>\n                       <\/div><\/div>\n","protected":false},"excerpt":{"rendered":"<p>Soggiornando presso il Castello di Lovere, si avr\u00e0 la possibilit\u00e0 di poter soggiornare in una delle innumerevoli stanze molto ampie scegliendo tra suite standard e superior, per godere al meglio del proprio soggiorno. Situato al centro di Lovere, un\u2019elegante cittadina sul magnifico\u00a0lago d\u2019Iseo, si potr\u00e0 aver modo di andare a visitare le localit\u00e0 vicine come Sarnico, Paratico ed altri piccoli borghi, oltre al fatto &#8230;<\/p>\n","protected":false},"author":6,"featured_media":60977,"comment_status":"closed","ping_status":"closed","sticky":false,"template":"","format":"standard","meta":{"_acf_changed":false,"footnotes":""},"categories":[144],"tags":[625],"class_list":["post-60969","post","type-post","status-publish","format-standard","has-post-thumbnail","hentry","category-feste-tradizioni-arti-e-mestieri","tag-cosa-fare-in-lombardia"],"acf":[],"yoast_head":"<!-- This site is optimized with the Yoast SEO plugin v23.9 - https:\/\/yoast.com\/wordpress\/plugins\/seo\/ -->\n<title>Le feste pi\u00f9 singolari e gli eventi pi\u00f9 importanti della Lombardia<\/title>\n<meta name=\"description\" content=\"Soggiornando presso il Castello di Lovere, si avr\u00e0 la possibilit\u00e0 di scoprire le feste pi\u00f9 singolari e gli eventi pi\u00f9 importanti della Lombardia\" \/>\n<meta name=\"robots\" content=\"index, follow, max-snippet:-1, max-image-preview:large, max-video-preview:-1\" \/>\n<link rel=\"canonical\" href=\"https:\/\/www.charminly.com\/it\/le-feste-piu-singolari-e-gli-eventi-piu-importanti-della-lombardia\/\" \/>\n<meta property=\"og:locale\" content=\"it_IT\" \/>\n<meta property=\"og:type\" content=\"article\" \/>\n<meta property=\"og:title\" content=\"Le feste pi\u00f9 singolari e gli eventi pi\u00f9 importanti della Lombardia\" \/>\n<meta property=\"og:description\" content=\"Soggiornando presso il Castello di Lovere, si avr\u00e0 la possibilit\u00e0 di scoprire le feste pi\u00f9 singolari e gli eventi pi\u00f9 importanti della Lombardia\" \/>\n<meta property=\"og:url\" content=\"https:\/\/www.charminly.com\/it\/le-feste-piu-singolari-e-gli-eventi-piu-importanti-della-lombardia\/\" \/>\n<meta property=\"article:publisher\" content=\"https:\/\/www.facebook.com\/charminlyitalia\/\" \/>\n<meta property=\"article:published_time\" content=\"2019-11-10T20:58:20+00:00\" \/>\n<meta property=\"article:modified_time\" content=\"2020-01-16T12:41:47+00:00\" \/>\n<meta property=\"og:image\" content=\"https:\/\/www.charminly.com\/wp-content\/uploads\/2019\/11\/Sarnico-Busker-Festival-bergamopost_opt.jpg\" \/>\n\t<meta property=\"og:image:width\" content=\"1024\" \/>\n\t<meta property=\"og:image:height\" content=\"683\" \/>\n\t<meta property=\"og:image:type\" content=\"image\/jpeg\" \/>\n<meta name=\"author\" content=\"Ivan Lopez\" \/>\n<meta name=\"twitter:card\" content=\"summary_large_image\" \/>\n<meta name=\"twitter:creator\" content=\"@charminly_com\" \/>\n<meta name=\"twitter:site\" content=\"@charminly_com\" \/>\n<meta name=\"twitter:label1\" content=\"Scritto da\" \/>\n\t<meta name=\"twitter:data1\" content=\"Ivan Lopez\" \/>\n\t<meta name=\"twitter:label2\" content=\"Tempo di lettura stimato\" \/>\n\t<meta name=\"twitter:data2\" content=\"2 minuti\" \/>\n<script type=\"application\/ld+json\" class=\"yoast-schema-graph\">{\"@context\":\"https:\/\/schema.org\",\"@graph\":[{\"@type\":\"Article\",\"@id\":\"https:\/\/www.charminly.com\/it\/le-feste-piu-singolari-e-gli-eventi-piu-importanti-della-lombardia\/#article\",\"isPartOf\":{\"@id\":\"https:\/\/www.charminly.com\/it\/le-feste-piu-singolari-e-gli-eventi-piu-importanti-della-lombardia\/\"},\"author\":{\"name\":\"Ivan Lopez\",\"@id\":\"https:\/\/www.charminly.com\/it\/#\/schema\/person\/52806bb74f5c81bbf5f0989dd952c7ea\"},\"headline\":\"Le feste pi\u00f9 singolari e gli eventi pi\u00f9 importanti della Lombardia\",\"datePublished\":\"2019-11-10T20:58:20+00:00\",\"dateModified\":\"2020-01-16T12:41:47+00:00\",\"mainEntityOfPage\":{\"@id\":\"https:\/\/www.charminly.com\/it\/le-feste-piu-singolari-e-gli-eventi-piu-importanti-della-lombardia\/\"},\"wordCount\":449,\"publisher\":{\"@id\":\"https:\/\/www.charminly.com\/it\/#organization\"},\"image\":{\"@id\":\"https:\/\/www.charminly.com\/it\/le-feste-piu-singolari-e-gli-eventi-piu-importanti-della-lombardia\/#primaryimage\"},\"thumbnailUrl\":\"https:\/\/www.charminly.com\/wp-content\/uploads\/2019\/11\/Sarnico-Busker-Festival-bergamopost_opt.jpg\",\"keywords\":[\"Cosa fare in Lombardia\"],\"articleSection\":[\"Feste, tradizioni, arti e mestieri\"],\"inLanguage\":\"it-IT\"},{\"@type\":\"WebPage\",\"@id\":\"https:\/\/www.charminly.com\/it\/le-feste-piu-singolari-e-gli-eventi-piu-importanti-della-lombardia\/\",\"url\":\"https:\/\/www.charminly.com\/it\/le-feste-piu-singolari-e-gli-eventi-piu-importanti-della-lombardia\/\",\"name\":\"Le feste pi\u00f9 singolari e gli eventi pi\u00f9 importanti della Lombardia\",\"isPartOf\":{\"@id\":\"https:\/\/www.charminly.com\/it\/#website\"},\"primaryImageOfPage\":{\"@id\":\"https:\/\/www.charminly.com\/it\/le-feste-piu-singolari-e-gli-eventi-piu-importanti-della-lombardia\/#primaryimage\"},\"image\":{\"@id\":\"https:\/\/www.charminly.com\/it\/le-feste-piu-singolari-e-gli-eventi-piu-importanti-della-lombardia\/#primaryimage\"},\"thumbnailUrl\":\"https:\/\/www.charminly.com\/wp-content\/uploads\/2019\/11\/Sarnico-Busker-Festival-bergamopost_opt.jpg\",\"datePublished\":\"2019-11-10T20:58:20+00:00\",\"dateModified\":\"2020-01-16T12:41:47+00:00\",\"description\":\"Soggiornando presso il Castello di Lovere, si avr\u00e0 la possibilit\u00e0 di scoprire le feste pi\u00f9 singolari e gli eventi pi\u00f9 importanti della Lombardia\",\"breadcrumb\":{\"@id\":\"https:\/\/www.charminly.com\/it\/le-feste-piu-singolari-e-gli-eventi-piu-importanti-della-lombardia\/#breadcrumb\"},\"inLanguage\":\"it-IT\",\"potentialAction\":[{\"@type\":\"ReadAction\",\"target\":[\"https:\/\/www.charminly.com\/it\/le-feste-piu-singolari-e-gli-eventi-piu-importanti-della-lombardia\/\"]}]},{\"@type\":\"ImageObject\",\"inLanguage\":\"it-IT\",\"@id\":\"https:\/\/www.charminly.com\/it\/le-feste-piu-singolari-e-gli-eventi-piu-importanti-della-lombardia\/#primaryimage\",\"url\":\"https:\/\/www.charminly.com\/wp-content\/uploads\/2019\/11\/Sarnico-Busker-Festival-bergamopost_opt.jpg\",\"contentUrl\":\"https:\/\/www.charminly.com\/wp-content\/uploads\/2019\/11\/Sarnico-Busker-Festival-bergamopost_opt.jpg\",\"width\":1024,\"height\":683},{\"@type\":\"BreadcrumbList\",\"@id\":\"https:\/\/www.charminly.com\/it\/le-feste-piu-singolari-e-gli-eventi-piu-importanti-della-lombardia\/#breadcrumb\",\"itemListElement\":[{\"@type\":\"ListItem\",\"position\":1,\"name\":\"Home\",\"item\":\"https:\/\/www.charminly.com\/it\/\"},{\"@type\":\"ListItem\",\"position\":2,\"name\":\"Cosa fare in Lombardia\",\"item\":\"https:\/\/www.charminly.com\/it\/tag\/cosa-fare-in-lombardia\/\"},{\"@type\":\"ListItem\",\"position\":3,\"name\":\"Le feste pi\u00f9 singolari e gli eventi pi\u00f9 importanti della Lombardia\"}]},{\"@type\":\"WebSite\",\"@id\":\"https:\/\/www.charminly.com\/it\/#website\",\"url\":\"https:\/\/www.charminly.com\/it\/\",\"name\":\"\",\"description\":\"\",\"publisher\":{\"@id\":\"https:\/\/www.charminly.com\/it\/#organization\"},\"potentialAction\":[{\"@type\":\"SearchAction\",\"target\":{\"@type\":\"EntryPoint\",\"urlTemplate\":\"https:\/\/www.charminly.com\/it\/?s={search_term_string}\"},\"query-input\":{\"@type\":\"PropertyValueSpecification\",\"valueRequired\":true,\"valueName\":\"search_term_string\"}}],\"inLanguage\":\"it-IT\"},{\"@type\":\"Organization\",\"@id\":\"https:\/\/www.charminly.com\/it\/#organization\",\"name\":\"Charminly.com\",\"url\":\"https:\/\/www.charminly.com\/it\/\",\"logo\":{\"@type\":\"ImageObject\",\"inLanguage\":\"it-IT\",\"@id\":\"https:\/\/www.charminly.com\/it\/#\/schema\/logo\/image\/\",\"url\":\"https:\/\/www.charminly.com\/wp-content\/uploads\/2014\/10\/logo.png\",\"contentUrl\":\"https:\/\/www.charminly.com\/wp-content\/uploads\/2014\/10\/logo.png\",\"width\":264,\"height\":115,\"caption\":\"Charminly.com\"},\"image\":{\"@id\":\"https:\/\/www.charminly.com\/it\/#\/schema\/logo\/image\/\"},\"sameAs\":[\"https:\/\/www.facebook.com\/charminlyitalia\/\",\"https:\/\/x.com\/charminly_com\"]},{\"@type\":\"Person\",\"@id\":\"https:\/\/www.charminly.com\/it\/#\/schema\/person\/52806bb74f5c81bbf5f0989dd952c7ea\",\"name\":\"Ivan Lopez\",\"image\":{\"@type\":\"ImageObject\",\"inLanguage\":\"it-IT\",\"@id\":\"https:\/\/www.charminly.com\/it\/#\/schema\/person\/image\/\",\"url\":\"https:\/\/secure.gravatar.com\/avatar\/e8aef7257c7a278cfcb908e241d9761c?s=96&d=mm&r=g\",\"contentUrl\":\"https:\/\/secure.gravatar.com\/avatar\/e8aef7257c7a278cfcb908e241d9761c?s=96&d=mm&r=g\",\"caption\":\"Ivan Lopez\"},\"url\":\"https:\/\/www.charminly.com\/it\/author\/ivan\/\"}]}<\/script>\n<!-- \/ Yoast SEO plugin. -->","yoast_head_json":{"title":"Le feste pi\u00f9 singolari e gli eventi pi\u00f9 importanti della Lombardia","description":"Soggiornando presso il Castello di Lovere, si avr\u00e0 la possibilit\u00e0 di scoprire le feste pi\u00f9 singolari e gli eventi pi\u00f9 importanti della Lombardia","robots":{"index":"index","follow":"follow","max-snippet":"max-snippet:-1","max-image-preview":"max-image-preview:large","max-video-preview":"max-video-preview:-1"},"canonical":"https:\/\/www.charminly.com\/it\/le-feste-piu-singolari-e-gli-eventi-piu-importanti-della-lombardia\/","og_locale":"it_IT","og_type":"article","og_title":"Le feste pi\u00f9 singolari e gli eventi pi\u00f9 importanti della Lombardia","og_description":"Soggiornando presso il Castello di Lovere, si avr\u00e0 la possibilit\u00e0 di scoprire le feste pi\u00f9 singolari e gli eventi pi\u00f9 importanti della Lombardia","og_url":"https:\/\/www.charminly.com\/it\/le-feste-piu-singolari-e-gli-eventi-piu-importanti-della-lombardia\/","article_publisher":"https:\/\/www.facebook.com\/charminlyitalia\/","article_published_time":"2019-11-10T20:58:20+00:00","article_modified_time":"2020-01-16T12:41:47+00:00","og_image":[{"width":1024,"height":683,"url":"https:\/\/www.charminly.com\/wp-content\/uploads\/2019\/11\/Sarnico-Busker-Festival-bergamopost_opt.jpg","type":"image\/jpeg"}],"author":"Ivan Lopez","twitter_card":"summary_large_image","twitter_creator":"@charminly_com","twitter_site":"@charminly_com","twitter_misc":{"Scritto da":"Ivan Lopez","Tempo di lettura stimato":"2 minuti"},"schema":{"@context":"https:\/\/schema.org","@graph":[{"@type":"Article","@id":"https:\/\/www.charminly.com\/it\/le-feste-piu-singolari-e-gli-eventi-piu-importanti-della-lombardia\/#article","isPartOf":{"@id":"https:\/\/www.charminly.com\/it\/le-feste-piu-singolari-e-gli-eventi-piu-importanti-della-lombardia\/"},"author":{"name":"Ivan Lopez","@id":"https:\/\/www.charminly.com\/it\/#\/schema\/person\/52806bb74f5c81bbf5f0989dd952c7ea"},"headline":"Le feste pi\u00f9 singolari e gli eventi pi\u00f9 importanti della Lombardia","datePublished":"2019-11-10T20:58:20+00:00","dateModified":"2020-01-16T12:41:47+00:00","mainEntityOfPage":{"@id":"https:\/\/www.charminly.com\/it\/le-feste-piu-singolari-e-gli-eventi-piu-importanti-della-lombardia\/"},"wordCount":449,"publisher":{"@id":"https:\/\/www.charminly.com\/it\/#organization"},"image":{"@id":"https:\/\/www.charminly.com\/it\/le-feste-piu-singolari-e-gli-eventi-piu-importanti-della-lombardia\/#primaryimage"},"thumbnailUrl":"https:\/\/www.charminly.com\/wp-content\/uploads\/2019\/11\/Sarnico-Busker-Festival-bergamopost_opt.jpg","keywords":["Cosa fare in Lombardia"],"articleSection":["Feste, tradizioni, arti e mestieri"],"inLanguage":"it-IT"},{"@type":"WebPage","@id":"https:\/\/www.charminly.com\/it\/le-feste-piu-singolari-e-gli-eventi-piu-importanti-della-lombardia\/","url":"https:\/\/www.charminly.com\/it\/le-feste-piu-singolari-e-gli-eventi-piu-importanti-della-lombardia\/","name":"Le feste pi\u00f9 singolari e gli eventi pi\u00f9 importanti della Lombardia","isPartOf":{"@id":"https:\/\/www.charminly.com\/it\/#website"},"primaryImageOfPage":{"@id":"https:\/\/www.charminly.com\/it\/le-feste-piu-singolari-e-gli-eventi-piu-importanti-della-lombardia\/#primaryimage"},"image":{"@id":"https:\/\/www.charminly.com\/it\/le-feste-piu-singolari-e-gli-eventi-piu-importanti-della-lombardia\/#primaryimage"},"thumbnailUrl":"https:\/\/www.charminly.com\/wp-content\/uploads\/2019\/11\/Sarnico-Busker-Festival-bergamopost_opt.jpg","datePublished":"2019-11-10T20:58:20+00:00","dateModified":"2020-01-16T12:41:47+00:00","description":"Soggiornando presso il Castello di Lovere, si avr\u00e0 la possibilit\u00e0 di scoprire le feste pi\u00f9 singolari e gli eventi pi\u00f9 importanti della Lombardia","breadcrumb":{"@id":"https:\/\/www.charminly.com\/it\/le-feste-piu-singolari-e-gli-eventi-piu-importanti-della-lombardia\/#breadcrumb"},"inLanguage":"it-IT","potentialAction":[{"@type":"ReadAction","target":["https:\/\/www.charminly.com\/it\/le-feste-piu-singolari-e-gli-eventi-piu-importanti-della-lombardia\/"]}]},{"@type":"ImageObject","inLanguage":"it-IT","@id":"https:\/\/www.charminly.com\/it\/le-feste-piu-singolari-e-gli-eventi-piu-importanti-della-lombardia\/#primaryimage","url":"https:\/\/www.charminly.com\/wp-content\/uploads\/2019\/11\/Sarnico-Busker-Festival-bergamopost_opt.jpg","contentUrl":"https:\/\/www.charminly.com\/wp-content\/uploads\/2019\/11\/Sarnico-Busker-Festival-bergamopost_opt.jpg","width":1024,"height":683},{"@type":"BreadcrumbList","@id":"https:\/\/www.charminly.com\/it\/le-feste-piu-singolari-e-gli-eventi-piu-importanti-della-lombardia\/#breadcrumb","itemListElement":[{"@type":"ListItem","position":1,"name":"Home","item":"https:\/\/www.charminly.com\/it\/"},{"@type":"ListItem","position":2,"name":"Cosa fare in Lombardia","item":"https:\/\/www.charminly.com\/it\/tag\/cosa-fare-in-lombardia\/"},{"@type":"ListItem","position":3,"name":"Le feste pi\u00f9 singolari e gli eventi pi\u00f9 importanti della Lombardia"}]},{"@type":"WebSite","@id":"https:\/\/www.charminly.com\/it\/#website","url":"https:\/\/www.charminly.com\/it\/","name":"","description":"","publisher":{"@id":"https:\/\/www.charminly.com\/it\/#organization"},"potentialAction":[{"@type":"SearchAction","target":{"@type":"EntryPoint","urlTemplate":"https:\/\/www.charminly.com\/it\/?s={search_term_string}"},"query-input":{"@type":"PropertyValueSpecification","valueRequired":true,"valueName":"search_term_string"}}],"inLanguage":"it-IT"},{"@type":"Organization","@id":"https:\/\/www.charminly.com\/it\/#organization","name":"Charminly.com","url":"https:\/\/www.charminly.com\/it\/","logo":{"@type":"ImageObject","inLanguage":"it-IT","@id":"https:\/\/www.charminly.com\/it\/#\/schema\/logo\/image\/","url":"https:\/\/www.charminly.com\/wp-content\/uploads\/2014\/10\/logo.png","contentUrl":"https:\/\/www.charminly.com\/wp-content\/uploads\/2014\/10\/logo.png","width":264,"height":115,"caption":"Charminly.com"},"image":{"@id":"https:\/\/www.charminly.com\/it\/#\/schema\/logo\/image\/"},"sameAs":["https:\/\/www.facebook.com\/charminlyitalia\/","https:\/\/x.com\/charminly_com"]},{"@type":"Person","@id":"https:\/\/www.charminly.com\/it\/#\/schema\/person\/52806bb74f5c81bbf5f0989dd952c7ea","name":"Ivan Lopez","image":{"@type":"ImageObject","inLanguage":"it-IT","@id":"https:\/\/www.charminly.com\/it\/#\/schema\/person\/image\/","url":"https:\/\/secure.gravatar.com\/avatar\/e8aef7257c7a278cfcb908e241d9761c?s=96&d=mm&r=g","contentUrl":"https:\/\/secure.gravatar.com\/avatar\/e8aef7257c7a278cfcb908e241d9761c?s=96&d=mm&r=g","caption":"Ivan Lopez"},"url":"https:\/\/www.charminly.com\/it\/author\/ivan\/"}]}},"_links":{"self":[{"href":"https:\/\/www.charminly.com\/it\/wp-json\/wp\/v2\/posts\/60969","targetHints":{"allow":["GET"]}}],"collection":[{"href":"https:\/\/www.charminly.com\/it\/wp-json\/wp\/v2\/posts"}],"about":[{"href":"https:\/\/www.charminly.com\/it\/wp-json\/wp\/v2\/types\/post"}],"author":[{"embeddable":true,"href":"https:\/\/www.charminly.com\/it\/wp-json\/wp\/v2\/users\/6"}],"replies":[{"embeddable":true,"href":"https:\/\/www.charminly.com\/it\/wp-json\/wp\/v2\/comments?post=60969"}],"version-history":[{"count":0,"href":"https:\/\/www.charminly.com\/it\/wp-json\/wp\/v2\/posts\/60969\/revisions"}],"wp:featuredmedia":[{"embeddable":true,"href":"https:\/\/www.charminly.com\/it\/wp-json\/wp\/v2\/media\/60977"}],"wp:attachment":[{"href":"https:\/\/www.charminly.com\/it\/wp-json\/wp\/v2\/media?parent=60969"}],"wp:term":[{"taxonomy":"category","embeddable":true,"href":"https:\/\/www.charminly.com\/it\/wp-json\/wp\/v2\/categories?post=60969"},{"taxonomy":"post_tag","embeddable":true,"href":"https:\/\/www.charminly.com\/it\/wp-json\/wp\/v2\/tags?post=60969"}],"curies":[{"name":"wp","href":"https:\/\/api.w.org\/{rel}","templated":true}]}}