{"id":60924,"date":"2019-11-10T18:12:15","date_gmt":"2019-11-10T17:12:15","guid":{"rendered":"https:\/\/www.charminly.com\/?p=60924"},"modified":"2020-01-16T13:40:31","modified_gmt":"2020-01-16T12:40:31","slug":"le-fantastiche-feste-e-fiere-delle-marche","status":"publish","type":"post","link":"https:\/\/www.charminly.com\/it\/le-fantastiche-feste-e-fiere-delle-marche\/","title":{"rendered":"Le fantastiche feste e fiere delle Marche"},"content":{"rendered":"<p>Per tutti coloro che avessero voglia di distaccarsi dal frenetico ritmo cittadino e volessero organizzare un weekend o anche una vacanza di pi\u00f9 giorni all\u2019insegna di feste ed eventi divertenti, non c\u2019\u00e8 niente di meglio che recarsi nelle Marche soggiornando la struttura chiamata \u201c<a href=\"https:\/\/www.charminly.com\/it\/estate_property\/bb-700-it\/\"><strong>B&b 700<\/strong><\/a>\u201d.<\/p>\n<p>Si tratta di una struttura alberghiera molto accogliente e situata nelle Marche, precisamente nel territorio di <a href=\"https:\/\/www.charminly.com\/it\/area\/ascoli-piceno-it\/\"><strong>Ascoli<\/strong><\/a>. Da questa struttura \u00e8 possibile visitare diversi borghi marchigiani situati nei dintorni, famosi per le numerose feste di paese oppure per gli eventi che vengono organizzati proprio nelle loro vicinanze.<\/p>\n<p>Soggiornando presso la struttura \u201c<strong>B&b 700<\/strong>\u201d si avr\u00e0 l\u2019opportunit\u00e0 di poter scoprire le fantastiche feste e fiere delle Marche.<\/p>\n<div id=\"attachment_60925\" style=\"width: 1034px\" class=\"wp-caption alignnone\"><img loading=\"lazy\" decoding=\"async\" aria-describedby=\"caption-attachment-60925\" class=\"wp-image-60925 size-large\" src=\"https:\/\/www.charminly.com\/wp-content\/uploads\/2019\/11\/Carnival_at_Ascoli_Piceno_opt-1024x683.jpg\" alt=\"\" width=\"1024\" height=\"683\" srcset=\"https:\/\/www.charminly.com\/wp-content\/uploads\/2019\/11\/Carnival_at_Ascoli_Piceno_opt.jpg 1024w, https:\/\/www.charminly.com\/wp-content\/uploads\/2019\/11\/Carnival_at_Ascoli_Piceno_opt-300x200.jpg 300w, https:\/\/www.charminly.com\/wp-content\/uploads\/2019\/11\/Carnival_at_Ascoli_Piceno_opt-768x512.jpg 768w, https:\/\/www.charminly.com\/wp-content\/uploads\/2019\/11\/Carnival_at_Ascoli_Piceno_opt-105x70.jpg 105w\" sizes=\"auto, (max-width: 1024px) 100vw, 1024px\" \/><p id=\"caption-attachment-60925\" class=\"wp-caption-text\">Carnevale, Ascoli<\/p><\/div>\n<h3><strong>Carnevale, feste ad Ascoli<\/strong><\/h3>\n<p>Gli eventi organizzati nei borghi facilmente raggiungibili dalla fantastica struttura del B&b 700 sono davvero tantissimi. Si tratta principalmente di sagre, feste oppure di eventi particolari, come ad esempio quello che si svolge ad Ascoli Piceno e viene chiamato \u201c<strong>Carnevale<\/strong>\u201d. Si tratta della festa in maschera tipica della penisola, anche se ad Ascoli viene svolta precisamente durante il periodo che intercorre tra la ricorrenza di Sant&#8217;Antonio abate e la Quaresima. Sempre ad Ascoli si svolge anche il cosiddetto \u201c<strong>Ascoliva Festival<\/strong>\u201d, un festival all\u2019insegna del cibo, dei piatti tipici, della tradizione di Ascoli e delle sue olive ascolane.<\/p>\n<h3><strong>Feste tipiche<\/strong><\/h3>\n<h3><strong>Zafferano dei Monti Sibillini, Infiorata, Quintana<\/strong><\/h3>\n<p>A Venarotta si svolge una festa della Primavera in onore del fantastico zafferano dei Monti Sibillini, un prodotto famoso nelle Marche che fa da ottimo aroma ai risotti. Questa festa si svolge nel periodo di marzo.<\/p>\n<div id=\"attachment_60929\" style=\"width: 1034px\" class=\"wp-caption alignnone\"><img loading=\"lazy\" decoding=\"async\" aria-describedby=\"caption-attachment-60929\" class=\"wp-image-60929 size-large\" src=\"https:\/\/www.charminly.com\/wp-content\/uploads\/2019\/11\/Quintana-quintana_opt-1024x683.jpg\" alt=\"\" width=\"1024\" height=\"683\" srcset=\"https:\/\/www.charminly.com\/wp-content\/uploads\/2019\/11\/Quintana-quintana_opt.jpg 1024w, https:\/\/www.charminly.com\/wp-content\/uploads\/2019\/11\/Quintana-quintana_opt-300x200.jpg 300w, https:\/\/www.charminly.com\/wp-content\/uploads\/2019\/11\/Quintana-quintana_opt-768x512.jpg 768w, https:\/\/www.charminly.com\/wp-content\/uploads\/2019\/11\/Quintana-quintana_opt-105x70.jpg 105w\" sizes=\"auto, (max-width: 1024px) 100vw, 1024px\" \/><p id=\"caption-attachment-60929\" class=\"wp-caption-text\">Quintana, foto by quintana<\/p><\/div>\n<p>Famoso anche il \u201c<strong>Templaria Festival<\/strong>\u201d che si svolge sempre nella citt\u00e0 di Castignano e nel periodo di agosto. Come suggerisce il nome, si tratta di un evento dedicato alla storia dei Templari. Nello stesso periodo \u00e8 possibile invece partecipare al \u201cFestival Liszt\u201d a Grottammare, all\u2019insegna della musica e del divertimento. Con la parola \u201cQuintana\u201d si indica invece una festa che riproduce un\u2019antica giostra medievale chiamata appunto \u201c<strong>Giostra della Quintana<\/strong>\u201d. Vi partecipano i sei Sestieri della citt\u00e0: Piazzarola, Porta Maggiore, Porta Romana, Porta Solest\u00e0, Porta Tufilla, Sant&#8217;Emidi. Il periodo di questo evento \u00e8 met\u00e0 agosto. Si svolge a Montefiore invece la cosiddetta \u201c<strong>Infiorata<\/strong>\u201d, evento in cui i protagonisti sono i fiori. Precisamente, degli artisti realizzano opere d\u2019arte con fiori colorate, e le espongono nelle piazze.<\/p>\n<hr \/>\n<div class=\"article_container\"><h2 class=\"shortcode_title\">Charming home nelle vicinanze<\/h2><div class=\"listinglink-wrapper\">\n                           <a href=\"https:\/\/www.charminly.com\/listings\/relais-country-houses-en\/\"> <span class=\"wpresidence_button\"> more listings <\/span><\/a>\n                       <\/div><\/div>\n","protected":false},"excerpt":{"rendered":"<p>Per tutti coloro che avessero voglia di distaccarsi dal frenetico ritmo cittadino e volessero organizzare un weekend o anche una vacanza di pi\u00f9 giorni all\u2019insegna di feste ed eventi divertenti, non c\u2019\u00e8 niente di meglio che recarsi nelle Marche soggiornando la struttura chiamata \u201cB&#038;b 700\u201d. Si tratta di una struttura alberghiera molto accogliente e situata nelle Marche, precisamente nel territorio di Ascoli. Da questa &#8230;<\/p>\n","protected":false},"author":6,"featured_media":60928,"comment_status":"closed","ping_status":"closed","sticky":false,"template":"","format":"standard","meta":{"_acf_changed":false,"footnotes":""},"categories":[144],"tags":[619],"class_list":["post-60924","post","type-post","status-publish","format-standard","has-post-thumbnail","hentry","category-feste-tradizioni-arti-e-mestieri","tag-cosa-fare-nelle-marche"],"acf":[],"yoast_head":"<!-- This site is optimized with the Yoast SEO plugin v23.9 - https:\/\/yoast.com\/wordpress\/plugins\/seo\/ -->\n<title>Le fantastiche feste e fiere delle Marche<\/title>\n<meta name=\"description\" content=\"Soggiornando presso la struttura \u201cB&amp;b 700\u201d si avr\u00e0 l\u2019opportunit\u00e0 di poter scoprire le fantastiche feste e fiere delle Marche\" \/>\n<meta name=\"robots\" content=\"index, follow, max-snippet:-1, max-image-preview:large, max-video-preview:-1\" \/>\n<link rel=\"canonical\" href=\"https:\/\/www.charminly.com\/it\/le-fantastiche-feste-e-fiere-delle-marche\/\" \/>\n<meta property=\"og:locale\" content=\"it_IT\" \/>\n<meta property=\"og:type\" content=\"article\" \/>\n<meta property=\"og:title\" content=\"Le fantastiche feste e fiere delle Marche\" \/>\n<meta property=\"og:description\" content=\"Soggiornando presso la struttura \u201cB&amp;b 700\u201d si avr\u00e0 l\u2019opportunit\u00e0 di poter scoprire le fantastiche feste e fiere delle Marche\" \/>\n<meta property=\"og:url\" content=\"https:\/\/www.charminly.com\/it\/le-fantastiche-feste-e-fiere-delle-marche\/\" \/>\n<meta property=\"article:publisher\" content=\"https:\/\/www.facebook.com\/charminlyitalia\/\" \/>\n<meta property=\"article:published_time\" content=\"2019-11-10T17:12:15+00:00\" \/>\n<meta property=\"article:modified_time\" content=\"2020-01-16T12:40:31+00:00\" \/>\n<meta property=\"og:image\" content=\"https:\/\/www.charminly.com\/wp-content\/uploads\/2019\/11\/Carnival_at_Ascoli_Piceno_opt.jpg\" \/>\n\t<meta property=\"og:image:width\" content=\"1024\" \/>\n\t<meta property=\"og:image:height\" content=\"683\" \/>\n\t<meta property=\"og:image:type\" content=\"image\/jpeg\" \/>\n<meta name=\"author\" content=\"Ivan Lopez\" \/>\n<meta name=\"twitter:card\" content=\"summary_large_image\" \/>\n<meta name=\"twitter:creator\" content=\"@charminly_com\" \/>\n<meta name=\"twitter:site\" content=\"@charminly_com\" \/>\n<meta name=\"twitter:label1\" content=\"Scritto da\" \/>\n\t<meta name=\"twitter:data1\" content=\"Ivan Lopez\" \/>\n\t<meta name=\"twitter:label2\" content=\"Tempo di lettura stimato\" \/>\n\t<meta name=\"twitter:data2\" content=\"2 minuti\" \/>\n<script type=\"application\/ld+json\" class=\"yoast-schema-graph\">{\"@context\":\"https:\/\/schema.org\",\"@graph\":[{\"@type\":\"Article\",\"@id\":\"https:\/\/www.charminly.com\/it\/le-fantastiche-feste-e-fiere-delle-marche\/#article\",\"isPartOf\":{\"@id\":\"https:\/\/www.charminly.com\/it\/le-fantastiche-feste-e-fiere-delle-marche\/\"},\"author\":{\"name\":\"Ivan Lopez\",\"@id\":\"https:\/\/www.charminly.com\/it\/#\/schema\/person\/52806bb74f5c81bbf5f0989dd952c7ea\"},\"headline\":\"Le fantastiche feste e fiere delle Marche\",\"datePublished\":\"2019-11-10T17:12:15+00:00\",\"dateModified\":\"2020-01-16T12:40:31+00:00\",\"mainEntityOfPage\":{\"@id\":\"https:\/\/www.charminly.com\/it\/le-fantastiche-feste-e-fiere-delle-marche\/\"},\"wordCount\":441,\"publisher\":{\"@id\":\"https:\/\/www.charminly.com\/it\/#organization\"},\"image\":{\"@id\":\"https:\/\/www.charminly.com\/it\/le-fantastiche-feste-e-fiere-delle-marche\/#primaryimage\"},\"thumbnailUrl\":\"https:\/\/www.charminly.com\/wp-content\/uploads\/2019\/11\/Carnival_at_Ascoli_Piceno_opt.jpg\",\"keywords\":[\"Cosa fare nelle Marche\"],\"articleSection\":[\"Feste, tradizioni, arti e mestieri\"],\"inLanguage\":\"it-IT\"},{\"@type\":\"WebPage\",\"@id\":\"https:\/\/www.charminly.com\/it\/le-fantastiche-feste-e-fiere-delle-marche\/\",\"url\":\"https:\/\/www.charminly.com\/it\/le-fantastiche-feste-e-fiere-delle-marche\/\",\"name\":\"Le fantastiche feste e fiere delle Marche\",\"isPartOf\":{\"@id\":\"https:\/\/www.charminly.com\/it\/#website\"},\"primaryImageOfPage\":{\"@id\":\"https:\/\/www.charminly.com\/it\/le-fantastiche-feste-e-fiere-delle-marche\/#primaryimage\"},\"image\":{\"@id\":\"https:\/\/www.charminly.com\/it\/le-fantastiche-feste-e-fiere-delle-marche\/#primaryimage\"},\"thumbnailUrl\":\"https:\/\/www.charminly.com\/wp-content\/uploads\/2019\/11\/Carnival_at_Ascoli_Piceno_opt.jpg\",\"datePublished\":\"2019-11-10T17:12:15+00:00\",\"dateModified\":\"2020-01-16T12:40:31+00:00\",\"description\":\"Soggiornando presso la struttura \u201cB&b 700\u201d si avr\u00e0 l\u2019opportunit\u00e0 di poter scoprire le fantastiche feste e fiere delle Marche\",\"breadcrumb\":{\"@id\":\"https:\/\/www.charminly.com\/it\/le-fantastiche-feste-e-fiere-delle-marche\/#breadcrumb\"},\"inLanguage\":\"it-IT\",\"potentialAction\":[{\"@type\":\"ReadAction\",\"target\":[\"https:\/\/www.charminly.com\/it\/le-fantastiche-feste-e-fiere-delle-marche\/\"]}]},{\"@type\":\"ImageObject\",\"inLanguage\":\"it-IT\",\"@id\":\"https:\/\/www.charminly.com\/it\/le-fantastiche-feste-e-fiere-delle-marche\/#primaryimage\",\"url\":\"https:\/\/www.charminly.com\/wp-content\/uploads\/2019\/11\/Carnival_at_Ascoli_Piceno_opt.jpg\",\"contentUrl\":\"https:\/\/www.charminly.com\/wp-content\/uploads\/2019\/11\/Carnival_at_Ascoli_Piceno_opt.jpg\",\"width\":1024,\"height\":683},{\"@type\":\"BreadcrumbList\",\"@id\":\"https:\/\/www.charminly.com\/it\/le-fantastiche-feste-e-fiere-delle-marche\/#breadcrumb\",\"itemListElement\":[{\"@type\":\"ListItem\",\"position\":1,\"name\":\"Home\",\"item\":\"https:\/\/www.charminly.com\/it\/\"},{\"@type\":\"ListItem\",\"position\":2,\"name\":\"Cosa fare nelle Marche\",\"item\":\"https:\/\/www.charminly.com\/it\/tag\/cosa-fare-nelle-marche\/\"},{\"@type\":\"ListItem\",\"position\":3,\"name\":\"Le fantastiche feste e fiere delle Marche\"}]},{\"@type\":\"WebSite\",\"@id\":\"https:\/\/www.charminly.com\/it\/#website\",\"url\":\"https:\/\/www.charminly.com\/it\/\",\"name\":\"\",\"description\":\"\",\"publisher\":{\"@id\":\"https:\/\/www.charminly.com\/it\/#organization\"},\"potentialAction\":[{\"@type\":\"SearchAction\",\"target\":{\"@type\":\"EntryPoint\",\"urlTemplate\":\"https:\/\/www.charminly.com\/it\/?s={search_term_string}\"},\"query-input\":{\"@type\":\"PropertyValueSpecification\",\"valueRequired\":true,\"valueName\":\"search_term_string\"}}],\"inLanguage\":\"it-IT\"},{\"@type\":\"Organization\",\"@id\":\"https:\/\/www.charminly.com\/it\/#organization\",\"name\":\"Charminly.com\",\"url\":\"https:\/\/www.charminly.com\/it\/\",\"logo\":{\"@type\":\"ImageObject\",\"inLanguage\":\"it-IT\",\"@id\":\"https:\/\/www.charminly.com\/it\/#\/schema\/logo\/image\/\",\"url\":\"https:\/\/www.charminly.com\/wp-content\/uploads\/2014\/10\/logo.png\",\"contentUrl\":\"https:\/\/www.charminly.com\/wp-content\/uploads\/2014\/10\/logo.png\",\"width\":264,\"height\":115,\"caption\":\"Charminly.com\"},\"image\":{\"@id\":\"https:\/\/www.charminly.com\/it\/#\/schema\/logo\/image\/\"},\"sameAs\":[\"https:\/\/www.facebook.com\/charminlyitalia\/\",\"https:\/\/x.com\/charminly_com\"]},{\"@type\":\"Person\",\"@id\":\"https:\/\/www.charminly.com\/it\/#\/schema\/person\/52806bb74f5c81bbf5f0989dd952c7ea\",\"name\":\"Ivan Lopez\",\"image\":{\"@type\":\"ImageObject\",\"inLanguage\":\"it-IT\",\"@id\":\"https:\/\/www.charminly.com\/it\/#\/schema\/person\/image\/\",\"url\":\"https:\/\/secure.gravatar.com\/avatar\/e8aef7257c7a278cfcb908e241d9761c?s=96&d=mm&r=g\",\"contentUrl\":\"https:\/\/secure.gravatar.com\/avatar\/e8aef7257c7a278cfcb908e241d9761c?s=96&d=mm&r=g\",\"caption\":\"Ivan Lopez\"},\"url\":\"https:\/\/www.charminly.com\/it\/author\/ivan\/\"}]}<\/script>\n<!-- \/ Yoast SEO plugin. -->","yoast_head_json":{"title":"Le fantastiche feste e fiere delle Marche","description":"Soggiornando presso la struttura \u201cB&b 700\u201d si avr\u00e0 l\u2019opportunit\u00e0 di poter scoprire le fantastiche feste e fiere delle Marche","robots":{"index":"index","follow":"follow","max-snippet":"max-snippet:-1","max-image-preview":"max-image-preview:large","max-video-preview":"max-video-preview:-1"},"canonical":"https:\/\/www.charminly.com\/it\/le-fantastiche-feste-e-fiere-delle-marche\/","og_locale":"it_IT","og_type":"article","og_title":"Le fantastiche feste e fiere delle Marche","og_description":"Soggiornando presso la struttura \u201cB&b 700\u201d si avr\u00e0 l\u2019opportunit\u00e0 di poter scoprire le fantastiche feste e fiere delle Marche","og_url":"https:\/\/www.charminly.com\/it\/le-fantastiche-feste-e-fiere-delle-marche\/","article_publisher":"https:\/\/www.facebook.com\/charminlyitalia\/","article_published_time":"2019-11-10T17:12:15+00:00","article_modified_time":"2020-01-16T12:40:31+00:00","og_image":[{"width":1024,"height":683,"url":"https:\/\/www.charminly.com\/wp-content\/uploads\/2019\/11\/Carnival_at_Ascoli_Piceno_opt.jpg","type":"image\/jpeg"}],"author":"Ivan Lopez","twitter_card":"summary_large_image","twitter_creator":"@charminly_com","twitter_site":"@charminly_com","twitter_misc":{"Scritto da":"Ivan Lopez","Tempo di lettura stimato":"2 minuti"},"schema":{"@context":"https:\/\/schema.org","@graph":[{"@type":"Article","@id":"https:\/\/www.charminly.com\/it\/le-fantastiche-feste-e-fiere-delle-marche\/#article","isPartOf":{"@id":"https:\/\/www.charminly.com\/it\/le-fantastiche-feste-e-fiere-delle-marche\/"},"author":{"name":"Ivan Lopez","@id":"https:\/\/www.charminly.com\/it\/#\/schema\/person\/52806bb74f5c81bbf5f0989dd952c7ea"},"headline":"Le fantastiche feste e fiere delle Marche","datePublished":"2019-11-10T17:12:15+00:00","dateModified":"2020-01-16T12:40:31+00:00","mainEntityOfPage":{"@id":"https:\/\/www.charminly.com\/it\/le-fantastiche-feste-e-fiere-delle-marche\/"},"wordCount":441,"publisher":{"@id":"https:\/\/www.charminly.com\/it\/#organization"},"image":{"@id":"https:\/\/www.charminly.com\/it\/le-fantastiche-feste-e-fiere-delle-marche\/#primaryimage"},"thumbnailUrl":"https:\/\/www.charminly.com\/wp-content\/uploads\/2019\/11\/Carnival_at_Ascoli_Piceno_opt.jpg","keywords":["Cosa fare nelle Marche"],"articleSection":["Feste, tradizioni, arti e mestieri"],"inLanguage":"it-IT"},{"@type":"WebPage","@id":"https:\/\/www.charminly.com\/it\/le-fantastiche-feste-e-fiere-delle-marche\/","url":"https:\/\/www.charminly.com\/it\/le-fantastiche-feste-e-fiere-delle-marche\/","name":"Le fantastiche feste e fiere delle Marche","isPartOf":{"@id":"https:\/\/www.charminly.com\/it\/#website"},"primaryImageOfPage":{"@id":"https:\/\/www.charminly.com\/it\/le-fantastiche-feste-e-fiere-delle-marche\/#primaryimage"},"image":{"@id":"https:\/\/www.charminly.com\/it\/le-fantastiche-feste-e-fiere-delle-marche\/#primaryimage"},"thumbnailUrl":"https:\/\/www.charminly.com\/wp-content\/uploads\/2019\/11\/Carnival_at_Ascoli_Piceno_opt.jpg","datePublished":"2019-11-10T17:12:15+00:00","dateModified":"2020-01-16T12:40:31+00:00","description":"Soggiornando presso la struttura \u201cB&b 700\u201d si avr\u00e0 l\u2019opportunit\u00e0 di poter scoprire le fantastiche feste e fiere delle Marche","breadcrumb":{"@id":"https:\/\/www.charminly.com\/it\/le-fantastiche-feste-e-fiere-delle-marche\/#breadcrumb"},"inLanguage":"it-IT","potentialAction":[{"@type":"ReadAction","target":["https:\/\/www.charminly.com\/it\/le-fantastiche-feste-e-fiere-delle-marche\/"]}]},{"@type":"ImageObject","inLanguage":"it-IT","@id":"https:\/\/www.charminly.com\/it\/le-fantastiche-feste-e-fiere-delle-marche\/#primaryimage","url":"https:\/\/www.charminly.com\/wp-content\/uploads\/2019\/11\/Carnival_at_Ascoli_Piceno_opt.jpg","contentUrl":"https:\/\/www.charminly.com\/wp-content\/uploads\/2019\/11\/Carnival_at_Ascoli_Piceno_opt.jpg","width":1024,"height":683},{"@type":"BreadcrumbList","@id":"https:\/\/www.charminly.com\/it\/le-fantastiche-feste-e-fiere-delle-marche\/#breadcrumb","itemListElement":[{"@type":"ListItem","position":1,"name":"Home","item":"https:\/\/www.charminly.com\/it\/"},{"@type":"ListItem","position":2,"name":"Cosa fare nelle Marche","item":"https:\/\/www.charminly.com\/it\/tag\/cosa-fare-nelle-marche\/"},{"@type":"ListItem","position":3,"name":"Le fantastiche feste e fiere delle Marche"}]},{"@type":"WebSite","@id":"https:\/\/www.charminly.com\/it\/#website","url":"https:\/\/www.charminly.com\/it\/","name":"","description":"","publisher":{"@id":"https:\/\/www.charminly.com\/it\/#organization"},"potentialAction":[{"@type":"SearchAction","target":{"@type":"EntryPoint","urlTemplate":"https:\/\/www.charminly.com\/it\/?s={search_term_string}"},"query-input":{"@type":"PropertyValueSpecification","valueRequired":true,"valueName":"search_term_string"}}],"inLanguage":"it-IT"},{"@type":"Organization","@id":"https:\/\/www.charminly.com\/it\/#organization","name":"Charminly.com","url":"https:\/\/www.charminly.com\/it\/","logo":{"@type":"ImageObject","inLanguage":"it-IT","@id":"https:\/\/www.charminly.com\/it\/#\/schema\/logo\/image\/","url":"https:\/\/www.charminly.com\/wp-content\/uploads\/2014\/10\/logo.png","contentUrl":"https:\/\/www.charminly.com\/wp-content\/uploads\/2014\/10\/logo.png","width":264,"height":115,"caption":"Charminly.com"},"image":{"@id":"https:\/\/www.charminly.com\/it\/#\/schema\/logo\/image\/"},"sameAs":["https:\/\/www.facebook.com\/charminlyitalia\/","https:\/\/x.com\/charminly_com"]},{"@type":"Person","@id":"https:\/\/www.charminly.com\/it\/#\/schema\/person\/52806bb74f5c81bbf5f0989dd952c7ea","name":"Ivan Lopez","image":{"@type":"ImageObject","inLanguage":"it-IT","@id":"https:\/\/www.charminly.com\/it\/#\/schema\/person\/image\/","url":"https:\/\/secure.gravatar.com\/avatar\/e8aef7257c7a278cfcb908e241d9761c?s=96&d=mm&r=g","contentUrl":"https:\/\/secure.gravatar.com\/avatar\/e8aef7257c7a278cfcb908e241d9761c?s=96&d=mm&r=g","caption":"Ivan Lopez"},"url":"https:\/\/www.charminly.com\/it\/author\/ivan\/"}]}},"_links":{"self":[{"href":"https:\/\/www.charminly.com\/it\/wp-json\/wp\/v2\/posts\/60924","targetHints":{"allow":["GET"]}}],"collection":[{"href":"https:\/\/www.charminly.com\/it\/wp-json\/wp\/v2\/posts"}],"about":[{"href":"https:\/\/www.charminly.com\/it\/wp-json\/wp\/v2\/types\/post"}],"author":[{"embeddable":true,"href":"https:\/\/www.charminly.com\/it\/wp-json\/wp\/v2\/users\/6"}],"replies":[{"embeddable":true,"href":"https:\/\/www.charminly.com\/it\/wp-json\/wp\/v2\/comments?post=60924"}],"version-history":[{"count":0,"href":"https:\/\/www.charminly.com\/it\/wp-json\/wp\/v2\/posts\/60924\/revisions"}],"wp:featuredmedia":[{"embeddable":true,"href":"https:\/\/www.charminly.com\/it\/wp-json\/wp\/v2\/media\/60928"}],"wp:attachment":[{"href":"https:\/\/www.charminly.com\/it\/wp-json\/wp\/v2\/media?parent=60924"}],"wp:term":[{"taxonomy":"category","embeddable":true,"href":"https:\/\/www.charminly.com\/it\/wp-json\/wp\/v2\/categories?post=60924"},{"taxonomy":"post_tag","embeddable":true,"href":"https:\/\/www.charminly.com\/it\/wp-json\/wp\/v2\/tags?post=60924"}],"curies":[{"name":"wp","href":"https:\/\/api.w.org\/{rel}","templated":true}]}}