{"id":6084,"date":"2015-06-11T12:02:22","date_gmt":"2015-06-11T10:02:22","guid":{"rendered":"https:\/\/www.charminly.com\/wonders-of-aosta-valley-2\/"},"modified":"2020-01-13T12:05:57","modified_gmt":"2020-01-13T11:05:57","slug":"le-meraviglie-della-val-daosta","status":"publish","type":"post","link":"https:\/\/www.charminly.com\/it\/le-meraviglie-della-val-daosta\/","title":{"rendered":"Le meraviglie della Val d\u2019Aosta"},"content":{"rendered":"<p>Un gradevole soggiorno presso <strong><a href=\"https:\/\/www.charminly.com\/it\/properties\/la-jolie-bergere-it\/\" target=\"_blank\" rel=\"noopener noreferrer\">La Jolie Bergere<\/a>, <\/strong>che si trova in localit\u00e0 <strong><a href=\"https:\/\/www.charminly.com\/it\/area\/planaval-it\/\" target=\"_blank\" rel=\"noopener noreferrer\">Planaval<\/a><\/strong> a <strong>La Salle<\/strong>, in<strong> Val d\u2019Aosta <\/strong>in provincia di<strong> Aosta<\/strong>, permetter\u00e0 di poter visitare alcune delle pi\u00f9 interessanti localit\u00e0 della regione.<\/p>\n<h3><strong>Sarre<\/strong><\/h3>\n<p>Abitato gi\u00e0 durante l\u2019et\u00e0 del bronzo, il territorio di <strong>Sarre<\/strong>, che si trova in provincia di <strong>Aosta<\/strong>, a seguito della conquista romana e della fondazione dell\u2019odierna Aosta ebbe un declino. \u00c8 interessante ricordare che, dopo la disfatta di Novara, <strong>Carlo Alberto<\/strong>, abdicando, divenne <strong>Conte di Sarre<\/strong>.<\/p>\n<p>Non per nulla il <strong>Castello di Sarre<\/strong> \u00e8 senza ombra di dubbio il pi\u00f9 imponente monumento. Nel XIII secolo era una semplice torre eretta a guardia. Dal 1869 al 1972 il Castello di Sarre rimase senza interruzioni di propriet\u00e0 dei <strong>Savoia<\/strong>. Nel 1989 divenne invece propriet\u00e0 dello <strong>Stato<\/strong> ed \u00e8 oggi una testimonianza particolarmente importante della presenza dei Savoia nella <strong>Valle d\u2019Aosta<\/strong>.<\/p>\n<div id=\"attachment_6079\" style=\"width: 1034px\" class=\"wp-caption alignnone\"><img loading=\"lazy\" decoding=\"async\" aria-describedby=\"caption-attachment-6079\" class=\"wp-image-6079 size-large\" src=\"https:\/\/www.charminly.com\/wp-content\/uploads\/2015\/06\/Castello_di_Sarre_06_mini_opt-1024x680.jpg\" alt=\"Castello_di_Sarre_\" width=\"1024\" height=\"680\" srcset=\"https:\/\/www.charminly.com\/wp-content\/uploads\/2015\/06\/Castello_di_Sarre_06_mini_opt.jpg 1024w, https:\/\/www.charminly.com\/wp-content\/uploads\/2015\/06\/Castello_di_Sarre_06_mini_opt-300x199.jpg 300w, https:\/\/www.charminly.com\/wp-content\/uploads\/2015\/06\/Castello_di_Sarre_06_mini_opt-768x510.jpg 768w, https:\/\/www.charminly.com\/wp-content\/uploads\/2015\/06\/Castello_di_Sarre_06_mini_opt-105x70.jpg 105w\" sizes=\"auto, (max-width: 1024px) 100vw, 1024px\" \/><p id=\"caption-attachment-6079\" class=\"wp-caption-text\">Castello di Sarre<\/p><\/div>\n<h3><strong>San Pierre<\/strong><\/h3>\n<p><strong>San Pierre<\/strong>, in provincia di <strong>Aosta<\/strong> si trova a 731 metri di altezza e fu uno dei primi villaggi costruiti in <strong>Valle d\u2019Aosta<\/strong>. Esposto al sole e circondata da grandi estese coltivazioni di mele, San Pierre offre un particolare scenario fiabesco che \u00e8 caratterizzato dalla sua Rocca che domina tutto il circostante paesaggio. Il <strong>Castello di San Pierre<\/strong>, risalente al 1191, \u00e8 oggi anche sede del Museo regionale di scienze naturali.<\/p>\n<p>Il <strong>Castello Sarriod de la Tour<\/strong>, il secondo castello presente a San Pierre, \u00e8 un magnifico esempio delle varie architetture che si sono succedute nel corso dei secoli. Al suo interno \u00e8 di particolare valore la stupenda Sala delle teste. Da visitare anche la <strong>Cappella di V\u00e9tan<\/strong>, anteriore al XV secolo e la <strong>Cappella di Rumiod<\/strong> risalente al XVI secolo.<\/p>\n<div id=\"attachment_6076\" style=\"width: 1034px\" class=\"wp-caption alignnone\"><img loading=\"lazy\" decoding=\"async\" aria-describedby=\"caption-attachment-6076\" class=\"wp-image-6076 size-large\" src=\"https:\/\/www.charminly.com\/wp-content\/uploads\/2015\/06\/1024px-Municipio_di_Morgex-1024x766.jpg\" alt=\"Municipio_di_Morgex\" width=\"1024\" height=\"766\" srcset=\"https:\/\/www.charminly.com\/wp-content\/uploads\/2015\/06\/1024px-Municipio_di_Morgex.jpg 1024w, https:\/\/www.charminly.com\/wp-content\/uploads\/2015\/06\/1024px-Municipio_di_Morgex-300x224.jpg 300w, https:\/\/www.charminly.com\/wp-content\/uploads\/2015\/06\/1024px-Municipio_di_Morgex-768x575.jpg 768w\" sizes=\"auto, (max-width: 1024px) 100vw, 1024px\" \/><p id=\"caption-attachment-6076\" class=\"wp-caption-text\">Municipio di Morgex<\/p><\/div>\n<h3><strong>Morgex<\/strong><\/h3>\n<p>Un gradevole soggiorno presso <strong><a href=\"https:\/\/www.charminly.com\/it\/properties\/la-jolie-bergere-it\/\" target=\"_blank\" rel=\"noopener noreferrer\">La Jolie Bergere<\/a>, <\/strong>che si trova in localit\u00e0 <strong>Planaval<\/strong> a <strong>La Salle<\/strong>, in<strong> Val d\u2019Aosta <\/strong>in provincia di<strong> Aosta<\/strong>, permetter\u00e0 di poter visitare <strong>Morgex<\/strong>. Chiamata <strong><em>Moriacium<\/em><\/strong> in epoca romana, Morgex, in provincia di <strong>Aosta<\/strong>, sorge in un vasto spazio pianeggiante a quasi quota mille metri e la coltivazione dei suoi famosi vigneti arriva fino ai 1200 metri. Non per nulla \u00e8 qui che viene ad essere prodotto il noto vino D.O.C. <strong>Blanc de Morgex et de La Salle<\/strong>.<\/p>\n<p>Al centro di Morgex si erge con la sua tipica pianta quadrata la <strong>Torre de L\u2019Archet<\/strong>, realizzata a cavallo fra il X e l\u2019XI secolo, che un tempo ospitava i <strong>Savoia<\/strong> durante le Udienze Generali e oggi e la sede della <strong>Fondazione Natalino Sapegno<\/strong>, il noto accademico italiano nativo di Aosta.<\/p>\n<p>Nella sua <strong>Chiesa parrocchiale<\/strong>, dedicata a <strong>Santa Maria Assunta<\/strong>, sono affiorati dei resti che sono di origine paleocristiana. Si presenta con un interessante campanile romanico e propone <strong>affreschi<\/strong> del Quattrocento e del Cinquecento, un altare barocco oltre un museo di arte sacra. Degna di interesse \u00e8 anche la <strong>Fontana<\/strong> <strong>del Beato Vuillerme<\/strong>, santo locale che avrebbe tramutata la sua acqua in vino.<\/p>\n<hr \/>\n<div class=\"article_container\"><h2 class=\"shortcode_title\">Charming home nelle vicinanze<\/h2><div class=\"listinglink-wrapper\">\n                           <a href=\"https:\/\/www.charminly.com\/listings\/relais-country-houses-en\/\"> <span class=\"wpresidence_button\"> more listings <\/span><\/a>\n                       <\/div><\/div>\n","protected":false},"excerpt":{"rendered":"<p>Un gradevole soggiorno presso La Jolie Bergere, che si trova in localit\u00e0 Planaval a La Salle, in Val d\u2019Aosta in provincia di Aosta, permetter\u00e0 di poter visitare alcune delle pi\u00f9 interessanti localit\u00e0 della regione. Sarre Abitato gi\u00e0 durante l\u2019et\u00e0 del bronzo, il territorio di Sarre, che si trova in provincia di Aosta, a seguito della conquista romana e della fondazione dell\u2019odierna Aosta ebbe un &#8230;<\/p>\n","protected":false},"author":2,"featured_media":6078,"comment_status":"closed","ping_status":"closed","sticky":false,"template":"","format":"standard","meta":{"_acf_changed":false,"footnotes":""},"categories":[142],"tags":[638],"class_list":["post-6084","post","type-post","status-publish","format-standard","has-post-thumbnail","hentry","category-arte-e-cultura","tag-cosa-vedere-in-val-daosta"],"acf":[],"yoast_head":"<!-- This site is optimized with the Yoast SEO plugin v23.9 - https:\/\/yoast.com\/wordpress\/plugins\/seo\/ -->\n<title>Le meraviglie della Val d\u2019Aosta<\/title>\n<meta name=\"description\" content=\"Approfittando di un soggiorno presso La Jolie Bergere, a Planaval nella Val d&#039;Aosta, potete conoscere...le meraviglie della Val d&#039;Aosta.\" \/>\n<meta name=\"robots\" content=\"index, follow, max-snippet:-1, max-image-preview:large, max-video-preview:-1\" \/>\n<link rel=\"canonical\" href=\"https:\/\/www.charminly.com\/it\/le-meraviglie-della-val-daosta\/\" \/>\n<meta property=\"og:locale\" content=\"it_IT\" \/>\n<meta property=\"og:type\" content=\"article\" \/>\n<meta property=\"og:title\" content=\"Le meraviglie della Val d\u2019Aosta\" \/>\n<meta property=\"og:description\" content=\"Approfittando di un soggiorno presso La Jolie Bergere, a Planaval nella Val d&#039;Aosta, potete conoscere...le meraviglie della Val d&#039;Aosta.\" \/>\n<meta property=\"og:url\" content=\"https:\/\/www.charminly.com\/it\/le-meraviglie-della-val-daosta\/\" \/>\n<meta property=\"article:publisher\" content=\"https:\/\/www.facebook.com\/charminlyitalia\/\" \/>\n<meta property=\"article:published_time\" content=\"2015-06-11T10:02:22+00:00\" \/>\n<meta property=\"article:modified_time\" content=\"2020-01-13T11:05:57+00:00\" \/>\n<meta property=\"og:image\" content=\"https:\/\/www.charminly.com\/wp-content\/uploads\/2015\/06\/Castello_di_Sarre_06_mini_opt.jpg\" \/>\n\t<meta property=\"og:image:width\" content=\"1024\" \/>\n\t<meta property=\"og:image:height\" content=\"680\" \/>\n\t<meta property=\"og:image:type\" content=\"image\/jpeg\" \/>\n<meta name=\"author\" content=\"Charminly\" \/>\n<meta name=\"twitter:card\" content=\"summary_large_image\" \/>\n<meta name=\"twitter:creator\" content=\"@charminly_com\" \/>\n<meta name=\"twitter:site\" content=\"@charminly_com\" \/>\n<meta name=\"twitter:label1\" content=\"Scritto da\" \/>\n\t<meta name=\"twitter:data1\" content=\"Charminly\" \/>\n\t<meta name=\"twitter:label2\" content=\"Tempo di lettura stimato\" \/>\n\t<meta name=\"twitter:data2\" content=\"3 minuti\" \/>\n<script type=\"application\/ld+json\" class=\"yoast-schema-graph\">{\"@context\":\"https:\/\/schema.org\",\"@graph\":[{\"@type\":\"Article\",\"@id\":\"https:\/\/www.charminly.com\/it\/le-meraviglie-della-val-daosta\/#article\",\"isPartOf\":{\"@id\":\"https:\/\/www.charminly.com\/it\/le-meraviglie-della-val-daosta\/\"},\"author\":{\"name\":\"Charminly\",\"@id\":\"https:\/\/www.charminly.com\/it\/#\/schema\/person\/e6a536eb865d9dac6d1e730f53d5f367\"},\"headline\":\"Le meraviglie della Val d\u2019Aosta\",\"datePublished\":\"2015-06-11T10:02:22+00:00\",\"dateModified\":\"2020-01-13T11:05:57+00:00\",\"mainEntityOfPage\":{\"@id\":\"https:\/\/www.charminly.com\/it\/le-meraviglie-della-val-daosta\/\"},\"wordCount\":520,\"publisher\":{\"@id\":\"https:\/\/www.charminly.com\/it\/#organization\"},\"image\":{\"@id\":\"https:\/\/www.charminly.com\/it\/le-meraviglie-della-val-daosta\/#primaryimage\"},\"thumbnailUrl\":\"https:\/\/www.charminly.com\/wp-content\/uploads\/2015\/06\/Castello_di_Sarre_06_mini_opt.jpg\",\"keywords\":[\"Cosa vedere in Val d'Aosta\"],\"articleSection\":[\"Arte e cultura\"],\"inLanguage\":\"it-IT\"},{\"@type\":\"WebPage\",\"@id\":\"https:\/\/www.charminly.com\/it\/le-meraviglie-della-val-daosta\/\",\"url\":\"https:\/\/www.charminly.com\/it\/le-meraviglie-della-val-daosta\/\",\"name\":\"Le meraviglie della Val d\u2019Aosta\",\"isPartOf\":{\"@id\":\"https:\/\/www.charminly.com\/it\/#website\"},\"primaryImageOfPage\":{\"@id\":\"https:\/\/www.charminly.com\/it\/le-meraviglie-della-val-daosta\/#primaryimage\"},\"image\":{\"@id\":\"https:\/\/www.charminly.com\/it\/le-meraviglie-della-val-daosta\/#primaryimage\"},\"thumbnailUrl\":\"https:\/\/www.charminly.com\/wp-content\/uploads\/2015\/06\/Castello_di_Sarre_06_mini_opt.jpg\",\"datePublished\":\"2015-06-11T10:02:22+00:00\",\"dateModified\":\"2020-01-13T11:05:57+00:00\",\"description\":\"Approfittando di un soggiorno presso La Jolie Bergere, a Planaval nella Val d'Aosta, potete conoscere...le meraviglie della Val d'Aosta.\",\"breadcrumb\":{\"@id\":\"https:\/\/www.charminly.com\/it\/le-meraviglie-della-val-daosta\/#breadcrumb\"},\"inLanguage\":\"it-IT\",\"potentialAction\":[{\"@type\":\"ReadAction\",\"target\":[\"https:\/\/www.charminly.com\/it\/le-meraviglie-della-val-daosta\/\"]}]},{\"@type\":\"ImageObject\",\"inLanguage\":\"it-IT\",\"@id\":\"https:\/\/www.charminly.com\/it\/le-meraviglie-della-val-daosta\/#primaryimage\",\"url\":\"https:\/\/www.charminly.com\/wp-content\/uploads\/2015\/06\/Castello_di_Sarre_06_mini_opt.jpg\",\"contentUrl\":\"https:\/\/www.charminly.com\/wp-content\/uploads\/2015\/06\/Castello_di_Sarre_06_mini_opt.jpg\",\"width\":1024,\"height\":680},{\"@type\":\"BreadcrumbList\",\"@id\":\"https:\/\/www.charminly.com\/it\/le-meraviglie-della-val-daosta\/#breadcrumb\",\"itemListElement\":[{\"@type\":\"ListItem\",\"position\":1,\"name\":\"Home\",\"item\":\"https:\/\/www.charminly.com\/it\/\"},{\"@type\":\"ListItem\",\"position\":2,\"name\":\"Cosa vedere in Val d'Aosta\",\"item\":\"https:\/\/www.charminly.com\/it\/tag\/cosa-vedere-in-val-daosta\/\"},{\"@type\":\"ListItem\",\"position\":3,\"name\":\"Le meraviglie della Val d\u2019Aosta\"}]},{\"@type\":\"WebSite\",\"@id\":\"https:\/\/www.charminly.com\/it\/#website\",\"url\":\"https:\/\/www.charminly.com\/it\/\",\"name\":\"\",\"description\":\"\",\"publisher\":{\"@id\":\"https:\/\/www.charminly.com\/it\/#organization\"},\"potentialAction\":[{\"@type\":\"SearchAction\",\"target\":{\"@type\":\"EntryPoint\",\"urlTemplate\":\"https:\/\/www.charminly.com\/it\/?s={search_term_string}\"},\"query-input\":{\"@type\":\"PropertyValueSpecification\",\"valueRequired\":true,\"valueName\":\"search_term_string\"}}],\"inLanguage\":\"it-IT\"},{\"@type\":\"Organization\",\"@id\":\"https:\/\/www.charminly.com\/it\/#organization\",\"name\":\"Charminly.com\",\"url\":\"https:\/\/www.charminly.com\/it\/\",\"logo\":{\"@type\":\"ImageObject\",\"inLanguage\":\"it-IT\",\"@id\":\"https:\/\/www.charminly.com\/it\/#\/schema\/logo\/image\/\",\"url\":\"https:\/\/www.charminly.com\/wp-content\/uploads\/2014\/10\/logo.png\",\"contentUrl\":\"https:\/\/www.charminly.com\/wp-content\/uploads\/2014\/10\/logo.png\",\"width\":264,\"height\":115,\"caption\":\"Charminly.com\"},\"image\":{\"@id\":\"https:\/\/www.charminly.com\/it\/#\/schema\/logo\/image\/\"},\"sameAs\":[\"https:\/\/www.facebook.com\/charminlyitalia\/\",\"https:\/\/x.com\/charminly_com\"]},{\"@type\":\"Person\",\"@id\":\"https:\/\/www.charminly.com\/it\/#\/schema\/person\/e6a536eb865d9dac6d1e730f53d5f367\",\"name\":\"Charminly\",\"image\":{\"@type\":\"ImageObject\",\"inLanguage\":\"it-IT\",\"@id\":\"https:\/\/www.charminly.com\/it\/#\/schema\/person\/image\/\",\"url\":\"https:\/\/secure.gravatar.com\/avatar\/ee564baea04b5bbffcbd57ac103bc7d1?s=96&d=mm&r=g\",\"contentUrl\":\"https:\/\/secure.gravatar.com\/avatar\/ee564baea04b5bbffcbd57ac103bc7d1?s=96&d=mm&r=g\",\"caption\":\"Charminly\"},\"url\":\"https:\/\/www.charminly.com\/it\/author\/charminly\/\"}]}<\/script>\n<!-- \/ Yoast SEO plugin. -->","yoast_head_json":{"title":"Le meraviglie della Val d\u2019Aosta","description":"Approfittando di un soggiorno presso La Jolie Bergere, a Planaval nella Val d'Aosta, potete conoscere...le meraviglie della Val d'Aosta.","robots":{"index":"index","follow":"follow","max-snippet":"max-snippet:-1","max-image-preview":"max-image-preview:large","max-video-preview":"max-video-preview:-1"},"canonical":"https:\/\/www.charminly.com\/it\/le-meraviglie-della-val-daosta\/","og_locale":"it_IT","og_type":"article","og_title":"Le meraviglie della Val d\u2019Aosta","og_description":"Approfittando di un soggiorno presso La Jolie Bergere, a Planaval nella Val d'Aosta, potete conoscere...le meraviglie della Val d'Aosta.","og_url":"https:\/\/www.charminly.com\/it\/le-meraviglie-della-val-daosta\/","article_publisher":"https:\/\/www.facebook.com\/charminlyitalia\/","article_published_time":"2015-06-11T10:02:22+00:00","article_modified_time":"2020-01-13T11:05:57+00:00","og_image":[{"width":1024,"height":680,"url":"https:\/\/www.charminly.com\/wp-content\/uploads\/2015\/06\/Castello_di_Sarre_06_mini_opt.jpg","type":"image\/jpeg"}],"author":"Charminly","twitter_card":"summary_large_image","twitter_creator":"@charminly_com","twitter_site":"@charminly_com","twitter_misc":{"Scritto da":"Charminly","Tempo di lettura stimato":"3 minuti"},"schema":{"@context":"https:\/\/schema.org","@graph":[{"@type":"Article","@id":"https:\/\/www.charminly.com\/it\/le-meraviglie-della-val-daosta\/#article","isPartOf":{"@id":"https:\/\/www.charminly.com\/it\/le-meraviglie-della-val-daosta\/"},"author":{"name":"Charminly","@id":"https:\/\/www.charminly.com\/it\/#\/schema\/person\/e6a536eb865d9dac6d1e730f53d5f367"},"headline":"Le meraviglie della Val d\u2019Aosta","datePublished":"2015-06-11T10:02:22+00:00","dateModified":"2020-01-13T11:05:57+00:00","mainEntityOfPage":{"@id":"https:\/\/www.charminly.com\/it\/le-meraviglie-della-val-daosta\/"},"wordCount":520,"publisher":{"@id":"https:\/\/www.charminly.com\/it\/#organization"},"image":{"@id":"https:\/\/www.charminly.com\/it\/le-meraviglie-della-val-daosta\/#primaryimage"},"thumbnailUrl":"https:\/\/www.charminly.com\/wp-content\/uploads\/2015\/06\/Castello_di_Sarre_06_mini_opt.jpg","keywords":["Cosa vedere in Val d'Aosta"],"articleSection":["Arte e cultura"],"inLanguage":"it-IT"},{"@type":"WebPage","@id":"https:\/\/www.charminly.com\/it\/le-meraviglie-della-val-daosta\/","url":"https:\/\/www.charminly.com\/it\/le-meraviglie-della-val-daosta\/","name":"Le meraviglie della Val d\u2019Aosta","isPartOf":{"@id":"https:\/\/www.charminly.com\/it\/#website"},"primaryImageOfPage":{"@id":"https:\/\/www.charminly.com\/it\/le-meraviglie-della-val-daosta\/#primaryimage"},"image":{"@id":"https:\/\/www.charminly.com\/it\/le-meraviglie-della-val-daosta\/#primaryimage"},"thumbnailUrl":"https:\/\/www.charminly.com\/wp-content\/uploads\/2015\/06\/Castello_di_Sarre_06_mini_opt.jpg","datePublished":"2015-06-11T10:02:22+00:00","dateModified":"2020-01-13T11:05:57+00:00","description":"Approfittando di un soggiorno presso La Jolie Bergere, a Planaval nella Val d'Aosta, potete conoscere...le meraviglie della Val d'Aosta.","breadcrumb":{"@id":"https:\/\/www.charminly.com\/it\/le-meraviglie-della-val-daosta\/#breadcrumb"},"inLanguage":"it-IT","potentialAction":[{"@type":"ReadAction","target":["https:\/\/www.charminly.com\/it\/le-meraviglie-della-val-daosta\/"]}]},{"@type":"ImageObject","inLanguage":"it-IT","@id":"https:\/\/www.charminly.com\/it\/le-meraviglie-della-val-daosta\/#primaryimage","url":"https:\/\/www.charminly.com\/wp-content\/uploads\/2015\/06\/Castello_di_Sarre_06_mini_opt.jpg","contentUrl":"https:\/\/www.charminly.com\/wp-content\/uploads\/2015\/06\/Castello_di_Sarre_06_mini_opt.jpg","width":1024,"height":680},{"@type":"BreadcrumbList","@id":"https:\/\/www.charminly.com\/it\/le-meraviglie-della-val-daosta\/#breadcrumb","itemListElement":[{"@type":"ListItem","position":1,"name":"Home","item":"https:\/\/www.charminly.com\/it\/"},{"@type":"ListItem","position":2,"name":"Cosa vedere in Val d'Aosta","item":"https:\/\/www.charminly.com\/it\/tag\/cosa-vedere-in-val-daosta\/"},{"@type":"ListItem","position":3,"name":"Le meraviglie della Val d\u2019Aosta"}]},{"@type":"WebSite","@id":"https:\/\/www.charminly.com\/it\/#website","url":"https:\/\/www.charminly.com\/it\/","name":"","description":"","publisher":{"@id":"https:\/\/www.charminly.com\/it\/#organization"},"potentialAction":[{"@type":"SearchAction","target":{"@type":"EntryPoint","urlTemplate":"https:\/\/www.charminly.com\/it\/?s={search_term_string}"},"query-input":{"@type":"PropertyValueSpecification","valueRequired":true,"valueName":"search_term_string"}}],"inLanguage":"it-IT"},{"@type":"Organization","@id":"https:\/\/www.charminly.com\/it\/#organization","name":"Charminly.com","url":"https:\/\/www.charminly.com\/it\/","logo":{"@type":"ImageObject","inLanguage":"it-IT","@id":"https:\/\/www.charminly.com\/it\/#\/schema\/logo\/image\/","url":"https:\/\/www.charminly.com\/wp-content\/uploads\/2014\/10\/logo.png","contentUrl":"https:\/\/www.charminly.com\/wp-content\/uploads\/2014\/10\/logo.png","width":264,"height":115,"caption":"Charminly.com"},"image":{"@id":"https:\/\/www.charminly.com\/it\/#\/schema\/logo\/image\/"},"sameAs":["https:\/\/www.facebook.com\/charminlyitalia\/","https:\/\/x.com\/charminly_com"]},{"@type":"Person","@id":"https:\/\/www.charminly.com\/it\/#\/schema\/person\/e6a536eb865d9dac6d1e730f53d5f367","name":"Charminly","image":{"@type":"ImageObject","inLanguage":"it-IT","@id":"https:\/\/www.charminly.com\/it\/#\/schema\/person\/image\/","url":"https:\/\/secure.gravatar.com\/avatar\/ee564baea04b5bbffcbd57ac103bc7d1?s=96&d=mm&r=g","contentUrl":"https:\/\/secure.gravatar.com\/avatar\/ee564baea04b5bbffcbd57ac103bc7d1?s=96&d=mm&r=g","caption":"Charminly"},"url":"https:\/\/www.charminly.com\/it\/author\/charminly\/"}]}},"_links":{"self":[{"href":"https:\/\/www.charminly.com\/it\/wp-json\/wp\/v2\/posts\/6084","targetHints":{"allow":["GET"]}}],"collection":[{"href":"https:\/\/www.charminly.com\/it\/wp-json\/wp\/v2\/posts"}],"about":[{"href":"https:\/\/www.charminly.com\/it\/wp-json\/wp\/v2\/types\/post"}],"author":[{"embeddable":true,"href":"https:\/\/www.charminly.com\/it\/wp-json\/wp\/v2\/users\/2"}],"replies":[{"embeddable":true,"href":"https:\/\/www.charminly.com\/it\/wp-json\/wp\/v2\/comments?post=6084"}],"version-history":[{"count":0,"href":"https:\/\/www.charminly.com\/it\/wp-json\/wp\/v2\/posts\/6084\/revisions"}],"wp:featuredmedia":[{"embeddable":true,"href":"https:\/\/www.charminly.com\/it\/wp-json\/wp\/v2\/media\/6078"}],"wp:attachment":[{"href":"https:\/\/www.charminly.com\/it\/wp-json\/wp\/v2\/media?parent=6084"}],"wp:term":[{"taxonomy":"category","embeddable":true,"href":"https:\/\/www.charminly.com\/it\/wp-json\/wp\/v2\/categories?post=6084"},{"taxonomy":"post_tag","embeddable":true,"href":"https:\/\/www.charminly.com\/it\/wp-json\/wp\/v2\/tags?post=6084"}],"curies":[{"name":"wp","href":"https:\/\/api.w.org\/{rel}","templated":true}]}}