{"id":60070,"date":"2019-10-14T23:14:56","date_gmt":"2019-10-14T21:14:56","guid":{"rendered":"https:\/\/www.charminly.com\/?p=60070"},"modified":"2020-01-16T13:39:16","modified_gmt":"2020-01-16T12:39:16","slug":"sagre-eventi-e-festival-della-tradizione-veneta-e-trentina-da-non-perdere","status":"publish","type":"post","link":"https:\/\/www.charminly.com\/it\/sagre-eventi-e-festival-della-tradizione-veneta-e-trentina-da-non-perdere\/","title":{"rendered":"Sagre, eventi e festival della tradizione veneta e trentina da non perdere"},"content":{"rendered":"<p>Alloggiando presso il <a href=\"https:\/\/www.charminly.com\/it\/estate_property\/sunset-residence-it\/\"><strong>Sunset Residence<\/strong><\/a> affacciato sul <a href=\"https:\/\/www.charminly.com\/it\/area\/lago-di-garda-it\/\"><strong>lago di Garda<\/strong><\/a> a<strong>\u00a0<a href=\"https:\/\/www.charminly.com\/it\/area\/brenzone-sul-garda-it\/\">Brenzone sul Garda<\/a>,\u00a0<\/strong>in<strong> Veneto, <\/strong>potrete scoprire sagre, eventi e festival della tradizione veneta e trentina da non perdere.<\/p>\n<h3><strong>Choco Music Aprile \u2013 Riva del Garda<br \/>\n<\/strong><\/h3>\n<p>Il mese di aprile \u00e8 il mese in cui Riva del Garda assume nuove vesti, poich\u00e9 \u00e8 qui che si celebra il cosiddetto <strong>Choco Music<\/strong> ovvero un festival all&#8217;insegna della musica e del cioccolato artigianale. Spettacoli musicali, concerti, degustazioni, cooking show, laboratori per i pi\u00f9 piccoli, lezioni di cioccolato e molto altro vi aspettano per una giornata all&#8217;insegna del divertimento e dei dolci.<\/p>\n<div id=\"attachment_60071\" style=\"width: 1034px\" class=\"wp-caption alignnone\"><img loading=\"lazy\" decoding=\"async\" aria-describedby=\"caption-attachment-60071\" class=\"size-large wp-image-60071\" src=\"https:\/\/www.charminly.com\/wp-content\/uploads\/2019\/10\/chocomusic-ladige_opt-1024x683.jpg\" alt=\"\" width=\"1024\" height=\"683\" srcset=\"https:\/\/www.charminly.com\/wp-content\/uploads\/2019\/10\/chocomusic-ladige_opt.jpg 1024w, https:\/\/www.charminly.com\/wp-content\/uploads\/2019\/10\/chocomusic-ladige_opt-300x200.jpg 300w, https:\/\/www.charminly.com\/wp-content\/uploads\/2019\/10\/chocomusic-ladige_opt-768x512.jpg 768w, https:\/\/www.charminly.com\/wp-content\/uploads\/2019\/10\/chocomusic-ladige_opt-105x70.jpg 105w\" sizes=\"auto, (max-width: 1024px) 100vw, 1024px\" \/><p id=\"caption-attachment-60071\" class=\"wp-caption-text\">Choco music, foto by ladige<\/p><\/div>\n<h3><strong>Festa dei fiori e delle erbe spontanee, Prada di San Zeno<\/strong><\/h3>\n<p>Il periodo di giugno il comune di <strong>Prada di San Zeno<\/strong> si veste dei pi\u00f9 bei colori, per la <strong>Festa dei Fiori e delle Erbe Spontanee<\/strong>. All&#8217;interno della manifestazione sono tante le attrazioni e le cose da fare e, tra di esse, non possono mancare le mostre relative alla vastit\u00e0 della <strong>flora baldense<\/strong>, con esposizione di rari esemplari con annessa una dettagliata spiegazione su caratteristiche e propriet\u00e0 di questi ultimi. Sar\u00e0 possibile durante l&#8217;evento degustare prodotti tipici del luogo, nonch\u00e9 pietanze realizzate con le erbe spontanee e commestibili.<\/p>\n<h3><strong>Garda Jazz Festival Giu \u2013 Lug \u2013 varie localit\u00e0<\/strong><\/h3>\n<p>Gli amanti della musica jazz saranno felici di sapere che in varie localit\u00e0 della riva del Garda, nel periodo compreso tra i mesi di giugno e luglio, ha luogo ogni anno il <strong>Garda Jazz Festival<\/strong>. In particolare, ogni anno si omaggia un&#8217;artista diverso, e quest&#8217;anno \u00e8 stata la volta di <strong>James Senese<\/strong>. La manifestazione \u00e8 organizzata in differenti serate di musica e spettacolo le quali sono anticipate, da un momento denominato \u201c<em>Jazz Caf\u00e8\u201d <\/em>durante il quale sar\u00e0 possibile gustare un buon caff\u00e8 oppure, nelle ore pi\u00f9 tarde, un aperitivo a base di prodotti tipici ed un buon bicchiere di vino. Musica ed enogastronomia ci sembra un perfetto connubio per una serata da ricordare.<\/p>\n<div id=\"attachment_60075\" style=\"width: 1034px\" class=\"wp-caption alignnone\"><img loading=\"lazy\" decoding=\"async\" aria-describedby=\"caption-attachment-60075\" class=\"wp-image-60075 size-large\" src=\"https:\/\/www.charminly.com\/wp-content\/uploads\/2019\/10\/garda-jazz-cooperazionetrentina_opt-1024x685.jpg\" alt=\"\" width=\"1024\" height=\"685\" srcset=\"https:\/\/www.charminly.com\/wp-content\/uploads\/2019\/10\/garda-jazz-cooperazionetrentina_opt.jpg 1024w, https:\/\/www.charminly.com\/wp-content\/uploads\/2019\/10\/garda-jazz-cooperazionetrentina_opt-300x201.jpg 300w, https:\/\/www.charminly.com\/wp-content\/uploads\/2019\/10\/garda-jazz-cooperazionetrentina_opt-768x514.jpg 768w, https:\/\/www.charminly.com\/wp-content\/uploads\/2019\/10\/garda-jazz-cooperazionetrentina_opt-105x70.jpg 105w\" sizes=\"auto, (max-width: 1024px) 100vw, 1024px\" \/><p id=\"caption-attachment-60075\" class=\"wp-caption-text\">Garda Jazz Festival, foto by cooperazionetrentina<\/p><\/div>\n<h3><strong>Tuttolio ottobre \u2013 Brenzone<\/strong><\/h3>\n<p>Il mese di ottobre \u00e8 da segnare sul calendario qualora abbiate in programma un viaggio a <strong>Brenzone sul Garda<\/strong>, poich\u00e9 \u00e8 qui che si celebra l&#8217;olio d&#8217;oliva. Il <strong>\u201c<em>Tuttolio<\/em>\u201d<\/strong> prevede una camminata tra gli olivi all&#8217;insegna della promozione e della valorizzazione di questo oro verde cos\u00ec prezioso. Il tour dell&#8217;olio prevede un excursus su come l&#8217;olio veniva prodotto nella preistoria, durante l&#8217;epoca romana, nel Medioevo sino ad arrivare ai giorni d&#8217;oggi.<strong><br \/>\n<\/strong><\/p>\n<h3><strong>Antica Festa di Santa Caterina<\/strong><\/h3>\n<p>A Brenzone sul Garda il <strong>25 novembre<\/strong> si celebra <strong>l&#8217;Antica Festa di Santa Caterina<\/strong> durante cui potrete visitare mercatini, effettuare degustazioni. Non mancheranno caccia al tesoro e spettacoli musicali<\/p>\n<hr \/>\n<div class=\"article_container\"><h2 class=\"shortcode_title\">Charming home nelle vicinanze<\/h2>\n\n\n<div class=\"col-md-4 shortcode-col listing_wrapper\" data-org=\"4\" data-listid=\"56693\">\n    <div class=\"property_listing   \" data-link=\"https:\/\/www.charminly.com\/it\/estate_property\/sunset-residence-it\/\">\n\n        <div class=\"listing-unit-img-wrapper\"><a href=\"https:\/\/www.charminly.com\/it\/estate_property\/sunset-residence-it\/\"><img loading=\"lazy\" decoding=\"async\" width=\"525\" height=\"328\" src=\"https:\/\/www.charminly.com\/wp-content\/uploads\/2019\/03\/Sunset-Residence-29-525x328.jpg\" class=\"lazyload img-responsive wp-post-image\" alt=\"\" data-original=\"https:\/\/www.charminly.com\/wp-content\/uploads\/2019\/03\/Sunset-Residence-29-525x328.jpg\" \/><\/a><\/div>\n\n            <h4><a href=\"https:\/\/www.charminly.com\/it\/estate_property\/sunset-residence-it\/\">\n                    Sunset Residence                <\/a>\n            <\/h4>\n            <div class=\"property_address\">\n                Via  Maringa 71 , <a href=\"https:\/\/www.charminly.com\/it\/area\/brenzone-sul-garda-it\/\" rel=\"tag\">Brenzone sul Garda<\/a>, <a href=\"https:\/\/www.charminly.com\/it\/area\/lago-di-garda-it\/\" rel=\"tag\">Lago di Garda<\/a> (VR)            <\/div>\n\n\n\n\n\n                            <div class=\"listing_details the_grid_view\">\n                    Il Sunset Residence si trova a Brenzone sul Garda, in Veneto, in un contesto naturale di straordinaria bellezza. In...                <\/div>\n\n                <div class=\"listing_details the_list_view\">\n                    Il Sunset Residence si trova a Brenzone sul Garda, in Veneto, in un contesto naturale di straordinaria bellezza. In...                <\/div>\n            \n\n            <div class=\"property_listing_details\">\n\n            <\/div>\n\n            <div class=\"property_location\">\n                <div> <span class=\"inforoom\">9<\/span><\/div><span class=\"pricerange\">da  110 a \u20ac 190<\/span>            <\/div>\n            <\/div>\n<\/div>\n\n<div class=\"listinglink-wrapper\">\n                           <a href=\"https:\/\/www.charminly.com\/listings\/relais-country-houses-en\/\"> <span class=\"wpresidence_button\"> more listings <\/span><\/a>\n                       <\/div><\/div>\n","protected":false},"excerpt":{"rendered":"<p>Alloggiando presso il Sunset Residence affacciato sul lago di Garda a\u00a0Brenzone sul Garda,\u00a0in Veneto, potrete scoprire sagre, eventi e festival della tradizione veneta e trentina da non perdere. Choco Music Aprile \u2013 Riva del Garda Il mese di aprile \u00e8 il mese in cui Riva del Garda assume nuove vesti, poich\u00e9 \u00e8 qui che si celebra il cosiddetto Choco Music ovvero un festival all&#8217;insegna &#8230;<\/p>\n","protected":false},"author":6,"featured_media":60078,"comment_status":"closed","ping_status":"closed","sticky":false,"template":"","format":"standard","meta":{"_acf_changed":false,"footnotes":""},"categories":[144],"tags":[605],"class_list":["post-60070","post","type-post","status-publish","format-standard","has-post-thumbnail","hentry","category-feste-tradizioni-arti-e-mestieri","tag-cosa-fare-in-veneto"],"acf":[],"yoast_head":"<!-- This site is optimized with the Yoast SEO plugin v23.9 - https:\/\/yoast.com\/wordpress\/plugins\/seo\/ -->\n<title>Sagre, eventi e festival della tradizione veneta e trentina da non perdere<\/title>\n<meta name=\"description\" content=\"Alloggiando presso il Sunset Residence, a\u00a0Brenzone sul Garda, potrete scoprire sagre, eventi e festival della tradizione veneta e trentina da non perdere.\" \/>\n<meta name=\"robots\" content=\"index, follow, max-snippet:-1, max-image-preview:large, max-video-preview:-1\" \/>\n<link rel=\"canonical\" href=\"https:\/\/www.charminly.com\/it\/sagre-eventi-e-festival-della-tradizione-veneta-e-trentina-da-non-perdere\/\" \/>\n<meta property=\"og:locale\" content=\"it_IT\" \/>\n<meta property=\"og:type\" content=\"article\" \/>\n<meta property=\"og:title\" content=\"Sagre, eventi e festival della tradizione veneta e trentina da non perdere\" \/>\n<meta property=\"og:description\" content=\"Alloggiando presso il Sunset Residence, a\u00a0Brenzone sul Garda, potrete scoprire sagre, eventi e festival della tradizione veneta e trentina da non perdere.\" \/>\n<meta property=\"og:url\" content=\"https:\/\/www.charminly.com\/it\/sagre-eventi-e-festival-della-tradizione-veneta-e-trentina-da-non-perdere\/\" \/>\n<meta property=\"article:publisher\" content=\"https:\/\/www.facebook.com\/charminlyitalia\/\" \/>\n<meta property=\"article:published_time\" content=\"2019-10-14T21:14:56+00:00\" \/>\n<meta property=\"article:modified_time\" content=\"2020-01-16T12:39:16+00:00\" \/>\n<meta property=\"og:image\" content=\"https:\/\/www.charminly.com\/wp-content\/uploads\/2019\/10\/garda-jazz-cooperazionetrentina_opt.jpg\" \/>\n\t<meta property=\"og:image:width\" content=\"1024\" \/>\n\t<meta property=\"og:image:height\" content=\"685\" \/>\n\t<meta property=\"og:image:type\" content=\"image\/jpeg\" \/>\n<meta name=\"author\" content=\"Ivan Lopez\" \/>\n<meta name=\"twitter:card\" content=\"summary_large_image\" \/>\n<meta name=\"twitter:creator\" content=\"@charminly_com\" \/>\n<meta name=\"twitter:site\" content=\"@charminly_com\" \/>\n<meta name=\"twitter:label1\" content=\"Scritto da\" \/>\n\t<meta name=\"twitter:data1\" content=\"Ivan Lopez\" \/>\n\t<meta name=\"twitter:label2\" content=\"Tempo di lettura stimato\" \/>\n\t<meta name=\"twitter:data2\" content=\"2 minuti\" \/>\n<script type=\"application\/ld+json\" class=\"yoast-schema-graph\">{\"@context\":\"https:\/\/schema.org\",\"@graph\":[{\"@type\":\"Article\",\"@id\":\"https:\/\/www.charminly.com\/it\/sagre-eventi-e-festival-della-tradizione-veneta-e-trentina-da-non-perdere\/#article\",\"isPartOf\":{\"@id\":\"https:\/\/www.charminly.com\/it\/sagre-eventi-e-festival-della-tradizione-veneta-e-trentina-da-non-perdere\/\"},\"author\":{\"name\":\"Ivan Lopez\",\"@id\":\"https:\/\/www.charminly.com\/it\/#\/schema\/person\/52806bb74f5c81bbf5f0989dd952c7ea\"},\"headline\":\"Sagre, eventi e festival della tradizione veneta e trentina da non perdere\",\"datePublished\":\"2019-10-14T21:14:56+00:00\",\"dateModified\":\"2020-01-16T12:39:16+00:00\",\"mainEntityOfPage\":{\"@id\":\"https:\/\/www.charminly.com\/it\/sagre-eventi-e-festival-della-tradizione-veneta-e-trentina-da-non-perdere\/\"},\"wordCount\":496,\"publisher\":{\"@id\":\"https:\/\/www.charminly.com\/it\/#organization\"},\"image\":{\"@id\":\"https:\/\/www.charminly.com\/it\/sagre-eventi-e-festival-della-tradizione-veneta-e-trentina-da-non-perdere\/#primaryimage\"},\"thumbnailUrl\":\"https:\/\/www.charminly.com\/wp-content\/uploads\/2019\/10\/garda-jazz-cooperazionetrentina_opt.jpg\",\"keywords\":[\"Cosa fare in Veneto\"],\"articleSection\":[\"Feste, tradizioni, arti e mestieri\"],\"inLanguage\":\"it-IT\"},{\"@type\":\"WebPage\",\"@id\":\"https:\/\/www.charminly.com\/it\/sagre-eventi-e-festival-della-tradizione-veneta-e-trentina-da-non-perdere\/\",\"url\":\"https:\/\/www.charminly.com\/it\/sagre-eventi-e-festival-della-tradizione-veneta-e-trentina-da-non-perdere\/\",\"name\":\"Sagre, eventi e festival della tradizione veneta e trentina da non perdere\",\"isPartOf\":{\"@id\":\"https:\/\/www.charminly.com\/it\/#website\"},\"primaryImageOfPage\":{\"@id\":\"https:\/\/www.charminly.com\/it\/sagre-eventi-e-festival-della-tradizione-veneta-e-trentina-da-non-perdere\/#primaryimage\"},\"image\":{\"@id\":\"https:\/\/www.charminly.com\/it\/sagre-eventi-e-festival-della-tradizione-veneta-e-trentina-da-non-perdere\/#primaryimage\"},\"thumbnailUrl\":\"https:\/\/www.charminly.com\/wp-content\/uploads\/2019\/10\/garda-jazz-cooperazionetrentina_opt.jpg\",\"datePublished\":\"2019-10-14T21:14:56+00:00\",\"dateModified\":\"2020-01-16T12:39:16+00:00\",\"description\":\"Alloggiando presso il Sunset Residence, a\u00a0Brenzone sul Garda, potrete scoprire sagre, eventi e festival della tradizione veneta e trentina da non perdere.\",\"breadcrumb\":{\"@id\":\"https:\/\/www.charminly.com\/it\/sagre-eventi-e-festival-della-tradizione-veneta-e-trentina-da-non-perdere\/#breadcrumb\"},\"inLanguage\":\"it-IT\",\"potentialAction\":[{\"@type\":\"ReadAction\",\"target\":[\"https:\/\/www.charminly.com\/it\/sagre-eventi-e-festival-della-tradizione-veneta-e-trentina-da-non-perdere\/\"]}]},{\"@type\":\"ImageObject\",\"inLanguage\":\"it-IT\",\"@id\":\"https:\/\/www.charminly.com\/it\/sagre-eventi-e-festival-della-tradizione-veneta-e-trentina-da-non-perdere\/#primaryimage\",\"url\":\"https:\/\/www.charminly.com\/wp-content\/uploads\/2019\/10\/garda-jazz-cooperazionetrentina_opt.jpg\",\"contentUrl\":\"https:\/\/www.charminly.com\/wp-content\/uploads\/2019\/10\/garda-jazz-cooperazionetrentina_opt.jpg\",\"width\":1024,\"height\":685},{\"@type\":\"BreadcrumbList\",\"@id\":\"https:\/\/www.charminly.com\/it\/sagre-eventi-e-festival-della-tradizione-veneta-e-trentina-da-non-perdere\/#breadcrumb\",\"itemListElement\":[{\"@type\":\"ListItem\",\"position\":1,\"name\":\"Home\",\"item\":\"https:\/\/www.charminly.com\/it\/\"},{\"@type\":\"ListItem\",\"position\":2,\"name\":\"Cosa fare in Veneto\",\"item\":\"https:\/\/www.charminly.com\/it\/tag\/cosa-fare-in-veneto\/\"},{\"@type\":\"ListItem\",\"position\":3,\"name\":\"Sagre, eventi e festival della tradizione veneta e trentina da non perdere\"}]},{\"@type\":\"WebSite\",\"@id\":\"https:\/\/www.charminly.com\/it\/#website\",\"url\":\"https:\/\/www.charminly.com\/it\/\",\"name\":\"\",\"description\":\"\",\"publisher\":{\"@id\":\"https:\/\/www.charminly.com\/it\/#organization\"},\"potentialAction\":[{\"@type\":\"SearchAction\",\"target\":{\"@type\":\"EntryPoint\",\"urlTemplate\":\"https:\/\/www.charminly.com\/it\/?s={search_term_string}\"},\"query-input\":{\"@type\":\"PropertyValueSpecification\",\"valueRequired\":true,\"valueName\":\"search_term_string\"}}],\"inLanguage\":\"it-IT\"},{\"@type\":\"Organization\",\"@id\":\"https:\/\/www.charminly.com\/it\/#organization\",\"name\":\"Charminly.com\",\"url\":\"https:\/\/www.charminly.com\/it\/\",\"logo\":{\"@type\":\"ImageObject\",\"inLanguage\":\"it-IT\",\"@id\":\"https:\/\/www.charminly.com\/it\/#\/schema\/logo\/image\/\",\"url\":\"https:\/\/www.charminly.com\/wp-content\/uploads\/2014\/10\/logo.png\",\"contentUrl\":\"https:\/\/www.charminly.com\/wp-content\/uploads\/2014\/10\/logo.png\",\"width\":264,\"height\":115,\"caption\":\"Charminly.com\"},\"image\":{\"@id\":\"https:\/\/www.charminly.com\/it\/#\/schema\/logo\/image\/\"},\"sameAs\":[\"https:\/\/www.facebook.com\/charminlyitalia\/\",\"https:\/\/x.com\/charminly_com\"]},{\"@type\":\"Person\",\"@id\":\"https:\/\/www.charminly.com\/it\/#\/schema\/person\/52806bb74f5c81bbf5f0989dd952c7ea\",\"name\":\"Ivan Lopez\",\"image\":{\"@type\":\"ImageObject\",\"inLanguage\":\"it-IT\",\"@id\":\"https:\/\/www.charminly.com\/it\/#\/schema\/person\/image\/\",\"url\":\"https:\/\/secure.gravatar.com\/avatar\/e8aef7257c7a278cfcb908e241d9761c?s=96&d=mm&r=g\",\"contentUrl\":\"https:\/\/secure.gravatar.com\/avatar\/e8aef7257c7a278cfcb908e241d9761c?s=96&d=mm&r=g\",\"caption\":\"Ivan Lopez\"},\"url\":\"https:\/\/www.charminly.com\/it\/author\/ivan\/\"}]}<\/script>\n<!-- \/ Yoast SEO plugin. -->","yoast_head_json":{"title":"Sagre, eventi e festival della tradizione veneta e trentina da non perdere","description":"Alloggiando presso il Sunset Residence, a\u00a0Brenzone sul Garda, potrete scoprire sagre, eventi e festival della tradizione veneta e trentina da non perdere.","robots":{"index":"index","follow":"follow","max-snippet":"max-snippet:-1","max-image-preview":"max-image-preview:large","max-video-preview":"max-video-preview:-1"},"canonical":"https:\/\/www.charminly.com\/it\/sagre-eventi-e-festival-della-tradizione-veneta-e-trentina-da-non-perdere\/","og_locale":"it_IT","og_type":"article","og_title":"Sagre, eventi e festival della tradizione veneta e trentina da non perdere","og_description":"Alloggiando presso il Sunset Residence, a\u00a0Brenzone sul Garda, potrete scoprire sagre, eventi e festival della tradizione veneta e trentina da non perdere.","og_url":"https:\/\/www.charminly.com\/it\/sagre-eventi-e-festival-della-tradizione-veneta-e-trentina-da-non-perdere\/","article_publisher":"https:\/\/www.facebook.com\/charminlyitalia\/","article_published_time":"2019-10-14T21:14:56+00:00","article_modified_time":"2020-01-16T12:39:16+00:00","og_image":[{"width":1024,"height":685,"url":"https:\/\/www.charminly.com\/wp-content\/uploads\/2019\/10\/garda-jazz-cooperazionetrentina_opt.jpg","type":"image\/jpeg"}],"author":"Ivan Lopez","twitter_card":"summary_large_image","twitter_creator":"@charminly_com","twitter_site":"@charminly_com","twitter_misc":{"Scritto da":"Ivan Lopez","Tempo di lettura stimato":"2 minuti"},"schema":{"@context":"https:\/\/schema.org","@graph":[{"@type":"Article","@id":"https:\/\/www.charminly.com\/it\/sagre-eventi-e-festival-della-tradizione-veneta-e-trentina-da-non-perdere\/#article","isPartOf":{"@id":"https:\/\/www.charminly.com\/it\/sagre-eventi-e-festival-della-tradizione-veneta-e-trentina-da-non-perdere\/"},"author":{"name":"Ivan Lopez","@id":"https:\/\/www.charminly.com\/it\/#\/schema\/person\/52806bb74f5c81bbf5f0989dd952c7ea"},"headline":"Sagre, eventi e festival della tradizione veneta e trentina da non perdere","datePublished":"2019-10-14T21:14:56+00:00","dateModified":"2020-01-16T12:39:16+00:00","mainEntityOfPage":{"@id":"https:\/\/www.charminly.com\/it\/sagre-eventi-e-festival-della-tradizione-veneta-e-trentina-da-non-perdere\/"},"wordCount":496,"publisher":{"@id":"https:\/\/www.charminly.com\/it\/#organization"},"image":{"@id":"https:\/\/www.charminly.com\/it\/sagre-eventi-e-festival-della-tradizione-veneta-e-trentina-da-non-perdere\/#primaryimage"},"thumbnailUrl":"https:\/\/www.charminly.com\/wp-content\/uploads\/2019\/10\/garda-jazz-cooperazionetrentina_opt.jpg","keywords":["Cosa fare in Veneto"],"articleSection":["Feste, tradizioni, arti e mestieri"],"inLanguage":"it-IT"},{"@type":"WebPage","@id":"https:\/\/www.charminly.com\/it\/sagre-eventi-e-festival-della-tradizione-veneta-e-trentina-da-non-perdere\/","url":"https:\/\/www.charminly.com\/it\/sagre-eventi-e-festival-della-tradizione-veneta-e-trentina-da-non-perdere\/","name":"Sagre, eventi e festival della tradizione veneta e trentina da non perdere","isPartOf":{"@id":"https:\/\/www.charminly.com\/it\/#website"},"primaryImageOfPage":{"@id":"https:\/\/www.charminly.com\/it\/sagre-eventi-e-festival-della-tradizione-veneta-e-trentina-da-non-perdere\/#primaryimage"},"image":{"@id":"https:\/\/www.charminly.com\/it\/sagre-eventi-e-festival-della-tradizione-veneta-e-trentina-da-non-perdere\/#primaryimage"},"thumbnailUrl":"https:\/\/www.charminly.com\/wp-content\/uploads\/2019\/10\/garda-jazz-cooperazionetrentina_opt.jpg","datePublished":"2019-10-14T21:14:56+00:00","dateModified":"2020-01-16T12:39:16+00:00","description":"Alloggiando presso il Sunset Residence, a\u00a0Brenzone sul Garda, potrete scoprire sagre, eventi e festival della tradizione veneta e trentina da non perdere.","breadcrumb":{"@id":"https:\/\/www.charminly.com\/it\/sagre-eventi-e-festival-della-tradizione-veneta-e-trentina-da-non-perdere\/#breadcrumb"},"inLanguage":"it-IT","potentialAction":[{"@type":"ReadAction","target":["https:\/\/www.charminly.com\/it\/sagre-eventi-e-festival-della-tradizione-veneta-e-trentina-da-non-perdere\/"]}]},{"@type":"ImageObject","inLanguage":"it-IT","@id":"https:\/\/www.charminly.com\/it\/sagre-eventi-e-festival-della-tradizione-veneta-e-trentina-da-non-perdere\/#primaryimage","url":"https:\/\/www.charminly.com\/wp-content\/uploads\/2019\/10\/garda-jazz-cooperazionetrentina_opt.jpg","contentUrl":"https:\/\/www.charminly.com\/wp-content\/uploads\/2019\/10\/garda-jazz-cooperazionetrentina_opt.jpg","width":1024,"height":685},{"@type":"BreadcrumbList","@id":"https:\/\/www.charminly.com\/it\/sagre-eventi-e-festival-della-tradizione-veneta-e-trentina-da-non-perdere\/#breadcrumb","itemListElement":[{"@type":"ListItem","position":1,"name":"Home","item":"https:\/\/www.charminly.com\/it\/"},{"@type":"ListItem","position":2,"name":"Cosa fare in Veneto","item":"https:\/\/www.charminly.com\/it\/tag\/cosa-fare-in-veneto\/"},{"@type":"ListItem","position":3,"name":"Sagre, eventi e festival della tradizione veneta e trentina da non perdere"}]},{"@type":"WebSite","@id":"https:\/\/www.charminly.com\/it\/#website","url":"https:\/\/www.charminly.com\/it\/","name":"","description":"","publisher":{"@id":"https:\/\/www.charminly.com\/it\/#organization"},"potentialAction":[{"@type":"SearchAction","target":{"@type":"EntryPoint","urlTemplate":"https:\/\/www.charminly.com\/it\/?s={search_term_string}"},"query-input":{"@type":"PropertyValueSpecification","valueRequired":true,"valueName":"search_term_string"}}],"inLanguage":"it-IT"},{"@type":"Organization","@id":"https:\/\/www.charminly.com\/it\/#organization","name":"Charminly.com","url":"https:\/\/www.charminly.com\/it\/","logo":{"@type":"ImageObject","inLanguage":"it-IT","@id":"https:\/\/www.charminly.com\/it\/#\/schema\/logo\/image\/","url":"https:\/\/www.charminly.com\/wp-content\/uploads\/2014\/10\/logo.png","contentUrl":"https:\/\/www.charminly.com\/wp-content\/uploads\/2014\/10\/logo.png","width":264,"height":115,"caption":"Charminly.com"},"image":{"@id":"https:\/\/www.charminly.com\/it\/#\/schema\/logo\/image\/"},"sameAs":["https:\/\/www.facebook.com\/charminlyitalia\/","https:\/\/x.com\/charminly_com"]},{"@type":"Person","@id":"https:\/\/www.charminly.com\/it\/#\/schema\/person\/52806bb74f5c81bbf5f0989dd952c7ea","name":"Ivan Lopez","image":{"@type":"ImageObject","inLanguage":"it-IT","@id":"https:\/\/www.charminly.com\/it\/#\/schema\/person\/image\/","url":"https:\/\/secure.gravatar.com\/avatar\/e8aef7257c7a278cfcb908e241d9761c?s=96&d=mm&r=g","contentUrl":"https:\/\/secure.gravatar.com\/avatar\/e8aef7257c7a278cfcb908e241d9761c?s=96&d=mm&r=g","caption":"Ivan Lopez"},"url":"https:\/\/www.charminly.com\/it\/author\/ivan\/"}]}},"_links":{"self":[{"href":"https:\/\/www.charminly.com\/it\/wp-json\/wp\/v2\/posts\/60070","targetHints":{"allow":["GET"]}}],"collection":[{"href":"https:\/\/www.charminly.com\/it\/wp-json\/wp\/v2\/posts"}],"about":[{"href":"https:\/\/www.charminly.com\/it\/wp-json\/wp\/v2\/types\/post"}],"author":[{"embeddable":true,"href":"https:\/\/www.charminly.com\/it\/wp-json\/wp\/v2\/users\/6"}],"replies":[{"embeddable":true,"href":"https:\/\/www.charminly.com\/it\/wp-json\/wp\/v2\/comments?post=60070"}],"version-history":[{"count":0,"href":"https:\/\/www.charminly.com\/it\/wp-json\/wp\/v2\/posts\/60070\/revisions"}],"wp:featuredmedia":[{"embeddable":true,"href":"https:\/\/www.charminly.com\/it\/wp-json\/wp\/v2\/media\/60078"}],"wp:attachment":[{"href":"https:\/\/www.charminly.com\/it\/wp-json\/wp\/v2\/media?parent=60070"}],"wp:term":[{"taxonomy":"category","embeddable":true,"href":"https:\/\/www.charminly.com\/it\/wp-json\/wp\/v2\/categories?post=60070"},{"taxonomy":"post_tag","embeddable":true,"href":"https:\/\/www.charminly.com\/it\/wp-json\/wp\/v2\/tags?post=60070"}],"curies":[{"name":"wp","href":"https:\/\/api.w.org\/{rel}","templated":true}]}}