{"id":60040,"date":"2019-10-14T22:54:11","date_gmt":"2019-10-14T20:54:11","guid":{"rendered":"https:\/\/www.charminly.com\/?p=60040"},"modified":"2020-01-16T13:38:30","modified_gmt":"2020-01-16T12:38:30","slug":"alla-scoperta-della-storia-e-della-cultura-delle-citta-del-veneto-e-del-trentino-alto-adige","status":"publish","type":"post","link":"https:\/\/www.charminly.com\/it\/alla-scoperta-della-storia-e-della-cultura-delle-citta-del-veneto-e-del-trentino-alto-adige\/","title":{"rendered":"Alla scoperta della storia, e della cultura, delle citt\u00e0 del Veneto e del Trentino-Alto Adige"},"content":{"rendered":"<p>Decidendo di soggiornare presso <a href=\"https:\/\/www.charminly.com\/it\/estate_property\/sunset-residence-it\/\"><strong>Sunset Residence<\/strong><\/a> affacciato sul <a href=\"https:\/\/www.charminly.com\/it\/area\/lago-di-garda-it\/\"><strong>lago di Garda<\/strong><\/a> a<strong>\u00a0<a href=\"https:\/\/www.charminly.com\/it\/area\/brenzone-sul-garda-it\/\">Brenzone sul Garda<\/a>,\u00a0<\/strong>in<strong> Veneto, <\/strong>potrete intraprendere un viaggio alla scoperta della storia, e della cultura, delle citt\u00e0 del Veneto e del Trentino-Alto Adige.<\/p>\n<h3><strong>Castello di Malcesine<\/strong><\/h3>\n<p><strong>Malcesine<\/strong> \u00e8 uno dei comuni pi\u00f9 caratteristici che si affacciano sul Lago di Garda e, a completare il fantastico panorama, vi \u00e8 <strong>il Castello Scaligero<\/strong>. Esso si trova nel cuore del centro storico e, inoltre, lo si pu\u00f2 raggiungere abbastanza facilmente percorrendo stretti vicoli caratteristici. Entrando subito sulla sinistra \u00e8 possibile notare un palazzo denominato \u201c<em>Casermetta<\/em>\u201d, in quanto dava alloggio alle guardie. Ad oggi il castello \u00e8 sede del <strong>Museo di Storia Naturale del Monte Baldo e del Garda<\/strong>, che merita assolutamente una visita per le sue collezioni particolari. Non si potr\u00e0 evitare di affacciarsi dal poggiolo che si incontra strada facendo per ammirare il fantastico panorama. Da non perdere la <strong>Sala di Goethe<\/strong>, il cortile \u201c<em>Rivellino<\/em>\u201d, i romantici giardini ed il terrazzo con le mura merlate.<\/p>\n<div id=\"attachment_60041\" style=\"width: 1034px\" class=\"wp-caption alignnone\"><img loading=\"lazy\" decoding=\"async\" aria-describedby=\"caption-attachment-60041\" class=\"size-large wp-image-60041\" src=\"https:\/\/www.charminly.com\/wp-content\/uploads\/2019\/10\/Malcesine_Castello_Scaligero_opt-1024x768.jpg\" alt=\"\" width=\"1024\" height=\"768\" srcset=\"https:\/\/www.charminly.com\/wp-content\/uploads\/2019\/10\/Malcesine_Castello_Scaligero_opt.jpg 1024w, https:\/\/www.charminly.com\/wp-content\/uploads\/2019\/10\/Malcesine_Castello_Scaligero_opt-300x225.jpg 300w, https:\/\/www.charminly.com\/wp-content\/uploads\/2019\/10\/Malcesine_Castello_Scaligero_opt-768x576.jpg 768w\" sizes=\"auto, (max-width: 1024px) 100vw, 1024px\" \/><p id=\"caption-attachment-60041\" class=\"wp-caption-text\">Castello Scaligero, Malcesine<\/p><\/div>\n<h3><strong>Cassone- Il fiume pi\u00f9 corto d\u2019Italia<\/strong><\/h3>\n<p>Da non perdere la frazione del comune di Malcesine, Cassone che si estende lungo la riva nordorientale del <strong>Lago di Garda<\/strong>. Proprio in questo comune scorre il fiume che detiene il record mondiale, in quanto \u201c<em>fiume pi\u00f9 corto d\u2019Italia<\/em>\u201d oltre ad essere uno dei pi\u00f9 corti al mondo: trattasi del <strong>fiume Aril<\/strong>, la cui lunghezza \u00e8 pari a <strong>175 cm<\/strong>. Molto caratteristico a cassone \u00e8 il molo, dotato dei caratteristici mulini a vento. <strong><br \/>\n<\/strong><\/p>\n<h3><strong>Rovereto<\/strong><\/h3>\n<p>Visitando <strong>Rovereto<\/strong>, in Trentino-Alto Adige, potrete fare il pieno di arte contemporanea visitando il <strong>MART<\/strong>, ovvero il <strong>Museo d\u2019Arte Moderna<\/strong>. Esso vanta una collezione molto ricca che abbraccia tutti gli stili: <strong>Arte povera, Arte concettuale, Futurismo, Metafisica<\/strong> e mostre il cui tema cambia annualmente. Sempre a Rovereto ha sede la <strong>Casa d\u2019Arte Futurista<\/strong>, detta anche <strong>Museo Depero<\/strong>, che presenta la particolarit\u00e0 di essere l\u2019unico museo d\u2019arte futurista fondato da un vero e proprio futurista nel <strong>1957<\/strong> (Fortunato Depero).<\/p>\n<div id=\"attachment_60045\" style=\"width: 1034px\" class=\"wp-caption alignnone\"><img loading=\"lazy\" decoding=\"async\" aria-describedby=\"caption-attachment-60045\" class=\"size-large wp-image-60045\" src=\"https:\/\/www.charminly.com\/wp-content\/uploads\/2019\/10\/MART-museo_opt-1024x768.jpg\" alt=\"\" width=\"1024\" height=\"768\" srcset=\"https:\/\/www.charminly.com\/wp-content\/uploads\/2019\/10\/MART-museo_opt.jpg 1024w, https:\/\/www.charminly.com\/wp-content\/uploads\/2019\/10\/MART-museo_opt-300x225.jpg 300w, https:\/\/www.charminly.com\/wp-content\/uploads\/2019\/10\/MART-museo_opt-768x576.jpg 768w\" sizes=\"auto, (max-width: 1024px) 100vw, 1024px\" \/><p id=\"caption-attachment-60045\" class=\"wp-caption-text\">MART, Rovereto<\/p><\/div>\n<h3><strong>Riva del Garda<br \/>\n<\/strong><\/h3>\n<p>Da non perdere a Riva del Garda la <strong>Chiesa Dell\u2019Inviolata<\/strong> edificata nel <strong>1603<\/strong>, a pianta quadrata caratterizzata da un raffinato <strong>stile barocco<\/strong> che ancora oggi incanta tutti i visitatori.<\/p>\n<h3><strong>Trento<\/strong><\/h3>\n<p>A Trento non pu\u00f2 mancare una visita a <strong>Piazza Duomo<\/strong>, una delle piazze urbane italiane pi\u00f9 belle e particolari.\u00a0 Proprio qui si affaccia la <strong>Basilica di San Vigilio<\/strong>, che \u00e8 anche il principale monumento religioso del capoluogo trentino.\u00a0 Dedicata al patrono di Trento, la Cattedrale venne edificata nel <strong>1212<\/strong> per opera di <strong>Adamo d\u2019Arogno<\/strong>. L\u2019elemento che pi\u00f9 salta all\u2019occhio, esternamente, \u00e8 il caratteristico Rosone con il simbolo della fortuna. Da non perdere una visita al <strong>MUSE<\/strong>, Museo delle Scienze.<\/p>\n<hr \/>\n<div class=\"article_container\"><h2 class=\"shortcode_title\">Charming home nelle vicinanze<\/h2>\n\n\n<div class=\"col-md-4 shortcode-col listing_wrapper\" data-org=\"4\" data-listid=\"56693\">\n    <div class=\"property_listing   \" data-link=\"https:\/\/www.charminly.com\/it\/estate_property\/sunset-residence-it\/\">\n\n        <div class=\"listing-unit-img-wrapper\"><a href=\"https:\/\/www.charminly.com\/it\/estate_property\/sunset-residence-it\/\"><img loading=\"lazy\" decoding=\"async\" width=\"525\" height=\"328\" src=\"https:\/\/www.charminly.com\/wp-content\/uploads\/2019\/03\/Sunset-Residence-29-525x328.jpg\" class=\"lazyload img-responsive wp-post-image\" alt=\"\" data-original=\"https:\/\/www.charminly.com\/wp-content\/uploads\/2019\/03\/Sunset-Residence-29-525x328.jpg\" \/><\/a><\/div>\n\n            <h4><a href=\"https:\/\/www.charminly.com\/it\/estate_property\/sunset-residence-it\/\">\n                    Sunset Residence                <\/a>\n            <\/h4>\n            <div class=\"property_address\">\n                Via  Maringa 71 , <a href=\"https:\/\/www.charminly.com\/it\/area\/brenzone-sul-garda-it\/\" rel=\"tag\">Brenzone sul Garda<\/a>, <a href=\"https:\/\/www.charminly.com\/it\/area\/lago-di-garda-it\/\" rel=\"tag\">Lago di Garda<\/a> (VR)            <\/div>\n\n\n\n\n\n                            <div class=\"listing_details the_grid_view\">\n                    Il Sunset Residence si trova a Brenzone sul Garda, in Veneto, in un contesto naturale di straordinaria bellezza. In...                <\/div>\n\n                <div class=\"listing_details the_list_view\">\n                    Il Sunset Residence si trova a Brenzone sul Garda, in Veneto, in un contesto naturale di straordinaria bellezza. In...                <\/div>\n            \n\n            <div class=\"property_listing_details\">\n\n            <\/div>\n\n            <div class=\"property_location\">\n                <div> <span class=\"inforoom\">9<\/span><\/div><span class=\"pricerange\">da  110 a \u20ac 190<\/span>            <\/div>\n            <\/div>\n<\/div>\n\n<div class=\"listinglink-wrapper\">\n                           <a href=\"https:\/\/www.charminly.com\/listings\/relais-country-houses-en\/\"> <span class=\"wpresidence_button\"> more listings <\/span><\/a>\n                       <\/div><\/div>\n","protected":false},"excerpt":{"rendered":"<p>Decidendo di soggiornare presso Sunset Residence affacciato sul lago di Garda a\u00a0Brenzone sul Garda,\u00a0in Veneto, potrete intraprendere un viaggio alla scoperta della storia, e della cultura, delle citt\u00e0 del Veneto e del Trentino-Alto Adige. Castello di Malcesine Malcesine \u00e8 uno dei comuni pi\u00f9 caratteristici che si affacciano sul Lago di Garda e, a completare il fantastico panorama, vi \u00e8 il Castello Scaligero. Esso si &#8230;<\/p>\n","protected":false},"author":6,"featured_media":60044,"comment_status":"closed","ping_status":"closed","sticky":false,"template":"","format":"standard","meta":{"_acf_changed":false,"footnotes":""},"categories":[142],"tags":[603],"class_list":["post-60040","post","type-post","status-publish","format-standard","has-post-thumbnail","hentry","category-arte-e-cultura","tag-cosa-vedere-in-veneto"],"acf":[],"yoast_head":"<!-- This site is optimized with the Yoast SEO plugin v23.9 - https:\/\/yoast.com\/wordpress\/plugins\/seo\/ -->\n<title>Alla scoperta della storia, e della cultura, delle citt\u00e0 del Veneto e del Trentino-Alto Adige<\/title>\n<meta name=\"description\" content=\"Soggiornando al Sunset Residence, potrete intraprendere un viaggio alla scoperta della storia, e della cultura, delle citt\u00e0 del Veneto e del Trentino-Alto Adige\" \/>\n<meta name=\"robots\" content=\"index, follow, max-snippet:-1, max-image-preview:large, max-video-preview:-1\" \/>\n<link rel=\"canonical\" href=\"https:\/\/www.charminly.com\/it\/alla-scoperta-della-storia-e-della-cultura-delle-citta-del-veneto-e-del-trentino-alto-adige\/\" \/>\n<meta property=\"og:locale\" content=\"it_IT\" \/>\n<meta property=\"og:type\" content=\"article\" \/>\n<meta property=\"og:title\" content=\"Alla scoperta della storia, e della cultura, delle citt\u00e0 del Veneto e del Trentino-Alto Adige\" \/>\n<meta property=\"og:description\" content=\"Soggiornando al Sunset Residence, potrete intraprendere un viaggio alla scoperta della storia, e della cultura, delle citt\u00e0 del Veneto e del Trentino-Alto Adige\" \/>\n<meta property=\"og:url\" content=\"https:\/\/www.charminly.com\/it\/alla-scoperta-della-storia-e-della-cultura-delle-citta-del-veneto-e-del-trentino-alto-adige\/\" \/>\n<meta property=\"article:publisher\" content=\"https:\/\/www.facebook.com\/charminlyitalia\/\" \/>\n<meta property=\"article:published_time\" content=\"2019-10-14T20:54:11+00:00\" \/>\n<meta property=\"article:modified_time\" content=\"2020-01-16T12:38:30+00:00\" \/>\n<meta property=\"og:image\" content=\"https:\/\/www.charminly.com\/wp-content\/uploads\/2019\/10\/Malcesine_Castello_Scaligero_opt.jpg\" \/>\n\t<meta property=\"og:image:width\" content=\"1024\" \/>\n\t<meta property=\"og:image:height\" content=\"768\" \/>\n\t<meta property=\"og:image:type\" content=\"image\/jpeg\" \/>\n<meta name=\"author\" content=\"Ivan Lopez\" \/>\n<meta name=\"twitter:card\" content=\"summary_large_image\" \/>\n<meta name=\"twitter:creator\" content=\"@charminly_com\" \/>\n<meta name=\"twitter:site\" content=\"@charminly_com\" \/>\n<meta name=\"twitter:label1\" content=\"Scritto da\" \/>\n\t<meta name=\"twitter:data1\" content=\"Ivan Lopez\" \/>\n\t<meta name=\"twitter:label2\" content=\"Tempo di lettura stimato\" \/>\n\t<meta name=\"twitter:data2\" content=\"2 minuti\" \/>\n<script type=\"application\/ld+json\" class=\"yoast-schema-graph\">{\"@context\":\"https:\/\/schema.org\",\"@graph\":[{\"@type\":\"Article\",\"@id\":\"https:\/\/www.charminly.com\/it\/alla-scoperta-della-storia-e-della-cultura-delle-citta-del-veneto-e-del-trentino-alto-adige\/#article\",\"isPartOf\":{\"@id\":\"https:\/\/www.charminly.com\/it\/alla-scoperta-della-storia-e-della-cultura-delle-citta-del-veneto-e-del-trentino-alto-adige\/\"},\"author\":{\"name\":\"Ivan Lopez\",\"@id\":\"https:\/\/www.charminly.com\/it\/#\/schema\/person\/52806bb74f5c81bbf5f0989dd952c7ea\"},\"headline\":\"Alla scoperta della storia, e della cultura, delle citt\u00e0 del Veneto e del Trentino-Alto Adige\",\"datePublished\":\"2019-10-14T20:54:11+00:00\",\"dateModified\":\"2020-01-16T12:38:30+00:00\",\"mainEntityOfPage\":{\"@id\":\"https:\/\/www.charminly.com\/it\/alla-scoperta-della-storia-e-della-cultura-delle-citta-del-veneto-e-del-trentino-alto-adige\/\"},\"wordCount\":494,\"publisher\":{\"@id\":\"https:\/\/www.charminly.com\/it\/#organization\"},\"image\":{\"@id\":\"https:\/\/www.charminly.com\/it\/alla-scoperta-della-storia-e-della-cultura-delle-citta-del-veneto-e-del-trentino-alto-adige\/#primaryimage\"},\"thumbnailUrl\":\"https:\/\/www.charminly.com\/wp-content\/uploads\/2019\/10\/Malcesine_Castello_Scaligero_opt.jpg\",\"keywords\":[\"Cosa vedere in Veneto\"],\"articleSection\":[\"Arte e cultura\"],\"inLanguage\":\"it-IT\"},{\"@type\":\"WebPage\",\"@id\":\"https:\/\/www.charminly.com\/it\/alla-scoperta-della-storia-e-della-cultura-delle-citta-del-veneto-e-del-trentino-alto-adige\/\",\"url\":\"https:\/\/www.charminly.com\/it\/alla-scoperta-della-storia-e-della-cultura-delle-citta-del-veneto-e-del-trentino-alto-adige\/\",\"name\":\"Alla scoperta della storia, e della cultura, delle citt\u00e0 del Veneto e del Trentino-Alto Adige\",\"isPartOf\":{\"@id\":\"https:\/\/www.charminly.com\/it\/#website\"},\"primaryImageOfPage\":{\"@id\":\"https:\/\/www.charminly.com\/it\/alla-scoperta-della-storia-e-della-cultura-delle-citta-del-veneto-e-del-trentino-alto-adige\/#primaryimage\"},\"image\":{\"@id\":\"https:\/\/www.charminly.com\/it\/alla-scoperta-della-storia-e-della-cultura-delle-citta-del-veneto-e-del-trentino-alto-adige\/#primaryimage\"},\"thumbnailUrl\":\"https:\/\/www.charminly.com\/wp-content\/uploads\/2019\/10\/Malcesine_Castello_Scaligero_opt.jpg\",\"datePublished\":\"2019-10-14T20:54:11+00:00\",\"dateModified\":\"2020-01-16T12:38:30+00:00\",\"description\":\"Soggiornando al Sunset Residence, potrete intraprendere un viaggio alla scoperta della storia, e della cultura, delle citt\u00e0 del Veneto e del Trentino-Alto Adige\",\"breadcrumb\":{\"@id\":\"https:\/\/www.charminly.com\/it\/alla-scoperta-della-storia-e-della-cultura-delle-citta-del-veneto-e-del-trentino-alto-adige\/#breadcrumb\"},\"inLanguage\":\"it-IT\",\"potentialAction\":[{\"@type\":\"ReadAction\",\"target\":[\"https:\/\/www.charminly.com\/it\/alla-scoperta-della-storia-e-della-cultura-delle-citta-del-veneto-e-del-trentino-alto-adige\/\"]}]},{\"@type\":\"ImageObject\",\"inLanguage\":\"it-IT\",\"@id\":\"https:\/\/www.charminly.com\/it\/alla-scoperta-della-storia-e-della-cultura-delle-citta-del-veneto-e-del-trentino-alto-adige\/#primaryimage\",\"url\":\"https:\/\/www.charminly.com\/wp-content\/uploads\/2019\/10\/Malcesine_Castello_Scaligero_opt.jpg\",\"contentUrl\":\"https:\/\/www.charminly.com\/wp-content\/uploads\/2019\/10\/Malcesine_Castello_Scaligero_opt.jpg\",\"width\":1024,\"height\":768,\"caption\":\"Castello Scaligero, Malcesine\"},{\"@type\":\"BreadcrumbList\",\"@id\":\"https:\/\/www.charminly.com\/it\/alla-scoperta-della-storia-e-della-cultura-delle-citta-del-veneto-e-del-trentino-alto-adige\/#breadcrumb\",\"itemListElement\":[{\"@type\":\"ListItem\",\"position\":1,\"name\":\"Home\",\"item\":\"https:\/\/www.charminly.com\/it\/\"},{\"@type\":\"ListItem\",\"position\":2,\"name\":\"Cosa vedere in Veneto\",\"item\":\"https:\/\/www.charminly.com\/it\/tag\/cosa-vedere-in-veneto\/\"},{\"@type\":\"ListItem\",\"position\":3,\"name\":\"Alla scoperta della storia, e della cultura, delle citt\u00e0 del Veneto e del Trentino-Alto Adige\"}]},{\"@type\":\"WebSite\",\"@id\":\"https:\/\/www.charminly.com\/it\/#website\",\"url\":\"https:\/\/www.charminly.com\/it\/\",\"name\":\"\",\"description\":\"\",\"publisher\":{\"@id\":\"https:\/\/www.charminly.com\/it\/#organization\"},\"potentialAction\":[{\"@type\":\"SearchAction\",\"target\":{\"@type\":\"EntryPoint\",\"urlTemplate\":\"https:\/\/www.charminly.com\/it\/?s={search_term_string}\"},\"query-input\":{\"@type\":\"PropertyValueSpecification\",\"valueRequired\":true,\"valueName\":\"search_term_string\"}}],\"inLanguage\":\"it-IT\"},{\"@type\":\"Organization\",\"@id\":\"https:\/\/www.charminly.com\/it\/#organization\",\"name\":\"Charminly.com\",\"url\":\"https:\/\/www.charminly.com\/it\/\",\"logo\":{\"@type\":\"ImageObject\",\"inLanguage\":\"it-IT\",\"@id\":\"https:\/\/www.charminly.com\/it\/#\/schema\/logo\/image\/\",\"url\":\"https:\/\/www.charminly.com\/wp-content\/uploads\/2014\/10\/logo.png\",\"contentUrl\":\"https:\/\/www.charminly.com\/wp-content\/uploads\/2014\/10\/logo.png\",\"width\":264,\"height\":115,\"caption\":\"Charminly.com\"},\"image\":{\"@id\":\"https:\/\/www.charminly.com\/it\/#\/schema\/logo\/image\/\"},\"sameAs\":[\"https:\/\/www.facebook.com\/charminlyitalia\/\",\"https:\/\/x.com\/charminly_com\"]},{\"@type\":\"Person\",\"@id\":\"https:\/\/www.charminly.com\/it\/#\/schema\/person\/52806bb74f5c81bbf5f0989dd952c7ea\",\"name\":\"Ivan Lopez\",\"image\":{\"@type\":\"ImageObject\",\"inLanguage\":\"it-IT\",\"@id\":\"https:\/\/www.charminly.com\/it\/#\/schema\/person\/image\/\",\"url\":\"https:\/\/secure.gravatar.com\/avatar\/e8aef7257c7a278cfcb908e241d9761c?s=96&d=mm&r=g\",\"contentUrl\":\"https:\/\/secure.gravatar.com\/avatar\/e8aef7257c7a278cfcb908e241d9761c?s=96&d=mm&r=g\",\"caption\":\"Ivan Lopez\"},\"url\":\"https:\/\/www.charminly.com\/it\/author\/ivan\/\"}]}<\/script>\n<!-- \/ Yoast SEO plugin. -->","yoast_head_json":{"title":"Alla scoperta della storia, e della cultura, delle citt\u00e0 del Veneto e del Trentino-Alto Adige","description":"Soggiornando al Sunset Residence, potrete intraprendere un viaggio alla scoperta della storia, e della cultura, delle citt\u00e0 del Veneto e del Trentino-Alto Adige","robots":{"index":"index","follow":"follow","max-snippet":"max-snippet:-1","max-image-preview":"max-image-preview:large","max-video-preview":"max-video-preview:-1"},"canonical":"https:\/\/www.charminly.com\/it\/alla-scoperta-della-storia-e-della-cultura-delle-citta-del-veneto-e-del-trentino-alto-adige\/","og_locale":"it_IT","og_type":"article","og_title":"Alla scoperta della storia, e della cultura, delle citt\u00e0 del Veneto e del Trentino-Alto Adige","og_description":"Soggiornando al Sunset Residence, potrete intraprendere un viaggio alla scoperta della storia, e della cultura, delle citt\u00e0 del Veneto e del Trentino-Alto Adige","og_url":"https:\/\/www.charminly.com\/it\/alla-scoperta-della-storia-e-della-cultura-delle-citta-del-veneto-e-del-trentino-alto-adige\/","article_publisher":"https:\/\/www.facebook.com\/charminlyitalia\/","article_published_time":"2019-10-14T20:54:11+00:00","article_modified_time":"2020-01-16T12:38:30+00:00","og_image":[{"width":1024,"height":768,"url":"https:\/\/www.charminly.com\/wp-content\/uploads\/2019\/10\/Malcesine_Castello_Scaligero_opt.jpg","type":"image\/jpeg"}],"author":"Ivan Lopez","twitter_card":"summary_large_image","twitter_creator":"@charminly_com","twitter_site":"@charminly_com","twitter_misc":{"Scritto da":"Ivan Lopez","Tempo di lettura stimato":"2 minuti"},"schema":{"@context":"https:\/\/schema.org","@graph":[{"@type":"Article","@id":"https:\/\/www.charminly.com\/it\/alla-scoperta-della-storia-e-della-cultura-delle-citta-del-veneto-e-del-trentino-alto-adige\/#article","isPartOf":{"@id":"https:\/\/www.charminly.com\/it\/alla-scoperta-della-storia-e-della-cultura-delle-citta-del-veneto-e-del-trentino-alto-adige\/"},"author":{"name":"Ivan Lopez","@id":"https:\/\/www.charminly.com\/it\/#\/schema\/person\/52806bb74f5c81bbf5f0989dd952c7ea"},"headline":"Alla scoperta della storia, e della cultura, delle citt\u00e0 del Veneto e del Trentino-Alto Adige","datePublished":"2019-10-14T20:54:11+00:00","dateModified":"2020-01-16T12:38:30+00:00","mainEntityOfPage":{"@id":"https:\/\/www.charminly.com\/it\/alla-scoperta-della-storia-e-della-cultura-delle-citta-del-veneto-e-del-trentino-alto-adige\/"},"wordCount":494,"publisher":{"@id":"https:\/\/www.charminly.com\/it\/#organization"},"image":{"@id":"https:\/\/www.charminly.com\/it\/alla-scoperta-della-storia-e-della-cultura-delle-citta-del-veneto-e-del-trentino-alto-adige\/#primaryimage"},"thumbnailUrl":"https:\/\/www.charminly.com\/wp-content\/uploads\/2019\/10\/Malcesine_Castello_Scaligero_opt.jpg","keywords":["Cosa vedere in Veneto"],"articleSection":["Arte e cultura"],"inLanguage":"it-IT"},{"@type":"WebPage","@id":"https:\/\/www.charminly.com\/it\/alla-scoperta-della-storia-e-della-cultura-delle-citta-del-veneto-e-del-trentino-alto-adige\/","url":"https:\/\/www.charminly.com\/it\/alla-scoperta-della-storia-e-della-cultura-delle-citta-del-veneto-e-del-trentino-alto-adige\/","name":"Alla scoperta della storia, e della cultura, delle citt\u00e0 del Veneto e del Trentino-Alto Adige","isPartOf":{"@id":"https:\/\/www.charminly.com\/it\/#website"},"primaryImageOfPage":{"@id":"https:\/\/www.charminly.com\/it\/alla-scoperta-della-storia-e-della-cultura-delle-citta-del-veneto-e-del-trentino-alto-adige\/#primaryimage"},"image":{"@id":"https:\/\/www.charminly.com\/it\/alla-scoperta-della-storia-e-della-cultura-delle-citta-del-veneto-e-del-trentino-alto-adige\/#primaryimage"},"thumbnailUrl":"https:\/\/www.charminly.com\/wp-content\/uploads\/2019\/10\/Malcesine_Castello_Scaligero_opt.jpg","datePublished":"2019-10-14T20:54:11+00:00","dateModified":"2020-01-16T12:38:30+00:00","description":"Soggiornando al Sunset Residence, potrete intraprendere un viaggio alla scoperta della storia, e della cultura, delle citt\u00e0 del Veneto e del Trentino-Alto Adige","breadcrumb":{"@id":"https:\/\/www.charminly.com\/it\/alla-scoperta-della-storia-e-della-cultura-delle-citta-del-veneto-e-del-trentino-alto-adige\/#breadcrumb"},"inLanguage":"it-IT","potentialAction":[{"@type":"ReadAction","target":["https:\/\/www.charminly.com\/it\/alla-scoperta-della-storia-e-della-cultura-delle-citta-del-veneto-e-del-trentino-alto-adige\/"]}]},{"@type":"ImageObject","inLanguage":"it-IT","@id":"https:\/\/www.charminly.com\/it\/alla-scoperta-della-storia-e-della-cultura-delle-citta-del-veneto-e-del-trentino-alto-adige\/#primaryimage","url":"https:\/\/www.charminly.com\/wp-content\/uploads\/2019\/10\/Malcesine_Castello_Scaligero_opt.jpg","contentUrl":"https:\/\/www.charminly.com\/wp-content\/uploads\/2019\/10\/Malcesine_Castello_Scaligero_opt.jpg","width":1024,"height":768,"caption":"Castello Scaligero, Malcesine"},{"@type":"BreadcrumbList","@id":"https:\/\/www.charminly.com\/it\/alla-scoperta-della-storia-e-della-cultura-delle-citta-del-veneto-e-del-trentino-alto-adige\/#breadcrumb","itemListElement":[{"@type":"ListItem","position":1,"name":"Home","item":"https:\/\/www.charminly.com\/it\/"},{"@type":"ListItem","position":2,"name":"Cosa vedere in Veneto","item":"https:\/\/www.charminly.com\/it\/tag\/cosa-vedere-in-veneto\/"},{"@type":"ListItem","position":3,"name":"Alla scoperta della storia, e della cultura, delle citt\u00e0 del Veneto e del Trentino-Alto Adige"}]},{"@type":"WebSite","@id":"https:\/\/www.charminly.com\/it\/#website","url":"https:\/\/www.charminly.com\/it\/","name":"","description":"","publisher":{"@id":"https:\/\/www.charminly.com\/it\/#organization"},"potentialAction":[{"@type":"SearchAction","target":{"@type":"EntryPoint","urlTemplate":"https:\/\/www.charminly.com\/it\/?s={search_term_string}"},"query-input":{"@type":"PropertyValueSpecification","valueRequired":true,"valueName":"search_term_string"}}],"inLanguage":"it-IT"},{"@type":"Organization","@id":"https:\/\/www.charminly.com\/it\/#organization","name":"Charminly.com","url":"https:\/\/www.charminly.com\/it\/","logo":{"@type":"ImageObject","inLanguage":"it-IT","@id":"https:\/\/www.charminly.com\/it\/#\/schema\/logo\/image\/","url":"https:\/\/www.charminly.com\/wp-content\/uploads\/2014\/10\/logo.png","contentUrl":"https:\/\/www.charminly.com\/wp-content\/uploads\/2014\/10\/logo.png","width":264,"height":115,"caption":"Charminly.com"},"image":{"@id":"https:\/\/www.charminly.com\/it\/#\/schema\/logo\/image\/"},"sameAs":["https:\/\/www.facebook.com\/charminlyitalia\/","https:\/\/x.com\/charminly_com"]},{"@type":"Person","@id":"https:\/\/www.charminly.com\/it\/#\/schema\/person\/52806bb74f5c81bbf5f0989dd952c7ea","name":"Ivan Lopez","image":{"@type":"ImageObject","inLanguage":"it-IT","@id":"https:\/\/www.charminly.com\/it\/#\/schema\/person\/image\/","url":"https:\/\/secure.gravatar.com\/avatar\/e8aef7257c7a278cfcb908e241d9761c?s=96&d=mm&r=g","contentUrl":"https:\/\/secure.gravatar.com\/avatar\/e8aef7257c7a278cfcb908e241d9761c?s=96&d=mm&r=g","caption":"Ivan Lopez"},"url":"https:\/\/www.charminly.com\/it\/author\/ivan\/"}]}},"_links":{"self":[{"href":"https:\/\/www.charminly.com\/it\/wp-json\/wp\/v2\/posts\/60040","targetHints":{"allow":["GET"]}}],"collection":[{"href":"https:\/\/www.charminly.com\/it\/wp-json\/wp\/v2\/posts"}],"about":[{"href":"https:\/\/www.charminly.com\/it\/wp-json\/wp\/v2\/types\/post"}],"author":[{"embeddable":true,"href":"https:\/\/www.charminly.com\/it\/wp-json\/wp\/v2\/users\/6"}],"replies":[{"embeddable":true,"href":"https:\/\/www.charminly.com\/it\/wp-json\/wp\/v2\/comments?post=60040"}],"version-history":[{"count":0,"href":"https:\/\/www.charminly.com\/it\/wp-json\/wp\/v2\/posts\/60040\/revisions"}],"wp:featuredmedia":[{"embeddable":true,"href":"https:\/\/www.charminly.com\/it\/wp-json\/wp\/v2\/media\/60044"}],"wp:attachment":[{"href":"https:\/\/www.charminly.com\/it\/wp-json\/wp\/v2\/media?parent=60040"}],"wp:term":[{"taxonomy":"category","embeddable":true,"href":"https:\/\/www.charminly.com\/it\/wp-json\/wp\/v2\/categories?post=60040"},{"taxonomy":"post_tag","embeddable":true,"href":"https:\/\/www.charminly.com\/it\/wp-json\/wp\/v2\/tags?post=60040"}],"curies":[{"name":"wp","href":"https:\/\/api.w.org\/{rel}","templated":true}]}}