{"id":59691,"date":"2019-09-15T18:44:49","date_gmt":"2019-09-15T16:44:49","guid":{"rendered":"https:\/\/www.charminly.com\/?p=59691"},"modified":"2020-01-16T13:31:43","modified_gmt":"2020-01-16T12:31:43","slug":"sagre-festival-ed-eventi-da-non-perdere-nella-zona-dellastigiano","status":"publish","type":"post","link":"https:\/\/www.charminly.com\/it\/sagre-festival-ed-eventi-da-non-perdere-nella-zona-dellastigiano\/","title":{"rendered":"Sagre, festival ed eventi da non perdere nella zona dell\u2019astigiano"},"content":{"rendered":"<p>Scegliendo per le proprie vacanze gli <a href=\"https:\/\/www.charminly.com\/it\/properties\/egodomus-it\/\"><strong>Charme Apartments<\/strong><strong> Egodomus<\/strong><\/a>, situati nel <a href=\"https:\/\/www.charminly.com\/it\/area\/monferrato-it\/\"><strong>Monferrato<\/strong><\/a>, in provincia di <strong>Asti<\/strong>, si potr\u00e0 prendere parte in sagre, festival ed eventi da non perdere nella zona dell\u2019astigiano.<\/p>\n<h3><strong>Riso e Rose, ogni domenica di maggio<\/strong><\/h3>\n<p>Ogni domenica di maggio il comune di Monferrato si anima con l\u2019evento \u201c<em>Riso e Rose<\/em>\u201d, con un programma di intrattenimento molto ricco. Il programma prevede una passeggiata che ha il sapore di una visita di perlustrazione della natura circostante la zona, insieme a tutto ci\u00f2 che fa da ornamento come ad esempio palazzi barocchi, castelli, giardini, vigneti, risaie e molto altro ancora. A contornare il tutto arte, musica, cultura, eventi pensati per il divertimento della famiglia con bambini, florovivaismo, folklore ed enogastronomia.<\/p>\n<div id=\"attachment_59692\" style=\"width: 1034px\" class=\"wp-caption alignnone\"><img loading=\"lazy\" decoding=\"async\" aria-describedby=\"caption-attachment-59692\" class=\"wp-image-59692 size-large\" src=\"https:\/\/www.charminly.com\/wp-content\/uploads\/2019\/09\/riso-e-rose-radiogold_opt-1024x576.jpg\" alt=\"\" width=\"1024\" height=\"576\" srcset=\"https:\/\/www.charminly.com\/wp-content\/uploads\/2019\/09\/riso-e-rose-radiogold_opt.jpg 1024w, https:\/\/www.charminly.com\/wp-content\/uploads\/2019\/09\/riso-e-rose-radiogold_opt-300x169.jpg 300w, https:\/\/www.charminly.com\/wp-content\/uploads\/2019\/09\/riso-e-rose-radiogold_opt-768x432.jpg 768w, https:\/\/www.charminly.com\/wp-content\/uploads\/2019\/09\/riso-e-rose-radiogold_opt-255x143.jpg 255w\" sizes=\"auto, (max-width: 1024px) 100vw, 1024px\" \/><p id=\"caption-attachment-59692\" class=\"wp-caption-text\">Riso e Rose, foto by radiogold<\/p><\/div>\n<h3><strong>Gustadom Giugno &#8211; Asti<\/strong><\/h3>\n<p>La citt\u00e0 di Asti nel mese di giugno \u00e8 protagonista di una delle manifestazioni enogastronomiche di maggior rilievo ad Asti: il Guastadom ovvero una sorta di passeggiata gastronomica con il romantico sfondo di giardini curati, vicoli e scorci nelle vicinanze del Rione della Cattedrale. Piatti tipici della zona, uniti a pietanze senza glutine, sono la principale forza di questo evento.<\/p>\n<h3><strong>Palio delle Botti Giugno \u2013 Nizza Monferrato<\/strong><\/h3>\n<p>Tra gli appuntamenti da segnare nel calendario qualora a giugno ci si trovi nei pressi di Nizza Monferrato vi \u00e8, senza alcun dubbio, il rinomato <strong>Palio delle Botti<\/strong>. Molto indicato per gli amanti del vino, il Palio delle Botti \u00e8 un evento classico di questo comune, ma anche di molti altri, e l\u2019attrazione principale \u00e8 la gara che si disputa. Tale competizione vede gli atleti, divisi in squadre, intenti a spingere le botti di vino al fine di qualificarsi al Palio Nazionale delle Botti delle Citt\u00e0 del Vino.<\/p>\n<div id=\"attachment_59696\" style=\"width: 1034px\" class=\"wp-caption alignnone\"><img loading=\"lazy\" decoding=\"async\" aria-describedby=\"caption-attachment-59696\" class=\"wp-image-59696 size-large\" src=\"https:\/\/www.charminly.com\/wp-content\/uploads\/2019\/09\/corsa_botti-lavocediasti_opt-1024x755.jpg\" alt=\"\" width=\"1024\" height=\"755\" srcset=\"https:\/\/www.charminly.com\/wp-content\/uploads\/2019\/09\/corsa_botti-lavocediasti_opt.jpg 1024w, https:\/\/www.charminly.com\/wp-content\/uploads\/2019\/09\/corsa_botti-lavocediasti_opt-300x221.jpg 300w, https:\/\/www.charminly.com\/wp-content\/uploads\/2019\/09\/corsa_botti-lavocediasti_opt-768x566.jpg 768w\" sizes=\"auto, (max-width: 1024px) 100vw, 1024px\" \/><p id=\"caption-attachment-59696\" class=\"wp-caption-text\">Palio delle Botti Giugno, foto by lavocediasti<\/p><\/div>\n<h3><strong>Douja D\u2019or Settembre \u2013 Asti<br \/>\n<\/strong><\/h3>\n<p>Gli amanti dei vini pregiati non potranno mancare al \u201c<strong><em>Douja D\u2019or<\/em><\/strong>\u201d, un concorso enologico di carattere nazionale che ha luogo nella citt\u00e0 di Asti a partire dai primi di settembre sino alla prima met\u00e0 del mese. La manifestazione, che si svolge ormai da 25 anni, nasce con l\u2019intento di promuovere e valorizzare le produzioni italiane di vino. Attraverso questo evento particolare si cerca di educare il consumatore al buon vino, suggerendogli quale sia la scelta migliore in relazione ai suoi gusti ed esigenze.<\/p>\n<h3><strong>Fiera del Tartufo, Novembre \u2013 Murisengo<\/strong><\/h3>\n<p>Il tartufo \u00e8 uno dei prodotti tipici della regione piemontese, e non poteva mancare una sagra dedicata a questo prodotto cos\u00ec rinomato dal punto di vista del gusto e delle propriet\u00e0 organolettiche e nutrizionali. La <strong>Fiera del Tartufo<\/strong> si svolge nel comune di Murisengo, detta \u201c<em>terra del tartufo\u201d<\/em>, in provincia di Alessandria a partire dal 10 novembre sino al 17 novembre.<\/p>\n<hr \/>\n<div class=\"article_container\"><h2 class=\"shortcode_title\">Charming home nelle vicinanze<\/h2><div class=\"listinglink-wrapper\">\n                           <a href=\"https:\/\/www.charminly.com\/listings\/relais-country-houses-en\/\"> <span class=\"wpresidence_button\"> more listings <\/span><\/a>\n                       <\/div><\/div>\n","protected":false},"excerpt":{"rendered":"<p>Scegliendo per le proprie vacanze gli Charme Apartments Egodomus, situati nel Monferrato, in provincia di Asti, si potr\u00e0 prendere parte in sagre, festival ed eventi da non perdere nella zona dell\u2019astigiano. Riso e Rose, ogni domenica di maggio Ogni domenica di maggio il comune di Monferrato si anima con l\u2019evento \u201cRiso e Rose\u201d, con un programma di intrattenimento molto ricco. Il programma prevede una &#8230;<\/p>\n","protected":false},"author":6,"featured_media":59699,"comment_status":"closed","ping_status":"closed","sticky":false,"template":"","format":"standard","meta":{"_acf_changed":false,"footnotes":""},"categories":[144],"tags":[629],"class_list":["post-59691","post","type-post","status-publish","format-standard","has-post-thumbnail","hentry","category-feste-tradizioni-arti-e-mestieri","tag-cosa-fare-in-piemonte"],"acf":[],"yoast_head":"<!-- This site is optimized with the Yoast SEO plugin v23.9 - https:\/\/yoast.com\/wordpress\/plugins\/seo\/ -->\n<title>Sagre, festival ed eventi da non perdere nella zona dell\u2019astigiano<\/title>\n<meta name=\"description\" content=\"Pernottanto presso gli Charme Apartments Egodomus, si potr\u00e0 prendere parte in sagre, festival ed eventi da non perdere nella zona dell\u2019astigiano\" \/>\n<meta name=\"robots\" content=\"index, follow, max-snippet:-1, max-image-preview:large, max-video-preview:-1\" \/>\n<link rel=\"canonical\" href=\"https:\/\/www.charminly.com\/it\/sagre-festival-ed-eventi-da-non-perdere-nella-zona-dellastigiano\/\" \/>\n<meta property=\"og:locale\" content=\"it_IT\" \/>\n<meta property=\"og:type\" content=\"article\" \/>\n<meta property=\"og:title\" content=\"Sagre, festival ed eventi da non perdere nella zona dell\u2019astigiano\" \/>\n<meta property=\"og:description\" content=\"Pernottanto presso gli Charme Apartments Egodomus, si potr\u00e0 prendere parte in sagre, festival ed eventi da non perdere nella zona dell\u2019astigiano\" \/>\n<meta property=\"og:url\" content=\"https:\/\/www.charminly.com\/it\/sagre-festival-ed-eventi-da-non-perdere-nella-zona-dellastigiano\/\" \/>\n<meta property=\"article:publisher\" content=\"https:\/\/www.facebook.com\/charminlyitalia\/\" \/>\n<meta property=\"article:published_time\" content=\"2019-09-15T16:44:49+00:00\" \/>\n<meta property=\"article:modified_time\" content=\"2020-01-16T12:31:43+00:00\" \/>\n<meta property=\"og:image\" content=\"https:\/\/www.charminly.com\/wp-content\/uploads\/2019\/09\/corsa_botti-lavocediasti_opt.jpg\" \/>\n\t<meta property=\"og:image:width\" content=\"1024\" \/>\n\t<meta property=\"og:image:height\" content=\"755\" \/>\n\t<meta property=\"og:image:type\" content=\"image\/jpeg\" \/>\n<meta name=\"author\" content=\"Ivan Lopez\" \/>\n<meta name=\"twitter:card\" content=\"summary_large_image\" \/>\n<meta name=\"twitter:creator\" content=\"@charminly_com\" \/>\n<meta name=\"twitter:site\" content=\"@charminly_com\" \/>\n<meta name=\"twitter:label1\" content=\"Scritto da\" \/>\n\t<meta name=\"twitter:data1\" content=\"Ivan Lopez\" \/>\n\t<meta name=\"twitter:label2\" content=\"Tempo di lettura stimato\" \/>\n\t<meta name=\"twitter:data2\" content=\"2 minuti\" \/>\n<script type=\"application\/ld+json\" class=\"yoast-schema-graph\">{\"@context\":\"https:\/\/schema.org\",\"@graph\":[{\"@type\":\"Article\",\"@id\":\"https:\/\/www.charminly.com\/it\/sagre-festival-ed-eventi-da-non-perdere-nella-zona-dellastigiano\/#article\",\"isPartOf\":{\"@id\":\"https:\/\/www.charminly.com\/it\/sagre-festival-ed-eventi-da-non-perdere-nella-zona-dellastigiano\/\"},\"author\":{\"name\":\"Ivan Lopez\",\"@id\":\"https:\/\/www.charminly.com\/it\/#\/schema\/person\/52806bb74f5c81bbf5f0989dd952c7ea\"},\"headline\":\"Sagre, festival ed eventi da non perdere nella zona dell\u2019astigiano\",\"datePublished\":\"2019-09-15T16:44:49+00:00\",\"dateModified\":\"2020-01-16T12:31:43+00:00\",\"mainEntityOfPage\":{\"@id\":\"https:\/\/www.charminly.com\/it\/sagre-festival-ed-eventi-da-non-perdere-nella-zona-dellastigiano\/\"},\"wordCount\":493,\"publisher\":{\"@id\":\"https:\/\/www.charminly.com\/it\/#organization\"},\"image\":{\"@id\":\"https:\/\/www.charminly.com\/it\/sagre-festival-ed-eventi-da-non-perdere-nella-zona-dellastigiano\/#primaryimage\"},\"thumbnailUrl\":\"https:\/\/www.charminly.com\/wp-content\/uploads\/2019\/09\/corsa_botti-lavocediasti_opt.jpg\",\"keywords\":[\"Cosa fare in Piemonte\"],\"articleSection\":[\"Feste, tradizioni, arti e mestieri\"],\"inLanguage\":\"it-IT\"},{\"@type\":\"WebPage\",\"@id\":\"https:\/\/www.charminly.com\/it\/sagre-festival-ed-eventi-da-non-perdere-nella-zona-dellastigiano\/\",\"url\":\"https:\/\/www.charminly.com\/it\/sagre-festival-ed-eventi-da-non-perdere-nella-zona-dellastigiano\/\",\"name\":\"Sagre, festival ed eventi da non perdere nella zona dell\u2019astigiano\",\"isPartOf\":{\"@id\":\"https:\/\/www.charminly.com\/it\/#website\"},\"primaryImageOfPage\":{\"@id\":\"https:\/\/www.charminly.com\/it\/sagre-festival-ed-eventi-da-non-perdere-nella-zona-dellastigiano\/#primaryimage\"},\"image\":{\"@id\":\"https:\/\/www.charminly.com\/it\/sagre-festival-ed-eventi-da-non-perdere-nella-zona-dellastigiano\/#primaryimage\"},\"thumbnailUrl\":\"https:\/\/www.charminly.com\/wp-content\/uploads\/2019\/09\/corsa_botti-lavocediasti_opt.jpg\",\"datePublished\":\"2019-09-15T16:44:49+00:00\",\"dateModified\":\"2020-01-16T12:31:43+00:00\",\"description\":\"Pernottanto presso gli Charme Apartments Egodomus, si potr\u00e0 prendere parte in sagre, festival ed eventi da non perdere nella zona dell\u2019astigiano\",\"breadcrumb\":{\"@id\":\"https:\/\/www.charminly.com\/it\/sagre-festival-ed-eventi-da-non-perdere-nella-zona-dellastigiano\/#breadcrumb\"},\"inLanguage\":\"it-IT\",\"potentialAction\":[{\"@type\":\"ReadAction\",\"target\":[\"https:\/\/www.charminly.com\/it\/sagre-festival-ed-eventi-da-non-perdere-nella-zona-dellastigiano\/\"]}]},{\"@type\":\"ImageObject\",\"inLanguage\":\"it-IT\",\"@id\":\"https:\/\/www.charminly.com\/it\/sagre-festival-ed-eventi-da-non-perdere-nella-zona-dellastigiano\/#primaryimage\",\"url\":\"https:\/\/www.charminly.com\/wp-content\/uploads\/2019\/09\/corsa_botti-lavocediasti_opt.jpg\",\"contentUrl\":\"https:\/\/www.charminly.com\/wp-content\/uploads\/2019\/09\/corsa_botti-lavocediasti_opt.jpg\",\"width\":1024,\"height\":755},{\"@type\":\"BreadcrumbList\",\"@id\":\"https:\/\/www.charminly.com\/it\/sagre-festival-ed-eventi-da-non-perdere-nella-zona-dellastigiano\/#breadcrumb\",\"itemListElement\":[{\"@type\":\"ListItem\",\"position\":1,\"name\":\"Home\",\"item\":\"https:\/\/www.charminly.com\/it\/\"},{\"@type\":\"ListItem\",\"position\":2,\"name\":\"Cosa fare in Piemonte\",\"item\":\"https:\/\/www.charminly.com\/it\/tag\/cosa-fare-in-piemonte\/\"},{\"@type\":\"ListItem\",\"position\":3,\"name\":\"Sagre, festival ed eventi da non perdere nella zona dell\u2019astigiano\"}]},{\"@type\":\"WebSite\",\"@id\":\"https:\/\/www.charminly.com\/it\/#website\",\"url\":\"https:\/\/www.charminly.com\/it\/\",\"name\":\"\",\"description\":\"\",\"publisher\":{\"@id\":\"https:\/\/www.charminly.com\/it\/#organization\"},\"potentialAction\":[{\"@type\":\"SearchAction\",\"target\":{\"@type\":\"EntryPoint\",\"urlTemplate\":\"https:\/\/www.charminly.com\/it\/?s={search_term_string}\"},\"query-input\":{\"@type\":\"PropertyValueSpecification\",\"valueRequired\":true,\"valueName\":\"search_term_string\"}}],\"inLanguage\":\"it-IT\"},{\"@type\":\"Organization\",\"@id\":\"https:\/\/www.charminly.com\/it\/#organization\",\"name\":\"Charminly.com\",\"url\":\"https:\/\/www.charminly.com\/it\/\",\"logo\":{\"@type\":\"ImageObject\",\"inLanguage\":\"it-IT\",\"@id\":\"https:\/\/www.charminly.com\/it\/#\/schema\/logo\/image\/\",\"url\":\"https:\/\/www.charminly.com\/wp-content\/uploads\/2014\/10\/logo.png\",\"contentUrl\":\"https:\/\/www.charminly.com\/wp-content\/uploads\/2014\/10\/logo.png\",\"width\":264,\"height\":115,\"caption\":\"Charminly.com\"},\"image\":{\"@id\":\"https:\/\/www.charminly.com\/it\/#\/schema\/logo\/image\/\"},\"sameAs\":[\"https:\/\/www.facebook.com\/charminlyitalia\/\",\"https:\/\/x.com\/charminly_com\"]},{\"@type\":\"Person\",\"@id\":\"https:\/\/www.charminly.com\/it\/#\/schema\/person\/52806bb74f5c81bbf5f0989dd952c7ea\",\"name\":\"Ivan Lopez\",\"image\":{\"@type\":\"ImageObject\",\"inLanguage\":\"it-IT\",\"@id\":\"https:\/\/www.charminly.com\/it\/#\/schema\/person\/image\/\",\"url\":\"https:\/\/secure.gravatar.com\/avatar\/e8aef7257c7a278cfcb908e241d9761c?s=96&d=mm&r=g\",\"contentUrl\":\"https:\/\/secure.gravatar.com\/avatar\/e8aef7257c7a278cfcb908e241d9761c?s=96&d=mm&r=g\",\"caption\":\"Ivan Lopez\"},\"url\":\"https:\/\/www.charminly.com\/it\/author\/ivan\/\"}]}<\/script>\n<!-- \/ Yoast SEO plugin. -->","yoast_head_json":{"title":"Sagre, festival ed eventi da non perdere nella zona dell\u2019astigiano","description":"Pernottanto presso gli Charme Apartments Egodomus, si potr\u00e0 prendere parte in sagre, festival ed eventi da non perdere nella zona dell\u2019astigiano","robots":{"index":"index","follow":"follow","max-snippet":"max-snippet:-1","max-image-preview":"max-image-preview:large","max-video-preview":"max-video-preview:-1"},"canonical":"https:\/\/www.charminly.com\/it\/sagre-festival-ed-eventi-da-non-perdere-nella-zona-dellastigiano\/","og_locale":"it_IT","og_type":"article","og_title":"Sagre, festival ed eventi da non perdere nella zona dell\u2019astigiano","og_description":"Pernottanto presso gli Charme Apartments Egodomus, si potr\u00e0 prendere parte in sagre, festival ed eventi da non perdere nella zona dell\u2019astigiano","og_url":"https:\/\/www.charminly.com\/it\/sagre-festival-ed-eventi-da-non-perdere-nella-zona-dellastigiano\/","article_publisher":"https:\/\/www.facebook.com\/charminlyitalia\/","article_published_time":"2019-09-15T16:44:49+00:00","article_modified_time":"2020-01-16T12:31:43+00:00","og_image":[{"width":1024,"height":755,"url":"https:\/\/www.charminly.com\/wp-content\/uploads\/2019\/09\/corsa_botti-lavocediasti_opt.jpg","type":"image\/jpeg"}],"author":"Ivan Lopez","twitter_card":"summary_large_image","twitter_creator":"@charminly_com","twitter_site":"@charminly_com","twitter_misc":{"Scritto da":"Ivan Lopez","Tempo di lettura stimato":"2 minuti"},"schema":{"@context":"https:\/\/schema.org","@graph":[{"@type":"Article","@id":"https:\/\/www.charminly.com\/it\/sagre-festival-ed-eventi-da-non-perdere-nella-zona-dellastigiano\/#article","isPartOf":{"@id":"https:\/\/www.charminly.com\/it\/sagre-festival-ed-eventi-da-non-perdere-nella-zona-dellastigiano\/"},"author":{"name":"Ivan Lopez","@id":"https:\/\/www.charminly.com\/it\/#\/schema\/person\/52806bb74f5c81bbf5f0989dd952c7ea"},"headline":"Sagre, festival ed eventi da non perdere nella zona dell\u2019astigiano","datePublished":"2019-09-15T16:44:49+00:00","dateModified":"2020-01-16T12:31:43+00:00","mainEntityOfPage":{"@id":"https:\/\/www.charminly.com\/it\/sagre-festival-ed-eventi-da-non-perdere-nella-zona-dellastigiano\/"},"wordCount":493,"publisher":{"@id":"https:\/\/www.charminly.com\/it\/#organization"},"image":{"@id":"https:\/\/www.charminly.com\/it\/sagre-festival-ed-eventi-da-non-perdere-nella-zona-dellastigiano\/#primaryimage"},"thumbnailUrl":"https:\/\/www.charminly.com\/wp-content\/uploads\/2019\/09\/corsa_botti-lavocediasti_opt.jpg","keywords":["Cosa fare in Piemonte"],"articleSection":["Feste, tradizioni, arti e mestieri"],"inLanguage":"it-IT"},{"@type":"WebPage","@id":"https:\/\/www.charminly.com\/it\/sagre-festival-ed-eventi-da-non-perdere-nella-zona-dellastigiano\/","url":"https:\/\/www.charminly.com\/it\/sagre-festival-ed-eventi-da-non-perdere-nella-zona-dellastigiano\/","name":"Sagre, festival ed eventi da non perdere nella zona dell\u2019astigiano","isPartOf":{"@id":"https:\/\/www.charminly.com\/it\/#website"},"primaryImageOfPage":{"@id":"https:\/\/www.charminly.com\/it\/sagre-festival-ed-eventi-da-non-perdere-nella-zona-dellastigiano\/#primaryimage"},"image":{"@id":"https:\/\/www.charminly.com\/it\/sagre-festival-ed-eventi-da-non-perdere-nella-zona-dellastigiano\/#primaryimage"},"thumbnailUrl":"https:\/\/www.charminly.com\/wp-content\/uploads\/2019\/09\/corsa_botti-lavocediasti_opt.jpg","datePublished":"2019-09-15T16:44:49+00:00","dateModified":"2020-01-16T12:31:43+00:00","description":"Pernottanto presso gli Charme Apartments Egodomus, si potr\u00e0 prendere parte in sagre, festival ed eventi da non perdere nella zona dell\u2019astigiano","breadcrumb":{"@id":"https:\/\/www.charminly.com\/it\/sagre-festival-ed-eventi-da-non-perdere-nella-zona-dellastigiano\/#breadcrumb"},"inLanguage":"it-IT","potentialAction":[{"@type":"ReadAction","target":["https:\/\/www.charminly.com\/it\/sagre-festival-ed-eventi-da-non-perdere-nella-zona-dellastigiano\/"]}]},{"@type":"ImageObject","inLanguage":"it-IT","@id":"https:\/\/www.charminly.com\/it\/sagre-festival-ed-eventi-da-non-perdere-nella-zona-dellastigiano\/#primaryimage","url":"https:\/\/www.charminly.com\/wp-content\/uploads\/2019\/09\/corsa_botti-lavocediasti_opt.jpg","contentUrl":"https:\/\/www.charminly.com\/wp-content\/uploads\/2019\/09\/corsa_botti-lavocediasti_opt.jpg","width":1024,"height":755},{"@type":"BreadcrumbList","@id":"https:\/\/www.charminly.com\/it\/sagre-festival-ed-eventi-da-non-perdere-nella-zona-dellastigiano\/#breadcrumb","itemListElement":[{"@type":"ListItem","position":1,"name":"Home","item":"https:\/\/www.charminly.com\/it\/"},{"@type":"ListItem","position":2,"name":"Cosa fare in Piemonte","item":"https:\/\/www.charminly.com\/it\/tag\/cosa-fare-in-piemonte\/"},{"@type":"ListItem","position":3,"name":"Sagre, festival ed eventi da non perdere nella zona dell\u2019astigiano"}]},{"@type":"WebSite","@id":"https:\/\/www.charminly.com\/it\/#website","url":"https:\/\/www.charminly.com\/it\/","name":"","description":"","publisher":{"@id":"https:\/\/www.charminly.com\/it\/#organization"},"potentialAction":[{"@type":"SearchAction","target":{"@type":"EntryPoint","urlTemplate":"https:\/\/www.charminly.com\/it\/?s={search_term_string}"},"query-input":{"@type":"PropertyValueSpecification","valueRequired":true,"valueName":"search_term_string"}}],"inLanguage":"it-IT"},{"@type":"Organization","@id":"https:\/\/www.charminly.com\/it\/#organization","name":"Charminly.com","url":"https:\/\/www.charminly.com\/it\/","logo":{"@type":"ImageObject","inLanguage":"it-IT","@id":"https:\/\/www.charminly.com\/it\/#\/schema\/logo\/image\/","url":"https:\/\/www.charminly.com\/wp-content\/uploads\/2014\/10\/logo.png","contentUrl":"https:\/\/www.charminly.com\/wp-content\/uploads\/2014\/10\/logo.png","width":264,"height":115,"caption":"Charminly.com"},"image":{"@id":"https:\/\/www.charminly.com\/it\/#\/schema\/logo\/image\/"},"sameAs":["https:\/\/www.facebook.com\/charminlyitalia\/","https:\/\/x.com\/charminly_com"]},{"@type":"Person","@id":"https:\/\/www.charminly.com\/it\/#\/schema\/person\/52806bb74f5c81bbf5f0989dd952c7ea","name":"Ivan Lopez","image":{"@type":"ImageObject","inLanguage":"it-IT","@id":"https:\/\/www.charminly.com\/it\/#\/schema\/person\/image\/","url":"https:\/\/secure.gravatar.com\/avatar\/e8aef7257c7a278cfcb908e241d9761c?s=96&d=mm&r=g","contentUrl":"https:\/\/secure.gravatar.com\/avatar\/e8aef7257c7a278cfcb908e241d9761c?s=96&d=mm&r=g","caption":"Ivan Lopez"},"url":"https:\/\/www.charminly.com\/it\/author\/ivan\/"}]}},"_links":{"self":[{"href":"https:\/\/www.charminly.com\/it\/wp-json\/wp\/v2\/posts\/59691","targetHints":{"allow":["GET"]}}],"collection":[{"href":"https:\/\/www.charminly.com\/it\/wp-json\/wp\/v2\/posts"}],"about":[{"href":"https:\/\/www.charminly.com\/it\/wp-json\/wp\/v2\/types\/post"}],"author":[{"embeddable":true,"href":"https:\/\/www.charminly.com\/it\/wp-json\/wp\/v2\/users\/6"}],"replies":[{"embeddable":true,"href":"https:\/\/www.charminly.com\/it\/wp-json\/wp\/v2\/comments?post=59691"}],"version-history":[{"count":0,"href":"https:\/\/www.charminly.com\/it\/wp-json\/wp\/v2\/posts\/59691\/revisions"}],"wp:featuredmedia":[{"embeddable":true,"href":"https:\/\/www.charminly.com\/it\/wp-json\/wp\/v2\/media\/59699"}],"wp:attachment":[{"href":"https:\/\/www.charminly.com\/it\/wp-json\/wp\/v2\/media?parent=59691"}],"wp:term":[{"taxonomy":"category","embeddable":true,"href":"https:\/\/www.charminly.com\/it\/wp-json\/wp\/v2\/categories?post=59691"},{"taxonomy":"post_tag","embeddable":true,"href":"https:\/\/www.charminly.com\/it\/wp-json\/wp\/v2\/tags?post=59691"}],"curies":[{"name":"wp","href":"https:\/\/api.w.org\/{rel}","templated":true}]}}