{"id":57032,"date":"2019-04-03T21:30:42","date_gmt":"2019-04-03T19:30:42","guid":{"rendered":"https:\/\/www.charminly.com\/?p=57032"},"modified":"2020-01-16T13:29:34","modified_gmt":"2020-01-16T12:29:34","slug":"viaggio-culinario-alla-scoperta-dei-sapori-e-dei-gusti-della-regione-del-veneto","status":"publish","type":"post","link":"https:\/\/www.charminly.com\/it\/viaggio-culinario-alla-scoperta-dei-sapori-e-dei-gusti-della-regione-del-veneto\/","title":{"rendered":"Viaggio culinario alla scoperta dei sapori, e dei gusti, della regione del Veneto"},"content":{"rendered":"<p>Visitando Padova, avrete la possibilit\u00e0 di fare un viaggio culinario alla scoperta dei sapori, e dei gusti, della regione del Veneto.<\/p>\n<h3><strong>Prosciutto di Montagnana<\/strong><\/h3>\n<p>Il <strong>prosciutto di Montagnana<\/strong> \u00e8 un\u2019istituzione della provincia veneta, il quale mescola profumi irresistibili ad un sapore dolciastro, oltre a presentare il riconoscimento del <strong>Marchio D.O.P.<\/strong>\u00a0 Per tale ragione esso \u00e8 molto rinomato, e non solo nella regione veneta. Caratterizzato da un sapore raffinato, morbidezza, colore rosato proviene da un allevamento di suini rigorosamente italiano, in quanto questi vengono allevati e macellati nel nord Italia garantendo la certezza di un prodotto Made in Italy.<\/p>\n<div id=\"attachment_57033\" style=\"width: 1034px\" class=\"wp-caption alignnone\"><img loading=\"lazy\" decoding=\"async\" aria-describedby=\"caption-attachment-57033\" class=\"wp-image-57033 size-large\" src=\"https:\/\/www.charminly.com\/wp-content\/uploads\/2019\/04\/risotto-fegatini-aromiesaporitaliani_opt-1024x768.jpg\" alt=\"\" width=\"1024\" height=\"768\" srcset=\"https:\/\/www.charminly.com\/wp-content\/uploads\/2019\/04\/risotto-fegatini-aromiesaporitaliani_opt.jpg 1024w, https:\/\/www.charminly.com\/wp-content\/uploads\/2019\/04\/risotto-fegatini-aromiesaporitaliani_opt-300x225.jpg 300w, https:\/\/www.charminly.com\/wp-content\/uploads\/2019\/04\/risotto-fegatini-aromiesaporitaliani_opt-768x576.jpg 768w\" sizes=\"auto, (max-width: 1024px) 100vw, 1024px\" \/><p id=\"caption-attachment-57033\" class=\"wp-caption-text\">Risotto con i fegatini, foto by aromiesaporitaliani<\/p><\/div>\n<h3><strong>Risotto con i fegatini <\/strong><\/h3>\n<p>Un altro piatto tipico della cucina veneta \u00e8 il <strong>risotto con i fegatini<\/strong>, conosciuto come <strong>risotto con i<\/strong> \u201c<strong><em>rovinassi<\/em><\/strong>\u201d. \u00c8 una ricetta tipica della cucina padovana la quale presenta una difficolt\u00e0 media, e per tale ragione pu\u00f2 essere preparata da tutti con i giusti accorgimenti. Gli ingredienti speciali di questa ricetta sono la carne di gallina del posto, la carne di manzo, la pancetta di maiale e del grana padano. Il tutto \u00e8 contornato da verdure ed ortaggi quali carote, sedano, pomodoro sfumando il tutto con del vino Colli Euganei D.O.C. Tocai.<\/p>\n<h3><strong>Tagliatelle con i bisi<\/strong><\/h3>\n<p>Le<strong> tagliatelle con i bisi <\/strong>costituiscono un ulteriore piatto tipico della cucina veneta, che dovreste assolutamente assaggiare se soggiornate in zona. Quello delle Tajadele coi bisi \u00e8 un piatto succulento che abbina il sapore dolce della pancetta tagliata a cubetti, alla freschezza dei piselli. Il soffritto si prepara con la cipolla, il prezzemolo e l\u2019olio extra vergine d\u2019oliva. Ad insaporire il tutto le spezie quali sale, pepe ed infine una spolverata di grana padano.<\/p>\n<div id=\"attachment_57037\" style=\"width: 1034px\" class=\"wp-caption alignnone\"><img loading=\"lazy\" decoding=\"async\" aria-describedby=\"caption-attachment-57037\" class=\"wp-image-57037 size-large\" src=\"https:\/\/www.charminly.com\/wp-content\/uploads\/2019\/04\/Tagliatelle-con-i-bisi-ruslanfood2_opt-1024x683.jpg\" alt=\"\" width=\"1024\" height=\"683\" srcset=\"https:\/\/www.charminly.com\/wp-content\/uploads\/2019\/04\/Tagliatelle-con-i-bisi-ruslanfood2_opt.jpg 1024w, https:\/\/www.charminly.com\/wp-content\/uploads\/2019\/04\/Tagliatelle-con-i-bisi-ruslanfood2_opt-300x200.jpg 300w, https:\/\/www.charminly.com\/wp-content\/uploads\/2019\/04\/Tagliatelle-con-i-bisi-ruslanfood2_opt-768x512.jpg 768w, https:\/\/www.charminly.com\/wp-content\/uploads\/2019\/04\/Tagliatelle-con-i-bisi-ruslanfood2_opt-105x70.jpg 105w\" sizes=\"auto, (max-width: 1024px) 100vw, 1024px\" \/><p id=\"caption-attachment-57037\" class=\"wp-caption-text\">Tagliatelle con i bisi, foto by ruslanfood<\/p><\/div>\n<h3><strong>Ciliegie-Giuggiole<\/strong><\/h3>\n<p>La <strong>giuggiola<\/strong> \u00e8 un frutto che presenta una forma cos\u00ec particolare da essere paragonato al dattero cinese. Presenta una forma simile ad una ciliegia, oppure ad una prugna, essendo molto piccola. Il colore varia dal giallo al rosso scuro, in relazione alla maturazione. Ricco di <strong>vitamina C<\/strong> viene coltivato sui <strong>Colli Euganei in Veneto<\/strong> dove \u00e8 arrivata nel <strong>1660<\/strong>, diventando uno dei frutti tipici della zona.<\/p>\n<h3><strong>Figassa- Torta con i fichi<\/strong><\/h3>\n<p>Tra i dolci pi\u00f9 famosi della cucina padovana vi \u00e8 la <strong>Figassa<\/strong>, ovvero un\u2019invitante torta realizzata con i fichi bagnati nella grappa.<\/p>\n<hr \/>\n<div class=\"article_container\"><h2 class=\"shortcode_title\">Charming home nelle vicinanze<\/h2><div class=\"listinglink-wrapper\">\n                           <a href=\"https:\/\/www.charminly.com\/listings\/relais-country-houses-en\/\"> <span class=\"wpresidence_button\"> more listings <\/span><\/a>\n                       <\/div><\/div>\n","protected":false},"excerpt":{"rendered":"<p>Visitando Padova, avrete la possibilit\u00e0 di fare un viaggio culinario alla scoperta dei sapori, e dei gusti, della regione del Veneto. Prosciutto di Montagnana Il prosciutto di Montagnana \u00e8 un\u2019istituzione della provincia veneta, il quale mescola profumi irresistibili ad un sapore dolciastro, oltre a presentare il riconoscimento del Marchio D.O.P.\u00a0 Per tale ragione esso \u00e8 molto rinomato, e non solo nella regione veneta. Caratterizzato &#8230;<\/p>\n","protected":false},"author":6,"featured_media":57040,"comment_status":"closed","ping_status":"closed","sticky":false,"template":"","format":"standard","meta":{"_acf_changed":false,"footnotes":""},"categories":[240],"tags":[604,569],"class_list":["post-57032","post","type-post","status-publish","format-standard","has-post-thumbnail","hentry","category-sapori-d-altri-tempi","tag-cosa-mangiare-in-veneto","tag-what-to-eat-in-veneto"],"acf":[],"yoast_head":"<!-- This site is optimized with the Yoast SEO plugin v23.9 - https:\/\/yoast.com\/wordpress\/plugins\/seo\/ -->\n<title>Viaggio culinario alla scoperta dei sapori, e dei gusti, della regione del Veneto<\/title>\n<meta name=\"description\" content=\"Visitando Padova, avrete la possibilit\u00e0 di fare un viaggio culinario alla scoperta dei sapori, e dei gusti, della regione del Veneto.\" \/>\n<meta name=\"robots\" content=\"index, follow, max-snippet:-1, max-image-preview:large, max-video-preview:-1\" \/>\n<link rel=\"canonical\" href=\"https:\/\/www.charminly.com\/it\/viaggio-culinario-alla-scoperta-dei-sapori-e-dei-gusti-della-regione-del-veneto\/\" \/>\n<meta property=\"og:locale\" content=\"it_IT\" \/>\n<meta property=\"og:type\" content=\"article\" \/>\n<meta property=\"og:title\" content=\"Viaggio culinario alla scoperta dei sapori, e dei gusti, della regione del Veneto\" \/>\n<meta property=\"og:description\" content=\"Visitando Padova, avrete la possibilit\u00e0 di fare un viaggio culinario alla scoperta dei sapori, e dei gusti, della regione del Veneto.\" \/>\n<meta property=\"og:url\" content=\"https:\/\/www.charminly.com\/it\/viaggio-culinario-alla-scoperta-dei-sapori-e-dei-gusti-della-regione-del-veneto\/\" \/>\n<meta property=\"article:publisher\" content=\"https:\/\/www.facebook.com\/charminlyitalia\/\" \/>\n<meta property=\"article:published_time\" content=\"2019-04-03T19:30:42+00:00\" \/>\n<meta property=\"article:modified_time\" content=\"2020-01-16T12:29:34+00:00\" \/>\n<meta property=\"og:image\" content=\"https:\/\/www.charminly.com\/wp-content\/uploads\/2019\/04\/Tagliatelle-con-i-bisi-ruslanfood2_opt.jpg\" \/>\n\t<meta property=\"og:image:width\" content=\"1024\" \/>\n\t<meta property=\"og:image:height\" content=\"683\" \/>\n\t<meta property=\"og:image:type\" content=\"image\/jpeg\" \/>\n<meta name=\"author\" content=\"Ivan Lopez\" \/>\n<meta name=\"twitter:card\" content=\"summary_large_image\" \/>\n<meta name=\"twitter:creator\" content=\"@charminly_com\" \/>\n<meta name=\"twitter:site\" content=\"@charminly_com\" \/>\n<meta name=\"twitter:label1\" content=\"Scritto da\" \/>\n\t<meta name=\"twitter:data1\" content=\"Ivan Lopez\" \/>\n\t<meta name=\"twitter:label2\" content=\"Tempo di lettura stimato\" \/>\n\t<meta name=\"twitter:data2\" content=\"2 minuti\" \/>\n<script type=\"application\/ld+json\" class=\"yoast-schema-graph\">{\"@context\":\"https:\/\/schema.org\",\"@graph\":[{\"@type\":\"Article\",\"@id\":\"https:\/\/www.charminly.com\/it\/viaggio-culinario-alla-scoperta-dei-sapori-e-dei-gusti-della-regione-del-veneto\/#article\",\"isPartOf\":{\"@id\":\"https:\/\/www.charminly.com\/it\/viaggio-culinario-alla-scoperta-dei-sapori-e-dei-gusti-della-regione-del-veneto\/\"},\"author\":{\"name\":\"Ivan Lopez\",\"@id\":\"https:\/\/www.charminly.com\/it\/#\/schema\/person\/52806bb74f5c81bbf5f0989dd952c7ea\"},\"headline\":\"Viaggio culinario alla scoperta dei sapori, e dei gusti, della regione del Veneto\",\"datePublished\":\"2019-04-03T19:30:42+00:00\",\"dateModified\":\"2020-01-16T12:29:34+00:00\",\"mainEntityOfPage\":{\"@id\":\"https:\/\/www.charminly.com\/it\/viaggio-culinario-alla-scoperta-dei-sapori-e-dei-gusti-della-regione-del-veneto\/\"},\"wordCount\":431,\"publisher\":{\"@id\":\"https:\/\/www.charminly.com\/it\/#organization\"},\"image\":{\"@id\":\"https:\/\/www.charminly.com\/it\/viaggio-culinario-alla-scoperta-dei-sapori-e-dei-gusti-della-regione-del-veneto\/#primaryimage\"},\"thumbnailUrl\":\"https:\/\/www.charminly.com\/wp-content\/uploads\/2019\/04\/Tagliatelle-con-i-bisi-ruslanfood2_opt.jpg\",\"keywords\":[\"Cosa mangiare in Veneto\",\"What to eat in Veneto\"],\"articleSection\":[\"Sapori d'altri tempi\"],\"inLanguage\":\"it-IT\"},{\"@type\":\"WebPage\",\"@id\":\"https:\/\/www.charminly.com\/it\/viaggio-culinario-alla-scoperta-dei-sapori-e-dei-gusti-della-regione-del-veneto\/\",\"url\":\"https:\/\/www.charminly.com\/it\/viaggio-culinario-alla-scoperta-dei-sapori-e-dei-gusti-della-regione-del-veneto\/\",\"name\":\"Viaggio culinario alla scoperta dei sapori, e dei gusti, della regione del Veneto\",\"isPartOf\":{\"@id\":\"https:\/\/www.charminly.com\/it\/#website\"},\"primaryImageOfPage\":{\"@id\":\"https:\/\/www.charminly.com\/it\/viaggio-culinario-alla-scoperta-dei-sapori-e-dei-gusti-della-regione-del-veneto\/#primaryimage\"},\"image\":{\"@id\":\"https:\/\/www.charminly.com\/it\/viaggio-culinario-alla-scoperta-dei-sapori-e-dei-gusti-della-regione-del-veneto\/#primaryimage\"},\"thumbnailUrl\":\"https:\/\/www.charminly.com\/wp-content\/uploads\/2019\/04\/Tagliatelle-con-i-bisi-ruslanfood2_opt.jpg\",\"datePublished\":\"2019-04-03T19:30:42+00:00\",\"dateModified\":\"2020-01-16T12:29:34+00:00\",\"description\":\"Visitando Padova, avrete la possibilit\u00e0 di fare un viaggio culinario alla scoperta dei sapori, e dei gusti, della regione del Veneto.\",\"breadcrumb\":{\"@id\":\"https:\/\/www.charminly.com\/it\/viaggio-culinario-alla-scoperta-dei-sapori-e-dei-gusti-della-regione-del-veneto\/#breadcrumb\"},\"inLanguage\":\"it-IT\",\"potentialAction\":[{\"@type\":\"ReadAction\",\"target\":[\"https:\/\/www.charminly.com\/it\/viaggio-culinario-alla-scoperta-dei-sapori-e-dei-gusti-della-regione-del-veneto\/\"]}]},{\"@type\":\"ImageObject\",\"inLanguage\":\"it-IT\",\"@id\":\"https:\/\/www.charminly.com\/it\/viaggio-culinario-alla-scoperta-dei-sapori-e-dei-gusti-della-regione-del-veneto\/#primaryimage\",\"url\":\"https:\/\/www.charminly.com\/wp-content\/uploads\/2019\/04\/Tagliatelle-con-i-bisi-ruslanfood2_opt.jpg\",\"contentUrl\":\"https:\/\/www.charminly.com\/wp-content\/uploads\/2019\/04\/Tagliatelle-con-i-bisi-ruslanfood2_opt.jpg\",\"width\":1024,\"height\":683},{\"@type\":\"BreadcrumbList\",\"@id\":\"https:\/\/www.charminly.com\/it\/viaggio-culinario-alla-scoperta-dei-sapori-e-dei-gusti-della-regione-del-veneto\/#breadcrumb\",\"itemListElement\":[{\"@type\":\"ListItem\",\"position\":1,\"name\":\"Home\",\"item\":\"https:\/\/www.charminly.com\/it\/\"},{\"@type\":\"ListItem\",\"position\":2,\"name\":\"Cosa mangiare in Veneto\",\"item\":\"https:\/\/www.charminly.com\/it\/tag\/cosa-mangiare-in-veneto\/\"},{\"@type\":\"ListItem\",\"position\":3,\"name\":\"Viaggio culinario alla scoperta dei sapori, e dei gusti, della regione del Veneto\"}]},{\"@type\":\"WebSite\",\"@id\":\"https:\/\/www.charminly.com\/it\/#website\",\"url\":\"https:\/\/www.charminly.com\/it\/\",\"name\":\"\",\"description\":\"\",\"publisher\":{\"@id\":\"https:\/\/www.charminly.com\/it\/#organization\"},\"potentialAction\":[{\"@type\":\"SearchAction\",\"target\":{\"@type\":\"EntryPoint\",\"urlTemplate\":\"https:\/\/www.charminly.com\/it\/?s={search_term_string}\"},\"query-input\":{\"@type\":\"PropertyValueSpecification\",\"valueRequired\":true,\"valueName\":\"search_term_string\"}}],\"inLanguage\":\"it-IT\"},{\"@type\":\"Organization\",\"@id\":\"https:\/\/www.charminly.com\/it\/#organization\",\"name\":\"Charminly.com\",\"url\":\"https:\/\/www.charminly.com\/it\/\",\"logo\":{\"@type\":\"ImageObject\",\"inLanguage\":\"it-IT\",\"@id\":\"https:\/\/www.charminly.com\/it\/#\/schema\/logo\/image\/\",\"url\":\"https:\/\/www.charminly.com\/wp-content\/uploads\/2014\/10\/logo.png\",\"contentUrl\":\"https:\/\/www.charminly.com\/wp-content\/uploads\/2014\/10\/logo.png\",\"width\":264,\"height\":115,\"caption\":\"Charminly.com\"},\"image\":{\"@id\":\"https:\/\/www.charminly.com\/it\/#\/schema\/logo\/image\/\"},\"sameAs\":[\"https:\/\/www.facebook.com\/charminlyitalia\/\",\"https:\/\/x.com\/charminly_com\"]},{\"@type\":\"Person\",\"@id\":\"https:\/\/www.charminly.com\/it\/#\/schema\/person\/52806bb74f5c81bbf5f0989dd952c7ea\",\"name\":\"Ivan Lopez\",\"image\":{\"@type\":\"ImageObject\",\"inLanguage\":\"it-IT\",\"@id\":\"https:\/\/www.charminly.com\/it\/#\/schema\/person\/image\/\",\"url\":\"https:\/\/secure.gravatar.com\/avatar\/e8aef7257c7a278cfcb908e241d9761c?s=96&d=mm&r=g\",\"contentUrl\":\"https:\/\/secure.gravatar.com\/avatar\/e8aef7257c7a278cfcb908e241d9761c?s=96&d=mm&r=g\",\"caption\":\"Ivan Lopez\"},\"url\":\"https:\/\/www.charminly.com\/it\/author\/ivan\/\"}]}<\/script>\n<!-- \/ Yoast SEO plugin. -->","yoast_head_json":{"title":"Viaggio culinario alla scoperta dei sapori, e dei gusti, della regione del Veneto","description":"Visitando Padova, avrete la possibilit\u00e0 di fare un viaggio culinario alla scoperta dei sapori, e dei gusti, della regione del Veneto.","robots":{"index":"index","follow":"follow","max-snippet":"max-snippet:-1","max-image-preview":"max-image-preview:large","max-video-preview":"max-video-preview:-1"},"canonical":"https:\/\/www.charminly.com\/it\/viaggio-culinario-alla-scoperta-dei-sapori-e-dei-gusti-della-regione-del-veneto\/","og_locale":"it_IT","og_type":"article","og_title":"Viaggio culinario alla scoperta dei sapori, e dei gusti, della regione del Veneto","og_description":"Visitando Padova, avrete la possibilit\u00e0 di fare un viaggio culinario alla scoperta dei sapori, e dei gusti, della regione del Veneto.","og_url":"https:\/\/www.charminly.com\/it\/viaggio-culinario-alla-scoperta-dei-sapori-e-dei-gusti-della-regione-del-veneto\/","article_publisher":"https:\/\/www.facebook.com\/charminlyitalia\/","article_published_time":"2019-04-03T19:30:42+00:00","article_modified_time":"2020-01-16T12:29:34+00:00","og_image":[{"width":1024,"height":683,"url":"https:\/\/www.charminly.com\/wp-content\/uploads\/2019\/04\/Tagliatelle-con-i-bisi-ruslanfood2_opt.jpg","type":"image\/jpeg"}],"author":"Ivan Lopez","twitter_card":"summary_large_image","twitter_creator":"@charminly_com","twitter_site":"@charminly_com","twitter_misc":{"Scritto da":"Ivan Lopez","Tempo di lettura stimato":"2 minuti"},"schema":{"@context":"https:\/\/schema.org","@graph":[{"@type":"Article","@id":"https:\/\/www.charminly.com\/it\/viaggio-culinario-alla-scoperta-dei-sapori-e-dei-gusti-della-regione-del-veneto\/#article","isPartOf":{"@id":"https:\/\/www.charminly.com\/it\/viaggio-culinario-alla-scoperta-dei-sapori-e-dei-gusti-della-regione-del-veneto\/"},"author":{"name":"Ivan Lopez","@id":"https:\/\/www.charminly.com\/it\/#\/schema\/person\/52806bb74f5c81bbf5f0989dd952c7ea"},"headline":"Viaggio culinario alla scoperta dei sapori, e dei gusti, della regione del Veneto","datePublished":"2019-04-03T19:30:42+00:00","dateModified":"2020-01-16T12:29:34+00:00","mainEntityOfPage":{"@id":"https:\/\/www.charminly.com\/it\/viaggio-culinario-alla-scoperta-dei-sapori-e-dei-gusti-della-regione-del-veneto\/"},"wordCount":431,"publisher":{"@id":"https:\/\/www.charminly.com\/it\/#organization"},"image":{"@id":"https:\/\/www.charminly.com\/it\/viaggio-culinario-alla-scoperta-dei-sapori-e-dei-gusti-della-regione-del-veneto\/#primaryimage"},"thumbnailUrl":"https:\/\/www.charminly.com\/wp-content\/uploads\/2019\/04\/Tagliatelle-con-i-bisi-ruslanfood2_opt.jpg","keywords":["Cosa mangiare in Veneto","What to eat in Veneto"],"articleSection":["Sapori d'altri tempi"],"inLanguage":"it-IT"},{"@type":"WebPage","@id":"https:\/\/www.charminly.com\/it\/viaggio-culinario-alla-scoperta-dei-sapori-e-dei-gusti-della-regione-del-veneto\/","url":"https:\/\/www.charminly.com\/it\/viaggio-culinario-alla-scoperta-dei-sapori-e-dei-gusti-della-regione-del-veneto\/","name":"Viaggio culinario alla scoperta dei sapori, e dei gusti, della regione del Veneto","isPartOf":{"@id":"https:\/\/www.charminly.com\/it\/#website"},"primaryImageOfPage":{"@id":"https:\/\/www.charminly.com\/it\/viaggio-culinario-alla-scoperta-dei-sapori-e-dei-gusti-della-regione-del-veneto\/#primaryimage"},"image":{"@id":"https:\/\/www.charminly.com\/it\/viaggio-culinario-alla-scoperta-dei-sapori-e-dei-gusti-della-regione-del-veneto\/#primaryimage"},"thumbnailUrl":"https:\/\/www.charminly.com\/wp-content\/uploads\/2019\/04\/Tagliatelle-con-i-bisi-ruslanfood2_opt.jpg","datePublished":"2019-04-03T19:30:42+00:00","dateModified":"2020-01-16T12:29:34+00:00","description":"Visitando Padova, avrete la possibilit\u00e0 di fare un viaggio culinario alla scoperta dei sapori, e dei gusti, della regione del Veneto.","breadcrumb":{"@id":"https:\/\/www.charminly.com\/it\/viaggio-culinario-alla-scoperta-dei-sapori-e-dei-gusti-della-regione-del-veneto\/#breadcrumb"},"inLanguage":"it-IT","potentialAction":[{"@type":"ReadAction","target":["https:\/\/www.charminly.com\/it\/viaggio-culinario-alla-scoperta-dei-sapori-e-dei-gusti-della-regione-del-veneto\/"]}]},{"@type":"ImageObject","inLanguage":"it-IT","@id":"https:\/\/www.charminly.com\/it\/viaggio-culinario-alla-scoperta-dei-sapori-e-dei-gusti-della-regione-del-veneto\/#primaryimage","url":"https:\/\/www.charminly.com\/wp-content\/uploads\/2019\/04\/Tagliatelle-con-i-bisi-ruslanfood2_opt.jpg","contentUrl":"https:\/\/www.charminly.com\/wp-content\/uploads\/2019\/04\/Tagliatelle-con-i-bisi-ruslanfood2_opt.jpg","width":1024,"height":683},{"@type":"BreadcrumbList","@id":"https:\/\/www.charminly.com\/it\/viaggio-culinario-alla-scoperta-dei-sapori-e-dei-gusti-della-regione-del-veneto\/#breadcrumb","itemListElement":[{"@type":"ListItem","position":1,"name":"Home","item":"https:\/\/www.charminly.com\/it\/"},{"@type":"ListItem","position":2,"name":"Cosa mangiare in Veneto","item":"https:\/\/www.charminly.com\/it\/tag\/cosa-mangiare-in-veneto\/"},{"@type":"ListItem","position":3,"name":"Viaggio culinario alla scoperta dei sapori, e dei gusti, della regione del Veneto"}]},{"@type":"WebSite","@id":"https:\/\/www.charminly.com\/it\/#website","url":"https:\/\/www.charminly.com\/it\/","name":"","description":"","publisher":{"@id":"https:\/\/www.charminly.com\/it\/#organization"},"potentialAction":[{"@type":"SearchAction","target":{"@type":"EntryPoint","urlTemplate":"https:\/\/www.charminly.com\/it\/?s={search_term_string}"},"query-input":{"@type":"PropertyValueSpecification","valueRequired":true,"valueName":"search_term_string"}}],"inLanguage":"it-IT"},{"@type":"Organization","@id":"https:\/\/www.charminly.com\/it\/#organization","name":"Charminly.com","url":"https:\/\/www.charminly.com\/it\/","logo":{"@type":"ImageObject","inLanguage":"it-IT","@id":"https:\/\/www.charminly.com\/it\/#\/schema\/logo\/image\/","url":"https:\/\/www.charminly.com\/wp-content\/uploads\/2014\/10\/logo.png","contentUrl":"https:\/\/www.charminly.com\/wp-content\/uploads\/2014\/10\/logo.png","width":264,"height":115,"caption":"Charminly.com"},"image":{"@id":"https:\/\/www.charminly.com\/it\/#\/schema\/logo\/image\/"},"sameAs":["https:\/\/www.facebook.com\/charminlyitalia\/","https:\/\/x.com\/charminly_com"]},{"@type":"Person","@id":"https:\/\/www.charminly.com\/it\/#\/schema\/person\/52806bb74f5c81bbf5f0989dd952c7ea","name":"Ivan Lopez","image":{"@type":"ImageObject","inLanguage":"it-IT","@id":"https:\/\/www.charminly.com\/it\/#\/schema\/person\/image\/","url":"https:\/\/secure.gravatar.com\/avatar\/e8aef7257c7a278cfcb908e241d9761c?s=96&d=mm&r=g","contentUrl":"https:\/\/secure.gravatar.com\/avatar\/e8aef7257c7a278cfcb908e241d9761c?s=96&d=mm&r=g","caption":"Ivan Lopez"},"url":"https:\/\/www.charminly.com\/it\/author\/ivan\/"}]}},"_links":{"self":[{"href":"https:\/\/www.charminly.com\/it\/wp-json\/wp\/v2\/posts\/57032","targetHints":{"allow":["GET"]}}],"collection":[{"href":"https:\/\/www.charminly.com\/it\/wp-json\/wp\/v2\/posts"}],"about":[{"href":"https:\/\/www.charminly.com\/it\/wp-json\/wp\/v2\/types\/post"}],"author":[{"embeddable":true,"href":"https:\/\/www.charminly.com\/it\/wp-json\/wp\/v2\/users\/6"}],"replies":[{"embeddable":true,"href":"https:\/\/www.charminly.com\/it\/wp-json\/wp\/v2\/comments?post=57032"}],"version-history":[{"count":0,"href":"https:\/\/www.charminly.com\/it\/wp-json\/wp\/v2\/posts\/57032\/revisions"}],"wp:featuredmedia":[{"embeddable":true,"href":"https:\/\/www.charminly.com\/it\/wp-json\/wp\/v2\/media\/57040"}],"wp:attachment":[{"href":"https:\/\/www.charminly.com\/it\/wp-json\/wp\/v2\/media?parent=57032"}],"wp:term":[{"taxonomy":"category","embeddable":true,"href":"https:\/\/www.charminly.com\/it\/wp-json\/wp\/v2\/categories?post=57032"},{"taxonomy":"post_tag","embeddable":true,"href":"https:\/\/www.charminly.com\/it\/wp-json\/wp\/v2\/tags?post=57032"}],"curies":[{"name":"wp","href":"https:\/\/api.w.org\/{rel}","templated":true}]}}