{"id":56802,"date":"2019-03-30T19:40:28","date_gmt":"2019-03-30T18:40:28","guid":{"rendered":"https:\/\/www.charminly.com\/?p=56802"},"modified":"2020-01-16T12:32:08","modified_gmt":"2020-01-16T11:32:08","slug":"un-viaggio-tra-arte-e-cultura-tra-le-bellezze-dellemilia-romagna","status":"publish","type":"post","link":"https:\/\/www.charminly.com\/it\/un-viaggio-tra-arte-e-cultura-tra-le-bellezze-dellemilia-romagna\/","title":{"rendered":"Un viaggio tra arte e cultura tra le bellezze dell\u2019Emilia-Romagna"},"content":{"rendered":"<p>Soggiornando presso <a href=\"https:\/\/www.charminly.com\/it\/properties\/corte-san-ruffillo-it\/\"><strong>Corte San Ruffillo<\/strong><\/a> a <a href=\"https:\/\/www.charminly.com\/it\/area\/dovadola-it\/\"><strong>Davadola<\/strong><\/a>, immerso nel verde delle colline dell\u2019Appennino tosco-romagnolo, potrete intraprendere un viaggio tra arte e cultura tra le bellezze dell\u2019Emilia-Romagna.<\/p>\n<h3><strong>Rocca di Castrocaro Terme <\/strong><\/h3>\n<p><strong>Castrocaro Terme<\/strong> \u00e8 molto famoso per il Castello il quale \u00e8 protetto da una fortezza, ovvero la Fortezza di Castrocaro. Essa \u00e8 costituita da tre opere architettoniche, tra cui la <strong>Rocca di Castrocaro Terme<\/strong>: quest\u2019ultima comprende le porte d\u2019ingresso con ponte levatoio, il Corpo di Guardia, la Piccola e Grande Corte, il Palazzo del Castellano e la Torre della Sentinella.<\/p>\n<div id=\"attachment_56803\" style=\"width: 1034px\" class=\"wp-caption alignnone\"><img loading=\"lazy\" decoding=\"async\" aria-describedby=\"caption-attachment-56803\" class=\"wp-image-56803 size-large\" src=\"https:\/\/www.charminly.com\/wp-content\/uploads\/2019\/03\/Rocca_di_Castrocaro_Terme_opt-1024x768.jpg\" alt=\"\" width=\"1024\" height=\"768\" srcset=\"https:\/\/www.charminly.com\/wp-content\/uploads\/2019\/03\/Rocca_di_Castrocaro_Terme_opt.jpg 1024w, https:\/\/www.charminly.com\/wp-content\/uploads\/2019\/03\/Rocca_di_Castrocaro_Terme_opt-300x225.jpg 300w, https:\/\/www.charminly.com\/wp-content\/uploads\/2019\/03\/Rocca_di_Castrocaro_Terme_opt-768x576.jpg 768w\" sizes=\"auto, (max-width: 1024px) 100vw, 1024px\" \/><p id=\"caption-attachment-56803\" class=\"wp-caption-text\">Rocca di Castrocaro Terme<\/p><\/div>\n<h3><strong>Centro Termale Castrocaro Terme<\/strong><\/h3>\n<p>Se siete in zona una visita al <strong>centro termale <\/strong>di<strong> Castrocaro Terme<\/strong>, attivo dal 1850, \u00e8 un obbligo. Qui \u00e8 possibile godere dei benefici delle acque termali, dei fanghi a maturazione naturale di nove mesi. Essi sono utilizzati da sempre a scopo curativo: a trarne beneficio \u00e8 l\u2019apparato vascolare, ginecologico e respiratorio. Le acque termali ed i fanghi apportano benefici a chi soffre di malattie reumatiche e respiratorie, in maniera eguale sia sui bambini che sugli adulti. Sono presenti piscine con vasche idromassaggio, nonch\u00e9 spazi adibiti al divertimento dei bambini.<\/p>\n<h3><strong>Palazzo di Beatrice, Portico di Romagna<\/strong><\/h3>\n<p>Il <strong>Palazzo di Beatrice<\/strong> a <strong>Portico di Romagna <\/strong>\u00e8 una delle attrazioni pi\u00f9 interessante del comune: la leggenda vuole che fu proprio qui che il sommo poeta Dante conobbe la musa ispiratrice ovvero Beatrice.<\/p>\n<p>Pare che la fanciulla soggiornasse proprio in questo palazzo, dalla quale quest\u2019ultimo prende il nome.<\/p>\n<h3><strong>Artigiani ceramisti di Portico di Romagna<\/strong><\/h3>\n<p>Se vi trovate a <strong>Portico di Romagna<\/strong> immancabili sono le visite a botteghe e laboratori di ceramica degli <strong>artigiani ceramisti<\/strong>, fedeli alla tradizione artigiana che la contraddistingue da sempre. Piatti, teglie, vassoi e brocche con storie mitologiche, foglie, animali, palme e trofei.<\/p>\n<h3><strong>Abbazia di San Benedetto in Alpe<\/strong><\/h3>\n<p>L\u2019<strong>abbazia benedettina di San Benedetto in Alpe <\/strong>\u00e8 una delle pi\u00f9 antiche nell\u2019ambito dell\u2019appennino tosco-romagnolo, ed \u00e8 situato all\u2019interno del Parco Nazionale Foreste Cosentinesi. Solo recentemente \u00e8 entrato a far parte dei siti patrimonio dell\u2019UNESCO. Il primo nucleo di strutture sorte attorno al complesso dell\u2019abbazia prende il nome di \u201cBiforco\u201d, poich\u00e9 situate in prossimit\u00e0 dell\u2019incrocio tra tre fiumi tra cui l\u2019Acquacheta da cui Dante prese ispirazione.<\/p>\n<div id=\"attachment_56807\" style=\"width: 1034px\" class=\"wp-caption alignnone\"><img loading=\"lazy\" decoding=\"async\" aria-describedby=\"caption-attachment-56807\" class=\"wp-image-56807 size-large\" src=\"https:\/\/www.charminly.com\/wp-content\/uploads\/2019\/03\/1200px-Forl\u00ec_duomo_esterno_01_opt-1024x734.jpg\" alt=\"\" width=\"1024\" height=\"734\" srcset=\"https:\/\/www.charminly.com\/wp-content\/uploads\/2019\/03\/1200px-Forl\u00ec_duomo_esterno_01_opt.jpg 1024w, https:\/\/www.charminly.com\/wp-content\/uploads\/2019\/03\/1200px-Forl\u00ec_duomo_esterno_01_opt-300x215.jpg 300w, https:\/\/www.charminly.com\/wp-content\/uploads\/2019\/03\/1200px-Forl\u00ec_duomo_esterno_01_opt-768x551.jpg 768w\" sizes=\"auto, (max-width: 1024px) 100vw, 1024px\" \/><p id=\"caption-attachment-56807\" class=\"wp-caption-text\">Cattedrale di Forl\u00ec<\/p><\/div>\n<h3><strong>Cattedrale di Forl\u00ec<\/strong><\/h3>\n<p>A <strong>Forl\u00ec<\/strong> merita una visita l\u2019imponente <strong>Cattedrale<\/strong> la quale presenta una facciata in laterizio in stile neoclassico, un timpano monumentale sostenuto da sei colonne di laterizi. Al suo interno si pu\u00f2 ammirare la Cappella della Madonna del Fuoco, con l\u2019affresco della Madonna col Bambino. Internamente la Cattedrale \u00e9 rivestita di marmi ed affreschi, che la rendono suggestiva agli occhi dei visitatori.<\/p>\n<hr \/>\n<div class=\"article_container\"><h2 class=\"shortcode_title\">Charming home nelle vicinanze<\/h2><div class=\"listinglink-wrapper\">\n                           <a href=\"https:\/\/www.charminly.com\/listings\/relais-country-houses-en\/\"> <span class=\"wpresidence_button\"> more listings <\/span><\/a>\n                       <\/div><\/div>\n","protected":false},"excerpt":{"rendered":"<p>Soggiornando presso Corte San Ruffillo a Davadola, immerso nel verde delle colline dell\u2019Appennino tosco-romagnolo, potrete intraprendere un viaggio tra arte e cultura tra le bellezze dell\u2019Emilia-Romagna. Rocca di Castrocaro Terme Castrocaro Terme \u00e8 molto famoso per il Castello il quale \u00e8 protetto da una fortezza, ovvero la Fortezza di Castrocaro. Essa \u00e8 costituita da tre opere architettoniche, tra cui la Rocca di Castrocaro Terme: &#8230;<\/p>\n","protected":false},"author":6,"featured_media":56806,"comment_status":"closed","ping_status":"closed","sticky":false,"template":"","format":"standard","meta":{"_acf_changed":false,"footnotes":""},"categories":[142],"tags":[631],"class_list":["post-56802","post","type-post","status-publish","format-standard","has-post-thumbnail","hentry","category-arte-e-cultura","tag-cosa-vedere-in-emilia-romagna"],"acf":[],"yoast_head":"<!-- This site is optimized with the Yoast SEO plugin v23.9 - https:\/\/yoast.com\/wordpress\/plugins\/seo\/ -->\n<title>Un viaggio tra arte e cultura tra le bellezze dell\u2019Emilia-Romagna<\/title>\n<meta name=\"description\" content=\"Soggiornando presso Corte San Ruffillo a Davadola, immerso nel verde delle colline dell\u2019Appennino tosco-romagnolo, potrete intraprendere un viaggio tra arte e cultura tra le bellezze dell\u2019Emilia-Romagna\" \/>\n<meta name=\"robots\" content=\"index, follow, max-snippet:-1, max-image-preview:large, max-video-preview:-1\" \/>\n<link rel=\"canonical\" href=\"https:\/\/www.charminly.com\/it\/un-viaggio-tra-arte-e-cultura-tra-le-bellezze-dellemilia-romagna\/\" \/>\n<meta property=\"og:locale\" content=\"it_IT\" \/>\n<meta property=\"og:type\" content=\"article\" \/>\n<meta property=\"og:title\" content=\"Un viaggio tra arte e cultura tra le bellezze dell\u2019Emilia-Romagna\" \/>\n<meta property=\"og:description\" content=\"Soggiornando presso Corte San Ruffillo a Davadola, immerso nel verde delle colline dell\u2019Appennino tosco-romagnolo, potrete intraprendere un viaggio tra arte e cultura tra le bellezze dell\u2019Emilia-Romagna\" \/>\n<meta property=\"og:url\" content=\"https:\/\/www.charminly.com\/it\/un-viaggio-tra-arte-e-cultura-tra-le-bellezze-dellemilia-romagna\/\" \/>\n<meta property=\"article:publisher\" content=\"https:\/\/www.facebook.com\/charminlyitalia\/\" \/>\n<meta property=\"article:published_time\" content=\"2019-03-30T18:40:28+00:00\" \/>\n<meta property=\"article:modified_time\" content=\"2020-01-16T11:32:08+00:00\" \/>\n<meta property=\"og:image\" content=\"https:\/\/www.charminly.com\/wp-content\/uploads\/2019\/03\/Rocca_di_Castrocaro_Terme_opt.jpg\" \/>\n\t<meta property=\"og:image:width\" content=\"1024\" \/>\n\t<meta property=\"og:image:height\" content=\"768\" \/>\n\t<meta property=\"og:image:type\" content=\"image\/jpeg\" \/>\n<meta name=\"author\" content=\"Ivan Lopez\" \/>\n<meta name=\"twitter:card\" content=\"summary_large_image\" \/>\n<meta name=\"twitter:creator\" content=\"@charminly_com\" \/>\n<meta name=\"twitter:site\" content=\"@charminly_com\" \/>\n<meta name=\"twitter:label1\" content=\"Scritto da\" \/>\n\t<meta name=\"twitter:data1\" content=\"Ivan Lopez\" \/>\n\t<meta name=\"twitter:label2\" content=\"Tempo di lettura stimato\" \/>\n\t<meta name=\"twitter:data2\" content=\"2 minuti\" \/>\n<script type=\"application\/ld+json\" class=\"yoast-schema-graph\">{\"@context\":\"https:\/\/schema.org\",\"@graph\":[{\"@type\":\"Article\",\"@id\":\"https:\/\/www.charminly.com\/it\/un-viaggio-tra-arte-e-cultura-tra-le-bellezze-dellemilia-romagna\/#article\",\"isPartOf\":{\"@id\":\"https:\/\/www.charminly.com\/it\/un-viaggio-tra-arte-e-cultura-tra-le-bellezze-dellemilia-romagna\/\"},\"author\":{\"name\":\"Ivan Lopez\",\"@id\":\"https:\/\/www.charminly.com\/it\/#\/schema\/person\/52806bb74f5c81bbf5f0989dd952c7ea\"},\"headline\":\"Un viaggio tra arte e cultura tra le bellezze dell\u2019Emilia-Romagna\",\"datePublished\":\"2019-03-30T18:40:28+00:00\",\"dateModified\":\"2020-01-16T11:32:08+00:00\",\"mainEntityOfPage\":{\"@id\":\"https:\/\/www.charminly.com\/it\/un-viaggio-tra-arte-e-cultura-tra-le-bellezze-dellemilia-romagna\/\"},\"wordCount\":485,\"publisher\":{\"@id\":\"https:\/\/www.charminly.com\/it\/#organization\"},\"image\":{\"@id\":\"https:\/\/www.charminly.com\/it\/un-viaggio-tra-arte-e-cultura-tra-le-bellezze-dellemilia-romagna\/#primaryimage\"},\"thumbnailUrl\":\"https:\/\/www.charminly.com\/wp-content\/uploads\/2019\/03\/Rocca_di_Castrocaro_Terme_opt.jpg\",\"keywords\":[\"Cosa vedere in Emilia Romagna\"],\"articleSection\":[\"Arte e cultura\"],\"inLanguage\":\"it-IT\"},{\"@type\":\"WebPage\",\"@id\":\"https:\/\/www.charminly.com\/it\/un-viaggio-tra-arte-e-cultura-tra-le-bellezze-dellemilia-romagna\/\",\"url\":\"https:\/\/www.charminly.com\/it\/un-viaggio-tra-arte-e-cultura-tra-le-bellezze-dellemilia-romagna\/\",\"name\":\"Un viaggio tra arte e cultura tra le bellezze dell\u2019Emilia-Romagna\",\"isPartOf\":{\"@id\":\"https:\/\/www.charminly.com\/it\/#website\"},\"primaryImageOfPage\":{\"@id\":\"https:\/\/www.charminly.com\/it\/un-viaggio-tra-arte-e-cultura-tra-le-bellezze-dellemilia-romagna\/#primaryimage\"},\"image\":{\"@id\":\"https:\/\/www.charminly.com\/it\/un-viaggio-tra-arte-e-cultura-tra-le-bellezze-dellemilia-romagna\/#primaryimage\"},\"thumbnailUrl\":\"https:\/\/www.charminly.com\/wp-content\/uploads\/2019\/03\/Rocca_di_Castrocaro_Terme_opt.jpg\",\"datePublished\":\"2019-03-30T18:40:28+00:00\",\"dateModified\":\"2020-01-16T11:32:08+00:00\",\"description\":\"Soggiornando presso Corte San Ruffillo a Davadola, immerso nel verde delle colline dell\u2019Appennino tosco-romagnolo, potrete intraprendere un viaggio tra arte e cultura tra le bellezze dell\u2019Emilia-Romagna\",\"breadcrumb\":{\"@id\":\"https:\/\/www.charminly.com\/it\/un-viaggio-tra-arte-e-cultura-tra-le-bellezze-dellemilia-romagna\/#breadcrumb\"},\"inLanguage\":\"it-IT\",\"potentialAction\":[{\"@type\":\"ReadAction\",\"target\":[\"https:\/\/www.charminly.com\/it\/un-viaggio-tra-arte-e-cultura-tra-le-bellezze-dellemilia-romagna\/\"]}]},{\"@type\":\"ImageObject\",\"inLanguage\":\"it-IT\",\"@id\":\"https:\/\/www.charminly.com\/it\/un-viaggio-tra-arte-e-cultura-tra-le-bellezze-dellemilia-romagna\/#primaryimage\",\"url\":\"https:\/\/www.charminly.com\/wp-content\/uploads\/2019\/03\/Rocca_di_Castrocaro_Terme_opt.jpg\",\"contentUrl\":\"https:\/\/www.charminly.com\/wp-content\/uploads\/2019\/03\/Rocca_di_Castrocaro_Terme_opt.jpg\",\"width\":1024,\"height\":768},{\"@type\":\"BreadcrumbList\",\"@id\":\"https:\/\/www.charminly.com\/it\/un-viaggio-tra-arte-e-cultura-tra-le-bellezze-dellemilia-romagna\/#breadcrumb\",\"itemListElement\":[{\"@type\":\"ListItem\",\"position\":1,\"name\":\"Home\",\"item\":\"https:\/\/www.charminly.com\/it\/\"},{\"@type\":\"ListItem\",\"position\":2,\"name\":\"Cosa vedere in Emilia Romagna\",\"item\":\"https:\/\/www.charminly.com\/it\/tag\/cosa-vedere-in-emilia-romagna\/\"},{\"@type\":\"ListItem\",\"position\":3,\"name\":\"Un viaggio tra arte e cultura tra le bellezze dell\u2019Emilia-Romagna\"}]},{\"@type\":\"WebSite\",\"@id\":\"https:\/\/www.charminly.com\/it\/#website\",\"url\":\"https:\/\/www.charminly.com\/it\/\",\"name\":\"\",\"description\":\"\",\"publisher\":{\"@id\":\"https:\/\/www.charminly.com\/it\/#organization\"},\"potentialAction\":[{\"@type\":\"SearchAction\",\"target\":{\"@type\":\"EntryPoint\",\"urlTemplate\":\"https:\/\/www.charminly.com\/it\/?s={search_term_string}\"},\"query-input\":{\"@type\":\"PropertyValueSpecification\",\"valueRequired\":true,\"valueName\":\"search_term_string\"}}],\"inLanguage\":\"it-IT\"},{\"@type\":\"Organization\",\"@id\":\"https:\/\/www.charminly.com\/it\/#organization\",\"name\":\"Charminly.com\",\"url\":\"https:\/\/www.charminly.com\/it\/\",\"logo\":{\"@type\":\"ImageObject\",\"inLanguage\":\"it-IT\",\"@id\":\"https:\/\/www.charminly.com\/it\/#\/schema\/logo\/image\/\",\"url\":\"https:\/\/www.charminly.com\/wp-content\/uploads\/2014\/10\/logo.png\",\"contentUrl\":\"https:\/\/www.charminly.com\/wp-content\/uploads\/2014\/10\/logo.png\",\"width\":264,\"height\":115,\"caption\":\"Charminly.com\"},\"image\":{\"@id\":\"https:\/\/www.charminly.com\/it\/#\/schema\/logo\/image\/\"},\"sameAs\":[\"https:\/\/www.facebook.com\/charminlyitalia\/\",\"https:\/\/x.com\/charminly_com\"]},{\"@type\":\"Person\",\"@id\":\"https:\/\/www.charminly.com\/it\/#\/schema\/person\/52806bb74f5c81bbf5f0989dd952c7ea\",\"name\":\"Ivan Lopez\",\"image\":{\"@type\":\"ImageObject\",\"inLanguage\":\"it-IT\",\"@id\":\"https:\/\/www.charminly.com\/it\/#\/schema\/person\/image\/\",\"url\":\"https:\/\/secure.gravatar.com\/avatar\/e8aef7257c7a278cfcb908e241d9761c?s=96&d=mm&r=g\",\"contentUrl\":\"https:\/\/secure.gravatar.com\/avatar\/e8aef7257c7a278cfcb908e241d9761c?s=96&d=mm&r=g\",\"caption\":\"Ivan Lopez\"},\"url\":\"https:\/\/www.charminly.com\/it\/author\/ivan\/\"}]}<\/script>\n<!-- \/ Yoast SEO plugin. -->","yoast_head_json":{"title":"Un viaggio tra arte e cultura tra le bellezze dell\u2019Emilia-Romagna","description":"Soggiornando presso Corte San Ruffillo a Davadola, immerso nel verde delle colline dell\u2019Appennino tosco-romagnolo, potrete intraprendere un viaggio tra arte e cultura tra le bellezze dell\u2019Emilia-Romagna","robots":{"index":"index","follow":"follow","max-snippet":"max-snippet:-1","max-image-preview":"max-image-preview:large","max-video-preview":"max-video-preview:-1"},"canonical":"https:\/\/www.charminly.com\/it\/un-viaggio-tra-arte-e-cultura-tra-le-bellezze-dellemilia-romagna\/","og_locale":"it_IT","og_type":"article","og_title":"Un viaggio tra arte e cultura tra le bellezze dell\u2019Emilia-Romagna","og_description":"Soggiornando presso Corte San Ruffillo a Davadola, immerso nel verde delle colline dell\u2019Appennino tosco-romagnolo, potrete intraprendere un viaggio tra arte e cultura tra le bellezze dell\u2019Emilia-Romagna","og_url":"https:\/\/www.charminly.com\/it\/un-viaggio-tra-arte-e-cultura-tra-le-bellezze-dellemilia-romagna\/","article_publisher":"https:\/\/www.facebook.com\/charminlyitalia\/","article_published_time":"2019-03-30T18:40:28+00:00","article_modified_time":"2020-01-16T11:32:08+00:00","og_image":[{"width":1024,"height":768,"url":"https:\/\/www.charminly.com\/wp-content\/uploads\/2019\/03\/Rocca_di_Castrocaro_Terme_opt.jpg","type":"image\/jpeg"}],"author":"Ivan Lopez","twitter_card":"summary_large_image","twitter_creator":"@charminly_com","twitter_site":"@charminly_com","twitter_misc":{"Scritto da":"Ivan Lopez","Tempo di lettura stimato":"2 minuti"},"schema":{"@context":"https:\/\/schema.org","@graph":[{"@type":"Article","@id":"https:\/\/www.charminly.com\/it\/un-viaggio-tra-arte-e-cultura-tra-le-bellezze-dellemilia-romagna\/#article","isPartOf":{"@id":"https:\/\/www.charminly.com\/it\/un-viaggio-tra-arte-e-cultura-tra-le-bellezze-dellemilia-romagna\/"},"author":{"name":"Ivan Lopez","@id":"https:\/\/www.charminly.com\/it\/#\/schema\/person\/52806bb74f5c81bbf5f0989dd952c7ea"},"headline":"Un viaggio tra arte e cultura tra le bellezze dell\u2019Emilia-Romagna","datePublished":"2019-03-30T18:40:28+00:00","dateModified":"2020-01-16T11:32:08+00:00","mainEntityOfPage":{"@id":"https:\/\/www.charminly.com\/it\/un-viaggio-tra-arte-e-cultura-tra-le-bellezze-dellemilia-romagna\/"},"wordCount":485,"publisher":{"@id":"https:\/\/www.charminly.com\/it\/#organization"},"image":{"@id":"https:\/\/www.charminly.com\/it\/un-viaggio-tra-arte-e-cultura-tra-le-bellezze-dellemilia-romagna\/#primaryimage"},"thumbnailUrl":"https:\/\/www.charminly.com\/wp-content\/uploads\/2019\/03\/Rocca_di_Castrocaro_Terme_opt.jpg","keywords":["Cosa vedere in Emilia Romagna"],"articleSection":["Arte e cultura"],"inLanguage":"it-IT"},{"@type":"WebPage","@id":"https:\/\/www.charminly.com\/it\/un-viaggio-tra-arte-e-cultura-tra-le-bellezze-dellemilia-romagna\/","url":"https:\/\/www.charminly.com\/it\/un-viaggio-tra-arte-e-cultura-tra-le-bellezze-dellemilia-romagna\/","name":"Un viaggio tra arte e cultura tra le bellezze dell\u2019Emilia-Romagna","isPartOf":{"@id":"https:\/\/www.charminly.com\/it\/#website"},"primaryImageOfPage":{"@id":"https:\/\/www.charminly.com\/it\/un-viaggio-tra-arte-e-cultura-tra-le-bellezze-dellemilia-romagna\/#primaryimage"},"image":{"@id":"https:\/\/www.charminly.com\/it\/un-viaggio-tra-arte-e-cultura-tra-le-bellezze-dellemilia-romagna\/#primaryimage"},"thumbnailUrl":"https:\/\/www.charminly.com\/wp-content\/uploads\/2019\/03\/Rocca_di_Castrocaro_Terme_opt.jpg","datePublished":"2019-03-30T18:40:28+00:00","dateModified":"2020-01-16T11:32:08+00:00","description":"Soggiornando presso Corte San Ruffillo a Davadola, immerso nel verde delle colline dell\u2019Appennino tosco-romagnolo, potrete intraprendere un viaggio tra arte e cultura tra le bellezze dell\u2019Emilia-Romagna","breadcrumb":{"@id":"https:\/\/www.charminly.com\/it\/un-viaggio-tra-arte-e-cultura-tra-le-bellezze-dellemilia-romagna\/#breadcrumb"},"inLanguage":"it-IT","potentialAction":[{"@type":"ReadAction","target":["https:\/\/www.charminly.com\/it\/un-viaggio-tra-arte-e-cultura-tra-le-bellezze-dellemilia-romagna\/"]}]},{"@type":"ImageObject","inLanguage":"it-IT","@id":"https:\/\/www.charminly.com\/it\/un-viaggio-tra-arte-e-cultura-tra-le-bellezze-dellemilia-romagna\/#primaryimage","url":"https:\/\/www.charminly.com\/wp-content\/uploads\/2019\/03\/Rocca_di_Castrocaro_Terme_opt.jpg","contentUrl":"https:\/\/www.charminly.com\/wp-content\/uploads\/2019\/03\/Rocca_di_Castrocaro_Terme_opt.jpg","width":1024,"height":768},{"@type":"BreadcrumbList","@id":"https:\/\/www.charminly.com\/it\/un-viaggio-tra-arte-e-cultura-tra-le-bellezze-dellemilia-romagna\/#breadcrumb","itemListElement":[{"@type":"ListItem","position":1,"name":"Home","item":"https:\/\/www.charminly.com\/it\/"},{"@type":"ListItem","position":2,"name":"Cosa vedere in Emilia Romagna","item":"https:\/\/www.charminly.com\/it\/tag\/cosa-vedere-in-emilia-romagna\/"},{"@type":"ListItem","position":3,"name":"Un viaggio tra arte e cultura tra le bellezze dell\u2019Emilia-Romagna"}]},{"@type":"WebSite","@id":"https:\/\/www.charminly.com\/it\/#website","url":"https:\/\/www.charminly.com\/it\/","name":"","description":"","publisher":{"@id":"https:\/\/www.charminly.com\/it\/#organization"},"potentialAction":[{"@type":"SearchAction","target":{"@type":"EntryPoint","urlTemplate":"https:\/\/www.charminly.com\/it\/?s={search_term_string}"},"query-input":{"@type":"PropertyValueSpecification","valueRequired":true,"valueName":"search_term_string"}}],"inLanguage":"it-IT"},{"@type":"Organization","@id":"https:\/\/www.charminly.com\/it\/#organization","name":"Charminly.com","url":"https:\/\/www.charminly.com\/it\/","logo":{"@type":"ImageObject","inLanguage":"it-IT","@id":"https:\/\/www.charminly.com\/it\/#\/schema\/logo\/image\/","url":"https:\/\/www.charminly.com\/wp-content\/uploads\/2014\/10\/logo.png","contentUrl":"https:\/\/www.charminly.com\/wp-content\/uploads\/2014\/10\/logo.png","width":264,"height":115,"caption":"Charminly.com"},"image":{"@id":"https:\/\/www.charminly.com\/it\/#\/schema\/logo\/image\/"},"sameAs":["https:\/\/www.facebook.com\/charminlyitalia\/","https:\/\/x.com\/charminly_com"]},{"@type":"Person","@id":"https:\/\/www.charminly.com\/it\/#\/schema\/person\/52806bb74f5c81bbf5f0989dd952c7ea","name":"Ivan Lopez","image":{"@type":"ImageObject","inLanguage":"it-IT","@id":"https:\/\/www.charminly.com\/it\/#\/schema\/person\/image\/","url":"https:\/\/secure.gravatar.com\/avatar\/e8aef7257c7a278cfcb908e241d9761c?s=96&d=mm&r=g","contentUrl":"https:\/\/secure.gravatar.com\/avatar\/e8aef7257c7a278cfcb908e241d9761c?s=96&d=mm&r=g","caption":"Ivan Lopez"},"url":"https:\/\/www.charminly.com\/it\/author\/ivan\/"}]}},"_links":{"self":[{"href":"https:\/\/www.charminly.com\/it\/wp-json\/wp\/v2\/posts\/56802","targetHints":{"allow":["GET"]}}],"collection":[{"href":"https:\/\/www.charminly.com\/it\/wp-json\/wp\/v2\/posts"}],"about":[{"href":"https:\/\/www.charminly.com\/it\/wp-json\/wp\/v2\/types\/post"}],"author":[{"embeddable":true,"href":"https:\/\/www.charminly.com\/it\/wp-json\/wp\/v2\/users\/6"}],"replies":[{"embeddable":true,"href":"https:\/\/www.charminly.com\/it\/wp-json\/wp\/v2\/comments?post=56802"}],"version-history":[{"count":0,"href":"https:\/\/www.charminly.com\/it\/wp-json\/wp\/v2\/posts\/56802\/revisions"}],"wp:featuredmedia":[{"embeddable":true,"href":"https:\/\/www.charminly.com\/it\/wp-json\/wp\/v2\/media\/56806"}],"wp:attachment":[{"href":"https:\/\/www.charminly.com\/it\/wp-json\/wp\/v2\/media?parent=56802"}],"wp:term":[{"taxonomy":"category","embeddable":true,"href":"https:\/\/www.charminly.com\/it\/wp-json\/wp\/v2\/categories?post=56802"},{"taxonomy":"post_tag","embeddable":true,"href":"https:\/\/www.charminly.com\/it\/wp-json\/wp\/v2\/tags?post=56802"}],"curies":[{"name":"wp","href":"https:\/\/api.w.org\/{rel}","templated":true}]}}