{"id":55398,"date":"2019-01-12T20:22:42","date_gmt":"2019-01-12T19:22:42","guid":{"rendered":"https:\/\/www.charminly.com\/?p=55398"},"modified":"2020-01-16T12:18:47","modified_gmt":"2020-01-16T11:18:47","slug":"fuochi-dartificio-sagre-e-tradizioni-contadine-tra-le-feste-tipiche-di-faenza","status":"publish","type":"post","link":"https:\/\/www.charminly.com\/it\/fuochi-dartificio-sagre-e-tradizioni-contadine-tra-le-feste-tipiche-di-faenza\/","title":{"rendered":"Fuochi d\u2019artificio, sagre e tradizioni contadine tra le feste tipiche di Faenza"},"content":{"rendered":"<p>Soggiornando presso l\u2019incantevole agriturismo di design <a href=\"https:\/\/www.charminly.com\/it\/properties\/sacramora-12-it\/\"><strong>Sacramora 12<\/strong><\/a> a <a href=\"https:\/\/www.charminly.com\/it\/area\/faenza-it\/\"><strong>Faenza<\/strong><\/a>, in provincia di Ravenna, oltre a visitare la citt\u00e0, si potr\u00e0 anche prendere parte\u00a0a fuochi d\u2019artificio, sagre e tradizioni contadine tra le feste tipiche di Faenza.<\/p>\n<h3><strong>L\u00f2m a M\u00earz <\/strong><\/h3>\n<p>La Romagna \u00e8 una terra dalla lunga tradizione agricola. In passato i contadini per scongiurare la malasorte sui campi, organizzavano riti propiziatori, soprattutto fuochi magici chiamati <strong>L\u00f2m a M\u00earz<\/strong> (i lumi di marzo).<\/p>\n<p>In pratica, con l\u2019avvento della primavera, veniva accesi <strong>grandi fal\u00f2<\/strong>, invocando una buona annata per il raccolto sui campi, scacciando cos\u00ec l\u2019inverno.<\/p>\n<p>Si voleva cio\u00e8 salutare l\u2019arrivo della bella stagione bruciando le potature e i rami secchi.<\/p>\n<p>In occasione di questi fal\u00f2 ci si radunava, tra la fine di febbraio e gli inizi di marzo all\u2019interno delle varie <strong>aie<\/strong> dove di faceva festa ballando attorno al fuoco.<\/p>\n<p>Ancora oggi questa tradizione rimane intatta: nelle varie aie in campagna ci si riunisce attorno al fuoco, danzando e assaporando i prodotti della terra, con numerose iniziative atte a far conoscere la terra, gli animali, gli orti che popolano la regione.<\/p>\n<div id=\"attachment_55399\" style=\"width: 1034px\" class=\"wp-caption alignnone\"><img loading=\"lazy\" decoding=\"async\" aria-describedby=\"caption-attachment-55399\" class=\"wp-image-55399 size-large\" src=\"https:\/\/www.charminly.com\/wp-content\/uploads\/2019\/01\/LumiDiMarzo-illavorodeicontadini_opt-1024x680.jpg\" alt=\"\" width=\"1024\" height=\"680\" srcset=\"https:\/\/www.charminly.com\/wp-content\/uploads\/2019\/01\/LumiDiMarzo-illavorodeicontadini_opt.jpg 1024w, https:\/\/www.charminly.com\/wp-content\/uploads\/2019\/01\/LumiDiMarzo-illavorodeicontadini_opt-300x199.jpg 300w, https:\/\/www.charminly.com\/wp-content\/uploads\/2019\/01\/LumiDiMarzo-illavorodeicontadini_opt-768x510.jpg 768w, https:\/\/www.charminly.com\/wp-content\/uploads\/2019\/01\/LumiDiMarzo-illavorodeicontadini_opt-105x70.jpg 105w\" sizes=\"auto, (max-width: 1024px) 100vw, 1024px\" \/><p id=\"caption-attachment-55399\" class=\"wp-caption-text\">L\u00f2m a M\u00earz, foto by illavorodeicontadini<\/p><\/div>\n<h3><strong>Cena Itinerante<\/strong><\/h3>\n<p>Visitando Faenza a maggio potrete prendere parte alla <strong>cena itinerante<\/strong>: lungo tutto il centro cittadino ristoranti, osterie, cantine e birrifici vi delizieranno con le loro prelibatezze, con la possibilit\u00e0 di poter non solo assaggiare tutti i prodotti tipici della regione, ma di poter costruire il concetto di cena che pi\u00f9 vi aggrada. Il tutto verr\u00e0 accompagnato da manifestazioni artistiche e musica di dj famosi.<\/p>\n<h3><strong>Palio del Niballo<\/strong><\/h3>\n<p>Un momento tanto atteso da tutti i faentini \u00e8 senza dubbio il <strong>Palio del Niballo<\/strong>. Si tratta di una rievocazione storia di una giostra che viene contesa fra i <strong>5 rioni della citt\u00e0<\/strong> che si tiene la quarta domenica di giugno.<\/p>\n<p>Il Palio di Niballo \u00e8 molto pi\u00f9 di una semplice gara, ma si vogliono sottolineare le radici medievali e rinascimentali di Faenza che ancora oggi incanta i visitatori.<\/p>\n<div id=\"attachment_55403\" style=\"width: 1034px\" class=\"wp-caption alignnone\"><img loading=\"lazy\" decoding=\"async\" aria-describedby=\"caption-attachment-55403\" class=\"wp-image-55403 size-large\" src=\"https:\/\/www.charminly.com\/wp-content\/uploads\/2019\/01\/Niballo_Palio_di_Faenza_-cittadarte-p-emilia-romagna_opt-1024x681.jpg\" alt=\"\" width=\"1024\" height=\"681\" srcset=\"https:\/\/www.charminly.com\/wp-content\/uploads\/2019\/01\/Niballo_Palio_di_Faenza_-cittadarte-p-emilia-romagna_opt.jpg 1024w, https:\/\/www.charminly.com\/wp-content\/uploads\/2019\/01\/Niballo_Palio_di_Faenza_-cittadarte-p-emilia-romagna_opt-300x200.jpg 300w, https:\/\/www.charminly.com\/wp-content\/uploads\/2019\/01\/Niballo_Palio_di_Faenza_-cittadarte-p-emilia-romagna_opt-768x511.jpg 768w, https:\/\/www.charminly.com\/wp-content\/uploads\/2019\/01\/Niballo_Palio_di_Faenza_-cittadarte-p-emilia-romagna_opt-105x70.jpg 105w\" sizes=\"auto, (max-width: 1024px) 100vw, 1024px\" \/><p id=\"caption-attachment-55403\" class=\"wp-caption-text\">Palio del Niballo, foto by cittadarte.emilia-romagna<\/p><\/div>\n<h3><strong>Fiera dei Sett Dulur<\/strong><\/h3>\n<p>Nota in tutta la Romagna, la\u00a0<strong>Fiera dei Sett Dulur<\/strong>, attira ogni anno numerose persone.<\/p>\n<p>La festa istituita nel <strong>XVII sec<\/strong>. come atto di ossequio verso la <strong>Madonna Addolorata<\/strong>, rappresentata con il cuore trafitto da sette spade che ricordano i sette dolori che la Vergine ha subito, anche se nel corso dei secoli si \u00e8 andando sempre pi\u00f9 ad affermare l\u2019aspetto laico della sagra paesana.<\/p>\n<p>Non a caso ad oggi questa festa popolare consiste in varie degustazioni enogastronomiche e convegni sull\u2019attivit\u00e0 artigianale della regione, allo scopo di sottolineare il valore culturale della citt\u00e0.<\/p>\n<h3><strong>Argill\u00e0<\/strong><\/h3>\n<p>A settembre a Faenza si tiene l\u2019importante manifestazione artigianale che prende il nome di <strong>Argill\u00e0<\/strong>.<\/p>\n<p>Si tratta di un <strong>festival della ceramica<\/strong> che si disloca lungo le strade del centro storico, accogliendo artisti, ceramisti e professionisti del settore della ceramica artistica provenienti da tutto il mondo.<\/p>\n<hr \/>\n<div class=\"article_container\"><h2 class=\"shortcode_title\">Charming home nelle vicinanze<\/h2>\n\n\n<div class=\"col-md-4 shortcode-col listing_wrapper\" data-org=\"4\" data-listid=\"27971\">\n    <div class=\"property_listing   \" data-link=\"https:\/\/www.charminly.com\/it\/estate_property\/sacramora-12-it\/\">\n\n        <div class=\"listing-unit-img-wrapper\"><a href=\"https:\/\/www.charminly.com\/it\/estate_property\/sacramora-12-it\/\"><img loading=\"lazy\" decoding=\"async\" width=\"265\" height=\"163\" src=\"https:\/\/www.charminly.com\/wp-content\/uploads\/2018\/04\/Sacramora-12-1-1-265x163.jpg\" class=\"lazyload img-responsive wp-post-image\" alt=\"\" data-original=\"https:\/\/www.charminly.com\/wp-content\/uploads\/2018\/04\/Sacramora-12-1-1-265x163.jpg\" \/><\/a><\/div>\n\n            <h4><a href=\"https:\/\/www.charminly.com\/it\/estate_property\/sacramora-12-it\/\">\n                    Sacramora 12                <\/a>\n            <\/h4>\n            <div class=\"property_address\">\n                Via Sacramora 12, <a href=\"https:\/\/www.charminly.com\/it\/area\/faenza-it\/\" rel=\"tag\">Faenza<\/a> (RA)            <\/div>\n\n\n\n\n\n                            <div class=\"listing_details the_grid_view\">\n                    L\u2019agriturismo di design Sacramora 12 \u00e8 un\u2019incantevole e moderna struttura situata a Faenza, in provincia di Ra...                <\/div>\n\n                <div class=\"listing_details the_list_view\">\n                    L\u2019agriturismo di design Sacramora 12 \u00e8 un\u2019incantevole e moderna struttura situata a Faenza, in provincia di Ra...                <\/div>\n            \n\n            <div class=\"property_listing_details\">\n\n            <\/div>\n\n            <div class=\"property_location\">\n                <div> <span class=\"inforoom\">8<\/span> <span class=\"infovillas\">1<\/span><\/div><span class=\"pricerange\">da  90 a \u20ac 175<\/span>            <\/div>\n            <\/div>\n<\/div>\n\n<div class=\"listinglink-wrapper\">\n                           <a href=\"https:\/\/www.charminly.com\/listings\/relais-country-houses-en\/\"> <span class=\"wpresidence_button\"> more listings <\/span><\/a>\n                       <\/div><\/div>\n","protected":false},"excerpt":{"rendered":"<p>Soggiornando presso l\u2019incantevole agriturismo di design Sacramora 12 a Faenza, in provincia di Ravenna, oltre a visitare la citt\u00e0, si potr\u00e0 anche prendere parte\u00a0a fuochi d\u2019artificio, sagre e tradizioni contadine tra le feste tipiche di Faenza. L\u00f2m a M\u00earz La Romagna \u00e8 una terra dalla lunga tradizione agricola. In passato i contadini per scongiurare la malasorte sui campi, organizzavano riti propiziatori, soprattutto fuochi magici &#8230;<\/p>\n","protected":false},"author":6,"featured_media":55406,"comment_status":"closed","ping_status":"closed","sticky":false,"template":"","format":"standard","meta":{"_acf_changed":false,"footnotes":""},"categories":[144],"tags":[613],"class_list":["post-55398","post","type-post","status-publish","format-standard","has-post-thumbnail","hentry","category-feste-tradizioni-arti-e-mestieri","tag-cosa-fare-in-emilia-romagna"],"acf":[],"yoast_head":"<!-- This site is optimized with the Yoast SEO plugin v23.9 - https:\/\/yoast.com\/wordpress\/plugins\/seo\/ -->\n<title>Fuochi d\u2019artificio, sagre e tradizioni contadine tra le feste tipiche di Faenza<\/title>\n<meta name=\"description\" content=\"Soggiornando presso Sacramora 12 a Faenza, si potr\u00e0 anche prendere parte\u00a0a fuochi d\u2019artificio, sagre e tradizioni contadine tra le feste tipiche di Faenza\" \/>\n<meta name=\"robots\" content=\"index, follow, max-snippet:-1, max-image-preview:large, max-video-preview:-1\" \/>\n<link rel=\"canonical\" href=\"https:\/\/www.charminly.com\/it\/fuochi-dartificio-sagre-e-tradizioni-contadine-tra-le-feste-tipiche-di-faenza\/\" \/>\n<meta property=\"og:locale\" content=\"it_IT\" \/>\n<meta property=\"og:type\" content=\"article\" \/>\n<meta property=\"og:title\" content=\"Fuochi d\u2019artificio, sagre e tradizioni contadine tra le feste tipiche di Faenza\" \/>\n<meta property=\"og:description\" content=\"Soggiornando presso Sacramora 12 a Faenza, si potr\u00e0 anche prendere parte\u00a0a fuochi d\u2019artificio, sagre e tradizioni contadine tra le feste tipiche di Faenza\" \/>\n<meta property=\"og:url\" content=\"https:\/\/www.charminly.com\/it\/fuochi-dartificio-sagre-e-tradizioni-contadine-tra-le-feste-tipiche-di-faenza\/\" \/>\n<meta property=\"article:publisher\" content=\"https:\/\/www.facebook.com\/charminlyitalia\/\" \/>\n<meta property=\"article:published_time\" content=\"2019-01-12T19:22:42+00:00\" \/>\n<meta property=\"article:modified_time\" content=\"2020-01-16T11:18:47+00:00\" \/>\n<meta property=\"og:image\" content=\"https:\/\/www.charminly.com\/wp-content\/uploads\/2019\/01\/Niballo_Palio_di_Faenza_-cittadarte-p-emilia-romagna_opt.jpg\" \/>\n\t<meta property=\"og:image:width\" content=\"1024\" \/>\n\t<meta property=\"og:image:height\" content=\"681\" \/>\n\t<meta property=\"og:image:type\" content=\"image\/jpeg\" \/>\n<meta name=\"author\" content=\"Ivan Lopez\" \/>\n<meta name=\"twitter:card\" content=\"summary_large_image\" \/>\n<meta name=\"twitter:creator\" content=\"@charminly_com\" \/>\n<meta name=\"twitter:site\" content=\"@charminly_com\" \/>\n<meta name=\"twitter:label1\" content=\"Scritto da\" \/>\n\t<meta name=\"twitter:data1\" content=\"Ivan Lopez\" \/>\n\t<meta name=\"twitter:label2\" content=\"Tempo di lettura stimato\" \/>\n\t<meta name=\"twitter:data2\" content=\"3 minuti\" \/>\n<script type=\"application\/ld+json\" class=\"yoast-schema-graph\">{\"@context\":\"https:\/\/schema.org\",\"@graph\":[{\"@type\":\"Article\",\"@id\":\"https:\/\/www.charminly.com\/it\/fuochi-dartificio-sagre-e-tradizioni-contadine-tra-le-feste-tipiche-di-faenza\/#article\",\"isPartOf\":{\"@id\":\"https:\/\/www.charminly.com\/it\/fuochi-dartificio-sagre-e-tradizioni-contadine-tra-le-feste-tipiche-di-faenza\/\"},\"author\":{\"name\":\"Ivan Lopez\",\"@id\":\"https:\/\/www.charminly.com\/it\/#\/schema\/person\/52806bb74f5c81bbf5f0989dd952c7ea\"},\"headline\":\"Fuochi d\u2019artificio, sagre e tradizioni contadine tra le feste tipiche di Faenza\",\"datePublished\":\"2019-01-12T19:22:42+00:00\",\"dateModified\":\"2020-01-16T11:18:47+00:00\",\"mainEntityOfPage\":{\"@id\":\"https:\/\/www.charminly.com\/it\/fuochi-dartificio-sagre-e-tradizioni-contadine-tra-le-feste-tipiche-di-faenza\/\"},\"wordCount\":538,\"publisher\":{\"@id\":\"https:\/\/www.charminly.com\/it\/#organization\"},\"image\":{\"@id\":\"https:\/\/www.charminly.com\/it\/fuochi-dartificio-sagre-e-tradizioni-contadine-tra-le-feste-tipiche-di-faenza\/#primaryimage\"},\"thumbnailUrl\":\"https:\/\/www.charminly.com\/wp-content\/uploads\/2019\/01\/Niballo_Palio_di_Faenza_-cittadarte-p-emilia-romagna_opt.jpg\",\"keywords\":[\"Cosa fare in Emilia Romagna\"],\"articleSection\":[\"Feste, tradizioni, arti e mestieri\"],\"inLanguage\":\"it-IT\"},{\"@type\":\"WebPage\",\"@id\":\"https:\/\/www.charminly.com\/it\/fuochi-dartificio-sagre-e-tradizioni-contadine-tra-le-feste-tipiche-di-faenza\/\",\"url\":\"https:\/\/www.charminly.com\/it\/fuochi-dartificio-sagre-e-tradizioni-contadine-tra-le-feste-tipiche-di-faenza\/\",\"name\":\"Fuochi d\u2019artificio, sagre e tradizioni contadine tra le feste tipiche di Faenza\",\"isPartOf\":{\"@id\":\"https:\/\/www.charminly.com\/it\/#website\"},\"primaryImageOfPage\":{\"@id\":\"https:\/\/www.charminly.com\/it\/fuochi-dartificio-sagre-e-tradizioni-contadine-tra-le-feste-tipiche-di-faenza\/#primaryimage\"},\"image\":{\"@id\":\"https:\/\/www.charminly.com\/it\/fuochi-dartificio-sagre-e-tradizioni-contadine-tra-le-feste-tipiche-di-faenza\/#primaryimage\"},\"thumbnailUrl\":\"https:\/\/www.charminly.com\/wp-content\/uploads\/2019\/01\/Niballo_Palio_di_Faenza_-cittadarte-p-emilia-romagna_opt.jpg\",\"datePublished\":\"2019-01-12T19:22:42+00:00\",\"dateModified\":\"2020-01-16T11:18:47+00:00\",\"description\":\"Soggiornando presso Sacramora 12 a Faenza, si potr\u00e0 anche prendere parte\u00a0a fuochi d\u2019artificio, sagre e tradizioni contadine tra le feste tipiche di Faenza\",\"breadcrumb\":{\"@id\":\"https:\/\/www.charminly.com\/it\/fuochi-dartificio-sagre-e-tradizioni-contadine-tra-le-feste-tipiche-di-faenza\/#breadcrumb\"},\"inLanguage\":\"it-IT\",\"potentialAction\":[{\"@type\":\"ReadAction\",\"target\":[\"https:\/\/www.charminly.com\/it\/fuochi-dartificio-sagre-e-tradizioni-contadine-tra-le-feste-tipiche-di-faenza\/\"]}]},{\"@type\":\"ImageObject\",\"inLanguage\":\"it-IT\",\"@id\":\"https:\/\/www.charminly.com\/it\/fuochi-dartificio-sagre-e-tradizioni-contadine-tra-le-feste-tipiche-di-faenza\/#primaryimage\",\"url\":\"https:\/\/www.charminly.com\/wp-content\/uploads\/2019\/01\/Niballo_Palio_di_Faenza_-cittadarte-p-emilia-romagna_opt.jpg\",\"contentUrl\":\"https:\/\/www.charminly.com\/wp-content\/uploads\/2019\/01\/Niballo_Palio_di_Faenza_-cittadarte-p-emilia-romagna_opt.jpg\",\"width\":1024,\"height\":681},{\"@type\":\"BreadcrumbList\",\"@id\":\"https:\/\/www.charminly.com\/it\/fuochi-dartificio-sagre-e-tradizioni-contadine-tra-le-feste-tipiche-di-faenza\/#breadcrumb\",\"itemListElement\":[{\"@type\":\"ListItem\",\"position\":1,\"name\":\"Home\",\"item\":\"https:\/\/www.charminly.com\/it\/\"},{\"@type\":\"ListItem\",\"position\":2,\"name\":\"Cosa fare in Emilia Romagna\",\"item\":\"https:\/\/www.charminly.com\/it\/tag\/cosa-fare-in-emilia-romagna\/\"},{\"@type\":\"ListItem\",\"position\":3,\"name\":\"Fuochi d\u2019artificio, sagre e tradizioni contadine tra le feste tipiche di Faenza\"}]},{\"@type\":\"WebSite\",\"@id\":\"https:\/\/www.charminly.com\/it\/#website\",\"url\":\"https:\/\/www.charminly.com\/it\/\",\"name\":\"\",\"description\":\"\",\"publisher\":{\"@id\":\"https:\/\/www.charminly.com\/it\/#organization\"},\"potentialAction\":[{\"@type\":\"SearchAction\",\"target\":{\"@type\":\"EntryPoint\",\"urlTemplate\":\"https:\/\/www.charminly.com\/it\/?s={search_term_string}\"},\"query-input\":{\"@type\":\"PropertyValueSpecification\",\"valueRequired\":true,\"valueName\":\"search_term_string\"}}],\"inLanguage\":\"it-IT\"},{\"@type\":\"Organization\",\"@id\":\"https:\/\/www.charminly.com\/it\/#organization\",\"name\":\"Charminly.com\",\"url\":\"https:\/\/www.charminly.com\/it\/\",\"logo\":{\"@type\":\"ImageObject\",\"inLanguage\":\"it-IT\",\"@id\":\"https:\/\/www.charminly.com\/it\/#\/schema\/logo\/image\/\",\"url\":\"https:\/\/www.charminly.com\/wp-content\/uploads\/2014\/10\/logo.png\",\"contentUrl\":\"https:\/\/www.charminly.com\/wp-content\/uploads\/2014\/10\/logo.png\",\"width\":264,\"height\":115,\"caption\":\"Charminly.com\"},\"image\":{\"@id\":\"https:\/\/www.charminly.com\/it\/#\/schema\/logo\/image\/\"},\"sameAs\":[\"https:\/\/www.facebook.com\/charminlyitalia\/\",\"https:\/\/x.com\/charminly_com\"]},{\"@type\":\"Person\",\"@id\":\"https:\/\/www.charminly.com\/it\/#\/schema\/person\/52806bb74f5c81bbf5f0989dd952c7ea\",\"name\":\"Ivan Lopez\",\"image\":{\"@type\":\"ImageObject\",\"inLanguage\":\"it-IT\",\"@id\":\"https:\/\/www.charminly.com\/it\/#\/schema\/person\/image\/\",\"url\":\"https:\/\/secure.gravatar.com\/avatar\/e8aef7257c7a278cfcb908e241d9761c?s=96&d=mm&r=g\",\"contentUrl\":\"https:\/\/secure.gravatar.com\/avatar\/e8aef7257c7a278cfcb908e241d9761c?s=96&d=mm&r=g\",\"caption\":\"Ivan Lopez\"},\"url\":\"https:\/\/www.charminly.com\/it\/author\/ivan\/\"}]}<\/script>\n<!-- \/ Yoast SEO plugin. -->","yoast_head_json":{"title":"Fuochi d\u2019artificio, sagre e tradizioni contadine tra le feste tipiche di Faenza","description":"Soggiornando presso Sacramora 12 a Faenza, si potr\u00e0 anche prendere parte\u00a0a fuochi d\u2019artificio, sagre e tradizioni contadine tra le feste tipiche di Faenza","robots":{"index":"index","follow":"follow","max-snippet":"max-snippet:-1","max-image-preview":"max-image-preview:large","max-video-preview":"max-video-preview:-1"},"canonical":"https:\/\/www.charminly.com\/it\/fuochi-dartificio-sagre-e-tradizioni-contadine-tra-le-feste-tipiche-di-faenza\/","og_locale":"it_IT","og_type":"article","og_title":"Fuochi d\u2019artificio, sagre e tradizioni contadine tra le feste tipiche di Faenza","og_description":"Soggiornando presso Sacramora 12 a Faenza, si potr\u00e0 anche prendere parte\u00a0a fuochi d\u2019artificio, sagre e tradizioni contadine tra le feste tipiche di Faenza","og_url":"https:\/\/www.charminly.com\/it\/fuochi-dartificio-sagre-e-tradizioni-contadine-tra-le-feste-tipiche-di-faenza\/","article_publisher":"https:\/\/www.facebook.com\/charminlyitalia\/","article_published_time":"2019-01-12T19:22:42+00:00","article_modified_time":"2020-01-16T11:18:47+00:00","og_image":[{"width":1024,"height":681,"url":"https:\/\/www.charminly.com\/wp-content\/uploads\/2019\/01\/Niballo_Palio_di_Faenza_-cittadarte-p-emilia-romagna_opt.jpg","type":"image\/jpeg"}],"author":"Ivan Lopez","twitter_card":"summary_large_image","twitter_creator":"@charminly_com","twitter_site":"@charminly_com","twitter_misc":{"Scritto da":"Ivan Lopez","Tempo di lettura stimato":"3 minuti"},"schema":{"@context":"https:\/\/schema.org","@graph":[{"@type":"Article","@id":"https:\/\/www.charminly.com\/it\/fuochi-dartificio-sagre-e-tradizioni-contadine-tra-le-feste-tipiche-di-faenza\/#article","isPartOf":{"@id":"https:\/\/www.charminly.com\/it\/fuochi-dartificio-sagre-e-tradizioni-contadine-tra-le-feste-tipiche-di-faenza\/"},"author":{"name":"Ivan Lopez","@id":"https:\/\/www.charminly.com\/it\/#\/schema\/person\/52806bb74f5c81bbf5f0989dd952c7ea"},"headline":"Fuochi d\u2019artificio, sagre e tradizioni contadine tra le feste tipiche di Faenza","datePublished":"2019-01-12T19:22:42+00:00","dateModified":"2020-01-16T11:18:47+00:00","mainEntityOfPage":{"@id":"https:\/\/www.charminly.com\/it\/fuochi-dartificio-sagre-e-tradizioni-contadine-tra-le-feste-tipiche-di-faenza\/"},"wordCount":538,"publisher":{"@id":"https:\/\/www.charminly.com\/it\/#organization"},"image":{"@id":"https:\/\/www.charminly.com\/it\/fuochi-dartificio-sagre-e-tradizioni-contadine-tra-le-feste-tipiche-di-faenza\/#primaryimage"},"thumbnailUrl":"https:\/\/www.charminly.com\/wp-content\/uploads\/2019\/01\/Niballo_Palio_di_Faenza_-cittadarte-p-emilia-romagna_opt.jpg","keywords":["Cosa fare in Emilia Romagna"],"articleSection":["Feste, tradizioni, arti e mestieri"],"inLanguage":"it-IT"},{"@type":"WebPage","@id":"https:\/\/www.charminly.com\/it\/fuochi-dartificio-sagre-e-tradizioni-contadine-tra-le-feste-tipiche-di-faenza\/","url":"https:\/\/www.charminly.com\/it\/fuochi-dartificio-sagre-e-tradizioni-contadine-tra-le-feste-tipiche-di-faenza\/","name":"Fuochi d\u2019artificio, sagre e tradizioni contadine tra le feste tipiche di Faenza","isPartOf":{"@id":"https:\/\/www.charminly.com\/it\/#website"},"primaryImageOfPage":{"@id":"https:\/\/www.charminly.com\/it\/fuochi-dartificio-sagre-e-tradizioni-contadine-tra-le-feste-tipiche-di-faenza\/#primaryimage"},"image":{"@id":"https:\/\/www.charminly.com\/it\/fuochi-dartificio-sagre-e-tradizioni-contadine-tra-le-feste-tipiche-di-faenza\/#primaryimage"},"thumbnailUrl":"https:\/\/www.charminly.com\/wp-content\/uploads\/2019\/01\/Niballo_Palio_di_Faenza_-cittadarte-p-emilia-romagna_opt.jpg","datePublished":"2019-01-12T19:22:42+00:00","dateModified":"2020-01-16T11:18:47+00:00","description":"Soggiornando presso Sacramora 12 a Faenza, si potr\u00e0 anche prendere parte\u00a0a fuochi d\u2019artificio, sagre e tradizioni contadine tra le feste tipiche di Faenza","breadcrumb":{"@id":"https:\/\/www.charminly.com\/it\/fuochi-dartificio-sagre-e-tradizioni-contadine-tra-le-feste-tipiche-di-faenza\/#breadcrumb"},"inLanguage":"it-IT","potentialAction":[{"@type":"ReadAction","target":["https:\/\/www.charminly.com\/it\/fuochi-dartificio-sagre-e-tradizioni-contadine-tra-le-feste-tipiche-di-faenza\/"]}]},{"@type":"ImageObject","inLanguage":"it-IT","@id":"https:\/\/www.charminly.com\/it\/fuochi-dartificio-sagre-e-tradizioni-contadine-tra-le-feste-tipiche-di-faenza\/#primaryimage","url":"https:\/\/www.charminly.com\/wp-content\/uploads\/2019\/01\/Niballo_Palio_di_Faenza_-cittadarte-p-emilia-romagna_opt.jpg","contentUrl":"https:\/\/www.charminly.com\/wp-content\/uploads\/2019\/01\/Niballo_Palio_di_Faenza_-cittadarte-p-emilia-romagna_opt.jpg","width":1024,"height":681},{"@type":"BreadcrumbList","@id":"https:\/\/www.charminly.com\/it\/fuochi-dartificio-sagre-e-tradizioni-contadine-tra-le-feste-tipiche-di-faenza\/#breadcrumb","itemListElement":[{"@type":"ListItem","position":1,"name":"Home","item":"https:\/\/www.charminly.com\/it\/"},{"@type":"ListItem","position":2,"name":"Cosa fare in Emilia Romagna","item":"https:\/\/www.charminly.com\/it\/tag\/cosa-fare-in-emilia-romagna\/"},{"@type":"ListItem","position":3,"name":"Fuochi d\u2019artificio, sagre e tradizioni contadine tra le feste tipiche di Faenza"}]},{"@type":"WebSite","@id":"https:\/\/www.charminly.com\/it\/#website","url":"https:\/\/www.charminly.com\/it\/","name":"","description":"","publisher":{"@id":"https:\/\/www.charminly.com\/it\/#organization"},"potentialAction":[{"@type":"SearchAction","target":{"@type":"EntryPoint","urlTemplate":"https:\/\/www.charminly.com\/it\/?s={search_term_string}"},"query-input":{"@type":"PropertyValueSpecification","valueRequired":true,"valueName":"search_term_string"}}],"inLanguage":"it-IT"},{"@type":"Organization","@id":"https:\/\/www.charminly.com\/it\/#organization","name":"Charminly.com","url":"https:\/\/www.charminly.com\/it\/","logo":{"@type":"ImageObject","inLanguage":"it-IT","@id":"https:\/\/www.charminly.com\/it\/#\/schema\/logo\/image\/","url":"https:\/\/www.charminly.com\/wp-content\/uploads\/2014\/10\/logo.png","contentUrl":"https:\/\/www.charminly.com\/wp-content\/uploads\/2014\/10\/logo.png","width":264,"height":115,"caption":"Charminly.com"},"image":{"@id":"https:\/\/www.charminly.com\/it\/#\/schema\/logo\/image\/"},"sameAs":["https:\/\/www.facebook.com\/charminlyitalia\/","https:\/\/x.com\/charminly_com"]},{"@type":"Person","@id":"https:\/\/www.charminly.com\/it\/#\/schema\/person\/52806bb74f5c81bbf5f0989dd952c7ea","name":"Ivan Lopez","image":{"@type":"ImageObject","inLanguage":"it-IT","@id":"https:\/\/www.charminly.com\/it\/#\/schema\/person\/image\/","url":"https:\/\/secure.gravatar.com\/avatar\/e8aef7257c7a278cfcb908e241d9761c?s=96&d=mm&r=g","contentUrl":"https:\/\/secure.gravatar.com\/avatar\/e8aef7257c7a278cfcb908e241d9761c?s=96&d=mm&r=g","caption":"Ivan Lopez"},"url":"https:\/\/www.charminly.com\/it\/author\/ivan\/"}]}},"_links":{"self":[{"href":"https:\/\/www.charminly.com\/it\/wp-json\/wp\/v2\/posts\/55398","targetHints":{"allow":["GET"]}}],"collection":[{"href":"https:\/\/www.charminly.com\/it\/wp-json\/wp\/v2\/posts"}],"about":[{"href":"https:\/\/www.charminly.com\/it\/wp-json\/wp\/v2\/types\/post"}],"author":[{"embeddable":true,"href":"https:\/\/www.charminly.com\/it\/wp-json\/wp\/v2\/users\/6"}],"replies":[{"embeddable":true,"href":"https:\/\/www.charminly.com\/it\/wp-json\/wp\/v2\/comments?post=55398"}],"version-history":[{"count":0,"href":"https:\/\/www.charminly.com\/it\/wp-json\/wp\/v2\/posts\/55398\/revisions"}],"wp:featuredmedia":[{"embeddable":true,"href":"https:\/\/www.charminly.com\/it\/wp-json\/wp\/v2\/media\/55406"}],"wp:attachment":[{"href":"https:\/\/www.charminly.com\/it\/wp-json\/wp\/v2\/media?parent=55398"}],"wp:term":[{"taxonomy":"category","embeddable":true,"href":"https:\/\/www.charminly.com\/it\/wp-json\/wp\/v2\/categories?post=55398"},{"taxonomy":"post_tag","embeddable":true,"href":"https:\/\/www.charminly.com\/it\/wp-json\/wp\/v2\/tags?post=55398"}],"curies":[{"name":"wp","href":"https:\/\/api.w.org\/{rel}","templated":true}]}}