{"id":55368,"date":"2019-01-12T19:56:24","date_gmt":"2019-01-12T18:56:24","guid":{"rendered":"https:\/\/www.charminly.com\/?p=55368"},"modified":"2020-01-16T12:16:42","modified_gmt":"2020-01-16T11:16:42","slug":"faenza-la-citta-dellarte-dellemilia-romagna","status":"publish","type":"post","link":"https:\/\/www.charminly.com\/it\/faenza-la-citta-dellarte-dellemilia-romagna\/","title":{"rendered":"Faenza: la citt\u00e0 dell\u2019arte dell\u2019Emilia Romagna"},"content":{"rendered":"<p>Una citt\u00e0 dalle incredibili bellezze storiche e artistiche (non a caso definita citt\u00e0 d\u2019arte) \u00e8 <a href=\"https:\/\/www.charminly.com\/it\/area\/faenza-it\/\"><strong>Faenza<\/strong><\/a> in provincia di <strong>Ravenna<\/strong> che ogni anno attrae numerosi turisti provenienti da varie parti del mondo.<\/p>\n<p>Chi decide di visitare Faenza: la citt\u00e0 dell\u2019arte dell\u2019Emilia Romagna, sceglie come struttura in cui alloggiare l\u2019agriturismo di design\u00a0<strong><a href=\"https:\/\/www.charminly.com\/it\/properties\/sacramora-12-it\/\">Sacramora 12<\/a>.<\/strong><\/p>\n<p>Questa meravigliosa struttura \u00e8 una vera e propria perla circondata da verde, storia e cultura e dalla quale ci si potr\u00e0 recare in poco tempo a visitare la citt\u00e0.<\/p>\n<h3><strong>Faenza<\/strong><\/h3>\n<p>Giunti a Faenza in <strong>Piazza della Libert\u00e0<\/strong>, in cima ad un\u2019alta gradinata vi accoglier\u00e0 con la sua maestosit\u00e0 il <strong>Duomo<\/strong>. Costruito nel <strong>1474<\/strong> per volont\u00e0 dei <strong>Manfredi<\/strong>, i signori della citt\u00e0, che favorirono la cultura e l\u2019arte del luogo.<\/p>\n<p>Purtroppo, la facciata resta incompiuta per via del declino della signoria, non a caso si vedono i mattoni sporgenti che sostengono le lastre di marmo che avrebbero dovuto coprire la facciata.<\/p>\n<div id=\"attachment_55369\" style=\"width: 1034px\" class=\"wp-caption alignnone\"><img loading=\"lazy\" decoding=\"async\" aria-describedby=\"caption-attachment-55369\" class=\"wp-image-55369 size-large\" src=\"https:\/\/www.charminly.com\/wp-content\/uploads\/2019\/01\/1200px-Cattedrale_di_San_Pietro_Apostolo_opt-1024x683.jpg\" alt=\"\" width=\"1024\" height=\"683\" srcset=\"https:\/\/www.charminly.com\/wp-content\/uploads\/2019\/01\/1200px-Cattedrale_di_San_Pietro_Apostolo_opt.jpg 1024w, https:\/\/www.charminly.com\/wp-content\/uploads\/2019\/01\/1200px-Cattedrale_di_San_Pietro_Apostolo_opt-300x200.jpg 300w, https:\/\/www.charminly.com\/wp-content\/uploads\/2019\/01\/1200px-Cattedrale_di_San_Pietro_Apostolo_opt-768x512.jpg 768w, https:\/\/www.charminly.com\/wp-content\/uploads\/2019\/01\/1200px-Cattedrale_di_San_Pietro_Apostolo_opt-105x70.jpg 105w\" sizes=\"auto, (max-width: 1024px) 100vw, 1024px\" \/><p id=\"caption-attachment-55369\" class=\"wp-caption-text\">Duomo di Faenza<\/p><\/div>\n<p>All\u2019interno il Duomo si presenta suddiviso in <strong>tre navate<\/strong> con sculture rinascimentali, mentre il sottotetto conserva un importante <strong>affresco del 1400<\/strong> con la rappresentazione della <strong>Madonna delle Grazie <\/strong>con in mano frecce spezzate per difendersi dai pericoli e liberarsi dai peccati.<\/p>\n<p>La scena richiama un <strong>evento miracoloso<\/strong>: i cittadini chiesero l\u2019intercessione della <strong>Vergine<\/strong> per tenere lontana la peste dalla citt\u00e0.<\/p>\n<p>Interessante \u00e8 la presenza nel marmo del pavimento di fossili di conchiglie a spirali e di ammoniti che risalgono a pi\u00f9 di <strong>100 milioni di anni fa<\/strong>.<\/p>\n<p>Proseguendo nella visita della citt\u00e0, dovrete visitare il <strong>Voltone della Molinella<\/strong>, una galleria espositiva che si trova al piano terra del palazzo comunale e che prende il nome da un enorme passaggio coperto da volte a crociera, compreso tra <strong>Piazza del Popolo e Piazza della Molinella.<\/strong><\/p>\n<p>Il soffitto della sala, che \u00e8 di <strong>forma rettangolare<\/strong> comprende <strong>8 lunette cieche<\/strong> che attraversano la volta a padiglione, con la presenza di <strong>3 finestre ad arco<\/strong> che vanno ad illuminare l\u2019ambiente.<\/p>\n<p>Trattandosi della citt\u00e0 delle arti, tra tutte particolare rilievo occupa la ceramica con il suo famoso <strong>Museo Internazionale delle Ceramiche in Faenza<\/strong>\u00a0(MIC) che non a caso \u00e8 tra i pi\u00f9 importanti al mondo. Le sale accolgono opere a partire <strong>dal Medioevo fino all\u2019Ottocento<\/strong> e provenienti anche da officine del <strong>Vicino Oriente<\/strong>.<\/p>\n<div id=\"attachment_55373\" style=\"width: 1034px\" class=\"wp-caption alignnone\"><img loading=\"lazy\" decoding=\"async\" aria-describedby=\"caption-attachment-55373\" class=\"wp-image-55373 size-large\" src=\"https:\/\/www.charminly.com\/wp-content\/uploads\/2019\/01\/Rocca_sforzesca_di_Imola_01_opt-1024x751.jpg\" alt=\"\" width=\"1024\" height=\"751\" srcset=\"https:\/\/www.charminly.com\/wp-content\/uploads\/2019\/01\/Rocca_sforzesca_di_Imola_01_opt.jpg 1024w, https:\/\/www.charminly.com\/wp-content\/uploads\/2019\/01\/Rocca_sforzesca_di_Imola_01_opt-300x220.jpg 300w, https:\/\/www.charminly.com\/wp-content\/uploads\/2019\/01\/Rocca_sforzesca_di_Imola_01_opt-768x563.jpg 768w\" sizes=\"auto, (max-width: 1024px) 100vw, 1024px\" \/><p id=\"caption-attachment-55373\" class=\"wp-caption-text\">Rocca, Imola<\/p><\/div>\n<h3><strong>Imola<\/strong><\/h3>\n<p>Da Faenza si pu\u00f2 raggiungere facilmente la <strong>citt\u00e0 di Imola<\/strong>, dove si potr\u00e0 ammirare l\u2019imponente <strong>Rocca <\/strong>risalente al <strong>XIII secolo<\/strong>. Questa struttura rappresenta un esempio mirabile di architettura fortificata <strong>tra Medioevo e Rinascimento<\/strong>.<\/p>\n<p>I resti pi\u00f9 antichi riguardano il <strong>portale a sesto acuto<\/strong>, il <strong>mastio<\/strong> con le <strong>segrete<\/strong> e le stanze a piano terra con una bellissima terrazza da cui poter ammirare la citt\u00e0.<\/p>\n<p>Dal <strong>1472<\/strong> al <strong>1484<\/strong> la <strong>Rocca<\/strong> divenne luogo di difesa per volont\u00e0 degli <strong>Sforza<\/strong> che fecero costruire torrioni angolari circolari, cannoniere finemente decorate ed alcuni ambienti come il <strong>Palazzetto del Paradiso<\/strong>, mentre tra il <strong>XVI e XX sec.<\/strong> fu destinata ad uso carcerario.<\/p>\n<hr \/>\n<div class=\"article_container\"><h2 class=\"shortcode_title\">Charming home nelle vicinanze<\/h2>\n\n\n<div class=\"col-md-4 shortcode-col listing_wrapper\" data-org=\"4\" data-listid=\"27971\">\n    <div class=\"property_listing   \" data-link=\"https:\/\/www.charminly.com\/it\/estate_property\/sacramora-12-it\/\">\n\n        <div class=\"listing-unit-img-wrapper\"><a href=\"https:\/\/www.charminly.com\/it\/estate_property\/sacramora-12-it\/\"><img loading=\"lazy\" decoding=\"async\" width=\"265\" height=\"163\" src=\"https:\/\/www.charminly.com\/wp-content\/uploads\/2018\/04\/Sacramora-12-1-1-265x163.jpg\" class=\"lazyload img-responsive wp-post-image\" alt=\"\" data-original=\"https:\/\/www.charminly.com\/wp-content\/uploads\/2018\/04\/Sacramora-12-1-1-265x163.jpg\" \/><\/a><\/div>\n\n            <h4><a href=\"https:\/\/www.charminly.com\/it\/estate_property\/sacramora-12-it\/\">\n                    Sacramora 12                <\/a>\n            <\/h4>\n            <div class=\"property_address\">\n                Via Sacramora 12, <a href=\"https:\/\/www.charminly.com\/it\/area\/faenza-it\/\" rel=\"tag\">Faenza<\/a> (RA)            <\/div>\n\n\n\n\n\n                            <div class=\"listing_details the_grid_view\">\n                    L\u2019agriturismo di design Sacramora 12 \u00e8 un\u2019incantevole e moderna struttura situata a Faenza, in provincia di Ra...                <\/div>\n\n                <div class=\"listing_details the_list_view\">\n                    L\u2019agriturismo di design Sacramora 12 \u00e8 un\u2019incantevole e moderna struttura situata a Faenza, in provincia di Ra...                <\/div>\n            \n\n            <div class=\"property_listing_details\">\n\n            <\/div>\n\n            <div class=\"property_location\">\n                <div> <span class=\"inforoom\">8<\/span> <span class=\"infovillas\">1<\/span><\/div><span class=\"pricerange\">da  90 a \u20ac 175<\/span>            <\/div>\n            <\/div>\n<\/div>\n\n<div class=\"listinglink-wrapper\">\n                           <a href=\"https:\/\/www.charminly.com\/listings\/relais-country-houses-en\/\"> <span class=\"wpresidence_button\"> more listings <\/span><\/a>\n                       <\/div><\/div>\n","protected":false},"excerpt":{"rendered":"<p>Una citt\u00e0 dalle incredibili bellezze storiche e artistiche (non a caso definita citt\u00e0 d\u2019arte) \u00e8 Faenza in provincia di Ravenna che ogni anno attrae numerosi turisti provenienti da varie parti del mondo. Chi decide di visitare Faenza: la citt\u00e0 dell\u2019arte dell\u2019Emilia Romagna, sceglie come struttura in cui alloggiare l\u2019agriturismo di design\u00a0Sacramora 12. Questa meravigliosa struttura \u00e8 una vera e propria perla circondata da verde, &#8230;<\/p>\n","protected":false},"author":6,"featured_media":55372,"comment_status":"closed","ping_status":"closed","sticky":false,"template":"","format":"standard","meta":{"_acf_changed":false,"footnotes":""},"categories":[142],"tags":[631],"class_list":["post-55368","post","type-post","status-publish","format-standard","has-post-thumbnail","hentry","category-arte-e-cultura","tag-cosa-vedere-in-emilia-romagna"],"acf":[],"yoast_head":"<!-- This site is optimized with the Yoast SEO plugin v23.9 - https:\/\/yoast.com\/wordpress\/plugins\/seo\/ -->\n<title>Faenza: la citt\u00e0 dell\u2019arte dell\u2019Emilia Romagna<\/title>\n<meta name=\"description\" content=\"Alloggiando presso l\u2019agriturismo di design Sacramora 12 a Faenza, in provincia di Ravenna, potete visitare Faenza: la citt\u00e0 dell\u2019arte dell\u2019Emilia Romagna\" \/>\n<meta name=\"robots\" content=\"index, follow, max-snippet:-1, max-image-preview:large, max-video-preview:-1\" \/>\n<link rel=\"canonical\" href=\"https:\/\/www.charminly.com\/it\/faenza-la-citta-dellarte-dellemilia-romagna\/\" \/>\n<meta property=\"og:locale\" content=\"it_IT\" \/>\n<meta property=\"og:type\" content=\"article\" \/>\n<meta property=\"og:title\" content=\"Faenza: la citt\u00e0 dell\u2019arte dell\u2019Emilia Romagna\" \/>\n<meta property=\"og:description\" content=\"Alloggiando presso l\u2019agriturismo di design Sacramora 12 a Faenza, in provincia di Ravenna, potete visitare Faenza: la citt\u00e0 dell\u2019arte dell\u2019Emilia Romagna\" \/>\n<meta property=\"og:url\" content=\"https:\/\/www.charminly.com\/it\/faenza-la-citta-dellarte-dellemilia-romagna\/\" \/>\n<meta property=\"article:publisher\" content=\"https:\/\/www.facebook.com\/charminlyitalia\/\" \/>\n<meta property=\"article:published_time\" content=\"2019-01-12T18:56:24+00:00\" \/>\n<meta property=\"article:modified_time\" content=\"2020-01-16T11:16:42+00:00\" \/>\n<meta property=\"og:image\" content=\"https:\/\/www.charminly.com\/wp-content\/uploads\/2019\/01\/1200px-Cattedrale_di_San_Pietro_Apostolo_opt.jpg\" \/>\n\t<meta property=\"og:image:width\" content=\"1024\" \/>\n\t<meta property=\"og:image:height\" content=\"683\" \/>\n\t<meta property=\"og:image:type\" content=\"image\/jpeg\" \/>\n<meta name=\"author\" content=\"Ivan Lopez\" \/>\n<meta name=\"twitter:card\" content=\"summary_large_image\" \/>\n<meta name=\"twitter:creator\" content=\"@charminly_com\" \/>\n<meta name=\"twitter:site\" content=\"@charminly_com\" \/>\n<meta name=\"twitter:label1\" content=\"Scritto da\" \/>\n\t<meta name=\"twitter:data1\" content=\"Ivan Lopez\" \/>\n\t<meta name=\"twitter:label2\" content=\"Tempo di lettura stimato\" \/>\n\t<meta name=\"twitter:data2\" content=\"3 minuti\" \/>\n<script type=\"application\/ld+json\" class=\"yoast-schema-graph\">{\"@context\":\"https:\/\/schema.org\",\"@graph\":[{\"@type\":\"Article\",\"@id\":\"https:\/\/www.charminly.com\/it\/faenza-la-citta-dellarte-dellemilia-romagna\/#article\",\"isPartOf\":{\"@id\":\"https:\/\/www.charminly.com\/it\/faenza-la-citta-dellarte-dellemilia-romagna\/\"},\"author\":{\"name\":\"Ivan Lopez\",\"@id\":\"https:\/\/www.charminly.com\/it\/#\/schema\/person\/52806bb74f5c81bbf5f0989dd952c7ea\"},\"headline\":\"Faenza: la citt\u00e0 dell\u2019arte dell\u2019Emilia Romagna\",\"datePublished\":\"2019-01-12T18:56:24+00:00\",\"dateModified\":\"2020-01-16T11:16:42+00:00\",\"mainEntityOfPage\":{\"@id\":\"https:\/\/www.charminly.com\/it\/faenza-la-citta-dellarte-dellemilia-romagna\/\"},\"wordCount\":529,\"publisher\":{\"@id\":\"https:\/\/www.charminly.com\/it\/#organization\"},\"image\":{\"@id\":\"https:\/\/www.charminly.com\/it\/faenza-la-citta-dellarte-dellemilia-romagna\/#primaryimage\"},\"thumbnailUrl\":\"https:\/\/www.charminly.com\/wp-content\/uploads\/2019\/01\/1200px-Cattedrale_di_San_Pietro_Apostolo_opt.jpg\",\"keywords\":[\"Cosa vedere in Emilia Romagna\"],\"articleSection\":[\"Arte e cultura\"],\"inLanguage\":\"it-IT\"},{\"@type\":\"WebPage\",\"@id\":\"https:\/\/www.charminly.com\/it\/faenza-la-citta-dellarte-dellemilia-romagna\/\",\"url\":\"https:\/\/www.charminly.com\/it\/faenza-la-citta-dellarte-dellemilia-romagna\/\",\"name\":\"Faenza: la citt\u00e0 dell\u2019arte dell\u2019Emilia Romagna\",\"isPartOf\":{\"@id\":\"https:\/\/www.charminly.com\/it\/#website\"},\"primaryImageOfPage\":{\"@id\":\"https:\/\/www.charminly.com\/it\/faenza-la-citta-dellarte-dellemilia-romagna\/#primaryimage\"},\"image\":{\"@id\":\"https:\/\/www.charminly.com\/it\/faenza-la-citta-dellarte-dellemilia-romagna\/#primaryimage\"},\"thumbnailUrl\":\"https:\/\/www.charminly.com\/wp-content\/uploads\/2019\/01\/1200px-Cattedrale_di_San_Pietro_Apostolo_opt.jpg\",\"datePublished\":\"2019-01-12T18:56:24+00:00\",\"dateModified\":\"2020-01-16T11:16:42+00:00\",\"description\":\"Alloggiando presso l\u2019agriturismo di design Sacramora 12 a Faenza, in provincia di Ravenna, potete visitare Faenza: la citt\u00e0 dell\u2019arte dell\u2019Emilia Romagna\",\"breadcrumb\":{\"@id\":\"https:\/\/www.charminly.com\/it\/faenza-la-citta-dellarte-dellemilia-romagna\/#breadcrumb\"},\"inLanguage\":\"it-IT\",\"potentialAction\":[{\"@type\":\"ReadAction\",\"target\":[\"https:\/\/www.charminly.com\/it\/faenza-la-citta-dellarte-dellemilia-romagna\/\"]}]},{\"@type\":\"ImageObject\",\"inLanguage\":\"it-IT\",\"@id\":\"https:\/\/www.charminly.com\/it\/faenza-la-citta-dellarte-dellemilia-romagna\/#primaryimage\",\"url\":\"https:\/\/www.charminly.com\/wp-content\/uploads\/2019\/01\/1200px-Cattedrale_di_San_Pietro_Apostolo_opt.jpg\",\"contentUrl\":\"https:\/\/www.charminly.com\/wp-content\/uploads\/2019\/01\/1200px-Cattedrale_di_San_Pietro_Apostolo_opt.jpg\",\"width\":1024,\"height\":683},{\"@type\":\"BreadcrumbList\",\"@id\":\"https:\/\/www.charminly.com\/it\/faenza-la-citta-dellarte-dellemilia-romagna\/#breadcrumb\",\"itemListElement\":[{\"@type\":\"ListItem\",\"position\":1,\"name\":\"Home\",\"item\":\"https:\/\/www.charminly.com\/it\/\"},{\"@type\":\"ListItem\",\"position\":2,\"name\":\"Cosa vedere in Emilia Romagna\",\"item\":\"https:\/\/www.charminly.com\/it\/tag\/cosa-vedere-in-emilia-romagna\/\"},{\"@type\":\"ListItem\",\"position\":3,\"name\":\"Faenza: la citt\u00e0 dell\u2019arte dell\u2019Emilia Romagna\"}]},{\"@type\":\"WebSite\",\"@id\":\"https:\/\/www.charminly.com\/it\/#website\",\"url\":\"https:\/\/www.charminly.com\/it\/\",\"name\":\"\",\"description\":\"\",\"publisher\":{\"@id\":\"https:\/\/www.charminly.com\/it\/#organization\"},\"potentialAction\":[{\"@type\":\"SearchAction\",\"target\":{\"@type\":\"EntryPoint\",\"urlTemplate\":\"https:\/\/www.charminly.com\/it\/?s={search_term_string}\"},\"query-input\":{\"@type\":\"PropertyValueSpecification\",\"valueRequired\":true,\"valueName\":\"search_term_string\"}}],\"inLanguage\":\"it-IT\"},{\"@type\":\"Organization\",\"@id\":\"https:\/\/www.charminly.com\/it\/#organization\",\"name\":\"Charminly.com\",\"url\":\"https:\/\/www.charminly.com\/it\/\",\"logo\":{\"@type\":\"ImageObject\",\"inLanguage\":\"it-IT\",\"@id\":\"https:\/\/www.charminly.com\/it\/#\/schema\/logo\/image\/\",\"url\":\"https:\/\/www.charminly.com\/wp-content\/uploads\/2014\/10\/logo.png\",\"contentUrl\":\"https:\/\/www.charminly.com\/wp-content\/uploads\/2014\/10\/logo.png\",\"width\":264,\"height\":115,\"caption\":\"Charminly.com\"},\"image\":{\"@id\":\"https:\/\/www.charminly.com\/it\/#\/schema\/logo\/image\/\"},\"sameAs\":[\"https:\/\/www.facebook.com\/charminlyitalia\/\",\"https:\/\/x.com\/charminly_com\"]},{\"@type\":\"Person\",\"@id\":\"https:\/\/www.charminly.com\/it\/#\/schema\/person\/52806bb74f5c81bbf5f0989dd952c7ea\",\"name\":\"Ivan Lopez\",\"image\":{\"@type\":\"ImageObject\",\"inLanguage\":\"it-IT\",\"@id\":\"https:\/\/www.charminly.com\/it\/#\/schema\/person\/image\/\",\"url\":\"https:\/\/secure.gravatar.com\/avatar\/e8aef7257c7a278cfcb908e241d9761c?s=96&d=mm&r=g\",\"contentUrl\":\"https:\/\/secure.gravatar.com\/avatar\/e8aef7257c7a278cfcb908e241d9761c?s=96&d=mm&r=g\",\"caption\":\"Ivan Lopez\"},\"url\":\"https:\/\/www.charminly.com\/it\/author\/ivan\/\"}]}<\/script>\n<!-- \/ Yoast SEO plugin. -->","yoast_head_json":{"title":"Faenza: la citt\u00e0 dell\u2019arte dell\u2019Emilia Romagna","description":"Alloggiando presso l\u2019agriturismo di design Sacramora 12 a Faenza, in provincia di Ravenna, potete visitare Faenza: la citt\u00e0 dell\u2019arte dell\u2019Emilia Romagna","robots":{"index":"index","follow":"follow","max-snippet":"max-snippet:-1","max-image-preview":"max-image-preview:large","max-video-preview":"max-video-preview:-1"},"canonical":"https:\/\/www.charminly.com\/it\/faenza-la-citta-dellarte-dellemilia-romagna\/","og_locale":"it_IT","og_type":"article","og_title":"Faenza: la citt\u00e0 dell\u2019arte dell\u2019Emilia Romagna","og_description":"Alloggiando presso l\u2019agriturismo di design Sacramora 12 a Faenza, in provincia di Ravenna, potete visitare Faenza: la citt\u00e0 dell\u2019arte dell\u2019Emilia Romagna","og_url":"https:\/\/www.charminly.com\/it\/faenza-la-citta-dellarte-dellemilia-romagna\/","article_publisher":"https:\/\/www.facebook.com\/charminlyitalia\/","article_published_time":"2019-01-12T18:56:24+00:00","article_modified_time":"2020-01-16T11:16:42+00:00","og_image":[{"width":1024,"height":683,"url":"https:\/\/www.charminly.com\/wp-content\/uploads\/2019\/01\/1200px-Cattedrale_di_San_Pietro_Apostolo_opt.jpg","type":"image\/jpeg"}],"author":"Ivan Lopez","twitter_card":"summary_large_image","twitter_creator":"@charminly_com","twitter_site":"@charminly_com","twitter_misc":{"Scritto da":"Ivan Lopez","Tempo di lettura stimato":"3 minuti"},"schema":{"@context":"https:\/\/schema.org","@graph":[{"@type":"Article","@id":"https:\/\/www.charminly.com\/it\/faenza-la-citta-dellarte-dellemilia-romagna\/#article","isPartOf":{"@id":"https:\/\/www.charminly.com\/it\/faenza-la-citta-dellarte-dellemilia-romagna\/"},"author":{"name":"Ivan Lopez","@id":"https:\/\/www.charminly.com\/it\/#\/schema\/person\/52806bb74f5c81bbf5f0989dd952c7ea"},"headline":"Faenza: la citt\u00e0 dell\u2019arte dell\u2019Emilia Romagna","datePublished":"2019-01-12T18:56:24+00:00","dateModified":"2020-01-16T11:16:42+00:00","mainEntityOfPage":{"@id":"https:\/\/www.charminly.com\/it\/faenza-la-citta-dellarte-dellemilia-romagna\/"},"wordCount":529,"publisher":{"@id":"https:\/\/www.charminly.com\/it\/#organization"},"image":{"@id":"https:\/\/www.charminly.com\/it\/faenza-la-citta-dellarte-dellemilia-romagna\/#primaryimage"},"thumbnailUrl":"https:\/\/www.charminly.com\/wp-content\/uploads\/2019\/01\/1200px-Cattedrale_di_San_Pietro_Apostolo_opt.jpg","keywords":["Cosa vedere in Emilia Romagna"],"articleSection":["Arte e cultura"],"inLanguage":"it-IT"},{"@type":"WebPage","@id":"https:\/\/www.charminly.com\/it\/faenza-la-citta-dellarte-dellemilia-romagna\/","url":"https:\/\/www.charminly.com\/it\/faenza-la-citta-dellarte-dellemilia-romagna\/","name":"Faenza: la citt\u00e0 dell\u2019arte dell\u2019Emilia Romagna","isPartOf":{"@id":"https:\/\/www.charminly.com\/it\/#website"},"primaryImageOfPage":{"@id":"https:\/\/www.charminly.com\/it\/faenza-la-citta-dellarte-dellemilia-romagna\/#primaryimage"},"image":{"@id":"https:\/\/www.charminly.com\/it\/faenza-la-citta-dellarte-dellemilia-romagna\/#primaryimage"},"thumbnailUrl":"https:\/\/www.charminly.com\/wp-content\/uploads\/2019\/01\/1200px-Cattedrale_di_San_Pietro_Apostolo_opt.jpg","datePublished":"2019-01-12T18:56:24+00:00","dateModified":"2020-01-16T11:16:42+00:00","description":"Alloggiando presso l\u2019agriturismo di design Sacramora 12 a Faenza, in provincia di Ravenna, potete visitare Faenza: la citt\u00e0 dell\u2019arte dell\u2019Emilia Romagna","breadcrumb":{"@id":"https:\/\/www.charminly.com\/it\/faenza-la-citta-dellarte-dellemilia-romagna\/#breadcrumb"},"inLanguage":"it-IT","potentialAction":[{"@type":"ReadAction","target":["https:\/\/www.charminly.com\/it\/faenza-la-citta-dellarte-dellemilia-romagna\/"]}]},{"@type":"ImageObject","inLanguage":"it-IT","@id":"https:\/\/www.charminly.com\/it\/faenza-la-citta-dellarte-dellemilia-romagna\/#primaryimage","url":"https:\/\/www.charminly.com\/wp-content\/uploads\/2019\/01\/1200px-Cattedrale_di_San_Pietro_Apostolo_opt.jpg","contentUrl":"https:\/\/www.charminly.com\/wp-content\/uploads\/2019\/01\/1200px-Cattedrale_di_San_Pietro_Apostolo_opt.jpg","width":1024,"height":683},{"@type":"BreadcrumbList","@id":"https:\/\/www.charminly.com\/it\/faenza-la-citta-dellarte-dellemilia-romagna\/#breadcrumb","itemListElement":[{"@type":"ListItem","position":1,"name":"Home","item":"https:\/\/www.charminly.com\/it\/"},{"@type":"ListItem","position":2,"name":"Cosa vedere in Emilia Romagna","item":"https:\/\/www.charminly.com\/it\/tag\/cosa-vedere-in-emilia-romagna\/"},{"@type":"ListItem","position":3,"name":"Faenza: la citt\u00e0 dell\u2019arte dell\u2019Emilia Romagna"}]},{"@type":"WebSite","@id":"https:\/\/www.charminly.com\/it\/#website","url":"https:\/\/www.charminly.com\/it\/","name":"","description":"","publisher":{"@id":"https:\/\/www.charminly.com\/it\/#organization"},"potentialAction":[{"@type":"SearchAction","target":{"@type":"EntryPoint","urlTemplate":"https:\/\/www.charminly.com\/it\/?s={search_term_string}"},"query-input":{"@type":"PropertyValueSpecification","valueRequired":true,"valueName":"search_term_string"}}],"inLanguage":"it-IT"},{"@type":"Organization","@id":"https:\/\/www.charminly.com\/it\/#organization","name":"Charminly.com","url":"https:\/\/www.charminly.com\/it\/","logo":{"@type":"ImageObject","inLanguage":"it-IT","@id":"https:\/\/www.charminly.com\/it\/#\/schema\/logo\/image\/","url":"https:\/\/www.charminly.com\/wp-content\/uploads\/2014\/10\/logo.png","contentUrl":"https:\/\/www.charminly.com\/wp-content\/uploads\/2014\/10\/logo.png","width":264,"height":115,"caption":"Charminly.com"},"image":{"@id":"https:\/\/www.charminly.com\/it\/#\/schema\/logo\/image\/"},"sameAs":["https:\/\/www.facebook.com\/charminlyitalia\/","https:\/\/x.com\/charminly_com"]},{"@type":"Person","@id":"https:\/\/www.charminly.com\/it\/#\/schema\/person\/52806bb74f5c81bbf5f0989dd952c7ea","name":"Ivan Lopez","image":{"@type":"ImageObject","inLanguage":"it-IT","@id":"https:\/\/www.charminly.com\/it\/#\/schema\/person\/image\/","url":"https:\/\/secure.gravatar.com\/avatar\/e8aef7257c7a278cfcb908e241d9761c?s=96&d=mm&r=g","contentUrl":"https:\/\/secure.gravatar.com\/avatar\/e8aef7257c7a278cfcb908e241d9761c?s=96&d=mm&r=g","caption":"Ivan Lopez"},"url":"https:\/\/www.charminly.com\/it\/author\/ivan\/"}]}},"_links":{"self":[{"href":"https:\/\/www.charminly.com\/it\/wp-json\/wp\/v2\/posts\/55368","targetHints":{"allow":["GET"]}}],"collection":[{"href":"https:\/\/www.charminly.com\/it\/wp-json\/wp\/v2\/posts"}],"about":[{"href":"https:\/\/www.charminly.com\/it\/wp-json\/wp\/v2\/types\/post"}],"author":[{"embeddable":true,"href":"https:\/\/www.charminly.com\/it\/wp-json\/wp\/v2\/users\/6"}],"replies":[{"embeddable":true,"href":"https:\/\/www.charminly.com\/it\/wp-json\/wp\/v2\/comments?post=55368"}],"version-history":[{"count":0,"href":"https:\/\/www.charminly.com\/it\/wp-json\/wp\/v2\/posts\/55368\/revisions"}],"wp:featuredmedia":[{"embeddable":true,"href":"https:\/\/www.charminly.com\/it\/wp-json\/wp\/v2\/media\/55372"}],"wp:attachment":[{"href":"https:\/\/www.charminly.com\/it\/wp-json\/wp\/v2\/media?parent=55368"}],"wp:term":[{"taxonomy":"category","embeddable":true,"href":"https:\/\/www.charminly.com\/it\/wp-json\/wp\/v2\/categories?post=55368"},{"taxonomy":"post_tag","embeddable":true,"href":"https:\/\/www.charminly.com\/it\/wp-json\/wp\/v2\/tags?post=55368"}],"curies":[{"name":"wp","href":"https:\/\/api.w.org\/{rel}","templated":true}]}}