{"id":55342,"date":"2019-01-11T21:50:10","date_gmt":"2019-01-11T20:50:10","guid":{"rendered":"https:\/\/www.charminly.com\/?p=55342"},"modified":"2020-01-16T12:15:42","modified_gmt":"2020-01-16T11:15:42","slug":"manifestazioni-artistiche-storiche-culturali-feste-ed-eventi-folkloristici-del-trentino-alto-adige","status":"publish","type":"post","link":"https:\/\/www.charminly.com\/it\/manifestazioni-artistiche-storiche-culturali-feste-ed-eventi-folkloristici-del-trentino-alto-adige\/","title":{"rendered":"Manifestazioni artistiche, storiche, culturali, feste ed eventi folkloristici del Trentino-Alto Adige"},"content":{"rendered":"<p>Alloggiando presso il\u00a0<a href=\"https:\/\/www.charminly.com\/it\/properties\/rifugio-la-montanara-it\/\"><strong>B&B Rifugio La Montanara<\/strong><\/a>\u00a0di\u00a0<a href=\"https:\/\/www.charminly.com\/it\/area\/molveno-it\/\"><strong>Molvino<\/strong><\/a>\u00a0\u00e8 possibile scoprire manifestazioni artistiche, storiche, culturali, feste ed eventi folkloristici del Trentino-Alto Adige.<\/p>\n<h3><strong>Feste Vigiliane<\/strong><\/h3>\n<p>Ogni anno a Trento, intorno alla seconda met\u00e0 di giugno, si svolgono le Feste Vigilia. Esse sono un insieme di manifestazioni, che si svolgono in diverse giornate. Alcune di esse sono il corteo storico in costume per le vie del centro, il Palio dell\u2019Oca, la Fiera di S.Virgilio e la Notte Magica con negozi aperti fino a tardi, spettacoli e musica.<\/p>\n<div id=\"attachment_55343\" style=\"width: 1034px\" class=\"wp-caption alignnone\"><img loading=\"lazy\" decoding=\"async\" aria-describedby=\"caption-attachment-55343\" class=\"wp-image-55343 size-large\" src=\"https:\/\/www.charminly.com\/wp-content\/uploads\/2019\/01\/Feste-Vigiliane-cultura-p-trentino_opt-1024x658.jpg\" alt=\"\" width=\"1024\" height=\"658\" srcset=\"https:\/\/www.charminly.com\/wp-content\/uploads\/2019\/01\/Feste-Vigiliane-cultura-p-trentino_opt.jpg 1024w, https:\/\/www.charminly.com\/wp-content\/uploads\/2019\/01\/Feste-Vigiliane-cultura-p-trentino_opt-300x193.jpg 300w, https:\/\/www.charminly.com\/wp-content\/uploads\/2019\/01\/Feste-Vigiliane-cultura-p-trentino_opt-768x494.jpg 768w\" sizes=\"auto, (max-width: 1024px) 100vw, 1024px\" \/><p id=\"caption-attachment-55343\" class=\"wp-caption-text\">Feste vigiliane, foto by cultura.trentino<\/p><\/div>\n<h3><strong>Sagra Del Salmerino<\/strong><\/h3>\n<p>A <strong>Molveno<\/strong>, nel mese di <strong>giugno<\/strong>, \u00e8 possibile partecipare alla <strong>Sagra del Salmerino<\/strong> con degustazione di piatti tipici a base di Salmerino, stand, musica dal vivo ed escursioni. Potrete ad esempio assaporare polenta con salmerino e cavolo cappuccio, formaggio, fagioli e lucanica.<\/p>\n<h3><strong>Festa della Mela<\/strong><\/h3>\n<p>Nella cittadina di <strong>Cles<\/strong> ogni anni, ad <strong>ottobre<\/strong>, si svolge la <strong>Sagra della Mela<\/strong> ovvero una manifestazione in cui \u00e8 possibile degustare diverse tipologie di mele DOP della Val di Non appena raccolte. Non manca l\u2019animazione con bande locali, musica e carri!<\/p>\n<h3><strong>Sagra della Ciuiga<\/strong><\/h3>\n<p>Intorno ai primi di novembre si svolge, a <strong>San Lorenzo in Banale<\/strong>, la <strong>Sagra della Ciuiga<\/strong> ovvero il salume pi\u00f9 famoso in Trentino diventato oramai presidio Slow Food. Non mancheranno stand gastronomici, balli, musica e tanto divertimento.<\/p>\n<h3><strong>Festa di San Martino<\/strong><\/h3>\n<p>Durante la prima met\u00e0 di novembre a <strong>Stenico<\/strong>, in <strong>Trentino-Alto Adige<\/strong>, si svolge la <strong>festa di San Martino<\/strong> volta a celebrare la fine della stagione agricola. Infatti, era dedicata al mercato del bestiame ed era l\u2019occasione per poter incontrare gli altri agricoltori con i quali si scambiavano e vendevano noci, patate e formaggio. Ad oggi la festa prevede degustazione di piatti tipici come la trippa in brodo oppure al sugo, stand, musica, giullari di strada e spettacoli itineranti caratterizzano questa importante manifestazione.<\/p>\n<div id=\"attachment_55347\" style=\"width: 1034px\" class=\"wp-caption alignnone\"><img loading=\"lazy\" decoding=\"async\" aria-describedby=\"caption-attachment-55347\" class=\"wp-image-55347 size-large\" src=\"https:\/\/www.charminly.com\/wp-content\/uploads\/2019\/01\/Mercatini-di-Natale-Rango-mercatinidirango_opt-1024x819.jpg\" alt=\"\" width=\"1024\" height=\"819\" srcset=\"https:\/\/www.charminly.com\/wp-content\/uploads\/2019\/01\/Mercatini-di-Natale-Rango-mercatinidirango_opt.jpg 1024w, https:\/\/www.charminly.com\/wp-content\/uploads\/2019\/01\/Mercatini-di-Natale-Rango-mercatinidirango_opt-300x240.jpg 300w, https:\/\/www.charminly.com\/wp-content\/uploads\/2019\/01\/Mercatini-di-Natale-Rango-mercatinidirango_opt-768x614.jpg 768w\" sizes=\"auto, (max-width: 1024px) 100vw, 1024px\" \/><p id=\"caption-attachment-55347\" class=\"wp-caption-text\">Mercatino di Natale di Rango, foto by mercatinidirango<\/p><\/div>\n<h3><strong>Mercatini di Natale<\/strong><\/h3>\n<p>Il mese di <strong>dicembre<\/strong> \u00e8 un mese magico per via dell\u2019atmosfera natalizia che si respira per le strade, e questo grazie anche ai <strong>mercatini di Natale<\/strong>, dove potersi immergere nell\u2019atmosfera natalizia.<\/p>\n<p>Il <strong>Mercatino di Natale di Rango<\/strong>, particolarmente, \u00e8 caratteristico poich\u00e9 \u00e8 allestito all\u2019interno delle case contadine: cantine, vecchie stalle e soffitte in cui vengono allestiti banchi di ogni tipo. Prodotti tipici ed artigianali, insieme ai prodotti artigianali locali, vanno per la maggiore.<\/p>\n<p>Il <strong>Mercatino di Trento<\/strong> \u00e8 uno dei pi\u00f9 importanti d\u2019Europa, in quanto tanti sono i visitatori da tutto il mondo. In entrambi i casi \u00e8 possibile acquistare prodotti tipici artigianali, il vin brul\u00e8 che \u00e8 in grado di riscaldare anche le serate pi\u00f9 fredde, addobbi natalizi, vestiario, oli, tisane, candele.<\/p>\n<hr \/>\n<div class=\"article_container\"><h2 class=\"shortcode_title\">Charming home nelle vicinanze<\/h2><div class=\"listinglink-wrapper\">\n                           <a href=\"https:\/\/www.charminly.com\/listings\/relais-country-houses-en\/\"> <span class=\"wpresidence_button\"> more listings <\/span><\/a>\n                       <\/div><\/div>\n","protected":false},"excerpt":{"rendered":"<p>Alloggiando presso il\u00a0B&#038;B Rifugio La Montanara\u00a0di\u00a0Molvino\u00a0\u00e8 possibile scoprire manifestazioni artistiche, storiche, culturali, feste ed eventi folkloristici del Trentino-Alto Adige. Feste Vigiliane Ogni anno a Trento, intorno alla seconda met\u00e0 di giugno, si svolgono le Feste Vigilia. Esse sono un insieme di manifestazioni, che si svolgono in diverse giornate. Alcune di esse sono il corteo storico in costume per le vie del centro, il Palio &#8230;<\/p>\n","protected":false},"author":6,"featured_media":55350,"comment_status":"closed","ping_status":"closed","sticky":false,"template":"","format":"standard","meta":{"_acf_changed":false,"footnotes":""},"categories":[144],"tags":[779],"class_list":["post-55342","post","type-post","status-publish","format-standard","has-post-thumbnail","hentry","category-feste-tradizioni-arti-e-mestieri","tag-cosa-fare-in-trentino-alto-adige"],"acf":[],"yoast_head":"<!-- This site is optimized with the Yoast SEO plugin v23.9 - https:\/\/yoast.com\/wordpress\/plugins\/seo\/ -->\n<title>Manifestazioni artistiche, storiche, culturali, feste ed eventi folkloristici del Trentino-Alto Adige<\/title>\n<meta name=\"description\" content=\"Alloggiando al\u00a0B&amp;B Rifugio La Montanara, scoprirete manifestazioni artistiche, storiche, culturali, feste ed eventi folkloristici del Trentino-Alto Adige\" \/>\n<meta name=\"robots\" content=\"index, follow, max-snippet:-1, max-image-preview:large, max-video-preview:-1\" \/>\n<link rel=\"canonical\" href=\"https:\/\/www.charminly.com\/it\/manifestazioni-artistiche-storiche-culturali-feste-ed-eventi-folkloristici-del-trentino-alto-adige\/\" \/>\n<meta property=\"og:locale\" content=\"it_IT\" \/>\n<meta property=\"og:type\" content=\"article\" \/>\n<meta property=\"og:title\" content=\"Manifestazioni artistiche, storiche, culturali, feste ed eventi folkloristici del Trentino-Alto Adige\" \/>\n<meta property=\"og:description\" content=\"Alloggiando al\u00a0B&amp;B Rifugio La Montanara, scoprirete manifestazioni artistiche, storiche, culturali, feste ed eventi folkloristici del Trentino-Alto Adige\" \/>\n<meta property=\"og:url\" content=\"https:\/\/www.charminly.com\/it\/manifestazioni-artistiche-storiche-culturali-feste-ed-eventi-folkloristici-del-trentino-alto-adige\/\" \/>\n<meta property=\"article:publisher\" content=\"https:\/\/www.facebook.com\/charminlyitalia\/\" \/>\n<meta property=\"article:published_time\" content=\"2019-01-11T20:50:10+00:00\" \/>\n<meta property=\"article:modified_time\" content=\"2020-01-16T11:15:42+00:00\" \/>\n<meta property=\"og:image\" content=\"https:\/\/www.charminly.com\/wp-content\/uploads\/2019\/01\/Mercatini-di-Natale-Rango-mercatinidirango_opt.jpg\" \/>\n\t<meta property=\"og:image:width\" content=\"1024\" \/>\n\t<meta property=\"og:image:height\" content=\"819\" \/>\n\t<meta property=\"og:image:type\" content=\"image\/jpeg\" \/>\n<meta name=\"author\" content=\"Ivan Lopez\" \/>\n<meta name=\"twitter:card\" content=\"summary_large_image\" \/>\n<meta name=\"twitter:creator\" content=\"@charminly_com\" \/>\n<meta name=\"twitter:site\" content=\"@charminly_com\" \/>\n<meta name=\"twitter:label1\" content=\"Scritto da\" \/>\n\t<meta name=\"twitter:data1\" content=\"Ivan Lopez\" \/>\n\t<meta name=\"twitter:label2\" content=\"Tempo di lettura stimato\" \/>\n\t<meta name=\"twitter:data2\" content=\"2 minuti\" \/>\n<script type=\"application\/ld+json\" class=\"yoast-schema-graph\">{\"@context\":\"https:\/\/schema.org\",\"@graph\":[{\"@type\":\"Article\",\"@id\":\"https:\/\/www.charminly.com\/it\/manifestazioni-artistiche-storiche-culturali-feste-ed-eventi-folkloristici-del-trentino-alto-adige\/#article\",\"isPartOf\":{\"@id\":\"https:\/\/www.charminly.com\/it\/manifestazioni-artistiche-storiche-culturali-feste-ed-eventi-folkloristici-del-trentino-alto-adige\/\"},\"author\":{\"name\":\"Ivan Lopez\",\"@id\":\"https:\/\/www.charminly.com\/it\/#\/schema\/person\/52806bb74f5c81bbf5f0989dd952c7ea\"},\"headline\":\"Manifestazioni artistiche, storiche, culturali, feste ed eventi folkloristici del Trentino-Alto Adige\",\"datePublished\":\"2019-01-11T20:50:10+00:00\",\"dateModified\":\"2020-01-16T11:15:42+00:00\",\"mainEntityOfPage\":{\"@id\":\"https:\/\/www.charminly.com\/it\/manifestazioni-artistiche-storiche-culturali-feste-ed-eventi-folkloristici-del-trentino-alto-adige\/\"},\"wordCount\":494,\"publisher\":{\"@id\":\"https:\/\/www.charminly.com\/it\/#organization\"},\"image\":{\"@id\":\"https:\/\/www.charminly.com\/it\/manifestazioni-artistiche-storiche-culturali-feste-ed-eventi-folkloristici-del-trentino-alto-adige\/#primaryimage\"},\"thumbnailUrl\":\"https:\/\/www.charminly.com\/wp-content\/uploads\/2019\/01\/Mercatini-di-Natale-Rango-mercatinidirango_opt.jpg\",\"keywords\":[\"Cosa fare in Trentino Alto Adige\"],\"articleSection\":[\"Feste, tradizioni, arti e mestieri\"],\"inLanguage\":\"it-IT\"},{\"@type\":\"WebPage\",\"@id\":\"https:\/\/www.charminly.com\/it\/manifestazioni-artistiche-storiche-culturali-feste-ed-eventi-folkloristici-del-trentino-alto-adige\/\",\"url\":\"https:\/\/www.charminly.com\/it\/manifestazioni-artistiche-storiche-culturali-feste-ed-eventi-folkloristici-del-trentino-alto-adige\/\",\"name\":\"Manifestazioni artistiche, storiche, culturali, feste ed eventi folkloristici del Trentino-Alto Adige\",\"isPartOf\":{\"@id\":\"https:\/\/www.charminly.com\/it\/#website\"},\"primaryImageOfPage\":{\"@id\":\"https:\/\/www.charminly.com\/it\/manifestazioni-artistiche-storiche-culturali-feste-ed-eventi-folkloristici-del-trentino-alto-adige\/#primaryimage\"},\"image\":{\"@id\":\"https:\/\/www.charminly.com\/it\/manifestazioni-artistiche-storiche-culturali-feste-ed-eventi-folkloristici-del-trentino-alto-adige\/#primaryimage\"},\"thumbnailUrl\":\"https:\/\/www.charminly.com\/wp-content\/uploads\/2019\/01\/Mercatini-di-Natale-Rango-mercatinidirango_opt.jpg\",\"datePublished\":\"2019-01-11T20:50:10+00:00\",\"dateModified\":\"2020-01-16T11:15:42+00:00\",\"description\":\"Alloggiando al\u00a0B&B Rifugio La Montanara, scoprirete manifestazioni artistiche, storiche, culturali, feste ed eventi folkloristici del Trentino-Alto Adige\",\"breadcrumb\":{\"@id\":\"https:\/\/www.charminly.com\/it\/manifestazioni-artistiche-storiche-culturali-feste-ed-eventi-folkloristici-del-trentino-alto-adige\/#breadcrumb\"},\"inLanguage\":\"it-IT\",\"potentialAction\":[{\"@type\":\"ReadAction\",\"target\":[\"https:\/\/www.charminly.com\/it\/manifestazioni-artistiche-storiche-culturali-feste-ed-eventi-folkloristici-del-trentino-alto-adige\/\"]}]},{\"@type\":\"ImageObject\",\"inLanguage\":\"it-IT\",\"@id\":\"https:\/\/www.charminly.com\/it\/manifestazioni-artistiche-storiche-culturali-feste-ed-eventi-folkloristici-del-trentino-alto-adige\/#primaryimage\",\"url\":\"https:\/\/www.charminly.com\/wp-content\/uploads\/2019\/01\/Mercatini-di-Natale-Rango-mercatinidirango_opt.jpg\",\"contentUrl\":\"https:\/\/www.charminly.com\/wp-content\/uploads\/2019\/01\/Mercatini-di-Natale-Rango-mercatinidirango_opt.jpg\",\"width\":1024,\"height\":819},{\"@type\":\"BreadcrumbList\",\"@id\":\"https:\/\/www.charminly.com\/it\/manifestazioni-artistiche-storiche-culturali-feste-ed-eventi-folkloristici-del-trentino-alto-adige\/#breadcrumb\",\"itemListElement\":[{\"@type\":\"ListItem\",\"position\":1,\"name\":\"Home\",\"item\":\"https:\/\/www.charminly.com\/it\/\"},{\"@type\":\"ListItem\",\"position\":2,\"name\":\"Cosa fare in Trentino Alto Adige\",\"item\":\"https:\/\/www.charminly.com\/it\/tag\/cosa-fare-in-trentino-alto-adige\/\"},{\"@type\":\"ListItem\",\"position\":3,\"name\":\"Manifestazioni artistiche, storiche, culturali, feste ed eventi folkloristici del Trentino-Alto Adige\"}]},{\"@type\":\"WebSite\",\"@id\":\"https:\/\/www.charminly.com\/it\/#website\",\"url\":\"https:\/\/www.charminly.com\/it\/\",\"name\":\"\",\"description\":\"\",\"publisher\":{\"@id\":\"https:\/\/www.charminly.com\/it\/#organization\"},\"potentialAction\":[{\"@type\":\"SearchAction\",\"target\":{\"@type\":\"EntryPoint\",\"urlTemplate\":\"https:\/\/www.charminly.com\/it\/?s={search_term_string}\"},\"query-input\":{\"@type\":\"PropertyValueSpecification\",\"valueRequired\":true,\"valueName\":\"search_term_string\"}}],\"inLanguage\":\"it-IT\"},{\"@type\":\"Organization\",\"@id\":\"https:\/\/www.charminly.com\/it\/#organization\",\"name\":\"Charminly.com\",\"url\":\"https:\/\/www.charminly.com\/it\/\",\"logo\":{\"@type\":\"ImageObject\",\"inLanguage\":\"it-IT\",\"@id\":\"https:\/\/www.charminly.com\/it\/#\/schema\/logo\/image\/\",\"url\":\"https:\/\/www.charminly.com\/wp-content\/uploads\/2014\/10\/logo.png\",\"contentUrl\":\"https:\/\/www.charminly.com\/wp-content\/uploads\/2014\/10\/logo.png\",\"width\":264,\"height\":115,\"caption\":\"Charminly.com\"},\"image\":{\"@id\":\"https:\/\/www.charminly.com\/it\/#\/schema\/logo\/image\/\"},\"sameAs\":[\"https:\/\/www.facebook.com\/charminlyitalia\/\",\"https:\/\/x.com\/charminly_com\"]},{\"@type\":\"Person\",\"@id\":\"https:\/\/www.charminly.com\/it\/#\/schema\/person\/52806bb74f5c81bbf5f0989dd952c7ea\",\"name\":\"Ivan Lopez\",\"image\":{\"@type\":\"ImageObject\",\"inLanguage\":\"it-IT\",\"@id\":\"https:\/\/www.charminly.com\/it\/#\/schema\/person\/image\/\",\"url\":\"https:\/\/secure.gravatar.com\/avatar\/e8aef7257c7a278cfcb908e241d9761c?s=96&d=mm&r=g\",\"contentUrl\":\"https:\/\/secure.gravatar.com\/avatar\/e8aef7257c7a278cfcb908e241d9761c?s=96&d=mm&r=g\",\"caption\":\"Ivan Lopez\"},\"url\":\"https:\/\/www.charminly.com\/it\/author\/ivan\/\"}]}<\/script>\n<!-- \/ Yoast SEO plugin. -->","yoast_head_json":{"title":"Manifestazioni artistiche, storiche, culturali, feste ed eventi folkloristici del Trentino-Alto Adige","description":"Alloggiando al\u00a0B&B Rifugio La Montanara, scoprirete manifestazioni artistiche, storiche, culturali, feste ed eventi folkloristici del Trentino-Alto Adige","robots":{"index":"index","follow":"follow","max-snippet":"max-snippet:-1","max-image-preview":"max-image-preview:large","max-video-preview":"max-video-preview:-1"},"canonical":"https:\/\/www.charminly.com\/it\/manifestazioni-artistiche-storiche-culturali-feste-ed-eventi-folkloristici-del-trentino-alto-adige\/","og_locale":"it_IT","og_type":"article","og_title":"Manifestazioni artistiche, storiche, culturali, feste ed eventi folkloristici del Trentino-Alto Adige","og_description":"Alloggiando al\u00a0B&B Rifugio La Montanara, scoprirete manifestazioni artistiche, storiche, culturali, feste ed eventi folkloristici del Trentino-Alto Adige","og_url":"https:\/\/www.charminly.com\/it\/manifestazioni-artistiche-storiche-culturali-feste-ed-eventi-folkloristici-del-trentino-alto-adige\/","article_publisher":"https:\/\/www.facebook.com\/charminlyitalia\/","article_published_time":"2019-01-11T20:50:10+00:00","article_modified_time":"2020-01-16T11:15:42+00:00","og_image":[{"width":1024,"height":819,"url":"https:\/\/www.charminly.com\/wp-content\/uploads\/2019\/01\/Mercatini-di-Natale-Rango-mercatinidirango_opt.jpg","type":"image\/jpeg"}],"author":"Ivan Lopez","twitter_card":"summary_large_image","twitter_creator":"@charminly_com","twitter_site":"@charminly_com","twitter_misc":{"Scritto da":"Ivan Lopez","Tempo di lettura stimato":"2 minuti"},"schema":{"@context":"https:\/\/schema.org","@graph":[{"@type":"Article","@id":"https:\/\/www.charminly.com\/it\/manifestazioni-artistiche-storiche-culturali-feste-ed-eventi-folkloristici-del-trentino-alto-adige\/#article","isPartOf":{"@id":"https:\/\/www.charminly.com\/it\/manifestazioni-artistiche-storiche-culturali-feste-ed-eventi-folkloristici-del-trentino-alto-adige\/"},"author":{"name":"Ivan Lopez","@id":"https:\/\/www.charminly.com\/it\/#\/schema\/person\/52806bb74f5c81bbf5f0989dd952c7ea"},"headline":"Manifestazioni artistiche, storiche, culturali, feste ed eventi folkloristici del Trentino-Alto Adige","datePublished":"2019-01-11T20:50:10+00:00","dateModified":"2020-01-16T11:15:42+00:00","mainEntityOfPage":{"@id":"https:\/\/www.charminly.com\/it\/manifestazioni-artistiche-storiche-culturali-feste-ed-eventi-folkloristici-del-trentino-alto-adige\/"},"wordCount":494,"publisher":{"@id":"https:\/\/www.charminly.com\/it\/#organization"},"image":{"@id":"https:\/\/www.charminly.com\/it\/manifestazioni-artistiche-storiche-culturali-feste-ed-eventi-folkloristici-del-trentino-alto-adige\/#primaryimage"},"thumbnailUrl":"https:\/\/www.charminly.com\/wp-content\/uploads\/2019\/01\/Mercatini-di-Natale-Rango-mercatinidirango_opt.jpg","keywords":["Cosa fare in Trentino Alto Adige"],"articleSection":["Feste, tradizioni, arti e mestieri"],"inLanguage":"it-IT"},{"@type":"WebPage","@id":"https:\/\/www.charminly.com\/it\/manifestazioni-artistiche-storiche-culturali-feste-ed-eventi-folkloristici-del-trentino-alto-adige\/","url":"https:\/\/www.charminly.com\/it\/manifestazioni-artistiche-storiche-culturali-feste-ed-eventi-folkloristici-del-trentino-alto-adige\/","name":"Manifestazioni artistiche, storiche, culturali, feste ed eventi folkloristici del Trentino-Alto Adige","isPartOf":{"@id":"https:\/\/www.charminly.com\/it\/#website"},"primaryImageOfPage":{"@id":"https:\/\/www.charminly.com\/it\/manifestazioni-artistiche-storiche-culturali-feste-ed-eventi-folkloristici-del-trentino-alto-adige\/#primaryimage"},"image":{"@id":"https:\/\/www.charminly.com\/it\/manifestazioni-artistiche-storiche-culturali-feste-ed-eventi-folkloristici-del-trentino-alto-adige\/#primaryimage"},"thumbnailUrl":"https:\/\/www.charminly.com\/wp-content\/uploads\/2019\/01\/Mercatini-di-Natale-Rango-mercatinidirango_opt.jpg","datePublished":"2019-01-11T20:50:10+00:00","dateModified":"2020-01-16T11:15:42+00:00","description":"Alloggiando al\u00a0B&B Rifugio La Montanara, scoprirete manifestazioni artistiche, storiche, culturali, feste ed eventi folkloristici del Trentino-Alto Adige","breadcrumb":{"@id":"https:\/\/www.charminly.com\/it\/manifestazioni-artistiche-storiche-culturali-feste-ed-eventi-folkloristici-del-trentino-alto-adige\/#breadcrumb"},"inLanguage":"it-IT","potentialAction":[{"@type":"ReadAction","target":["https:\/\/www.charminly.com\/it\/manifestazioni-artistiche-storiche-culturali-feste-ed-eventi-folkloristici-del-trentino-alto-adige\/"]}]},{"@type":"ImageObject","inLanguage":"it-IT","@id":"https:\/\/www.charminly.com\/it\/manifestazioni-artistiche-storiche-culturali-feste-ed-eventi-folkloristici-del-trentino-alto-adige\/#primaryimage","url":"https:\/\/www.charminly.com\/wp-content\/uploads\/2019\/01\/Mercatini-di-Natale-Rango-mercatinidirango_opt.jpg","contentUrl":"https:\/\/www.charminly.com\/wp-content\/uploads\/2019\/01\/Mercatini-di-Natale-Rango-mercatinidirango_opt.jpg","width":1024,"height":819},{"@type":"BreadcrumbList","@id":"https:\/\/www.charminly.com\/it\/manifestazioni-artistiche-storiche-culturali-feste-ed-eventi-folkloristici-del-trentino-alto-adige\/#breadcrumb","itemListElement":[{"@type":"ListItem","position":1,"name":"Home","item":"https:\/\/www.charminly.com\/it\/"},{"@type":"ListItem","position":2,"name":"Cosa fare in Trentino Alto Adige","item":"https:\/\/www.charminly.com\/it\/tag\/cosa-fare-in-trentino-alto-adige\/"},{"@type":"ListItem","position":3,"name":"Manifestazioni artistiche, storiche, culturali, feste ed eventi folkloristici del Trentino-Alto Adige"}]},{"@type":"WebSite","@id":"https:\/\/www.charminly.com\/it\/#website","url":"https:\/\/www.charminly.com\/it\/","name":"","description":"","publisher":{"@id":"https:\/\/www.charminly.com\/it\/#organization"},"potentialAction":[{"@type":"SearchAction","target":{"@type":"EntryPoint","urlTemplate":"https:\/\/www.charminly.com\/it\/?s={search_term_string}"},"query-input":{"@type":"PropertyValueSpecification","valueRequired":true,"valueName":"search_term_string"}}],"inLanguage":"it-IT"},{"@type":"Organization","@id":"https:\/\/www.charminly.com\/it\/#organization","name":"Charminly.com","url":"https:\/\/www.charminly.com\/it\/","logo":{"@type":"ImageObject","inLanguage":"it-IT","@id":"https:\/\/www.charminly.com\/it\/#\/schema\/logo\/image\/","url":"https:\/\/www.charminly.com\/wp-content\/uploads\/2014\/10\/logo.png","contentUrl":"https:\/\/www.charminly.com\/wp-content\/uploads\/2014\/10\/logo.png","width":264,"height":115,"caption":"Charminly.com"},"image":{"@id":"https:\/\/www.charminly.com\/it\/#\/schema\/logo\/image\/"},"sameAs":["https:\/\/www.facebook.com\/charminlyitalia\/","https:\/\/x.com\/charminly_com"]},{"@type":"Person","@id":"https:\/\/www.charminly.com\/it\/#\/schema\/person\/52806bb74f5c81bbf5f0989dd952c7ea","name":"Ivan Lopez","image":{"@type":"ImageObject","inLanguage":"it-IT","@id":"https:\/\/www.charminly.com\/it\/#\/schema\/person\/image\/","url":"https:\/\/secure.gravatar.com\/avatar\/e8aef7257c7a278cfcb908e241d9761c?s=96&d=mm&r=g","contentUrl":"https:\/\/secure.gravatar.com\/avatar\/e8aef7257c7a278cfcb908e241d9761c?s=96&d=mm&r=g","caption":"Ivan Lopez"},"url":"https:\/\/www.charminly.com\/it\/author\/ivan\/"}]}},"_links":{"self":[{"href":"https:\/\/www.charminly.com\/it\/wp-json\/wp\/v2\/posts\/55342","targetHints":{"allow":["GET"]}}],"collection":[{"href":"https:\/\/www.charminly.com\/it\/wp-json\/wp\/v2\/posts"}],"about":[{"href":"https:\/\/www.charminly.com\/it\/wp-json\/wp\/v2\/types\/post"}],"author":[{"embeddable":true,"href":"https:\/\/www.charminly.com\/it\/wp-json\/wp\/v2\/users\/6"}],"replies":[{"embeddable":true,"href":"https:\/\/www.charminly.com\/it\/wp-json\/wp\/v2\/comments?post=55342"}],"version-history":[{"count":0,"href":"https:\/\/www.charminly.com\/it\/wp-json\/wp\/v2\/posts\/55342\/revisions"}],"wp:featuredmedia":[{"embeddable":true,"href":"https:\/\/www.charminly.com\/it\/wp-json\/wp\/v2\/media\/55350"}],"wp:attachment":[{"href":"https:\/\/www.charminly.com\/it\/wp-json\/wp\/v2\/media?parent=55342"}],"wp:term":[{"taxonomy":"category","embeddable":true,"href":"https:\/\/www.charminly.com\/it\/wp-json\/wp\/v2\/categories?post=55342"},{"taxonomy":"post_tag","embeddable":true,"href":"https:\/\/www.charminly.com\/it\/wp-json\/wp\/v2\/tags?post=55342"}],"curies":[{"name":"wp","href":"https:\/\/api.w.org\/{rel}","templated":true}]}}