{"id":55302,"date":"2019-01-10T20:18:52","date_gmt":"2019-01-10T19:18:52","guid":{"rendered":"https:\/\/www.charminly.com\/?p=55302"},"modified":"2020-01-16T12:14:09","modified_gmt":"2020-01-16T11:14:09","slug":"feste-medievali-e-passeggiate-al-borgo-tra-le-manifestazioni-piu-rinomate-della-toscana","status":"publish","type":"post","link":"https:\/\/www.charminly.com\/it\/feste-medievali-e-passeggiate-al-borgo-tra-le-manifestazioni-piu-rinomate-della-toscana\/","title":{"rendered":"Feste medievali e passeggiate al borgo tra le manifestazioni pi\u00f9 rinomate della Toscana"},"content":{"rendered":"<h3><strong>Balestro del Girifalco &#8211; Massa Marittima<\/strong><\/h3>\n<p>A <strong>Massa Marittima<\/strong> due volte all\u2019anno, si tiene una delle pi\u00f9 rinomate rievocazioni storiche di tutta la Toscana: il\u00a0<strong>Balestro del Girifalco<\/strong>.<\/p>\n<p>Si tratta di una due giorni durante i quali \u00e8 possibile assistere alla <strong>sfida tra i balestrieri<\/strong>, allo spettacolo degli <strong>sbandieratori<\/strong> e alla <strong>sfilata in costume storico<\/strong>.<\/p>\n<p>Suggestiva \u00e8 proprio la sfida tra i balestrieri, durante la quale si sfidano <strong>24<\/strong> tra i pi\u00f9 abili arcieri che dovranno colpire il <strong>\u201ccorniolo\u201d<\/strong> o <strong>\u201ctasso\u201d<\/strong>: un bersaglio di legno collocato a <strong>36 metri<\/strong> di distanza, posizionato su un pannello in legno pi\u00f9 grande decorato con la figura di un <strong>girifalco<\/strong>.<\/p>\n<p>Il vincitore si aggiudicher\u00e0 una <strong>freccia d\u2019oro<\/strong>, mentre alla sua compagnia di appartenenza verr\u00e0 consegnato un <strong>drappo in seta<\/strong>.<\/p>\n<div id=\"attachment_55303\" style=\"width: 1034px\" class=\"wp-caption alignnone\"><img loading=\"lazy\" decoding=\"async\" aria-describedby=\"caption-attachment-55303\" class=\"wp-image-55303 size-large\" src=\"https:\/\/www.charminly.com\/wp-content\/uploads\/2019\/01\/Balestro-Girifalco-Massa-Marittima-2-meteoweb_opt-1024x682.jpg\" alt=\"\" width=\"1024\" height=\"682\" srcset=\"https:\/\/www.charminly.com\/wp-content\/uploads\/2019\/01\/Balestro-Girifalco-Massa-Marittima-2-meteoweb_opt.jpg 1024w, https:\/\/www.charminly.com\/wp-content\/uploads\/2019\/01\/Balestro-Girifalco-Massa-Marittima-2-meteoweb_opt-300x200.jpg 300w, https:\/\/www.charminly.com\/wp-content\/uploads\/2019\/01\/Balestro-Girifalco-Massa-Marittima-2-meteoweb_opt-768x512.jpg 768w, https:\/\/www.charminly.com\/wp-content\/uploads\/2019\/01\/Balestro-Girifalco-Massa-Marittima-2-meteoweb_opt-105x70.jpg 105w\" sizes=\"auto, (max-width: 1024px) 100vw, 1024px\" \/><p id=\"caption-attachment-55303\" class=\"wp-caption-text\">Balestro del Girifalco, foto by meteoweb<\/p><\/div>\n<h3><strong>Un calice e un violino -Sassetta<\/strong><\/h3>\n<p>A <strong>Sassetta<\/strong> ad agosto \u00e8 possibile prendere parte alla manifestazione <strong>&#8220;Un Calice, un Violino\u201d<\/strong>: si tratta di una cena itinerante che si svolge lungo le vie del centro storico, fino a tarda notte e dove vengono allestiti dei tavoli per la cena che sono suddivisi in base alla portata ai quali si alterneranno vari sommelier che vi guideranno alla scoperta dei vini del borgo.<\/p>\n<p>La serata viene animata poi con musica dal vivo mentre gli artigiani mostrano gli antichi mestieri di Sassetta. \u00e8 una\u00a0cena itinerante\u00a0per le vie storiche del borgo di Sassetta.<\/p>\n<h3><strong>Serate in Medievale -Suvereto<\/strong><\/h3>\n<p>A <strong>Suvereto<\/strong> a luglio si tengono invece le <strong>serate in Medievale<\/strong>. Tutta la citt\u00e0 per l\u2019occasione riporta in vita lo spirito medievale di un tempo addobbando la citt\u00e0 come si usava nei tempi antichi e dando vita ad un convivio medievale all\u2019interno del <strong>chiostro di San Francesco<\/strong> con i tavoli disposti a mo\u2019 di ferro di cavallo.<\/p>\n<p>Lungo le strade si potr\u00e0 inoltre assistere alla sfilata con costumi d\u2019epoca e a spettacoli itineranti.<\/p>\n<p>Il convivio in particolare, si articola secondo un <strong>cerimoniale antico<\/strong> con un men\u00f9 d\u2019epoca che si suddivide per <strong>\u201cservizi\u201d<\/strong>: si inizia con quello di <strong>credenza<\/strong>, seguito poi da quello di <strong>cucina,<\/strong> sino ad arrivare ai <strong>dolci<\/strong> il tutto innaffiato con vino <strong>\u201cde lo contado\u201d suveretano<\/strong>.<\/p>\n<p>La cena verr\u00e0 servita da camerieri in costume e un banditore che illustrer\u00e0 le pietanze e si potr\u00e0 iniziare a mangiare dopo essersi lavati le mani con acqua e petali di rosa.<\/p>\n<h3><strong>Apritiborgo \u2013 Campiglia<\/strong><\/h3>\n<p>Invece a <strong>Campiglia<\/strong> ad agosto si tiene <strong>l\u2019Apritiborgo<\/strong>, un festival popolare in cui poter assistere a numerosi spettacoli non solo divertenti ma anche rappresentazioni drammatiche.<\/p>\n<h3><strong>Sognambula &#8211; Castagneto Carducci<\/strong><\/h3>\n<p>Un evento singolare che si tiene ad agosto a <strong>Castagneto Carducci<\/strong> \u00e8 <strong>Sognambula<\/strong>, un festival di teatro di strada che vuole portare il visitatore a vivere di quei luoghi attraverso i personaggi fantastici che animeranno la serata.<\/p>\n<hr \/>\n<div class=\"article_container\"><h2 class=\"shortcode_title\">Charming home nelle vicinanze<\/h2><div class=\"listinglink-wrapper\">\n                           <a href=\"https:\/\/www.charminly.com\/listings\/relais-country-houses-en\/\"> <span class=\"wpresidence_button\"> more listings <\/span><\/a>\n                       <\/div><\/div>\n","protected":false},"excerpt":{"rendered":"<p>Balestro del Girifalco &#8211; Massa Marittima A Massa Marittima due volte all\u2019anno, si tiene una delle pi\u00f9 rinomate rievocazioni storiche di tutta la Toscana: il\u00a0Balestro del Girifalco. Si tratta di una due giorni durante i quali \u00e8 possibile assistere alla sfida tra i balestrieri, allo spettacolo degli sbandieratori e alla sfilata in costume storico. Suggestiva \u00e8 proprio la sfida tra i balestrieri, durante la &#8230;<\/p>\n","protected":false},"author":6,"featured_media":55306,"comment_status":"closed","ping_status":"closed","sticky":false,"template":"","format":"standard","meta":{"_acf_changed":false,"footnotes":""},"categories":[144],"tags":[612,576],"class_list":["post-55302","post","type-post","status-publish","format-standard","has-post-thumbnail","hentry","category-feste-tradizioni-arti-e-mestieri","tag-cosa-fare-in-toscana","tag-what-to-do-in-tuscany"],"acf":[],"yoast_head":"<!-- This site is optimized with the Yoast SEO plugin v23.9 - https:\/\/yoast.com\/wordpress\/plugins\/seo\/ -->\n<title>Feste medievali e passeggiate al borgo tra le manifestazioni pi\u00f9 rinomate della Toscana<\/title>\n<meta name=\"description\" content=\"Feste medievali e passeggiate al borgo tra le manifestazioni pi\u00f9 rinomate della Toscana\" \/>\n<meta name=\"robots\" content=\"index, follow, max-snippet:-1, max-image-preview:large, max-video-preview:-1\" \/>\n<link rel=\"canonical\" href=\"https:\/\/www.charminly.com\/it\/feste-medievali-e-passeggiate-al-borgo-tra-le-manifestazioni-piu-rinomate-della-toscana\/\" \/>\n<meta property=\"og:locale\" content=\"it_IT\" \/>\n<meta property=\"og:type\" content=\"article\" \/>\n<meta property=\"og:title\" content=\"Feste medievali e passeggiate al borgo tra le manifestazioni pi\u00f9 rinomate della Toscana\" \/>\n<meta property=\"og:description\" content=\"Feste medievali e passeggiate al borgo tra le manifestazioni pi\u00f9 rinomate della Toscana\" \/>\n<meta property=\"og:url\" content=\"https:\/\/www.charminly.com\/it\/feste-medievali-e-passeggiate-al-borgo-tra-le-manifestazioni-piu-rinomate-della-toscana\/\" \/>\n<meta property=\"article:publisher\" content=\"https:\/\/www.facebook.com\/charminlyitalia\/\" \/>\n<meta property=\"article:published_time\" content=\"2019-01-10T19:18:52+00:00\" \/>\n<meta property=\"article:modified_time\" content=\"2020-01-16T11:14:09+00:00\" \/>\n<meta property=\"og:image\" content=\"https:\/\/www.charminly.com\/wp-content\/uploads\/2019\/01\/Balestro-Girifalco-Massa-Marittima-2-meteoweb_opt.jpg\" \/>\n\t<meta property=\"og:image:width\" content=\"1024\" \/>\n\t<meta property=\"og:image:height\" content=\"682\" \/>\n\t<meta property=\"og:image:type\" content=\"image\/jpeg\" \/>\n<meta name=\"author\" content=\"Ivan Lopez\" \/>\n<meta name=\"twitter:card\" content=\"summary_large_image\" \/>\n<meta name=\"twitter:creator\" content=\"@charminly_com\" \/>\n<meta name=\"twitter:site\" content=\"@charminly_com\" \/>\n<meta name=\"twitter:label1\" content=\"Scritto da\" \/>\n\t<meta name=\"twitter:data1\" content=\"Ivan Lopez\" \/>\n\t<meta name=\"twitter:label2\" content=\"Tempo di lettura stimato\" \/>\n\t<meta name=\"twitter:data2\" content=\"2 minuti\" \/>\n<script type=\"application\/ld+json\" class=\"yoast-schema-graph\">{\"@context\":\"https:\/\/schema.org\",\"@graph\":[{\"@type\":\"Article\",\"@id\":\"https:\/\/www.charminly.com\/it\/feste-medievali-e-passeggiate-al-borgo-tra-le-manifestazioni-piu-rinomate-della-toscana\/#article\",\"isPartOf\":{\"@id\":\"https:\/\/www.charminly.com\/it\/feste-medievali-e-passeggiate-al-borgo-tra-le-manifestazioni-piu-rinomate-della-toscana\/\"},\"author\":{\"name\":\"Ivan Lopez\",\"@id\":\"https:\/\/www.charminly.com\/it\/#\/schema\/person\/52806bb74f5c81bbf5f0989dd952c7ea\"},\"headline\":\"Feste medievali e passeggiate al borgo tra le manifestazioni pi\u00f9 rinomate della Toscana\",\"datePublished\":\"2019-01-10T19:18:52+00:00\",\"dateModified\":\"2020-01-16T11:14:09+00:00\",\"mainEntityOfPage\":{\"@id\":\"https:\/\/www.charminly.com\/it\/feste-medievali-e-passeggiate-al-borgo-tra-le-manifestazioni-piu-rinomate-della-toscana\/\"},\"wordCount\":499,\"publisher\":{\"@id\":\"https:\/\/www.charminly.com\/it\/#organization\"},\"image\":{\"@id\":\"https:\/\/www.charminly.com\/it\/feste-medievali-e-passeggiate-al-borgo-tra-le-manifestazioni-piu-rinomate-della-toscana\/#primaryimage\"},\"thumbnailUrl\":\"https:\/\/www.charminly.com\/wp-content\/uploads\/2019\/01\/Balestro-Girifalco-Massa-Marittima-2-meteoweb_opt.jpg\",\"keywords\":[\"Cosa fare in Toscana\",\"What to do in Tuscany\"],\"articleSection\":[\"Feste, tradizioni, arti e mestieri\"],\"inLanguage\":\"it-IT\"},{\"@type\":\"WebPage\",\"@id\":\"https:\/\/www.charminly.com\/it\/feste-medievali-e-passeggiate-al-borgo-tra-le-manifestazioni-piu-rinomate-della-toscana\/\",\"url\":\"https:\/\/www.charminly.com\/it\/feste-medievali-e-passeggiate-al-borgo-tra-le-manifestazioni-piu-rinomate-della-toscana\/\",\"name\":\"Feste medievali e passeggiate al borgo tra le manifestazioni pi\u00f9 rinomate della Toscana\",\"isPartOf\":{\"@id\":\"https:\/\/www.charminly.com\/it\/#website\"},\"primaryImageOfPage\":{\"@id\":\"https:\/\/www.charminly.com\/it\/feste-medievali-e-passeggiate-al-borgo-tra-le-manifestazioni-piu-rinomate-della-toscana\/#primaryimage\"},\"image\":{\"@id\":\"https:\/\/www.charminly.com\/it\/feste-medievali-e-passeggiate-al-borgo-tra-le-manifestazioni-piu-rinomate-della-toscana\/#primaryimage\"},\"thumbnailUrl\":\"https:\/\/www.charminly.com\/wp-content\/uploads\/2019\/01\/Balestro-Girifalco-Massa-Marittima-2-meteoweb_opt.jpg\",\"datePublished\":\"2019-01-10T19:18:52+00:00\",\"dateModified\":\"2020-01-16T11:14:09+00:00\",\"description\":\"Feste medievali e passeggiate al borgo tra le manifestazioni pi\u00f9 rinomate della Toscana\",\"breadcrumb\":{\"@id\":\"https:\/\/www.charminly.com\/it\/feste-medievali-e-passeggiate-al-borgo-tra-le-manifestazioni-piu-rinomate-della-toscana\/#breadcrumb\"},\"inLanguage\":\"it-IT\",\"potentialAction\":[{\"@type\":\"ReadAction\",\"target\":[\"https:\/\/www.charminly.com\/it\/feste-medievali-e-passeggiate-al-borgo-tra-le-manifestazioni-piu-rinomate-della-toscana\/\"]}]},{\"@type\":\"ImageObject\",\"inLanguage\":\"it-IT\",\"@id\":\"https:\/\/www.charminly.com\/it\/feste-medievali-e-passeggiate-al-borgo-tra-le-manifestazioni-piu-rinomate-della-toscana\/#primaryimage\",\"url\":\"https:\/\/www.charminly.com\/wp-content\/uploads\/2019\/01\/Balestro-Girifalco-Massa-Marittima-2-meteoweb_opt.jpg\",\"contentUrl\":\"https:\/\/www.charminly.com\/wp-content\/uploads\/2019\/01\/Balestro-Girifalco-Massa-Marittima-2-meteoweb_opt.jpg\",\"width\":1024,\"height\":682},{\"@type\":\"BreadcrumbList\",\"@id\":\"https:\/\/www.charminly.com\/it\/feste-medievali-e-passeggiate-al-borgo-tra-le-manifestazioni-piu-rinomate-della-toscana\/#breadcrumb\",\"itemListElement\":[{\"@type\":\"ListItem\",\"position\":1,\"name\":\"Home\",\"item\":\"https:\/\/www.charminly.com\/it\/\"},{\"@type\":\"ListItem\",\"position\":2,\"name\":\"Cosa fare in Toscana\",\"item\":\"https:\/\/www.charminly.com\/it\/tag\/cosa-fare-in-toscana\/\"},{\"@type\":\"ListItem\",\"position\":3,\"name\":\"Feste medievali e passeggiate al borgo tra le manifestazioni pi\u00f9 rinomate della Toscana\"}]},{\"@type\":\"WebSite\",\"@id\":\"https:\/\/www.charminly.com\/it\/#website\",\"url\":\"https:\/\/www.charminly.com\/it\/\",\"name\":\"\",\"description\":\"\",\"publisher\":{\"@id\":\"https:\/\/www.charminly.com\/it\/#organization\"},\"potentialAction\":[{\"@type\":\"SearchAction\",\"target\":{\"@type\":\"EntryPoint\",\"urlTemplate\":\"https:\/\/www.charminly.com\/it\/?s={search_term_string}\"},\"query-input\":{\"@type\":\"PropertyValueSpecification\",\"valueRequired\":true,\"valueName\":\"search_term_string\"}}],\"inLanguage\":\"it-IT\"},{\"@type\":\"Organization\",\"@id\":\"https:\/\/www.charminly.com\/it\/#organization\",\"name\":\"Charminly.com\",\"url\":\"https:\/\/www.charminly.com\/it\/\",\"logo\":{\"@type\":\"ImageObject\",\"inLanguage\":\"it-IT\",\"@id\":\"https:\/\/www.charminly.com\/it\/#\/schema\/logo\/image\/\",\"url\":\"https:\/\/www.charminly.com\/wp-content\/uploads\/2014\/10\/logo.png\",\"contentUrl\":\"https:\/\/www.charminly.com\/wp-content\/uploads\/2014\/10\/logo.png\",\"width\":264,\"height\":115,\"caption\":\"Charminly.com\"},\"image\":{\"@id\":\"https:\/\/www.charminly.com\/it\/#\/schema\/logo\/image\/\"},\"sameAs\":[\"https:\/\/www.facebook.com\/charminlyitalia\/\",\"https:\/\/x.com\/charminly_com\"]},{\"@type\":\"Person\",\"@id\":\"https:\/\/www.charminly.com\/it\/#\/schema\/person\/52806bb74f5c81bbf5f0989dd952c7ea\",\"name\":\"Ivan Lopez\",\"image\":{\"@type\":\"ImageObject\",\"inLanguage\":\"it-IT\",\"@id\":\"https:\/\/www.charminly.com\/it\/#\/schema\/person\/image\/\",\"url\":\"https:\/\/secure.gravatar.com\/avatar\/e8aef7257c7a278cfcb908e241d9761c?s=96&d=mm&r=g\",\"contentUrl\":\"https:\/\/secure.gravatar.com\/avatar\/e8aef7257c7a278cfcb908e241d9761c?s=96&d=mm&r=g\",\"caption\":\"Ivan Lopez\"},\"url\":\"https:\/\/www.charminly.com\/it\/author\/ivan\/\"}]}<\/script>\n<!-- \/ Yoast SEO plugin. -->","yoast_head_json":{"title":"Feste medievali e passeggiate al borgo tra le manifestazioni pi\u00f9 rinomate della Toscana","description":"Feste medievali e passeggiate al borgo tra le manifestazioni pi\u00f9 rinomate della Toscana","robots":{"index":"index","follow":"follow","max-snippet":"max-snippet:-1","max-image-preview":"max-image-preview:large","max-video-preview":"max-video-preview:-1"},"canonical":"https:\/\/www.charminly.com\/it\/feste-medievali-e-passeggiate-al-borgo-tra-le-manifestazioni-piu-rinomate-della-toscana\/","og_locale":"it_IT","og_type":"article","og_title":"Feste medievali e passeggiate al borgo tra le manifestazioni pi\u00f9 rinomate della Toscana","og_description":"Feste medievali e passeggiate al borgo tra le manifestazioni pi\u00f9 rinomate della Toscana","og_url":"https:\/\/www.charminly.com\/it\/feste-medievali-e-passeggiate-al-borgo-tra-le-manifestazioni-piu-rinomate-della-toscana\/","article_publisher":"https:\/\/www.facebook.com\/charminlyitalia\/","article_published_time":"2019-01-10T19:18:52+00:00","article_modified_time":"2020-01-16T11:14:09+00:00","og_image":[{"width":1024,"height":682,"url":"https:\/\/www.charminly.com\/wp-content\/uploads\/2019\/01\/Balestro-Girifalco-Massa-Marittima-2-meteoweb_opt.jpg","type":"image\/jpeg"}],"author":"Ivan Lopez","twitter_card":"summary_large_image","twitter_creator":"@charminly_com","twitter_site":"@charminly_com","twitter_misc":{"Scritto da":"Ivan Lopez","Tempo di lettura stimato":"2 minuti"},"schema":{"@context":"https:\/\/schema.org","@graph":[{"@type":"Article","@id":"https:\/\/www.charminly.com\/it\/feste-medievali-e-passeggiate-al-borgo-tra-le-manifestazioni-piu-rinomate-della-toscana\/#article","isPartOf":{"@id":"https:\/\/www.charminly.com\/it\/feste-medievali-e-passeggiate-al-borgo-tra-le-manifestazioni-piu-rinomate-della-toscana\/"},"author":{"name":"Ivan Lopez","@id":"https:\/\/www.charminly.com\/it\/#\/schema\/person\/52806bb74f5c81bbf5f0989dd952c7ea"},"headline":"Feste medievali e passeggiate al borgo tra le manifestazioni pi\u00f9 rinomate della Toscana","datePublished":"2019-01-10T19:18:52+00:00","dateModified":"2020-01-16T11:14:09+00:00","mainEntityOfPage":{"@id":"https:\/\/www.charminly.com\/it\/feste-medievali-e-passeggiate-al-borgo-tra-le-manifestazioni-piu-rinomate-della-toscana\/"},"wordCount":499,"publisher":{"@id":"https:\/\/www.charminly.com\/it\/#organization"},"image":{"@id":"https:\/\/www.charminly.com\/it\/feste-medievali-e-passeggiate-al-borgo-tra-le-manifestazioni-piu-rinomate-della-toscana\/#primaryimage"},"thumbnailUrl":"https:\/\/www.charminly.com\/wp-content\/uploads\/2019\/01\/Balestro-Girifalco-Massa-Marittima-2-meteoweb_opt.jpg","keywords":["Cosa fare in Toscana","What to do in Tuscany"],"articleSection":["Feste, tradizioni, arti e mestieri"],"inLanguage":"it-IT"},{"@type":"WebPage","@id":"https:\/\/www.charminly.com\/it\/feste-medievali-e-passeggiate-al-borgo-tra-le-manifestazioni-piu-rinomate-della-toscana\/","url":"https:\/\/www.charminly.com\/it\/feste-medievali-e-passeggiate-al-borgo-tra-le-manifestazioni-piu-rinomate-della-toscana\/","name":"Feste medievali e passeggiate al borgo tra le manifestazioni pi\u00f9 rinomate della Toscana","isPartOf":{"@id":"https:\/\/www.charminly.com\/it\/#website"},"primaryImageOfPage":{"@id":"https:\/\/www.charminly.com\/it\/feste-medievali-e-passeggiate-al-borgo-tra-le-manifestazioni-piu-rinomate-della-toscana\/#primaryimage"},"image":{"@id":"https:\/\/www.charminly.com\/it\/feste-medievali-e-passeggiate-al-borgo-tra-le-manifestazioni-piu-rinomate-della-toscana\/#primaryimage"},"thumbnailUrl":"https:\/\/www.charminly.com\/wp-content\/uploads\/2019\/01\/Balestro-Girifalco-Massa-Marittima-2-meteoweb_opt.jpg","datePublished":"2019-01-10T19:18:52+00:00","dateModified":"2020-01-16T11:14:09+00:00","description":"Feste medievali e passeggiate al borgo tra le manifestazioni pi\u00f9 rinomate della Toscana","breadcrumb":{"@id":"https:\/\/www.charminly.com\/it\/feste-medievali-e-passeggiate-al-borgo-tra-le-manifestazioni-piu-rinomate-della-toscana\/#breadcrumb"},"inLanguage":"it-IT","potentialAction":[{"@type":"ReadAction","target":["https:\/\/www.charminly.com\/it\/feste-medievali-e-passeggiate-al-borgo-tra-le-manifestazioni-piu-rinomate-della-toscana\/"]}]},{"@type":"ImageObject","inLanguage":"it-IT","@id":"https:\/\/www.charminly.com\/it\/feste-medievali-e-passeggiate-al-borgo-tra-le-manifestazioni-piu-rinomate-della-toscana\/#primaryimage","url":"https:\/\/www.charminly.com\/wp-content\/uploads\/2019\/01\/Balestro-Girifalco-Massa-Marittima-2-meteoweb_opt.jpg","contentUrl":"https:\/\/www.charminly.com\/wp-content\/uploads\/2019\/01\/Balestro-Girifalco-Massa-Marittima-2-meteoweb_opt.jpg","width":1024,"height":682},{"@type":"BreadcrumbList","@id":"https:\/\/www.charminly.com\/it\/feste-medievali-e-passeggiate-al-borgo-tra-le-manifestazioni-piu-rinomate-della-toscana\/#breadcrumb","itemListElement":[{"@type":"ListItem","position":1,"name":"Home","item":"https:\/\/www.charminly.com\/it\/"},{"@type":"ListItem","position":2,"name":"Cosa fare in Toscana","item":"https:\/\/www.charminly.com\/it\/tag\/cosa-fare-in-toscana\/"},{"@type":"ListItem","position":3,"name":"Feste medievali e passeggiate al borgo tra le manifestazioni pi\u00f9 rinomate della Toscana"}]},{"@type":"WebSite","@id":"https:\/\/www.charminly.com\/it\/#website","url":"https:\/\/www.charminly.com\/it\/","name":"","description":"","publisher":{"@id":"https:\/\/www.charminly.com\/it\/#organization"},"potentialAction":[{"@type":"SearchAction","target":{"@type":"EntryPoint","urlTemplate":"https:\/\/www.charminly.com\/it\/?s={search_term_string}"},"query-input":{"@type":"PropertyValueSpecification","valueRequired":true,"valueName":"search_term_string"}}],"inLanguage":"it-IT"},{"@type":"Organization","@id":"https:\/\/www.charminly.com\/it\/#organization","name":"Charminly.com","url":"https:\/\/www.charminly.com\/it\/","logo":{"@type":"ImageObject","inLanguage":"it-IT","@id":"https:\/\/www.charminly.com\/it\/#\/schema\/logo\/image\/","url":"https:\/\/www.charminly.com\/wp-content\/uploads\/2014\/10\/logo.png","contentUrl":"https:\/\/www.charminly.com\/wp-content\/uploads\/2014\/10\/logo.png","width":264,"height":115,"caption":"Charminly.com"},"image":{"@id":"https:\/\/www.charminly.com\/it\/#\/schema\/logo\/image\/"},"sameAs":["https:\/\/www.facebook.com\/charminlyitalia\/","https:\/\/x.com\/charminly_com"]},{"@type":"Person","@id":"https:\/\/www.charminly.com\/it\/#\/schema\/person\/52806bb74f5c81bbf5f0989dd952c7ea","name":"Ivan Lopez","image":{"@type":"ImageObject","inLanguage":"it-IT","@id":"https:\/\/www.charminly.com\/it\/#\/schema\/person\/image\/","url":"https:\/\/secure.gravatar.com\/avatar\/e8aef7257c7a278cfcb908e241d9761c?s=96&d=mm&r=g","contentUrl":"https:\/\/secure.gravatar.com\/avatar\/e8aef7257c7a278cfcb908e241d9761c?s=96&d=mm&r=g","caption":"Ivan Lopez"},"url":"https:\/\/www.charminly.com\/it\/author\/ivan\/"}]}},"_links":{"self":[{"href":"https:\/\/www.charminly.com\/it\/wp-json\/wp\/v2\/posts\/55302","targetHints":{"allow":["GET"]}}],"collection":[{"href":"https:\/\/www.charminly.com\/it\/wp-json\/wp\/v2\/posts"}],"about":[{"href":"https:\/\/www.charminly.com\/it\/wp-json\/wp\/v2\/types\/post"}],"author":[{"embeddable":true,"href":"https:\/\/www.charminly.com\/it\/wp-json\/wp\/v2\/users\/6"}],"replies":[{"embeddable":true,"href":"https:\/\/www.charminly.com\/it\/wp-json\/wp\/v2\/comments?post=55302"}],"version-history":[{"count":0,"href":"https:\/\/www.charminly.com\/it\/wp-json\/wp\/v2\/posts\/55302\/revisions"}],"wp:featuredmedia":[{"embeddable":true,"href":"https:\/\/www.charminly.com\/it\/wp-json\/wp\/v2\/media\/55306"}],"wp:attachment":[{"href":"https:\/\/www.charminly.com\/it\/wp-json\/wp\/v2\/media?parent=55302"}],"wp:term":[{"taxonomy":"category","embeddable":true,"href":"https:\/\/www.charminly.com\/it\/wp-json\/wp\/v2\/categories?post=55302"},{"taxonomy":"post_tag","embeddable":true,"href":"https:\/\/www.charminly.com\/it\/wp-json\/wp\/v2\/tags?post=55302"}],"curies":[{"name":"wp","href":"https:\/\/api.w.org\/{rel}","templated":true}]}}