{"id":55059,"date":"2019-01-03T17:31:34","date_gmt":"2019-01-03T16:31:34","guid":{"rendered":"https:\/\/www.charminly.com\/?p=55059"},"modified":"2020-01-16T11:59:46","modified_gmt":"2020-01-16T10:59:46","slug":"feste-e-manifestazioni-tipiche-della-tradizione-palermitana","status":"publish","type":"post","link":"https:\/\/www.charminly.com\/it\/feste-e-manifestazioni-tipiche-della-tradizione-palermitana\/","title":{"rendered":"Feste e Manifestazioni tipiche della tradizione palermitana"},"content":{"rendered":"<p>Trascorrendo il vostro soggiorno presso il <a href=\"https:\/\/www.charminly.com\/it\/properties\/atmosfere-puniche-it\/\"><strong>B&B Atmosfere puniche<\/strong><\/a>, situato a <a href=\"https:\/\/www.charminly.com\/it\/area\/palermo-it\/\"><strong>Palermo<\/strong><\/a>, potrete assistere a feste e manifestazioni tipiche della tradizione palermitana.<strong>\u00a0<\/strong><\/p>\n<h3><strong>Festa del Bambino Ges\u00f9<\/strong><\/h3>\n<p>A gennaio nella citt\u00e0 di Palermo si celebra il <strong>Bambino Ges\u00f9 della Chiesa di Santa Maria degli Angeli <\/strong>\u201cLa Gancia\u201d, cui i palermitani sono molto legati per via dei trascorsi miracolosi dell\u2019immagine presente in questa chiesa.<\/p>\n<h3><strong>Sagra della Sfincia<\/strong><\/h3>\n<p>A <strong>gennaio<\/strong> nella citt\u00e0 di <strong>Montelepre<\/strong> si svolge la <strong>Sagra della Sfincia<\/strong>, un dolce tipico della tradizione culinaria siciliana realizzato con acqua, farina, zucchero, cannella e miele.<\/p>\n<h3><strong>Carnevale<\/strong><\/h3>\n<p>A <strong>Piana degli Albanesi<\/strong>, una cittadina in provincia di Palermo, a febbraio ogni anno si svolge la tradizionale <strong>festa di Carnevale<\/strong> che gli abitanti chiamano anche \u201cKalivari Ju Miuat\u201d. Si tratta di una delle feste laiche pi\u00f9 caratteristiche in Sicilia, con sfilata di carri annessi e cortei di gruppi mascherati a colorare ed animare la cittadina.<\/p>\n<div id=\"attachment_55060\" style=\"width: 1034px\" class=\"wp-caption alignnone\"><img loading=\"lazy\" decoding=\"async\" aria-describedby=\"caption-attachment-55060\" class=\"wp-image-55060 size-large\" src=\"https:\/\/www.charminly.com\/wp-content\/uploads\/2019\/01\/festa-primavera-parcouditore_opt-1024x575.jpg\" alt=\"\" width=\"1024\" height=\"575\" srcset=\"https:\/\/www.charminly.com\/wp-content\/uploads\/2019\/01\/festa-primavera-parcouditore_opt.jpg 1024w, https:\/\/www.charminly.com\/wp-content\/uploads\/2019\/01\/festa-primavera-parcouditore_opt-300x168.jpg 300w, https:\/\/www.charminly.com\/wp-content\/uploads\/2019\/01\/festa-primavera-parcouditore_opt-768x431.jpg 768w, https:\/\/www.charminly.com\/wp-content\/uploads\/2019\/01\/festa-primavera-parcouditore_opt-255x143.jpg 255w\" sizes=\"auto, (max-width: 1024px) 100vw, 1024px\" \/><p id=\"caption-attachment-55060\" class=\"wp-caption-text\">Festa di Primavera, Palermo foto by parcoauditore<\/p><\/div>\n<h3><strong>Festa di Primavera<\/strong><\/h3>\n<p>La <strong>Festa di Primavera<\/strong> si svolge generalmente ad aprile nella citt\u00e0 di <strong>Palermo<\/strong>, ed \u00e8 un\u2019occasione pensata per raccogliere fondi per la gestione e l\u2019effettuazione di migliorie al <strong>Parco Uditore<\/strong> che ospita la manifestazione. Si tratta di un\u2019occasione che vuole celebrare la primavera, ma anche la salute dato che tante sono le attivit\u00e0 sportive gratuite promosse. Street workout, attivit\u00e0 all\u2019aria aperta con personal trainer ed istruttori per una giornata all\u2019insegna del divertimento, del benessere e dello stare insieme!<\/p>\n<h3><strong>Festa di San Giuseppe<\/strong><\/h3>\n<p><strong>San Giuseppe<\/strong> \u00e8 il patrono della citt\u00e0 di Bagheria, in provincia di Palermo, e la devozione al santo \u00e8 talmente sentita che a lui \u00e8 dedicata la <strong>festa di San Giuseppe<\/strong> che si svolge ogni anno il <strong>19 marzo<\/strong>. L\u2019effige del santo viene portata a spalla per le vie della citt\u00e0 ed il momento pi\u00f9 caratteristico della festa \u00e8 <strong>l\u2019accensione delle vampe<\/strong>, che consistono in un fal\u00f2 fatto con qualsiasi oggetto in legno si ha a disposizione: mobili vecchi, cassette di legno e sedie. Questa usanza si rif\u00e0 ad un antico rito contadino che consisteva nel purificare i campi accendendo fuochi con i residui del raccolto dell\u2019anno precedente.<\/p>\n<div id=\"attachment_55064\" style=\"width: 1034px\" class=\"wp-caption alignnone\"><img loading=\"lazy\" decoding=\"async\" aria-describedby=\"caption-attachment-55064\" class=\"wp-image-55064 size-large\" src=\"https:\/\/www.charminly.com\/wp-content\/uploads\/2019\/01\/393\u00b0-Festino-di-Santa-Rosalia-Cattedrale-393\u00b0-Festino-di-Santa-Rosalia-ctsnotizie_opt-1024x617.jpg\" alt=\"\" width=\"1024\" height=\"617\" srcset=\"https:\/\/www.charminly.com\/wp-content\/uploads\/2019\/01\/393\u00b0-Festino-di-Santa-Rosalia-Cattedrale-393\u00b0-Festino-di-Santa-Rosalia-ctsnotizie_opt.jpg 1024w, https:\/\/www.charminly.com\/wp-content\/uploads\/2019\/01\/393\u00b0-Festino-di-Santa-Rosalia-Cattedrale-393\u00b0-Festino-di-Santa-Rosalia-ctsnotizie_opt-300x181.jpg 300w, https:\/\/www.charminly.com\/wp-content\/uploads\/2019\/01\/393\u00b0-Festino-di-Santa-Rosalia-Cattedrale-393\u00b0-Festino-di-Santa-Rosalia-ctsnotizie_opt-768x463.jpg 768w\" sizes=\"auto, (max-width: 1024px) 100vw, 1024px\" \/><p id=\"caption-attachment-55064\" class=\"wp-caption-text\">Festino di Santa Rosalia, Palermo foto by ctsnotizie<\/p><\/div>\n<h3><strong>Festino di Santa Rosalia<\/strong><\/h3>\n<p>Santa Rosalia \u00e8 la <strong>patrona della citt\u00e0 di Palermo<\/strong> che i palermitani festeggiano ogni anno a luglio, nei giorni che vanno <strong>dal 10 al 15 luglio<\/strong> proprio in occasione della <strong>Festa di Santa Rosalia<\/strong>. Si tratta di una delle manifestazioni religiose pi\u00f9 sentite dai palermitani che racchiude devozione, folklore e tradizione per uno spettacolo unico da vedere almeno una volta nella vita. Il momento pi\u00f9 saliente della festa attiva durante la <strong>sera del 14 luglio<\/strong> quando ad essere portata in giro per le strade di Palermo non \u00e8 la santa, ma bens\u00ec una sua rappresentazione simbolica ogni anno affidata ad un artista differente. Ad accompagnare il tutto manifestazioni culturali, street food e prodotti tipici, spettacoli e fuochi d\u2019artificio.<\/p>\n<hr \/>\n<div class=\"article_container\"><h2 class=\"shortcode_title\">Charming home nelle vicinanze<\/h2><div class=\"listinglink-wrapper\">\n                           <a href=\"https:\/\/www.charminly.com\/listings\/relais-country-houses-en\/\"> <span class=\"wpresidence_button\"> more listings <\/span><\/a>\n                       <\/div><\/div>\n","protected":false},"excerpt":{"rendered":"<p>Trascorrendo il vostro soggiorno presso il B&#038;B Atmosfere puniche, situato a Palermo, potrete assistere a feste e manifestazioni tipiche della tradizione palermitana.\u00a0 Festa del Bambino Ges\u00f9 A gennaio nella citt\u00e0 di Palermo si celebra il Bambino Ges\u00f9 della Chiesa di Santa Maria degli Angeli \u201cLa Gancia\u201d, cui i palermitani sono molto legati per via dei trascorsi miracolosi dell\u2019immagine presente in questa chiesa. Sagra della &#8230;<\/p>\n","protected":false},"author":6,"featured_media":55063,"comment_status":"closed","ping_status":"closed","sticky":false,"template":"","format":"standard","meta":{"_acf_changed":false,"footnotes":""},"categories":[144],"tags":[660],"class_list":["post-55059","post","type-post","status-publish","format-standard","has-post-thumbnail","hentry","category-feste-tradizioni-arti-e-mestieri","tag-cosa-fare-in-sicilia"],"acf":[],"yoast_head":"<!-- This site is optimized with the Yoast SEO plugin v23.9 - https:\/\/yoast.com\/wordpress\/plugins\/seo\/ -->\n<title>Feste e Manifestazioni tipiche della tradizione palermitana<\/title>\n<meta name=\"description\" content=\"Soggiornando presso il B&amp;B Atmosfere puniche, situato a Palermo, potrete assistere a feste e manifestazioni tipiche della tradizione palermitana\" \/>\n<meta name=\"robots\" content=\"index, follow, max-snippet:-1, max-image-preview:large, max-video-preview:-1\" \/>\n<link rel=\"canonical\" href=\"https:\/\/www.charminly.com\/it\/feste-e-manifestazioni-tipiche-della-tradizione-palermitana\/\" \/>\n<meta property=\"og:locale\" content=\"it_IT\" \/>\n<meta property=\"og:type\" content=\"article\" \/>\n<meta property=\"og:title\" content=\"Feste e Manifestazioni tipiche della tradizione palermitana\" \/>\n<meta property=\"og:description\" content=\"Soggiornando presso il B&amp;B Atmosfere puniche, situato a Palermo, potrete assistere a feste e manifestazioni tipiche della tradizione palermitana\" \/>\n<meta property=\"og:url\" content=\"https:\/\/www.charminly.com\/it\/feste-e-manifestazioni-tipiche-della-tradizione-palermitana\/\" \/>\n<meta property=\"article:publisher\" content=\"https:\/\/www.facebook.com\/charminlyitalia\/\" \/>\n<meta property=\"article:published_time\" content=\"2019-01-03T16:31:34+00:00\" \/>\n<meta property=\"article:modified_time\" content=\"2020-01-16T10:59:46+00:00\" \/>\n<meta property=\"og:image\" content=\"https:\/\/www.charminly.com\/wp-content\/uploads\/2019\/01\/festa-primavera-parcouditore_opt.jpg\" \/>\n\t<meta property=\"og:image:width\" content=\"1024\" \/>\n\t<meta property=\"og:image:height\" content=\"575\" \/>\n\t<meta property=\"og:image:type\" content=\"image\/jpeg\" \/>\n<meta name=\"author\" content=\"Ivan Lopez\" \/>\n<meta name=\"twitter:card\" content=\"summary_large_image\" \/>\n<meta name=\"twitter:creator\" content=\"@charminly_com\" \/>\n<meta name=\"twitter:site\" content=\"@charminly_com\" \/>\n<meta name=\"twitter:label1\" content=\"Scritto da\" \/>\n\t<meta name=\"twitter:data1\" content=\"Ivan Lopez\" \/>\n\t<meta name=\"twitter:label2\" content=\"Tempo di lettura stimato\" \/>\n\t<meta name=\"twitter:data2\" content=\"3 minuti\" \/>\n<script type=\"application\/ld+json\" class=\"yoast-schema-graph\">{\"@context\":\"https:\/\/schema.org\",\"@graph\":[{\"@type\":\"Article\",\"@id\":\"https:\/\/www.charminly.com\/it\/feste-e-manifestazioni-tipiche-della-tradizione-palermitana\/#article\",\"isPartOf\":{\"@id\":\"https:\/\/www.charminly.com\/it\/feste-e-manifestazioni-tipiche-della-tradizione-palermitana\/\"},\"author\":{\"name\":\"Ivan Lopez\",\"@id\":\"https:\/\/www.charminly.com\/it\/#\/schema\/person\/52806bb74f5c81bbf5f0989dd952c7ea\"},\"headline\":\"Feste e Manifestazioni tipiche della tradizione palermitana\",\"datePublished\":\"2019-01-03T16:31:34+00:00\",\"dateModified\":\"2020-01-16T10:59:46+00:00\",\"mainEntityOfPage\":{\"@id\":\"https:\/\/www.charminly.com\/it\/feste-e-manifestazioni-tipiche-della-tradizione-palermitana\/\"},\"wordCount\":527,\"publisher\":{\"@id\":\"https:\/\/www.charminly.com\/it\/#organization\"},\"image\":{\"@id\":\"https:\/\/www.charminly.com\/it\/feste-e-manifestazioni-tipiche-della-tradizione-palermitana\/#primaryimage\"},\"thumbnailUrl\":\"https:\/\/www.charminly.com\/wp-content\/uploads\/2019\/01\/festa-primavera-parcouditore_opt.jpg\",\"keywords\":[\"Cosa fare in Sicilia\"],\"articleSection\":[\"Feste, tradizioni, arti e mestieri\"],\"inLanguage\":\"it-IT\"},{\"@type\":\"WebPage\",\"@id\":\"https:\/\/www.charminly.com\/it\/feste-e-manifestazioni-tipiche-della-tradizione-palermitana\/\",\"url\":\"https:\/\/www.charminly.com\/it\/feste-e-manifestazioni-tipiche-della-tradizione-palermitana\/\",\"name\":\"Feste e Manifestazioni tipiche della tradizione palermitana\",\"isPartOf\":{\"@id\":\"https:\/\/www.charminly.com\/it\/#website\"},\"primaryImageOfPage\":{\"@id\":\"https:\/\/www.charminly.com\/it\/feste-e-manifestazioni-tipiche-della-tradizione-palermitana\/#primaryimage\"},\"image\":{\"@id\":\"https:\/\/www.charminly.com\/it\/feste-e-manifestazioni-tipiche-della-tradizione-palermitana\/#primaryimage\"},\"thumbnailUrl\":\"https:\/\/www.charminly.com\/wp-content\/uploads\/2019\/01\/festa-primavera-parcouditore_opt.jpg\",\"datePublished\":\"2019-01-03T16:31:34+00:00\",\"dateModified\":\"2020-01-16T10:59:46+00:00\",\"description\":\"Soggiornando presso il B&B Atmosfere puniche, situato a Palermo, potrete assistere a feste e manifestazioni tipiche della tradizione palermitana\",\"breadcrumb\":{\"@id\":\"https:\/\/www.charminly.com\/it\/feste-e-manifestazioni-tipiche-della-tradizione-palermitana\/#breadcrumb\"},\"inLanguage\":\"it-IT\",\"potentialAction\":[{\"@type\":\"ReadAction\",\"target\":[\"https:\/\/www.charminly.com\/it\/feste-e-manifestazioni-tipiche-della-tradizione-palermitana\/\"]}]},{\"@type\":\"ImageObject\",\"inLanguage\":\"it-IT\",\"@id\":\"https:\/\/www.charminly.com\/it\/feste-e-manifestazioni-tipiche-della-tradizione-palermitana\/#primaryimage\",\"url\":\"https:\/\/www.charminly.com\/wp-content\/uploads\/2019\/01\/festa-primavera-parcouditore_opt.jpg\",\"contentUrl\":\"https:\/\/www.charminly.com\/wp-content\/uploads\/2019\/01\/festa-primavera-parcouditore_opt.jpg\",\"width\":1024,\"height\":575},{\"@type\":\"BreadcrumbList\",\"@id\":\"https:\/\/www.charminly.com\/it\/feste-e-manifestazioni-tipiche-della-tradizione-palermitana\/#breadcrumb\",\"itemListElement\":[{\"@type\":\"ListItem\",\"position\":1,\"name\":\"Home\",\"item\":\"https:\/\/www.charminly.com\/it\/\"},{\"@type\":\"ListItem\",\"position\":2,\"name\":\"Cosa fare in Sicilia\",\"item\":\"https:\/\/www.charminly.com\/it\/tag\/cosa-fare-in-sicilia\/\"},{\"@type\":\"ListItem\",\"position\":3,\"name\":\"Feste e Manifestazioni tipiche della tradizione palermitana\"}]},{\"@type\":\"WebSite\",\"@id\":\"https:\/\/www.charminly.com\/it\/#website\",\"url\":\"https:\/\/www.charminly.com\/it\/\",\"name\":\"\",\"description\":\"\",\"publisher\":{\"@id\":\"https:\/\/www.charminly.com\/it\/#organization\"},\"potentialAction\":[{\"@type\":\"SearchAction\",\"target\":{\"@type\":\"EntryPoint\",\"urlTemplate\":\"https:\/\/www.charminly.com\/it\/?s={search_term_string}\"},\"query-input\":{\"@type\":\"PropertyValueSpecification\",\"valueRequired\":true,\"valueName\":\"search_term_string\"}}],\"inLanguage\":\"it-IT\"},{\"@type\":\"Organization\",\"@id\":\"https:\/\/www.charminly.com\/it\/#organization\",\"name\":\"Charminly.com\",\"url\":\"https:\/\/www.charminly.com\/it\/\",\"logo\":{\"@type\":\"ImageObject\",\"inLanguage\":\"it-IT\",\"@id\":\"https:\/\/www.charminly.com\/it\/#\/schema\/logo\/image\/\",\"url\":\"https:\/\/www.charminly.com\/wp-content\/uploads\/2014\/10\/logo.png\",\"contentUrl\":\"https:\/\/www.charminly.com\/wp-content\/uploads\/2014\/10\/logo.png\",\"width\":264,\"height\":115,\"caption\":\"Charminly.com\"},\"image\":{\"@id\":\"https:\/\/www.charminly.com\/it\/#\/schema\/logo\/image\/\"},\"sameAs\":[\"https:\/\/www.facebook.com\/charminlyitalia\/\",\"https:\/\/x.com\/charminly_com\"]},{\"@type\":\"Person\",\"@id\":\"https:\/\/www.charminly.com\/it\/#\/schema\/person\/52806bb74f5c81bbf5f0989dd952c7ea\",\"name\":\"Ivan Lopez\",\"image\":{\"@type\":\"ImageObject\",\"inLanguage\":\"it-IT\",\"@id\":\"https:\/\/www.charminly.com\/it\/#\/schema\/person\/image\/\",\"url\":\"https:\/\/secure.gravatar.com\/avatar\/e8aef7257c7a278cfcb908e241d9761c?s=96&d=mm&r=g\",\"contentUrl\":\"https:\/\/secure.gravatar.com\/avatar\/e8aef7257c7a278cfcb908e241d9761c?s=96&d=mm&r=g\",\"caption\":\"Ivan Lopez\"},\"url\":\"https:\/\/www.charminly.com\/it\/author\/ivan\/\"}]}<\/script>\n<!-- \/ Yoast SEO plugin. -->","yoast_head_json":{"title":"Feste e Manifestazioni tipiche della tradizione palermitana","description":"Soggiornando presso il B&B Atmosfere puniche, situato a Palermo, potrete assistere a feste e manifestazioni tipiche della tradizione palermitana","robots":{"index":"index","follow":"follow","max-snippet":"max-snippet:-1","max-image-preview":"max-image-preview:large","max-video-preview":"max-video-preview:-1"},"canonical":"https:\/\/www.charminly.com\/it\/feste-e-manifestazioni-tipiche-della-tradizione-palermitana\/","og_locale":"it_IT","og_type":"article","og_title":"Feste e Manifestazioni tipiche della tradizione palermitana","og_description":"Soggiornando presso il B&B Atmosfere puniche, situato a Palermo, potrete assistere a feste e manifestazioni tipiche della tradizione palermitana","og_url":"https:\/\/www.charminly.com\/it\/feste-e-manifestazioni-tipiche-della-tradizione-palermitana\/","article_publisher":"https:\/\/www.facebook.com\/charminlyitalia\/","article_published_time":"2019-01-03T16:31:34+00:00","article_modified_time":"2020-01-16T10:59:46+00:00","og_image":[{"width":1024,"height":575,"url":"https:\/\/www.charminly.com\/wp-content\/uploads\/2019\/01\/festa-primavera-parcouditore_opt.jpg","type":"image\/jpeg"}],"author":"Ivan Lopez","twitter_card":"summary_large_image","twitter_creator":"@charminly_com","twitter_site":"@charminly_com","twitter_misc":{"Scritto da":"Ivan Lopez","Tempo di lettura stimato":"3 minuti"},"schema":{"@context":"https:\/\/schema.org","@graph":[{"@type":"Article","@id":"https:\/\/www.charminly.com\/it\/feste-e-manifestazioni-tipiche-della-tradizione-palermitana\/#article","isPartOf":{"@id":"https:\/\/www.charminly.com\/it\/feste-e-manifestazioni-tipiche-della-tradizione-palermitana\/"},"author":{"name":"Ivan Lopez","@id":"https:\/\/www.charminly.com\/it\/#\/schema\/person\/52806bb74f5c81bbf5f0989dd952c7ea"},"headline":"Feste e Manifestazioni tipiche della tradizione palermitana","datePublished":"2019-01-03T16:31:34+00:00","dateModified":"2020-01-16T10:59:46+00:00","mainEntityOfPage":{"@id":"https:\/\/www.charminly.com\/it\/feste-e-manifestazioni-tipiche-della-tradizione-palermitana\/"},"wordCount":527,"publisher":{"@id":"https:\/\/www.charminly.com\/it\/#organization"},"image":{"@id":"https:\/\/www.charminly.com\/it\/feste-e-manifestazioni-tipiche-della-tradizione-palermitana\/#primaryimage"},"thumbnailUrl":"https:\/\/www.charminly.com\/wp-content\/uploads\/2019\/01\/festa-primavera-parcouditore_opt.jpg","keywords":["Cosa fare in Sicilia"],"articleSection":["Feste, tradizioni, arti e mestieri"],"inLanguage":"it-IT"},{"@type":"WebPage","@id":"https:\/\/www.charminly.com\/it\/feste-e-manifestazioni-tipiche-della-tradizione-palermitana\/","url":"https:\/\/www.charminly.com\/it\/feste-e-manifestazioni-tipiche-della-tradizione-palermitana\/","name":"Feste e Manifestazioni tipiche della tradizione palermitana","isPartOf":{"@id":"https:\/\/www.charminly.com\/it\/#website"},"primaryImageOfPage":{"@id":"https:\/\/www.charminly.com\/it\/feste-e-manifestazioni-tipiche-della-tradizione-palermitana\/#primaryimage"},"image":{"@id":"https:\/\/www.charminly.com\/it\/feste-e-manifestazioni-tipiche-della-tradizione-palermitana\/#primaryimage"},"thumbnailUrl":"https:\/\/www.charminly.com\/wp-content\/uploads\/2019\/01\/festa-primavera-parcouditore_opt.jpg","datePublished":"2019-01-03T16:31:34+00:00","dateModified":"2020-01-16T10:59:46+00:00","description":"Soggiornando presso il B&B Atmosfere puniche, situato a Palermo, potrete assistere a feste e manifestazioni tipiche della tradizione palermitana","breadcrumb":{"@id":"https:\/\/www.charminly.com\/it\/feste-e-manifestazioni-tipiche-della-tradizione-palermitana\/#breadcrumb"},"inLanguage":"it-IT","potentialAction":[{"@type":"ReadAction","target":["https:\/\/www.charminly.com\/it\/feste-e-manifestazioni-tipiche-della-tradizione-palermitana\/"]}]},{"@type":"ImageObject","inLanguage":"it-IT","@id":"https:\/\/www.charminly.com\/it\/feste-e-manifestazioni-tipiche-della-tradizione-palermitana\/#primaryimage","url":"https:\/\/www.charminly.com\/wp-content\/uploads\/2019\/01\/festa-primavera-parcouditore_opt.jpg","contentUrl":"https:\/\/www.charminly.com\/wp-content\/uploads\/2019\/01\/festa-primavera-parcouditore_opt.jpg","width":1024,"height":575},{"@type":"BreadcrumbList","@id":"https:\/\/www.charminly.com\/it\/feste-e-manifestazioni-tipiche-della-tradizione-palermitana\/#breadcrumb","itemListElement":[{"@type":"ListItem","position":1,"name":"Home","item":"https:\/\/www.charminly.com\/it\/"},{"@type":"ListItem","position":2,"name":"Cosa fare in Sicilia","item":"https:\/\/www.charminly.com\/it\/tag\/cosa-fare-in-sicilia\/"},{"@type":"ListItem","position":3,"name":"Feste e Manifestazioni tipiche della tradizione palermitana"}]},{"@type":"WebSite","@id":"https:\/\/www.charminly.com\/it\/#website","url":"https:\/\/www.charminly.com\/it\/","name":"","description":"","publisher":{"@id":"https:\/\/www.charminly.com\/it\/#organization"},"potentialAction":[{"@type":"SearchAction","target":{"@type":"EntryPoint","urlTemplate":"https:\/\/www.charminly.com\/it\/?s={search_term_string}"},"query-input":{"@type":"PropertyValueSpecification","valueRequired":true,"valueName":"search_term_string"}}],"inLanguage":"it-IT"},{"@type":"Organization","@id":"https:\/\/www.charminly.com\/it\/#organization","name":"Charminly.com","url":"https:\/\/www.charminly.com\/it\/","logo":{"@type":"ImageObject","inLanguage":"it-IT","@id":"https:\/\/www.charminly.com\/it\/#\/schema\/logo\/image\/","url":"https:\/\/www.charminly.com\/wp-content\/uploads\/2014\/10\/logo.png","contentUrl":"https:\/\/www.charminly.com\/wp-content\/uploads\/2014\/10\/logo.png","width":264,"height":115,"caption":"Charminly.com"},"image":{"@id":"https:\/\/www.charminly.com\/it\/#\/schema\/logo\/image\/"},"sameAs":["https:\/\/www.facebook.com\/charminlyitalia\/","https:\/\/x.com\/charminly_com"]},{"@type":"Person","@id":"https:\/\/www.charminly.com\/it\/#\/schema\/person\/52806bb74f5c81bbf5f0989dd952c7ea","name":"Ivan Lopez","image":{"@type":"ImageObject","inLanguage":"it-IT","@id":"https:\/\/www.charminly.com\/it\/#\/schema\/person\/image\/","url":"https:\/\/secure.gravatar.com\/avatar\/e8aef7257c7a278cfcb908e241d9761c?s=96&d=mm&r=g","contentUrl":"https:\/\/secure.gravatar.com\/avatar\/e8aef7257c7a278cfcb908e241d9761c?s=96&d=mm&r=g","caption":"Ivan Lopez"},"url":"https:\/\/www.charminly.com\/it\/author\/ivan\/"}]}},"_links":{"self":[{"href":"https:\/\/www.charminly.com\/it\/wp-json\/wp\/v2\/posts\/55059","targetHints":{"allow":["GET"]}}],"collection":[{"href":"https:\/\/www.charminly.com\/it\/wp-json\/wp\/v2\/posts"}],"about":[{"href":"https:\/\/www.charminly.com\/it\/wp-json\/wp\/v2\/types\/post"}],"author":[{"embeddable":true,"href":"https:\/\/www.charminly.com\/it\/wp-json\/wp\/v2\/users\/6"}],"replies":[{"embeddable":true,"href":"https:\/\/www.charminly.com\/it\/wp-json\/wp\/v2\/comments?post=55059"}],"version-history":[{"count":0,"href":"https:\/\/www.charminly.com\/it\/wp-json\/wp\/v2\/posts\/55059\/revisions"}],"wp:featuredmedia":[{"embeddable":true,"href":"https:\/\/www.charminly.com\/it\/wp-json\/wp\/v2\/media\/55063"}],"wp:attachment":[{"href":"https:\/\/www.charminly.com\/it\/wp-json\/wp\/v2\/media?parent=55059"}],"wp:term":[{"taxonomy":"category","embeddable":true,"href":"https:\/\/www.charminly.com\/it\/wp-json\/wp\/v2\/categories?post=55059"},{"taxonomy":"post_tag","embeddable":true,"href":"https:\/\/www.charminly.com\/it\/wp-json\/wp\/v2\/tags?post=55059"}],"curies":[{"name":"wp","href":"https:\/\/api.w.org\/{rel}","templated":true}]}}