{"id":54884,"date":"2018-12-29T14:43:10","date_gmt":"2018-12-29T13:43:10","guid":{"rendered":"https:\/\/www.charminly.com\/?p=54884"},"modified":"2020-01-16T11:56:05","modified_gmt":"2020-01-16T10:56:05","slug":"feste-e-tradizioni-popolari-di-trani-un-ponte-tra-sacro-e-profano","status":"publish","type":"post","link":"https:\/\/www.charminly.com\/it\/feste-e-tradizioni-popolari-di-trani-un-ponte-tra-sacro-e-profano\/","title":{"rendered":"Feste e tradizioni popolari di Trani: un ponte tra sacro e profano"},"content":{"rendered":"<p>Alloggiando nel meraviglioso <a href=\"https:\/\/www.charminly.com\/it\/properties\/turenum-it\/\"><strong>Turenum Apartment & B&B<\/strong><\/a>, a <strong><a href=\"https:\/\/www.charminly.com\/it\/area\/trani-it\/\">Trani<\/a>,<\/strong> avrete l\u2019occasione di partecipare a feste e tradizioni popolari di Trani: un ponte tra sacro e profano.<\/p>\n<h3><strong>Croce di Colonna<\/strong><\/h3>\n<p>Ogni anno a Trani il <strong>3 maggio<\/strong> si festeggia la famosa festa del <strong>Crocifisso di Colonna<\/strong> le cui origini non solo sono antiche ma sono legate ad un\u2019incredibile leggenda: si narra che <strong>il 3 maggio del\u00a01480<\/strong>\u00a0dei pirati rubarono dalla <strong>chiesa di Santa Maria di Colonna<\/strong> un crocifisso ligneo al quale mutilarono il naso che inizi\u00f2 a sanguinare e i pirati impauriti lo gettarono a mare.<\/p>\n<p>Da quel giorno ogni anno si tiene questa festa che prevede una <strong>processione di barche<\/strong> che con il Crocifisso a bordo giungono sino al porto dove il sacerdote impone la benedizione solenne alle acque al suono di campane e con fuochi pirotecnici.<\/p>\n<div id=\"attachment_54885\" style=\"width: 1034px\" class=\"wp-caption alignnone\"><img loading=\"lazy\" decoding=\"async\" aria-describedby=\"caption-attachment-54885\" class=\"wp-image-54885 size-large\" src=\"https:\/\/www.charminly.com\/wp-content\/uploads\/2018\/12\/pugliapress-festival-pirotecnico_opt-1024x768.jpg\" alt=\"\" width=\"1024\" height=\"768\" srcset=\"https:\/\/www.charminly.com\/wp-content\/uploads\/2018\/12\/pugliapress-festival-pirotecnico_opt.jpg 1024w, https:\/\/www.charminly.com\/wp-content\/uploads\/2018\/12\/pugliapress-festival-pirotecnico_opt-300x225.jpg 300w, https:\/\/www.charminly.com\/wp-content\/uploads\/2018\/12\/pugliapress-festival-pirotecnico_opt-768x576.jpg 768w\" sizes=\"auto, (max-width: 1024px) 100vw, 1024px\" \/><p id=\"caption-attachment-54885\" class=\"wp-caption-text\">Festival dell\u2019arte pirotecnica, Trani, foto by pugliapress<\/p><\/div>\n<h3><strong>Festival dell\u2019arte pirotecnica<\/strong><\/h3>\n<p>L\u2019arte pirotecnica a <strong>Trani<\/strong> \u00e8 molto sentita tant\u2019\u00e8 che ogni anno migliaia di visitatori si riuniscono per ammirare gli stupendi <strong>fuochi d\u2019artificio<\/strong> che vengono realizzati dai fuochisti. Si tratta di un\u2019arte cos\u00ec antica che viene tramandata di padre in figlio e che ogni anno vede nel <strong>festival dell\u2019arte pirotecnica<\/strong> la sua massima espressione.<\/p>\n<p>Uno spettacolo che stupir\u00e0 tutti grazie agli incantevoli riflessi colorati dei fuochi che si rispecchiano nelle acque del porto e sulle pareti di pietra di cui sono fatte il centro storico e la Cattedrale di Trani.<\/p>\n<h3><strong>Sagra del mare<\/strong><\/h3>\n<p>A <strong>Trani<\/strong> bellissima \u00e8 anche la <strong>Sagra del mare<\/strong> festa che si tiene in onore della <strong>Madonna del Carmelo<\/strong>, la cui immagine accompagnata da un gruppo di subacquei viene posta su un\u2019imbarcazione presso i pontili della <strong>Lega Navale<\/strong> fino a giungere l&#8217;avamporto dove, in suffragio dei caduti del mare, viene benedetta una <strong>corona d&#8217;alloro<\/strong> consegnata poi alle onde. Una volta ritornata sulla terraferma ha inizio la solenne processione per tutte le strade della citt\u00e0.<\/p>\n<h3><strong>Settimana Medievale<\/strong><\/h3>\n<p>Visitando Trani ad agosto potrete partecipare alla <strong>settimana medievale<\/strong> interamente dedicata alla rievocazione di eventi passati e <strong>al ricordo dell\u2019Ordine dei Templari<\/strong>.<\/p>\n<div id=\"attachment_54889\" style=\"width: 1034px\" class=\"wp-caption alignnone\"><img loading=\"lazy\" decoding=\"async\" aria-describedby=\"caption-attachment-54889\" class=\"wp-image-54889 size-large\" src=\"https:\/\/www.charminly.com\/wp-content\/uploads\/2018\/12\/hd_rappresentazione_storica_de_il_matrimonio_di_re_manfredi_a_trani_6-gocasteldelmonte_opt-1024x683.jpg\" alt=\"\" width=\"1024\" height=\"683\" srcset=\"https:\/\/www.charminly.com\/wp-content\/uploads\/2018\/12\/hd_rappresentazione_storica_de_il_matrimonio_di_re_manfredi_a_trani_6-gocasteldelmonte_opt.jpg 1024w, https:\/\/www.charminly.com\/wp-content\/uploads\/2018\/12\/hd_rappresentazione_storica_de_il_matrimonio_di_re_manfredi_a_trani_6-gocasteldelmonte_opt-300x200.jpg 300w, https:\/\/www.charminly.com\/wp-content\/uploads\/2018\/12\/hd_rappresentazione_storica_de_il_matrimonio_di_re_manfredi_a_trani_6-gocasteldelmonte_opt-768x512.jpg 768w, https:\/\/www.charminly.com\/wp-content\/uploads\/2018\/12\/hd_rappresentazione_storica_de_il_matrimonio_di_re_manfredi_a_trani_6-gocasteldelmonte_opt-105x70.jpg 105w\" sizes=\"auto, (max-width: 1024px) 100vw, 1024px\" \/><p id=\"caption-attachment-54889\" class=\"wp-caption-text\">Matrimonio tra Elena d&#8217;Epiro e Manfredi, foto by gocasteldelmonte<\/p><\/div>\n<h3><strong>Matrimonio di Manfredi ed Elena d&#8217;Epiro<\/strong><\/h3>\n<p>Gli ultimi giorni della settimana medievale vedono la rievocazione storica al <strong>Castello Svevo<\/strong> di Trani del <strong>Matrimonio tra Elena d\u2019Epiro e Manfredi<\/strong>.<\/p>\n<p>La storia narra dell\u2019amore tra <strong>l\u2019ultima regina della dinastia degli Svevi<\/strong>, <strong>Elena<\/strong> e il figlio preferito di <strong>Federico II<\/strong>, <strong>Manfredi<\/strong>.<\/p>\n<p>I festeggiamenti in onore del matrimonio si tennero proprio all\u2019interno del castello Svevo tra sfarzo e decoro. Tuttavia, la loro storia d\u2019amore non fu delle pi\u00f9 rosee in quanto <strong>Manfredi mor\u00ec durante la battaglia di Benevento<\/strong>, e la regina grazie all\u2019aiuto di una coppia tranese, <strong>Munaldo\u00a0e\u00a0Amundilla<\/strong> riusc\u00ec a <strong>nascondersi all\u2019interno del Castello<\/strong>, nell\u2019attesa di ripartire per tornare nella propria madrepatria.<\/p>\n<p>Qui per\u00f2 suo padre fu spodestato da <strong>Carlo d\u2019Angi\u00f2<\/strong> e le continue avversit\u00e0 meteorologiche le impedirono di poter partire restando cos\u00ec prigioniera nel castello dove <strong>mor\u00ec a 29 anni<\/strong>.<\/p>\n<h3><strong>Notte dei templari<\/strong><\/h3>\n<p>Altra importante manifestazione \u00e8 la <strong>Notte dei Templari<\/strong>, celebrazione in chiave teatrale della presenza dei <strong>Templari<\/strong> nella citt\u00e0 in difesa del pellegrino. Lo spettacolo si articola tra le strade della citt\u00e0, riproducendo l\u2019arrivo, la difesa e l\u2019agguato al re.<\/p>\n<hr \/>\n<div class=\"article_container\"><h2 class=\"shortcode_title\">Charming home nelle vicinanze<\/h2><div class=\"listinglink-wrapper\">\n                           <a href=\"https:\/\/www.charminly.com\/listings\/relais-country-houses-en\/\"> <span class=\"wpresidence_button\"> more listings <\/span><\/a>\n                       <\/div><\/div>\n","protected":false},"excerpt":{"rendered":"<p>Alloggiando nel meraviglioso Turenum Apartment &#038; B&#038;B, a Trani, avrete l\u2019occasione di partecipare a feste e tradizioni popolari di Trani: un ponte tra sacro e profano. Croce di Colonna Ogni anno a Trani il 3 maggio si festeggia la famosa festa del Crocifisso di Colonna le cui origini non solo sono antiche ma sono legate ad un\u2019incredibile leggenda: si narra che il 3 maggio &#8230;<\/p>\n","protected":false},"author":6,"featured_media":54888,"comment_status":"closed","ping_status":"closed","sticky":false,"template":"","format":"standard","meta":{"_acf_changed":false,"footnotes":""},"categories":[144],"tags":[608],"class_list":["post-54884","post","type-post","status-publish","format-standard","has-post-thumbnail","hentry","category-feste-tradizioni-arti-e-mestieri","tag-cosa-fare-in-puglia"],"acf":[],"yoast_head":"<!-- This site is optimized with the Yoast SEO plugin v23.9 - https:\/\/yoast.com\/wordpress\/plugins\/seo\/ -->\n<title>Feste e tradizioni popolari di Trani: un ponte tra sacro e profano<\/title>\n<meta name=\"description\" content=\"Alloggiando presso Turenum Apartment &amp; B&amp;B, a Trani, avrete l\u2019occasione di partecipare a feste e tradizioni popolari di Trani: un ponte tra sacro e profano\" \/>\n<meta name=\"robots\" content=\"index, follow, max-snippet:-1, max-image-preview:large, max-video-preview:-1\" \/>\n<link rel=\"canonical\" href=\"https:\/\/www.charminly.com\/it\/feste-e-tradizioni-popolari-di-trani-un-ponte-tra-sacro-e-profano\/\" \/>\n<meta property=\"og:locale\" content=\"it_IT\" \/>\n<meta property=\"og:type\" content=\"article\" \/>\n<meta property=\"og:title\" content=\"Feste e tradizioni popolari di Trani: un ponte tra sacro e profano\" \/>\n<meta property=\"og:description\" content=\"Alloggiando presso Turenum Apartment &amp; B&amp;B, a Trani, avrete l\u2019occasione di partecipare a feste e tradizioni popolari di Trani: un ponte tra sacro e profano\" \/>\n<meta property=\"og:url\" content=\"https:\/\/www.charminly.com\/it\/feste-e-tradizioni-popolari-di-trani-un-ponte-tra-sacro-e-profano\/\" \/>\n<meta property=\"article:publisher\" content=\"https:\/\/www.facebook.com\/charminlyitalia\/\" \/>\n<meta property=\"article:published_time\" content=\"2018-12-29T13:43:10+00:00\" \/>\n<meta property=\"article:modified_time\" content=\"2020-01-16T10:56:05+00:00\" \/>\n<meta property=\"og:image\" content=\"https:\/\/www.charminly.com\/wp-content\/uploads\/2018\/12\/pugliapress-festival-pirotecnico_opt.jpg\" \/>\n\t<meta property=\"og:image:width\" content=\"1024\" \/>\n\t<meta property=\"og:image:height\" content=\"768\" \/>\n\t<meta property=\"og:image:type\" content=\"image\/jpeg\" \/>\n<meta name=\"author\" content=\"Ivan Lopez\" \/>\n<meta name=\"twitter:card\" content=\"summary_large_image\" \/>\n<meta name=\"twitter:creator\" content=\"@charminly_com\" \/>\n<meta name=\"twitter:site\" content=\"@charminly_com\" \/>\n<meta name=\"twitter:label1\" content=\"Scritto da\" \/>\n\t<meta name=\"twitter:data1\" content=\"Ivan Lopez\" \/>\n\t<meta name=\"twitter:label2\" content=\"Tempo di lettura stimato\" \/>\n\t<meta name=\"twitter:data2\" content=\"3 minuti\" \/>\n<script type=\"application\/ld+json\" class=\"yoast-schema-graph\">{\"@context\":\"https:\/\/schema.org\",\"@graph\":[{\"@type\":\"Article\",\"@id\":\"https:\/\/www.charminly.com\/it\/feste-e-tradizioni-popolari-di-trani-un-ponte-tra-sacro-e-profano\/#article\",\"isPartOf\":{\"@id\":\"https:\/\/www.charminly.com\/it\/feste-e-tradizioni-popolari-di-trani-un-ponte-tra-sacro-e-profano\/\"},\"author\":{\"name\":\"Ivan Lopez\",\"@id\":\"https:\/\/www.charminly.com\/it\/#\/schema\/person\/52806bb74f5c81bbf5f0989dd952c7ea\"},\"headline\":\"Feste e tradizioni popolari di Trani: un ponte tra sacro e profano\",\"datePublished\":\"2018-12-29T13:43:10+00:00\",\"dateModified\":\"2020-01-16T10:56:05+00:00\",\"mainEntityOfPage\":{\"@id\":\"https:\/\/www.charminly.com\/it\/feste-e-tradizioni-popolari-di-trani-un-ponte-tra-sacro-e-profano\/\"},\"wordCount\":600,\"publisher\":{\"@id\":\"https:\/\/www.charminly.com\/it\/#organization\"},\"image\":{\"@id\":\"https:\/\/www.charminly.com\/it\/feste-e-tradizioni-popolari-di-trani-un-ponte-tra-sacro-e-profano\/#primaryimage\"},\"thumbnailUrl\":\"https:\/\/www.charminly.com\/wp-content\/uploads\/2018\/12\/pugliapress-festival-pirotecnico_opt.jpg\",\"keywords\":[\"Cosa fare in Puglia\"],\"articleSection\":[\"Feste, tradizioni, arti e mestieri\"],\"inLanguage\":\"it-IT\"},{\"@type\":\"WebPage\",\"@id\":\"https:\/\/www.charminly.com\/it\/feste-e-tradizioni-popolari-di-trani-un-ponte-tra-sacro-e-profano\/\",\"url\":\"https:\/\/www.charminly.com\/it\/feste-e-tradizioni-popolari-di-trani-un-ponte-tra-sacro-e-profano\/\",\"name\":\"Feste e tradizioni popolari di Trani: un ponte tra sacro e profano\",\"isPartOf\":{\"@id\":\"https:\/\/www.charminly.com\/it\/#website\"},\"primaryImageOfPage\":{\"@id\":\"https:\/\/www.charminly.com\/it\/feste-e-tradizioni-popolari-di-trani-un-ponte-tra-sacro-e-profano\/#primaryimage\"},\"image\":{\"@id\":\"https:\/\/www.charminly.com\/it\/feste-e-tradizioni-popolari-di-trani-un-ponte-tra-sacro-e-profano\/#primaryimage\"},\"thumbnailUrl\":\"https:\/\/www.charminly.com\/wp-content\/uploads\/2018\/12\/pugliapress-festival-pirotecnico_opt.jpg\",\"datePublished\":\"2018-12-29T13:43:10+00:00\",\"dateModified\":\"2020-01-16T10:56:05+00:00\",\"description\":\"Alloggiando presso Turenum Apartment & B&B, a Trani, avrete l\u2019occasione di partecipare a feste e tradizioni popolari di Trani: un ponte tra sacro e profano\",\"breadcrumb\":{\"@id\":\"https:\/\/www.charminly.com\/it\/feste-e-tradizioni-popolari-di-trani-un-ponte-tra-sacro-e-profano\/#breadcrumb\"},\"inLanguage\":\"it-IT\",\"potentialAction\":[{\"@type\":\"ReadAction\",\"target\":[\"https:\/\/www.charminly.com\/it\/feste-e-tradizioni-popolari-di-trani-un-ponte-tra-sacro-e-profano\/\"]}]},{\"@type\":\"ImageObject\",\"inLanguage\":\"it-IT\",\"@id\":\"https:\/\/www.charminly.com\/it\/feste-e-tradizioni-popolari-di-trani-un-ponte-tra-sacro-e-profano\/#primaryimage\",\"url\":\"https:\/\/www.charminly.com\/wp-content\/uploads\/2018\/12\/pugliapress-festival-pirotecnico_opt.jpg\",\"contentUrl\":\"https:\/\/www.charminly.com\/wp-content\/uploads\/2018\/12\/pugliapress-festival-pirotecnico_opt.jpg\",\"width\":1024,\"height\":768},{\"@type\":\"BreadcrumbList\",\"@id\":\"https:\/\/www.charminly.com\/it\/feste-e-tradizioni-popolari-di-trani-un-ponte-tra-sacro-e-profano\/#breadcrumb\",\"itemListElement\":[{\"@type\":\"ListItem\",\"position\":1,\"name\":\"Home\",\"item\":\"https:\/\/www.charminly.com\/it\/\"},{\"@type\":\"ListItem\",\"position\":2,\"name\":\"Cosa fare in Puglia\",\"item\":\"https:\/\/www.charminly.com\/it\/tag\/cosa-fare-in-puglia\/\"},{\"@type\":\"ListItem\",\"position\":3,\"name\":\"Feste e tradizioni popolari di Trani: un ponte tra sacro e profano\"}]},{\"@type\":\"WebSite\",\"@id\":\"https:\/\/www.charminly.com\/it\/#website\",\"url\":\"https:\/\/www.charminly.com\/it\/\",\"name\":\"\",\"description\":\"\",\"publisher\":{\"@id\":\"https:\/\/www.charminly.com\/it\/#organization\"},\"potentialAction\":[{\"@type\":\"SearchAction\",\"target\":{\"@type\":\"EntryPoint\",\"urlTemplate\":\"https:\/\/www.charminly.com\/it\/?s={search_term_string}\"},\"query-input\":{\"@type\":\"PropertyValueSpecification\",\"valueRequired\":true,\"valueName\":\"search_term_string\"}}],\"inLanguage\":\"it-IT\"},{\"@type\":\"Organization\",\"@id\":\"https:\/\/www.charminly.com\/it\/#organization\",\"name\":\"Charminly.com\",\"url\":\"https:\/\/www.charminly.com\/it\/\",\"logo\":{\"@type\":\"ImageObject\",\"inLanguage\":\"it-IT\",\"@id\":\"https:\/\/www.charminly.com\/it\/#\/schema\/logo\/image\/\",\"url\":\"https:\/\/www.charminly.com\/wp-content\/uploads\/2014\/10\/logo.png\",\"contentUrl\":\"https:\/\/www.charminly.com\/wp-content\/uploads\/2014\/10\/logo.png\",\"width\":264,\"height\":115,\"caption\":\"Charminly.com\"},\"image\":{\"@id\":\"https:\/\/www.charminly.com\/it\/#\/schema\/logo\/image\/\"},\"sameAs\":[\"https:\/\/www.facebook.com\/charminlyitalia\/\",\"https:\/\/x.com\/charminly_com\"]},{\"@type\":\"Person\",\"@id\":\"https:\/\/www.charminly.com\/it\/#\/schema\/person\/52806bb74f5c81bbf5f0989dd952c7ea\",\"name\":\"Ivan Lopez\",\"image\":{\"@type\":\"ImageObject\",\"inLanguage\":\"it-IT\",\"@id\":\"https:\/\/www.charminly.com\/it\/#\/schema\/person\/image\/\",\"url\":\"https:\/\/secure.gravatar.com\/avatar\/e8aef7257c7a278cfcb908e241d9761c?s=96&d=mm&r=g\",\"contentUrl\":\"https:\/\/secure.gravatar.com\/avatar\/e8aef7257c7a278cfcb908e241d9761c?s=96&d=mm&r=g\",\"caption\":\"Ivan Lopez\"},\"url\":\"https:\/\/www.charminly.com\/it\/author\/ivan\/\"}]}<\/script>\n<!-- \/ Yoast SEO plugin. -->","yoast_head_json":{"title":"Feste e tradizioni popolari di Trani: un ponte tra sacro e profano","description":"Alloggiando presso Turenum Apartment & B&B, a Trani, avrete l\u2019occasione di partecipare a feste e tradizioni popolari di Trani: un ponte tra sacro e profano","robots":{"index":"index","follow":"follow","max-snippet":"max-snippet:-1","max-image-preview":"max-image-preview:large","max-video-preview":"max-video-preview:-1"},"canonical":"https:\/\/www.charminly.com\/it\/feste-e-tradizioni-popolari-di-trani-un-ponte-tra-sacro-e-profano\/","og_locale":"it_IT","og_type":"article","og_title":"Feste e tradizioni popolari di Trani: un ponte tra sacro e profano","og_description":"Alloggiando presso Turenum Apartment & B&B, a Trani, avrete l\u2019occasione di partecipare a feste e tradizioni popolari di Trani: un ponte tra sacro e profano","og_url":"https:\/\/www.charminly.com\/it\/feste-e-tradizioni-popolari-di-trani-un-ponte-tra-sacro-e-profano\/","article_publisher":"https:\/\/www.facebook.com\/charminlyitalia\/","article_published_time":"2018-12-29T13:43:10+00:00","article_modified_time":"2020-01-16T10:56:05+00:00","og_image":[{"width":1024,"height":768,"url":"https:\/\/www.charminly.com\/wp-content\/uploads\/2018\/12\/pugliapress-festival-pirotecnico_opt.jpg","type":"image\/jpeg"}],"author":"Ivan Lopez","twitter_card":"summary_large_image","twitter_creator":"@charminly_com","twitter_site":"@charminly_com","twitter_misc":{"Scritto da":"Ivan Lopez","Tempo di lettura stimato":"3 minuti"},"schema":{"@context":"https:\/\/schema.org","@graph":[{"@type":"Article","@id":"https:\/\/www.charminly.com\/it\/feste-e-tradizioni-popolari-di-trani-un-ponte-tra-sacro-e-profano\/#article","isPartOf":{"@id":"https:\/\/www.charminly.com\/it\/feste-e-tradizioni-popolari-di-trani-un-ponte-tra-sacro-e-profano\/"},"author":{"name":"Ivan Lopez","@id":"https:\/\/www.charminly.com\/it\/#\/schema\/person\/52806bb74f5c81bbf5f0989dd952c7ea"},"headline":"Feste e tradizioni popolari di Trani: un ponte tra sacro e profano","datePublished":"2018-12-29T13:43:10+00:00","dateModified":"2020-01-16T10:56:05+00:00","mainEntityOfPage":{"@id":"https:\/\/www.charminly.com\/it\/feste-e-tradizioni-popolari-di-trani-un-ponte-tra-sacro-e-profano\/"},"wordCount":600,"publisher":{"@id":"https:\/\/www.charminly.com\/it\/#organization"},"image":{"@id":"https:\/\/www.charminly.com\/it\/feste-e-tradizioni-popolari-di-trani-un-ponte-tra-sacro-e-profano\/#primaryimage"},"thumbnailUrl":"https:\/\/www.charminly.com\/wp-content\/uploads\/2018\/12\/pugliapress-festival-pirotecnico_opt.jpg","keywords":["Cosa fare in Puglia"],"articleSection":["Feste, tradizioni, arti e mestieri"],"inLanguage":"it-IT"},{"@type":"WebPage","@id":"https:\/\/www.charminly.com\/it\/feste-e-tradizioni-popolari-di-trani-un-ponte-tra-sacro-e-profano\/","url":"https:\/\/www.charminly.com\/it\/feste-e-tradizioni-popolari-di-trani-un-ponte-tra-sacro-e-profano\/","name":"Feste e tradizioni popolari di Trani: un ponte tra sacro e profano","isPartOf":{"@id":"https:\/\/www.charminly.com\/it\/#website"},"primaryImageOfPage":{"@id":"https:\/\/www.charminly.com\/it\/feste-e-tradizioni-popolari-di-trani-un-ponte-tra-sacro-e-profano\/#primaryimage"},"image":{"@id":"https:\/\/www.charminly.com\/it\/feste-e-tradizioni-popolari-di-trani-un-ponte-tra-sacro-e-profano\/#primaryimage"},"thumbnailUrl":"https:\/\/www.charminly.com\/wp-content\/uploads\/2018\/12\/pugliapress-festival-pirotecnico_opt.jpg","datePublished":"2018-12-29T13:43:10+00:00","dateModified":"2020-01-16T10:56:05+00:00","description":"Alloggiando presso Turenum Apartment & B&B, a Trani, avrete l\u2019occasione di partecipare a feste e tradizioni popolari di Trani: un ponte tra sacro e profano","breadcrumb":{"@id":"https:\/\/www.charminly.com\/it\/feste-e-tradizioni-popolari-di-trani-un-ponte-tra-sacro-e-profano\/#breadcrumb"},"inLanguage":"it-IT","potentialAction":[{"@type":"ReadAction","target":["https:\/\/www.charminly.com\/it\/feste-e-tradizioni-popolari-di-trani-un-ponte-tra-sacro-e-profano\/"]}]},{"@type":"ImageObject","inLanguage":"it-IT","@id":"https:\/\/www.charminly.com\/it\/feste-e-tradizioni-popolari-di-trani-un-ponte-tra-sacro-e-profano\/#primaryimage","url":"https:\/\/www.charminly.com\/wp-content\/uploads\/2018\/12\/pugliapress-festival-pirotecnico_opt.jpg","contentUrl":"https:\/\/www.charminly.com\/wp-content\/uploads\/2018\/12\/pugliapress-festival-pirotecnico_opt.jpg","width":1024,"height":768},{"@type":"BreadcrumbList","@id":"https:\/\/www.charminly.com\/it\/feste-e-tradizioni-popolari-di-trani-un-ponte-tra-sacro-e-profano\/#breadcrumb","itemListElement":[{"@type":"ListItem","position":1,"name":"Home","item":"https:\/\/www.charminly.com\/it\/"},{"@type":"ListItem","position":2,"name":"Cosa fare in Puglia","item":"https:\/\/www.charminly.com\/it\/tag\/cosa-fare-in-puglia\/"},{"@type":"ListItem","position":3,"name":"Feste e tradizioni popolari di Trani: un ponte tra sacro e profano"}]},{"@type":"WebSite","@id":"https:\/\/www.charminly.com\/it\/#website","url":"https:\/\/www.charminly.com\/it\/","name":"","description":"","publisher":{"@id":"https:\/\/www.charminly.com\/it\/#organization"},"potentialAction":[{"@type":"SearchAction","target":{"@type":"EntryPoint","urlTemplate":"https:\/\/www.charminly.com\/it\/?s={search_term_string}"},"query-input":{"@type":"PropertyValueSpecification","valueRequired":true,"valueName":"search_term_string"}}],"inLanguage":"it-IT"},{"@type":"Organization","@id":"https:\/\/www.charminly.com\/it\/#organization","name":"Charminly.com","url":"https:\/\/www.charminly.com\/it\/","logo":{"@type":"ImageObject","inLanguage":"it-IT","@id":"https:\/\/www.charminly.com\/it\/#\/schema\/logo\/image\/","url":"https:\/\/www.charminly.com\/wp-content\/uploads\/2014\/10\/logo.png","contentUrl":"https:\/\/www.charminly.com\/wp-content\/uploads\/2014\/10\/logo.png","width":264,"height":115,"caption":"Charminly.com"},"image":{"@id":"https:\/\/www.charminly.com\/it\/#\/schema\/logo\/image\/"},"sameAs":["https:\/\/www.facebook.com\/charminlyitalia\/","https:\/\/x.com\/charminly_com"]},{"@type":"Person","@id":"https:\/\/www.charminly.com\/it\/#\/schema\/person\/52806bb74f5c81bbf5f0989dd952c7ea","name":"Ivan Lopez","image":{"@type":"ImageObject","inLanguage":"it-IT","@id":"https:\/\/www.charminly.com\/it\/#\/schema\/person\/image\/","url":"https:\/\/secure.gravatar.com\/avatar\/e8aef7257c7a278cfcb908e241d9761c?s=96&d=mm&r=g","contentUrl":"https:\/\/secure.gravatar.com\/avatar\/e8aef7257c7a278cfcb908e241d9761c?s=96&d=mm&r=g","caption":"Ivan Lopez"},"url":"https:\/\/www.charminly.com\/it\/author\/ivan\/"}]}},"_links":{"self":[{"href":"https:\/\/www.charminly.com\/it\/wp-json\/wp\/v2\/posts\/54884","targetHints":{"allow":["GET"]}}],"collection":[{"href":"https:\/\/www.charminly.com\/it\/wp-json\/wp\/v2\/posts"}],"about":[{"href":"https:\/\/www.charminly.com\/it\/wp-json\/wp\/v2\/types\/post"}],"author":[{"embeddable":true,"href":"https:\/\/www.charminly.com\/it\/wp-json\/wp\/v2\/users\/6"}],"replies":[{"embeddable":true,"href":"https:\/\/www.charminly.com\/it\/wp-json\/wp\/v2\/comments?post=54884"}],"version-history":[{"count":0,"href":"https:\/\/www.charminly.com\/it\/wp-json\/wp\/v2\/posts\/54884\/revisions"}],"wp:featuredmedia":[{"embeddable":true,"href":"https:\/\/www.charminly.com\/it\/wp-json\/wp\/v2\/media\/54888"}],"wp:attachment":[{"href":"https:\/\/www.charminly.com\/it\/wp-json\/wp\/v2\/media?parent=54884"}],"wp:term":[{"taxonomy":"category","embeddable":true,"href":"https:\/\/www.charminly.com\/it\/wp-json\/wp\/v2\/categories?post=54884"},{"taxonomy":"post_tag","embeddable":true,"href":"https:\/\/www.charminly.com\/it\/wp-json\/wp\/v2\/tags?post=54884"}],"curies":[{"name":"wp","href":"https:\/\/api.w.org\/{rel}","templated":true}]}}