{"id":54689,"date":"2018-12-20T15:11:51","date_gmt":"2018-12-20T14:11:51","guid":{"rendered":"https:\/\/www.charminly.com\/?p=54689"},"modified":"2020-01-16T11:27:53","modified_gmt":"2020-01-16T10:27:53","slug":"musica-vino-e-saltimbanchi-tra-le-manifestazioni-folcloristiche-del-lago-di-garda","status":"publish","type":"post","link":"https:\/\/www.charminly.com\/it\/musica-vino-e-saltimbanchi-tra-le-manifestazioni-folcloristiche-del-lago-di-garda\/","title":{"rendered":"Musica, vino e saltimbanchi tra le manifestazioni folcloristiche del Lago di Garda"},"content":{"rendered":"<p>Alloggiando presso <a href=\"https:\/\/www.charminly.com\/it\/properties\/hotel-gardenia-al-lago-it\/\"><strong>l\u2019Hotel Gardenia al Lago<\/strong><\/a>, confortevole struttura che si trova a <a href=\"https:\/\/www.charminly.com\/it\/area\/gargnano-it\/\"><strong>Villa di\u00a0Gargnano<\/strong><\/a>, sul <strong>versante <\/strong><strong>lombardo del\u00a0Lago di Garda<\/strong> potrete prendere parte a musica, vino e saltimbanchi tra le manifestazioni folcloristiche del Lago di Garda.<\/p>\n<h3><strong>Gargnano \u2013 Giardini d\u2019Agrumi<\/strong><\/h3>\n<p>Ad <strong>aprile a\u00a0Gargnano<\/strong>,\u00a0si tiene la manifestazione <strong>Giardini d\u2019Agrumi<\/strong>, che mira alla valorizzazione e promozione delle meravigliose <strong>limonaie<\/strong> del lago di Garda\u00a0e degli <strong>agrumi<\/strong> che vengono l\u00ec coltivati a scopo decorativo e produttivo.<\/p>\n<p>Non a caso la coltivazione di agrumi sulle zone della riviera del Garda \u00e8 molto antica e risale al <strong>XV secolo<\/strong>, quando durante l\u2019inverno per proteggere le piante dal gelo, si iniziarono a costruire <strong>serre in muratura monumentali<\/strong> che presero il nome di <strong>limonaie<\/strong>.<\/p>\n<p>La manifestazione prevede non solo <strong>laboratori didattici<\/strong>, visite guidate e un mercato dedicato agli agrumi, ma anche <strong>l\u2019esposizione degli attrezzi<\/strong> che venivano utilizzati per l\u2019agrumicoltura gardesana.<\/p>\n<div id=\"attachment_54690\" style=\"width: 1034px\" class=\"wp-caption alignnone\"><img loading=\"lazy\" decoding=\"async\" aria-describedby=\"caption-attachment-54690\" class=\"wp-image-54690 size-large\" src=\"https:\/\/www.charminly.com\/wp-content\/uploads\/2018\/12\/giardini-dagrumi-notizie-punt-comuni-trat-italiani_opt-1024x722.jpg\" alt=\"\" width=\"1024\" height=\"722\" srcset=\"https:\/\/www.charminly.com\/wp-content\/uploads\/2018\/12\/giardini-dagrumi-notizie-punt-comuni-trat-italiani_opt.jpg 1024w, https:\/\/www.charminly.com\/wp-content\/uploads\/2018\/12\/giardini-dagrumi-notizie-punt-comuni-trat-italiani_opt-300x212.jpg 300w, https:\/\/www.charminly.com\/wp-content\/uploads\/2018\/12\/giardini-dagrumi-notizie-punt-comuni-trat-italiani_opt-768x542.jpg 768w\" sizes=\"auto, (max-width: 1024px) 100vw, 1024px\" \/><p id=\"caption-attachment-54690\" class=\"wp-caption-text\">Giardini d&#8217;Agrumi, foto by notizie.comuni-italiani<\/p><\/div>\n<h3><strong>Polpenazze \u2013 Fiera del vino<\/strong><\/h3>\n<p>A maggio invece a <strong>Polpenazze<\/strong>,\u00a0si tiene ogni anno l\u2019annuale <strong>Fiera del Vino<\/strong>, nata nel <strong>1950<\/strong> con l\u2019obiettivo di valorizzare il patrimonio vitivinicolo della zona trasformando il centro storico di Polpenazze in un vero e proprio luogo incantato.<\/p>\n<p>Potrete avere la possibilit\u00e0 di assaporare i prelibati vini locali accompagnati da gustosi manicaretti e piatti tipici della zona.<\/p>\n<p>Dal momento che il vino viene considerato un vero e proprio patrimonio locale, tanto che a tutta la zona \u00e8 stata conferita la denominazione <strong>DOC<\/strong>, durante la serata si potr\u00e0 assistere anche alla <strong>premiazione dei migliori vini<\/strong> presenti sul mercato e a uno spettacolo pirotecnico.<\/p>\n<h3><strong>Desenzano sul Garda &#8211; Circus Summer Festival <\/strong><\/h3>\n<p>Visitando <strong>Desenzano sul Garda<\/strong> a giugno si potr\u00e0 avere la possibilit\u00e0 di partecipare al <strong>Circus Summer Festival<\/strong>, una grande manifestazione internazionale dedicata <strong>all\u2019arte di strada.<\/strong><\/p>\n<p>La citt\u00e0 si trasforma in un luogo magico dove, <strong>saltimbanchi e giocolieri<\/strong> allieteranno le serate con i loro spettacoli catapultandovi in un mondo colorato e divertente.<\/p>\n<p>Gli spettacoli in genere si svolgono a rotazione per le strade del centro storico della citt\u00e0 con la possibilit\u00e0 per i pi\u00f9 piccoli di partecipare ad una <strong>scuola di circo<\/strong>, cimentandosi cos\u00ec con palline, acrobazie e clave per un divertimento assicurato.<\/p>\n<div id=\"attachment_54694\" style=\"width: 1034px\" class=\"wp-caption alignnone\"><img loading=\"lazy\" decoding=\"async\" aria-describedby=\"caption-attachment-54694\" class=\"wp-image-54694 size-large\" src=\"https:\/\/www.charminly.com\/wp-content\/uploads\/2018\/12\/battaglia-notizie-comuni-italiani_opt-1024x588.jpg\" alt=\"\" width=\"1024\" height=\"588\" srcset=\"https:\/\/www.charminly.com\/wp-content\/uploads\/2018\/12\/battaglia-notizie-comuni-italiani_opt.jpg 1024w, https:\/\/www.charminly.com\/wp-content\/uploads\/2018\/12\/battaglia-notizie-comuni-italiani_opt-300x172.jpg 300w, https:\/\/www.charminly.com\/wp-content\/uploads\/2018\/12\/battaglia-notizie-comuni-italiani_opt-768x441.jpg 768w, https:\/\/www.charminly.com\/wp-content\/uploads\/2018\/12\/battaglia-notizie-comuni-italiani_opt-143x83.jpg 143w\" sizes=\"auto, (max-width: 1024px) 100vw, 1024px\" \/><p id=\"caption-attachment-54694\" class=\"wp-caption-text\">Battaglia di Solferino, foto by notizie.comuni-italiani<\/p><\/div>\n<h3><strong>Desenzano sul Garda \u2013 Battaglia di Solferino<\/strong><\/h3>\n<p>Ogni anno il <strong>24 giugno<\/strong> a <strong>Desenzano del Garda<\/strong> si tiene un\u2019importante rievocazione storica: <strong>la battaglia di San Martino e Solferino<\/strong> avvenuta per l\u2019appunto il <strong>24 giugno 1859<\/strong>.<\/p>\n<p>Si tratta del pi\u00f9 importante appuntamento rievocativo risorgimentale di tutta Italia che riporta in vita gli attimi che hanno sancito la nascita del nostro paese: presso il <strong>complesso monumentale di San Martino della Battaglia<\/strong>, si esibiranno figuranti nei panni degli eserciti <strong>Sardo-Piemontese, Francese ed Austriaco.<\/strong> Fu proprio grazie a questa battaglia che <strong>Henry Dunant<\/strong>\u00a0decise di fondare la <strong>prima Croce Rossa<\/strong> capovolgendo il concetto di primo soccorso.<\/p>\n<h3><strong>Gargnano \u2013 Cara vecchia Gargnano<\/strong><\/h3>\n<p>Un evento singolare che si tiene a luglio \u00e8 <strong>&#8220;Cara Vecchia Gargnano&#8221;:<\/strong> si tratta di una popolare <strong>passeggiata enogastronomica<\/strong> animata da spettacoli artistici e musicali che si tiene per le strade della citt\u00e0.<\/p>\n<p>Si potr\u00e0 girare tra i vari stand gastronomici che prevedono il pagamento in <strong>\u201cfuffi\u201d<\/strong> particolare moneta istituita proprio in occasione di questa manifestazione.<\/p>\n<hr \/>\n<div class=\"article_container\"><h2 class=\"shortcode_title\">Charming home nelle vicinanze<\/h2><div class=\"listinglink-wrapper\">\n                           <a href=\"https:\/\/www.charminly.com\/listings\/relais-country-houses-en\/\"> <span class=\"wpresidence_button\"> more listings <\/span><\/a>\n                       <\/div><\/div>\n","protected":false},"excerpt":{"rendered":"<p>Alloggiando presso l\u2019Hotel Gardenia al Lago, confortevole struttura che si trova a Villa di\u00a0Gargnano, sul versante lombardo del\u00a0Lago di Garda potrete prendere parte a musica, vino e saltimbanchi tra le manifestazioni folcloristiche del Lago di Garda. Gargnano \u2013 Giardini d\u2019Agrumi Ad aprile a\u00a0Gargnano,\u00a0si tiene la manifestazione Giardini d\u2019Agrumi, che mira alla valorizzazione e promozione delle meravigliose limonaie del lago di Garda\u00a0e degli agrumi che &#8230;<\/p>\n","protected":false},"author":6,"featured_media":54697,"comment_status":"closed","ping_status":"closed","sticky":false,"template":"","format":"standard","meta":{"_acf_changed":false,"footnotes":""},"categories":[144],"tags":[625],"class_list":["post-54689","post","type-post","status-publish","format-standard","has-post-thumbnail","hentry","category-feste-tradizioni-arti-e-mestieri","tag-cosa-fare-in-lombardia"],"acf":[],"yoast_head":"<!-- This site is optimized with the Yoast SEO plugin v23.9 - https:\/\/yoast.com\/wordpress\/plugins\/seo\/ -->\n<title>Musica, vino e saltimbanchi tra le manifestazioni folcloristiche del Lago di Garda<\/title>\n<meta name=\"description\" content=\"Alloggiando presso l\u2019Hotel Gardenia al Lago, potrete prendere parte a musica, vino e saltimbanchi tra le manifestazioni folcloristiche del Lago di Garda.\" \/>\n<meta name=\"robots\" content=\"index, follow, max-snippet:-1, max-image-preview:large, max-video-preview:-1\" \/>\n<link rel=\"canonical\" href=\"https:\/\/www.charminly.com\/it\/musica-vino-e-saltimbanchi-tra-le-manifestazioni-folcloristiche-del-lago-di-garda\/\" \/>\n<meta property=\"og:locale\" content=\"it_IT\" \/>\n<meta property=\"og:type\" content=\"article\" \/>\n<meta property=\"og:title\" content=\"Musica, vino e saltimbanchi tra le manifestazioni folcloristiche del Lago di Garda\" \/>\n<meta property=\"og:description\" content=\"Alloggiando presso l\u2019Hotel Gardenia al Lago, potrete prendere parte a musica, vino e saltimbanchi tra le manifestazioni folcloristiche del Lago di Garda.\" \/>\n<meta property=\"og:url\" content=\"https:\/\/www.charminly.com\/it\/musica-vino-e-saltimbanchi-tra-le-manifestazioni-folcloristiche-del-lago-di-garda\/\" \/>\n<meta property=\"article:publisher\" content=\"https:\/\/www.facebook.com\/charminlyitalia\/\" \/>\n<meta property=\"article:published_time\" content=\"2018-12-20T14:11:51+00:00\" \/>\n<meta property=\"article:modified_time\" content=\"2020-01-16T10:27:53+00:00\" \/>\n<meta property=\"og:image\" content=\"https:\/\/www.charminly.com\/wp-content\/uploads\/2018\/12\/battaglia-notizie-comuni-italiani_opt.jpg\" \/>\n\t<meta property=\"og:image:width\" content=\"1024\" \/>\n\t<meta property=\"og:image:height\" content=\"588\" \/>\n\t<meta property=\"og:image:type\" content=\"image\/jpeg\" \/>\n<meta name=\"author\" content=\"Ivan Lopez\" \/>\n<meta name=\"twitter:card\" content=\"summary_large_image\" \/>\n<meta name=\"twitter:creator\" content=\"@charminly_com\" \/>\n<meta name=\"twitter:site\" content=\"@charminly_com\" \/>\n<meta name=\"twitter:label1\" content=\"Scritto da\" \/>\n\t<meta name=\"twitter:data1\" content=\"Ivan Lopez\" \/>\n\t<meta name=\"twitter:label2\" content=\"Tempo di lettura stimato\" \/>\n\t<meta name=\"twitter:data2\" content=\"3 minuti\" \/>\n<script type=\"application\/ld+json\" class=\"yoast-schema-graph\">{\"@context\":\"https:\/\/schema.org\",\"@graph\":[{\"@type\":\"Article\",\"@id\":\"https:\/\/www.charminly.com\/it\/musica-vino-e-saltimbanchi-tra-le-manifestazioni-folcloristiche-del-lago-di-garda\/#article\",\"isPartOf\":{\"@id\":\"https:\/\/www.charminly.com\/it\/musica-vino-e-saltimbanchi-tra-le-manifestazioni-folcloristiche-del-lago-di-garda\/\"},\"author\":{\"name\":\"Ivan Lopez\",\"@id\":\"https:\/\/www.charminly.com\/it\/#\/schema\/person\/52806bb74f5c81bbf5f0989dd952c7ea\"},\"headline\":\"Musica, vino e saltimbanchi tra le manifestazioni folcloristiche del Lago di Garda\",\"datePublished\":\"2018-12-20T14:11:51+00:00\",\"dateModified\":\"2020-01-16T10:27:53+00:00\",\"mainEntityOfPage\":{\"@id\":\"https:\/\/www.charminly.com\/it\/musica-vino-e-saltimbanchi-tra-le-manifestazioni-folcloristiche-del-lago-di-garda\/\"},\"wordCount\":582,\"publisher\":{\"@id\":\"https:\/\/www.charminly.com\/it\/#organization\"},\"image\":{\"@id\":\"https:\/\/www.charminly.com\/it\/musica-vino-e-saltimbanchi-tra-le-manifestazioni-folcloristiche-del-lago-di-garda\/#primaryimage\"},\"thumbnailUrl\":\"https:\/\/www.charminly.com\/wp-content\/uploads\/2018\/12\/battaglia-notizie-comuni-italiani_opt.jpg\",\"keywords\":[\"Cosa fare in Lombardia\"],\"articleSection\":[\"Feste, tradizioni, arti e mestieri\"],\"inLanguage\":\"it-IT\"},{\"@type\":\"WebPage\",\"@id\":\"https:\/\/www.charminly.com\/it\/musica-vino-e-saltimbanchi-tra-le-manifestazioni-folcloristiche-del-lago-di-garda\/\",\"url\":\"https:\/\/www.charminly.com\/it\/musica-vino-e-saltimbanchi-tra-le-manifestazioni-folcloristiche-del-lago-di-garda\/\",\"name\":\"Musica, vino e saltimbanchi tra le manifestazioni folcloristiche del Lago di Garda\",\"isPartOf\":{\"@id\":\"https:\/\/www.charminly.com\/it\/#website\"},\"primaryImageOfPage\":{\"@id\":\"https:\/\/www.charminly.com\/it\/musica-vino-e-saltimbanchi-tra-le-manifestazioni-folcloristiche-del-lago-di-garda\/#primaryimage\"},\"image\":{\"@id\":\"https:\/\/www.charminly.com\/it\/musica-vino-e-saltimbanchi-tra-le-manifestazioni-folcloristiche-del-lago-di-garda\/#primaryimage\"},\"thumbnailUrl\":\"https:\/\/www.charminly.com\/wp-content\/uploads\/2018\/12\/battaglia-notizie-comuni-italiani_opt.jpg\",\"datePublished\":\"2018-12-20T14:11:51+00:00\",\"dateModified\":\"2020-01-16T10:27:53+00:00\",\"description\":\"Alloggiando presso l\u2019Hotel Gardenia al Lago, potrete prendere parte a musica, vino e saltimbanchi tra le manifestazioni folcloristiche del Lago di Garda.\",\"breadcrumb\":{\"@id\":\"https:\/\/www.charminly.com\/it\/musica-vino-e-saltimbanchi-tra-le-manifestazioni-folcloristiche-del-lago-di-garda\/#breadcrumb\"},\"inLanguage\":\"it-IT\",\"potentialAction\":[{\"@type\":\"ReadAction\",\"target\":[\"https:\/\/www.charminly.com\/it\/musica-vino-e-saltimbanchi-tra-le-manifestazioni-folcloristiche-del-lago-di-garda\/\"]}]},{\"@type\":\"ImageObject\",\"inLanguage\":\"it-IT\",\"@id\":\"https:\/\/www.charminly.com\/it\/musica-vino-e-saltimbanchi-tra-le-manifestazioni-folcloristiche-del-lago-di-garda\/#primaryimage\",\"url\":\"https:\/\/www.charminly.com\/wp-content\/uploads\/2018\/12\/battaglia-notizie-comuni-italiani_opt.jpg\",\"contentUrl\":\"https:\/\/www.charminly.com\/wp-content\/uploads\/2018\/12\/battaglia-notizie-comuni-italiani_opt.jpg\",\"width\":1024,\"height\":588},{\"@type\":\"BreadcrumbList\",\"@id\":\"https:\/\/www.charminly.com\/it\/musica-vino-e-saltimbanchi-tra-le-manifestazioni-folcloristiche-del-lago-di-garda\/#breadcrumb\",\"itemListElement\":[{\"@type\":\"ListItem\",\"position\":1,\"name\":\"Home\",\"item\":\"https:\/\/www.charminly.com\/it\/\"},{\"@type\":\"ListItem\",\"position\":2,\"name\":\"Cosa fare in Lombardia\",\"item\":\"https:\/\/www.charminly.com\/it\/tag\/cosa-fare-in-lombardia\/\"},{\"@type\":\"ListItem\",\"position\":3,\"name\":\"Musica, vino e saltimbanchi tra le manifestazioni folcloristiche del Lago di Garda\"}]},{\"@type\":\"WebSite\",\"@id\":\"https:\/\/www.charminly.com\/it\/#website\",\"url\":\"https:\/\/www.charminly.com\/it\/\",\"name\":\"\",\"description\":\"\",\"publisher\":{\"@id\":\"https:\/\/www.charminly.com\/it\/#organization\"},\"potentialAction\":[{\"@type\":\"SearchAction\",\"target\":{\"@type\":\"EntryPoint\",\"urlTemplate\":\"https:\/\/www.charminly.com\/it\/?s={search_term_string}\"},\"query-input\":{\"@type\":\"PropertyValueSpecification\",\"valueRequired\":true,\"valueName\":\"search_term_string\"}}],\"inLanguage\":\"it-IT\"},{\"@type\":\"Organization\",\"@id\":\"https:\/\/www.charminly.com\/it\/#organization\",\"name\":\"Charminly.com\",\"url\":\"https:\/\/www.charminly.com\/it\/\",\"logo\":{\"@type\":\"ImageObject\",\"inLanguage\":\"it-IT\",\"@id\":\"https:\/\/www.charminly.com\/it\/#\/schema\/logo\/image\/\",\"url\":\"https:\/\/www.charminly.com\/wp-content\/uploads\/2014\/10\/logo.png\",\"contentUrl\":\"https:\/\/www.charminly.com\/wp-content\/uploads\/2014\/10\/logo.png\",\"width\":264,\"height\":115,\"caption\":\"Charminly.com\"},\"image\":{\"@id\":\"https:\/\/www.charminly.com\/it\/#\/schema\/logo\/image\/\"},\"sameAs\":[\"https:\/\/www.facebook.com\/charminlyitalia\/\",\"https:\/\/x.com\/charminly_com\"]},{\"@type\":\"Person\",\"@id\":\"https:\/\/www.charminly.com\/it\/#\/schema\/person\/52806bb74f5c81bbf5f0989dd952c7ea\",\"name\":\"Ivan Lopez\",\"image\":{\"@type\":\"ImageObject\",\"inLanguage\":\"it-IT\",\"@id\":\"https:\/\/www.charminly.com\/it\/#\/schema\/person\/image\/\",\"url\":\"https:\/\/secure.gravatar.com\/avatar\/e8aef7257c7a278cfcb908e241d9761c?s=96&d=mm&r=g\",\"contentUrl\":\"https:\/\/secure.gravatar.com\/avatar\/e8aef7257c7a278cfcb908e241d9761c?s=96&d=mm&r=g\",\"caption\":\"Ivan Lopez\"},\"url\":\"https:\/\/www.charminly.com\/it\/author\/ivan\/\"}]}<\/script>\n<!-- \/ Yoast SEO plugin. -->","yoast_head_json":{"title":"Musica, vino e saltimbanchi tra le manifestazioni folcloristiche del Lago di Garda","description":"Alloggiando presso l\u2019Hotel Gardenia al Lago, potrete prendere parte a musica, vino e saltimbanchi tra le manifestazioni folcloristiche del Lago di Garda.","robots":{"index":"index","follow":"follow","max-snippet":"max-snippet:-1","max-image-preview":"max-image-preview:large","max-video-preview":"max-video-preview:-1"},"canonical":"https:\/\/www.charminly.com\/it\/musica-vino-e-saltimbanchi-tra-le-manifestazioni-folcloristiche-del-lago-di-garda\/","og_locale":"it_IT","og_type":"article","og_title":"Musica, vino e saltimbanchi tra le manifestazioni folcloristiche del Lago di Garda","og_description":"Alloggiando presso l\u2019Hotel Gardenia al Lago, potrete prendere parte a musica, vino e saltimbanchi tra le manifestazioni folcloristiche del Lago di Garda.","og_url":"https:\/\/www.charminly.com\/it\/musica-vino-e-saltimbanchi-tra-le-manifestazioni-folcloristiche-del-lago-di-garda\/","article_publisher":"https:\/\/www.facebook.com\/charminlyitalia\/","article_published_time":"2018-12-20T14:11:51+00:00","article_modified_time":"2020-01-16T10:27:53+00:00","og_image":[{"width":1024,"height":588,"url":"https:\/\/www.charminly.com\/wp-content\/uploads\/2018\/12\/battaglia-notizie-comuni-italiani_opt.jpg","type":"image\/jpeg"}],"author":"Ivan Lopez","twitter_card":"summary_large_image","twitter_creator":"@charminly_com","twitter_site":"@charminly_com","twitter_misc":{"Scritto da":"Ivan Lopez","Tempo di lettura stimato":"3 minuti"},"schema":{"@context":"https:\/\/schema.org","@graph":[{"@type":"Article","@id":"https:\/\/www.charminly.com\/it\/musica-vino-e-saltimbanchi-tra-le-manifestazioni-folcloristiche-del-lago-di-garda\/#article","isPartOf":{"@id":"https:\/\/www.charminly.com\/it\/musica-vino-e-saltimbanchi-tra-le-manifestazioni-folcloristiche-del-lago-di-garda\/"},"author":{"name":"Ivan Lopez","@id":"https:\/\/www.charminly.com\/it\/#\/schema\/person\/52806bb74f5c81bbf5f0989dd952c7ea"},"headline":"Musica, vino e saltimbanchi tra le manifestazioni folcloristiche del Lago di Garda","datePublished":"2018-12-20T14:11:51+00:00","dateModified":"2020-01-16T10:27:53+00:00","mainEntityOfPage":{"@id":"https:\/\/www.charminly.com\/it\/musica-vino-e-saltimbanchi-tra-le-manifestazioni-folcloristiche-del-lago-di-garda\/"},"wordCount":582,"publisher":{"@id":"https:\/\/www.charminly.com\/it\/#organization"},"image":{"@id":"https:\/\/www.charminly.com\/it\/musica-vino-e-saltimbanchi-tra-le-manifestazioni-folcloristiche-del-lago-di-garda\/#primaryimage"},"thumbnailUrl":"https:\/\/www.charminly.com\/wp-content\/uploads\/2018\/12\/battaglia-notizie-comuni-italiani_opt.jpg","keywords":["Cosa fare in Lombardia"],"articleSection":["Feste, tradizioni, arti e mestieri"],"inLanguage":"it-IT"},{"@type":"WebPage","@id":"https:\/\/www.charminly.com\/it\/musica-vino-e-saltimbanchi-tra-le-manifestazioni-folcloristiche-del-lago-di-garda\/","url":"https:\/\/www.charminly.com\/it\/musica-vino-e-saltimbanchi-tra-le-manifestazioni-folcloristiche-del-lago-di-garda\/","name":"Musica, vino e saltimbanchi tra le manifestazioni folcloristiche del Lago di Garda","isPartOf":{"@id":"https:\/\/www.charminly.com\/it\/#website"},"primaryImageOfPage":{"@id":"https:\/\/www.charminly.com\/it\/musica-vino-e-saltimbanchi-tra-le-manifestazioni-folcloristiche-del-lago-di-garda\/#primaryimage"},"image":{"@id":"https:\/\/www.charminly.com\/it\/musica-vino-e-saltimbanchi-tra-le-manifestazioni-folcloristiche-del-lago-di-garda\/#primaryimage"},"thumbnailUrl":"https:\/\/www.charminly.com\/wp-content\/uploads\/2018\/12\/battaglia-notizie-comuni-italiani_opt.jpg","datePublished":"2018-12-20T14:11:51+00:00","dateModified":"2020-01-16T10:27:53+00:00","description":"Alloggiando presso l\u2019Hotel Gardenia al Lago, potrete prendere parte a musica, vino e saltimbanchi tra le manifestazioni folcloristiche del Lago di Garda.","breadcrumb":{"@id":"https:\/\/www.charminly.com\/it\/musica-vino-e-saltimbanchi-tra-le-manifestazioni-folcloristiche-del-lago-di-garda\/#breadcrumb"},"inLanguage":"it-IT","potentialAction":[{"@type":"ReadAction","target":["https:\/\/www.charminly.com\/it\/musica-vino-e-saltimbanchi-tra-le-manifestazioni-folcloristiche-del-lago-di-garda\/"]}]},{"@type":"ImageObject","inLanguage":"it-IT","@id":"https:\/\/www.charminly.com\/it\/musica-vino-e-saltimbanchi-tra-le-manifestazioni-folcloristiche-del-lago-di-garda\/#primaryimage","url":"https:\/\/www.charminly.com\/wp-content\/uploads\/2018\/12\/battaglia-notizie-comuni-italiani_opt.jpg","contentUrl":"https:\/\/www.charminly.com\/wp-content\/uploads\/2018\/12\/battaglia-notizie-comuni-italiani_opt.jpg","width":1024,"height":588},{"@type":"BreadcrumbList","@id":"https:\/\/www.charminly.com\/it\/musica-vino-e-saltimbanchi-tra-le-manifestazioni-folcloristiche-del-lago-di-garda\/#breadcrumb","itemListElement":[{"@type":"ListItem","position":1,"name":"Home","item":"https:\/\/www.charminly.com\/it\/"},{"@type":"ListItem","position":2,"name":"Cosa fare in Lombardia","item":"https:\/\/www.charminly.com\/it\/tag\/cosa-fare-in-lombardia\/"},{"@type":"ListItem","position":3,"name":"Musica, vino e saltimbanchi tra le manifestazioni folcloristiche del Lago di Garda"}]},{"@type":"WebSite","@id":"https:\/\/www.charminly.com\/it\/#website","url":"https:\/\/www.charminly.com\/it\/","name":"","description":"","publisher":{"@id":"https:\/\/www.charminly.com\/it\/#organization"},"potentialAction":[{"@type":"SearchAction","target":{"@type":"EntryPoint","urlTemplate":"https:\/\/www.charminly.com\/it\/?s={search_term_string}"},"query-input":{"@type":"PropertyValueSpecification","valueRequired":true,"valueName":"search_term_string"}}],"inLanguage":"it-IT"},{"@type":"Organization","@id":"https:\/\/www.charminly.com\/it\/#organization","name":"Charminly.com","url":"https:\/\/www.charminly.com\/it\/","logo":{"@type":"ImageObject","inLanguage":"it-IT","@id":"https:\/\/www.charminly.com\/it\/#\/schema\/logo\/image\/","url":"https:\/\/www.charminly.com\/wp-content\/uploads\/2014\/10\/logo.png","contentUrl":"https:\/\/www.charminly.com\/wp-content\/uploads\/2014\/10\/logo.png","width":264,"height":115,"caption":"Charminly.com"},"image":{"@id":"https:\/\/www.charminly.com\/it\/#\/schema\/logo\/image\/"},"sameAs":["https:\/\/www.facebook.com\/charminlyitalia\/","https:\/\/x.com\/charminly_com"]},{"@type":"Person","@id":"https:\/\/www.charminly.com\/it\/#\/schema\/person\/52806bb74f5c81bbf5f0989dd952c7ea","name":"Ivan Lopez","image":{"@type":"ImageObject","inLanguage":"it-IT","@id":"https:\/\/www.charminly.com\/it\/#\/schema\/person\/image\/","url":"https:\/\/secure.gravatar.com\/avatar\/e8aef7257c7a278cfcb908e241d9761c?s=96&d=mm&r=g","contentUrl":"https:\/\/secure.gravatar.com\/avatar\/e8aef7257c7a278cfcb908e241d9761c?s=96&d=mm&r=g","caption":"Ivan Lopez"},"url":"https:\/\/www.charminly.com\/it\/author\/ivan\/"}]}},"_links":{"self":[{"href":"https:\/\/www.charminly.com\/it\/wp-json\/wp\/v2\/posts\/54689","targetHints":{"allow":["GET"]}}],"collection":[{"href":"https:\/\/www.charminly.com\/it\/wp-json\/wp\/v2\/posts"}],"about":[{"href":"https:\/\/www.charminly.com\/it\/wp-json\/wp\/v2\/types\/post"}],"author":[{"embeddable":true,"href":"https:\/\/www.charminly.com\/it\/wp-json\/wp\/v2\/users\/6"}],"replies":[{"embeddable":true,"href":"https:\/\/www.charminly.com\/it\/wp-json\/wp\/v2\/comments?post=54689"}],"version-history":[{"count":0,"href":"https:\/\/www.charminly.com\/it\/wp-json\/wp\/v2\/posts\/54689\/revisions"}],"wp:featuredmedia":[{"embeddable":true,"href":"https:\/\/www.charminly.com\/it\/wp-json\/wp\/v2\/media\/54697"}],"wp:attachment":[{"href":"https:\/\/www.charminly.com\/it\/wp-json\/wp\/v2\/media?parent=54689"}],"wp:term":[{"taxonomy":"category","embeddable":true,"href":"https:\/\/www.charminly.com\/it\/wp-json\/wp\/v2\/categories?post=54689"},{"taxonomy":"post_tag","embeddable":true,"href":"https:\/\/www.charminly.com\/it\/wp-json\/wp\/v2\/tags?post=54689"}],"curies":[{"name":"wp","href":"https:\/\/api.w.org\/{rel}","templated":true}]}}