{"id":4326,"date":"2015-03-24T18:13:46","date_gmt":"2015-03-24T17:13:46","guid":{"rendered":"https:\/\/www.charminly.com\/the-dishes-of-memories-2\/"},"modified":"2016-12-02T14:37:26","modified_gmt":"2016-12-02T13:37:26","slug":"i-piatti-della-memoria","status":"publish","type":"post","link":"https:\/\/www.charminly.com\/it\/i-piatti-della-memoria\/","title":{"rendered":"I piatti della memoria"},"content":{"rendered":"<p>Avvantaggiandosi dell\u2019accogliente soggiorno presso l\u2019Agriturismo <strong><a href=\"https:\/\/www.charminly.com\/it\/properties\/casa-rossa-ai-colli-it\/\" target=\"_blank\">Casa Rossa ai Coll<\/a>i<\/strong>, che si trova a <strong><a href=\"https:\/\/www.charminly.com\/it\/area\/san-daniele-in-friuli-it\/\" target=\"_blank\">San Daniele in Friuli<\/a><\/strong>\u00a0(<strong>Udine<\/strong>), in <strong>Friuli<\/strong>, si possono anche riscoprire antichi sapori gustando i\u00a0piatti della memoria.<\/p>\n<h3><strong>Minestrone orzo e fagioli<\/strong><\/h3>\n<p>Nelle varie <strong>trattorie<\/strong> e <strong>ristoranti<\/strong> che si possono facilmente trovare nella stupenda regione del <strong>Friuli<\/strong>, il <strong>minestrone orzo e fagioli<\/strong>, occupa sempre una rilevante e importante considerazione. Certamente \u00e8 uno dei principali <strong>piatti della memoria<\/strong>, in quanto affonda le sue origini proprio nel substrato della pi\u00f9 classica <strong>tradizione contadina<\/strong>.<\/p>\n<p>\u00c8 una tramandata ricetta di una minestra di fagioli nella quale al posto del riso o della pasta, viene ad essere utilizzato l\u2019orzo. In genere alla sua preparazione viene aggiunto o del <strong>maiale<\/strong>, alle volte anche affumicato, oppure un pezzo d\u2019osso. La sua cottura e lenta e lunga e generalmente il<strong> minestrone orzo e fagioli<\/strong> viene servito non eccessivamente caldo.<\/p>\n<h3><strong>Frico<\/strong><\/h3>\n<p>Originario dei monti della <strong>Carnia<\/strong>, il <strong>Frico<\/strong> pu\u00f2 essere considerato tanto come un ottimo antipasto, quanto come un gustoso secondo piatto. Il <strong>Frico<\/strong> \u00e8 in pratica una specie di frittata a base di formaggio.<\/p>\n<p>Per la preparazione di questa tipica pietanza del <strong>Friuli<\/strong>, che potr\u00e0 essere degustata anche grazia ad un soggiorno presso l\u2019Agriturismo <strong>Casa Rossa ai Colli<\/strong>, che si trova a <strong>Ragogna<\/strong> (<strong>Udine<\/strong>), vengono ad essere utilizzate del <strong>formaggio<\/strong> e delle <strong>patate<\/strong>. Il tradizionale formaggio <strong>Montasio<\/strong> viene dapprima fuso e unitamente alle patate che sono state tagliate a fettine, \u00e8 successivamente inserito a strati. Quindi la composizione del piatto prevede una alternanza di strati di formaggio e patate su una padella.<\/p>\n<p>Una volta fatto questo assemlamento in una padella, si metter\u00e0 un coperchio e il tutto lo si lascer\u00e0 cucinare. Come appunto una frittata, il <strong>Frico<\/strong> dovr\u00e0 essere rigirato, e il piatto sar\u00e0 pronto quando si presenter\u00e0 con un\u2019invitante doratura esterna. Alla ricetta di base possono essere anche inseriti degli arricchimenti come, ad esempio, le <strong>cipolle<\/strong> o il tradizionale <strong>speck<\/strong>.<\/p>\n<p>Come \u00e8 consueto, anche questa ottima pietanza, ha la sua \u201cversione\u201d, una particolare ricetta, a seconda delle varie zone che formano il <strong>Friuli<\/strong>. Fondamentalmente le versioni che vengono ad essere proposte sono due. La prima \u00e8 quella <strong>croccante<\/strong>, la seconda, invece, \u00e8 pi\u00f9 <strong>morbida<\/strong>. Quest\u2019ultima versione ha l\u2019aspetto pi\u00f9 di frittata, mentre quella croccante, preparata generalmente con formaggio Montasio o Latteria grattugiato e che vede l\u2019utilizzo della farina di mais, \u00e8 pi\u00f9 friabile. La versione croccate viene ad essere servita nei classici cestini per polenta.<\/p>\n<div id=\"attachment_4321\" style=\"width: 1034px\" class=\"wp-caption alignnone\"><img loading=\"lazy\" decoding=\"async\" aria-describedby=\"caption-attachment-4321\" class=\"wp-image-4321 size-large\" src=\"https:\/\/www.charminly.com\/wp-content\/uploads\/2015\/03\/Frico-e-polenta-1024x734.jpg\" alt=\"Frico e polenta\" width=\"1024\" height=\"734\" srcset=\"https:\/\/www.charminly.com\/wp-content\/uploads\/2015\/03\/Frico-e-polenta-1024x734.jpg 1024w, https:\/\/www.charminly.com\/wp-content\/uploads\/2015\/03\/Frico-e-polenta-300x215.jpg 300w, https:\/\/www.charminly.com\/wp-content\/uploads\/2015\/03\/Frico-e-polenta-768x550.jpg 768w\" sizes=\"auto, (max-width: 1024px) 100vw, 1024px\" \/><p id=\"caption-attachment-4321\" class=\"wp-caption-text\">Frico e polenta<\/p><\/div>\n<h3><strong>Cjarsons<\/strong><\/h3>\n<p>I <strong>Cjarsons<\/strong> rappresentano il tipico piatto della memoria, che trae le sue origini proprio dalla regione alpina della <strong>Carnia <\/strong>e che successivamente si \u00e8 andando a diffondere anche nella pianura del <strong>Friuli<\/strong>. I <strong>Cjarsons<\/strong> sono fondamentalmente dei <strong>ravioli ripieni<\/strong> con la <strong>ricotta<\/strong>, le <strong>erbe<\/strong>, e altri ingredienti che alle volte sono tendenti al dolce.<\/p>\n<p>Anche quando avviene nelle cucine dei ristoranti e delle trattorie friulane, la preparazione dei<strong> Cjarsons<\/strong> rimane quella fedele e legata alla preparazione casalinga. In generale vengono, come si sul dire, cotti e mangiati. La sfoglia di questo gustoso raviolo, viene preparata con farina bianca e acqua. Si dovr\u00e0 ottenere una sfoglia sottile che successivamente verr\u00e0 tagliata a forma di cerchi aventi un diametro approssimativo fra i quattro e i cinque centimetri.<\/p>\n<p>Per il ripieno, chiamato <strong>pist\u00f9m<\/strong>, viene ad essere utilizzata della <strong>ricotta fresca<\/strong>, unitamente a delle <strong>erbe di campo<\/strong>, in alcune versioni sono utilizzati gli <strong>spinaci<\/strong>, che potranno essere o lessati e ovviamente strizzati, oppure fatti saltare su una padella accompagnati da <strong>uva sultanina<\/strong>, <strong>burro<\/strong> e da <strong>formaggio grattugiato<\/strong>. Per rendere il composto ben legato e amalgamato si utilizzano le uova.<\/p>\n<h3><strong>Muset e bruade<\/strong><\/h3>\n<p>Grazie ad un piacevole soggiorno presso l\u2019Agriturismo <strong><a href=\"https:\/\/www.charminly.com\/it\/properties\/casa-rossa-ai-colli-it\/\" target=\"_blank\">Casa Rossa ai Colli<\/a><\/strong>, che si trova a <strong>Ragogna<\/strong> (<strong>Udine<\/strong>), in <strong>Friuli<\/strong>, sar\u00e0 possibile degustare anche un altro piatto della memoria, come il <strong>Muset e bruade<\/strong>, che \u00e8 una sorta di cotechino accompagnato da delle rape.\u00a0 Infatti, il <strong>Muset<\/strong> \u00e8 come viene chiamato in dialetto friulano il <strong>cotechino<\/strong>.<\/p>\n<p>Per la sua preparazione viene ad essere utilizzato il <strong>muso<\/strong>, i teneri <strong>muscoletti<\/strong> interni, la cotica del <strong>lardo<\/strong>, la <strong>carne magra<\/strong>, e nel caso anche un po\u2019 di lardo sodo. Tutti questi elementi, quindi, vengono ad essere <strong>macinati<\/strong> e <strong>aromatizzati<\/strong>, in generale, con la <strong>noce<\/strong> <strong>moscata<\/strong>, il <strong>pepe<\/strong>, la <strong>cannella<\/strong> e il <strong>sale<\/strong>. A seconda poi delle abitudini si possono aggiungere altre spezie, come ad esempio i <strong>chiodi di garofano<\/strong> oppure il <strong>coriandolo<\/strong>.<\/p>\n<p>Successivamente viene ad essere messo all\u2019interno di un budello di maiale. Se lo si consuma dopo poco pi\u00f9 di trenta giorni di stagionatura, si potr\u00e0 anche godere di migliori caratteristiche <strong>organolettiche<\/strong>.<\/p>\n<hr \/>\n<div class=\"article_container\"><h2 class=\"shortcode_title\">Charming home nelle vicinanze<\/h2><div class=\"listinglink-wrapper\">\n                           <a href=\"https:\/\/www.charminly.com\/listings\/relais-country-houses-en\/\"> <span class=\"wpresidence_button\"> more listings <\/span><\/a>\n                       <\/div><\/div>\n","protected":false},"excerpt":{"rendered":"<p>Avvantaggiandosi dell\u2019accogliente soggiorno presso l\u2019Agriturismo Casa Rossa ai Colli, che si trova a San Daniele in Friuli\u00a0(Udine), in Friuli, si possono anche riscoprire antichi sapori gustando i\u00a0piatti della memoria. Minestrone orzo e fagioli Nelle varie trattorie e ristoranti che si possono facilmente trovare nella stupenda regione del Friuli, il minestrone orzo e fagioli, occupa sempre una rilevante e importante considerazione. Certamente \u00e8 uno dei &#8230;<\/p>\n","protected":false},"author":2,"featured_media":4323,"comment_status":"closed","ping_status":"closed","sticky":false,"template":"","format":"standard","meta":{"_acf_changed":false,"footnotes":""},"categories":[240],"tags":[832],"class_list":["post-4326","post","type-post","status-publish","format-standard","has-post-thumbnail","hentry","category-sapori-d-altri-tempi","tag-cosa-mangiare-in-friuli-venezia-giulia"],"acf":[],"yoast_head":"<!-- This site is optimized with the Yoast SEO plugin v23.9 - https:\/\/yoast.com\/wordpress\/plugins\/seo\/ -->\n<title>I piatti della memoria<\/title>\n<meta name=\"description\" content=\"I piatti della memoria. Durante il vostro soggiorno presso l&#039;Agriturismo Casa Rossa ai Colli si possono gustare i piatti tipici del Friuli. Leggi...\" \/>\n<meta name=\"robots\" content=\"index, follow, max-snippet:-1, max-image-preview:large, max-video-preview:-1\" \/>\n<link rel=\"canonical\" href=\"https:\/\/www.charminly.com\/it\/i-piatti-della-memoria\/\" \/>\n<meta property=\"og:locale\" content=\"it_IT\" \/>\n<meta property=\"og:type\" content=\"article\" \/>\n<meta property=\"og:title\" content=\"I piatti della memoria\" \/>\n<meta property=\"og:description\" content=\"I piatti della memoria. Durante il vostro soggiorno presso l&#039;Agriturismo Casa Rossa ai Colli si possono gustare i piatti tipici del Friuli. Leggi...\" \/>\n<meta property=\"og:url\" content=\"https:\/\/www.charminly.com\/it\/i-piatti-della-memoria\/\" \/>\n<meta property=\"article:publisher\" content=\"https:\/\/www.facebook.com\/charminlyitalia\/\" \/>\n<meta property=\"article:published_time\" content=\"2015-03-24T17:13:46+00:00\" \/>\n<meta property=\"article:modified_time\" content=\"2016-12-02T13:37:26+00:00\" \/>\n<meta property=\"og:image\" content=\"https:\/\/www.charminly.com\/wp-content\/uploads\/2015\/03\/Frico-e-polenta.jpg\" \/>\n\t<meta property=\"og:image:width\" content=\"2543\" \/>\n\t<meta property=\"og:image:height\" content=\"1822\" \/>\n\t<meta property=\"og:image:type\" content=\"image\/jpeg\" \/>\n<meta name=\"author\" content=\"Charminly\" \/>\n<meta name=\"twitter:card\" content=\"summary_large_image\" \/>\n<meta name=\"twitter:creator\" content=\"@charminly_com\" \/>\n<meta name=\"twitter:site\" content=\"@charminly_com\" \/>\n<meta name=\"twitter:label1\" content=\"Scritto da\" \/>\n\t<meta name=\"twitter:data1\" content=\"Charminly\" \/>\n\t<meta name=\"twitter:label2\" content=\"Tempo di lettura stimato\" \/>\n\t<meta name=\"twitter:data2\" content=\"4 minuti\" \/>\n<script type=\"application\/ld+json\" class=\"yoast-schema-graph\">{\"@context\":\"https:\/\/schema.org\",\"@graph\":[{\"@type\":\"Article\",\"@id\":\"https:\/\/www.charminly.com\/it\/i-piatti-della-memoria\/#article\",\"isPartOf\":{\"@id\":\"https:\/\/www.charminly.com\/it\/i-piatti-della-memoria\/\"},\"author\":{\"name\":\"Charminly\",\"@id\":\"https:\/\/www.charminly.com\/it\/#\/schema\/person\/e6a536eb865d9dac6d1e730f53d5f367\"},\"headline\":\"I piatti della memoria\",\"datePublished\":\"2015-03-24T17:13:46+00:00\",\"dateModified\":\"2016-12-02T13:37:26+00:00\",\"mainEntityOfPage\":{\"@id\":\"https:\/\/www.charminly.com\/it\/i-piatti-della-memoria\/\"},\"wordCount\":790,\"publisher\":{\"@id\":\"https:\/\/www.charminly.com\/it\/#organization\"},\"image\":{\"@id\":\"https:\/\/www.charminly.com\/it\/i-piatti-della-memoria\/#primaryimage\"},\"thumbnailUrl\":\"https:\/\/www.charminly.com\/wp-content\/uploads\/2015\/03\/Frico-e-polenta.jpg\",\"keywords\":[\"Cosa mangiare in Friuli Venezia Giulia\"],\"articleSection\":[\"Sapori d'altri tempi\"],\"inLanguage\":\"it-IT\"},{\"@type\":\"WebPage\",\"@id\":\"https:\/\/www.charminly.com\/it\/i-piatti-della-memoria\/\",\"url\":\"https:\/\/www.charminly.com\/it\/i-piatti-della-memoria\/\",\"name\":\"I piatti della memoria\",\"isPartOf\":{\"@id\":\"https:\/\/www.charminly.com\/it\/#website\"},\"primaryImageOfPage\":{\"@id\":\"https:\/\/www.charminly.com\/it\/i-piatti-della-memoria\/#primaryimage\"},\"image\":{\"@id\":\"https:\/\/www.charminly.com\/it\/i-piatti-della-memoria\/#primaryimage\"},\"thumbnailUrl\":\"https:\/\/www.charminly.com\/wp-content\/uploads\/2015\/03\/Frico-e-polenta.jpg\",\"datePublished\":\"2015-03-24T17:13:46+00:00\",\"dateModified\":\"2016-12-02T13:37:26+00:00\",\"description\":\"I piatti della memoria. Durante il vostro soggiorno presso l'Agriturismo Casa Rossa ai Colli si possono gustare i piatti tipici del Friuli. Leggi...\",\"breadcrumb\":{\"@id\":\"https:\/\/www.charminly.com\/it\/i-piatti-della-memoria\/#breadcrumb\"},\"inLanguage\":\"it-IT\",\"potentialAction\":[{\"@type\":\"ReadAction\",\"target\":[\"https:\/\/www.charminly.com\/it\/i-piatti-della-memoria\/\"]}]},{\"@type\":\"ImageObject\",\"inLanguage\":\"it-IT\",\"@id\":\"https:\/\/www.charminly.com\/it\/i-piatti-della-memoria\/#primaryimage\",\"url\":\"https:\/\/www.charminly.com\/wp-content\/uploads\/2015\/03\/Frico-e-polenta.jpg\",\"contentUrl\":\"https:\/\/www.charminly.com\/wp-content\/uploads\/2015\/03\/Frico-e-polenta.jpg\",\"width\":2543,\"height\":1822},{\"@type\":\"BreadcrumbList\",\"@id\":\"https:\/\/www.charminly.com\/it\/i-piatti-della-memoria\/#breadcrumb\",\"itemListElement\":[{\"@type\":\"ListItem\",\"position\":1,\"name\":\"Home\",\"item\":\"https:\/\/www.charminly.com\/it\/\"},{\"@type\":\"ListItem\",\"position\":2,\"name\":\"Cosa mangiare in Friuli Venezia Giulia\",\"item\":\"https:\/\/www.charminly.com\/it\/tag\/cosa-mangiare-in-friuli-venezia-giulia\/\"},{\"@type\":\"ListItem\",\"position\":3,\"name\":\"I piatti della memoria\"}]},{\"@type\":\"WebSite\",\"@id\":\"https:\/\/www.charminly.com\/it\/#website\",\"url\":\"https:\/\/www.charminly.com\/it\/\",\"name\":\"\",\"description\":\"\",\"publisher\":{\"@id\":\"https:\/\/www.charminly.com\/it\/#organization\"},\"potentialAction\":[{\"@type\":\"SearchAction\",\"target\":{\"@type\":\"EntryPoint\",\"urlTemplate\":\"https:\/\/www.charminly.com\/it\/?s={search_term_string}\"},\"query-input\":{\"@type\":\"PropertyValueSpecification\",\"valueRequired\":true,\"valueName\":\"search_term_string\"}}],\"inLanguage\":\"it-IT\"},{\"@type\":\"Organization\",\"@id\":\"https:\/\/www.charminly.com\/it\/#organization\",\"name\":\"Charminly.com\",\"url\":\"https:\/\/www.charminly.com\/it\/\",\"logo\":{\"@type\":\"ImageObject\",\"inLanguage\":\"it-IT\",\"@id\":\"https:\/\/www.charminly.com\/it\/#\/schema\/logo\/image\/\",\"url\":\"https:\/\/www.charminly.com\/wp-content\/uploads\/2014\/10\/logo.png\",\"contentUrl\":\"https:\/\/www.charminly.com\/wp-content\/uploads\/2014\/10\/logo.png\",\"width\":264,\"height\":115,\"caption\":\"Charminly.com\"},\"image\":{\"@id\":\"https:\/\/www.charminly.com\/it\/#\/schema\/logo\/image\/\"},\"sameAs\":[\"https:\/\/www.facebook.com\/charminlyitalia\/\",\"https:\/\/x.com\/charminly_com\"]},{\"@type\":\"Person\",\"@id\":\"https:\/\/www.charminly.com\/it\/#\/schema\/person\/e6a536eb865d9dac6d1e730f53d5f367\",\"name\":\"Charminly\",\"image\":{\"@type\":\"ImageObject\",\"inLanguage\":\"it-IT\",\"@id\":\"https:\/\/www.charminly.com\/it\/#\/schema\/person\/image\/\",\"url\":\"https:\/\/secure.gravatar.com\/avatar\/ee564baea04b5bbffcbd57ac103bc7d1?s=96&d=mm&r=g\",\"contentUrl\":\"https:\/\/secure.gravatar.com\/avatar\/ee564baea04b5bbffcbd57ac103bc7d1?s=96&d=mm&r=g\",\"caption\":\"Charminly\"},\"url\":\"https:\/\/www.charminly.com\/it\/author\/charminly\/\"}]}<\/script>\n<!-- \/ Yoast SEO plugin. -->","yoast_head_json":{"title":"I piatti della memoria","description":"I piatti della memoria. Durante il vostro soggiorno presso l'Agriturismo Casa Rossa ai Colli si possono gustare i piatti tipici del Friuli. Leggi...","robots":{"index":"index","follow":"follow","max-snippet":"max-snippet:-1","max-image-preview":"max-image-preview:large","max-video-preview":"max-video-preview:-1"},"canonical":"https:\/\/www.charminly.com\/it\/i-piatti-della-memoria\/","og_locale":"it_IT","og_type":"article","og_title":"I piatti della memoria","og_description":"I piatti della memoria. Durante il vostro soggiorno presso l'Agriturismo Casa Rossa ai Colli si possono gustare i piatti tipici del Friuli. Leggi...","og_url":"https:\/\/www.charminly.com\/it\/i-piatti-della-memoria\/","article_publisher":"https:\/\/www.facebook.com\/charminlyitalia\/","article_published_time":"2015-03-24T17:13:46+00:00","article_modified_time":"2016-12-02T13:37:26+00:00","og_image":[{"width":2543,"height":1822,"url":"https:\/\/www.charminly.com\/wp-content\/uploads\/2015\/03\/Frico-e-polenta.jpg","type":"image\/jpeg"}],"author":"Charminly","twitter_card":"summary_large_image","twitter_creator":"@charminly_com","twitter_site":"@charminly_com","twitter_misc":{"Scritto da":"Charminly","Tempo di lettura stimato":"4 minuti"},"schema":{"@context":"https:\/\/schema.org","@graph":[{"@type":"Article","@id":"https:\/\/www.charminly.com\/it\/i-piatti-della-memoria\/#article","isPartOf":{"@id":"https:\/\/www.charminly.com\/it\/i-piatti-della-memoria\/"},"author":{"name":"Charminly","@id":"https:\/\/www.charminly.com\/it\/#\/schema\/person\/e6a536eb865d9dac6d1e730f53d5f367"},"headline":"I piatti della memoria","datePublished":"2015-03-24T17:13:46+00:00","dateModified":"2016-12-02T13:37:26+00:00","mainEntityOfPage":{"@id":"https:\/\/www.charminly.com\/it\/i-piatti-della-memoria\/"},"wordCount":790,"publisher":{"@id":"https:\/\/www.charminly.com\/it\/#organization"},"image":{"@id":"https:\/\/www.charminly.com\/it\/i-piatti-della-memoria\/#primaryimage"},"thumbnailUrl":"https:\/\/www.charminly.com\/wp-content\/uploads\/2015\/03\/Frico-e-polenta.jpg","keywords":["Cosa mangiare in Friuli Venezia Giulia"],"articleSection":["Sapori d'altri tempi"],"inLanguage":"it-IT"},{"@type":"WebPage","@id":"https:\/\/www.charminly.com\/it\/i-piatti-della-memoria\/","url":"https:\/\/www.charminly.com\/it\/i-piatti-della-memoria\/","name":"I piatti della memoria","isPartOf":{"@id":"https:\/\/www.charminly.com\/it\/#website"},"primaryImageOfPage":{"@id":"https:\/\/www.charminly.com\/it\/i-piatti-della-memoria\/#primaryimage"},"image":{"@id":"https:\/\/www.charminly.com\/it\/i-piatti-della-memoria\/#primaryimage"},"thumbnailUrl":"https:\/\/www.charminly.com\/wp-content\/uploads\/2015\/03\/Frico-e-polenta.jpg","datePublished":"2015-03-24T17:13:46+00:00","dateModified":"2016-12-02T13:37:26+00:00","description":"I piatti della memoria. Durante il vostro soggiorno presso l'Agriturismo Casa Rossa ai Colli si possono gustare i piatti tipici del Friuli. Leggi...","breadcrumb":{"@id":"https:\/\/www.charminly.com\/it\/i-piatti-della-memoria\/#breadcrumb"},"inLanguage":"it-IT","potentialAction":[{"@type":"ReadAction","target":["https:\/\/www.charminly.com\/it\/i-piatti-della-memoria\/"]}]},{"@type":"ImageObject","inLanguage":"it-IT","@id":"https:\/\/www.charminly.com\/it\/i-piatti-della-memoria\/#primaryimage","url":"https:\/\/www.charminly.com\/wp-content\/uploads\/2015\/03\/Frico-e-polenta.jpg","contentUrl":"https:\/\/www.charminly.com\/wp-content\/uploads\/2015\/03\/Frico-e-polenta.jpg","width":2543,"height":1822},{"@type":"BreadcrumbList","@id":"https:\/\/www.charminly.com\/it\/i-piatti-della-memoria\/#breadcrumb","itemListElement":[{"@type":"ListItem","position":1,"name":"Home","item":"https:\/\/www.charminly.com\/it\/"},{"@type":"ListItem","position":2,"name":"Cosa mangiare in Friuli Venezia Giulia","item":"https:\/\/www.charminly.com\/it\/tag\/cosa-mangiare-in-friuli-venezia-giulia\/"},{"@type":"ListItem","position":3,"name":"I piatti della memoria"}]},{"@type":"WebSite","@id":"https:\/\/www.charminly.com\/it\/#website","url":"https:\/\/www.charminly.com\/it\/","name":"","description":"","publisher":{"@id":"https:\/\/www.charminly.com\/it\/#organization"},"potentialAction":[{"@type":"SearchAction","target":{"@type":"EntryPoint","urlTemplate":"https:\/\/www.charminly.com\/it\/?s={search_term_string}"},"query-input":{"@type":"PropertyValueSpecification","valueRequired":true,"valueName":"search_term_string"}}],"inLanguage":"it-IT"},{"@type":"Organization","@id":"https:\/\/www.charminly.com\/it\/#organization","name":"Charminly.com","url":"https:\/\/www.charminly.com\/it\/","logo":{"@type":"ImageObject","inLanguage":"it-IT","@id":"https:\/\/www.charminly.com\/it\/#\/schema\/logo\/image\/","url":"https:\/\/www.charminly.com\/wp-content\/uploads\/2014\/10\/logo.png","contentUrl":"https:\/\/www.charminly.com\/wp-content\/uploads\/2014\/10\/logo.png","width":264,"height":115,"caption":"Charminly.com"},"image":{"@id":"https:\/\/www.charminly.com\/it\/#\/schema\/logo\/image\/"},"sameAs":["https:\/\/www.facebook.com\/charminlyitalia\/","https:\/\/x.com\/charminly_com"]},{"@type":"Person","@id":"https:\/\/www.charminly.com\/it\/#\/schema\/person\/e6a536eb865d9dac6d1e730f53d5f367","name":"Charminly","image":{"@type":"ImageObject","inLanguage":"it-IT","@id":"https:\/\/www.charminly.com\/it\/#\/schema\/person\/image\/","url":"https:\/\/secure.gravatar.com\/avatar\/ee564baea04b5bbffcbd57ac103bc7d1?s=96&d=mm&r=g","contentUrl":"https:\/\/secure.gravatar.com\/avatar\/ee564baea04b5bbffcbd57ac103bc7d1?s=96&d=mm&r=g","caption":"Charminly"},"url":"https:\/\/www.charminly.com\/it\/author\/charminly\/"}]}},"_links":{"self":[{"href":"https:\/\/www.charminly.com\/it\/wp-json\/wp\/v2\/posts\/4326","targetHints":{"allow":["GET"]}}],"collection":[{"href":"https:\/\/www.charminly.com\/it\/wp-json\/wp\/v2\/posts"}],"about":[{"href":"https:\/\/www.charminly.com\/it\/wp-json\/wp\/v2\/types\/post"}],"author":[{"embeddable":true,"href":"https:\/\/www.charminly.com\/it\/wp-json\/wp\/v2\/users\/2"}],"replies":[{"embeddable":true,"href":"https:\/\/www.charminly.com\/it\/wp-json\/wp\/v2\/comments?post=4326"}],"version-history":[{"count":0,"href":"https:\/\/www.charminly.com\/it\/wp-json\/wp\/v2\/posts\/4326\/revisions"}],"wp:featuredmedia":[{"embeddable":true,"href":"https:\/\/www.charminly.com\/it\/wp-json\/wp\/v2\/media\/4323"}],"wp:attachment":[{"href":"https:\/\/www.charminly.com\/it\/wp-json\/wp\/v2\/media?parent=4326"}],"wp:term":[{"taxonomy":"category","embeddable":true,"href":"https:\/\/www.charminly.com\/it\/wp-json\/wp\/v2\/categories?post=4326"},{"taxonomy":"post_tag","embeddable":true,"href":"https:\/\/www.charminly.com\/it\/wp-json\/wp\/v2\/tags?post=4326"}],"curies":[{"name":"wp","href":"https:\/\/api.w.org\/{rel}","templated":true}]}}