{"id":3473,"date":"2015-03-31T18:36:09","date_gmt":"2015-03-31T16:36:09","guid":{"rendered":"https:\/\/www.charminly.com\/?p=3473"},"modified":"2017-07-12T13:01:24","modified_gmt":"2017-07-12T11:01:24","slug":"i-piaceri-della-tavola-dellemilia-romagna","status":"publish","type":"post","link":"https:\/\/www.charminly.com\/it\/i-piaceri-della-tavola-dellemilia-romagna\/","title":{"rendered":"I piaceri della tavola dell\u2019Emilia Romagna"},"content":{"rendered":"<p>Un soggiorno presso una delle nostre splendide strutture dell&#8217;<a href=\"https:\/\/www.charminly.com\/it\/region\/emilia-romagna-it\/\"><b>Emilia Romagna<\/b><\/a>, vi consentir\u00e0 di poter gustare i\u00a0piaceri della tavola dell\u2019Emilia Romagna.<\/p>\n<h3><strong>Bel e Cot<\/strong><\/h3>\n<p>Pur avendone l\u2019aspetto, il <strong>Bel e Cot<\/strong> non \u00e8 un cotechino. Difatti, \u00e8 considerato come il parente nobile in quanto lo si prepara andando ad utilizzare del maiale la sua carne muscolosa e anche la sua cotica.\u00a0 Il <strong>Bel e Cot<\/strong>, che tradotto dal dialetto vuol dire \u201cgi\u00e0 cotto\u201d, lo si pu\u00f2 anche degustare nella terza domenica del mese di settembre in occasione della <strong>Festa della Madonna dei Sette Dolori<\/strong>. A <strong>Russi<\/strong> la tradizione vuole che lo si mangi con <strong>fagioli stufati<\/strong>, oppure con il <strong>pur\u00e8<\/strong> o con una fetta di <strong>pane<\/strong>. Il tutto accompagnato da un buon bicchiere di <strong>vino<\/strong>, magari di <strong>Canena Nova<\/strong>.<\/p>\n<div id=\"attachment_4598\" style=\"width: 1034px\" class=\"wp-caption alignnone\"><img loading=\"lazy\" decoding=\"async\" aria-describedby=\"caption-attachment-4598\" class=\"wp-image-4598 size-large\" src=\"https:\/\/www.charminly.com\/wp-content\/uploads\/2015\/02\/Il-bel-e-cot-foto-news-romagnaatavola_opt-1024x683.jpg\" alt=\"Il 'bel-e-cot' foto news romagnaatavola\" width=\"1024\" height=\"683\" srcset=\"https:\/\/www.charminly.com\/wp-content\/uploads\/2015\/02\/Il-bel-e-cot-foto-news-romagnaatavola_opt.jpg 1024w, https:\/\/www.charminly.com\/wp-content\/uploads\/2015\/02\/Il-bel-e-cot-foto-news-romagnaatavola_opt-300x200.jpg 300w, https:\/\/www.charminly.com\/wp-content\/uploads\/2015\/02\/Il-bel-e-cot-foto-news-romagnaatavola_opt-105x70.jpg 105w\" sizes=\"auto, (max-width: 1024px) 100vw, 1024px\" \/><p id=\"caption-attachment-4598\" class=\"wp-caption-text\">Il &#8216;bel-e-cot&#8217; foto news romagnaatavola<\/p><\/div>\n<h3><strong>Canena Nova<\/strong><\/h3>\n<p>La <strong>Canena Nova<\/strong> \u00e8 il vino prodotto con le spremiture delle prime uve del mese di settembre. La <strong>Fiera di Sett Dulur<\/strong>, manifestazione che svolge fin dal 1876, nella terza domenica del mese di settembre, rappresenta una magnifica occasione per assaggiare la <strong>Canena Nova<\/strong>.<\/p>\n<h3><strong>Ciambella<\/strong><\/h3>\n<p>La <strong>Ciambella romagnola<\/strong> \u00e8 diversa da tutte le altre in quanto non ha il buco al centro e la sua forma \u00e8 ellissoidale. Il suo sapore gustoso e dolce viene ad essere anche esaltato dalla <strong>granella di zucchero<\/strong>.<\/p>\n<div id=\"attachment_3474\" style=\"width: 1034px\" class=\"wp-caption alignnone\"><img loading=\"lazy\" decoding=\"async\" aria-describedby=\"caption-attachment-3474\" class=\"wp-image-3474 size-large\" src=\"https:\/\/www.charminly.com\/wp-content\/uploads\/2015\/02\/Piadina_Romagnola-1024x1007.jpg\" alt=\"Piadina_Romagnola\" width=\"1024\" height=\"1007\" srcset=\"https:\/\/www.charminly.com\/wp-content\/uploads\/2015\/02\/Piadina_Romagnola.jpg 1024w, https:\/\/www.charminly.com\/wp-content\/uploads\/2015\/02\/Piadina_Romagnola-300x295.jpg 300w, https:\/\/www.charminly.com\/wp-content\/uploads\/2015\/02\/Piadina_Romagnola-45x45.jpg 45w, https:\/\/www.charminly.com\/wp-content\/uploads\/2015\/02\/Piadina_Romagnola-36x36.jpg 36w\" sizes=\"auto, (max-width: 1024px) 100vw, 1024px\" \/><p id=\"caption-attachment-3474\" class=\"wp-caption-text\">Piadina Romagnola<\/p><\/div>\n<h3><strong>Piadina<\/strong><\/h3>\n<p>La <strong>Piadina romagnola<\/strong>, chiamata in Romagna pi\u00f9 semplicemente <strong>Piada<\/strong>, viene tradizionalmente tirata con il mattarello in maniera tale da divenire sottile. La sua preparazione \u00e8 molto semplice. Per farla serve la <strong>farina<\/strong>, <strong>sale<\/strong> e <strong>acqua<\/strong>. Una volta cotta la si pu\u00f2 farcire con quello che si vuole. In genere si utilizza il <strong>prosciutto<\/strong>, le <strong>erbe<\/strong> e il <strong>formaggio squacquerone<\/strong>.<\/p>\n<h3><strong>Passatelli<\/strong><\/h3>\n<p>I <strong>Passatelli<\/strong> sono un eccellente <strong>primo piatto<\/strong> tipico delle tradizioni culinarie romagnole. \u00c8 una pasta a forma di sottili filamenti che pu\u00f2 variare in lunghezza. I <strong>Passatelli<\/strong> sono serviti <strong>in brodo<\/strong>.<\/p>\n<p><strong>SQUACQUERONE<\/strong><\/p>\n<p>Lo <strong>Squacquerone<\/strong> \u00e8 un formaggio tipico romagnolo. \u00c8 a pasta molle e si caratterizza per la <strong>spiccata cremosit\u00e0<\/strong>. Dal colore bianco e dal gusto gradevole, lo <strong>Squacquerone<\/strong> lo si pu\u00f2 anche spalmare sul pane come pure sulla piadina.<strong>\u00a0<\/strong><\/p>\n<hr \/>\n<div class=\"article_container\"><h2 class=\"shortcode_title\">Charming home nelle vicinanze<\/h2><div class=\"listinglink-wrapper\">\n                           <a href=\"https:\/\/www.charminly.com\/listings\/relais-country-houses\"> <span class=\"wpresidence_button\"> more listings <\/span><\/a>\n                       <\/div><\/div>\n","protected":false},"excerpt":{"rendered":"<p>Un soggiorno presso una delle nostre splendide strutture dell&#8217;Emilia Romagna, vi consentir\u00e0 di poter gustare i\u00a0piaceri della tavola dell\u2019Emilia Romagna. Bel e Cot Pur avendone l\u2019aspetto, il Bel e Cot non \u00e8 un cotechino. Difatti, \u00e8 considerato come il parente nobile in quanto lo si prepara andando ad utilizzare del maiale la sua carne muscolosa e anche la sua cotica.\u00a0 Il Bel e Cot, &#8230;<\/p>\n","protected":false},"author":2,"featured_media":4598,"comment_status":"closed","ping_status":"closed","sticky":false,"template":"","format":"standard","meta":{"_acf_changed":false,"footnotes":""},"categories":[240],"tags":[614],"class_list":["post-3473","post","type-post","status-publish","format-standard","has-post-thumbnail","hentry","category-sapori-d-altri-tempi","tag-cosa-mangiare-in-emilia-romagna"],"acf":[],"yoast_head":"<!-- This site is optimized with the Yoast SEO plugin v23.9 - https:\/\/yoast.com\/wordpress\/plugins\/seo\/ -->\n<title>I piaceri della tavola dell\u2019Emilia Romagna<\/title>\n<meta name=\"description\" content=\"Un soggiorno presso una delle nostre splendide strutture del Emilia Romagna, vi consentir\u00e0 di poter gustare i\u00a0piaceri della tavola dell\u2019Emilia Romagna\" \/>\n<meta name=\"robots\" content=\"index, follow, max-snippet:-1, max-image-preview:large, max-video-preview:-1\" \/>\n<link rel=\"canonical\" href=\"https:\/\/www.charminly.com\/it\/i-piaceri-della-tavola-dellemilia-romagna\/\" \/>\n<meta property=\"og:locale\" content=\"it_IT\" \/>\n<meta property=\"og:type\" content=\"article\" \/>\n<meta property=\"og:title\" content=\"I piaceri della tavola dell\u2019Emilia Romagna\" \/>\n<meta property=\"og:description\" content=\"Un soggiorno presso una delle nostre splendide strutture del Emilia Romagna, vi consentir\u00e0 di poter gustare i\u00a0piaceri della tavola dell\u2019Emilia Romagna\" \/>\n<meta property=\"og:url\" content=\"https:\/\/www.charminly.com\/it\/i-piaceri-della-tavola-dellemilia-romagna\/\" \/>\n<meta property=\"article:publisher\" content=\"https:\/\/www.facebook.com\/charminlyitalia\/\" \/>\n<meta property=\"article:published_time\" content=\"2015-03-31T16:36:09+00:00\" \/>\n<meta property=\"article:modified_time\" content=\"2017-07-12T11:01:24+00:00\" \/>\n<meta property=\"og:image\" content=\"https:\/\/www.charminly.com\/wp-content\/uploads\/2015\/02\/Il-bel-e-cot-foto-news-romagnaatavola_opt.jpg\" \/>\n\t<meta property=\"og:image:width\" content=\"1024\" \/>\n\t<meta property=\"og:image:height\" content=\"683\" \/>\n\t<meta property=\"og:image:type\" content=\"image\/jpeg\" \/>\n<meta name=\"author\" content=\"Charminly\" \/>\n<meta name=\"twitter:card\" content=\"summary_large_image\" \/>\n<meta name=\"twitter:creator\" content=\"@charminly_com\" \/>\n<meta name=\"twitter:site\" content=\"@charminly_com\" \/>\n<meta name=\"twitter:label1\" content=\"Scritto da\" \/>\n\t<meta name=\"twitter:data1\" content=\"Charminly\" \/>\n\t<meta name=\"twitter:label2\" content=\"Tempo di lettura stimato\" \/>\n\t<meta name=\"twitter:data2\" content=\"2 minuti\" \/>\n<script type=\"application\/ld+json\" class=\"yoast-schema-graph\">{\"@context\":\"https:\/\/schema.org\",\"@graph\":[{\"@type\":\"Article\",\"@id\":\"https:\/\/www.charminly.com\/it\/i-piaceri-della-tavola-dellemilia-romagna\/#article\",\"isPartOf\":{\"@id\":\"https:\/\/www.charminly.com\/it\/i-piaceri-della-tavola-dellemilia-romagna\/\"},\"author\":{\"name\":\"Charminly\",\"@id\":\"https:\/\/www.charminly.com\/it\/#\/schema\/person\/e6a536eb865d9dac6d1e730f53d5f367\"},\"headline\":\"I piaceri della tavola dell\u2019Emilia Romagna\",\"datePublished\":\"2015-03-31T16:36:09+00:00\",\"dateModified\":\"2017-07-12T11:01:24+00:00\",\"mainEntityOfPage\":{\"@id\":\"https:\/\/www.charminly.com\/it\/i-piaceri-della-tavola-dellemilia-romagna\/\"},\"wordCount\":392,\"publisher\":{\"@id\":\"https:\/\/www.charminly.com\/it\/#organization\"},\"image\":{\"@id\":\"https:\/\/www.charminly.com\/it\/i-piaceri-della-tavola-dellemilia-romagna\/#primaryimage\"},\"thumbnailUrl\":\"https:\/\/www.charminly.com\/wp-content\/uploads\/2015\/02\/Il-bel-e-cot-foto-news-romagnaatavola_opt.jpg\",\"keywords\":[\"Cosa mangiare in Emilia Romagna\"],\"articleSection\":[\"Sapori d'altri tempi\"],\"inLanguage\":\"it-IT\"},{\"@type\":\"WebPage\",\"@id\":\"https:\/\/www.charminly.com\/it\/i-piaceri-della-tavola-dellemilia-romagna\/\",\"url\":\"https:\/\/www.charminly.com\/it\/i-piaceri-della-tavola-dellemilia-romagna\/\",\"name\":\"I piaceri della tavola dell\u2019Emilia Romagna\",\"isPartOf\":{\"@id\":\"https:\/\/www.charminly.com\/it\/#website\"},\"primaryImageOfPage\":{\"@id\":\"https:\/\/www.charminly.com\/it\/i-piaceri-della-tavola-dellemilia-romagna\/#primaryimage\"},\"image\":{\"@id\":\"https:\/\/www.charminly.com\/it\/i-piaceri-della-tavola-dellemilia-romagna\/#primaryimage\"},\"thumbnailUrl\":\"https:\/\/www.charminly.com\/wp-content\/uploads\/2015\/02\/Il-bel-e-cot-foto-news-romagnaatavola_opt.jpg\",\"datePublished\":\"2015-03-31T16:36:09+00:00\",\"dateModified\":\"2017-07-12T11:01:24+00:00\",\"description\":\"Un soggiorno presso una delle nostre splendide strutture del Emilia Romagna, vi consentir\u00e0 di poter gustare i\u00a0piaceri della tavola dell\u2019Emilia Romagna\",\"breadcrumb\":{\"@id\":\"https:\/\/www.charminly.com\/it\/i-piaceri-della-tavola-dellemilia-romagna\/#breadcrumb\"},\"inLanguage\":\"it-IT\",\"potentialAction\":[{\"@type\":\"ReadAction\",\"target\":[\"https:\/\/www.charminly.com\/it\/i-piaceri-della-tavola-dellemilia-romagna\/\"]}]},{\"@type\":\"ImageObject\",\"inLanguage\":\"it-IT\",\"@id\":\"https:\/\/www.charminly.com\/it\/i-piaceri-della-tavola-dellemilia-romagna\/#primaryimage\",\"url\":\"https:\/\/www.charminly.com\/wp-content\/uploads\/2015\/02\/Il-bel-e-cot-foto-news-romagnaatavola_opt.jpg\",\"contentUrl\":\"https:\/\/www.charminly.com\/wp-content\/uploads\/2015\/02\/Il-bel-e-cot-foto-news-romagnaatavola_opt.jpg\",\"width\":1024,\"height\":683},{\"@type\":\"BreadcrumbList\",\"@id\":\"https:\/\/www.charminly.com\/it\/i-piaceri-della-tavola-dellemilia-romagna\/#breadcrumb\",\"itemListElement\":[{\"@type\":\"ListItem\",\"position\":1,\"name\":\"Home\",\"item\":\"https:\/\/www.charminly.com\/it\/\"},{\"@type\":\"ListItem\",\"position\":2,\"name\":\"Cosa mangiare in Emilia Romagna\",\"item\":\"https:\/\/www.charminly.com\/it\/tag\/cosa-mangiare-in-emilia-romagna\/\"},{\"@type\":\"ListItem\",\"position\":3,\"name\":\"I piaceri della tavola dell\u2019Emilia Romagna\"}]},{\"@type\":\"WebSite\",\"@id\":\"https:\/\/www.charminly.com\/it\/#website\",\"url\":\"https:\/\/www.charminly.com\/it\/\",\"name\":\"\",\"description\":\"\",\"publisher\":{\"@id\":\"https:\/\/www.charminly.com\/it\/#organization\"},\"potentialAction\":[{\"@type\":\"SearchAction\",\"target\":{\"@type\":\"EntryPoint\",\"urlTemplate\":\"https:\/\/www.charminly.com\/it\/?s={search_term_string}\"},\"query-input\":{\"@type\":\"PropertyValueSpecification\",\"valueRequired\":true,\"valueName\":\"search_term_string\"}}],\"inLanguage\":\"it-IT\"},{\"@type\":\"Organization\",\"@id\":\"https:\/\/www.charminly.com\/it\/#organization\",\"name\":\"Charminly.com\",\"url\":\"https:\/\/www.charminly.com\/it\/\",\"logo\":{\"@type\":\"ImageObject\",\"inLanguage\":\"it-IT\",\"@id\":\"https:\/\/www.charminly.com\/it\/#\/schema\/logo\/image\/\",\"url\":\"https:\/\/www.charminly.com\/wp-content\/uploads\/2014\/10\/logo.png\",\"contentUrl\":\"https:\/\/www.charminly.com\/wp-content\/uploads\/2014\/10\/logo.png\",\"width\":264,\"height\":115,\"caption\":\"Charminly.com\"},\"image\":{\"@id\":\"https:\/\/www.charminly.com\/it\/#\/schema\/logo\/image\/\"},\"sameAs\":[\"https:\/\/www.facebook.com\/charminlyitalia\/\",\"https:\/\/x.com\/charminly_com\"]},{\"@type\":\"Person\",\"@id\":\"https:\/\/www.charminly.com\/it\/#\/schema\/person\/e6a536eb865d9dac6d1e730f53d5f367\",\"name\":\"Charminly\",\"image\":{\"@type\":\"ImageObject\",\"inLanguage\":\"it-IT\",\"@id\":\"https:\/\/www.charminly.com\/it\/#\/schema\/person\/image\/\",\"url\":\"https:\/\/secure.gravatar.com\/avatar\/ee564baea04b5bbffcbd57ac103bc7d1?s=96&d=mm&r=g\",\"contentUrl\":\"https:\/\/secure.gravatar.com\/avatar\/ee564baea04b5bbffcbd57ac103bc7d1?s=96&d=mm&r=g\",\"caption\":\"Charminly\"},\"url\":\"https:\/\/www.charminly.com\/it\/author\/charminly\/\"}]}<\/script>\n<!-- \/ Yoast SEO plugin. -->","yoast_head_json":{"title":"I piaceri della tavola dell\u2019Emilia Romagna","description":"Un soggiorno presso una delle nostre splendide strutture del Emilia Romagna, vi consentir\u00e0 di poter gustare i\u00a0piaceri della tavola dell\u2019Emilia Romagna","robots":{"index":"index","follow":"follow","max-snippet":"max-snippet:-1","max-image-preview":"max-image-preview:large","max-video-preview":"max-video-preview:-1"},"canonical":"https:\/\/www.charminly.com\/it\/i-piaceri-della-tavola-dellemilia-romagna\/","og_locale":"it_IT","og_type":"article","og_title":"I piaceri della tavola dell\u2019Emilia Romagna","og_description":"Un soggiorno presso una delle nostre splendide strutture del Emilia Romagna, vi consentir\u00e0 di poter gustare i\u00a0piaceri della tavola dell\u2019Emilia Romagna","og_url":"https:\/\/www.charminly.com\/it\/i-piaceri-della-tavola-dellemilia-romagna\/","article_publisher":"https:\/\/www.facebook.com\/charminlyitalia\/","article_published_time":"2015-03-31T16:36:09+00:00","article_modified_time":"2017-07-12T11:01:24+00:00","og_image":[{"width":1024,"height":683,"url":"https:\/\/www.charminly.com\/wp-content\/uploads\/2015\/02\/Il-bel-e-cot-foto-news-romagnaatavola_opt.jpg","type":"image\/jpeg"}],"author":"Charminly","twitter_card":"summary_large_image","twitter_creator":"@charminly_com","twitter_site":"@charminly_com","twitter_misc":{"Scritto da":"Charminly","Tempo di lettura stimato":"2 minuti"},"schema":{"@context":"https:\/\/schema.org","@graph":[{"@type":"Article","@id":"https:\/\/www.charminly.com\/it\/i-piaceri-della-tavola-dellemilia-romagna\/#article","isPartOf":{"@id":"https:\/\/www.charminly.com\/it\/i-piaceri-della-tavola-dellemilia-romagna\/"},"author":{"name":"Charminly","@id":"https:\/\/www.charminly.com\/it\/#\/schema\/person\/e6a536eb865d9dac6d1e730f53d5f367"},"headline":"I piaceri della tavola dell\u2019Emilia Romagna","datePublished":"2015-03-31T16:36:09+00:00","dateModified":"2017-07-12T11:01:24+00:00","mainEntityOfPage":{"@id":"https:\/\/www.charminly.com\/it\/i-piaceri-della-tavola-dellemilia-romagna\/"},"wordCount":392,"publisher":{"@id":"https:\/\/www.charminly.com\/it\/#organization"},"image":{"@id":"https:\/\/www.charminly.com\/it\/i-piaceri-della-tavola-dellemilia-romagna\/#primaryimage"},"thumbnailUrl":"https:\/\/www.charminly.com\/wp-content\/uploads\/2015\/02\/Il-bel-e-cot-foto-news-romagnaatavola_opt.jpg","keywords":["Cosa mangiare in Emilia Romagna"],"articleSection":["Sapori d'altri tempi"],"inLanguage":"it-IT"},{"@type":"WebPage","@id":"https:\/\/www.charminly.com\/it\/i-piaceri-della-tavola-dellemilia-romagna\/","url":"https:\/\/www.charminly.com\/it\/i-piaceri-della-tavola-dellemilia-romagna\/","name":"I piaceri della tavola dell\u2019Emilia Romagna","isPartOf":{"@id":"https:\/\/www.charminly.com\/it\/#website"},"primaryImageOfPage":{"@id":"https:\/\/www.charminly.com\/it\/i-piaceri-della-tavola-dellemilia-romagna\/#primaryimage"},"image":{"@id":"https:\/\/www.charminly.com\/it\/i-piaceri-della-tavola-dellemilia-romagna\/#primaryimage"},"thumbnailUrl":"https:\/\/www.charminly.com\/wp-content\/uploads\/2015\/02\/Il-bel-e-cot-foto-news-romagnaatavola_opt.jpg","datePublished":"2015-03-31T16:36:09+00:00","dateModified":"2017-07-12T11:01:24+00:00","description":"Un soggiorno presso una delle nostre splendide strutture del Emilia Romagna, vi consentir\u00e0 di poter gustare i\u00a0piaceri della tavola dell\u2019Emilia Romagna","breadcrumb":{"@id":"https:\/\/www.charminly.com\/it\/i-piaceri-della-tavola-dellemilia-romagna\/#breadcrumb"},"inLanguage":"it-IT","potentialAction":[{"@type":"ReadAction","target":["https:\/\/www.charminly.com\/it\/i-piaceri-della-tavola-dellemilia-romagna\/"]}]},{"@type":"ImageObject","inLanguage":"it-IT","@id":"https:\/\/www.charminly.com\/it\/i-piaceri-della-tavola-dellemilia-romagna\/#primaryimage","url":"https:\/\/www.charminly.com\/wp-content\/uploads\/2015\/02\/Il-bel-e-cot-foto-news-romagnaatavola_opt.jpg","contentUrl":"https:\/\/www.charminly.com\/wp-content\/uploads\/2015\/02\/Il-bel-e-cot-foto-news-romagnaatavola_opt.jpg","width":1024,"height":683},{"@type":"BreadcrumbList","@id":"https:\/\/www.charminly.com\/it\/i-piaceri-della-tavola-dellemilia-romagna\/#breadcrumb","itemListElement":[{"@type":"ListItem","position":1,"name":"Home","item":"https:\/\/www.charminly.com\/it\/"},{"@type":"ListItem","position":2,"name":"Cosa mangiare in Emilia Romagna","item":"https:\/\/www.charminly.com\/it\/tag\/cosa-mangiare-in-emilia-romagna\/"},{"@type":"ListItem","position":3,"name":"I piaceri della tavola dell\u2019Emilia Romagna"}]},{"@type":"WebSite","@id":"https:\/\/www.charminly.com\/it\/#website","url":"https:\/\/www.charminly.com\/it\/","name":"","description":"","publisher":{"@id":"https:\/\/www.charminly.com\/it\/#organization"},"potentialAction":[{"@type":"SearchAction","target":{"@type":"EntryPoint","urlTemplate":"https:\/\/www.charminly.com\/it\/?s={search_term_string}"},"query-input":{"@type":"PropertyValueSpecification","valueRequired":true,"valueName":"search_term_string"}}],"inLanguage":"it-IT"},{"@type":"Organization","@id":"https:\/\/www.charminly.com\/it\/#organization","name":"Charminly.com","url":"https:\/\/www.charminly.com\/it\/","logo":{"@type":"ImageObject","inLanguage":"it-IT","@id":"https:\/\/www.charminly.com\/it\/#\/schema\/logo\/image\/","url":"https:\/\/www.charminly.com\/wp-content\/uploads\/2014\/10\/logo.png","contentUrl":"https:\/\/www.charminly.com\/wp-content\/uploads\/2014\/10\/logo.png","width":264,"height":115,"caption":"Charminly.com"},"image":{"@id":"https:\/\/www.charminly.com\/it\/#\/schema\/logo\/image\/"},"sameAs":["https:\/\/www.facebook.com\/charminlyitalia\/","https:\/\/x.com\/charminly_com"]},{"@type":"Person","@id":"https:\/\/www.charminly.com\/it\/#\/schema\/person\/e6a536eb865d9dac6d1e730f53d5f367","name":"Charminly","image":{"@type":"ImageObject","inLanguage":"it-IT","@id":"https:\/\/www.charminly.com\/it\/#\/schema\/person\/image\/","url":"https:\/\/secure.gravatar.com\/avatar\/ee564baea04b5bbffcbd57ac103bc7d1?s=96&d=mm&r=g","contentUrl":"https:\/\/secure.gravatar.com\/avatar\/ee564baea04b5bbffcbd57ac103bc7d1?s=96&d=mm&r=g","caption":"Charminly"},"url":"https:\/\/www.charminly.com\/it\/author\/charminly\/"}]}},"_links":{"self":[{"href":"https:\/\/www.charminly.com\/it\/wp-json\/wp\/v2\/posts\/3473","targetHints":{"allow":["GET"]}}],"collection":[{"href":"https:\/\/www.charminly.com\/it\/wp-json\/wp\/v2\/posts"}],"about":[{"href":"https:\/\/www.charminly.com\/it\/wp-json\/wp\/v2\/types\/post"}],"author":[{"embeddable":true,"href":"https:\/\/www.charminly.com\/it\/wp-json\/wp\/v2\/users\/2"}],"replies":[{"embeddable":true,"href":"https:\/\/www.charminly.com\/it\/wp-json\/wp\/v2\/comments?post=3473"}],"version-history":[{"count":0,"href":"https:\/\/www.charminly.com\/it\/wp-json\/wp\/v2\/posts\/3473\/revisions"}],"wp:featuredmedia":[{"embeddable":true,"href":"https:\/\/www.charminly.com\/it\/wp-json\/wp\/v2\/media\/4598"}],"wp:attachment":[{"href":"https:\/\/www.charminly.com\/it\/wp-json\/wp\/v2\/media?parent=3473"}],"wp:term":[{"taxonomy":"category","embeddable":true,"href":"https:\/\/www.charminly.com\/it\/wp-json\/wp\/v2\/categories?post=3473"},{"taxonomy":"post_tag","embeddable":true,"href":"https:\/\/www.charminly.com\/it\/wp-json\/wp\/v2\/tags?post=3473"}],"curies":[{"name":"wp","href":"https:\/\/api.w.org\/{rel}","templated":true}]}}