{"id":31148,"date":"2018-09-12T11:49:08","date_gmt":"2018-09-12T09:49:08","guid":{"rendered":"https:\/\/www.charminly.com\/?p=31148"},"modified":"2020-01-16T11:23:48","modified_gmt":"2020-01-16T10:23:48","slug":"a-spasso-tra-luoghi-incantevoli-e-palazzi-storici-della-lombardia","status":"publish","type":"post","link":"https:\/\/www.charminly.com\/it\/a-spasso-tra-luoghi-incantevoli-e-palazzi-storici-della-lombardia\/","title":{"rendered":"A spasso tra luoghi incantevoli e palazzi storici della Lombardia"},"content":{"rendered":"<h3><strong>Fuipiano Valle Imagna<\/strong><\/h3>\n<p>A <strong>Fuipiano Valle Imagna<\/strong> \u00e8 possibile visitare il piccolo borgo montano di <strong>Arnosto<\/strong>. Risalente al <strong>XIV secolo<\/strong>, questo paese che fino al <strong>1797<\/strong> fu sede della <strong>Dogana Veneta<\/strong>, conserva ancora numerosi monumenti dall\u2019alto valore artistico come il <strong>museo <\/strong>che raccoglie antichi strumenti usati da allevatori, artigiani e contadini e una piccola <strong>chiesa <\/strong>dedicata ai <strong>santi Filippo Neri e Francesco da Paola<\/strong> affrescata da dipinti di <strong>Francesco Quarenghi<\/strong>.<\/p>\n<h3><strong>Selino Alto<\/strong><\/h3>\n<p>Nella visita a <strong>Selino Alto<\/strong> si rimane incantai da <strong>Ca&#8217; Taiocco<\/strong>: antico centro medievale di <strong>Sant\u2019Omobono Terme<\/strong>. Si tratta di uno dei pi\u00f9 importanti esempi di architettura rurale con costruzioni in pietra viva col <strong>tetto in piode<\/strong> e muratura in pietra grigia <strong>prida<\/strong>.<\/p>\n<div id=\"attachment_31149\" style=\"width: 1034px\" class=\"wp-caption alignnone\"><img loading=\"lazy\" decoding=\"async\" aria-describedby=\"caption-attachment-31149\" class=\"wp-image-31149 size-large\" src=\"https:\/\/www.charminly.com\/wp-content\/uploads\/2018\/09\/Crespi_d\u2019Adda_Ian_Spackman_2007-007-32_opt-1024x518.jpg\" alt=\"\" width=\"1024\" height=\"518\" srcset=\"https:\/\/www.charminly.com\/wp-content\/uploads\/2018\/09\/Crespi_d\u2019Adda_Ian_Spackman_2007-007-32_opt.jpg 1024w, https:\/\/www.charminly.com\/wp-content\/uploads\/2018\/09\/Crespi_d\u2019Adda_Ian_Spackman_2007-007-32_opt-300x152.jpg 300w, https:\/\/www.charminly.com\/wp-content\/uploads\/2018\/09\/Crespi_d\u2019Adda_Ian_Spackman_2007-007-32_opt-768x389.jpg 768w\" sizes=\"auto, (max-width: 1024px) 100vw, 1024px\" \/><p id=\"caption-attachment-31149\" class=\"wp-caption-text\">Crespi d&#8217;Adda<\/p><\/div>\n<h3><strong>Crespi D\u2019Adda <\/strong><\/h3>\n<p>Definito <strong>dall\u2019Unesco Patrimonio Mondiale<\/strong>, il villaggio <strong>Crespi d\u2019Adda<\/strong> \u00e8 uno degli esempi pi\u00f9 straordinari di villaggio di operati. Nato alla <strong>fine dell\u2019800<\/strong>, fu realizzato dalla nota famiglia di industriali cotonieri lombardi <strong>Crespi<\/strong>, in qualit\u00e0 di <strong>\u201cvillaggio ideale di lavoro\u201d<\/strong> vicino al proprio opificio tessile. Si tratta di una vera e propria citt\u00e0 costruita dal capo della fabbrica per i dipendenti e le loro famiglie: ogni lavoratore aveva diritto ad una casa provvista di giardino, orto e tutti i servizi necessari.<\/p>\n<h3><strong>San Pellegrino Terme <\/strong><\/h3>\n<p>Per chi vuol rilassarsi, non c\u2019\u00e8 nulla di meglio che visitare <strong>San Pellegrino Terme<\/strong>, celebre localit\u00e0 climatica di cura e soggiorno, famosa in tutto il mondo per mezzo dell\u2019omonima <strong>acqua minerale, S. Pellegrino.<\/strong><\/p>\n<p>Visitando la citt\u00e0, si pu\u00f2 ammirare il <strong>Duomo<\/strong>: dedicato a <strong>San Pellegrino<\/strong>, vescovo di <strong>Auxerre<\/strong>, conserva al suo interno una reliquia del santo. Meravigliosa \u00e8 l\u2019elegante decorazione a\u00a0stucchi, opera di <strong>Francesco Domenico Camuzio<\/strong>.<\/p>\n<div id=\"attachment_31153\" style=\"width: 1034px\" class=\"wp-caption alignnone\"><img loading=\"lazy\" decoding=\"async\" aria-describedby=\"caption-attachment-31153\" class=\"wp-image-31153 size-large\" src=\"https:\/\/www.charminly.com\/wp-content\/uploads\/2018\/09\/Santa_Maria_Maggiore_Bergamo_north_opt-1024x768.jpg\" alt=\"\" width=\"1024\" height=\"768\" srcset=\"https:\/\/www.charminly.com\/wp-content\/uploads\/2018\/09\/Santa_Maria_Maggiore_Bergamo_north_opt.jpg 1024w, https:\/\/www.charminly.com\/wp-content\/uploads\/2018\/09\/Santa_Maria_Maggiore_Bergamo_north_opt-300x225.jpg 300w, https:\/\/www.charminly.com\/wp-content\/uploads\/2018\/09\/Santa_Maria_Maggiore_Bergamo_north_opt-768x576.jpg 768w\" sizes=\"auto, (max-width: 1024px) 100vw, 1024px\" \/><p id=\"caption-attachment-31153\" class=\"wp-caption-text\">Basilica di Santa Maria Maggiore, Bergamo<\/p><\/div>\n<h3><strong>Bergamo <\/strong><\/h3>\n<p>Una delle citt\u00e0 principi della Lombardia \u00e8 senza dubbio <strong>Bergamo<\/strong>. Tra gli edifici da vistare vi sono: la\u00a0<strong>Basilica di Santa Maria Maggiore<\/strong> eretta in segno di\u00a0gratitudine\u00a0alla <strong>Vergine<\/strong>, che aveva risparmiato la citt\u00e0 dalla peste. Al suo interno si caratterizza per <strong>volte decorate\u00a0con stucchi e oro zecchino<\/strong>, chiaro esempio di rococ\u00f2.<\/p>\n<p>Proseguendo nella visita della citt\u00e0, ci si imbatte nella <strong>Torre Civica o Capannone<\/strong>, costruita tra il <strong>XI e il XII secolo<\/strong>.<\/p>\n<p>Dall\u2019aspetto di un campanile, la <strong>Torre Civica<\/strong> con i suoi <strong>52 metri in altezza<\/strong>, percorribile sia tramite scale che con l\u2019ascensore, \u00e8 la <strong>torre pi\u00f9 alta della citt\u00e0<\/strong>.<\/p>\n<p>Adibita un tempo a <strong>sede del Podest\u00e0<\/strong>, ogni sera da <strong>360 anni<\/strong>, alle <strong>22:00 risuonano 100 rintocchi<\/strong> che anticamente avvisavano i cittadini della <strong>chiusura delle 4 porte d\u2019accesso alla citt\u00e0 vecchia<\/strong>.<\/p>\n<p>Altra torre importante \u00e8 la <strong>torre del Gombito<\/strong> nome derivante dal latino\u00a0<strong>\u201cad compitum\u201d,<\/strong> che indica il punto in cui sorge la torre, tra il cardo e il decumano massimo della citt\u00e0 romana.<\/p>\n<p>Edificata nel <strong>XII sec<\/strong>, mantiene ancora l\u2019aspetto tipico delle costruzioni difensive e ad oggi accoglie l\u2019ufficio di informazione turistica.<\/p>\n<p>L\u2019edificio pi\u00f9 maestoso della citt\u00e0 \u00e8 la <strong>Cappella Colleoni<\/strong>: simbolo del <strong>Rinascimento italiano<\/strong> si distingue per una <strong>facciata di marmi rossi e bianchi<\/strong> mentre al suo interno da ammirare sono i <strong>sarcofagi intarsiati in marmo<\/strong> e la <strong>statua equestre del condottiero bergamasco Bartolomeo Colleoni.<\/strong><\/p>\n<hr \/>\n<div class=\"article_container\"><h2 class=\"shortcode_title\">Charming home nelle vicinanze<\/h2><div class=\"listinglink-wrapper\">\n                           <a href=\"https:\/\/www.charminly.com\/listings\/relais-country-houses-en\/\"> <span class=\"wpresidence_button\"> more listings <\/span><\/a>\n                       <\/div><\/div>\n","protected":false},"excerpt":{"rendered":"<p>Fuipiano Valle Imagna A Fuipiano Valle Imagna \u00e8 possibile visitare il piccolo borgo montano di Arnosto. Risalente al XIV secolo, questo paese che fino al 1797 fu sede della Dogana Veneta, conserva ancora numerosi monumenti dall\u2019alto valore artistico come il museo che raccoglie antichi strumenti usati da allevatori, artigiani e contadini e una piccola chiesa dedicata ai santi Filippo Neri e Francesco da Paola &#8230;<\/p>\n","protected":false},"author":6,"featured_media":31156,"comment_status":"closed","ping_status":"closed","sticky":false,"template":"","format":"standard","meta":{"_acf_changed":false,"footnotes":""},"categories":[142],"tags":[635,599],"class_list":["post-31148","post","type-post","status-publish","format-standard","has-post-thumbnail","hentry","category-arte-e-cultura","tag-cosa-vedere-in-lombardia","tag-what-to-see-in-lombardy"],"acf":[],"yoast_head":"<!-- This site is optimized with the Yoast SEO plugin v23.9 - https:\/\/yoast.com\/wordpress\/plugins\/seo\/ -->\n<title>A spasso tra luoghi incantevoli e palazzi storici della Lombardia<\/title>\n<meta name=\"description\" content=\"A spasso tra luoghi incantevoli e palazzi storici della Lombardia\" \/>\n<meta name=\"robots\" content=\"index, follow, max-snippet:-1, max-image-preview:large, max-video-preview:-1\" \/>\n<link rel=\"canonical\" href=\"https:\/\/www.charminly.com\/it\/a-spasso-tra-luoghi-incantevoli-e-palazzi-storici-della-lombardia\/\" \/>\n<meta property=\"og:locale\" content=\"it_IT\" \/>\n<meta property=\"og:type\" content=\"article\" \/>\n<meta property=\"og:title\" content=\"A spasso tra luoghi incantevoli e palazzi storici della Lombardia\" \/>\n<meta property=\"og:description\" content=\"A spasso tra luoghi incantevoli e palazzi storici della Lombardia\" \/>\n<meta property=\"og:url\" content=\"https:\/\/www.charminly.com\/it\/a-spasso-tra-luoghi-incantevoli-e-palazzi-storici-della-lombardia\/\" \/>\n<meta property=\"article:publisher\" content=\"https:\/\/www.facebook.com\/charminlyitalia\/\" \/>\n<meta property=\"article:published_time\" content=\"2018-09-12T09:49:08+00:00\" \/>\n<meta property=\"article:modified_time\" content=\"2020-01-16T10:23:48+00:00\" \/>\n<meta property=\"og:image\" content=\"https:\/\/www.charminly.com\/wp-content\/uploads\/2018\/09\/Santa_Maria_Maggiore_Bergamo_north_opt.jpg\" \/>\n\t<meta property=\"og:image:width\" content=\"1024\" \/>\n\t<meta property=\"og:image:height\" content=\"768\" \/>\n\t<meta property=\"og:image:type\" content=\"image\/jpeg\" \/>\n<meta name=\"author\" content=\"Ivan Lopez\" \/>\n<meta name=\"twitter:card\" content=\"summary_large_image\" \/>\n<meta name=\"twitter:creator\" content=\"@charminly_com\" \/>\n<meta name=\"twitter:site\" content=\"@charminly_com\" \/>\n<meta name=\"twitter:label1\" content=\"Scritto da\" \/>\n\t<meta name=\"twitter:data1\" content=\"Ivan Lopez\" \/>\n\t<meta name=\"twitter:label2\" content=\"Tempo di lettura stimato\" \/>\n\t<meta name=\"twitter:data2\" content=\"3 minuti\" \/>\n<script type=\"application\/ld+json\" class=\"yoast-schema-graph\">{\"@context\":\"https:\/\/schema.org\",\"@graph\":[{\"@type\":\"Article\",\"@id\":\"https:\/\/www.charminly.com\/it\/a-spasso-tra-luoghi-incantevoli-e-palazzi-storici-della-lombardia\/#article\",\"isPartOf\":{\"@id\":\"https:\/\/www.charminly.com\/it\/a-spasso-tra-luoghi-incantevoli-e-palazzi-storici-della-lombardia\/\"},\"author\":{\"name\":\"Ivan Lopez\",\"@id\":\"https:\/\/www.charminly.com\/it\/#\/schema\/person\/52806bb74f5c81bbf5f0989dd952c7ea\"},\"headline\":\"A spasso tra luoghi incantevoli e palazzi storici della Lombardia\",\"datePublished\":\"2018-09-12T09:49:08+00:00\",\"dateModified\":\"2020-01-16T10:23:48+00:00\",\"mainEntityOfPage\":{\"@id\":\"https:\/\/www.charminly.com\/it\/a-spasso-tra-luoghi-incantevoli-e-palazzi-storici-della-lombardia\/\"},\"wordCount\":557,\"publisher\":{\"@id\":\"https:\/\/www.charminly.com\/it\/#organization\"},\"image\":{\"@id\":\"https:\/\/www.charminly.com\/it\/a-spasso-tra-luoghi-incantevoli-e-palazzi-storici-della-lombardia\/#primaryimage\"},\"thumbnailUrl\":\"https:\/\/www.charminly.com\/wp-content\/uploads\/2018\/09\/Santa_Maria_Maggiore_Bergamo_north_opt.jpg\",\"keywords\":[\"Cosa vedere in Lombardia\",\"What to see in Lombardy\"],\"articleSection\":[\"Arte e cultura\"],\"inLanguage\":\"it-IT\"},{\"@type\":\"WebPage\",\"@id\":\"https:\/\/www.charminly.com\/it\/a-spasso-tra-luoghi-incantevoli-e-palazzi-storici-della-lombardia\/\",\"url\":\"https:\/\/www.charminly.com\/it\/a-spasso-tra-luoghi-incantevoli-e-palazzi-storici-della-lombardia\/\",\"name\":\"A spasso tra luoghi incantevoli e palazzi storici della Lombardia\",\"isPartOf\":{\"@id\":\"https:\/\/www.charminly.com\/it\/#website\"},\"primaryImageOfPage\":{\"@id\":\"https:\/\/www.charminly.com\/it\/a-spasso-tra-luoghi-incantevoli-e-palazzi-storici-della-lombardia\/#primaryimage\"},\"image\":{\"@id\":\"https:\/\/www.charminly.com\/it\/a-spasso-tra-luoghi-incantevoli-e-palazzi-storici-della-lombardia\/#primaryimage\"},\"thumbnailUrl\":\"https:\/\/www.charminly.com\/wp-content\/uploads\/2018\/09\/Santa_Maria_Maggiore_Bergamo_north_opt.jpg\",\"datePublished\":\"2018-09-12T09:49:08+00:00\",\"dateModified\":\"2020-01-16T10:23:48+00:00\",\"description\":\"A spasso tra luoghi incantevoli e palazzi storici della Lombardia\",\"breadcrumb\":{\"@id\":\"https:\/\/www.charminly.com\/it\/a-spasso-tra-luoghi-incantevoli-e-palazzi-storici-della-lombardia\/#breadcrumb\"},\"inLanguage\":\"it-IT\",\"potentialAction\":[{\"@type\":\"ReadAction\",\"target\":[\"https:\/\/www.charminly.com\/it\/a-spasso-tra-luoghi-incantevoli-e-palazzi-storici-della-lombardia\/\"]}]},{\"@type\":\"ImageObject\",\"inLanguage\":\"it-IT\",\"@id\":\"https:\/\/www.charminly.com\/it\/a-spasso-tra-luoghi-incantevoli-e-palazzi-storici-della-lombardia\/#primaryimage\",\"url\":\"https:\/\/www.charminly.com\/wp-content\/uploads\/2018\/09\/Santa_Maria_Maggiore_Bergamo_north_opt.jpg\",\"contentUrl\":\"https:\/\/www.charminly.com\/wp-content\/uploads\/2018\/09\/Santa_Maria_Maggiore_Bergamo_north_opt.jpg\",\"width\":1024,\"height\":768},{\"@type\":\"BreadcrumbList\",\"@id\":\"https:\/\/www.charminly.com\/it\/a-spasso-tra-luoghi-incantevoli-e-palazzi-storici-della-lombardia\/#breadcrumb\",\"itemListElement\":[{\"@type\":\"ListItem\",\"position\":1,\"name\":\"Home\",\"item\":\"https:\/\/www.charminly.com\/it\/\"},{\"@type\":\"ListItem\",\"position\":2,\"name\":\"Cosa vedere in Lombardia\",\"item\":\"https:\/\/www.charminly.com\/it\/tag\/cosa-vedere-in-lombardia\/\"},{\"@type\":\"ListItem\",\"position\":3,\"name\":\"A spasso tra luoghi incantevoli e palazzi storici della Lombardia\"}]},{\"@type\":\"WebSite\",\"@id\":\"https:\/\/www.charminly.com\/it\/#website\",\"url\":\"https:\/\/www.charminly.com\/it\/\",\"name\":\"\",\"description\":\"\",\"publisher\":{\"@id\":\"https:\/\/www.charminly.com\/it\/#organization\"},\"potentialAction\":[{\"@type\":\"SearchAction\",\"target\":{\"@type\":\"EntryPoint\",\"urlTemplate\":\"https:\/\/www.charminly.com\/it\/?s={search_term_string}\"},\"query-input\":{\"@type\":\"PropertyValueSpecification\",\"valueRequired\":true,\"valueName\":\"search_term_string\"}}],\"inLanguage\":\"it-IT\"},{\"@type\":\"Organization\",\"@id\":\"https:\/\/www.charminly.com\/it\/#organization\",\"name\":\"Charminly.com\",\"url\":\"https:\/\/www.charminly.com\/it\/\",\"logo\":{\"@type\":\"ImageObject\",\"inLanguage\":\"it-IT\",\"@id\":\"https:\/\/www.charminly.com\/it\/#\/schema\/logo\/image\/\",\"url\":\"https:\/\/www.charminly.com\/wp-content\/uploads\/2014\/10\/logo.png\",\"contentUrl\":\"https:\/\/www.charminly.com\/wp-content\/uploads\/2014\/10\/logo.png\",\"width\":264,\"height\":115,\"caption\":\"Charminly.com\"},\"image\":{\"@id\":\"https:\/\/www.charminly.com\/it\/#\/schema\/logo\/image\/\"},\"sameAs\":[\"https:\/\/www.facebook.com\/charminlyitalia\/\",\"https:\/\/x.com\/charminly_com\"]},{\"@type\":\"Person\",\"@id\":\"https:\/\/www.charminly.com\/it\/#\/schema\/person\/52806bb74f5c81bbf5f0989dd952c7ea\",\"name\":\"Ivan Lopez\",\"image\":{\"@type\":\"ImageObject\",\"inLanguage\":\"it-IT\",\"@id\":\"https:\/\/www.charminly.com\/it\/#\/schema\/person\/image\/\",\"url\":\"https:\/\/secure.gravatar.com\/avatar\/e8aef7257c7a278cfcb908e241d9761c?s=96&d=mm&r=g\",\"contentUrl\":\"https:\/\/secure.gravatar.com\/avatar\/e8aef7257c7a278cfcb908e241d9761c?s=96&d=mm&r=g\",\"caption\":\"Ivan Lopez\"},\"url\":\"https:\/\/www.charminly.com\/it\/author\/ivan\/\"}]}<\/script>\n<!-- \/ Yoast SEO plugin. -->","yoast_head_json":{"title":"A spasso tra luoghi incantevoli e palazzi storici della Lombardia","description":"A spasso tra luoghi incantevoli e palazzi storici della Lombardia","robots":{"index":"index","follow":"follow","max-snippet":"max-snippet:-1","max-image-preview":"max-image-preview:large","max-video-preview":"max-video-preview:-1"},"canonical":"https:\/\/www.charminly.com\/it\/a-spasso-tra-luoghi-incantevoli-e-palazzi-storici-della-lombardia\/","og_locale":"it_IT","og_type":"article","og_title":"A spasso tra luoghi incantevoli e palazzi storici della Lombardia","og_description":"A spasso tra luoghi incantevoli e palazzi storici della Lombardia","og_url":"https:\/\/www.charminly.com\/it\/a-spasso-tra-luoghi-incantevoli-e-palazzi-storici-della-lombardia\/","article_publisher":"https:\/\/www.facebook.com\/charminlyitalia\/","article_published_time":"2018-09-12T09:49:08+00:00","article_modified_time":"2020-01-16T10:23:48+00:00","og_image":[{"width":1024,"height":768,"url":"https:\/\/www.charminly.com\/wp-content\/uploads\/2018\/09\/Santa_Maria_Maggiore_Bergamo_north_opt.jpg","type":"image\/jpeg"}],"author":"Ivan Lopez","twitter_card":"summary_large_image","twitter_creator":"@charminly_com","twitter_site":"@charminly_com","twitter_misc":{"Scritto da":"Ivan Lopez","Tempo di lettura stimato":"3 minuti"},"schema":{"@context":"https:\/\/schema.org","@graph":[{"@type":"Article","@id":"https:\/\/www.charminly.com\/it\/a-spasso-tra-luoghi-incantevoli-e-palazzi-storici-della-lombardia\/#article","isPartOf":{"@id":"https:\/\/www.charminly.com\/it\/a-spasso-tra-luoghi-incantevoli-e-palazzi-storici-della-lombardia\/"},"author":{"name":"Ivan Lopez","@id":"https:\/\/www.charminly.com\/it\/#\/schema\/person\/52806bb74f5c81bbf5f0989dd952c7ea"},"headline":"A spasso tra luoghi incantevoli e palazzi storici della Lombardia","datePublished":"2018-09-12T09:49:08+00:00","dateModified":"2020-01-16T10:23:48+00:00","mainEntityOfPage":{"@id":"https:\/\/www.charminly.com\/it\/a-spasso-tra-luoghi-incantevoli-e-palazzi-storici-della-lombardia\/"},"wordCount":557,"publisher":{"@id":"https:\/\/www.charminly.com\/it\/#organization"},"image":{"@id":"https:\/\/www.charminly.com\/it\/a-spasso-tra-luoghi-incantevoli-e-palazzi-storici-della-lombardia\/#primaryimage"},"thumbnailUrl":"https:\/\/www.charminly.com\/wp-content\/uploads\/2018\/09\/Santa_Maria_Maggiore_Bergamo_north_opt.jpg","keywords":["Cosa vedere in Lombardia","What to see in Lombardy"],"articleSection":["Arte e cultura"],"inLanguage":"it-IT"},{"@type":"WebPage","@id":"https:\/\/www.charminly.com\/it\/a-spasso-tra-luoghi-incantevoli-e-palazzi-storici-della-lombardia\/","url":"https:\/\/www.charminly.com\/it\/a-spasso-tra-luoghi-incantevoli-e-palazzi-storici-della-lombardia\/","name":"A spasso tra luoghi incantevoli e palazzi storici della Lombardia","isPartOf":{"@id":"https:\/\/www.charminly.com\/it\/#website"},"primaryImageOfPage":{"@id":"https:\/\/www.charminly.com\/it\/a-spasso-tra-luoghi-incantevoli-e-palazzi-storici-della-lombardia\/#primaryimage"},"image":{"@id":"https:\/\/www.charminly.com\/it\/a-spasso-tra-luoghi-incantevoli-e-palazzi-storici-della-lombardia\/#primaryimage"},"thumbnailUrl":"https:\/\/www.charminly.com\/wp-content\/uploads\/2018\/09\/Santa_Maria_Maggiore_Bergamo_north_opt.jpg","datePublished":"2018-09-12T09:49:08+00:00","dateModified":"2020-01-16T10:23:48+00:00","description":"A spasso tra luoghi incantevoli e palazzi storici della Lombardia","breadcrumb":{"@id":"https:\/\/www.charminly.com\/it\/a-spasso-tra-luoghi-incantevoli-e-palazzi-storici-della-lombardia\/#breadcrumb"},"inLanguage":"it-IT","potentialAction":[{"@type":"ReadAction","target":["https:\/\/www.charminly.com\/it\/a-spasso-tra-luoghi-incantevoli-e-palazzi-storici-della-lombardia\/"]}]},{"@type":"ImageObject","inLanguage":"it-IT","@id":"https:\/\/www.charminly.com\/it\/a-spasso-tra-luoghi-incantevoli-e-palazzi-storici-della-lombardia\/#primaryimage","url":"https:\/\/www.charminly.com\/wp-content\/uploads\/2018\/09\/Santa_Maria_Maggiore_Bergamo_north_opt.jpg","contentUrl":"https:\/\/www.charminly.com\/wp-content\/uploads\/2018\/09\/Santa_Maria_Maggiore_Bergamo_north_opt.jpg","width":1024,"height":768},{"@type":"BreadcrumbList","@id":"https:\/\/www.charminly.com\/it\/a-spasso-tra-luoghi-incantevoli-e-palazzi-storici-della-lombardia\/#breadcrumb","itemListElement":[{"@type":"ListItem","position":1,"name":"Home","item":"https:\/\/www.charminly.com\/it\/"},{"@type":"ListItem","position":2,"name":"Cosa vedere in Lombardia","item":"https:\/\/www.charminly.com\/it\/tag\/cosa-vedere-in-lombardia\/"},{"@type":"ListItem","position":3,"name":"A spasso tra luoghi incantevoli e palazzi storici della Lombardia"}]},{"@type":"WebSite","@id":"https:\/\/www.charminly.com\/it\/#website","url":"https:\/\/www.charminly.com\/it\/","name":"","description":"","publisher":{"@id":"https:\/\/www.charminly.com\/it\/#organization"},"potentialAction":[{"@type":"SearchAction","target":{"@type":"EntryPoint","urlTemplate":"https:\/\/www.charminly.com\/it\/?s={search_term_string}"},"query-input":{"@type":"PropertyValueSpecification","valueRequired":true,"valueName":"search_term_string"}}],"inLanguage":"it-IT"},{"@type":"Organization","@id":"https:\/\/www.charminly.com\/it\/#organization","name":"Charminly.com","url":"https:\/\/www.charminly.com\/it\/","logo":{"@type":"ImageObject","inLanguage":"it-IT","@id":"https:\/\/www.charminly.com\/it\/#\/schema\/logo\/image\/","url":"https:\/\/www.charminly.com\/wp-content\/uploads\/2014\/10\/logo.png","contentUrl":"https:\/\/www.charminly.com\/wp-content\/uploads\/2014\/10\/logo.png","width":264,"height":115,"caption":"Charminly.com"},"image":{"@id":"https:\/\/www.charminly.com\/it\/#\/schema\/logo\/image\/"},"sameAs":["https:\/\/www.facebook.com\/charminlyitalia\/","https:\/\/x.com\/charminly_com"]},{"@type":"Person","@id":"https:\/\/www.charminly.com\/it\/#\/schema\/person\/52806bb74f5c81bbf5f0989dd952c7ea","name":"Ivan Lopez","image":{"@type":"ImageObject","inLanguage":"it-IT","@id":"https:\/\/www.charminly.com\/it\/#\/schema\/person\/image\/","url":"https:\/\/secure.gravatar.com\/avatar\/e8aef7257c7a278cfcb908e241d9761c?s=96&d=mm&r=g","contentUrl":"https:\/\/secure.gravatar.com\/avatar\/e8aef7257c7a278cfcb908e241d9761c?s=96&d=mm&r=g","caption":"Ivan Lopez"},"url":"https:\/\/www.charminly.com\/it\/author\/ivan\/"}]}},"_links":{"self":[{"href":"https:\/\/www.charminly.com\/it\/wp-json\/wp\/v2\/posts\/31148","targetHints":{"allow":["GET"]}}],"collection":[{"href":"https:\/\/www.charminly.com\/it\/wp-json\/wp\/v2\/posts"}],"about":[{"href":"https:\/\/www.charminly.com\/it\/wp-json\/wp\/v2\/types\/post"}],"author":[{"embeddable":true,"href":"https:\/\/www.charminly.com\/it\/wp-json\/wp\/v2\/users\/6"}],"replies":[{"embeddable":true,"href":"https:\/\/www.charminly.com\/it\/wp-json\/wp\/v2\/comments?post=31148"}],"version-history":[{"count":0,"href":"https:\/\/www.charminly.com\/it\/wp-json\/wp\/v2\/posts\/31148\/revisions"}],"wp:featuredmedia":[{"embeddable":true,"href":"https:\/\/www.charminly.com\/it\/wp-json\/wp\/v2\/media\/31156"}],"wp:attachment":[{"href":"https:\/\/www.charminly.com\/it\/wp-json\/wp\/v2\/media?parent=31148"}],"wp:term":[{"taxonomy":"category","embeddable":true,"href":"https:\/\/www.charminly.com\/it\/wp-json\/wp\/v2\/categories?post=31148"},{"taxonomy":"post_tag","embeddable":true,"href":"https:\/\/www.charminly.com\/it\/wp-json\/wp\/v2\/tags?post=31148"}],"curies":[{"name":"wp","href":"https:\/\/api.w.org\/{rel}","templated":true}]}}