{"id":2919,"date":"2015-03-04T17:15:16","date_gmt":"2015-03-04T16:15:16","guid":{"rendered":"https:\/\/www.charminly.com\/?p=2919"},"modified":"2017-07-12T12:47:38","modified_gmt":"2017-07-12T10:47:38","slug":"ravenna-una-citta-che-e-stata-per-3-volte-capitale","status":"publish","type":"post","link":"https:\/\/www.charminly.com\/it\/ravenna-una-citta-che-e-stata-per-3-volte-capitale\/","title":{"rendered":"Ravenna, una citt\u00e0 che \u00e8 stata per 3 volte Capitale"},"content":{"rendered":"<p>Soggiornando presso\u00a0una delle nostre splendide strutture dell&#8217;<a href=\"https:\/\/www.charminly.com\/it\/region\/emilia-romagna-it\/\"><strong>Emilia Romagna<\/strong><\/a> potrete scoprire\u00a0il centro di <strong>Ravenna<\/strong>, una citt\u00e0 che riserva dei deliziosi scorci e che offre molto.<\/p>\n<p><strong>Ravenna <\/strong>\u00e8 il capoluogo di provincia dell\u2019<strong>Emilia Romagna<\/strong>, che l\u2019imperatore bizantino <strong>Giustiniano<\/strong> trasform\u00f2 nel pi\u00f9 occidentale pilastro del suo impero. Conosciuta in epoca romana come <strong>Classe<\/strong>, la citt\u00e0 era una porta imperiale per la grande flotta navale. Oggi \u00e8 la pi\u00f9 grande e storicamente pi\u00f9 importante localit\u00e0 di tutta la Romagna.<\/p>\n<p><strong>Ravenna<\/strong> \u00e8 una perla, uno scrigno che conserva preziose testimonianze del suo glorioso passato che l\u2019ha vista per ben tre volte assurgere il ruolo di <strong>Capitale<\/strong>: la prima volta come capitale dell\u2019Impero Romano d\u2019Occidente, poi come la capitale del Regno degli Ostrogoti e infine come capitale dell\u2019Esarcato bizantino fino al 751.<\/p>\n<p>Questo capoluogo di provincia dell\u2019<strong>Emilia Romagna<\/strong>, \u00a0ha un incredibile patrimonio culturale e storico che \u00e8 stato addirittura considerato Patrimonio dell\u2019umanit\u00e0 da parte dell\u2019<strong>UNESCO<\/strong>.<\/p>\n<div id=\"attachment_2940\" style=\"width: 1034px\" class=\"wp-caption alignnone\"><img loading=\"lazy\" decoding=\"async\" aria-describedby=\"caption-attachment-2940\" class=\"wp-image-2940 size-large\" src=\"https:\/\/www.charminly.com\/wp-content\/uploads\/2015\/01\/Mausoleo_di_galla_placidia_ravenna-1024x758.jpg\" alt=\"Mausoleo di Galla Placidia\" width=\"1024\" height=\"758\" srcset=\"https:\/\/www.charminly.com\/wp-content\/uploads\/2015\/01\/Mausoleo_di_galla_placidia_ravenna-1024x758.jpg 1024w, https:\/\/www.charminly.com\/wp-content\/uploads\/2015\/01\/Mausoleo_di_galla_placidia_ravenna-300x222.jpg 300w\" sizes=\"auto, (max-width: 1024px) 100vw, 1024px\" \/><p id=\"caption-attachment-2940\" class=\"wp-caption-text\">1. Mausoleo di Galla Placidia<\/p><\/div>\n<p>Un complesso che vede il Mausoleo di Galla Placidia, il Battistero Neoniano, la Basilica di Sant\u2019Apollinare, il Mausoleo di Teodorico, senza poi dimenticare gli stupendi esempi architettonici come il Battistero degli Ariani, ma anche la <strong>Basilica di Sant\u2019Apollinare in Classe<\/strong>, la <strong>Basilica di San Vitale<\/strong> e la <strong>Cappella Arcivescovile<\/strong>, come sicuri protagonisti di un incredibile percorso capace di trasmettere sensazioni ed emozioni uniche.<\/p>\n<p>Ma la citt\u00e0 di <strong>Ravenna<\/strong>, una delle pi\u00f9 belle dell\u2019<strong>Emilia Romagna<\/strong>, non offre a tutti i suoi visitatori solo monumenti e antiche testimonianze. \u00c8, infatti, in grado di poter proporre eventi e manifestazioni di grande richiamo, come ad esempio il noto Ravenna Jazz, la celebre Nightmare Film Fest, una rassegna cinematografica consacrata al cinema horror, come pure il Film Fest, una rassegna cinematografica che \u00e8 dedicata al cinema europeo. Ma di questo se ne parla pi\u00f9 approfonditamente in un\u2019altra sezione del sito.<\/p>\n<div id=\"attachment_2937\" style=\"width: 1034px\" class=\"wp-caption alignnone\"><img loading=\"lazy\" decoding=\"async\" aria-describedby=\"caption-attachment-2937\" class=\"wp-image-2937 size-large\" src=\"https:\/\/www.charminly.com\/wp-content\/uploads\/2015\/01\/SantApollinare_in_Classe_Ravenna-1024x609.jpg\" alt=\"Basilica di Sant\u2019Apollinare\" width=\"1024\" height=\"609\" srcset=\"https:\/\/www.charminly.com\/wp-content\/uploads\/2015\/01\/SantApollinare_in_Classe_Ravenna-1024x609.jpg 1024w, https:\/\/www.charminly.com\/wp-content\/uploads\/2015\/01\/SantApollinare_in_Classe_Ravenna-300x178.jpg 300w\" sizes=\"auto, (max-width: 1024px) 100vw, 1024px\" \/><p id=\"caption-attachment-2937\" class=\"wp-caption-text\">2. Basilica di Sant\u2019Apollinare<\/p><\/div>\n<p>I motivi che conducono per mano a visitare questo stupendo capoluogo di provincia dell\u2019<strong>Emilia Romagna <\/strong>dal ricco e glorioso passato, sono davvero molti, come l\u2019ammirare le sue eleganti costruzioni e le sue <strong>magnifiche piazze<\/strong>, tra cui la cinquecentesca <strong>Piazza del Popolo<\/strong>, il cuore di Ravenna e massima espressione cittadina di architettura veneziana.<\/p>\n<p>Come nota di colore e modo di conoscere e apprezzare le specialit\u00e0 culinarie, si raccomanda una visita al suo <strong>mercato coperto<\/strong>. Ravenna offre anche ottime possibilit\u00e0 di fare shopping. Passeggiando lungo le graziose vie del suo centro storico, infatti, sar\u00e0 possibile acquistare prodotti di ogni genere e di altissima qualit\u00e0. Oltre Piazza del Popolo, altre <strong>mete per fare shopping<\/strong> sono via IV Novembre, via Corrado Ricci, via Cairoli, via Diaz e via Cavour.<\/p>\n<hr \/>\n<div class=\"article_container\"><h2 class=\"shortcode_title\">Charming home nelle vicinanze<\/h2><div class=\"listinglink-wrapper\">\n                           <a href=\"https:\/\/www.charminly.com\/listings\/relais-country-houses\"> <span class=\"wpresidence_button\"> more listings <\/span><\/a>\n                       <\/div><\/div>\n","protected":false},"excerpt":{"rendered":"<p>Soggiornando presso\u00a0una delle nostre splendide strutture dell&#8217;Emilia Romagna potrete scoprire\u00a0il centro di Ravenna, una citt\u00e0 che riserva dei deliziosi scorci e che offre molto. Ravenna \u00e8 il capoluogo di provincia dell\u2019Emilia Romagna, che l\u2019imperatore bizantino Giustiniano trasform\u00f2 nel pi\u00f9 occidentale pilastro del suo impero. Conosciuta in epoca romana come Classe, la citt\u00e0 era una porta imperiale per la grande flotta navale. Oggi \u00e8 la &#8230;<\/p>\n","protected":false},"author":2,"featured_media":2940,"comment_status":"closed","ping_status":"closed","sticky":false,"template":"","format":"standard","meta":{"_acf_changed":false,"footnotes":""},"categories":[142],"tags":[631],"class_list":["post-2919","post","type-post","status-publish","format-standard","has-post-thumbnail","hentry","category-arte-e-cultura","tag-cosa-vedere-in-emilia-romagna"],"acf":[],"yoast_head":"<!-- This site is optimized with the Yoast SEO plugin v23.9 - https:\/\/yoast.com\/wordpress\/plugins\/seo\/ -->\n<title>Ravenna, una citt\u00e0 che \u00e8 stata per 3 volte Capitale<\/title>\n<meta name=\"description\" content=\"Soggiornando presso una delle nostre splendide strutture dell&#039;Emilia Romagna potrete scoprire Ravenna, una citt\u00e0 che \u00e8 stata per 3 volte Capitale\" \/>\n<meta name=\"robots\" content=\"index, follow, max-snippet:-1, max-image-preview:large, max-video-preview:-1\" \/>\n<link rel=\"canonical\" href=\"https:\/\/www.charminly.com\/it\/ravenna-una-citta-che-e-stata-per-3-volte-capitale\/\" \/>\n<meta property=\"og:locale\" content=\"it_IT\" \/>\n<meta property=\"og:type\" content=\"article\" \/>\n<meta property=\"og:title\" content=\"Ravenna, una citt\u00e0 che \u00e8 stata per 3 volte Capitale\" \/>\n<meta property=\"og:description\" content=\"Soggiornando presso una delle nostre splendide strutture dell&#039;Emilia Romagna potrete scoprire Ravenna, una citt\u00e0 che \u00e8 stata per 3 volte Capitale\" \/>\n<meta property=\"og:url\" content=\"https:\/\/www.charminly.com\/it\/ravenna-una-citta-che-e-stata-per-3-volte-capitale\/\" \/>\n<meta property=\"article:publisher\" content=\"https:\/\/www.facebook.com\/charminlyitalia\/\" \/>\n<meta property=\"article:published_time\" content=\"2015-03-04T16:15:16+00:00\" \/>\n<meta property=\"article:modified_time\" content=\"2017-07-12T10:47:38+00:00\" \/>\n<meta property=\"og:image\" content=\"https:\/\/www.charminly.com\/wp-content\/uploads\/2015\/01\/Mausoleo_di_galla_placidia_ravenna.jpg\" \/>\n\t<meta property=\"og:image:width\" content=\"2694\" \/>\n\t<meta property=\"og:image:height\" content=\"1996\" \/>\n\t<meta property=\"og:image:type\" content=\"image\/jpeg\" \/>\n<meta name=\"author\" content=\"Charminly\" \/>\n<meta name=\"twitter:card\" content=\"summary_large_image\" \/>\n<meta name=\"twitter:creator\" content=\"@charminly_com\" \/>\n<meta name=\"twitter:site\" content=\"@charminly_com\" \/>\n<meta name=\"twitter:label1\" content=\"Scritto da\" \/>\n\t<meta name=\"twitter:data1\" content=\"Charminly\" \/>\n\t<meta name=\"twitter:label2\" content=\"Tempo di lettura stimato\" \/>\n\t<meta name=\"twitter:data2\" content=\"2 minuti\" \/>\n<script type=\"application\/ld+json\" class=\"yoast-schema-graph\">{\"@context\":\"https:\/\/schema.org\",\"@graph\":[{\"@type\":\"Article\",\"@id\":\"https:\/\/www.charminly.com\/it\/ravenna-una-citta-che-e-stata-per-3-volte-capitale\/#article\",\"isPartOf\":{\"@id\":\"https:\/\/www.charminly.com\/it\/ravenna-una-citta-che-e-stata-per-3-volte-capitale\/\"},\"author\":{\"name\":\"Charminly\",\"@id\":\"https:\/\/www.charminly.com\/it\/#\/schema\/person\/e6a536eb865d9dac6d1e730f53d5f367\"},\"headline\":\"Ravenna, una citt\u00e0 che \u00e8 stata per 3 volte Capitale\",\"datePublished\":\"2015-03-04T16:15:16+00:00\",\"dateModified\":\"2017-07-12T10:47:38+00:00\",\"mainEntityOfPage\":{\"@id\":\"https:\/\/www.charminly.com\/it\/ravenna-una-citta-che-e-stata-per-3-volte-capitale\/\"},\"wordCount\":486,\"publisher\":{\"@id\":\"https:\/\/www.charminly.com\/it\/#organization\"},\"image\":{\"@id\":\"https:\/\/www.charminly.com\/it\/ravenna-una-citta-che-e-stata-per-3-volte-capitale\/#primaryimage\"},\"thumbnailUrl\":\"https:\/\/www.charminly.com\/wp-content\/uploads\/2015\/01\/Mausoleo_di_galla_placidia_ravenna.jpg\",\"keywords\":[\"Cosa vedere in Emilia Romagna\"],\"articleSection\":[\"Arte e cultura\"],\"inLanguage\":\"it-IT\"},{\"@type\":\"WebPage\",\"@id\":\"https:\/\/www.charminly.com\/it\/ravenna-una-citta-che-e-stata-per-3-volte-capitale\/\",\"url\":\"https:\/\/www.charminly.com\/it\/ravenna-una-citta-che-e-stata-per-3-volte-capitale\/\",\"name\":\"Ravenna, una citt\u00e0 che \u00e8 stata per 3 volte Capitale\",\"isPartOf\":{\"@id\":\"https:\/\/www.charminly.com\/it\/#website\"},\"primaryImageOfPage\":{\"@id\":\"https:\/\/www.charminly.com\/it\/ravenna-una-citta-che-e-stata-per-3-volte-capitale\/#primaryimage\"},\"image\":{\"@id\":\"https:\/\/www.charminly.com\/it\/ravenna-una-citta-che-e-stata-per-3-volte-capitale\/#primaryimage\"},\"thumbnailUrl\":\"https:\/\/www.charminly.com\/wp-content\/uploads\/2015\/01\/Mausoleo_di_galla_placidia_ravenna.jpg\",\"datePublished\":\"2015-03-04T16:15:16+00:00\",\"dateModified\":\"2017-07-12T10:47:38+00:00\",\"description\":\"Soggiornando presso una delle nostre splendide strutture dell'Emilia Romagna potrete scoprire Ravenna, una citt\u00e0 che \u00e8 stata per 3 volte Capitale\",\"breadcrumb\":{\"@id\":\"https:\/\/www.charminly.com\/it\/ravenna-una-citta-che-e-stata-per-3-volte-capitale\/#breadcrumb\"},\"inLanguage\":\"it-IT\",\"potentialAction\":[{\"@type\":\"ReadAction\",\"target\":[\"https:\/\/www.charminly.com\/it\/ravenna-una-citta-che-e-stata-per-3-volte-capitale\/\"]}]},{\"@type\":\"ImageObject\",\"inLanguage\":\"it-IT\",\"@id\":\"https:\/\/www.charminly.com\/it\/ravenna-una-citta-che-e-stata-per-3-volte-capitale\/#primaryimage\",\"url\":\"https:\/\/www.charminly.com\/wp-content\/uploads\/2015\/01\/Mausoleo_di_galla_placidia_ravenna.jpg\",\"contentUrl\":\"https:\/\/www.charminly.com\/wp-content\/uploads\/2015\/01\/Mausoleo_di_galla_placidia_ravenna.jpg\",\"width\":2694,\"height\":1996},{\"@type\":\"BreadcrumbList\",\"@id\":\"https:\/\/www.charminly.com\/it\/ravenna-una-citta-che-e-stata-per-3-volte-capitale\/#breadcrumb\",\"itemListElement\":[{\"@type\":\"ListItem\",\"position\":1,\"name\":\"Home\",\"item\":\"https:\/\/www.charminly.com\/it\/\"},{\"@type\":\"ListItem\",\"position\":2,\"name\":\"Cosa vedere in Emilia Romagna\",\"item\":\"https:\/\/www.charminly.com\/it\/tag\/cosa-vedere-in-emilia-romagna\/\"},{\"@type\":\"ListItem\",\"position\":3,\"name\":\"Ravenna, una citt\u00e0 che \u00e8 stata per 3 volte Capitale\"}]},{\"@type\":\"WebSite\",\"@id\":\"https:\/\/www.charminly.com\/it\/#website\",\"url\":\"https:\/\/www.charminly.com\/it\/\",\"name\":\"\",\"description\":\"\",\"publisher\":{\"@id\":\"https:\/\/www.charminly.com\/it\/#organization\"},\"potentialAction\":[{\"@type\":\"SearchAction\",\"target\":{\"@type\":\"EntryPoint\",\"urlTemplate\":\"https:\/\/www.charminly.com\/it\/?s={search_term_string}\"},\"query-input\":{\"@type\":\"PropertyValueSpecification\",\"valueRequired\":true,\"valueName\":\"search_term_string\"}}],\"inLanguage\":\"it-IT\"},{\"@type\":\"Organization\",\"@id\":\"https:\/\/www.charminly.com\/it\/#organization\",\"name\":\"Charminly.com\",\"url\":\"https:\/\/www.charminly.com\/it\/\",\"logo\":{\"@type\":\"ImageObject\",\"inLanguage\":\"it-IT\",\"@id\":\"https:\/\/www.charminly.com\/it\/#\/schema\/logo\/image\/\",\"url\":\"https:\/\/www.charminly.com\/wp-content\/uploads\/2014\/10\/logo.png\",\"contentUrl\":\"https:\/\/www.charminly.com\/wp-content\/uploads\/2014\/10\/logo.png\",\"width\":264,\"height\":115,\"caption\":\"Charminly.com\"},\"image\":{\"@id\":\"https:\/\/www.charminly.com\/it\/#\/schema\/logo\/image\/\"},\"sameAs\":[\"https:\/\/www.facebook.com\/charminlyitalia\/\",\"https:\/\/x.com\/charminly_com\"]},{\"@type\":\"Person\",\"@id\":\"https:\/\/www.charminly.com\/it\/#\/schema\/person\/e6a536eb865d9dac6d1e730f53d5f367\",\"name\":\"Charminly\",\"image\":{\"@type\":\"ImageObject\",\"inLanguage\":\"it-IT\",\"@id\":\"https:\/\/www.charminly.com\/it\/#\/schema\/person\/image\/\",\"url\":\"https:\/\/secure.gravatar.com\/avatar\/ee564baea04b5bbffcbd57ac103bc7d1?s=96&d=mm&r=g\",\"contentUrl\":\"https:\/\/secure.gravatar.com\/avatar\/ee564baea04b5bbffcbd57ac103bc7d1?s=96&d=mm&r=g\",\"caption\":\"Charminly\"},\"url\":\"https:\/\/www.charminly.com\/it\/author\/charminly\/\"}]}<\/script>\n<!-- \/ Yoast SEO plugin. -->","yoast_head_json":{"title":"Ravenna, una citt\u00e0 che \u00e8 stata per 3 volte Capitale","description":"Soggiornando presso una delle nostre splendide strutture dell'Emilia Romagna potrete scoprire Ravenna, una citt\u00e0 che \u00e8 stata per 3 volte Capitale","robots":{"index":"index","follow":"follow","max-snippet":"max-snippet:-1","max-image-preview":"max-image-preview:large","max-video-preview":"max-video-preview:-1"},"canonical":"https:\/\/www.charminly.com\/it\/ravenna-una-citta-che-e-stata-per-3-volte-capitale\/","og_locale":"it_IT","og_type":"article","og_title":"Ravenna, una citt\u00e0 che \u00e8 stata per 3 volte Capitale","og_description":"Soggiornando presso una delle nostre splendide strutture dell'Emilia Romagna potrete scoprire Ravenna, una citt\u00e0 che \u00e8 stata per 3 volte Capitale","og_url":"https:\/\/www.charminly.com\/it\/ravenna-una-citta-che-e-stata-per-3-volte-capitale\/","article_publisher":"https:\/\/www.facebook.com\/charminlyitalia\/","article_published_time":"2015-03-04T16:15:16+00:00","article_modified_time":"2017-07-12T10:47:38+00:00","og_image":[{"width":2694,"height":1996,"url":"https:\/\/www.charminly.com\/wp-content\/uploads\/2015\/01\/Mausoleo_di_galla_placidia_ravenna.jpg","type":"image\/jpeg"}],"author":"Charminly","twitter_card":"summary_large_image","twitter_creator":"@charminly_com","twitter_site":"@charminly_com","twitter_misc":{"Scritto da":"Charminly","Tempo di lettura stimato":"2 minuti"},"schema":{"@context":"https:\/\/schema.org","@graph":[{"@type":"Article","@id":"https:\/\/www.charminly.com\/it\/ravenna-una-citta-che-e-stata-per-3-volte-capitale\/#article","isPartOf":{"@id":"https:\/\/www.charminly.com\/it\/ravenna-una-citta-che-e-stata-per-3-volte-capitale\/"},"author":{"name":"Charminly","@id":"https:\/\/www.charminly.com\/it\/#\/schema\/person\/e6a536eb865d9dac6d1e730f53d5f367"},"headline":"Ravenna, una citt\u00e0 che \u00e8 stata per 3 volte Capitale","datePublished":"2015-03-04T16:15:16+00:00","dateModified":"2017-07-12T10:47:38+00:00","mainEntityOfPage":{"@id":"https:\/\/www.charminly.com\/it\/ravenna-una-citta-che-e-stata-per-3-volte-capitale\/"},"wordCount":486,"publisher":{"@id":"https:\/\/www.charminly.com\/it\/#organization"},"image":{"@id":"https:\/\/www.charminly.com\/it\/ravenna-una-citta-che-e-stata-per-3-volte-capitale\/#primaryimage"},"thumbnailUrl":"https:\/\/www.charminly.com\/wp-content\/uploads\/2015\/01\/Mausoleo_di_galla_placidia_ravenna.jpg","keywords":["Cosa vedere in Emilia Romagna"],"articleSection":["Arte e cultura"],"inLanguage":"it-IT"},{"@type":"WebPage","@id":"https:\/\/www.charminly.com\/it\/ravenna-una-citta-che-e-stata-per-3-volte-capitale\/","url":"https:\/\/www.charminly.com\/it\/ravenna-una-citta-che-e-stata-per-3-volte-capitale\/","name":"Ravenna, una citt\u00e0 che \u00e8 stata per 3 volte Capitale","isPartOf":{"@id":"https:\/\/www.charminly.com\/it\/#website"},"primaryImageOfPage":{"@id":"https:\/\/www.charminly.com\/it\/ravenna-una-citta-che-e-stata-per-3-volte-capitale\/#primaryimage"},"image":{"@id":"https:\/\/www.charminly.com\/it\/ravenna-una-citta-che-e-stata-per-3-volte-capitale\/#primaryimage"},"thumbnailUrl":"https:\/\/www.charminly.com\/wp-content\/uploads\/2015\/01\/Mausoleo_di_galla_placidia_ravenna.jpg","datePublished":"2015-03-04T16:15:16+00:00","dateModified":"2017-07-12T10:47:38+00:00","description":"Soggiornando presso una delle nostre splendide strutture dell'Emilia Romagna potrete scoprire Ravenna, una citt\u00e0 che \u00e8 stata per 3 volte Capitale","breadcrumb":{"@id":"https:\/\/www.charminly.com\/it\/ravenna-una-citta-che-e-stata-per-3-volte-capitale\/#breadcrumb"},"inLanguage":"it-IT","potentialAction":[{"@type":"ReadAction","target":["https:\/\/www.charminly.com\/it\/ravenna-una-citta-che-e-stata-per-3-volte-capitale\/"]}]},{"@type":"ImageObject","inLanguage":"it-IT","@id":"https:\/\/www.charminly.com\/it\/ravenna-una-citta-che-e-stata-per-3-volte-capitale\/#primaryimage","url":"https:\/\/www.charminly.com\/wp-content\/uploads\/2015\/01\/Mausoleo_di_galla_placidia_ravenna.jpg","contentUrl":"https:\/\/www.charminly.com\/wp-content\/uploads\/2015\/01\/Mausoleo_di_galla_placidia_ravenna.jpg","width":2694,"height":1996},{"@type":"BreadcrumbList","@id":"https:\/\/www.charminly.com\/it\/ravenna-una-citta-che-e-stata-per-3-volte-capitale\/#breadcrumb","itemListElement":[{"@type":"ListItem","position":1,"name":"Home","item":"https:\/\/www.charminly.com\/it\/"},{"@type":"ListItem","position":2,"name":"Cosa vedere in Emilia Romagna","item":"https:\/\/www.charminly.com\/it\/tag\/cosa-vedere-in-emilia-romagna\/"},{"@type":"ListItem","position":3,"name":"Ravenna, una citt\u00e0 che \u00e8 stata per 3 volte Capitale"}]},{"@type":"WebSite","@id":"https:\/\/www.charminly.com\/it\/#website","url":"https:\/\/www.charminly.com\/it\/","name":"","description":"","publisher":{"@id":"https:\/\/www.charminly.com\/it\/#organization"},"potentialAction":[{"@type":"SearchAction","target":{"@type":"EntryPoint","urlTemplate":"https:\/\/www.charminly.com\/it\/?s={search_term_string}"},"query-input":{"@type":"PropertyValueSpecification","valueRequired":true,"valueName":"search_term_string"}}],"inLanguage":"it-IT"},{"@type":"Organization","@id":"https:\/\/www.charminly.com\/it\/#organization","name":"Charminly.com","url":"https:\/\/www.charminly.com\/it\/","logo":{"@type":"ImageObject","inLanguage":"it-IT","@id":"https:\/\/www.charminly.com\/it\/#\/schema\/logo\/image\/","url":"https:\/\/www.charminly.com\/wp-content\/uploads\/2014\/10\/logo.png","contentUrl":"https:\/\/www.charminly.com\/wp-content\/uploads\/2014\/10\/logo.png","width":264,"height":115,"caption":"Charminly.com"},"image":{"@id":"https:\/\/www.charminly.com\/it\/#\/schema\/logo\/image\/"},"sameAs":["https:\/\/www.facebook.com\/charminlyitalia\/","https:\/\/x.com\/charminly_com"]},{"@type":"Person","@id":"https:\/\/www.charminly.com\/it\/#\/schema\/person\/e6a536eb865d9dac6d1e730f53d5f367","name":"Charminly","image":{"@type":"ImageObject","inLanguage":"it-IT","@id":"https:\/\/www.charminly.com\/it\/#\/schema\/person\/image\/","url":"https:\/\/secure.gravatar.com\/avatar\/ee564baea04b5bbffcbd57ac103bc7d1?s=96&d=mm&r=g","contentUrl":"https:\/\/secure.gravatar.com\/avatar\/ee564baea04b5bbffcbd57ac103bc7d1?s=96&d=mm&r=g","caption":"Charminly"},"url":"https:\/\/www.charminly.com\/it\/author\/charminly\/"}]}},"_links":{"self":[{"href":"https:\/\/www.charminly.com\/it\/wp-json\/wp\/v2\/posts\/2919","targetHints":{"allow":["GET"]}}],"collection":[{"href":"https:\/\/www.charminly.com\/it\/wp-json\/wp\/v2\/posts"}],"about":[{"href":"https:\/\/www.charminly.com\/it\/wp-json\/wp\/v2\/types\/post"}],"author":[{"embeddable":true,"href":"https:\/\/www.charminly.com\/it\/wp-json\/wp\/v2\/users\/2"}],"replies":[{"embeddable":true,"href":"https:\/\/www.charminly.com\/it\/wp-json\/wp\/v2\/comments?post=2919"}],"version-history":[{"count":0,"href":"https:\/\/www.charminly.com\/it\/wp-json\/wp\/v2\/posts\/2919\/revisions"}],"wp:featuredmedia":[{"embeddable":true,"href":"https:\/\/www.charminly.com\/it\/wp-json\/wp\/v2\/media\/2940"}],"wp:attachment":[{"href":"https:\/\/www.charminly.com\/it\/wp-json\/wp\/v2\/media?parent=2919"}],"wp:term":[{"taxonomy":"category","embeddable":true,"href":"https:\/\/www.charminly.com\/it\/wp-json\/wp\/v2\/categories?post=2919"},{"taxonomy":"post_tag","embeddable":true,"href":"https:\/\/www.charminly.com\/it\/wp-json\/wp\/v2\/tags?post=2919"}],"curies":[{"name":"wp","href":"https:\/\/api.w.org\/{rel}","templated":true}]}}