{"id":24824,"date":"2018-02-06T16:30:07","date_gmt":"2018-02-06T15:30:07","guid":{"rendered":"https:\/\/www.charminly.com\/?p=24824"},"modified":"2020-01-16T11:10:54","modified_gmt":"2020-01-16T10:10:54","slug":"polenta-uva-e-tartufo-tra-i-protagonisti-delle-sagre-del-casentino-in-toscana","status":"publish","type":"post","link":"https:\/\/www.charminly.com\/it\/polenta-uva-e-tartufo-tra-i-protagonisti-delle-sagre-del-casentino-in-toscana\/","title":{"rendered":"Polenta, uva e tartufo tra i protagonisti delle sagre del Casentino, in Toscana"},"content":{"rendered":"<p>In provincia di <strong>Arezzo<\/strong>, <strong><a href=\"https:\/\/www.charminly.com\/it\/region\/toscana-it\/\">Toscana<\/a><\/strong>, potrete partecipare alle feste e alle sagre organizzate in questo splendido territorio.<\/p>\n<h3>CORSA DEL SARACINO<\/h3>\n<p>La Corsa del Saracino e un\u2019immancabile appuntamento tra storia e folklore che ogni anno a settembre, si svolge nella citt\u00e0 di Talla e vede gareggiare cavalieri in rappresentanza del proprio capoluogo. La sfida a cavallo si svolge nella parte sportiva della citt\u00e0, mentre l\u2019intera manifestazione si apre con un corteo storico e rievocazioni in costume medievale.<\/p>\n<div id=\"attachment_24828\" style=\"width: 1034px\" class=\"wp-caption alignnone\"><a href=\"https:\/\/www.charminly.com\/wp-content\/uploads\/2018\/02\/arezzoora-corsa-del-saracino.jpg\"><img loading=\"lazy\" decoding=\"async\" aria-describedby=\"caption-attachment-24828\" class=\"size-full wp-image-24828\" src=\"https:\/\/www.charminly.com\/wp-content\/uploads\/2018\/02\/arezzoora-corsa-del-saracino.jpg\" alt=\"\" width=\"1024\" height=\"661\" srcset=\"https:\/\/www.charminly.com\/wp-content\/uploads\/2018\/02\/arezzoora-corsa-del-saracino.jpg 1024w, https:\/\/www.charminly.com\/wp-content\/uploads\/2018\/02\/arezzoora-corsa-del-saracino-300x194.jpg 300w, https:\/\/www.charminly.com\/wp-content\/uploads\/2018\/02\/arezzoora-corsa-del-saracino-768x496.jpg 768w\" sizes=\"auto, (max-width: 1024px) 100vw, 1024px\" \/><\/a><p id=\"caption-attachment-24828\" class=\"wp-caption-text\">Corsa del Saracino, arezzoora.it<\/p><\/div>\n<h3>FESTA DELLA BIRRA<\/h3>\n<p>Ogni anno a giugno, Poppi ospita una delle manifestazioni pi\u00f9 attese della stagione, la Festa della Birra. Oltre ad ospitare gli stand che offriranno agli innumerevoli visitatori la degustazione delle birre internazionali, saranno presenti anche gli stand di birra artigianale proveniente dalle birrerie del territorio.<\/p>\n<h3>SAGRA DELLA SCOTTIGLIA<\/h3>\n<p>Nel mese di luglio, la valorizzazione delle ricette tipiche e del Casentino \u00e8 alla base della sagra di Lonnano, piccola frazione nel comune di Pratovecchio, situato ai margini del Parco Nazionale delle Foreste Casentinesi. Il protagonista principale della manifestazione gastronomica \u00e8 la Scottiglia, una zuppa di carni miste molto saporita, accompagnata dalla degustazione di altri prodotti tipici del territorio. Oltre che dalla alla buona cucina, le serate saranno accompagnate dalla buona musica .<\/p>\n<h3>IL GUSTO DEI GUIDI<\/h3>\n<p>La terza settimana di agosto a Poppi, il centro storico del paese ospita una Mostra Mercato tra le pi\u00f9 prestigiose della zona: il Gusto Dei Guidi, durante la quale gli estimatori del buon vino e gli amanti della buona cucina potranno degustare i vini tipici delle cantine toscane nonch\u00e9 prodotti tipici biologici della tradizione casentinese. A rendere ancora pi\u00f9 caratteristica e suggestiva la manifestazione le cantine e i giardini messi a disposizione dai privati cittadini che collaborano con l\u2019organizzazione.<\/p>\n<h3>SAGRA DEL TARTUFO<\/h3>\n<p>A Chiusi della Verna, il Ferragosto viene allietato ogni anno dalla manifestazione che ha come protagonista il Tartufo nero. E\u2019 dal 1991 che questo pregiato tubero, raccolto nei boschi del Casentino, \u00e8 il protagonista di una delle sagre pi\u00f9 attese del periodo e che richiama a s\u00e9 migliaia di visitatori. Il Parco Macchini ospita la manifestazione e le serate saranno animate da musica, spettacoli e intrattenimento.<\/p>\n<h3>FESTA DELL\u2019UVA<\/h3>\n<p>E\u2019 una vera e propria rievocazione la Festa dell\u2019Uva che si svolge a settembre a Subbiano e che vede sfilare carri carichi di questa dolcissima frutta che viene distribuita ai visitatori giunti per l\u2019occasione. La manifestazione si compone di diversi appuntamenti che animeranno le giornate di festa tra i quali il corteo storico e la degustazione di prodotti tipici locali serviti negli stand enogastronomici.<\/p>\n<div id=\"attachment_24832\" style=\"width: 1034px\" class=\"wp-caption alignnone\"><a href=\"https:\/\/www.charminly.com\/wp-content\/uploads\/2018\/02\/trippando.it-festa-uva.jpg\"><img loading=\"lazy\" decoding=\"async\" aria-describedby=\"caption-attachment-24832\" class=\"size-full wp-image-24832\" src=\"https:\/\/www.charminly.com\/wp-content\/uploads\/2018\/02\/trippando.it-festa-uva.jpg\" alt=\"\" width=\"1024\" height=\"768\" srcset=\"https:\/\/www.charminly.com\/wp-content\/uploads\/2018\/02\/trippando.it-festa-uva.jpg 1024w, https:\/\/www.charminly.com\/wp-content\/uploads\/2018\/02\/trippando.it-festa-uva-300x225.jpg 300w, https:\/\/www.charminly.com\/wp-content\/uploads\/2018\/02\/trippando.it-festa-uva-768x576.jpg 768w\" sizes=\"auto, (max-width: 1024px) 100vw, 1024px\" \/><\/a><p id=\"caption-attachment-24832\" class=\"wp-caption-text\">Festa dell&#8217;Uva, trippando.it<\/p><\/div>\n<h3>SAGRA DELLA POLENTA DOLCE E BALDINO<\/h3>\n<p>Si tiene l\u20198 dicembre di ogni anno a Faltona, una piccola frazione di Talla, la sagra della Polenta Dolce e del Baldino, due piatti tipici della tradizione locale ottenuti con le castagne raccolte nei boschi circostanti. La manifestazione \u00e8 animata dalla presenza di stand enogastronomici che proporranno ai visitatori i prodotti tipici del territorio.<\/p>\n<hr \/>\n<div class=\"article_container\"><h2 class=\"shortcode_title\">Charming home nelle vicinanze<\/h2><div class=\"listinglink-wrapper\">\n                           <a href=\"https:\/\/www.charminly.com\/listings\/relais-country-houses-en\/\"> <span class=\"wpresidence_button\"> more listings <\/span><\/a>\n                       <\/div><\/div>\n","protected":false},"excerpt":{"rendered":"<p>In provincia di Arezzo, Toscana, potrete partecipare alle feste e alle sagre organizzate in questo splendido territorio. CORSA DEL SARACINO La Corsa del Saracino e un\u2019immancabile appuntamento tra storia e folklore che ogni anno a settembre, si svolge nella citt\u00e0 di Talla e vede gareggiare cavalieri in rappresentanza del proprio capoluogo. La sfida a cavallo si svolge nella parte sportiva della citt\u00e0, mentre l\u2019intera &#8230;<\/p>\n","protected":false},"author":8,"featured_media":24828,"comment_status":"closed","ping_status":"closed","sticky":false,"template":"","format":"standard","meta":{"_acf_changed":false,"footnotes":""},"categories":[144],"tags":[612,576],"class_list":["post-24824","post","type-post","status-publish","format-standard","has-post-thumbnail","hentry","category-feste-tradizioni-arti-e-mestieri","tag-cosa-fare-in-toscana","tag-what-to-do-in-tuscany"],"acf":[],"yoast_head":"<!-- This site is optimized with the Yoast SEO plugin v23.9 - https:\/\/yoast.com\/wordpress\/plugins\/seo\/ -->\n<title>Polenta, uva e tartufo tra i protagonisti delle sagre del Casentino, in Toscana<\/title>\n<meta name=\"description\" content=\"In provincia di Arezzo, Toscana, potrete partecipare alle feste e alle sagre organizzate in questo splendido territorio.\" \/>\n<meta name=\"robots\" content=\"index, follow, max-snippet:-1, max-image-preview:large, max-video-preview:-1\" \/>\n<link rel=\"canonical\" href=\"https:\/\/www.charminly.com\/it\/polenta-uva-e-tartufo-tra-i-protagonisti-delle-sagre-del-casentino-in-toscana\/\" \/>\n<meta property=\"og:locale\" content=\"it_IT\" \/>\n<meta property=\"og:type\" content=\"article\" \/>\n<meta property=\"og:title\" content=\"Polenta, uva e tartufo tra i protagonisti delle sagre del Casentino, in Toscana\" \/>\n<meta property=\"og:description\" content=\"In provincia di Arezzo, Toscana, potrete partecipare alle feste e alle sagre organizzate in questo splendido territorio.\" \/>\n<meta property=\"og:url\" content=\"https:\/\/www.charminly.com\/it\/polenta-uva-e-tartufo-tra-i-protagonisti-delle-sagre-del-casentino-in-toscana\/\" \/>\n<meta property=\"article:publisher\" content=\"https:\/\/www.facebook.com\/charminlyitalia\/\" \/>\n<meta property=\"article:published_time\" content=\"2018-02-06T15:30:07+00:00\" \/>\n<meta property=\"article:modified_time\" content=\"2020-01-16T10:10:54+00:00\" \/>\n<meta property=\"og:image\" content=\"https:\/\/www.charminly.com\/wp-content\/uploads\/2018\/02\/arezzoora-corsa-del-saracino.jpg\" \/>\n\t<meta property=\"og:image:width\" content=\"1024\" \/>\n\t<meta property=\"og:image:height\" content=\"661\" \/>\n\t<meta property=\"og:image:type\" content=\"image\/jpeg\" \/>\n<meta name=\"author\" content=\"Diego Lopez\" \/>\n<meta name=\"twitter:card\" content=\"summary_large_image\" \/>\n<meta name=\"twitter:creator\" content=\"@charminly_com\" \/>\n<meta name=\"twitter:site\" content=\"@charminly_com\" \/>\n<meta name=\"twitter:label1\" content=\"Scritto da\" \/>\n\t<meta name=\"twitter:data1\" content=\"Diego Lopez\" \/>\n\t<meta name=\"twitter:label2\" content=\"Tempo di lettura stimato\" \/>\n\t<meta name=\"twitter:data2\" content=\"3 minuti\" \/>\n<script type=\"application\/ld+json\" class=\"yoast-schema-graph\">{\"@context\":\"https:\/\/schema.org\",\"@graph\":[{\"@type\":\"Article\",\"@id\":\"https:\/\/www.charminly.com\/it\/polenta-uva-e-tartufo-tra-i-protagonisti-delle-sagre-del-casentino-in-toscana\/#article\",\"isPartOf\":{\"@id\":\"https:\/\/www.charminly.com\/it\/polenta-uva-e-tartufo-tra-i-protagonisti-delle-sagre-del-casentino-in-toscana\/\"},\"author\":{\"name\":\"Diego Lopez\",\"@id\":\"https:\/\/www.charminly.com\/it\/#\/schema\/person\/a0049237ce2033e65ea5c870d5f0ac43\"},\"headline\":\"Polenta, uva e tartufo tra i protagonisti delle sagre del Casentino, in Toscana\",\"datePublished\":\"2018-02-06T15:30:07+00:00\",\"dateModified\":\"2020-01-16T10:10:54+00:00\",\"mainEntityOfPage\":{\"@id\":\"https:\/\/www.charminly.com\/it\/polenta-uva-e-tartufo-tra-i-protagonisti-delle-sagre-del-casentino-in-toscana\/\"},\"wordCount\":541,\"publisher\":{\"@id\":\"https:\/\/www.charminly.com\/it\/#organization\"},\"image\":{\"@id\":\"https:\/\/www.charminly.com\/it\/polenta-uva-e-tartufo-tra-i-protagonisti-delle-sagre-del-casentino-in-toscana\/#primaryimage\"},\"thumbnailUrl\":\"https:\/\/www.charminly.com\/wp-content\/uploads\/2018\/02\/arezzoora-corsa-del-saracino.jpg\",\"keywords\":[\"Cosa fare in Toscana\",\"What to do in Tuscany\"],\"articleSection\":[\"Feste, tradizioni, arti e mestieri\"],\"inLanguage\":\"it-IT\"},{\"@type\":\"WebPage\",\"@id\":\"https:\/\/www.charminly.com\/it\/polenta-uva-e-tartufo-tra-i-protagonisti-delle-sagre-del-casentino-in-toscana\/\",\"url\":\"https:\/\/www.charminly.com\/it\/polenta-uva-e-tartufo-tra-i-protagonisti-delle-sagre-del-casentino-in-toscana\/\",\"name\":\"Polenta, uva e tartufo tra i protagonisti delle sagre del Casentino, in Toscana\",\"isPartOf\":{\"@id\":\"https:\/\/www.charminly.com\/it\/#website\"},\"primaryImageOfPage\":{\"@id\":\"https:\/\/www.charminly.com\/it\/polenta-uva-e-tartufo-tra-i-protagonisti-delle-sagre-del-casentino-in-toscana\/#primaryimage\"},\"image\":{\"@id\":\"https:\/\/www.charminly.com\/it\/polenta-uva-e-tartufo-tra-i-protagonisti-delle-sagre-del-casentino-in-toscana\/#primaryimage\"},\"thumbnailUrl\":\"https:\/\/www.charminly.com\/wp-content\/uploads\/2018\/02\/arezzoora-corsa-del-saracino.jpg\",\"datePublished\":\"2018-02-06T15:30:07+00:00\",\"dateModified\":\"2020-01-16T10:10:54+00:00\",\"description\":\"In provincia di Arezzo, Toscana, potrete partecipare alle feste e alle sagre organizzate in questo splendido territorio.\",\"breadcrumb\":{\"@id\":\"https:\/\/www.charminly.com\/it\/polenta-uva-e-tartufo-tra-i-protagonisti-delle-sagre-del-casentino-in-toscana\/#breadcrumb\"},\"inLanguage\":\"it-IT\",\"potentialAction\":[{\"@type\":\"ReadAction\",\"target\":[\"https:\/\/www.charminly.com\/it\/polenta-uva-e-tartufo-tra-i-protagonisti-delle-sagre-del-casentino-in-toscana\/\"]}]},{\"@type\":\"ImageObject\",\"inLanguage\":\"it-IT\",\"@id\":\"https:\/\/www.charminly.com\/it\/polenta-uva-e-tartufo-tra-i-protagonisti-delle-sagre-del-casentino-in-toscana\/#primaryimage\",\"url\":\"https:\/\/www.charminly.com\/wp-content\/uploads\/2018\/02\/arezzoora-corsa-del-saracino.jpg\",\"contentUrl\":\"https:\/\/www.charminly.com\/wp-content\/uploads\/2018\/02\/arezzoora-corsa-del-saracino.jpg\",\"width\":1024,\"height\":661,\"caption\":\"Corsa del Saracino, arezzoora.it\"},{\"@type\":\"BreadcrumbList\",\"@id\":\"https:\/\/www.charminly.com\/it\/polenta-uva-e-tartufo-tra-i-protagonisti-delle-sagre-del-casentino-in-toscana\/#breadcrumb\",\"itemListElement\":[{\"@type\":\"ListItem\",\"position\":1,\"name\":\"Home\",\"item\":\"https:\/\/www.charminly.com\/it\/\"},{\"@type\":\"ListItem\",\"position\":2,\"name\":\"Cosa fare in Toscana\",\"item\":\"https:\/\/www.charminly.com\/it\/tag\/cosa-fare-in-toscana\/\"},{\"@type\":\"ListItem\",\"position\":3,\"name\":\"Polenta, uva e tartufo tra i protagonisti delle sagre del Casentino, in Toscana\"}]},{\"@type\":\"WebSite\",\"@id\":\"https:\/\/www.charminly.com\/it\/#website\",\"url\":\"https:\/\/www.charminly.com\/it\/\",\"name\":\"\",\"description\":\"\",\"publisher\":{\"@id\":\"https:\/\/www.charminly.com\/it\/#organization\"},\"potentialAction\":[{\"@type\":\"SearchAction\",\"target\":{\"@type\":\"EntryPoint\",\"urlTemplate\":\"https:\/\/www.charminly.com\/it\/?s={search_term_string}\"},\"query-input\":{\"@type\":\"PropertyValueSpecification\",\"valueRequired\":true,\"valueName\":\"search_term_string\"}}],\"inLanguage\":\"it-IT\"},{\"@type\":\"Organization\",\"@id\":\"https:\/\/www.charminly.com\/it\/#organization\",\"name\":\"Charminly.com\",\"url\":\"https:\/\/www.charminly.com\/it\/\",\"logo\":{\"@type\":\"ImageObject\",\"inLanguage\":\"it-IT\",\"@id\":\"https:\/\/www.charminly.com\/it\/#\/schema\/logo\/image\/\",\"url\":\"https:\/\/www.charminly.com\/wp-content\/uploads\/2014\/10\/logo.png\",\"contentUrl\":\"https:\/\/www.charminly.com\/wp-content\/uploads\/2014\/10\/logo.png\",\"width\":264,\"height\":115,\"caption\":\"Charminly.com\"},\"image\":{\"@id\":\"https:\/\/www.charminly.com\/it\/#\/schema\/logo\/image\/\"},\"sameAs\":[\"https:\/\/www.facebook.com\/charminlyitalia\/\",\"https:\/\/x.com\/charminly_com\"]},{\"@type\":\"Person\",\"@id\":\"https:\/\/www.charminly.com\/it\/#\/schema\/person\/a0049237ce2033e65ea5c870d5f0ac43\",\"name\":\"Diego Lopez\",\"image\":{\"@type\":\"ImageObject\",\"inLanguage\":\"it-IT\",\"@id\":\"https:\/\/www.charminly.com\/it\/#\/schema\/person\/image\/\",\"url\":\"https:\/\/secure.gravatar.com\/avatar\/53db53bbeb69f4981e38488a46e5a1cc?s=96&d=mm&r=g\",\"contentUrl\":\"https:\/\/secure.gravatar.com\/avatar\/53db53bbeb69f4981e38488a46e5a1cc?s=96&d=mm&r=g\",\"caption\":\"Diego Lopez\"},\"url\":\"https:\/\/www.charminly.com\/it\/author\/diego8\/\"}]}<\/script>\n<!-- \/ Yoast SEO plugin. -->","yoast_head_json":{"title":"Polenta, uva e tartufo tra i protagonisti delle sagre del Casentino, in Toscana","description":"In provincia di Arezzo, Toscana, potrete partecipare alle feste e alle sagre organizzate in questo splendido territorio.","robots":{"index":"index","follow":"follow","max-snippet":"max-snippet:-1","max-image-preview":"max-image-preview:large","max-video-preview":"max-video-preview:-1"},"canonical":"https:\/\/www.charminly.com\/it\/polenta-uva-e-tartufo-tra-i-protagonisti-delle-sagre-del-casentino-in-toscana\/","og_locale":"it_IT","og_type":"article","og_title":"Polenta, uva e tartufo tra i protagonisti delle sagre del Casentino, in Toscana","og_description":"In provincia di Arezzo, Toscana, potrete partecipare alle feste e alle sagre organizzate in questo splendido territorio.","og_url":"https:\/\/www.charminly.com\/it\/polenta-uva-e-tartufo-tra-i-protagonisti-delle-sagre-del-casentino-in-toscana\/","article_publisher":"https:\/\/www.facebook.com\/charminlyitalia\/","article_published_time":"2018-02-06T15:30:07+00:00","article_modified_time":"2020-01-16T10:10:54+00:00","og_image":[{"width":1024,"height":661,"url":"https:\/\/www.charminly.com\/wp-content\/uploads\/2018\/02\/arezzoora-corsa-del-saracino.jpg","type":"image\/jpeg"}],"author":"Diego Lopez","twitter_card":"summary_large_image","twitter_creator":"@charminly_com","twitter_site":"@charminly_com","twitter_misc":{"Scritto da":"Diego Lopez","Tempo di lettura stimato":"3 minuti"},"schema":{"@context":"https:\/\/schema.org","@graph":[{"@type":"Article","@id":"https:\/\/www.charminly.com\/it\/polenta-uva-e-tartufo-tra-i-protagonisti-delle-sagre-del-casentino-in-toscana\/#article","isPartOf":{"@id":"https:\/\/www.charminly.com\/it\/polenta-uva-e-tartufo-tra-i-protagonisti-delle-sagre-del-casentino-in-toscana\/"},"author":{"name":"Diego Lopez","@id":"https:\/\/www.charminly.com\/it\/#\/schema\/person\/a0049237ce2033e65ea5c870d5f0ac43"},"headline":"Polenta, uva e tartufo tra i protagonisti delle sagre del Casentino, in Toscana","datePublished":"2018-02-06T15:30:07+00:00","dateModified":"2020-01-16T10:10:54+00:00","mainEntityOfPage":{"@id":"https:\/\/www.charminly.com\/it\/polenta-uva-e-tartufo-tra-i-protagonisti-delle-sagre-del-casentino-in-toscana\/"},"wordCount":541,"publisher":{"@id":"https:\/\/www.charminly.com\/it\/#organization"},"image":{"@id":"https:\/\/www.charminly.com\/it\/polenta-uva-e-tartufo-tra-i-protagonisti-delle-sagre-del-casentino-in-toscana\/#primaryimage"},"thumbnailUrl":"https:\/\/www.charminly.com\/wp-content\/uploads\/2018\/02\/arezzoora-corsa-del-saracino.jpg","keywords":["Cosa fare in Toscana","What to do in Tuscany"],"articleSection":["Feste, tradizioni, arti e mestieri"],"inLanguage":"it-IT"},{"@type":"WebPage","@id":"https:\/\/www.charminly.com\/it\/polenta-uva-e-tartufo-tra-i-protagonisti-delle-sagre-del-casentino-in-toscana\/","url":"https:\/\/www.charminly.com\/it\/polenta-uva-e-tartufo-tra-i-protagonisti-delle-sagre-del-casentino-in-toscana\/","name":"Polenta, uva e tartufo tra i protagonisti delle sagre del Casentino, in Toscana","isPartOf":{"@id":"https:\/\/www.charminly.com\/it\/#website"},"primaryImageOfPage":{"@id":"https:\/\/www.charminly.com\/it\/polenta-uva-e-tartufo-tra-i-protagonisti-delle-sagre-del-casentino-in-toscana\/#primaryimage"},"image":{"@id":"https:\/\/www.charminly.com\/it\/polenta-uva-e-tartufo-tra-i-protagonisti-delle-sagre-del-casentino-in-toscana\/#primaryimage"},"thumbnailUrl":"https:\/\/www.charminly.com\/wp-content\/uploads\/2018\/02\/arezzoora-corsa-del-saracino.jpg","datePublished":"2018-02-06T15:30:07+00:00","dateModified":"2020-01-16T10:10:54+00:00","description":"In provincia di Arezzo, Toscana, potrete partecipare alle feste e alle sagre organizzate in questo splendido territorio.","breadcrumb":{"@id":"https:\/\/www.charminly.com\/it\/polenta-uva-e-tartufo-tra-i-protagonisti-delle-sagre-del-casentino-in-toscana\/#breadcrumb"},"inLanguage":"it-IT","potentialAction":[{"@type":"ReadAction","target":["https:\/\/www.charminly.com\/it\/polenta-uva-e-tartufo-tra-i-protagonisti-delle-sagre-del-casentino-in-toscana\/"]}]},{"@type":"ImageObject","inLanguage":"it-IT","@id":"https:\/\/www.charminly.com\/it\/polenta-uva-e-tartufo-tra-i-protagonisti-delle-sagre-del-casentino-in-toscana\/#primaryimage","url":"https:\/\/www.charminly.com\/wp-content\/uploads\/2018\/02\/arezzoora-corsa-del-saracino.jpg","contentUrl":"https:\/\/www.charminly.com\/wp-content\/uploads\/2018\/02\/arezzoora-corsa-del-saracino.jpg","width":1024,"height":661,"caption":"Corsa del Saracino, arezzoora.it"},{"@type":"BreadcrumbList","@id":"https:\/\/www.charminly.com\/it\/polenta-uva-e-tartufo-tra-i-protagonisti-delle-sagre-del-casentino-in-toscana\/#breadcrumb","itemListElement":[{"@type":"ListItem","position":1,"name":"Home","item":"https:\/\/www.charminly.com\/it\/"},{"@type":"ListItem","position":2,"name":"Cosa fare in Toscana","item":"https:\/\/www.charminly.com\/it\/tag\/cosa-fare-in-toscana\/"},{"@type":"ListItem","position":3,"name":"Polenta, uva e tartufo tra i protagonisti delle sagre del Casentino, in Toscana"}]},{"@type":"WebSite","@id":"https:\/\/www.charminly.com\/it\/#website","url":"https:\/\/www.charminly.com\/it\/","name":"","description":"","publisher":{"@id":"https:\/\/www.charminly.com\/it\/#organization"},"potentialAction":[{"@type":"SearchAction","target":{"@type":"EntryPoint","urlTemplate":"https:\/\/www.charminly.com\/it\/?s={search_term_string}"},"query-input":{"@type":"PropertyValueSpecification","valueRequired":true,"valueName":"search_term_string"}}],"inLanguage":"it-IT"},{"@type":"Organization","@id":"https:\/\/www.charminly.com\/it\/#organization","name":"Charminly.com","url":"https:\/\/www.charminly.com\/it\/","logo":{"@type":"ImageObject","inLanguage":"it-IT","@id":"https:\/\/www.charminly.com\/it\/#\/schema\/logo\/image\/","url":"https:\/\/www.charminly.com\/wp-content\/uploads\/2014\/10\/logo.png","contentUrl":"https:\/\/www.charminly.com\/wp-content\/uploads\/2014\/10\/logo.png","width":264,"height":115,"caption":"Charminly.com"},"image":{"@id":"https:\/\/www.charminly.com\/it\/#\/schema\/logo\/image\/"},"sameAs":["https:\/\/www.facebook.com\/charminlyitalia\/","https:\/\/x.com\/charminly_com"]},{"@type":"Person","@id":"https:\/\/www.charminly.com\/it\/#\/schema\/person\/a0049237ce2033e65ea5c870d5f0ac43","name":"Diego Lopez","image":{"@type":"ImageObject","inLanguage":"it-IT","@id":"https:\/\/www.charminly.com\/it\/#\/schema\/person\/image\/","url":"https:\/\/secure.gravatar.com\/avatar\/53db53bbeb69f4981e38488a46e5a1cc?s=96&d=mm&r=g","contentUrl":"https:\/\/secure.gravatar.com\/avatar\/53db53bbeb69f4981e38488a46e5a1cc?s=96&d=mm&r=g","caption":"Diego Lopez"},"url":"https:\/\/www.charminly.com\/it\/author\/diego8\/"}]}},"_links":{"self":[{"href":"https:\/\/www.charminly.com\/it\/wp-json\/wp\/v2\/posts\/24824","targetHints":{"allow":["GET"]}}],"collection":[{"href":"https:\/\/www.charminly.com\/it\/wp-json\/wp\/v2\/posts"}],"about":[{"href":"https:\/\/www.charminly.com\/it\/wp-json\/wp\/v2\/types\/post"}],"author":[{"embeddable":true,"href":"https:\/\/www.charminly.com\/it\/wp-json\/wp\/v2\/users\/8"}],"replies":[{"embeddable":true,"href":"https:\/\/www.charminly.com\/it\/wp-json\/wp\/v2\/comments?post=24824"}],"version-history":[{"count":0,"href":"https:\/\/www.charminly.com\/it\/wp-json\/wp\/v2\/posts\/24824\/revisions"}],"wp:featuredmedia":[{"embeddable":true,"href":"https:\/\/www.charminly.com\/it\/wp-json\/wp\/v2\/media\/24828"}],"wp:attachment":[{"href":"https:\/\/www.charminly.com\/it\/wp-json\/wp\/v2\/media?parent=24824"}],"wp:term":[{"taxonomy":"category","embeddable":true,"href":"https:\/\/www.charminly.com\/it\/wp-json\/wp\/v2\/categories?post=24824"},{"taxonomy":"post_tag","embeddable":true,"href":"https:\/\/www.charminly.com\/it\/wp-json\/wp\/v2\/tags?post=24824"}],"curies":[{"name":"wp","href":"https:\/\/api.w.org\/{rel}","templated":true}]}}