{"id":24454,"date":"2018-02-03T09:58:56","date_gmt":"2018-02-03T08:58:56","guid":{"rendered":"https:\/\/www.charminly.com\/?p=24454"},"modified":"2020-01-16T10:33:00","modified_gmt":"2020-01-16T09:33:00","slug":"dallepoca-greco-romana-alle-signorie-il-patrimonio-storico-della-provincia-di-ancona-nelle-marche","status":"publish","type":"post","link":"https:\/\/www.charminly.com\/it\/dallepoca-greco-romana-alle-signorie-il-patrimonio-storico-della-provincia-di-ancona-nelle-marche\/","title":{"rendered":"Dall\u2019epoca greco-romana alle Signorie, il patrimonio storico della provincia di Ancona, nelle Marche"},"content":{"rendered":"<p>Prenotando la vostra vacanza presso <a href=\"https:\/\/www.charminly.com\/it\/properties\/filodivino-it\/\"><strong>Filodivino<\/strong><\/a>, che si trova a <strong>San Marcello<\/strong> in provincia di <strong>Ancona<\/strong>, nelle <a href=\"https:\/\/www.charminly.com\/it\/region\/marche-it\/\"><strong>Marche<\/strong><\/a> potrete conoscere il patrimonio storico e culturale di questa splendida regione.<\/p>\n<h3><strong>ANCONA<\/strong><\/h3>\n<p>L\u2019<strong>Acropoli Dorica <\/strong>di Ancona \u00e8 la parte pi\u00f9 antica della citt\u00e0, situata sul colle Guasco era occupata dal tempio di Venere. Oggi vi sorge il Duomo\u00a0 dedicato a San Ciriaco.<\/p>\n<p>La <strong>Cattedrale di San Ciriaco<\/strong> domina tutta la citt\u00e0. In essa si fonde lo stile romanico con quello bizantino e questo connubio, evidente nelle decorazioni e nella pianta, la rende uno dei monumenti pi\u00f9 caratteristici di Ancona.<\/p>\n<p>Un altro monumento da visitare assolutamente \u00e8\u00a0 l\u2019<strong>Arco di Traiano<\/strong> le cui proporzioni slanciate ed eleganti lo rendono uno dei monumenti pi\u00f9 particolari della\u00a0 citt\u00e0. Fatto costruire dall\u2019 imperatore Traiano nel 1\u00b0 secolo, l\u2019Arco si affaccia sul molo del porto di Ancona.<\/p>\n<p>Situata anch&#8217;essa vicino al molo e da sempre fulcro degli scambi mercantili, fondamentali per la citt\u00e0 di Ancona, la <strong>Loggia dei Mercanti<\/strong> fu costruita nel 1442 e venne destinata alle riunioni e alle contrattazioni dei mercanti.<\/p>\n<div id=\"attachment_24556\" style=\"width: 1034px\" class=\"wp-caption alignnone\"><a href=\"https:\/\/www.charminly.com\/wp-content\/uploads\/2018\/02\/Cattedrale_di_San_Ciriaco_Ancona.jpg\"><img loading=\"lazy\" decoding=\"async\" aria-describedby=\"caption-attachment-24556\" class=\"size-full wp-image-24556\" src=\"https:\/\/www.charminly.com\/wp-content\/uploads\/2018\/02\/Cattedrale_di_San_Ciriaco_Ancona.jpg\" alt=\"\" width=\"1024\" height=\"768\" srcset=\"https:\/\/www.charminly.com\/wp-content\/uploads\/2018\/02\/Cattedrale_di_San_Ciriaco_Ancona.jpg 1024w, https:\/\/www.charminly.com\/wp-content\/uploads\/2018\/02\/Cattedrale_di_San_Ciriaco_Ancona-300x225.jpg 300w, https:\/\/www.charminly.com\/wp-content\/uploads\/2018\/02\/Cattedrale_di_San_Ciriaco_Ancona-768x576.jpg 768w\" sizes=\"auto, (max-width: 1024px) 100vw, 1024px\" \/><\/a><p id=\"caption-attachment-24556\" class=\"wp-caption-text\">Cattedrale di San Ciriaco<\/p><\/div>\n<h3><strong>JESI<\/strong><\/h3>\n<p>Uno dei palazzi pi\u00f9 importanti delle Marche, situato nella parte pi\u00f9 alta della citt\u00e0 di Jesi, \u00e8 il <strong>Palazzo della Signoria <\/strong>che si presenta come una costruzione a parallelepipedo e rispecchia uno stile rinascimentale.<\/p>\n<p>A Jesi il Palazzo Pianetti \u00e8 la sede della <strong>Pinacoteca Civica <\/strong>e rappresenta una importante testimonianza dell\u2019 architettura settecentesca. Tra le opere pi\u00f9 importanti troviamo quelle di Lorenzo Lotto e di Guttuso.<\/p>\n<p>Uno spazio teatrale che fosse all&#8217;altezza delle rappresentazioni, fu il motivo per cui venne sostituito il\u00a0 Teatro del Leone.\u00a0 Il nuovo teatro, chiamato in origine Teatro della Concordia, prese il suo posto e solo nel 1883 venne chiamato \u201cGiovanni Battista Pergolesi\u201d, in omaggio al celebre compositore a cui Jesi diede i natali .<\/p>\n<h3><strong>SENIGALLIA<\/strong><\/h3>\n<p>La <strong>Rocca Roveresca <\/strong>di Senigallia, prende il nome da Giovanni Della Rovere, signore di Senigallia fino al 1501. Uno dei monumenti pi\u00f9 importanti della citt\u00e0,\u00a0 gestito dal Polo Musicale delle Marche, \u00e8 caratterizzato da 4 imponenti torrioni uniti dalle mura perfettamente conservate.<\/p>\n<p>Monsignor Giuseppe Maria Ercolani progett\u00f2 e diede il nome ai bellissimi <strong>Portici Ercolani<\/strong>. Lo scopo dei Portici era quello di ospitare la fiera della Maddalena, che si teneva ogni anno.<\/p>\n<div id=\"attachment_24560\" style=\"width: 1034px\" class=\"wp-caption alignnone\"><a href=\"https:\/\/www.charminly.com\/wp-content\/uploads\/2018\/02\/Senigallia-rocca01.jpg\"><img loading=\"lazy\" decoding=\"async\" aria-describedby=\"caption-attachment-24560\" class=\"size-full wp-image-24560\" src=\"https:\/\/www.charminly.com\/wp-content\/uploads\/2018\/02\/Senigallia-rocca01.jpg\" alt=\"\" width=\"1024\" height=\"681\" srcset=\"https:\/\/www.charminly.com\/wp-content\/uploads\/2018\/02\/Senigallia-rocca01.jpg 1024w, https:\/\/www.charminly.com\/wp-content\/uploads\/2018\/02\/Senigallia-rocca01-300x200.jpg 300w, https:\/\/www.charminly.com\/wp-content\/uploads\/2018\/02\/Senigallia-rocca01-768x511.jpg 768w, https:\/\/www.charminly.com\/wp-content\/uploads\/2018\/02\/Senigallia-rocca01-105x70.jpg 105w\" sizes=\"auto, (max-width: 1024px) 100vw, 1024px\" \/><\/a><p id=\"caption-attachment-24560\" class=\"wp-caption-text\">Rocca Senigallia<\/p><\/div>\n<h3><strong>MONDOLFO<\/strong><\/h3>\n<p>Meglio conosciuta come complesso monumentale di S.Agostino, situata poco distante dal Castello di Mondolfo , la <strong>Chiesa di Santa Maria del Soccorso<\/strong> era gi\u00e0 presente nel \u2018200 e ospit\u00f2 gli Agostiniani. Col tempo la chiesa venne ampliata\u00a0 fino a comprendere il convento e il chiostro, e un appezzamento di terreno tutto intorno dedicato agli orti. Nel chiostro del seicento possiamo ammirare le lunette con gli affreschi dedicati alla vita di Sant\u2019Agostino.<\/p>\n<h3><strong>MONDAVIO<\/strong><\/h3>\n<p>Situata in un luogo poco distante dal centro storico di Mondavio, la <strong>Chiesa di Santa Maria della Quercia<\/strong>, risale al 1521 . \u00c8 una Costruzione molto piccola costituita nella parte frontale da un portico formato da 3 archi a tutto sesto. Mentre al \u00a0suo interno sono presenti 3 altari e diversi affreschi risalenti al 1535 che rappresentano la Madonna col bambino, il crocifisso, i Santi Pietro e Paolo.<\/p>\n<hr \/>\n<div class=\"article_container\"><h2 class=\"shortcode_title\">Charming home nelle vicinanze<\/h2><div class=\"listinglink-wrapper\">\n                           <a href=\"https:\/\/www.charminly.com\/listings\/relais-country-houses-en\/\"> <span class=\"wpresidence_button\"> more listings <\/span><\/a>\n                       <\/div><\/div>\n","protected":false},"excerpt":{"rendered":"<p>Prenotando la vostra vacanza presso Filodivino, che si trova a San Marcello in provincia di Ancona, nelle Marche potrete conoscere il patrimonio storico e culturale di questa splendida regione. ANCONA L\u2019Acropoli Dorica di Ancona \u00e8 la parte pi\u00f9 antica della citt\u00e0, situata sul colle Guasco era occupata dal tempio di Venere. Oggi vi sorge il Duomo\u00a0 dedicato a San Ciriaco. La Cattedrale di San &#8230;<\/p>\n","protected":false},"author":8,"featured_media":24556,"comment_status":"closed","ping_status":"closed","sticky":false,"template":"","format":"standard","meta":{"_acf_changed":false,"footnotes":""},"categories":[142],"tags":[633],"class_list":["post-24454","post","type-post","status-publish","format-standard","has-post-thumbnail","hentry","category-arte-e-cultura","tag-cosa-vedere-nelle-marche"],"acf":[],"yoast_head":"<!-- This site is optimized with the Yoast SEO plugin v23.9 - https:\/\/yoast.com\/wordpress\/plugins\/seo\/ -->\n<title>Dall\u2019epoca greco-romana alle Signorie, il patrimonio storico della provincia di Ancona, nelle Marche<\/title>\n<meta name=\"description\" content=\"Prenotando la vostra vacanza presso Filodivino, che si trova a San Marcello in provincia di Ancona, nelle Marche potrete conoscere il patrimonio storico e culturale di questa splendida regione.\" \/>\n<meta name=\"robots\" content=\"index, follow, max-snippet:-1, max-image-preview:large, max-video-preview:-1\" \/>\n<link rel=\"canonical\" href=\"https:\/\/www.charminly.com\/it\/dallepoca-greco-romana-alle-signorie-il-patrimonio-storico-della-provincia-di-ancona-nelle-marche\/\" \/>\n<meta property=\"og:locale\" content=\"it_IT\" \/>\n<meta property=\"og:type\" content=\"article\" \/>\n<meta property=\"og:title\" content=\"Dall\u2019epoca greco-romana alle Signorie, il patrimonio storico della provincia di Ancona, nelle Marche\" \/>\n<meta property=\"og:description\" content=\"Prenotando la vostra vacanza presso Filodivino, che si trova a San Marcello in provincia di Ancona, nelle Marche potrete conoscere il patrimonio storico e culturale di questa splendida regione.\" \/>\n<meta property=\"og:url\" content=\"https:\/\/www.charminly.com\/it\/dallepoca-greco-romana-alle-signorie-il-patrimonio-storico-della-provincia-di-ancona-nelle-marche\/\" \/>\n<meta property=\"article:publisher\" content=\"https:\/\/www.facebook.com\/charminlyitalia\/\" \/>\n<meta property=\"article:published_time\" content=\"2018-02-03T08:58:56+00:00\" \/>\n<meta property=\"article:modified_time\" content=\"2020-01-16T09:33:00+00:00\" \/>\n<meta property=\"og:image\" content=\"https:\/\/www.charminly.com\/wp-content\/uploads\/2018\/02\/Cattedrale_di_San_Ciriaco_Ancona.jpg\" \/>\n\t<meta property=\"og:image:width\" content=\"1024\" \/>\n\t<meta property=\"og:image:height\" content=\"768\" \/>\n\t<meta property=\"og:image:type\" content=\"image\/jpeg\" \/>\n<meta name=\"author\" content=\"Diego Lopez\" \/>\n<meta name=\"twitter:card\" content=\"summary_large_image\" \/>\n<meta name=\"twitter:creator\" content=\"@charminly_com\" \/>\n<meta name=\"twitter:site\" content=\"@charminly_com\" \/>\n<meta name=\"twitter:label1\" content=\"Scritto da\" \/>\n\t<meta name=\"twitter:data1\" content=\"Diego Lopez\" \/>\n\t<meta name=\"twitter:label2\" content=\"Tempo di lettura stimato\" \/>\n\t<meta name=\"twitter:data2\" content=\"3 minuti\" \/>\n<script type=\"application\/ld+json\" class=\"yoast-schema-graph\">{\"@context\":\"https:\/\/schema.org\",\"@graph\":[{\"@type\":\"Article\",\"@id\":\"https:\/\/www.charminly.com\/it\/dallepoca-greco-romana-alle-signorie-il-patrimonio-storico-della-provincia-di-ancona-nelle-marche\/#article\",\"isPartOf\":{\"@id\":\"https:\/\/www.charminly.com\/it\/dallepoca-greco-romana-alle-signorie-il-patrimonio-storico-della-provincia-di-ancona-nelle-marche\/\"},\"author\":{\"name\":\"Diego Lopez\",\"@id\":\"https:\/\/www.charminly.com\/it\/#\/schema\/person\/a0049237ce2033e65ea5c870d5f0ac43\"},\"headline\":\"Dall\u2019epoca greco-romana alle Signorie, il patrimonio storico della provincia di Ancona, nelle Marche\",\"datePublished\":\"2018-02-03T08:58:56+00:00\",\"dateModified\":\"2020-01-16T09:33:00+00:00\",\"mainEntityOfPage\":{\"@id\":\"https:\/\/www.charminly.com\/it\/dallepoca-greco-romana-alle-signorie-il-patrimonio-storico-della-provincia-di-ancona-nelle-marche\/\"},\"wordCount\":557,\"publisher\":{\"@id\":\"https:\/\/www.charminly.com\/it\/#organization\"},\"image\":{\"@id\":\"https:\/\/www.charminly.com\/it\/dallepoca-greco-romana-alle-signorie-il-patrimonio-storico-della-provincia-di-ancona-nelle-marche\/#primaryimage\"},\"thumbnailUrl\":\"https:\/\/www.charminly.com\/wp-content\/uploads\/2018\/02\/Cattedrale_di_San_Ciriaco_Ancona.jpg\",\"keywords\":[\"Cosa vedere nelle Marche\"],\"articleSection\":[\"Arte e cultura\"],\"inLanguage\":\"it-IT\"},{\"@type\":\"WebPage\",\"@id\":\"https:\/\/www.charminly.com\/it\/dallepoca-greco-romana-alle-signorie-il-patrimonio-storico-della-provincia-di-ancona-nelle-marche\/\",\"url\":\"https:\/\/www.charminly.com\/it\/dallepoca-greco-romana-alle-signorie-il-patrimonio-storico-della-provincia-di-ancona-nelle-marche\/\",\"name\":\"Dall\u2019epoca greco-romana alle Signorie, il patrimonio storico della provincia di Ancona, nelle Marche\",\"isPartOf\":{\"@id\":\"https:\/\/www.charminly.com\/it\/#website\"},\"primaryImageOfPage\":{\"@id\":\"https:\/\/www.charminly.com\/it\/dallepoca-greco-romana-alle-signorie-il-patrimonio-storico-della-provincia-di-ancona-nelle-marche\/#primaryimage\"},\"image\":{\"@id\":\"https:\/\/www.charminly.com\/it\/dallepoca-greco-romana-alle-signorie-il-patrimonio-storico-della-provincia-di-ancona-nelle-marche\/#primaryimage\"},\"thumbnailUrl\":\"https:\/\/www.charminly.com\/wp-content\/uploads\/2018\/02\/Cattedrale_di_San_Ciriaco_Ancona.jpg\",\"datePublished\":\"2018-02-03T08:58:56+00:00\",\"dateModified\":\"2020-01-16T09:33:00+00:00\",\"description\":\"Prenotando la vostra vacanza presso Filodivino, che si trova a San Marcello in provincia di Ancona, nelle Marche potrete conoscere il patrimonio storico e culturale di questa splendida regione.\",\"breadcrumb\":{\"@id\":\"https:\/\/www.charminly.com\/it\/dallepoca-greco-romana-alle-signorie-il-patrimonio-storico-della-provincia-di-ancona-nelle-marche\/#breadcrumb\"},\"inLanguage\":\"it-IT\",\"potentialAction\":[{\"@type\":\"ReadAction\",\"target\":[\"https:\/\/www.charminly.com\/it\/dallepoca-greco-romana-alle-signorie-il-patrimonio-storico-della-provincia-di-ancona-nelle-marche\/\"]}]},{\"@type\":\"ImageObject\",\"inLanguage\":\"it-IT\",\"@id\":\"https:\/\/www.charminly.com\/it\/dallepoca-greco-romana-alle-signorie-il-patrimonio-storico-della-provincia-di-ancona-nelle-marche\/#primaryimage\",\"url\":\"https:\/\/www.charminly.com\/wp-content\/uploads\/2018\/02\/Cattedrale_di_San_Ciriaco_Ancona.jpg\",\"contentUrl\":\"https:\/\/www.charminly.com\/wp-content\/uploads\/2018\/02\/Cattedrale_di_San_Ciriaco_Ancona.jpg\",\"width\":1024,\"height\":768,\"caption\":\"Cattedrale di San Ciriaco\"},{\"@type\":\"BreadcrumbList\",\"@id\":\"https:\/\/www.charminly.com\/it\/dallepoca-greco-romana-alle-signorie-il-patrimonio-storico-della-provincia-di-ancona-nelle-marche\/#breadcrumb\",\"itemListElement\":[{\"@type\":\"ListItem\",\"position\":1,\"name\":\"Home\",\"item\":\"https:\/\/www.charminly.com\/it\/\"},{\"@type\":\"ListItem\",\"position\":2,\"name\":\"Cosa vedere nelle Marche\",\"item\":\"https:\/\/www.charminly.com\/it\/tag\/cosa-vedere-nelle-marche\/\"},{\"@type\":\"ListItem\",\"position\":3,\"name\":\"Dall\u2019epoca greco-romana alle Signorie, il patrimonio storico della provincia di Ancona, nelle Marche\"}]},{\"@type\":\"WebSite\",\"@id\":\"https:\/\/www.charminly.com\/it\/#website\",\"url\":\"https:\/\/www.charminly.com\/it\/\",\"name\":\"\",\"description\":\"\",\"publisher\":{\"@id\":\"https:\/\/www.charminly.com\/it\/#organization\"},\"potentialAction\":[{\"@type\":\"SearchAction\",\"target\":{\"@type\":\"EntryPoint\",\"urlTemplate\":\"https:\/\/www.charminly.com\/it\/?s={search_term_string}\"},\"query-input\":{\"@type\":\"PropertyValueSpecification\",\"valueRequired\":true,\"valueName\":\"search_term_string\"}}],\"inLanguage\":\"it-IT\"},{\"@type\":\"Organization\",\"@id\":\"https:\/\/www.charminly.com\/it\/#organization\",\"name\":\"Charminly.com\",\"url\":\"https:\/\/www.charminly.com\/it\/\",\"logo\":{\"@type\":\"ImageObject\",\"inLanguage\":\"it-IT\",\"@id\":\"https:\/\/www.charminly.com\/it\/#\/schema\/logo\/image\/\",\"url\":\"https:\/\/www.charminly.com\/wp-content\/uploads\/2014\/10\/logo.png\",\"contentUrl\":\"https:\/\/www.charminly.com\/wp-content\/uploads\/2014\/10\/logo.png\",\"width\":264,\"height\":115,\"caption\":\"Charminly.com\"},\"image\":{\"@id\":\"https:\/\/www.charminly.com\/it\/#\/schema\/logo\/image\/\"},\"sameAs\":[\"https:\/\/www.facebook.com\/charminlyitalia\/\",\"https:\/\/x.com\/charminly_com\"]},{\"@type\":\"Person\",\"@id\":\"https:\/\/www.charminly.com\/it\/#\/schema\/person\/a0049237ce2033e65ea5c870d5f0ac43\",\"name\":\"Diego Lopez\",\"image\":{\"@type\":\"ImageObject\",\"inLanguage\":\"it-IT\",\"@id\":\"https:\/\/www.charminly.com\/it\/#\/schema\/person\/image\/\",\"url\":\"https:\/\/secure.gravatar.com\/avatar\/53db53bbeb69f4981e38488a46e5a1cc?s=96&d=mm&r=g\",\"contentUrl\":\"https:\/\/secure.gravatar.com\/avatar\/53db53bbeb69f4981e38488a46e5a1cc?s=96&d=mm&r=g\",\"caption\":\"Diego Lopez\"},\"url\":\"https:\/\/www.charminly.com\/it\/author\/diego8\/\"}]}<\/script>\n<!-- \/ Yoast SEO plugin. -->","yoast_head_json":{"title":"Dall\u2019epoca greco-romana alle Signorie, il patrimonio storico della provincia di Ancona, nelle Marche","description":"Prenotando la vostra vacanza presso Filodivino, che si trova a San Marcello in provincia di Ancona, nelle Marche potrete conoscere il patrimonio storico e culturale di questa splendida regione.","robots":{"index":"index","follow":"follow","max-snippet":"max-snippet:-1","max-image-preview":"max-image-preview:large","max-video-preview":"max-video-preview:-1"},"canonical":"https:\/\/www.charminly.com\/it\/dallepoca-greco-romana-alle-signorie-il-patrimonio-storico-della-provincia-di-ancona-nelle-marche\/","og_locale":"it_IT","og_type":"article","og_title":"Dall\u2019epoca greco-romana alle Signorie, il patrimonio storico della provincia di Ancona, nelle Marche","og_description":"Prenotando la vostra vacanza presso Filodivino, che si trova a San Marcello in provincia di Ancona, nelle Marche potrete conoscere il patrimonio storico e culturale di questa splendida regione.","og_url":"https:\/\/www.charminly.com\/it\/dallepoca-greco-romana-alle-signorie-il-patrimonio-storico-della-provincia-di-ancona-nelle-marche\/","article_publisher":"https:\/\/www.facebook.com\/charminlyitalia\/","article_published_time":"2018-02-03T08:58:56+00:00","article_modified_time":"2020-01-16T09:33:00+00:00","og_image":[{"width":1024,"height":768,"url":"https:\/\/www.charminly.com\/wp-content\/uploads\/2018\/02\/Cattedrale_di_San_Ciriaco_Ancona.jpg","type":"image\/jpeg"}],"author":"Diego Lopez","twitter_card":"summary_large_image","twitter_creator":"@charminly_com","twitter_site":"@charminly_com","twitter_misc":{"Scritto da":"Diego Lopez","Tempo di lettura stimato":"3 minuti"},"schema":{"@context":"https:\/\/schema.org","@graph":[{"@type":"Article","@id":"https:\/\/www.charminly.com\/it\/dallepoca-greco-romana-alle-signorie-il-patrimonio-storico-della-provincia-di-ancona-nelle-marche\/#article","isPartOf":{"@id":"https:\/\/www.charminly.com\/it\/dallepoca-greco-romana-alle-signorie-il-patrimonio-storico-della-provincia-di-ancona-nelle-marche\/"},"author":{"name":"Diego Lopez","@id":"https:\/\/www.charminly.com\/it\/#\/schema\/person\/a0049237ce2033e65ea5c870d5f0ac43"},"headline":"Dall\u2019epoca greco-romana alle Signorie, il patrimonio storico della provincia di Ancona, nelle Marche","datePublished":"2018-02-03T08:58:56+00:00","dateModified":"2020-01-16T09:33:00+00:00","mainEntityOfPage":{"@id":"https:\/\/www.charminly.com\/it\/dallepoca-greco-romana-alle-signorie-il-patrimonio-storico-della-provincia-di-ancona-nelle-marche\/"},"wordCount":557,"publisher":{"@id":"https:\/\/www.charminly.com\/it\/#organization"},"image":{"@id":"https:\/\/www.charminly.com\/it\/dallepoca-greco-romana-alle-signorie-il-patrimonio-storico-della-provincia-di-ancona-nelle-marche\/#primaryimage"},"thumbnailUrl":"https:\/\/www.charminly.com\/wp-content\/uploads\/2018\/02\/Cattedrale_di_San_Ciriaco_Ancona.jpg","keywords":["Cosa vedere nelle Marche"],"articleSection":["Arte e cultura"],"inLanguage":"it-IT"},{"@type":"WebPage","@id":"https:\/\/www.charminly.com\/it\/dallepoca-greco-romana-alle-signorie-il-patrimonio-storico-della-provincia-di-ancona-nelle-marche\/","url":"https:\/\/www.charminly.com\/it\/dallepoca-greco-romana-alle-signorie-il-patrimonio-storico-della-provincia-di-ancona-nelle-marche\/","name":"Dall\u2019epoca greco-romana alle Signorie, il patrimonio storico della provincia di Ancona, nelle Marche","isPartOf":{"@id":"https:\/\/www.charminly.com\/it\/#website"},"primaryImageOfPage":{"@id":"https:\/\/www.charminly.com\/it\/dallepoca-greco-romana-alle-signorie-il-patrimonio-storico-della-provincia-di-ancona-nelle-marche\/#primaryimage"},"image":{"@id":"https:\/\/www.charminly.com\/it\/dallepoca-greco-romana-alle-signorie-il-patrimonio-storico-della-provincia-di-ancona-nelle-marche\/#primaryimage"},"thumbnailUrl":"https:\/\/www.charminly.com\/wp-content\/uploads\/2018\/02\/Cattedrale_di_San_Ciriaco_Ancona.jpg","datePublished":"2018-02-03T08:58:56+00:00","dateModified":"2020-01-16T09:33:00+00:00","description":"Prenotando la vostra vacanza presso Filodivino, che si trova a San Marcello in provincia di Ancona, nelle Marche potrete conoscere il patrimonio storico e culturale di questa splendida regione.","breadcrumb":{"@id":"https:\/\/www.charminly.com\/it\/dallepoca-greco-romana-alle-signorie-il-patrimonio-storico-della-provincia-di-ancona-nelle-marche\/#breadcrumb"},"inLanguage":"it-IT","potentialAction":[{"@type":"ReadAction","target":["https:\/\/www.charminly.com\/it\/dallepoca-greco-romana-alle-signorie-il-patrimonio-storico-della-provincia-di-ancona-nelle-marche\/"]}]},{"@type":"ImageObject","inLanguage":"it-IT","@id":"https:\/\/www.charminly.com\/it\/dallepoca-greco-romana-alle-signorie-il-patrimonio-storico-della-provincia-di-ancona-nelle-marche\/#primaryimage","url":"https:\/\/www.charminly.com\/wp-content\/uploads\/2018\/02\/Cattedrale_di_San_Ciriaco_Ancona.jpg","contentUrl":"https:\/\/www.charminly.com\/wp-content\/uploads\/2018\/02\/Cattedrale_di_San_Ciriaco_Ancona.jpg","width":1024,"height":768,"caption":"Cattedrale di San Ciriaco"},{"@type":"BreadcrumbList","@id":"https:\/\/www.charminly.com\/it\/dallepoca-greco-romana-alle-signorie-il-patrimonio-storico-della-provincia-di-ancona-nelle-marche\/#breadcrumb","itemListElement":[{"@type":"ListItem","position":1,"name":"Home","item":"https:\/\/www.charminly.com\/it\/"},{"@type":"ListItem","position":2,"name":"Cosa vedere nelle Marche","item":"https:\/\/www.charminly.com\/it\/tag\/cosa-vedere-nelle-marche\/"},{"@type":"ListItem","position":3,"name":"Dall\u2019epoca greco-romana alle Signorie, il patrimonio storico della provincia di Ancona, nelle Marche"}]},{"@type":"WebSite","@id":"https:\/\/www.charminly.com\/it\/#website","url":"https:\/\/www.charminly.com\/it\/","name":"","description":"","publisher":{"@id":"https:\/\/www.charminly.com\/it\/#organization"},"potentialAction":[{"@type":"SearchAction","target":{"@type":"EntryPoint","urlTemplate":"https:\/\/www.charminly.com\/it\/?s={search_term_string}"},"query-input":{"@type":"PropertyValueSpecification","valueRequired":true,"valueName":"search_term_string"}}],"inLanguage":"it-IT"},{"@type":"Organization","@id":"https:\/\/www.charminly.com\/it\/#organization","name":"Charminly.com","url":"https:\/\/www.charminly.com\/it\/","logo":{"@type":"ImageObject","inLanguage":"it-IT","@id":"https:\/\/www.charminly.com\/it\/#\/schema\/logo\/image\/","url":"https:\/\/www.charminly.com\/wp-content\/uploads\/2014\/10\/logo.png","contentUrl":"https:\/\/www.charminly.com\/wp-content\/uploads\/2014\/10\/logo.png","width":264,"height":115,"caption":"Charminly.com"},"image":{"@id":"https:\/\/www.charminly.com\/it\/#\/schema\/logo\/image\/"},"sameAs":["https:\/\/www.facebook.com\/charminlyitalia\/","https:\/\/x.com\/charminly_com"]},{"@type":"Person","@id":"https:\/\/www.charminly.com\/it\/#\/schema\/person\/a0049237ce2033e65ea5c870d5f0ac43","name":"Diego Lopez","image":{"@type":"ImageObject","inLanguage":"it-IT","@id":"https:\/\/www.charminly.com\/it\/#\/schema\/person\/image\/","url":"https:\/\/secure.gravatar.com\/avatar\/53db53bbeb69f4981e38488a46e5a1cc?s=96&d=mm&r=g","contentUrl":"https:\/\/secure.gravatar.com\/avatar\/53db53bbeb69f4981e38488a46e5a1cc?s=96&d=mm&r=g","caption":"Diego Lopez"},"url":"https:\/\/www.charminly.com\/it\/author\/diego8\/"}]}},"_links":{"self":[{"href":"https:\/\/www.charminly.com\/it\/wp-json\/wp\/v2\/posts\/24454","targetHints":{"allow":["GET"]}}],"collection":[{"href":"https:\/\/www.charminly.com\/it\/wp-json\/wp\/v2\/posts"}],"about":[{"href":"https:\/\/www.charminly.com\/it\/wp-json\/wp\/v2\/types\/post"}],"author":[{"embeddable":true,"href":"https:\/\/www.charminly.com\/it\/wp-json\/wp\/v2\/users\/8"}],"replies":[{"embeddable":true,"href":"https:\/\/www.charminly.com\/it\/wp-json\/wp\/v2\/comments?post=24454"}],"version-history":[{"count":0,"href":"https:\/\/www.charminly.com\/it\/wp-json\/wp\/v2\/posts\/24454\/revisions"}],"wp:featuredmedia":[{"embeddable":true,"href":"https:\/\/www.charminly.com\/it\/wp-json\/wp\/v2\/media\/24556"}],"wp:attachment":[{"href":"https:\/\/www.charminly.com\/it\/wp-json\/wp\/v2\/media?parent=24454"}],"wp:term":[{"taxonomy":"category","embeddable":true,"href":"https:\/\/www.charminly.com\/it\/wp-json\/wp\/v2\/categories?post=24454"},{"taxonomy":"post_tag","embeddable":true,"href":"https:\/\/www.charminly.com\/it\/wp-json\/wp\/v2\/tags?post=24454"}],"curies":[{"name":"wp","href":"https:\/\/api.w.org\/{rel}","templated":true}]}}