{"id":22892,"date":"2017-11-10T15:05:03","date_gmt":"2017-11-10T14:05:03","guid":{"rendered":"https:\/\/www.charminly.com\/?p=22892"},"modified":"2020-01-15T18:00:44","modified_gmt":"2020-01-15T17:00:44","slug":"dalle-feste-popolari-allopera-lirica-gli-eventi-piu-belli-in-emilia-romagna","status":"publish","type":"post","link":"https:\/\/www.charminly.com\/it\/dalle-feste-popolari-allopera-lirica-gli-eventi-piu-belli-in-emilia-romagna\/","title":{"rendered":"Dalle feste popolari all&#8217;opera lirica,  gli eventi pi\u00f9 belli tra Emilia Romagna e Marche"},"content":{"rendered":"<p>In <strong><a href=\"https:\/\/www.charminly.com\/it\/region\/emilia-romagna-it\/\">Emilia Romagna<\/a><\/strong>, potete partecipare alle feste e alle rievocazioni storiche organizzate ogni anno in questa regione.<\/p>\n<h3>FESTA DEI FIORI<\/h3>\n<p>Nel mese di Aprile, a Cattolica, potrete partecipare alla Festa dei Fiori. Una bella occasione per dare il benvenuto alla primavera con una variopinta mostra mercato internazionale dedicata ai fiori e alle piante ornamentali. Gli stand saranno sistemati nelle vie del centro e trasformeranno la citt\u00e0 in un enorme giardino profumato. Per gli amanti del giardinaggio ci saranno anche tanti attrezzi e strumenti utili, oltre a consigli per la cura delle piante, la disposizione e le creazioni ornamentali in casa o all&#8217;aperto.<\/p>\n<h3>AL MENI<\/h3>\n<p>Nel mese di Giugno a Rimini, potrete partecipare alle iniziative di Al Meni. Si tratta di una mostra mercato di prodotti agricoli e artigianali. La mostra valorizza tutto ci\u00f2 che \u00e8 fatto a mano con procedimenti tradizionali. Ampio spazio sar\u00e0 dedicato al cibo, con la presenza di famosi Chef , e ad atti pratici di solidariet\u00e0 per donare il cibo a chi ne ha pi\u00f9 bisogno in un&#8217;ottica di limitazione dello spreco. Inoltre ci saranno tanti stand artigianali, dalle produzioni tradizionali fino agli ultimi progetti innovativi.<\/p>\n<div id=\"attachment_22896\" style=\"width: 1034px\" class=\"wp-caption alignnone\"><a href=\"https:\/\/www.charminly.com\/wp-content\/uploads\/2017\/11\/Al-meni-finedininglovers.jpg\"><img loading=\"lazy\" decoding=\"async\" aria-describedby=\"caption-attachment-22896\" class=\"size-full wp-image-22896\" src=\"https:\/\/www.charminly.com\/wp-content\/uploads\/2017\/11\/Al-meni-finedininglovers.jpg\" alt=\"\" width=\"1024\" height=\"683\" srcset=\"https:\/\/www.charminly.com\/wp-content\/uploads\/2017\/11\/Al-meni-finedininglovers.jpg 1024w, https:\/\/www.charminly.com\/wp-content\/uploads\/2017\/11\/Al-meni-finedininglovers-300x200.jpg 300w, https:\/\/www.charminly.com\/wp-content\/uploads\/2017\/11\/Al-meni-finedininglovers-768x512.jpg 768w, https:\/\/www.charminly.com\/wp-content\/uploads\/2017\/11\/Al-meni-finedininglovers-105x70.jpg 105w\" sizes=\"auto, (max-width: 1024px) 100vw, 1024px\" \/><\/a><p id=\"caption-attachment-22896\" class=\"wp-caption-text\">Al Meni, finedininglovers.it<\/p><\/div>\n<h3>CARNEVALE DI CERRETO<\/h3>\n<p>Nel mese di Aprile, a Cerreto di Saludecio, si svolge il Carnevale di Cerreto. La festa si organizza al Castello di Cerreto, e come richiede la tradizione questo carnevale viene in realt\u00e0 festeggiato in piena quaresima. Lo scopo dell&#8217;evento \u00e8 quello di \u201cbruciare l&#8217;inverno\u201d per dare il benvenuto alla primavera e affonda le sue radici nelle tradizioni contadine quando si cercava un buon auspicio per il raccolto.<\/p>\n<h3>LA NOTTE DELLE STREGHE<\/h3>\n<p>Nel mese di Giugno, a San Giovanni in Marignano, potrete partecipare alla Notte delle Streghe. La manifestazione si svolge in occasione della celebrazione per San Giovanni e per il solstizio d&#8217;estate, giornate nelle quali si sovrappongono festeggiamenti pagani e cristiani da molti secoli. Nel corso della notte potrete incontrare streghe intente a fare sortilegi, applaudire artisti di strada e mangiafuoco, partecipare ai balli e tanti altri riti, incluso uno spettacolare rogo.<\/p>\n<h3>NERO NOTTE TEATRO<\/h3>\n<p>Nel mese di luglio, a Saludecio, si svolge Nero Notte Teatro. Il festival dura due giorni ed \u00e8 dedicato al teatro Noir. La messa in scena delle opere avverr\u00e0 tra la suggestiva cornice del Castello di Meleto e gli angoli pi\u00f9 interessanti del borgo medievale.<\/p>\n<h3>FESTA DEL DUCA<\/h3>\n<p>Nel mese di Agosto, ad Urbino, potrete partecipare alla Festa del Duca. Saranno tre giornate ricche di eventi con spettacoli a teatro, rassegne musicali, gara di tiro con l&#8217;arco, duelli con armi da fuoco storiche, scherma, spettacoli comici, burattini, giullari, mostre mercato e laboratori. La festa si svolge in onore del duca Federico da Montefeltro, un mecenate che finanzi\u00f2 molte opere artistiche e culturali.<\/p>\n<div id=\"attachment_22899\" style=\"width: 1034px\" class=\"wp-caption alignnone\"><a href=\"https:\/\/www.charminly.com\/wp-content\/uploads\/2017\/11\/festa-del-duca-urbino-giornale.sm_.jpg\"><img loading=\"lazy\" decoding=\"async\" aria-describedby=\"caption-attachment-22899\" class=\"wp-image-22899 size-full\" src=\"https:\/\/www.charminly.com\/wp-content\/uploads\/2017\/11\/festa-del-duca-urbino-giornale.sm_.jpg\" alt=\"\" width=\"1024\" height=\"684\" srcset=\"https:\/\/www.charminly.com\/wp-content\/uploads\/2017\/11\/festa-del-duca-urbino-giornale.sm_.jpg 1024w, https:\/\/www.charminly.com\/wp-content\/uploads\/2017\/11\/festa-del-duca-urbino-giornale.sm_-300x200.jpg 300w, https:\/\/www.charminly.com\/wp-content\/uploads\/2017\/11\/festa-del-duca-urbino-giornale.sm_-768x513.jpg 768w, https:\/\/www.charminly.com\/wp-content\/uploads\/2017\/11\/festa-del-duca-urbino-giornale.sm_-105x70.jpg 105w\" sizes=\"auto, (max-width: 1024px) 100vw, 1024px\" \/><\/a><p id=\"caption-attachment-22899\" class=\"wp-caption-text\">Festa del Duca, giornale.sm<\/p><\/div>\n<h3>ROSSINI OPERA FESTIVAL<\/h3>\n<p>In Agosto a Pesaro, si svolge Rossini Opera Festival. Tra l&#8217;auditorium Pedrotti e il Teatro Rossini potrete assistere a vari concerti di musica classica. Il festival \u00e8 nato nel 1980 ed \u00e8 legato all&#8217;omonima Fondazione che si occupa di studi e ricerche sull&#8217;opera di Rossini.<\/p>\n<h3>PALIO DEL DAINO<\/h3>\n<p>Nel mese di Agosto a Mondaino, si volge il Palio del Daino. Giunto alla trentesima edizione,<br \/>\nil Palio ricorda gli eventi del 1459 quando Sigismondo Pandolfo Malatesta e Federico da Montefeltro firmano la pace che mette fine alla guerra tra le rispettive signorie. Per l&#8217;occasione ci saranno cortei medievali in costume, banchetti, mercati e musica.<\/p>\n<div id=\"attachment_22893\" style=\"width: 1034px\" class=\"wp-caption alignnone\"><a href=\"https:\/\/www.charminly.com\/wp-content\/uploads\/2017\/11\/palio-del-daino-bancavalconca.jpg\"><img loading=\"lazy\" decoding=\"async\" aria-describedby=\"caption-attachment-22893\" class=\"size-full wp-image-22893\" src=\"https:\/\/www.charminly.com\/wp-content\/uploads\/2017\/11\/palio-del-daino-bancavalconca.jpg\" alt=\"\" width=\"1024\" height=\"808\" srcset=\"https:\/\/www.charminly.com\/wp-content\/uploads\/2017\/11\/palio-del-daino-bancavalconca.jpg 1024w, https:\/\/www.charminly.com\/wp-content\/uploads\/2017\/11\/palio-del-daino-bancavalconca-300x237.jpg 300w, https:\/\/www.charminly.com\/wp-content\/uploads\/2017\/11\/palio-del-daino-bancavalconca-768x606.jpg 768w\" sizes=\"auto, (max-width: 1024px) 100vw, 1024px\" \/><\/a><p id=\"caption-attachment-22893\" class=\"wp-caption-text\">Palio del Daino, bancavalconca.it<\/p><\/div>\n<hr \/>\n<div class=\"article_container\"><h2 class=\"shortcode_title\">Charming home nelle vicinanze<\/h2><div class=\"listinglink-wrapper\">\n                           <a href=\"https:\/\/www.charminly.com\/listings\/relais-country-houses-en\/\"> <span class=\"wpresidence_button\"> more listings <\/span><\/a>\n                       <\/div><\/div>\n","protected":false},"excerpt":{"rendered":"<p>In Emilia Romagna, potete partecipare alle feste e alle rievocazioni storiche organizzate ogni anno in questa regione. FESTA DEI FIORI Nel mese di Aprile, a Cattolica, potrete partecipare alla Festa dei Fiori. Una bella occasione per dare il benvenuto alla primavera con una variopinta mostra mercato internazionale dedicata ai fiori e alle piante ornamentali. Gli stand saranno sistemati nelle vie del centro e trasformeranno &#8230;<\/p>\n","protected":false},"author":8,"featured_media":22901,"comment_status":"closed","ping_status":"closed","sticky":false,"template":"","format":"standard","meta":{"_acf_changed":false,"footnotes":""},"categories":[144],"tags":[613,577],"class_list":["post-22892","post","type-post","status-publish","format-standard","has-post-thumbnail","hentry","category-feste-tradizioni-arti-e-mestieri","tag-cosa-fare-in-emilia-romagna","tag-what-to-do-in-emilia-romagna"],"acf":[],"yoast_head":"<!-- This site is optimized with the Yoast SEO plugin v23.9 - https:\/\/yoast.com\/wordpress\/plugins\/seo\/ -->\n<title>Dalle feste popolari all&#039;opera lirica, gli eventi pi\u00f9 belli in Emilia Romagna<\/title>\n<meta name=\"description\" content=\"Dalle feste popolari all&#039;opera lirica, gli eventi pi\u00f9 belli tra Emilia Romagna e Marche\" \/>\n<meta name=\"robots\" content=\"index, follow, max-snippet:-1, max-image-preview:large, max-video-preview:-1\" \/>\n<link rel=\"canonical\" href=\"https:\/\/www.charminly.com\/it\/dalle-feste-popolari-allopera-lirica-gli-eventi-piu-belli-in-emilia-romagna\/\" \/>\n<meta property=\"og:locale\" content=\"it_IT\" \/>\n<meta property=\"og:type\" content=\"article\" \/>\n<meta property=\"og:title\" content=\"Dalle feste popolari all&#039;opera lirica, gli eventi pi\u00f9 belli in Emilia Romagna\" \/>\n<meta property=\"og:description\" content=\"Dalle feste popolari all&#039;opera lirica, gli eventi pi\u00f9 belli tra Emilia Romagna e Marche\" \/>\n<meta property=\"og:url\" content=\"https:\/\/www.charminly.com\/it\/dalle-feste-popolari-allopera-lirica-gli-eventi-piu-belli-in-emilia-romagna\/\" \/>\n<meta property=\"article:publisher\" content=\"https:\/\/www.facebook.com\/charminlyitalia\/\" \/>\n<meta property=\"article:published_time\" content=\"2017-11-10T14:05:03+00:00\" \/>\n<meta property=\"article:modified_time\" content=\"2020-01-15T17:00:44+00:00\" \/>\n<meta property=\"og:image\" content=\"https:\/\/www.charminly.com\/wp-content\/uploads\/2017\/11\/festa-del-duca-urbino-giornale.sm_.jpg\" \/>\n\t<meta property=\"og:image:width\" content=\"1024\" \/>\n\t<meta property=\"og:image:height\" content=\"684\" \/>\n\t<meta property=\"og:image:type\" content=\"image\/jpeg\" \/>\n<meta name=\"author\" content=\"Diego Lopez\" \/>\n<meta name=\"twitter:card\" content=\"summary_large_image\" \/>\n<meta name=\"twitter:creator\" content=\"@charminly_com\" \/>\n<meta name=\"twitter:site\" content=\"@charminly_com\" \/>\n<meta name=\"twitter:label1\" content=\"Scritto da\" \/>\n\t<meta name=\"twitter:data1\" content=\"Diego Lopez\" \/>\n\t<meta name=\"twitter:label2\" content=\"Tempo di lettura stimato\" \/>\n\t<meta name=\"twitter:data2\" content=\"3 minuti\" \/>\n<script type=\"application\/ld+json\" class=\"yoast-schema-graph\">{\"@context\":\"https:\/\/schema.org\",\"@graph\":[{\"@type\":\"Article\",\"@id\":\"https:\/\/www.charminly.com\/it\/dalle-feste-popolari-allopera-lirica-gli-eventi-piu-belli-in-emilia-romagna\/#article\",\"isPartOf\":{\"@id\":\"https:\/\/www.charminly.com\/it\/dalle-feste-popolari-allopera-lirica-gli-eventi-piu-belli-in-emilia-romagna\/\"},\"author\":{\"name\":\"Diego Lopez\",\"@id\":\"https:\/\/www.charminly.com\/it\/#\/schema\/person\/a0049237ce2033e65ea5c870d5f0ac43\"},\"headline\":\"Dalle feste popolari all&#8217;opera lirica, gli eventi pi\u00f9 belli tra Emilia Romagna e Marche\",\"datePublished\":\"2017-11-10T14:05:03+00:00\",\"dateModified\":\"2020-01-15T17:00:44+00:00\",\"mainEntityOfPage\":{\"@id\":\"https:\/\/www.charminly.com\/it\/dalle-feste-popolari-allopera-lirica-gli-eventi-piu-belli-in-emilia-romagna\/\"},\"wordCount\":634,\"publisher\":{\"@id\":\"https:\/\/www.charminly.com\/it\/#organization\"},\"image\":{\"@id\":\"https:\/\/www.charminly.com\/it\/dalle-feste-popolari-allopera-lirica-gli-eventi-piu-belli-in-emilia-romagna\/#primaryimage\"},\"thumbnailUrl\":\"https:\/\/www.charminly.com\/wp-content\/uploads\/2017\/11\/festa-del-duca-urbino-giornale.sm_.jpg\",\"keywords\":[\"Cosa fare in Emilia Romagna\",\"What to do in Emilia Romagna\"],\"articleSection\":[\"Feste, tradizioni, arti e mestieri\"],\"inLanguage\":\"it-IT\"},{\"@type\":\"WebPage\",\"@id\":\"https:\/\/www.charminly.com\/it\/dalle-feste-popolari-allopera-lirica-gli-eventi-piu-belli-in-emilia-romagna\/\",\"url\":\"https:\/\/www.charminly.com\/it\/dalle-feste-popolari-allopera-lirica-gli-eventi-piu-belli-in-emilia-romagna\/\",\"name\":\"Dalle feste popolari all'opera lirica, gli eventi pi\u00f9 belli in Emilia Romagna\",\"isPartOf\":{\"@id\":\"https:\/\/www.charminly.com\/it\/#website\"},\"primaryImageOfPage\":{\"@id\":\"https:\/\/www.charminly.com\/it\/dalle-feste-popolari-allopera-lirica-gli-eventi-piu-belli-in-emilia-romagna\/#primaryimage\"},\"image\":{\"@id\":\"https:\/\/www.charminly.com\/it\/dalle-feste-popolari-allopera-lirica-gli-eventi-piu-belli-in-emilia-romagna\/#primaryimage\"},\"thumbnailUrl\":\"https:\/\/www.charminly.com\/wp-content\/uploads\/2017\/11\/festa-del-duca-urbino-giornale.sm_.jpg\",\"datePublished\":\"2017-11-10T14:05:03+00:00\",\"dateModified\":\"2020-01-15T17:00:44+00:00\",\"description\":\"Dalle feste popolari all'opera lirica, gli eventi pi\u00f9 belli tra Emilia Romagna e Marche\",\"breadcrumb\":{\"@id\":\"https:\/\/www.charminly.com\/it\/dalle-feste-popolari-allopera-lirica-gli-eventi-piu-belli-in-emilia-romagna\/#breadcrumb\"},\"inLanguage\":\"it-IT\",\"potentialAction\":[{\"@type\":\"ReadAction\",\"target\":[\"https:\/\/www.charminly.com\/it\/dalle-feste-popolari-allopera-lirica-gli-eventi-piu-belli-in-emilia-romagna\/\"]}]},{\"@type\":\"ImageObject\",\"inLanguage\":\"it-IT\",\"@id\":\"https:\/\/www.charminly.com\/it\/dalle-feste-popolari-allopera-lirica-gli-eventi-piu-belli-in-emilia-romagna\/#primaryimage\",\"url\":\"https:\/\/www.charminly.com\/wp-content\/uploads\/2017\/11\/festa-del-duca-urbino-giornale.sm_.jpg\",\"contentUrl\":\"https:\/\/www.charminly.com\/wp-content\/uploads\/2017\/11\/festa-del-duca-urbino-giornale.sm_.jpg\",\"width\":1024,\"height\":684},{\"@type\":\"BreadcrumbList\",\"@id\":\"https:\/\/www.charminly.com\/it\/dalle-feste-popolari-allopera-lirica-gli-eventi-piu-belli-in-emilia-romagna\/#breadcrumb\",\"itemListElement\":[{\"@type\":\"ListItem\",\"position\":1,\"name\":\"Home\",\"item\":\"https:\/\/www.charminly.com\/it\/\"},{\"@type\":\"ListItem\",\"position\":2,\"name\":\"Cosa fare in Emilia Romagna\",\"item\":\"https:\/\/www.charminly.com\/it\/tag\/cosa-fare-in-emilia-romagna\/\"},{\"@type\":\"ListItem\",\"position\":3,\"name\":\"Dalle feste popolari all&#8217;opera lirica, gli eventi pi\u00f9 belli tra Emilia Romagna e Marche\"}]},{\"@type\":\"WebSite\",\"@id\":\"https:\/\/www.charminly.com\/it\/#website\",\"url\":\"https:\/\/www.charminly.com\/it\/\",\"name\":\"\",\"description\":\"\",\"publisher\":{\"@id\":\"https:\/\/www.charminly.com\/it\/#organization\"},\"potentialAction\":[{\"@type\":\"SearchAction\",\"target\":{\"@type\":\"EntryPoint\",\"urlTemplate\":\"https:\/\/www.charminly.com\/it\/?s={search_term_string}\"},\"query-input\":{\"@type\":\"PropertyValueSpecification\",\"valueRequired\":true,\"valueName\":\"search_term_string\"}}],\"inLanguage\":\"it-IT\"},{\"@type\":\"Organization\",\"@id\":\"https:\/\/www.charminly.com\/it\/#organization\",\"name\":\"Charminly.com\",\"url\":\"https:\/\/www.charminly.com\/it\/\",\"logo\":{\"@type\":\"ImageObject\",\"inLanguage\":\"it-IT\",\"@id\":\"https:\/\/www.charminly.com\/it\/#\/schema\/logo\/image\/\",\"url\":\"https:\/\/www.charminly.com\/wp-content\/uploads\/2014\/10\/logo.png\",\"contentUrl\":\"https:\/\/www.charminly.com\/wp-content\/uploads\/2014\/10\/logo.png\",\"width\":264,\"height\":115,\"caption\":\"Charminly.com\"},\"image\":{\"@id\":\"https:\/\/www.charminly.com\/it\/#\/schema\/logo\/image\/\"},\"sameAs\":[\"https:\/\/www.facebook.com\/charminlyitalia\/\",\"https:\/\/x.com\/charminly_com\"]},{\"@type\":\"Person\",\"@id\":\"https:\/\/www.charminly.com\/it\/#\/schema\/person\/a0049237ce2033e65ea5c870d5f0ac43\",\"name\":\"Diego Lopez\",\"image\":{\"@type\":\"ImageObject\",\"inLanguage\":\"it-IT\",\"@id\":\"https:\/\/www.charminly.com\/it\/#\/schema\/person\/image\/\",\"url\":\"https:\/\/secure.gravatar.com\/avatar\/53db53bbeb69f4981e38488a46e5a1cc?s=96&d=mm&r=g\",\"contentUrl\":\"https:\/\/secure.gravatar.com\/avatar\/53db53bbeb69f4981e38488a46e5a1cc?s=96&d=mm&r=g\",\"caption\":\"Diego Lopez\"},\"url\":\"https:\/\/www.charminly.com\/it\/author\/diego8\/\"}]}<\/script>\n<!-- \/ Yoast SEO plugin. -->","yoast_head_json":{"title":"Dalle feste popolari all'opera lirica, gli eventi pi\u00f9 belli in Emilia Romagna","description":"Dalle feste popolari all'opera lirica, gli eventi pi\u00f9 belli tra Emilia Romagna e Marche","robots":{"index":"index","follow":"follow","max-snippet":"max-snippet:-1","max-image-preview":"max-image-preview:large","max-video-preview":"max-video-preview:-1"},"canonical":"https:\/\/www.charminly.com\/it\/dalle-feste-popolari-allopera-lirica-gli-eventi-piu-belli-in-emilia-romagna\/","og_locale":"it_IT","og_type":"article","og_title":"Dalle feste popolari all'opera lirica, gli eventi pi\u00f9 belli in Emilia Romagna","og_description":"Dalle feste popolari all'opera lirica, gli eventi pi\u00f9 belli tra Emilia Romagna e Marche","og_url":"https:\/\/www.charminly.com\/it\/dalle-feste-popolari-allopera-lirica-gli-eventi-piu-belli-in-emilia-romagna\/","article_publisher":"https:\/\/www.facebook.com\/charminlyitalia\/","article_published_time":"2017-11-10T14:05:03+00:00","article_modified_time":"2020-01-15T17:00:44+00:00","og_image":[{"width":1024,"height":684,"url":"https:\/\/www.charminly.com\/wp-content\/uploads\/2017\/11\/festa-del-duca-urbino-giornale.sm_.jpg","type":"image\/jpeg"}],"author":"Diego Lopez","twitter_card":"summary_large_image","twitter_creator":"@charminly_com","twitter_site":"@charminly_com","twitter_misc":{"Scritto da":"Diego Lopez","Tempo di lettura stimato":"3 minuti"},"schema":{"@context":"https:\/\/schema.org","@graph":[{"@type":"Article","@id":"https:\/\/www.charminly.com\/it\/dalle-feste-popolari-allopera-lirica-gli-eventi-piu-belli-in-emilia-romagna\/#article","isPartOf":{"@id":"https:\/\/www.charminly.com\/it\/dalle-feste-popolari-allopera-lirica-gli-eventi-piu-belli-in-emilia-romagna\/"},"author":{"name":"Diego Lopez","@id":"https:\/\/www.charminly.com\/it\/#\/schema\/person\/a0049237ce2033e65ea5c870d5f0ac43"},"headline":"Dalle feste popolari all&#8217;opera lirica, gli eventi pi\u00f9 belli tra Emilia Romagna e Marche","datePublished":"2017-11-10T14:05:03+00:00","dateModified":"2020-01-15T17:00:44+00:00","mainEntityOfPage":{"@id":"https:\/\/www.charminly.com\/it\/dalle-feste-popolari-allopera-lirica-gli-eventi-piu-belli-in-emilia-romagna\/"},"wordCount":634,"publisher":{"@id":"https:\/\/www.charminly.com\/it\/#organization"},"image":{"@id":"https:\/\/www.charminly.com\/it\/dalle-feste-popolari-allopera-lirica-gli-eventi-piu-belli-in-emilia-romagna\/#primaryimage"},"thumbnailUrl":"https:\/\/www.charminly.com\/wp-content\/uploads\/2017\/11\/festa-del-duca-urbino-giornale.sm_.jpg","keywords":["Cosa fare in Emilia Romagna","What to do in Emilia Romagna"],"articleSection":["Feste, tradizioni, arti e mestieri"],"inLanguage":"it-IT"},{"@type":"WebPage","@id":"https:\/\/www.charminly.com\/it\/dalle-feste-popolari-allopera-lirica-gli-eventi-piu-belli-in-emilia-romagna\/","url":"https:\/\/www.charminly.com\/it\/dalle-feste-popolari-allopera-lirica-gli-eventi-piu-belli-in-emilia-romagna\/","name":"Dalle feste popolari all'opera lirica, gli eventi pi\u00f9 belli in Emilia Romagna","isPartOf":{"@id":"https:\/\/www.charminly.com\/it\/#website"},"primaryImageOfPage":{"@id":"https:\/\/www.charminly.com\/it\/dalle-feste-popolari-allopera-lirica-gli-eventi-piu-belli-in-emilia-romagna\/#primaryimage"},"image":{"@id":"https:\/\/www.charminly.com\/it\/dalle-feste-popolari-allopera-lirica-gli-eventi-piu-belli-in-emilia-romagna\/#primaryimage"},"thumbnailUrl":"https:\/\/www.charminly.com\/wp-content\/uploads\/2017\/11\/festa-del-duca-urbino-giornale.sm_.jpg","datePublished":"2017-11-10T14:05:03+00:00","dateModified":"2020-01-15T17:00:44+00:00","description":"Dalle feste popolari all'opera lirica, gli eventi pi\u00f9 belli tra Emilia Romagna e Marche","breadcrumb":{"@id":"https:\/\/www.charminly.com\/it\/dalle-feste-popolari-allopera-lirica-gli-eventi-piu-belli-in-emilia-romagna\/#breadcrumb"},"inLanguage":"it-IT","potentialAction":[{"@type":"ReadAction","target":["https:\/\/www.charminly.com\/it\/dalle-feste-popolari-allopera-lirica-gli-eventi-piu-belli-in-emilia-romagna\/"]}]},{"@type":"ImageObject","inLanguage":"it-IT","@id":"https:\/\/www.charminly.com\/it\/dalle-feste-popolari-allopera-lirica-gli-eventi-piu-belli-in-emilia-romagna\/#primaryimage","url":"https:\/\/www.charminly.com\/wp-content\/uploads\/2017\/11\/festa-del-duca-urbino-giornale.sm_.jpg","contentUrl":"https:\/\/www.charminly.com\/wp-content\/uploads\/2017\/11\/festa-del-duca-urbino-giornale.sm_.jpg","width":1024,"height":684},{"@type":"BreadcrumbList","@id":"https:\/\/www.charminly.com\/it\/dalle-feste-popolari-allopera-lirica-gli-eventi-piu-belli-in-emilia-romagna\/#breadcrumb","itemListElement":[{"@type":"ListItem","position":1,"name":"Home","item":"https:\/\/www.charminly.com\/it\/"},{"@type":"ListItem","position":2,"name":"Cosa fare in Emilia Romagna","item":"https:\/\/www.charminly.com\/it\/tag\/cosa-fare-in-emilia-romagna\/"},{"@type":"ListItem","position":3,"name":"Dalle feste popolari all&#8217;opera lirica, gli eventi pi\u00f9 belli tra Emilia Romagna e Marche"}]},{"@type":"WebSite","@id":"https:\/\/www.charminly.com\/it\/#website","url":"https:\/\/www.charminly.com\/it\/","name":"","description":"","publisher":{"@id":"https:\/\/www.charminly.com\/it\/#organization"},"potentialAction":[{"@type":"SearchAction","target":{"@type":"EntryPoint","urlTemplate":"https:\/\/www.charminly.com\/it\/?s={search_term_string}"},"query-input":{"@type":"PropertyValueSpecification","valueRequired":true,"valueName":"search_term_string"}}],"inLanguage":"it-IT"},{"@type":"Organization","@id":"https:\/\/www.charminly.com\/it\/#organization","name":"Charminly.com","url":"https:\/\/www.charminly.com\/it\/","logo":{"@type":"ImageObject","inLanguage":"it-IT","@id":"https:\/\/www.charminly.com\/it\/#\/schema\/logo\/image\/","url":"https:\/\/www.charminly.com\/wp-content\/uploads\/2014\/10\/logo.png","contentUrl":"https:\/\/www.charminly.com\/wp-content\/uploads\/2014\/10\/logo.png","width":264,"height":115,"caption":"Charminly.com"},"image":{"@id":"https:\/\/www.charminly.com\/it\/#\/schema\/logo\/image\/"},"sameAs":["https:\/\/www.facebook.com\/charminlyitalia\/","https:\/\/x.com\/charminly_com"]},{"@type":"Person","@id":"https:\/\/www.charminly.com\/it\/#\/schema\/person\/a0049237ce2033e65ea5c870d5f0ac43","name":"Diego Lopez","image":{"@type":"ImageObject","inLanguage":"it-IT","@id":"https:\/\/www.charminly.com\/it\/#\/schema\/person\/image\/","url":"https:\/\/secure.gravatar.com\/avatar\/53db53bbeb69f4981e38488a46e5a1cc?s=96&d=mm&r=g","contentUrl":"https:\/\/secure.gravatar.com\/avatar\/53db53bbeb69f4981e38488a46e5a1cc?s=96&d=mm&r=g","caption":"Diego Lopez"},"url":"https:\/\/www.charminly.com\/it\/author\/diego8\/"}]}},"_links":{"self":[{"href":"https:\/\/www.charminly.com\/it\/wp-json\/wp\/v2\/posts\/22892","targetHints":{"allow":["GET"]}}],"collection":[{"href":"https:\/\/www.charminly.com\/it\/wp-json\/wp\/v2\/posts"}],"about":[{"href":"https:\/\/www.charminly.com\/it\/wp-json\/wp\/v2\/types\/post"}],"author":[{"embeddable":true,"href":"https:\/\/www.charminly.com\/it\/wp-json\/wp\/v2\/users\/8"}],"replies":[{"embeddable":true,"href":"https:\/\/www.charminly.com\/it\/wp-json\/wp\/v2\/comments?post=22892"}],"version-history":[{"count":0,"href":"https:\/\/www.charminly.com\/it\/wp-json\/wp\/v2\/posts\/22892\/revisions"}],"wp:featuredmedia":[{"embeddable":true,"href":"https:\/\/www.charminly.com\/it\/wp-json\/wp\/v2\/media\/22901"}],"wp:attachment":[{"href":"https:\/\/www.charminly.com\/it\/wp-json\/wp\/v2\/media?parent=22892"}],"wp:term":[{"taxonomy":"category","embeddable":true,"href":"https:\/\/www.charminly.com\/it\/wp-json\/wp\/v2\/categories?post=22892"},{"taxonomy":"post_tag","embeddable":true,"href":"https:\/\/www.charminly.com\/it\/wp-json\/wp\/v2\/tags?post=22892"}],"curies":[{"name":"wp","href":"https:\/\/api.w.org\/{rel}","templated":true}]}}