{"id":22677,"date":"2017-11-08T09:49:25","date_gmt":"2017-11-08T08:49:25","guid":{"rendered":"https:\/\/www.charminly.com\/?p=22677"},"modified":"2020-01-15T17:47:03","modified_gmt":"2020-01-15T16:47:03","slug":"musei-castelli-e-leggende-tra-le-montagne-della-val-daosta","status":"publish","type":"post","link":"https:\/\/www.charminly.com\/it\/musei-castelli-e-leggende-tra-le-montagne-della-val-daosta\/","title":{"rendered":"Musei, castelli e leggende tra le montagne della Val d&#8217;Aosta."},"content":{"rendered":"<p>Prenotando la vostra vacanza presso l&#8217;hotel <a href=\"https:\/\/www.charminly.com\/it\/properties\/au-rascard-it\/\"><strong>Au Rascard<\/strong><\/a>, che si trova a <strong>Brusson<\/strong>, in provincia di <strong>Aosta<\/strong>, in <a href=\"https:\/\/www.charminly.com\/it\/region\/valle-daosta-it\/\"><strong>Valle d&#8217;Aosta<\/strong><\/a>, potrete conoscere i borghi e i paesi pi\u00f9 belli tra le montagne di questa bellissisma regione.<\/p>\n<h3>ISSOGNE<\/h3>\n<p><b>Castello di Issogne<\/b><br \/>\nSituato nel capoluogo di Issogne, il Castello sembra quasi una dimora signorile risalente al periodo rinascimentale. In realt\u00e0 fu edificato su un&#8217;antica villa romana e il primo nucleo risale al XII secolo. Gli elementi che rendono particolare e caratteristico il Castello sono il suo cortile interno, in cui si trova la fontana del melograno, il giardino all&#8217;italiana e il porticato ricco di affreschi che rappresentano scene di vita quotidiana del medioevo.<\/p>\n<div id=\"attachment_22678\" style=\"width: 1034px\" class=\"wp-caption alignnone\"><a href=\"https:\/\/www.charminly.com\/wp-content\/uploads\/2017\/11\/Castello_di_Issogne_22.jpg\"><img loading=\"lazy\" decoding=\"async\" aria-describedby=\"caption-attachment-22678\" class=\"wp-image-22678 size-full\" src=\"https:\/\/www.charminly.com\/wp-content\/uploads\/2017\/11\/Castello_di_Issogne_22.jpg\" alt=\"\" width=\"1024\" height=\"674\" srcset=\"https:\/\/www.charminly.com\/wp-content\/uploads\/2017\/11\/Castello_di_Issogne_22.jpg 1024w, https:\/\/www.charminly.com\/wp-content\/uploads\/2017\/11\/Castello_di_Issogne_22-300x197.jpg 300w, https:\/\/www.charminly.com\/wp-content\/uploads\/2017\/11\/Castello_di_Issogne_22-768x506.jpg 768w, https:\/\/www.charminly.com\/wp-content\/uploads\/2017\/11\/Castello_di_Issogne_22-105x70.jpg 105w\" sizes=\"auto, (max-width: 1024px) 100vw, 1024px\" \/><\/a><p id=\"caption-attachment-22678\" class=\"wp-caption-text\">Castello di Issogne<\/p><\/div>\n<h3>AYAS &#8211; ANTAGNOD<\/h3>\n<p>Ai piedi del Monte Rosa si trova uno dei borghi pi\u00f9 antichi e belli della Valle D\u2019Aosta, il Borgo di Antagnod. Avvolto da antiche tradizioni e leggende, nel Borgo vengono realizzati i famosi sabots.<\/p>\n<p>Chi decide di passare una vacanza in Val d\u2019Ayas sar\u00e0 attratto dalla bellezza dei paesaggi, dei borghi e dei castelli, ma anche da un&#8217;attivit\u00e0 artigianale molto antica: la produzione degli zoccoli in legno. Tipica infatti di questo territorio \u00e8 la lavorazione del legno di pino di cembro per la realizzazione di queste particolari calzature che ormai sono diventate un grazioso souvenir per i turisti.<\/p>\n<h3>BRUSSON<\/h3>\n<p><strong>Antica miniera d&#8217;oro<\/strong><br \/>\nScoperta nel 1899 la miniera d\u2019oro di Chamousira \u00e8 la pi\u00f9 importante miniera d\u2019oro della Valle D\u2019Aosta. Rimasta attiva dal 1900 al 1980 ha una estensione sotterranea di 1600 metri ed \u00e8 circondata da installazioni utilizzati per l&#8217;estrazione e la lavorazione del minerale .<\/p>\n<p><strong>Castello di Graines<\/strong><br \/>\nCircondato da una cinta muraria di 80m per 50 di forma irregolare per meglio adattarsi al terreno su cui \u00e8 edificato, il Castello di Graines si trova su un promontorio roccioso che si affaccia su Brusson e parte della Val d\u2019Ayas. La sua architettura \u00e8 un esempio di castello primitivo valdostano e la leggenda narra che vi sia sepolto un antico tesoro.<\/p>\n<div id=\"attachment_22681\" style=\"width: 1034px\" class=\"wp-caption alignnone\"><a href=\"https:\/\/www.charminly.com\/wp-content\/uploads\/2017\/11\/castello-di-graines7-castlesintheworld-wordpress-com.jpg\"><img loading=\"lazy\" decoding=\"async\" aria-describedby=\"caption-attachment-22681\" class=\"wp-image-22681 size-full\" src=\"https:\/\/www.charminly.com\/wp-content\/uploads\/2017\/11\/castello-di-graines7-castlesintheworld-wordpress-com.jpg\" alt=\"\" width=\"1024\" height=\"768\" srcset=\"https:\/\/www.charminly.com\/wp-content\/uploads\/2017\/11\/castello-di-graines7-castlesintheworld-wordpress-com.jpg 1024w, https:\/\/www.charminly.com\/wp-content\/uploads\/2017\/11\/castello-di-graines7-castlesintheworld-wordpress-com-300x225.jpg 300w, https:\/\/www.charminly.com\/wp-content\/uploads\/2017\/11\/castello-di-graines7-castlesintheworld-wordpress-com-768x576.jpg 768w\" sizes=\"auto, (max-width: 1024px) 100vw, 1024px\" \/><\/a><p id=\"caption-attachment-22681\" class=\"wp-caption-text\">Castello di Graines, castlesintheworld.wordpress.com<\/p><\/div>\n<h3>FENIS<\/h3>\n<p><strong>Museo dell\u2019artigianato<\/strong><br \/>\nOspitato presso Villa Montana ed inaugurato nel 2009, il Mav ( Museo dell\u2019artigianato valdostano) \u00e8 un museo in cui sono esposti 800 oggetti tipici dell\u2019artigianato del luogo. Gli oggetti sono sistemati seguendo delle aree tematiche e senza vetrine per meglio distinguere i tratti che caratterizzano la comunit\u00e0 agro-pastorale .<\/p>\n<h3>BARD<\/h3>\n<p><strong>Forte di Bard<\/strong><br \/>\nAperto ai visitatori solo nel 2006, il forte \u00e8 di origine medievale, riedificato successivamente dai Savoia nel XIX secolo. La sua posizione strategica su un&#8217;altura che domina la Dora Baltea permetteva di controllare l&#8217;accesso alla Francia. Oggi il Forte \u00e8 sede di tre percorsi permanenti \u201c Il museo delle Alpi\u201d , \u201cLe Prigioni\u201d e \u201c Alpi dei Ragazzi\u201d e ospita esposizioni di arte e di fotografia.<\/p>\n<div id=\"attachment_22684\" style=\"width: 1034px\" class=\"wp-caption alignnone\"><a href=\"https:\/\/www.charminly.com\/wp-content\/uploads\/2017\/11\/Il_forte_di_Bard.jpg\"><img loading=\"lazy\" decoding=\"async\" aria-describedby=\"caption-attachment-22684\" class=\"wp-image-22684 size-full\" src=\"https:\/\/www.charminly.com\/wp-content\/uploads\/2017\/11\/Il_forte_di_Bard.jpg\" alt=\"\" width=\"1024\" height=\"530\" srcset=\"https:\/\/www.charminly.com\/wp-content\/uploads\/2017\/11\/Il_forte_di_Bard.jpg 1024w, https:\/\/www.charminly.com\/wp-content\/uploads\/2017\/11\/Il_forte_di_Bard-300x155.jpg 300w, https:\/\/www.charminly.com\/wp-content\/uploads\/2017\/11\/Il_forte_di_Bard-768x398.jpg 768w\" sizes=\"auto, (max-width: 1024px) 100vw, 1024px\" \/><\/a><p id=\"caption-attachment-22684\" class=\"wp-caption-text\">Forte di Bard<\/p><\/div>\n<hr \/>\n<div class=\"article_container\"><h2 class=\"shortcode_title\">Charming home nelle vicinanze<\/h2><div class=\"listinglink-wrapper\">\n                           <a href=\"https:\/\/www.charminly.com\/listings\/relais-country-houses-en\/\"> <span class=\"wpresidence_button\"> more listings <\/span><\/a>\n                       <\/div><\/div>\n","protected":false},"excerpt":{"rendered":"<p>Prenotando la vostra vacanza presso l&#8217;hotel Au Rascard, che si trova a Brusson, in provincia di Aosta, in Valle d&#8217;Aosta, potrete conoscere i borghi e i paesi pi\u00f9 belli tra le montagne di questa bellissisma regione. ISSOGNE Castello di Issogne Situato nel capoluogo di Issogne, il Castello sembra quasi una dimora signorile risalente al periodo rinascimentale. In realt\u00e0 fu edificato su un&#8217;antica villa romana &#8230;<\/p>\n","protected":false},"author":8,"featured_media":22686,"comment_status":"closed","ping_status":"closed","sticky":false,"template":"","format":"standard","meta":{"_acf_changed":false,"footnotes":""},"categories":[142],"tags":[638],"class_list":["post-22677","post","type-post","status-publish","format-standard","has-post-thumbnail","hentry","category-arte-e-cultura","tag-cosa-vedere-in-val-daosta"],"acf":[],"yoast_head":"<!-- This site is optimized with the Yoast SEO plugin v23.9 - https:\/\/yoast.com\/wordpress\/plugins\/seo\/ -->\n<title>Musei, castelli e leggende tra le montagne della Val d&#039;Aosta.<\/title>\n<meta name=\"description\" content=\"Prenotando la vostra vacanza presso l&#039;hotel Au Rascard, che si trova a Brusson, dove scoprirete musei, castelli e leggende tra le montagne in Val d&#039;Aosta.\" \/>\n<meta name=\"robots\" content=\"index, follow, max-snippet:-1, max-image-preview:large, max-video-preview:-1\" \/>\n<link rel=\"canonical\" href=\"https:\/\/www.charminly.com\/it\/musei-castelli-e-leggende-tra-le-montagne-della-val-daosta\/\" \/>\n<meta property=\"og:locale\" content=\"it_IT\" \/>\n<meta property=\"og:type\" content=\"article\" \/>\n<meta property=\"og:title\" content=\"Musei, castelli e leggende tra le montagne della Val d&#039;Aosta.\" \/>\n<meta property=\"og:description\" content=\"Prenotando la vostra vacanza presso l&#039;hotel Au Rascard, che si trova a Brusson, dove scoprirete musei, castelli e leggende tra le montagne in Val d&#039;Aosta.\" \/>\n<meta property=\"og:url\" content=\"https:\/\/www.charminly.com\/it\/musei-castelli-e-leggende-tra-le-montagne-della-val-daosta\/\" \/>\n<meta property=\"article:publisher\" content=\"https:\/\/www.facebook.com\/charminlyitalia\/\" \/>\n<meta property=\"article:published_time\" content=\"2017-11-08T08:49:25+00:00\" \/>\n<meta property=\"article:modified_time\" content=\"2020-01-15T16:47:03+00:00\" \/>\n<meta property=\"og:image\" content=\"https:\/\/www.charminly.com\/wp-content\/uploads\/2017\/11\/Il_forte_di_Bard.jpg\" \/>\n\t<meta property=\"og:image:width\" content=\"1024\" \/>\n\t<meta property=\"og:image:height\" content=\"530\" \/>\n\t<meta property=\"og:image:type\" content=\"image\/jpeg\" \/>\n<meta name=\"author\" content=\"Diego Lopez\" \/>\n<meta name=\"twitter:card\" content=\"summary_large_image\" \/>\n<meta name=\"twitter:creator\" content=\"@charminly_com\" \/>\n<meta name=\"twitter:site\" content=\"@charminly_com\" \/>\n<meta name=\"twitter:label1\" content=\"Scritto da\" \/>\n\t<meta name=\"twitter:data1\" content=\"Diego Lopez\" \/>\n\t<meta name=\"twitter:label2\" content=\"Tempo di lettura stimato\" \/>\n\t<meta name=\"twitter:data2\" content=\"2 minuti\" \/>\n<script type=\"application\/ld+json\" class=\"yoast-schema-graph\">{\"@context\":\"https:\/\/schema.org\",\"@graph\":[{\"@type\":\"Article\",\"@id\":\"https:\/\/www.charminly.com\/it\/musei-castelli-e-leggende-tra-le-montagne-della-val-daosta\/#article\",\"isPartOf\":{\"@id\":\"https:\/\/www.charminly.com\/it\/musei-castelli-e-leggende-tra-le-montagne-della-val-daosta\/\"},\"author\":{\"name\":\"Diego Lopez\",\"@id\":\"https:\/\/www.charminly.com\/it\/#\/schema\/person\/a0049237ce2033e65ea5c870d5f0ac43\"},\"headline\":\"Musei, castelli e leggende tra le montagne della Val d&#8217;Aosta.\",\"datePublished\":\"2017-11-08T08:49:25+00:00\",\"dateModified\":\"2020-01-15T16:47:03+00:00\",\"mainEntityOfPage\":{\"@id\":\"https:\/\/www.charminly.com\/it\/musei-castelli-e-leggende-tra-le-montagne-della-val-daosta\/\"},\"wordCount\":513,\"publisher\":{\"@id\":\"https:\/\/www.charminly.com\/it\/#organization\"},\"image\":{\"@id\":\"https:\/\/www.charminly.com\/it\/musei-castelli-e-leggende-tra-le-montagne-della-val-daosta\/#primaryimage\"},\"thumbnailUrl\":\"https:\/\/www.charminly.com\/wp-content\/uploads\/2017\/11\/Il_forte_di_Bard.jpg\",\"keywords\":[\"Cosa vedere in Val d'Aosta\"],\"articleSection\":[\"Arte e cultura\"],\"inLanguage\":\"it-IT\"},{\"@type\":\"WebPage\",\"@id\":\"https:\/\/www.charminly.com\/it\/musei-castelli-e-leggende-tra-le-montagne-della-val-daosta\/\",\"url\":\"https:\/\/www.charminly.com\/it\/musei-castelli-e-leggende-tra-le-montagne-della-val-daosta\/\",\"name\":\"Musei, castelli e leggende tra le montagne della Val d'Aosta.\",\"isPartOf\":{\"@id\":\"https:\/\/www.charminly.com\/it\/#website\"},\"primaryImageOfPage\":{\"@id\":\"https:\/\/www.charminly.com\/it\/musei-castelli-e-leggende-tra-le-montagne-della-val-daosta\/#primaryimage\"},\"image\":{\"@id\":\"https:\/\/www.charminly.com\/it\/musei-castelli-e-leggende-tra-le-montagne-della-val-daosta\/#primaryimage\"},\"thumbnailUrl\":\"https:\/\/www.charminly.com\/wp-content\/uploads\/2017\/11\/Il_forte_di_Bard.jpg\",\"datePublished\":\"2017-11-08T08:49:25+00:00\",\"dateModified\":\"2020-01-15T16:47:03+00:00\",\"description\":\"Prenotando la vostra vacanza presso l'hotel Au Rascard, che si trova a Brusson, dove scoprirete musei, castelli e leggende tra le montagne in Val d'Aosta.\",\"breadcrumb\":{\"@id\":\"https:\/\/www.charminly.com\/it\/musei-castelli-e-leggende-tra-le-montagne-della-val-daosta\/#breadcrumb\"},\"inLanguage\":\"it-IT\",\"potentialAction\":[{\"@type\":\"ReadAction\",\"target\":[\"https:\/\/www.charminly.com\/it\/musei-castelli-e-leggende-tra-le-montagne-della-val-daosta\/\"]}]},{\"@type\":\"ImageObject\",\"inLanguage\":\"it-IT\",\"@id\":\"https:\/\/www.charminly.com\/it\/musei-castelli-e-leggende-tra-le-montagne-della-val-daosta\/#primaryimage\",\"url\":\"https:\/\/www.charminly.com\/wp-content\/uploads\/2017\/11\/Il_forte_di_Bard.jpg\",\"contentUrl\":\"https:\/\/www.charminly.com\/wp-content\/uploads\/2017\/11\/Il_forte_di_Bard.jpg\",\"width\":1024,\"height\":530},{\"@type\":\"BreadcrumbList\",\"@id\":\"https:\/\/www.charminly.com\/it\/musei-castelli-e-leggende-tra-le-montagne-della-val-daosta\/#breadcrumb\",\"itemListElement\":[{\"@type\":\"ListItem\",\"position\":1,\"name\":\"Home\",\"item\":\"https:\/\/www.charminly.com\/it\/\"},{\"@type\":\"ListItem\",\"position\":2,\"name\":\"Cosa vedere in Val d'Aosta\",\"item\":\"https:\/\/www.charminly.com\/it\/tag\/cosa-vedere-in-val-daosta\/\"},{\"@type\":\"ListItem\",\"position\":3,\"name\":\"Musei, castelli e leggende tra le montagne della Val d&#8217;Aosta.\"}]},{\"@type\":\"WebSite\",\"@id\":\"https:\/\/www.charminly.com\/it\/#website\",\"url\":\"https:\/\/www.charminly.com\/it\/\",\"name\":\"\",\"description\":\"\",\"publisher\":{\"@id\":\"https:\/\/www.charminly.com\/it\/#organization\"},\"potentialAction\":[{\"@type\":\"SearchAction\",\"target\":{\"@type\":\"EntryPoint\",\"urlTemplate\":\"https:\/\/www.charminly.com\/it\/?s={search_term_string}\"},\"query-input\":{\"@type\":\"PropertyValueSpecification\",\"valueRequired\":true,\"valueName\":\"search_term_string\"}}],\"inLanguage\":\"it-IT\"},{\"@type\":\"Organization\",\"@id\":\"https:\/\/www.charminly.com\/it\/#organization\",\"name\":\"Charminly.com\",\"url\":\"https:\/\/www.charminly.com\/it\/\",\"logo\":{\"@type\":\"ImageObject\",\"inLanguage\":\"it-IT\",\"@id\":\"https:\/\/www.charminly.com\/it\/#\/schema\/logo\/image\/\",\"url\":\"https:\/\/www.charminly.com\/wp-content\/uploads\/2014\/10\/logo.png\",\"contentUrl\":\"https:\/\/www.charminly.com\/wp-content\/uploads\/2014\/10\/logo.png\",\"width\":264,\"height\":115,\"caption\":\"Charminly.com\"},\"image\":{\"@id\":\"https:\/\/www.charminly.com\/it\/#\/schema\/logo\/image\/\"},\"sameAs\":[\"https:\/\/www.facebook.com\/charminlyitalia\/\",\"https:\/\/x.com\/charminly_com\"]},{\"@type\":\"Person\",\"@id\":\"https:\/\/www.charminly.com\/it\/#\/schema\/person\/a0049237ce2033e65ea5c870d5f0ac43\",\"name\":\"Diego Lopez\",\"image\":{\"@type\":\"ImageObject\",\"inLanguage\":\"it-IT\",\"@id\":\"https:\/\/www.charminly.com\/it\/#\/schema\/person\/image\/\",\"url\":\"https:\/\/secure.gravatar.com\/avatar\/53db53bbeb69f4981e38488a46e5a1cc?s=96&d=mm&r=g\",\"contentUrl\":\"https:\/\/secure.gravatar.com\/avatar\/53db53bbeb69f4981e38488a46e5a1cc?s=96&d=mm&r=g\",\"caption\":\"Diego Lopez\"},\"url\":\"https:\/\/www.charminly.com\/it\/author\/diego8\/\"}]}<\/script>\n<!-- \/ Yoast SEO plugin. -->","yoast_head_json":{"title":"Musei, castelli e leggende tra le montagne della Val d'Aosta.","description":"Prenotando la vostra vacanza presso l'hotel Au Rascard, che si trova a Brusson, dove scoprirete musei, castelli e leggende tra le montagne in Val d'Aosta.","robots":{"index":"index","follow":"follow","max-snippet":"max-snippet:-1","max-image-preview":"max-image-preview:large","max-video-preview":"max-video-preview:-1"},"canonical":"https:\/\/www.charminly.com\/it\/musei-castelli-e-leggende-tra-le-montagne-della-val-daosta\/","og_locale":"it_IT","og_type":"article","og_title":"Musei, castelli e leggende tra le montagne della Val d'Aosta.","og_description":"Prenotando la vostra vacanza presso l'hotel Au Rascard, che si trova a Brusson, dove scoprirete musei, castelli e leggende tra le montagne in Val d'Aosta.","og_url":"https:\/\/www.charminly.com\/it\/musei-castelli-e-leggende-tra-le-montagne-della-val-daosta\/","article_publisher":"https:\/\/www.facebook.com\/charminlyitalia\/","article_published_time":"2017-11-08T08:49:25+00:00","article_modified_time":"2020-01-15T16:47:03+00:00","og_image":[{"width":1024,"height":530,"url":"https:\/\/www.charminly.com\/wp-content\/uploads\/2017\/11\/Il_forte_di_Bard.jpg","type":"image\/jpeg"}],"author":"Diego Lopez","twitter_card":"summary_large_image","twitter_creator":"@charminly_com","twitter_site":"@charminly_com","twitter_misc":{"Scritto da":"Diego Lopez","Tempo di lettura stimato":"2 minuti"},"schema":{"@context":"https:\/\/schema.org","@graph":[{"@type":"Article","@id":"https:\/\/www.charminly.com\/it\/musei-castelli-e-leggende-tra-le-montagne-della-val-daosta\/#article","isPartOf":{"@id":"https:\/\/www.charminly.com\/it\/musei-castelli-e-leggende-tra-le-montagne-della-val-daosta\/"},"author":{"name":"Diego Lopez","@id":"https:\/\/www.charminly.com\/it\/#\/schema\/person\/a0049237ce2033e65ea5c870d5f0ac43"},"headline":"Musei, castelli e leggende tra le montagne della Val d&#8217;Aosta.","datePublished":"2017-11-08T08:49:25+00:00","dateModified":"2020-01-15T16:47:03+00:00","mainEntityOfPage":{"@id":"https:\/\/www.charminly.com\/it\/musei-castelli-e-leggende-tra-le-montagne-della-val-daosta\/"},"wordCount":513,"publisher":{"@id":"https:\/\/www.charminly.com\/it\/#organization"},"image":{"@id":"https:\/\/www.charminly.com\/it\/musei-castelli-e-leggende-tra-le-montagne-della-val-daosta\/#primaryimage"},"thumbnailUrl":"https:\/\/www.charminly.com\/wp-content\/uploads\/2017\/11\/Il_forte_di_Bard.jpg","keywords":["Cosa vedere in Val d'Aosta"],"articleSection":["Arte e cultura"],"inLanguage":"it-IT"},{"@type":"WebPage","@id":"https:\/\/www.charminly.com\/it\/musei-castelli-e-leggende-tra-le-montagne-della-val-daosta\/","url":"https:\/\/www.charminly.com\/it\/musei-castelli-e-leggende-tra-le-montagne-della-val-daosta\/","name":"Musei, castelli e leggende tra le montagne della Val d'Aosta.","isPartOf":{"@id":"https:\/\/www.charminly.com\/it\/#website"},"primaryImageOfPage":{"@id":"https:\/\/www.charminly.com\/it\/musei-castelli-e-leggende-tra-le-montagne-della-val-daosta\/#primaryimage"},"image":{"@id":"https:\/\/www.charminly.com\/it\/musei-castelli-e-leggende-tra-le-montagne-della-val-daosta\/#primaryimage"},"thumbnailUrl":"https:\/\/www.charminly.com\/wp-content\/uploads\/2017\/11\/Il_forte_di_Bard.jpg","datePublished":"2017-11-08T08:49:25+00:00","dateModified":"2020-01-15T16:47:03+00:00","description":"Prenotando la vostra vacanza presso l'hotel Au Rascard, che si trova a Brusson, dove scoprirete musei, castelli e leggende tra le montagne in Val d'Aosta.","breadcrumb":{"@id":"https:\/\/www.charminly.com\/it\/musei-castelli-e-leggende-tra-le-montagne-della-val-daosta\/#breadcrumb"},"inLanguage":"it-IT","potentialAction":[{"@type":"ReadAction","target":["https:\/\/www.charminly.com\/it\/musei-castelli-e-leggende-tra-le-montagne-della-val-daosta\/"]}]},{"@type":"ImageObject","inLanguage":"it-IT","@id":"https:\/\/www.charminly.com\/it\/musei-castelli-e-leggende-tra-le-montagne-della-val-daosta\/#primaryimage","url":"https:\/\/www.charminly.com\/wp-content\/uploads\/2017\/11\/Il_forte_di_Bard.jpg","contentUrl":"https:\/\/www.charminly.com\/wp-content\/uploads\/2017\/11\/Il_forte_di_Bard.jpg","width":1024,"height":530},{"@type":"BreadcrumbList","@id":"https:\/\/www.charminly.com\/it\/musei-castelli-e-leggende-tra-le-montagne-della-val-daosta\/#breadcrumb","itemListElement":[{"@type":"ListItem","position":1,"name":"Home","item":"https:\/\/www.charminly.com\/it\/"},{"@type":"ListItem","position":2,"name":"Cosa vedere in Val d'Aosta","item":"https:\/\/www.charminly.com\/it\/tag\/cosa-vedere-in-val-daosta\/"},{"@type":"ListItem","position":3,"name":"Musei, castelli e leggende tra le montagne della Val d&#8217;Aosta."}]},{"@type":"WebSite","@id":"https:\/\/www.charminly.com\/it\/#website","url":"https:\/\/www.charminly.com\/it\/","name":"","description":"","publisher":{"@id":"https:\/\/www.charminly.com\/it\/#organization"},"potentialAction":[{"@type":"SearchAction","target":{"@type":"EntryPoint","urlTemplate":"https:\/\/www.charminly.com\/it\/?s={search_term_string}"},"query-input":{"@type":"PropertyValueSpecification","valueRequired":true,"valueName":"search_term_string"}}],"inLanguage":"it-IT"},{"@type":"Organization","@id":"https:\/\/www.charminly.com\/it\/#organization","name":"Charminly.com","url":"https:\/\/www.charminly.com\/it\/","logo":{"@type":"ImageObject","inLanguage":"it-IT","@id":"https:\/\/www.charminly.com\/it\/#\/schema\/logo\/image\/","url":"https:\/\/www.charminly.com\/wp-content\/uploads\/2014\/10\/logo.png","contentUrl":"https:\/\/www.charminly.com\/wp-content\/uploads\/2014\/10\/logo.png","width":264,"height":115,"caption":"Charminly.com"},"image":{"@id":"https:\/\/www.charminly.com\/it\/#\/schema\/logo\/image\/"},"sameAs":["https:\/\/www.facebook.com\/charminlyitalia\/","https:\/\/x.com\/charminly_com"]},{"@type":"Person","@id":"https:\/\/www.charminly.com\/it\/#\/schema\/person\/a0049237ce2033e65ea5c870d5f0ac43","name":"Diego Lopez","image":{"@type":"ImageObject","inLanguage":"it-IT","@id":"https:\/\/www.charminly.com\/it\/#\/schema\/person\/image\/","url":"https:\/\/secure.gravatar.com\/avatar\/53db53bbeb69f4981e38488a46e5a1cc?s=96&d=mm&r=g","contentUrl":"https:\/\/secure.gravatar.com\/avatar\/53db53bbeb69f4981e38488a46e5a1cc?s=96&d=mm&r=g","caption":"Diego Lopez"},"url":"https:\/\/www.charminly.com\/it\/author\/diego8\/"}]}},"_links":{"self":[{"href":"https:\/\/www.charminly.com\/it\/wp-json\/wp\/v2\/posts\/22677","targetHints":{"allow":["GET"]}}],"collection":[{"href":"https:\/\/www.charminly.com\/it\/wp-json\/wp\/v2\/posts"}],"about":[{"href":"https:\/\/www.charminly.com\/it\/wp-json\/wp\/v2\/types\/post"}],"author":[{"embeddable":true,"href":"https:\/\/www.charminly.com\/it\/wp-json\/wp\/v2\/users\/8"}],"replies":[{"embeddable":true,"href":"https:\/\/www.charminly.com\/it\/wp-json\/wp\/v2\/comments?post=22677"}],"version-history":[{"count":0,"href":"https:\/\/www.charminly.com\/it\/wp-json\/wp\/v2\/posts\/22677\/revisions"}],"wp:featuredmedia":[{"embeddable":true,"href":"https:\/\/www.charminly.com\/it\/wp-json\/wp\/v2\/media\/22686"}],"wp:attachment":[{"href":"https:\/\/www.charminly.com\/it\/wp-json\/wp\/v2\/media?parent=22677"}],"wp:term":[{"taxonomy":"category","embeddable":true,"href":"https:\/\/www.charminly.com\/it\/wp-json\/wp\/v2\/categories?post=22677"},{"taxonomy":"post_tag","embeddable":true,"href":"https:\/\/www.charminly.com\/it\/wp-json\/wp\/v2\/tags?post=22677"}],"curies":[{"name":"wp","href":"https:\/\/api.w.org\/{rel}","templated":true}]}}