{"id":22031,"date":"2017-09-27T12:12:10","date_gmt":"2017-09-27T10:12:10","guid":{"rendered":"https:\/\/www.charminly.com\/?p=22031\/"},"modified":"2020-01-15T17:33:40","modified_gmt":"2020-01-15T16:33:40","slug":"dai-giardini-sullacqua-presepi-e-prodotti-tipici-tra-i-borghi-dellossola","status":"publish","type":"post","link":"https:\/\/www.charminly.com\/it\/dai-giardini-sullacqua-presepi-e-prodotti-tipici-tra-i-borghi-dellossola\/","title":{"rendered":"Dai giardini sull\u2019acqua, presepi e prodotti tipici tra i borghi dell\u2019Ossola"},"content":{"rendered":"<h3><strong>FIOR D\u2019ACQUA<\/strong><\/h3>\n<p>Durante l\u2019estate, a <strong>Crodo <\/strong>e nelle sue frazioni, potrete assistere a <strong>Fior D\u2019Acqua<\/strong>, una manifestazione nata per valorizzare le bellezze dei borghi di montagna. Questi paesi conservano ancora i vecchi lavatoi in pietra, molte fontane e gli abbeveratoi per gli animali che per l\u2019occasione vengono decorate con fiori variopinti. Si creano cos\u00ec piccoli giardini sull\u2019acqua da visitare lungo percorsi delineati dalla stessa comunit\u00e0, percorsi che vi porteranno a scoprire gli angoli pi\u00f9 nascosti di questi deliziosi paesi.<\/p>\n<h3><strong>SAGRA DELLA PATATA<\/strong><\/h3>\n<p>Nel mese di settembre, a <strong>Montecreste<\/strong><strong>se<\/strong>, si svolge la <strong>Sagra della Patata<\/strong>. Da oltre vent\u2019anni questa sagra vuole valorizzare la patata biologica di Montecrestese e al contempo essere una vetrina per molti altri prodotti agroalimentari locali. Tra i produttori locali sar\u00e0 premiato chi porter\u00e0 la patata pi\u00f9 pesante, la patata dalla forma pi\u00f9 originale e la composizione artistica pi\u00f9 bella. Tra gli stand potrete gustare tantissimi piatti a base di patate, come le insalate, le torte dolci o salate, il pane. Inoltre altre ricette con contorno di patate come le carni alla griglia o arrosto o il pur\u00e8 con il brasato. Alla sagra saranno presenti tanti giochi, musica e spettacoli di cabaret per intrattenere il pubblico.<\/p>\n<div id=\"attachment_22032\" style=\"width: 1034px\" class=\"wp-caption alignnone\"><img loading=\"lazy\" decoding=\"async\" aria-describedby=\"caption-attachment-22032\" class=\"wp-image-22032 size-large\" src=\"https:\/\/www.charminly.com\/wp-content\/uploads\/2017\/09\/crodo-autunno-crodoeventi_opt-1024x768.jpg\" alt=\"\" width=\"1024\" height=\"768\" srcset=\"https:\/\/www.charminly.com\/wp-content\/uploads\/2017\/09\/crodo-autunno-crodoeventi_opt.jpg 1024w, https:\/\/www.charminly.com\/wp-content\/uploads\/2017\/09\/crodo-autunno-crodoeventi_opt-300x225.jpg 300w, https:\/\/www.charminly.com\/wp-content\/uploads\/2017\/09\/crodo-autunno-crodoeventi_opt-768x576.jpg 768w\" sizes=\"auto, (max-width: 1024px) 100vw, 1024px\" \/><p id=\"caption-attachment-22032\" class=\"wp-caption-text\">Crodo d&#8217;Autunno, foto crodoeventi<\/p><\/div>\n<h3><strong>CRODO D\u2019AUTUNNO<\/strong><\/h3>\n<p>Nel mese di ottobre a <strong>Crodo<\/strong>, si svolge <strong>Crodo d\u2019Autunno<\/strong>. Il programma \u00e8 ricco di iniziative, tra le quali il Corso di Presepistica, tradizione locale che emerge in tutto il suo splendore durante le festivit\u00e0. Inoltre BiancoLatte, una mostra mercato di tutti i prodotti lattiero caseari prodotti nell\u2019Alta ossola. Per i pi\u00f9 sportivi, itinerari a piedi tra le mulattiere, per scoprire la natura rigogliosa di questa terra, percorsi facili adatti a famiglie e bambini. Di contorno a tutta la manifestazione concerti e musica.<\/p>\n<h3><strong>MELE E MIELE<\/strong><\/h3>\n<p>A fine ottobre a <strong>Baceno<\/strong> si svolge <strong>Mele e Miele<\/strong>, una mostra agroalimentare e artigianato. Il concetto della mostra \u00e8 \u201cin cammino tra roccia e cielo\u201d, si mettono in risalto infatti tutte le eccellenze del territorio a partire dal cibo, fino ai percorsi di montagna tanto cari alla comunit\u00e0 che continua giorno dopo giorno a preservarne la genuinit\u00e0 e la tradizione. La montagna offre grandi ricchezze, ma tanto sacrificio, e lo spopolamento dei decenni scorsi si combatte anche con un turismo sostenibile e organizzato. Mele e Miele offre uno spaccato delle tradizioni alpine ed \u00e8 un invito alla sua scoperta rivolto ai turisti e ai pi\u00f9 giovani.<\/p>\n<div id=\"attachment_22035\" style=\"width: 1034px\" class=\"wp-caption alignnone\"><img loading=\"lazy\" decoding=\"async\" aria-describedby=\"caption-attachment-22035\" class=\"wp-image-22035 size-large\" src=\"https:\/\/www.charminly.com\/wp-content\/uploads\/2017\/09\/presepe_sullacqua-vcoazzurra_opt-1024x678.jpg\" alt=\"\" width=\"1024\" height=\"678\" srcset=\"https:\/\/www.charminly.com\/wp-content\/uploads\/2017\/09\/presepe_sullacqua-vcoazzurra_opt.jpg 1024w, https:\/\/www.charminly.com\/wp-content\/uploads\/2017\/09\/presepe_sullacqua-vcoazzurra_opt-300x199.jpg 300w, https:\/\/www.charminly.com\/wp-content\/uploads\/2017\/09\/presepe_sullacqua-vcoazzurra_opt-768x509.jpg 768w, https:\/\/www.charminly.com\/wp-content\/uploads\/2017\/09\/presepe_sullacqua-vcoazzurra_opt-105x70.jpg 105w\" sizes=\"auto, (max-width: 1024px) 100vw, 1024px\" \/><p id=\"caption-attachment-22035\" class=\"wp-caption-text\">Presepi Sull\u2019Acqua, Crodo foto vcoazzurra<\/p><\/div>\n<h3><strong>PRESEPI SULL\u2019ACQUA<\/strong><\/h3>\n<p>Tra dicembre e gennaio, a <strong>Crodo <\/strong>e nelle sue frazioni, potrete assistere a <strong>Presepi Sull\u2019Acqua<\/strong>. La magia del Natale nei piccoli borghi innevati \u00e8 qualcosa di unico! Per completare questa atmosfera da sogno la comunit\u00e0 prepara oltre quaranta presepi allestiti sulle fontane o sui lavatoi. Camminare per queste vie vuol dire scoprire il Natale fatto di cose semplici e allo stesso tempo spettacolari, con le figure del presepe realizzate con materiali locali come pietra, legno e tessuti, e il gorgoglio dell\u2019acqua in sottofondo. Per non perdere nemmeno uno dei Presepi sull\u2019Acqua \u00e8 disponibile una mappa con tutto il percorso.<\/p>\n<hr \/>\n<div class=\"article_container\"><h2 class=\"shortcode_title\">Charming home nelle vicinanze<\/h2><div class=\"listinglink-wrapper\">\n                           <a href=\"https:\/\/www.charminly.com\/listings\/relais-country-houses-en\/\"> <span class=\"wpresidence_button\"> more listings <\/span><\/a>\n                       <\/div><\/div>\n","protected":false},"excerpt":{"rendered":"<p>FIOR D\u2019ACQUA Durante l\u2019estate, a Crodo e nelle sue frazioni, potrete assistere a Fior D\u2019Acqua, una manifestazione nata per valorizzare le bellezze dei borghi di montagna. Questi paesi conservano ancora i vecchi lavatoi in pietra, molte fontane e gli abbeveratoi per gli animali che per l\u2019occasione vengono decorate con fiori variopinti. Si creano cos\u00ec piccoli giardini sull\u2019acqua da visitare lungo percorsi delineati dalla stessa &#8230;<\/p>\n","protected":false},"author":6,"featured_media":22037,"comment_status":"closed","ping_status":"closed","sticky":false,"template":"","format":"standard","meta":{"_acf_changed":false,"footnotes":""},"categories":[144],"tags":[629],"class_list":["post-22031","post","type-post","status-publish","format-standard","has-post-thumbnail","hentry","category-feste-tradizioni-arti-e-mestieri","tag-cosa-fare-in-piemonte"],"acf":[],"yoast_head":"<!-- This site is optimized with the Yoast SEO plugin v23.9 - https:\/\/yoast.com\/wordpress\/plugins\/seo\/ -->\n<title>Dai giardini sull\u2019acqua, presepi e prodotti tipici tra i borghi dell\u2019Ossola<\/title>\n<meta name=\"description\" content=\"Dai giardini sull\u2019acqua, presepi e prodotti tipici tra i borghi dell\u2019Ossola\" \/>\n<meta name=\"robots\" content=\"index, follow, max-snippet:-1, max-image-preview:large, max-video-preview:-1\" \/>\n<link rel=\"canonical\" href=\"https:\/\/www.charminly.com\/it\/dai-giardini-sullacqua-presepi-e-prodotti-tipici-tra-i-borghi-dellossola\/\" \/>\n<meta property=\"og:locale\" content=\"it_IT\" \/>\n<meta property=\"og:type\" content=\"article\" \/>\n<meta property=\"og:title\" content=\"Dai giardini sull\u2019acqua, presepi e prodotti tipici tra i borghi dell\u2019Ossola\" \/>\n<meta property=\"og:description\" content=\"Dai giardini sull\u2019acqua, presepi e prodotti tipici tra i borghi dell\u2019Ossola\" \/>\n<meta property=\"og:url\" content=\"https:\/\/www.charminly.com\/it\/dai-giardini-sullacqua-presepi-e-prodotti-tipici-tra-i-borghi-dellossola\/\" \/>\n<meta property=\"article:publisher\" content=\"https:\/\/www.facebook.com\/charminlyitalia\/\" \/>\n<meta property=\"article:published_time\" content=\"2017-09-27T10:12:10+00:00\" \/>\n<meta property=\"article:modified_time\" content=\"2020-01-15T16:33:40+00:00\" \/>\n<meta property=\"og:image\" content=\"https:\/\/www.charminly.com\/wp-content\/uploads\/2017\/09\/presepe_sullacqua-vcoazzurra_opt.jpg\" \/>\n\t<meta property=\"og:image:width\" content=\"1024\" \/>\n\t<meta property=\"og:image:height\" content=\"678\" \/>\n\t<meta property=\"og:image:type\" content=\"image\/jpeg\" \/>\n<meta name=\"author\" content=\"Ivan Lopez\" \/>\n<meta name=\"twitter:card\" content=\"summary_large_image\" \/>\n<meta name=\"twitter:creator\" content=\"@charminly_com\" \/>\n<meta name=\"twitter:site\" content=\"@charminly_com\" \/>\n<meta name=\"twitter:label1\" content=\"Scritto da\" \/>\n\t<meta name=\"twitter:data1\" content=\"Ivan Lopez\" \/>\n\t<meta name=\"twitter:label2\" content=\"Tempo di lettura stimato\" \/>\n\t<meta name=\"twitter:data2\" content=\"3 minuti\" \/>\n<script type=\"application\/ld+json\" class=\"yoast-schema-graph\">{\"@context\":\"https:\/\/schema.org\",\"@graph\":[{\"@type\":\"Article\",\"@id\":\"https:\/\/www.charminly.com\/it\/dai-giardini-sullacqua-presepi-e-prodotti-tipici-tra-i-borghi-dellossola\/#article\",\"isPartOf\":{\"@id\":\"https:\/\/www.charminly.com\/it\/dai-giardini-sullacqua-presepi-e-prodotti-tipici-tra-i-borghi-dellossola\/\"},\"author\":{\"name\":\"Ivan Lopez\",\"@id\":\"https:\/\/www.charminly.com\/it\/#\/schema\/person\/52806bb74f5c81bbf5f0989dd952c7ea\"},\"headline\":\"Dai giardini sull\u2019acqua, presepi e prodotti tipici tra i borghi dell\u2019Ossola\",\"datePublished\":\"2017-09-27T10:12:10+00:00\",\"dateModified\":\"2020-01-15T16:33:40+00:00\",\"mainEntityOfPage\":{\"@id\":\"https:\/\/www.charminly.com\/it\/dai-giardini-sullacqua-presepi-e-prodotti-tipici-tra-i-borghi-dellossola\/\"},\"wordCount\":567,\"publisher\":{\"@id\":\"https:\/\/www.charminly.com\/it\/#organization\"},\"image\":{\"@id\":\"https:\/\/www.charminly.com\/it\/dai-giardini-sullacqua-presepi-e-prodotti-tipici-tra-i-borghi-dellossola\/#primaryimage\"},\"thumbnailUrl\":\"https:\/\/www.charminly.com\/wp-content\/uploads\/2017\/09\/presepe_sullacqua-vcoazzurra_opt.jpg\",\"keywords\":[\"Cosa fare in Piemonte\"],\"articleSection\":[\"Feste, tradizioni, arti e mestieri\"],\"inLanguage\":\"it-IT\"},{\"@type\":\"WebPage\",\"@id\":\"https:\/\/www.charminly.com\/it\/dai-giardini-sullacqua-presepi-e-prodotti-tipici-tra-i-borghi-dellossola\/\",\"url\":\"https:\/\/www.charminly.com\/it\/dai-giardini-sullacqua-presepi-e-prodotti-tipici-tra-i-borghi-dellossola\/\",\"name\":\"Dai giardini sull\u2019acqua, presepi e prodotti tipici tra i borghi dell\u2019Ossola\",\"isPartOf\":{\"@id\":\"https:\/\/www.charminly.com\/it\/#website\"},\"primaryImageOfPage\":{\"@id\":\"https:\/\/www.charminly.com\/it\/dai-giardini-sullacqua-presepi-e-prodotti-tipici-tra-i-borghi-dellossola\/#primaryimage\"},\"image\":{\"@id\":\"https:\/\/www.charminly.com\/it\/dai-giardini-sullacqua-presepi-e-prodotti-tipici-tra-i-borghi-dellossola\/#primaryimage\"},\"thumbnailUrl\":\"https:\/\/www.charminly.com\/wp-content\/uploads\/2017\/09\/presepe_sullacqua-vcoazzurra_opt.jpg\",\"datePublished\":\"2017-09-27T10:12:10+00:00\",\"dateModified\":\"2020-01-15T16:33:40+00:00\",\"description\":\"Dai giardini sull\u2019acqua, presepi e prodotti tipici tra i borghi dell\u2019Ossola\",\"breadcrumb\":{\"@id\":\"https:\/\/www.charminly.com\/it\/dai-giardini-sullacqua-presepi-e-prodotti-tipici-tra-i-borghi-dellossola\/#breadcrumb\"},\"inLanguage\":\"it-IT\",\"potentialAction\":[{\"@type\":\"ReadAction\",\"target\":[\"https:\/\/www.charminly.com\/it\/dai-giardini-sullacqua-presepi-e-prodotti-tipici-tra-i-borghi-dellossola\/\"]}]},{\"@type\":\"ImageObject\",\"inLanguage\":\"it-IT\",\"@id\":\"https:\/\/www.charminly.com\/it\/dai-giardini-sullacqua-presepi-e-prodotti-tipici-tra-i-borghi-dellossola\/#primaryimage\",\"url\":\"https:\/\/www.charminly.com\/wp-content\/uploads\/2017\/09\/presepe_sullacqua-vcoazzurra_opt.jpg\",\"contentUrl\":\"https:\/\/www.charminly.com\/wp-content\/uploads\/2017\/09\/presepe_sullacqua-vcoazzurra_opt.jpg\",\"width\":1024,\"height\":678},{\"@type\":\"BreadcrumbList\",\"@id\":\"https:\/\/www.charminly.com\/it\/dai-giardini-sullacqua-presepi-e-prodotti-tipici-tra-i-borghi-dellossola\/#breadcrumb\",\"itemListElement\":[{\"@type\":\"ListItem\",\"position\":1,\"name\":\"Home\",\"item\":\"https:\/\/www.charminly.com\/it\/\"},{\"@type\":\"ListItem\",\"position\":2,\"name\":\"Cosa fare in Piemonte\",\"item\":\"https:\/\/www.charminly.com\/it\/tag\/cosa-fare-in-piemonte\/\"},{\"@type\":\"ListItem\",\"position\":3,\"name\":\"Dai giardini sull\u2019acqua, presepi e prodotti tipici tra i borghi dell\u2019Ossola\"}]},{\"@type\":\"WebSite\",\"@id\":\"https:\/\/www.charminly.com\/it\/#website\",\"url\":\"https:\/\/www.charminly.com\/it\/\",\"name\":\"\",\"description\":\"\",\"publisher\":{\"@id\":\"https:\/\/www.charminly.com\/it\/#organization\"},\"potentialAction\":[{\"@type\":\"SearchAction\",\"target\":{\"@type\":\"EntryPoint\",\"urlTemplate\":\"https:\/\/www.charminly.com\/it\/?s={search_term_string}\"},\"query-input\":{\"@type\":\"PropertyValueSpecification\",\"valueRequired\":true,\"valueName\":\"search_term_string\"}}],\"inLanguage\":\"it-IT\"},{\"@type\":\"Organization\",\"@id\":\"https:\/\/www.charminly.com\/it\/#organization\",\"name\":\"Charminly.com\",\"url\":\"https:\/\/www.charminly.com\/it\/\",\"logo\":{\"@type\":\"ImageObject\",\"inLanguage\":\"it-IT\",\"@id\":\"https:\/\/www.charminly.com\/it\/#\/schema\/logo\/image\/\",\"url\":\"https:\/\/www.charminly.com\/wp-content\/uploads\/2014\/10\/logo.png\",\"contentUrl\":\"https:\/\/www.charminly.com\/wp-content\/uploads\/2014\/10\/logo.png\",\"width\":264,\"height\":115,\"caption\":\"Charminly.com\"},\"image\":{\"@id\":\"https:\/\/www.charminly.com\/it\/#\/schema\/logo\/image\/\"},\"sameAs\":[\"https:\/\/www.facebook.com\/charminlyitalia\/\",\"https:\/\/x.com\/charminly_com\"]},{\"@type\":\"Person\",\"@id\":\"https:\/\/www.charminly.com\/it\/#\/schema\/person\/52806bb74f5c81bbf5f0989dd952c7ea\",\"name\":\"Ivan Lopez\",\"image\":{\"@type\":\"ImageObject\",\"inLanguage\":\"it-IT\",\"@id\":\"https:\/\/www.charminly.com\/it\/#\/schema\/person\/image\/\",\"url\":\"https:\/\/secure.gravatar.com\/avatar\/e8aef7257c7a278cfcb908e241d9761c?s=96&d=mm&r=g\",\"contentUrl\":\"https:\/\/secure.gravatar.com\/avatar\/e8aef7257c7a278cfcb908e241d9761c?s=96&d=mm&r=g\",\"caption\":\"Ivan Lopez\"},\"url\":\"https:\/\/www.charminly.com\/it\/author\/ivan\/\"}]}<\/script>\n<!-- \/ Yoast SEO plugin. -->","yoast_head_json":{"title":"Dai giardini sull\u2019acqua, presepi e prodotti tipici tra i borghi dell\u2019Ossola","description":"Dai giardini sull\u2019acqua, presepi e prodotti tipici tra i borghi dell\u2019Ossola","robots":{"index":"index","follow":"follow","max-snippet":"max-snippet:-1","max-image-preview":"max-image-preview:large","max-video-preview":"max-video-preview:-1"},"canonical":"https:\/\/www.charminly.com\/it\/dai-giardini-sullacqua-presepi-e-prodotti-tipici-tra-i-borghi-dellossola\/","og_locale":"it_IT","og_type":"article","og_title":"Dai giardini sull\u2019acqua, presepi e prodotti tipici tra i borghi dell\u2019Ossola","og_description":"Dai giardini sull\u2019acqua, presepi e prodotti tipici tra i borghi dell\u2019Ossola","og_url":"https:\/\/www.charminly.com\/it\/dai-giardini-sullacqua-presepi-e-prodotti-tipici-tra-i-borghi-dellossola\/","article_publisher":"https:\/\/www.facebook.com\/charminlyitalia\/","article_published_time":"2017-09-27T10:12:10+00:00","article_modified_time":"2020-01-15T16:33:40+00:00","og_image":[{"width":1024,"height":678,"url":"https:\/\/www.charminly.com\/wp-content\/uploads\/2017\/09\/presepe_sullacqua-vcoazzurra_opt.jpg","type":"image\/jpeg"}],"author":"Ivan Lopez","twitter_card":"summary_large_image","twitter_creator":"@charminly_com","twitter_site":"@charminly_com","twitter_misc":{"Scritto da":"Ivan Lopez","Tempo di lettura stimato":"3 minuti"},"schema":{"@context":"https:\/\/schema.org","@graph":[{"@type":"Article","@id":"https:\/\/www.charminly.com\/it\/dai-giardini-sullacqua-presepi-e-prodotti-tipici-tra-i-borghi-dellossola\/#article","isPartOf":{"@id":"https:\/\/www.charminly.com\/it\/dai-giardini-sullacqua-presepi-e-prodotti-tipici-tra-i-borghi-dellossola\/"},"author":{"name":"Ivan Lopez","@id":"https:\/\/www.charminly.com\/it\/#\/schema\/person\/52806bb74f5c81bbf5f0989dd952c7ea"},"headline":"Dai giardini sull\u2019acqua, presepi e prodotti tipici tra i borghi dell\u2019Ossola","datePublished":"2017-09-27T10:12:10+00:00","dateModified":"2020-01-15T16:33:40+00:00","mainEntityOfPage":{"@id":"https:\/\/www.charminly.com\/it\/dai-giardini-sullacqua-presepi-e-prodotti-tipici-tra-i-borghi-dellossola\/"},"wordCount":567,"publisher":{"@id":"https:\/\/www.charminly.com\/it\/#organization"},"image":{"@id":"https:\/\/www.charminly.com\/it\/dai-giardini-sullacqua-presepi-e-prodotti-tipici-tra-i-borghi-dellossola\/#primaryimage"},"thumbnailUrl":"https:\/\/www.charminly.com\/wp-content\/uploads\/2017\/09\/presepe_sullacqua-vcoazzurra_opt.jpg","keywords":["Cosa fare in Piemonte"],"articleSection":["Feste, tradizioni, arti e mestieri"],"inLanguage":"it-IT"},{"@type":"WebPage","@id":"https:\/\/www.charminly.com\/it\/dai-giardini-sullacqua-presepi-e-prodotti-tipici-tra-i-borghi-dellossola\/","url":"https:\/\/www.charminly.com\/it\/dai-giardini-sullacqua-presepi-e-prodotti-tipici-tra-i-borghi-dellossola\/","name":"Dai giardini sull\u2019acqua, presepi e prodotti tipici tra i borghi dell\u2019Ossola","isPartOf":{"@id":"https:\/\/www.charminly.com\/it\/#website"},"primaryImageOfPage":{"@id":"https:\/\/www.charminly.com\/it\/dai-giardini-sullacqua-presepi-e-prodotti-tipici-tra-i-borghi-dellossola\/#primaryimage"},"image":{"@id":"https:\/\/www.charminly.com\/it\/dai-giardini-sullacqua-presepi-e-prodotti-tipici-tra-i-borghi-dellossola\/#primaryimage"},"thumbnailUrl":"https:\/\/www.charminly.com\/wp-content\/uploads\/2017\/09\/presepe_sullacqua-vcoazzurra_opt.jpg","datePublished":"2017-09-27T10:12:10+00:00","dateModified":"2020-01-15T16:33:40+00:00","description":"Dai giardini sull\u2019acqua, presepi e prodotti tipici tra i borghi dell\u2019Ossola","breadcrumb":{"@id":"https:\/\/www.charminly.com\/it\/dai-giardini-sullacqua-presepi-e-prodotti-tipici-tra-i-borghi-dellossola\/#breadcrumb"},"inLanguage":"it-IT","potentialAction":[{"@type":"ReadAction","target":["https:\/\/www.charminly.com\/it\/dai-giardini-sullacqua-presepi-e-prodotti-tipici-tra-i-borghi-dellossola\/"]}]},{"@type":"ImageObject","inLanguage":"it-IT","@id":"https:\/\/www.charminly.com\/it\/dai-giardini-sullacqua-presepi-e-prodotti-tipici-tra-i-borghi-dellossola\/#primaryimage","url":"https:\/\/www.charminly.com\/wp-content\/uploads\/2017\/09\/presepe_sullacqua-vcoazzurra_opt.jpg","contentUrl":"https:\/\/www.charminly.com\/wp-content\/uploads\/2017\/09\/presepe_sullacqua-vcoazzurra_opt.jpg","width":1024,"height":678},{"@type":"BreadcrumbList","@id":"https:\/\/www.charminly.com\/it\/dai-giardini-sullacqua-presepi-e-prodotti-tipici-tra-i-borghi-dellossola\/#breadcrumb","itemListElement":[{"@type":"ListItem","position":1,"name":"Home","item":"https:\/\/www.charminly.com\/it\/"},{"@type":"ListItem","position":2,"name":"Cosa fare in Piemonte","item":"https:\/\/www.charminly.com\/it\/tag\/cosa-fare-in-piemonte\/"},{"@type":"ListItem","position":3,"name":"Dai giardini sull\u2019acqua, presepi e prodotti tipici tra i borghi dell\u2019Ossola"}]},{"@type":"WebSite","@id":"https:\/\/www.charminly.com\/it\/#website","url":"https:\/\/www.charminly.com\/it\/","name":"","description":"","publisher":{"@id":"https:\/\/www.charminly.com\/it\/#organization"},"potentialAction":[{"@type":"SearchAction","target":{"@type":"EntryPoint","urlTemplate":"https:\/\/www.charminly.com\/it\/?s={search_term_string}"},"query-input":{"@type":"PropertyValueSpecification","valueRequired":true,"valueName":"search_term_string"}}],"inLanguage":"it-IT"},{"@type":"Organization","@id":"https:\/\/www.charminly.com\/it\/#organization","name":"Charminly.com","url":"https:\/\/www.charminly.com\/it\/","logo":{"@type":"ImageObject","inLanguage":"it-IT","@id":"https:\/\/www.charminly.com\/it\/#\/schema\/logo\/image\/","url":"https:\/\/www.charminly.com\/wp-content\/uploads\/2014\/10\/logo.png","contentUrl":"https:\/\/www.charminly.com\/wp-content\/uploads\/2014\/10\/logo.png","width":264,"height":115,"caption":"Charminly.com"},"image":{"@id":"https:\/\/www.charminly.com\/it\/#\/schema\/logo\/image\/"},"sameAs":["https:\/\/www.facebook.com\/charminlyitalia\/","https:\/\/x.com\/charminly_com"]},{"@type":"Person","@id":"https:\/\/www.charminly.com\/it\/#\/schema\/person\/52806bb74f5c81bbf5f0989dd952c7ea","name":"Ivan Lopez","image":{"@type":"ImageObject","inLanguage":"it-IT","@id":"https:\/\/www.charminly.com\/it\/#\/schema\/person\/image\/","url":"https:\/\/secure.gravatar.com\/avatar\/e8aef7257c7a278cfcb908e241d9761c?s=96&d=mm&r=g","contentUrl":"https:\/\/secure.gravatar.com\/avatar\/e8aef7257c7a278cfcb908e241d9761c?s=96&d=mm&r=g","caption":"Ivan Lopez"},"url":"https:\/\/www.charminly.com\/it\/author\/ivan\/"}]}},"_links":{"self":[{"href":"https:\/\/www.charminly.com\/it\/wp-json\/wp\/v2\/posts\/22031","targetHints":{"allow":["GET"]}}],"collection":[{"href":"https:\/\/www.charminly.com\/it\/wp-json\/wp\/v2\/posts"}],"about":[{"href":"https:\/\/www.charminly.com\/it\/wp-json\/wp\/v2\/types\/post"}],"author":[{"embeddable":true,"href":"https:\/\/www.charminly.com\/it\/wp-json\/wp\/v2\/users\/6"}],"replies":[{"embeddable":true,"href":"https:\/\/www.charminly.com\/it\/wp-json\/wp\/v2\/comments?post=22031"}],"version-history":[{"count":0,"href":"https:\/\/www.charminly.com\/it\/wp-json\/wp\/v2\/posts\/22031\/revisions"}],"wp:featuredmedia":[{"embeddable":true,"href":"https:\/\/www.charminly.com\/it\/wp-json\/wp\/v2\/media\/22037"}],"wp:attachment":[{"href":"https:\/\/www.charminly.com\/it\/wp-json\/wp\/v2\/media?parent=22031"}],"wp:term":[{"taxonomy":"category","embeddable":true,"href":"https:\/\/www.charminly.com\/it\/wp-json\/wp\/v2\/categories?post=22031"},{"taxonomy":"post_tag","embeddable":true,"href":"https:\/\/www.charminly.com\/it\/wp-json\/wp\/v2\/tags?post=22031"}],"curies":[{"name":"wp","href":"https:\/\/api.w.org\/{rel}","templated":true}]}}