{"id":21781,"date":"2017-09-27T11:57:15","date_gmt":"2017-09-27T09:57:15","guid":{"rendered":"https:\/\/www.charminly.com\/?p=21781\/"},"modified":"2020-01-15T17:25:02","modified_gmt":"2020-01-15T16:25:02","slug":"i-festival-cinematografici-e-le-rappresentazioni-del-natale-nelle-isole-eolie","status":"publish","type":"post","link":"https:\/\/www.charminly.com\/it\/i-festival-cinematografici-e-le-rappresentazioni-del-natale-nelle-isole-eolie\/","title":{"rendered":"I festival cinematografici e le rappresentazioni del Natale nelle Isole Eolie"},"content":{"rendered":"<p>Durante una vacanza presso l\u2019<a href=\"https:\/\/www.charminly.com\/it\/properties\/mamma-santina-it\/\"><strong>Hotel Mamma Santina<\/strong><\/a>, che si trova a <a href=\"https:\/\/www.charminly.com\/it\/area\/santa-marina-salina-it\/\"><strong>Santa Marina Salina<\/strong><\/a>, nelle <strong>Isole Eolie<\/strong>, in provincia di <strong>Messina<\/strong>, in <strong>Sicilia<\/strong>, potrete partecipare a i\u00a0festival cinematografici e le rappresentazioni del Natale nelle Isole Eolie.<\/p>\n<h3><strong>SALINA ISLAND SLOW<\/strong><\/h3>\n<p>Nel mese di Maggio nell\u2019<strong>Isola di Salina<\/strong>, si svolge <strong>Salina Isola Slow<\/strong>. La Comunit\u00e0 del Cibo di Salina organizza la sagra da 14 anni per far conoscere i prodotti del suo territorio, come ad esempio i capperi. Tutta la manifestazione \u00e8 incentrata sul concetto di Slow Food e del km zero per favorire prodotti locali tipici spesso ottenuti con metodi tradizionali, lontani dai ritmi e dai processi industriali. La Comunit\u00e0 promuove un tipo di turismo che definisce Ecogastronomico, perch\u00e9 la produzione alimentare non pu\u00f2 slegarsi dalla terra e dai paesaggi naturalistici che vanno utilizzati e al contempo tutelati.<\/p>\n<h3><strong>SAGRA DEL CAPPERO<\/strong><\/h3>\n<p>Nel mese di Giugno, a <strong>Pollara<\/strong>, nell\u2019<strong>Isola di Salina<\/strong>, si svolge la <strong>Sagra del Cappero<\/strong>, dedicata ad uno dei prodotti alimentari principali dell\u2019isola. La variet\u00e0 presente nell\u2019isola \u00e8 la Tondina o Nocellara, la raccolta inizia a maggio per proseguire durante tutta l\u2019estate. I capperi vengono conservati sotto sale, sott\u2019aceto o sott\u2019olio e utilizzati in tantissime ricette, ad esempio nel sugo, nella caponata di melanzane o nei piatti a base di pesce.<\/p>\n<h3><strong>SALINA DOC FEST<\/strong><\/h3>\n<p>In Giugno nell\u2019<strong>Isola di Salina<\/strong> si svolge <strong>Salina Doc Fest<\/strong>, un festival del documentario narrativo. Da oltre dieci anni il festival accoglie opere di registi italiani e stranieri che raccontano storie di vita vissuta, in ogni parte del mondo. Dal suo esordio il festival ha visto 12 paesi partecipanti e oltre mille film iscritti. Il concorso internazionale \u00e8 affiancato a proiezioni e presentazioni di film in sezioni non competitive. Vengono assegnati il premio al miglior film da parte della giuria e un premio al miglior film scelto dal pubblico. Durante i giorni del festival si tengono interessanti seminari e dibattiti sul cinema, sulla distribuzione, sulle leggi e le normative e altri argomenti fondamentali per registri, produttori, e tutti gli addetti ai lavori.<\/p>\n<div id=\"attachment_21782\" style=\"width: 1034px\" class=\"wp-caption alignnone\"><img loading=\"lazy\" decoding=\"async\" aria-describedby=\"caption-attachment-21782\" class=\"wp-image-21782 size-large\" src=\"https:\/\/www.charminly.com\/wp-content\/uploads\/2017\/08\/marefestival-marefestivalsalina_opt-1024x682.jpg\" alt=\"\" width=\"1024\" height=\"682\" srcset=\"https:\/\/www.charminly.com\/wp-content\/uploads\/2017\/08\/marefestival-marefestivalsalina_opt.jpg 1024w, https:\/\/www.charminly.com\/wp-content\/uploads\/2017\/08\/marefestival-marefestivalsalina_opt-300x200.jpg 300w, https:\/\/www.charminly.com\/wp-content\/uploads\/2017\/08\/marefestival-marefestivalsalina_opt-768x512.jpg 768w, https:\/\/www.charminly.com\/wp-content\/uploads\/2017\/08\/marefestival-marefestivalsalina_opt-105x70.jpg 105w\" sizes=\"auto, (max-width: 1024px) 100vw, 1024px\" \/><p id=\"caption-attachment-21782\" class=\"wp-caption-text\">Marefestival &#8211; Troisi Award, foto marefestivalsalina<\/p><\/div>\n<h3><strong>MAREFESTIVAL &#8211; TROISI AWARD<\/strong><\/h3>\n<p>Nel mese di Luglio tra l\u2019<strong>Isola di Salina<\/strong><strong>, Milazzo e Messina<\/strong>, si svolge <strong>Marefestival &#8211;<\/strong> <strong>Premio Troisi<\/strong>. Si tratta di un festival cinematografico dedicato a Massimo Troisi che gir\u00f2 proprio a Salina il suo capolavoro \u201cIl Postino\u201d. Il festival prevede la proiezione di film, cortometraggi e documentari, inoltre concerti, mostre e sfilate di moda. I premi assegnati ai film sono il Premio Troisi, il Marefestival Salina, e le Targhe d\u2019Argento. Nel 2017 Marefestival si svolge per la sesta edizione ed \u00e8 gi\u00e0 un successo di pubblico e di critica.<\/p>\n<h3><strong>CHRISTMAS LIVING CRIB <\/strong><\/h3>\n<p>Da Dicembre a Gennaio a <strong>Leni<\/strong>, nell\u2019Isola di Salina, si rappresenta il <strong>Presepe Vivente<\/strong>. Ogni anno viene scelto un angolo suggestivo del territorio per allestire la rappresentazione e offrire ogni volta uno spettacolo diverso. Dalla prima edizione di vent\u2019anni fa gli abitanti hanno sempre partecipato con grande entusiasmo mettendo in scena un presepe con la tradizionale scena della Nativit\u00e0 e con tanti altre rappresentazioni di attivit\u00e0 e antichi mestieri tipici del territorio<\/p>\n<hr \/>\n<div class=\"article_container\"><h2 class=\"shortcode_title\">Charming home nelle vicinanze<\/h2><div class=\"listinglink-wrapper\">\n                           <a href=\"https:\/\/www.charminly.com\/listings\/relais-country-houses-en\/\"> <span class=\"wpresidence_button\"> more listings <\/span><\/a>\n                       <\/div><\/div>\n","protected":false},"excerpt":{"rendered":"<p>Durante una vacanza presso l\u2019Hotel Mamma Santina, che si trova a Santa Marina Salina, nelle Isole Eolie, in provincia di Messina, in Sicilia, potrete partecipare a i\u00a0festival cinematografici e le rappresentazioni del Natale nelle Isole Eolie. SALINA ISLAND SLOW Nel mese di Maggio nell\u2019Isola di Salina, si svolge Salina Isola Slow. La Comunit\u00e0 del Cibo di Salina organizza la sagra da 14 anni per &#8230;<\/p>\n","protected":false},"author":6,"featured_media":21784,"comment_status":"closed","ping_status":"closed","sticky":false,"template":"","format":"standard","meta":{"_acf_changed":false,"footnotes":""},"categories":[144],"tags":[660],"class_list":["post-21781","post","type-post","status-publish","format-standard","has-post-thumbnail","hentry","category-feste-tradizioni-arti-e-mestieri","tag-cosa-fare-in-sicilia"],"acf":[],"yoast_head":"<!-- This site is optimized with the Yoast SEO plugin v23.9 - https:\/\/yoast.com\/wordpress\/plugins\/seo\/ -->\n<title>I festival cinematografici e le rappresentazioni del Natale nelle Isole Eolie<\/title>\n<meta name=\"description\" content=\"Prenotando all\u2019Hotel Mamma Santina, a Santa Marina Salina, potrete scoprire i\u00a0festival cinematografici e le rappresentazioni del Natale nelle Isole Eolie\" \/>\n<meta name=\"robots\" content=\"index, follow, max-snippet:-1, max-image-preview:large, max-video-preview:-1\" \/>\n<link rel=\"canonical\" href=\"https:\/\/www.charminly.com\/it\/i-festival-cinematografici-e-le-rappresentazioni-del-natale-nelle-isole-eolie\/\" \/>\n<meta property=\"og:locale\" content=\"it_IT\" \/>\n<meta property=\"og:type\" content=\"article\" \/>\n<meta property=\"og:title\" content=\"I festival cinematografici e le rappresentazioni del Natale nelle Isole Eolie\" \/>\n<meta property=\"og:description\" content=\"Prenotando all\u2019Hotel Mamma Santina, a Santa Marina Salina, potrete scoprire i\u00a0festival cinematografici e le rappresentazioni del Natale nelle Isole Eolie\" \/>\n<meta property=\"og:url\" content=\"https:\/\/www.charminly.com\/it\/i-festival-cinematografici-e-le-rappresentazioni-del-natale-nelle-isole-eolie\/\" \/>\n<meta property=\"article:publisher\" content=\"https:\/\/www.facebook.com\/charminlyitalia\/\" \/>\n<meta property=\"article:published_time\" content=\"2017-09-27T09:57:15+00:00\" \/>\n<meta property=\"article:modified_time\" content=\"2020-01-15T16:25:02+00:00\" \/>\n<meta property=\"og:image\" content=\"https:\/\/www.charminly.com\/wp-content\/uploads\/2017\/08\/marefestival-marefestivalsalina_opt.jpg\" \/>\n\t<meta property=\"og:image:width\" content=\"1024\" \/>\n\t<meta property=\"og:image:height\" content=\"682\" \/>\n\t<meta property=\"og:image:type\" content=\"image\/jpeg\" \/>\n<meta name=\"author\" content=\"Ivan Lopez\" \/>\n<meta name=\"twitter:card\" content=\"summary_large_image\" \/>\n<meta name=\"twitter:creator\" content=\"@charminly_com\" \/>\n<meta name=\"twitter:site\" content=\"@charminly_com\" \/>\n<meta name=\"twitter:label1\" content=\"Scritto da\" \/>\n\t<meta name=\"twitter:data1\" content=\"Ivan Lopez\" \/>\n\t<meta name=\"twitter:label2\" content=\"Tempo di lettura stimato\" \/>\n\t<meta name=\"twitter:data2\" content=\"3 minuti\" \/>\n<script type=\"application\/ld+json\" class=\"yoast-schema-graph\">{\"@context\":\"https:\/\/schema.org\",\"@graph\":[{\"@type\":\"Article\",\"@id\":\"https:\/\/www.charminly.com\/it\/i-festival-cinematografici-e-le-rappresentazioni-del-natale-nelle-isole-eolie\/#article\",\"isPartOf\":{\"@id\":\"https:\/\/www.charminly.com\/it\/i-festival-cinematografici-e-le-rappresentazioni-del-natale-nelle-isole-eolie\/\"},\"author\":{\"name\":\"Ivan Lopez\",\"@id\":\"https:\/\/www.charminly.com\/it\/#\/schema\/person\/52806bb74f5c81bbf5f0989dd952c7ea\"},\"headline\":\"I festival cinematografici e le rappresentazioni del Natale nelle Isole Eolie\",\"datePublished\":\"2017-09-27T09:57:15+00:00\",\"dateModified\":\"2020-01-15T16:25:02+00:00\",\"mainEntityOfPage\":{\"@id\":\"https:\/\/www.charminly.com\/it\/i-festival-cinematografici-e-le-rappresentazioni-del-natale-nelle-isole-eolie\/\"},\"wordCount\":561,\"publisher\":{\"@id\":\"https:\/\/www.charminly.com\/it\/#organization\"},\"image\":{\"@id\":\"https:\/\/www.charminly.com\/it\/i-festival-cinematografici-e-le-rappresentazioni-del-natale-nelle-isole-eolie\/#primaryimage\"},\"thumbnailUrl\":\"https:\/\/www.charminly.com\/wp-content\/uploads\/2017\/08\/marefestival-marefestivalsalina_opt.jpg\",\"keywords\":[\"Cosa fare in Sicilia\"],\"articleSection\":[\"Feste, tradizioni, arti e mestieri\"],\"inLanguage\":\"it-IT\"},{\"@type\":\"WebPage\",\"@id\":\"https:\/\/www.charminly.com\/it\/i-festival-cinematografici-e-le-rappresentazioni-del-natale-nelle-isole-eolie\/\",\"url\":\"https:\/\/www.charminly.com\/it\/i-festival-cinematografici-e-le-rappresentazioni-del-natale-nelle-isole-eolie\/\",\"name\":\"I festival cinematografici e le rappresentazioni del Natale nelle Isole Eolie\",\"isPartOf\":{\"@id\":\"https:\/\/www.charminly.com\/it\/#website\"},\"primaryImageOfPage\":{\"@id\":\"https:\/\/www.charminly.com\/it\/i-festival-cinematografici-e-le-rappresentazioni-del-natale-nelle-isole-eolie\/#primaryimage\"},\"image\":{\"@id\":\"https:\/\/www.charminly.com\/it\/i-festival-cinematografici-e-le-rappresentazioni-del-natale-nelle-isole-eolie\/#primaryimage\"},\"thumbnailUrl\":\"https:\/\/www.charminly.com\/wp-content\/uploads\/2017\/08\/marefestival-marefestivalsalina_opt.jpg\",\"datePublished\":\"2017-09-27T09:57:15+00:00\",\"dateModified\":\"2020-01-15T16:25:02+00:00\",\"description\":\"Prenotando all\u2019Hotel Mamma Santina, a Santa Marina Salina, potrete scoprire i\u00a0festival cinematografici e le rappresentazioni del Natale nelle Isole Eolie\",\"breadcrumb\":{\"@id\":\"https:\/\/www.charminly.com\/it\/i-festival-cinematografici-e-le-rappresentazioni-del-natale-nelle-isole-eolie\/#breadcrumb\"},\"inLanguage\":\"it-IT\",\"potentialAction\":[{\"@type\":\"ReadAction\",\"target\":[\"https:\/\/www.charminly.com\/it\/i-festival-cinematografici-e-le-rappresentazioni-del-natale-nelle-isole-eolie\/\"]}]},{\"@type\":\"ImageObject\",\"inLanguage\":\"it-IT\",\"@id\":\"https:\/\/www.charminly.com\/it\/i-festival-cinematografici-e-le-rappresentazioni-del-natale-nelle-isole-eolie\/#primaryimage\",\"url\":\"https:\/\/www.charminly.com\/wp-content\/uploads\/2017\/08\/marefestival-marefestivalsalina_opt.jpg\",\"contentUrl\":\"https:\/\/www.charminly.com\/wp-content\/uploads\/2017\/08\/marefestival-marefestivalsalina_opt.jpg\",\"width\":1024,\"height\":682},{\"@type\":\"BreadcrumbList\",\"@id\":\"https:\/\/www.charminly.com\/it\/i-festival-cinematografici-e-le-rappresentazioni-del-natale-nelle-isole-eolie\/#breadcrumb\",\"itemListElement\":[{\"@type\":\"ListItem\",\"position\":1,\"name\":\"Home\",\"item\":\"https:\/\/www.charminly.com\/it\/\"},{\"@type\":\"ListItem\",\"position\":2,\"name\":\"Cosa fare in Sicilia\",\"item\":\"https:\/\/www.charminly.com\/it\/tag\/cosa-fare-in-sicilia\/\"},{\"@type\":\"ListItem\",\"position\":3,\"name\":\"I festival cinematografici e le rappresentazioni del Natale nelle Isole Eolie\"}]},{\"@type\":\"WebSite\",\"@id\":\"https:\/\/www.charminly.com\/it\/#website\",\"url\":\"https:\/\/www.charminly.com\/it\/\",\"name\":\"\",\"description\":\"\",\"publisher\":{\"@id\":\"https:\/\/www.charminly.com\/it\/#organization\"},\"potentialAction\":[{\"@type\":\"SearchAction\",\"target\":{\"@type\":\"EntryPoint\",\"urlTemplate\":\"https:\/\/www.charminly.com\/it\/?s={search_term_string}\"},\"query-input\":{\"@type\":\"PropertyValueSpecification\",\"valueRequired\":true,\"valueName\":\"search_term_string\"}}],\"inLanguage\":\"it-IT\"},{\"@type\":\"Organization\",\"@id\":\"https:\/\/www.charminly.com\/it\/#organization\",\"name\":\"Charminly.com\",\"url\":\"https:\/\/www.charminly.com\/it\/\",\"logo\":{\"@type\":\"ImageObject\",\"inLanguage\":\"it-IT\",\"@id\":\"https:\/\/www.charminly.com\/it\/#\/schema\/logo\/image\/\",\"url\":\"https:\/\/www.charminly.com\/wp-content\/uploads\/2014\/10\/logo.png\",\"contentUrl\":\"https:\/\/www.charminly.com\/wp-content\/uploads\/2014\/10\/logo.png\",\"width\":264,\"height\":115,\"caption\":\"Charminly.com\"},\"image\":{\"@id\":\"https:\/\/www.charminly.com\/it\/#\/schema\/logo\/image\/\"},\"sameAs\":[\"https:\/\/www.facebook.com\/charminlyitalia\/\",\"https:\/\/x.com\/charminly_com\"]},{\"@type\":\"Person\",\"@id\":\"https:\/\/www.charminly.com\/it\/#\/schema\/person\/52806bb74f5c81bbf5f0989dd952c7ea\",\"name\":\"Ivan Lopez\",\"image\":{\"@type\":\"ImageObject\",\"inLanguage\":\"it-IT\",\"@id\":\"https:\/\/www.charminly.com\/it\/#\/schema\/person\/image\/\",\"url\":\"https:\/\/secure.gravatar.com\/avatar\/e8aef7257c7a278cfcb908e241d9761c?s=96&d=mm&r=g\",\"contentUrl\":\"https:\/\/secure.gravatar.com\/avatar\/e8aef7257c7a278cfcb908e241d9761c?s=96&d=mm&r=g\",\"caption\":\"Ivan Lopez\"},\"url\":\"https:\/\/www.charminly.com\/it\/author\/ivan\/\"}]}<\/script>\n<!-- \/ Yoast SEO plugin. -->","yoast_head_json":{"title":"I festival cinematografici e le rappresentazioni del Natale nelle Isole Eolie","description":"Prenotando all\u2019Hotel Mamma Santina, a Santa Marina Salina, potrete scoprire i\u00a0festival cinematografici e le rappresentazioni del Natale nelle Isole Eolie","robots":{"index":"index","follow":"follow","max-snippet":"max-snippet:-1","max-image-preview":"max-image-preview:large","max-video-preview":"max-video-preview:-1"},"canonical":"https:\/\/www.charminly.com\/it\/i-festival-cinematografici-e-le-rappresentazioni-del-natale-nelle-isole-eolie\/","og_locale":"it_IT","og_type":"article","og_title":"I festival cinematografici e le rappresentazioni del Natale nelle Isole Eolie","og_description":"Prenotando all\u2019Hotel Mamma Santina, a Santa Marina Salina, potrete scoprire i\u00a0festival cinematografici e le rappresentazioni del Natale nelle Isole Eolie","og_url":"https:\/\/www.charminly.com\/it\/i-festival-cinematografici-e-le-rappresentazioni-del-natale-nelle-isole-eolie\/","article_publisher":"https:\/\/www.facebook.com\/charminlyitalia\/","article_published_time":"2017-09-27T09:57:15+00:00","article_modified_time":"2020-01-15T16:25:02+00:00","og_image":[{"width":1024,"height":682,"url":"https:\/\/www.charminly.com\/wp-content\/uploads\/2017\/08\/marefestival-marefestivalsalina_opt.jpg","type":"image\/jpeg"}],"author":"Ivan Lopez","twitter_card":"summary_large_image","twitter_creator":"@charminly_com","twitter_site":"@charminly_com","twitter_misc":{"Scritto da":"Ivan Lopez","Tempo di lettura stimato":"3 minuti"},"schema":{"@context":"https:\/\/schema.org","@graph":[{"@type":"Article","@id":"https:\/\/www.charminly.com\/it\/i-festival-cinematografici-e-le-rappresentazioni-del-natale-nelle-isole-eolie\/#article","isPartOf":{"@id":"https:\/\/www.charminly.com\/it\/i-festival-cinematografici-e-le-rappresentazioni-del-natale-nelle-isole-eolie\/"},"author":{"name":"Ivan Lopez","@id":"https:\/\/www.charminly.com\/it\/#\/schema\/person\/52806bb74f5c81bbf5f0989dd952c7ea"},"headline":"I festival cinematografici e le rappresentazioni del Natale nelle Isole Eolie","datePublished":"2017-09-27T09:57:15+00:00","dateModified":"2020-01-15T16:25:02+00:00","mainEntityOfPage":{"@id":"https:\/\/www.charminly.com\/it\/i-festival-cinematografici-e-le-rappresentazioni-del-natale-nelle-isole-eolie\/"},"wordCount":561,"publisher":{"@id":"https:\/\/www.charminly.com\/it\/#organization"},"image":{"@id":"https:\/\/www.charminly.com\/it\/i-festival-cinematografici-e-le-rappresentazioni-del-natale-nelle-isole-eolie\/#primaryimage"},"thumbnailUrl":"https:\/\/www.charminly.com\/wp-content\/uploads\/2017\/08\/marefestival-marefestivalsalina_opt.jpg","keywords":["Cosa fare in Sicilia"],"articleSection":["Feste, tradizioni, arti e mestieri"],"inLanguage":"it-IT"},{"@type":"WebPage","@id":"https:\/\/www.charminly.com\/it\/i-festival-cinematografici-e-le-rappresentazioni-del-natale-nelle-isole-eolie\/","url":"https:\/\/www.charminly.com\/it\/i-festival-cinematografici-e-le-rappresentazioni-del-natale-nelle-isole-eolie\/","name":"I festival cinematografici e le rappresentazioni del Natale nelle Isole Eolie","isPartOf":{"@id":"https:\/\/www.charminly.com\/it\/#website"},"primaryImageOfPage":{"@id":"https:\/\/www.charminly.com\/it\/i-festival-cinematografici-e-le-rappresentazioni-del-natale-nelle-isole-eolie\/#primaryimage"},"image":{"@id":"https:\/\/www.charminly.com\/it\/i-festival-cinematografici-e-le-rappresentazioni-del-natale-nelle-isole-eolie\/#primaryimage"},"thumbnailUrl":"https:\/\/www.charminly.com\/wp-content\/uploads\/2017\/08\/marefestival-marefestivalsalina_opt.jpg","datePublished":"2017-09-27T09:57:15+00:00","dateModified":"2020-01-15T16:25:02+00:00","description":"Prenotando all\u2019Hotel Mamma Santina, a Santa Marina Salina, potrete scoprire i\u00a0festival cinematografici e le rappresentazioni del Natale nelle Isole Eolie","breadcrumb":{"@id":"https:\/\/www.charminly.com\/it\/i-festival-cinematografici-e-le-rappresentazioni-del-natale-nelle-isole-eolie\/#breadcrumb"},"inLanguage":"it-IT","potentialAction":[{"@type":"ReadAction","target":["https:\/\/www.charminly.com\/it\/i-festival-cinematografici-e-le-rappresentazioni-del-natale-nelle-isole-eolie\/"]}]},{"@type":"ImageObject","inLanguage":"it-IT","@id":"https:\/\/www.charminly.com\/it\/i-festival-cinematografici-e-le-rappresentazioni-del-natale-nelle-isole-eolie\/#primaryimage","url":"https:\/\/www.charminly.com\/wp-content\/uploads\/2017\/08\/marefestival-marefestivalsalina_opt.jpg","contentUrl":"https:\/\/www.charminly.com\/wp-content\/uploads\/2017\/08\/marefestival-marefestivalsalina_opt.jpg","width":1024,"height":682},{"@type":"BreadcrumbList","@id":"https:\/\/www.charminly.com\/it\/i-festival-cinematografici-e-le-rappresentazioni-del-natale-nelle-isole-eolie\/#breadcrumb","itemListElement":[{"@type":"ListItem","position":1,"name":"Home","item":"https:\/\/www.charminly.com\/it\/"},{"@type":"ListItem","position":2,"name":"Cosa fare in Sicilia","item":"https:\/\/www.charminly.com\/it\/tag\/cosa-fare-in-sicilia\/"},{"@type":"ListItem","position":3,"name":"I festival cinematografici e le rappresentazioni del Natale nelle Isole Eolie"}]},{"@type":"WebSite","@id":"https:\/\/www.charminly.com\/it\/#website","url":"https:\/\/www.charminly.com\/it\/","name":"","description":"","publisher":{"@id":"https:\/\/www.charminly.com\/it\/#organization"},"potentialAction":[{"@type":"SearchAction","target":{"@type":"EntryPoint","urlTemplate":"https:\/\/www.charminly.com\/it\/?s={search_term_string}"},"query-input":{"@type":"PropertyValueSpecification","valueRequired":true,"valueName":"search_term_string"}}],"inLanguage":"it-IT"},{"@type":"Organization","@id":"https:\/\/www.charminly.com\/it\/#organization","name":"Charminly.com","url":"https:\/\/www.charminly.com\/it\/","logo":{"@type":"ImageObject","inLanguage":"it-IT","@id":"https:\/\/www.charminly.com\/it\/#\/schema\/logo\/image\/","url":"https:\/\/www.charminly.com\/wp-content\/uploads\/2014\/10\/logo.png","contentUrl":"https:\/\/www.charminly.com\/wp-content\/uploads\/2014\/10\/logo.png","width":264,"height":115,"caption":"Charminly.com"},"image":{"@id":"https:\/\/www.charminly.com\/it\/#\/schema\/logo\/image\/"},"sameAs":["https:\/\/www.facebook.com\/charminlyitalia\/","https:\/\/x.com\/charminly_com"]},{"@type":"Person","@id":"https:\/\/www.charminly.com\/it\/#\/schema\/person\/52806bb74f5c81bbf5f0989dd952c7ea","name":"Ivan Lopez","image":{"@type":"ImageObject","inLanguage":"it-IT","@id":"https:\/\/www.charminly.com\/it\/#\/schema\/person\/image\/","url":"https:\/\/secure.gravatar.com\/avatar\/e8aef7257c7a278cfcb908e241d9761c?s=96&d=mm&r=g","contentUrl":"https:\/\/secure.gravatar.com\/avatar\/e8aef7257c7a278cfcb908e241d9761c?s=96&d=mm&r=g","caption":"Ivan Lopez"},"url":"https:\/\/www.charminly.com\/it\/author\/ivan\/"}]}},"_links":{"self":[{"href":"https:\/\/www.charminly.com\/it\/wp-json\/wp\/v2\/posts\/21781","targetHints":{"allow":["GET"]}}],"collection":[{"href":"https:\/\/www.charminly.com\/it\/wp-json\/wp\/v2\/posts"}],"about":[{"href":"https:\/\/www.charminly.com\/it\/wp-json\/wp\/v2\/types\/post"}],"author":[{"embeddable":true,"href":"https:\/\/www.charminly.com\/it\/wp-json\/wp\/v2\/users\/6"}],"replies":[{"embeddable":true,"href":"https:\/\/www.charminly.com\/it\/wp-json\/wp\/v2\/comments?post=21781"}],"version-history":[{"count":0,"href":"https:\/\/www.charminly.com\/it\/wp-json\/wp\/v2\/posts\/21781\/revisions"}],"wp:featuredmedia":[{"embeddable":true,"href":"https:\/\/www.charminly.com\/it\/wp-json\/wp\/v2\/media\/21784"}],"wp:attachment":[{"href":"https:\/\/www.charminly.com\/it\/wp-json\/wp\/v2\/media?parent=21781"}],"wp:term":[{"taxonomy":"category","embeddable":true,"href":"https:\/\/www.charminly.com\/it\/wp-json\/wp\/v2\/categories?post=21781"},{"taxonomy":"post_tag","embeddable":true,"href":"https:\/\/www.charminly.com\/it\/wp-json\/wp\/v2\/tags?post=21781"}],"curies":[{"name":"wp","href":"https:\/\/api.w.org\/{rel}","templated":true}]}}