{"id":21490,"date":"2017-09-27T12:01:55","date_gmt":"2017-09-27T10:01:55","guid":{"rendered":"https:\/\/www.charminly.com\/?p=21490\/"},"modified":"2020-01-15T17:29:19","modified_gmt":"2020-01-15T16:29:19","slug":"i-castelli-e-i-musei-tra-le-province-di-parma-e-reggio-emilia","status":"publish","type":"post","link":"https:\/\/www.charminly.com\/it\/i-castelli-e-i-musei-tra-le-province-di-parma-e-reggio-emilia\/","title":{"rendered":"I castelli e i musei tra le province di Parma e Reggio Emilia"},"content":{"rendered":"<h3><strong>LANGHIRANO<\/strong><\/h3>\n<p>A <strong>Langhirano<\/strong>, cittadina in provincia di <strong>Parma<\/strong>, troviamo il <strong>Castello di Torrechiara<\/strong>. Di origine medievale e ricostruito nei secoli successivi, \u00e8 dotato di 5 torri, loggiati panoramici e bellissimi affreschi nelle sale interne. E\u2019 monumento nazionale ed \u00e8 uno dei castelli d\u2019Italia meglio conservati.<\/p>\n<div id=\"attachment_21501\" style=\"width: 1034px\" class=\"wp-caption alignnone\"><img loading=\"lazy\" decoding=\"async\" aria-describedby=\"caption-attachment-21501\" class=\"wp-image-21501 size-large\" src=\"https:\/\/www.charminly.com\/wp-content\/uploads\/2017\/08\/Torrechiara_-_Castello_opt-2-1024x685.jpg\" alt=\"\" width=\"1024\" height=\"685\" srcset=\"https:\/\/www.charminly.com\/wp-content\/uploads\/2017\/08\/Torrechiara_-_Castello_opt-2.jpg 1024w, https:\/\/www.charminly.com\/wp-content\/uploads\/2017\/08\/Torrechiara_-_Castello_opt-2-300x201.jpg 300w, https:\/\/www.charminly.com\/wp-content\/uploads\/2017\/08\/Torrechiara_-_Castello_opt-2-768x514.jpg 768w, https:\/\/www.charminly.com\/wp-content\/uploads\/2017\/08\/Torrechiara_-_Castello_opt-2-105x70.jpg 105w\" sizes=\"auto, (max-width: 1024px) 100vw, 1024px\" \/><p id=\"caption-attachment-21501\" class=\"wp-caption-text\">Castello di Torrechiara<\/p><\/div>\n<p>In centro troviamo anche il <strong>Museo del Risorgimento<\/strong><strong>,<\/strong> intitolato a Faustino Tanara, garibaldino nato a Langhirano. Il museo presenta la storia del risorgimento suddivisa in due sezioni: una dedicata al Colonnello Tanara e l\u2019altra alle Societ\u00e0 di Mutuo soccorso di Langhirano.<\/p>\n<p>Un altro punto interessante \u00e8 il <strong>Museo del Prosciutto<\/strong>, realizzato per promuovere uno dei prodotti principali di questa zona: il prosciutto di Parma. All\u2019interno \u00e8 presente una mostra fotografica e multimediale sulle tecniche di produzione e una sala degustazione per i salumi locali.<\/p>\n<h3><strong>CANOSSA<\/strong><\/h3>\n<p>Il<strong> Castello di Canossa<\/strong>, nel comune omonimo, \u00e8 una rocca di origine medievale. Nel 1077, di propriet\u00e0 di Matilde di Canossa, il castello fu protagonista dell\u2019Umiliazione di Canossa, quando Enrico IV si rec\u00f2 dal Papa ospite di Matilde, per evitare la scomunica.<\/p>\n<h3><strong>ROSSENA<\/strong><\/h3>\n<p>Il <strong>C<\/strong><strong>astello di Rossena<\/strong>, anch\u2019esso appartenuto a Matilde, si trova a pochi chilometri da quello di Canossa, ma \u00e8 molto meglio conservato. Rimangono intatte la cinta muraria e il mastio originali, e i restauri dei secoli successivi ne hanno permesso il suo utilizzo fino ai giorni nostri.<\/p>\n<div id=\"attachment_21504\" style=\"width: 1034px\" class=\"wp-caption alignnone\"><img loading=\"lazy\" decoding=\"async\" aria-describedby=\"caption-attachment-21504\" class=\"wp-image-21504 size-large\" src=\"https:\/\/www.charminly.com\/wp-content\/uploads\/2017\/08\/Castello_di_Rossena_2_opt-1024x658.jpg\" alt=\"\" width=\"1024\" height=\"658\" srcset=\"https:\/\/www.charminly.com\/wp-content\/uploads\/2017\/08\/Castello_di_Rossena_2_opt.jpg 1024w, https:\/\/www.charminly.com\/wp-content\/uploads\/2017\/08\/Castello_di_Rossena_2_opt-300x193.jpg 300w, https:\/\/www.charminly.com\/wp-content\/uploads\/2017\/08\/Castello_di_Rossena_2_opt-768x494.jpg 768w\" sizes=\"auto, (max-width: 1024px) 100vw, 1024px\" \/><p id=\"caption-attachment-21504\" class=\"wp-caption-text\">Castello di Rossena<\/p><\/div>\n<h3><strong>GUASTALLA<\/strong><\/h3>\n<p>Nella cittadina di <strong>Guastalla<\/strong>, in provincia di Reggio Emilia, troviamo <strong>Palazzo Gonzaga<\/strong><strong> o Palazzo Ducale<\/strong>. Costruito nel XV secolo, oggi ospita il <strong>Museo della Citt\u00e0<\/strong> che offre uno spaccato sulla storia di Guastalla, del Ducato e dell\u2019epoca del Gonzaga.<\/p>\n<h3><strong>SCANDIANO<\/strong><\/h3>\n<p>Nel centro storico di <strong>Scandiano <\/strong>troviamo la <strong>Rocca dei Boiardo<\/strong>, un edificio originario del XII secolo. Costruita a scopo difensivo, la rocca faceva parte del primo nucleo abitativo attorno al quale si svilupp\u00f2 la citt\u00e0. Dal XV secolo fu adibita a residenza della famiglila Boiardo e ne prese il nome, in seguito fu abitata dai Marchesi d\u2019Este. Oggi possiamo visitare diverse sale ricche di affreschi e decorazioni e l\u2019Appartamento Estense \u00e8 tutt\u2019ora considerato la parte pi\u00f9 bella della Rocca.<\/p>\n<p>Altro punto simbolo di Scandiano \u00e8 la <strong>Torre dell\u2019Orologio<\/strong>. Chiamata dagli abitanti il \u201cCampanone\u201d, fu costruita nel Quattrocento e solo un secolo pi\u00f9 tardi furono installati l\u2019orologio e la campana. La torre in passato era all\u2019ingresso del paese e ancora oggi delimita l\u2019ingresso al centro storico di Scandiano.<\/p>\n<div id=\"attachment_21507\" style=\"width: 1034px\" class=\"wp-caption alignnone\"><img loading=\"lazy\" decoding=\"async\" aria-describedby=\"caption-attachment-21507\" class=\"wp-image-21507 size-large\" src=\"https:\/\/www.charminly.com\/wp-content\/uploads\/2017\/08\/Votigno-tibet_opt-1-1024x678.jpg\" alt=\"\" width=\"1024\" height=\"678\" srcset=\"https:\/\/www.charminly.com\/wp-content\/uploads\/2017\/08\/Votigno-tibet_opt-1.jpg 1024w, https:\/\/www.charminly.com\/wp-content\/uploads\/2017\/08\/Votigno-tibet_opt-1-300x199.jpg 300w, https:\/\/www.charminly.com\/wp-content\/uploads\/2017\/08\/Votigno-tibet_opt-1-768x509.jpg 768w, https:\/\/www.charminly.com\/wp-content\/uploads\/2017\/08\/Votigno-tibet_opt-1-105x70.jpg 105w\" sizes=\"auto, (max-width: 1024px) 100vw, 1024px\" \/><p id=\"caption-attachment-21507\" class=\"wp-caption-text\">La casa del Tibet, Votigno<\/p><\/div>\n<h3><strong>VOTIGNO<\/strong><\/h3>\n<p>A <strong>Votigno<\/strong>, piccolo borgo medievale, troviamo <strong>La casa del Tibet<\/strong>. Nata nel 1990, \u00e8 un\u2019area dedicata alla cultura di questo magnifico paese. L\u2019area comprende un tempio tibetano, una raccolta di oggetti, abiti e opere di artigianato del Tibet. Organizza inoltre mostre a livello internazionale. L\u2019obiettivo del Museo \u00e8 quello di diffondere il messaggio di pace e fratellanza che \u00e8 alla base di questa cultura. Tra i momenti pi\u00f9 emozionanti la visita e il discorso del XIV\u00a0Dalai Lama, guida spirituale del Tibet, in occasione dell\u2019inaugurazione del Museo.<\/p>\n<hr \/>\n<div class=\"article_container\"><h2 class=\"shortcode_title\">Charming home nelle vicinanze<\/h2><div class=\"listinglink-wrapper\">\n                           <a href=\"https:\/\/www.charminly.com\/listings\/relais-country-houses-en\/\"> <span class=\"wpresidence_button\"> more listings <\/span><\/a>\n                       <\/div><\/div>\n","protected":false},"excerpt":{"rendered":"<p>LANGHIRANO A Langhirano, cittadina in provincia di Parma, troviamo il Castello di Torrechiara. Di origine medievale e ricostruito nei secoli successivi, \u00e8 dotato di 5 torri, loggiati panoramici e bellissimi affreschi nelle sale interne. E\u2019 monumento nazionale ed \u00e8 uno dei castelli d\u2019Italia meglio conservati. In centro troviamo anche il Museo del Risorgimento, intitolato a Faustino Tanara, garibaldino nato a Langhirano. Il museo presenta &#8230;<\/p>\n","protected":false},"author":6,"featured_media":21503,"comment_status":"closed","ping_status":"closed","sticky":false,"template":"","format":"standard","meta":{"_acf_changed":false,"footnotes":""},"categories":[142],"tags":[631],"class_list":["post-21490","post","type-post","status-publish","format-standard","has-post-thumbnail","hentry","category-arte-e-cultura","tag-cosa-vedere-in-emilia-romagna"],"acf":[],"yoast_head":"<!-- This site is optimized with the Yoast SEO plugin v23.9 - https:\/\/yoast.com\/wordpress\/plugins\/seo\/ -->\n<title>I castelli e i musei tra le province di Parma e Reggio Emilia<\/title>\n<meta name=\"description\" content=\"I\u00a0castelli e i musei tra le province di Parma e Reggio Emilia\" \/>\n<meta name=\"robots\" content=\"index, follow, max-snippet:-1, max-image-preview:large, max-video-preview:-1\" \/>\n<link rel=\"canonical\" href=\"https:\/\/www.charminly.com\/it\/i-castelli-e-i-musei-tra-le-province-di-parma-e-reggio-emilia\/\" \/>\n<meta property=\"og:locale\" content=\"it_IT\" \/>\n<meta property=\"og:type\" content=\"article\" \/>\n<meta property=\"og:title\" content=\"I castelli e i musei tra le province di Parma e Reggio Emilia\" \/>\n<meta property=\"og:description\" content=\"I\u00a0castelli e i musei tra le province di Parma e Reggio Emilia\" \/>\n<meta property=\"og:url\" content=\"https:\/\/www.charminly.com\/it\/i-castelli-e-i-musei-tra-le-province-di-parma-e-reggio-emilia\/\" \/>\n<meta property=\"article:publisher\" content=\"https:\/\/www.facebook.com\/charminlyitalia\/\" \/>\n<meta property=\"article:published_time\" content=\"2017-09-27T10:01:55+00:00\" \/>\n<meta property=\"article:modified_time\" content=\"2020-01-15T16:29:19+00:00\" \/>\n<meta property=\"og:image\" content=\"https:\/\/www.charminly.com\/wp-content\/uploads\/2017\/08\/Torrechiara_-_Castello_opt-2.jpg\" \/>\n\t<meta property=\"og:image:width\" content=\"1024\" \/>\n\t<meta property=\"og:image:height\" content=\"685\" \/>\n\t<meta property=\"og:image:type\" content=\"image\/jpeg\" \/>\n<meta name=\"author\" content=\"Ivan Lopez\" \/>\n<meta name=\"twitter:card\" content=\"summary_large_image\" \/>\n<meta name=\"twitter:creator\" content=\"@charminly_com\" \/>\n<meta name=\"twitter:site\" content=\"@charminly_com\" \/>\n<meta name=\"twitter:label1\" content=\"Scritto da\" \/>\n\t<meta name=\"twitter:data1\" content=\"Ivan Lopez\" \/>\n\t<meta name=\"twitter:label2\" content=\"Tempo di lettura stimato\" \/>\n\t<meta name=\"twitter:data2\" content=\"3 minuti\" \/>\n<script type=\"application\/ld+json\" class=\"yoast-schema-graph\">{\"@context\":\"https:\/\/schema.org\",\"@graph\":[{\"@type\":\"Article\",\"@id\":\"https:\/\/www.charminly.com\/it\/i-castelli-e-i-musei-tra-le-province-di-parma-e-reggio-emilia\/#article\",\"isPartOf\":{\"@id\":\"https:\/\/www.charminly.com\/it\/i-castelli-e-i-musei-tra-le-province-di-parma-e-reggio-emilia\/\"},\"author\":{\"name\":\"Ivan Lopez\",\"@id\":\"https:\/\/www.charminly.com\/it\/#\/schema\/person\/52806bb74f5c81bbf5f0989dd952c7ea\"},\"headline\":\"I castelli e i musei tra le province di Parma e Reggio Emilia\",\"datePublished\":\"2017-09-27T10:01:55+00:00\",\"dateModified\":\"2020-01-15T16:29:19+00:00\",\"mainEntityOfPage\":{\"@id\":\"https:\/\/www.charminly.com\/it\/i-castelli-e-i-musei-tra-le-province-di-parma-e-reggio-emilia\/\"},\"wordCount\":551,\"publisher\":{\"@id\":\"https:\/\/www.charminly.com\/it\/#organization\"},\"image\":{\"@id\":\"https:\/\/www.charminly.com\/it\/i-castelli-e-i-musei-tra-le-province-di-parma-e-reggio-emilia\/#primaryimage\"},\"thumbnailUrl\":\"https:\/\/www.charminly.com\/wp-content\/uploads\/2017\/08\/Torrechiara_-_Castello_opt-2.jpg\",\"keywords\":[\"Cosa vedere in Emilia Romagna\"],\"articleSection\":[\"Arte e cultura\"],\"inLanguage\":\"it-IT\"},{\"@type\":\"WebPage\",\"@id\":\"https:\/\/www.charminly.com\/it\/i-castelli-e-i-musei-tra-le-province-di-parma-e-reggio-emilia\/\",\"url\":\"https:\/\/www.charminly.com\/it\/i-castelli-e-i-musei-tra-le-province-di-parma-e-reggio-emilia\/\",\"name\":\"I castelli e i musei tra le province di Parma e Reggio Emilia\",\"isPartOf\":{\"@id\":\"https:\/\/www.charminly.com\/it\/#website\"},\"primaryImageOfPage\":{\"@id\":\"https:\/\/www.charminly.com\/it\/i-castelli-e-i-musei-tra-le-province-di-parma-e-reggio-emilia\/#primaryimage\"},\"image\":{\"@id\":\"https:\/\/www.charminly.com\/it\/i-castelli-e-i-musei-tra-le-province-di-parma-e-reggio-emilia\/#primaryimage\"},\"thumbnailUrl\":\"https:\/\/www.charminly.com\/wp-content\/uploads\/2017\/08\/Torrechiara_-_Castello_opt-2.jpg\",\"datePublished\":\"2017-09-27T10:01:55+00:00\",\"dateModified\":\"2020-01-15T16:29:19+00:00\",\"description\":\"I\u00a0castelli e i musei tra le province di Parma e Reggio Emilia\",\"breadcrumb\":{\"@id\":\"https:\/\/www.charminly.com\/it\/i-castelli-e-i-musei-tra-le-province-di-parma-e-reggio-emilia\/#breadcrumb\"},\"inLanguage\":\"it-IT\",\"potentialAction\":[{\"@type\":\"ReadAction\",\"target\":[\"https:\/\/www.charminly.com\/it\/i-castelli-e-i-musei-tra-le-province-di-parma-e-reggio-emilia\/\"]}]},{\"@type\":\"ImageObject\",\"inLanguage\":\"it-IT\",\"@id\":\"https:\/\/www.charminly.com\/it\/i-castelli-e-i-musei-tra-le-province-di-parma-e-reggio-emilia\/#primaryimage\",\"url\":\"https:\/\/www.charminly.com\/wp-content\/uploads\/2017\/08\/Torrechiara_-_Castello_opt-2.jpg\",\"contentUrl\":\"https:\/\/www.charminly.com\/wp-content\/uploads\/2017\/08\/Torrechiara_-_Castello_opt-2.jpg\",\"width\":1024,\"height\":685},{\"@type\":\"BreadcrumbList\",\"@id\":\"https:\/\/www.charminly.com\/it\/i-castelli-e-i-musei-tra-le-province-di-parma-e-reggio-emilia\/#breadcrumb\",\"itemListElement\":[{\"@type\":\"ListItem\",\"position\":1,\"name\":\"Home\",\"item\":\"https:\/\/www.charminly.com\/it\/\"},{\"@type\":\"ListItem\",\"position\":2,\"name\":\"Cosa vedere in Emilia Romagna\",\"item\":\"https:\/\/www.charminly.com\/it\/tag\/cosa-vedere-in-emilia-romagna\/\"},{\"@type\":\"ListItem\",\"position\":3,\"name\":\"I castelli e i musei tra le province di Parma e Reggio Emilia\"}]},{\"@type\":\"WebSite\",\"@id\":\"https:\/\/www.charminly.com\/it\/#website\",\"url\":\"https:\/\/www.charminly.com\/it\/\",\"name\":\"\",\"description\":\"\",\"publisher\":{\"@id\":\"https:\/\/www.charminly.com\/it\/#organization\"},\"potentialAction\":[{\"@type\":\"SearchAction\",\"target\":{\"@type\":\"EntryPoint\",\"urlTemplate\":\"https:\/\/www.charminly.com\/it\/?s={search_term_string}\"},\"query-input\":{\"@type\":\"PropertyValueSpecification\",\"valueRequired\":true,\"valueName\":\"search_term_string\"}}],\"inLanguage\":\"it-IT\"},{\"@type\":\"Organization\",\"@id\":\"https:\/\/www.charminly.com\/it\/#organization\",\"name\":\"Charminly.com\",\"url\":\"https:\/\/www.charminly.com\/it\/\",\"logo\":{\"@type\":\"ImageObject\",\"inLanguage\":\"it-IT\",\"@id\":\"https:\/\/www.charminly.com\/it\/#\/schema\/logo\/image\/\",\"url\":\"https:\/\/www.charminly.com\/wp-content\/uploads\/2014\/10\/logo.png\",\"contentUrl\":\"https:\/\/www.charminly.com\/wp-content\/uploads\/2014\/10\/logo.png\",\"width\":264,\"height\":115,\"caption\":\"Charminly.com\"},\"image\":{\"@id\":\"https:\/\/www.charminly.com\/it\/#\/schema\/logo\/image\/\"},\"sameAs\":[\"https:\/\/www.facebook.com\/charminlyitalia\/\",\"https:\/\/x.com\/charminly_com\"]},{\"@type\":\"Person\",\"@id\":\"https:\/\/www.charminly.com\/it\/#\/schema\/person\/52806bb74f5c81bbf5f0989dd952c7ea\",\"name\":\"Ivan Lopez\",\"image\":{\"@type\":\"ImageObject\",\"inLanguage\":\"it-IT\",\"@id\":\"https:\/\/www.charminly.com\/it\/#\/schema\/person\/image\/\",\"url\":\"https:\/\/secure.gravatar.com\/avatar\/e8aef7257c7a278cfcb908e241d9761c?s=96&d=mm&r=g\",\"contentUrl\":\"https:\/\/secure.gravatar.com\/avatar\/e8aef7257c7a278cfcb908e241d9761c?s=96&d=mm&r=g\",\"caption\":\"Ivan Lopez\"},\"url\":\"https:\/\/www.charminly.com\/it\/author\/ivan\/\"}]}<\/script>\n<!-- \/ Yoast SEO plugin. -->","yoast_head_json":{"title":"I castelli e i musei tra le province di Parma e Reggio Emilia","description":"I\u00a0castelli e i musei tra le province di Parma e Reggio Emilia","robots":{"index":"index","follow":"follow","max-snippet":"max-snippet:-1","max-image-preview":"max-image-preview:large","max-video-preview":"max-video-preview:-1"},"canonical":"https:\/\/www.charminly.com\/it\/i-castelli-e-i-musei-tra-le-province-di-parma-e-reggio-emilia\/","og_locale":"it_IT","og_type":"article","og_title":"I castelli e i musei tra le province di Parma e Reggio Emilia","og_description":"I\u00a0castelli e i musei tra le province di Parma e Reggio Emilia","og_url":"https:\/\/www.charminly.com\/it\/i-castelli-e-i-musei-tra-le-province-di-parma-e-reggio-emilia\/","article_publisher":"https:\/\/www.facebook.com\/charminlyitalia\/","article_published_time":"2017-09-27T10:01:55+00:00","article_modified_time":"2020-01-15T16:29:19+00:00","og_image":[{"width":1024,"height":685,"url":"https:\/\/www.charminly.com\/wp-content\/uploads\/2017\/08\/Torrechiara_-_Castello_opt-2.jpg","type":"image\/jpeg"}],"author":"Ivan Lopez","twitter_card":"summary_large_image","twitter_creator":"@charminly_com","twitter_site":"@charminly_com","twitter_misc":{"Scritto da":"Ivan Lopez","Tempo di lettura stimato":"3 minuti"},"schema":{"@context":"https:\/\/schema.org","@graph":[{"@type":"Article","@id":"https:\/\/www.charminly.com\/it\/i-castelli-e-i-musei-tra-le-province-di-parma-e-reggio-emilia\/#article","isPartOf":{"@id":"https:\/\/www.charminly.com\/it\/i-castelli-e-i-musei-tra-le-province-di-parma-e-reggio-emilia\/"},"author":{"name":"Ivan Lopez","@id":"https:\/\/www.charminly.com\/it\/#\/schema\/person\/52806bb74f5c81bbf5f0989dd952c7ea"},"headline":"I castelli e i musei tra le province di Parma e Reggio Emilia","datePublished":"2017-09-27T10:01:55+00:00","dateModified":"2020-01-15T16:29:19+00:00","mainEntityOfPage":{"@id":"https:\/\/www.charminly.com\/it\/i-castelli-e-i-musei-tra-le-province-di-parma-e-reggio-emilia\/"},"wordCount":551,"publisher":{"@id":"https:\/\/www.charminly.com\/it\/#organization"},"image":{"@id":"https:\/\/www.charminly.com\/it\/i-castelli-e-i-musei-tra-le-province-di-parma-e-reggio-emilia\/#primaryimage"},"thumbnailUrl":"https:\/\/www.charminly.com\/wp-content\/uploads\/2017\/08\/Torrechiara_-_Castello_opt-2.jpg","keywords":["Cosa vedere in Emilia Romagna"],"articleSection":["Arte e cultura"],"inLanguage":"it-IT"},{"@type":"WebPage","@id":"https:\/\/www.charminly.com\/it\/i-castelli-e-i-musei-tra-le-province-di-parma-e-reggio-emilia\/","url":"https:\/\/www.charminly.com\/it\/i-castelli-e-i-musei-tra-le-province-di-parma-e-reggio-emilia\/","name":"I castelli e i musei tra le province di Parma e Reggio Emilia","isPartOf":{"@id":"https:\/\/www.charminly.com\/it\/#website"},"primaryImageOfPage":{"@id":"https:\/\/www.charminly.com\/it\/i-castelli-e-i-musei-tra-le-province-di-parma-e-reggio-emilia\/#primaryimage"},"image":{"@id":"https:\/\/www.charminly.com\/it\/i-castelli-e-i-musei-tra-le-province-di-parma-e-reggio-emilia\/#primaryimage"},"thumbnailUrl":"https:\/\/www.charminly.com\/wp-content\/uploads\/2017\/08\/Torrechiara_-_Castello_opt-2.jpg","datePublished":"2017-09-27T10:01:55+00:00","dateModified":"2020-01-15T16:29:19+00:00","description":"I\u00a0castelli e i musei tra le province di Parma e Reggio Emilia","breadcrumb":{"@id":"https:\/\/www.charminly.com\/it\/i-castelli-e-i-musei-tra-le-province-di-parma-e-reggio-emilia\/#breadcrumb"},"inLanguage":"it-IT","potentialAction":[{"@type":"ReadAction","target":["https:\/\/www.charminly.com\/it\/i-castelli-e-i-musei-tra-le-province-di-parma-e-reggio-emilia\/"]}]},{"@type":"ImageObject","inLanguage":"it-IT","@id":"https:\/\/www.charminly.com\/it\/i-castelli-e-i-musei-tra-le-province-di-parma-e-reggio-emilia\/#primaryimage","url":"https:\/\/www.charminly.com\/wp-content\/uploads\/2017\/08\/Torrechiara_-_Castello_opt-2.jpg","contentUrl":"https:\/\/www.charminly.com\/wp-content\/uploads\/2017\/08\/Torrechiara_-_Castello_opt-2.jpg","width":1024,"height":685},{"@type":"BreadcrumbList","@id":"https:\/\/www.charminly.com\/it\/i-castelli-e-i-musei-tra-le-province-di-parma-e-reggio-emilia\/#breadcrumb","itemListElement":[{"@type":"ListItem","position":1,"name":"Home","item":"https:\/\/www.charminly.com\/it\/"},{"@type":"ListItem","position":2,"name":"Cosa vedere in Emilia Romagna","item":"https:\/\/www.charminly.com\/it\/tag\/cosa-vedere-in-emilia-romagna\/"},{"@type":"ListItem","position":3,"name":"I castelli e i musei tra le province di Parma e Reggio Emilia"}]},{"@type":"WebSite","@id":"https:\/\/www.charminly.com\/it\/#website","url":"https:\/\/www.charminly.com\/it\/","name":"","description":"","publisher":{"@id":"https:\/\/www.charminly.com\/it\/#organization"},"potentialAction":[{"@type":"SearchAction","target":{"@type":"EntryPoint","urlTemplate":"https:\/\/www.charminly.com\/it\/?s={search_term_string}"},"query-input":{"@type":"PropertyValueSpecification","valueRequired":true,"valueName":"search_term_string"}}],"inLanguage":"it-IT"},{"@type":"Organization","@id":"https:\/\/www.charminly.com\/it\/#organization","name":"Charminly.com","url":"https:\/\/www.charminly.com\/it\/","logo":{"@type":"ImageObject","inLanguage":"it-IT","@id":"https:\/\/www.charminly.com\/it\/#\/schema\/logo\/image\/","url":"https:\/\/www.charminly.com\/wp-content\/uploads\/2014\/10\/logo.png","contentUrl":"https:\/\/www.charminly.com\/wp-content\/uploads\/2014\/10\/logo.png","width":264,"height":115,"caption":"Charminly.com"},"image":{"@id":"https:\/\/www.charminly.com\/it\/#\/schema\/logo\/image\/"},"sameAs":["https:\/\/www.facebook.com\/charminlyitalia\/","https:\/\/x.com\/charminly_com"]},{"@type":"Person","@id":"https:\/\/www.charminly.com\/it\/#\/schema\/person\/52806bb74f5c81bbf5f0989dd952c7ea","name":"Ivan Lopez","image":{"@type":"ImageObject","inLanguage":"it-IT","@id":"https:\/\/www.charminly.com\/it\/#\/schema\/person\/image\/","url":"https:\/\/secure.gravatar.com\/avatar\/e8aef7257c7a278cfcb908e241d9761c?s=96&d=mm&r=g","contentUrl":"https:\/\/secure.gravatar.com\/avatar\/e8aef7257c7a278cfcb908e241d9761c?s=96&d=mm&r=g","caption":"Ivan Lopez"},"url":"https:\/\/www.charminly.com\/it\/author\/ivan\/"}]}},"_links":{"self":[{"href":"https:\/\/www.charminly.com\/it\/wp-json\/wp\/v2\/posts\/21490","targetHints":{"allow":["GET"]}}],"collection":[{"href":"https:\/\/www.charminly.com\/it\/wp-json\/wp\/v2\/posts"}],"about":[{"href":"https:\/\/www.charminly.com\/it\/wp-json\/wp\/v2\/types\/post"}],"author":[{"embeddable":true,"href":"https:\/\/www.charminly.com\/it\/wp-json\/wp\/v2\/users\/6"}],"replies":[{"embeddable":true,"href":"https:\/\/www.charminly.com\/it\/wp-json\/wp\/v2\/comments?post=21490"}],"version-history":[{"count":0,"href":"https:\/\/www.charminly.com\/it\/wp-json\/wp\/v2\/posts\/21490\/revisions"}],"wp:featuredmedia":[{"embeddable":true,"href":"https:\/\/www.charminly.com\/it\/wp-json\/wp\/v2\/media\/21503"}],"wp:attachment":[{"href":"https:\/\/www.charminly.com\/it\/wp-json\/wp\/v2\/media?parent=21490"}],"wp:term":[{"taxonomy":"category","embeddable":true,"href":"https:\/\/www.charminly.com\/it\/wp-json\/wp\/v2\/categories?post=21490"},{"taxonomy":"post_tag","embeddable":true,"href":"https:\/\/www.charminly.com\/it\/wp-json\/wp\/v2\/tags?post=21490"}],"curies":[{"name":"wp","href":"https:\/\/api.w.org\/{rel}","templated":true}]}}