{"id":21410,"date":"2017-09-27T11:42:54","date_gmt":"2017-09-27T09:42:54","guid":{"rendered":"https:\/\/www.charminly.com\/?p=21410\/"},"modified":"2020-01-15T16:12:01","modified_gmt":"2020-01-15T15:12:01","slug":"gli-edifici-storici-e-le-opere-che-hanno-fatto-la-storia-dellarte-ad-arezzo","status":"publish","type":"post","link":"https:\/\/www.charminly.com\/it\/gli-edifici-storici-e-le-opere-che-hanno-fatto-la-storia-dellarte-ad-arezzo\/","title":{"rendered":"Gli edifici storici e le opere che hanno fatto la storia dell\u2019arte, ad Arezzo"},"content":{"rendered":"<h3><strong>AREZZO<\/strong><\/h3>\n<p>Tra le numerose opere d\u2019arte presenti ad Arezzo, si distinguono gli affreschi che fanno parte del <strong>Ciclo della Vera Croce di Piero della Francesca<\/strong>. L\u2019opera \u00e8 considerata uno dei massimi esempi della pittura del Rinascimento. Si trova all\u2019interno della Basilica di San Francesco, e fu realizzata a met\u00e0 del Quattrocento nella cappella Maggiore. Tra le scene pi\u00f9 emozionanti troviamo l\u2019Esaltazione della Croce, Ritrovamento e verifica delle Tre Croci, l\u2019Adorazione della Croce.<\/p>\n<div id=\"attachment_21411\" style=\"width: 1034px\" class=\"wp-caption alignnone\"><img loading=\"lazy\" decoding=\"async\" aria-describedby=\"caption-attachment-21411\" class=\"wp-image-21411 size-large\" src=\"https:\/\/www.charminly.com\/wp-content\/uploads\/2017\/08\/Piero_della_Francesca_Ciclo_opt-1024x634.jpg\" alt=\"\" width=\"1024\" height=\"634\" srcset=\"https:\/\/www.charminly.com\/wp-content\/uploads\/2017\/08\/Piero_della_Francesca_Ciclo_opt.jpg 1024w, https:\/\/www.charminly.com\/wp-content\/uploads\/2017\/08\/Piero_della_Francesca_Ciclo_opt-300x186.jpg 300w, https:\/\/www.charminly.com\/wp-content\/uploads\/2017\/08\/Piero_della_Francesca_Ciclo_opt-768x476.jpg 768w\" sizes=\"auto, (max-width: 1024px) 100vw, 1024px\" \/><p id=\"caption-attachment-21411\" class=\"wp-caption-text\">&#8220;Leggenda della santa Croce&#8221; di Piero della Francesca, Basilica di San Francesco, Arezzo<\/p><\/div>\n<p>La <strong>Chiesa di Santa Maria della Pieve<\/strong> fu realizzata nel XII secolo. La facciata presenta tre ordini di colonne e la torre campanaria aggiunta del XIV secolo presenta dieci bifore ed \u00e8 chiamata comunemente \u201cdei cento buchi\u201d. All\u2019interno la chiesa custodisce i resti di Giorgio Vasari.<\/p>\n<p><strong>Piazza Grande<\/strong> \u00e8 la piazza principale di Arezzo, presenta un piano inclinato ed \u00e8 circondata dal Palazzo delle Logge, il Palazzo del Tribunale, La Chiesa di Santa Maria della Pieve (dal lato posteriore con l\u2019abside), il Palazzo dei Laici.<\/p>\n<div id=\"attachment_21414\" style=\"width: 1034px\" class=\"wp-caption alignnone\"><img loading=\"lazy\" decoding=\"async\" aria-describedby=\"caption-attachment-21414\" class=\"size-large wp-image-21414\" src=\"https:\/\/www.charminly.com\/wp-content\/uploads\/2017\/08\/Arezzo_-_Piazza_Grande_opt-1024x683.jpg\" alt=\"\" width=\"1024\" height=\"683\" srcset=\"https:\/\/www.charminly.com\/wp-content\/uploads\/2017\/08\/Arezzo_-_Piazza_Grande_opt.jpg 1024w, https:\/\/www.charminly.com\/wp-content\/uploads\/2017\/08\/Arezzo_-_Piazza_Grande_opt-300x200.jpg 300w, https:\/\/www.charminly.com\/wp-content\/uploads\/2017\/08\/Arezzo_-_Piazza_Grande_opt-768x512.jpg 768w, https:\/\/www.charminly.com\/wp-content\/uploads\/2017\/08\/Arezzo_-_Piazza_Grande_opt-105x70.jpg 105w\" sizes=\"auto, (max-width: 1024px) 100vw, 1024px\" \/><p id=\"caption-attachment-21414\" class=\"wp-caption-text\">Piazza Grande, Arezzo<\/p><\/div>\n<p>La <strong>Badia delle Sante Flora e Lucilla <\/strong>fu realizzata nel XIII secolo in stile gotico, ma fu il Vasari che nel 1565 inizi\u00f2 i lavori che la resero un complesso monumentale. Nel 1650 fu costruito il bellissimo campanile a cupola. La chiesa custodisce i resti delle Sante Flora e Lucilla<\/p>\n<p>La <strong>Loggia del Vasari<\/strong> \u00e8 parte del <strong>Palazzo delle Logge<\/strong> che sia affaccia su Piazza Grande. Fu progettato da Vasari nel 1573 e completato dopo la morte dell\u2019artista. E\u2019 considerata l\u2019opera pi\u00f9 bella del Vasari e un esempio di architettura rinascimentale.<\/p>\n<p>La <strong>Casa Museo del Vasari<\/strong> \u00e8 un edificio da non perdere. Le sale sono ricche di affreschi realizzati dallo stesso artista durante la sua vita e offrono una meravigliosa testimonianza del suo talento. Fanno parte del palazzo la Sala del Camino, la Sala delle Muse, il Corridoio dei Draghi, la Camera della Fama.<\/p>\n<p>La <strong>Casa natale di Francesco Petrarca<\/strong>, a Borgo dell\u2019Orto 28, \u00e8 stata restaurata nel 1926. Il poeta nacque ad Arezzo nel 1304 e nella sua casa oggi troviamo l\u2019Accademia Petrarca di Lettere Arti e Scienze con una ricca collezione di libri rari, documenti, incunaboli. Inoltre una pregiata collezione di monete.<\/p>\n<div id=\"attachment_21417\" style=\"width: 1034px\" class=\"wp-caption alignnone\"><img loading=\"lazy\" decoding=\"async\" aria-describedby=\"caption-attachment-21417\" class=\"wp-image-21417 size-large\" src=\"https:\/\/www.charminly.com\/wp-content\/uploads\/2017\/08\/san-domenico-arezzo-arezzonotizie_opt-1024x768.jpg\" alt=\"\" width=\"1024\" height=\"768\" srcset=\"https:\/\/www.charminly.com\/wp-content\/uploads\/2017\/08\/san-domenico-arezzo-arezzonotizie_opt.jpg 1024w, https:\/\/www.charminly.com\/wp-content\/uploads\/2017\/08\/san-domenico-arezzo-arezzonotizie_opt-300x225.jpg 300w, https:\/\/www.charminly.com\/wp-content\/uploads\/2017\/08\/san-domenico-arezzo-arezzonotizie_opt-768x576.jpg 768w\" sizes=\"auto, (max-width: 1024px) 100vw, 1024px\" \/><p id=\"caption-attachment-21417\" class=\"wp-caption-text\">Chiesa di San Domenico, Arezzo foto arezzonotizie<\/p><\/div>\n<p>La <strong>Chiesa di San Domenico<\/strong> \u00e8 caratterizzata da una facciata asimmetrica in pietra, realizzata nel XIII secolo in stile gotico. Tra le varie opere d\u2019arte custodite all\u2019interno, il <strong>Crocifisso ligneo di Cimabue<\/strong> \u00e8 la pi\u00f9 preziosa. Dipinto a tempera e oro su una tavola sagomata a croce, il crocifisso \u00e8 datato tra il 1268 e il 1271 ed \u00e8 la prima opera attribuita a Cimabue.<\/p>\n<h3><strong>ANGHIARI<\/strong><\/h3>\n<p><strong>Anghiari<\/strong>, inserito tra i borghi pi\u00f9 belli d\u2019Italia, \u00e8 sede della rievocazione della <strong>Battaglia di Anghiari<\/strong>, alla quale \u00e8 dedicata anche un museo. La battaglia vide affrontarsi la Signoria di Milano e la Repubblica di Firenze. Dopo la vittoria dei fiorentini, Anghiari fu premiata con un esenzione dalle tasse. Il museo conserva anche i preziosi disegni di Leonardo da Vinci che servivano ad uno studio preparatorio per un dipinto mai ritrovato.<\/p>\n<h3><strong>MONTERCHI<\/strong><\/h3>\n<p>A <strong>Monterchi<\/strong>, possiamo visitare il <strong>Museo della Madonna del Parto.<\/strong> L\u2019affresco di Piero della Francesca mostra una Madonna sofferente in gravidanza avanzata. Il volto della Madonna \u00e8 considerato uno dei pi\u00f9 belli della storia dell\u2019arte perch\u00e9 rappresenta la bellezza e la giovent\u00f9 di una ragazza qualunque unita alla regalit\u00e0 e alla sacralit\u00e0 della Madonna.<\/p>\n<hr \/>\n<div class=\"article_container\"><h2 class=\"shortcode_title\">Charming home nelle vicinanze<\/h2><div class=\"listinglink-wrapper\">\n                           <a href=\"https:\/\/www.charminly.com\/listings\/relais-country-houses-en\/\"> <span class=\"wpresidence_button\"> more listings <\/span><\/a>\n                       <\/div><\/div>\n","protected":false},"excerpt":{"rendered":"<p>AREZZO Tra le numerose opere d\u2019arte presenti ad Arezzo, si distinguono gli affreschi che fanno parte del Ciclo della Vera Croce di Piero della Francesca. L\u2019opera \u00e8 considerata uno dei massimi esempi della pittura del Rinascimento. Si trova all\u2019interno della Basilica di San Francesco, e fu realizzata a met\u00e0 del Quattrocento nella cappella Maggiore. Tra le scene pi\u00f9 emozionanti troviamo l\u2019Esaltazione della Croce, Ritrovamento &#8230;<\/p>\n","protected":false},"author":6,"featured_media":21416,"comment_status":"closed","ping_status":"closed","sticky":false,"template":"","format":"standard","meta":{"_acf_changed":false,"footnotes":""},"categories":[142],"tags":[561,567],"class_list":["post-21410","post","type-post","status-publish","format-standard","has-post-thumbnail","hentry","category-arte-e-cultura","tag-cosa-vedere-in-toscana","tag-what-to-see-in-tuscany"],"acf":[],"yoast_head":"<!-- This site is optimized with the Yoast SEO plugin v23.9 - https:\/\/yoast.com\/wordpress\/plugins\/seo\/ -->\n<title>Gli edifici storici e le opere che hanno fatto la storia dell\u2019arte, ad Arezzo<\/title>\n<meta name=\"description\" content=\"Gli edifici storici e le opere che hanno fatto la storia dell\u2019arte, ad Arezzo\" \/>\n<meta name=\"robots\" content=\"index, follow, max-snippet:-1, max-image-preview:large, max-video-preview:-1\" \/>\n<link rel=\"canonical\" href=\"https:\/\/www.charminly.com\/it\/gli-edifici-storici-e-le-opere-che-hanno-fatto-la-storia-dellarte-ad-arezzo\/\" \/>\n<meta property=\"og:locale\" content=\"it_IT\" \/>\n<meta property=\"og:type\" content=\"article\" \/>\n<meta property=\"og:title\" content=\"Gli edifici storici e le opere che hanno fatto la storia dell\u2019arte, ad Arezzo\" \/>\n<meta property=\"og:description\" content=\"Gli edifici storici e le opere che hanno fatto la storia dell\u2019arte, ad Arezzo\" \/>\n<meta property=\"og:url\" content=\"https:\/\/www.charminly.com\/it\/gli-edifici-storici-e-le-opere-che-hanno-fatto-la-storia-dellarte-ad-arezzo\/\" \/>\n<meta property=\"article:publisher\" content=\"https:\/\/www.facebook.com\/charminlyitalia\/\" \/>\n<meta property=\"article:published_time\" content=\"2017-09-27T09:42:54+00:00\" \/>\n<meta property=\"article:modified_time\" content=\"2020-01-15T15:12:01+00:00\" \/>\n<meta property=\"og:image\" content=\"https:\/\/www.charminly.com\/wp-content\/uploads\/2017\/08\/Arezzo_-_Piazza_Grande_opt.jpg\" \/>\n\t<meta property=\"og:image:width\" content=\"1024\" \/>\n\t<meta property=\"og:image:height\" content=\"683\" \/>\n\t<meta property=\"og:image:type\" content=\"image\/jpeg\" \/>\n<meta name=\"author\" content=\"Ivan Lopez\" \/>\n<meta name=\"twitter:card\" content=\"summary_large_image\" \/>\n<meta name=\"twitter:creator\" content=\"@charminly_com\" \/>\n<meta name=\"twitter:site\" content=\"@charminly_com\" \/>\n<meta name=\"twitter:label1\" content=\"Scritto da\" \/>\n\t<meta name=\"twitter:data1\" content=\"Ivan Lopez\" \/>\n\t<meta name=\"twitter:label2\" content=\"Tempo di lettura stimato\" \/>\n\t<meta name=\"twitter:data2\" content=\"3 minuti\" \/>\n<script type=\"application\/ld+json\" class=\"yoast-schema-graph\">{\"@context\":\"https:\/\/schema.org\",\"@graph\":[{\"@type\":\"Article\",\"@id\":\"https:\/\/www.charminly.com\/it\/gli-edifici-storici-e-le-opere-che-hanno-fatto-la-storia-dellarte-ad-arezzo\/#article\",\"isPartOf\":{\"@id\":\"https:\/\/www.charminly.com\/it\/gli-edifici-storici-e-le-opere-che-hanno-fatto-la-storia-dellarte-ad-arezzo\/\"},\"author\":{\"name\":\"Ivan Lopez\",\"@id\":\"https:\/\/www.charminly.com\/it\/#\/schema\/person\/52806bb74f5c81bbf5f0989dd952c7ea\"},\"headline\":\"Gli edifici storici e le opere che hanno fatto la storia dell\u2019arte, ad Arezzo\",\"datePublished\":\"2017-09-27T09:42:54+00:00\",\"dateModified\":\"2020-01-15T15:12:01+00:00\",\"mainEntityOfPage\":{\"@id\":\"https:\/\/www.charminly.com\/it\/gli-edifici-storici-e-le-opere-che-hanno-fatto-la-storia-dellarte-ad-arezzo\/\"},\"wordCount\":622,\"publisher\":{\"@id\":\"https:\/\/www.charminly.com\/it\/#organization\"},\"image\":{\"@id\":\"https:\/\/www.charminly.com\/it\/gli-edifici-storici-e-le-opere-che-hanno-fatto-la-storia-dellarte-ad-arezzo\/#primaryimage\"},\"thumbnailUrl\":\"https:\/\/www.charminly.com\/wp-content\/uploads\/2017\/08\/Arezzo_-_Piazza_Grande_opt.jpg\",\"keywords\":[\"Cosa vedere in Toscana\",\"What to see in Tuscany\"],\"articleSection\":[\"Arte e cultura\"],\"inLanguage\":\"it-IT\"},{\"@type\":\"WebPage\",\"@id\":\"https:\/\/www.charminly.com\/it\/gli-edifici-storici-e-le-opere-che-hanno-fatto-la-storia-dellarte-ad-arezzo\/\",\"url\":\"https:\/\/www.charminly.com\/it\/gli-edifici-storici-e-le-opere-che-hanno-fatto-la-storia-dellarte-ad-arezzo\/\",\"name\":\"Gli edifici storici e le opere che hanno fatto la storia dell\u2019arte, ad Arezzo\",\"isPartOf\":{\"@id\":\"https:\/\/www.charminly.com\/it\/#website\"},\"primaryImageOfPage\":{\"@id\":\"https:\/\/www.charminly.com\/it\/gli-edifici-storici-e-le-opere-che-hanno-fatto-la-storia-dellarte-ad-arezzo\/#primaryimage\"},\"image\":{\"@id\":\"https:\/\/www.charminly.com\/it\/gli-edifici-storici-e-le-opere-che-hanno-fatto-la-storia-dellarte-ad-arezzo\/#primaryimage\"},\"thumbnailUrl\":\"https:\/\/www.charminly.com\/wp-content\/uploads\/2017\/08\/Arezzo_-_Piazza_Grande_opt.jpg\",\"datePublished\":\"2017-09-27T09:42:54+00:00\",\"dateModified\":\"2020-01-15T15:12:01+00:00\",\"description\":\"Gli edifici storici e le opere che hanno fatto la storia dell\u2019arte, ad Arezzo\",\"breadcrumb\":{\"@id\":\"https:\/\/www.charminly.com\/it\/gli-edifici-storici-e-le-opere-che-hanno-fatto-la-storia-dellarte-ad-arezzo\/#breadcrumb\"},\"inLanguage\":\"it-IT\",\"potentialAction\":[{\"@type\":\"ReadAction\",\"target\":[\"https:\/\/www.charminly.com\/it\/gli-edifici-storici-e-le-opere-che-hanno-fatto-la-storia-dellarte-ad-arezzo\/\"]}]},{\"@type\":\"ImageObject\",\"inLanguage\":\"it-IT\",\"@id\":\"https:\/\/www.charminly.com\/it\/gli-edifici-storici-e-le-opere-che-hanno-fatto-la-storia-dellarte-ad-arezzo\/#primaryimage\",\"url\":\"https:\/\/www.charminly.com\/wp-content\/uploads\/2017\/08\/Arezzo_-_Piazza_Grande_opt.jpg\",\"contentUrl\":\"https:\/\/www.charminly.com\/wp-content\/uploads\/2017\/08\/Arezzo_-_Piazza_Grande_opt.jpg\",\"width\":1024,\"height\":683,\"caption\":\"SAMSUNG CSC\"},{\"@type\":\"BreadcrumbList\",\"@id\":\"https:\/\/www.charminly.com\/it\/gli-edifici-storici-e-le-opere-che-hanno-fatto-la-storia-dellarte-ad-arezzo\/#breadcrumb\",\"itemListElement\":[{\"@type\":\"ListItem\",\"position\":1,\"name\":\"Home\",\"item\":\"https:\/\/www.charminly.com\/it\/\"},{\"@type\":\"ListItem\",\"position\":2,\"name\":\"Cosa vedere in Toscana\",\"item\":\"https:\/\/www.charminly.com\/it\/tag\/cosa-vedere-in-toscana\/\"},{\"@type\":\"ListItem\",\"position\":3,\"name\":\"Gli edifici storici e le opere che hanno fatto la storia dell\u2019arte, ad Arezzo\"}]},{\"@type\":\"WebSite\",\"@id\":\"https:\/\/www.charminly.com\/it\/#website\",\"url\":\"https:\/\/www.charminly.com\/it\/\",\"name\":\"\",\"description\":\"\",\"publisher\":{\"@id\":\"https:\/\/www.charminly.com\/it\/#organization\"},\"potentialAction\":[{\"@type\":\"SearchAction\",\"target\":{\"@type\":\"EntryPoint\",\"urlTemplate\":\"https:\/\/www.charminly.com\/it\/?s={search_term_string}\"},\"query-input\":{\"@type\":\"PropertyValueSpecification\",\"valueRequired\":true,\"valueName\":\"search_term_string\"}}],\"inLanguage\":\"it-IT\"},{\"@type\":\"Organization\",\"@id\":\"https:\/\/www.charminly.com\/it\/#organization\",\"name\":\"Charminly.com\",\"url\":\"https:\/\/www.charminly.com\/it\/\",\"logo\":{\"@type\":\"ImageObject\",\"inLanguage\":\"it-IT\",\"@id\":\"https:\/\/www.charminly.com\/it\/#\/schema\/logo\/image\/\",\"url\":\"https:\/\/www.charminly.com\/wp-content\/uploads\/2014\/10\/logo.png\",\"contentUrl\":\"https:\/\/www.charminly.com\/wp-content\/uploads\/2014\/10\/logo.png\",\"width\":264,\"height\":115,\"caption\":\"Charminly.com\"},\"image\":{\"@id\":\"https:\/\/www.charminly.com\/it\/#\/schema\/logo\/image\/\"},\"sameAs\":[\"https:\/\/www.facebook.com\/charminlyitalia\/\",\"https:\/\/x.com\/charminly_com\"]},{\"@type\":\"Person\",\"@id\":\"https:\/\/www.charminly.com\/it\/#\/schema\/person\/52806bb74f5c81bbf5f0989dd952c7ea\",\"name\":\"Ivan Lopez\",\"image\":{\"@type\":\"ImageObject\",\"inLanguage\":\"it-IT\",\"@id\":\"https:\/\/www.charminly.com\/it\/#\/schema\/person\/image\/\",\"url\":\"https:\/\/secure.gravatar.com\/avatar\/e8aef7257c7a278cfcb908e241d9761c?s=96&d=mm&r=g\",\"contentUrl\":\"https:\/\/secure.gravatar.com\/avatar\/e8aef7257c7a278cfcb908e241d9761c?s=96&d=mm&r=g\",\"caption\":\"Ivan Lopez\"},\"url\":\"https:\/\/www.charminly.com\/it\/author\/ivan\/\"}]}<\/script>\n<!-- \/ Yoast SEO plugin. -->","yoast_head_json":{"title":"Gli edifici storici e le opere che hanno fatto la storia dell\u2019arte, ad Arezzo","description":"Gli edifici storici e le opere che hanno fatto la storia dell\u2019arte, ad Arezzo","robots":{"index":"index","follow":"follow","max-snippet":"max-snippet:-1","max-image-preview":"max-image-preview:large","max-video-preview":"max-video-preview:-1"},"canonical":"https:\/\/www.charminly.com\/it\/gli-edifici-storici-e-le-opere-che-hanno-fatto-la-storia-dellarte-ad-arezzo\/","og_locale":"it_IT","og_type":"article","og_title":"Gli edifici storici e le opere che hanno fatto la storia dell\u2019arte, ad Arezzo","og_description":"Gli edifici storici e le opere che hanno fatto la storia dell\u2019arte, ad Arezzo","og_url":"https:\/\/www.charminly.com\/it\/gli-edifici-storici-e-le-opere-che-hanno-fatto-la-storia-dellarte-ad-arezzo\/","article_publisher":"https:\/\/www.facebook.com\/charminlyitalia\/","article_published_time":"2017-09-27T09:42:54+00:00","article_modified_time":"2020-01-15T15:12:01+00:00","og_image":[{"width":1024,"height":683,"url":"https:\/\/www.charminly.com\/wp-content\/uploads\/2017\/08\/Arezzo_-_Piazza_Grande_opt.jpg","type":"image\/jpeg"}],"author":"Ivan Lopez","twitter_card":"summary_large_image","twitter_creator":"@charminly_com","twitter_site":"@charminly_com","twitter_misc":{"Scritto da":"Ivan Lopez","Tempo di lettura stimato":"3 minuti"},"schema":{"@context":"https:\/\/schema.org","@graph":[{"@type":"Article","@id":"https:\/\/www.charminly.com\/it\/gli-edifici-storici-e-le-opere-che-hanno-fatto-la-storia-dellarte-ad-arezzo\/#article","isPartOf":{"@id":"https:\/\/www.charminly.com\/it\/gli-edifici-storici-e-le-opere-che-hanno-fatto-la-storia-dellarte-ad-arezzo\/"},"author":{"name":"Ivan Lopez","@id":"https:\/\/www.charminly.com\/it\/#\/schema\/person\/52806bb74f5c81bbf5f0989dd952c7ea"},"headline":"Gli edifici storici e le opere che hanno fatto la storia dell\u2019arte, ad Arezzo","datePublished":"2017-09-27T09:42:54+00:00","dateModified":"2020-01-15T15:12:01+00:00","mainEntityOfPage":{"@id":"https:\/\/www.charminly.com\/it\/gli-edifici-storici-e-le-opere-che-hanno-fatto-la-storia-dellarte-ad-arezzo\/"},"wordCount":622,"publisher":{"@id":"https:\/\/www.charminly.com\/it\/#organization"},"image":{"@id":"https:\/\/www.charminly.com\/it\/gli-edifici-storici-e-le-opere-che-hanno-fatto-la-storia-dellarte-ad-arezzo\/#primaryimage"},"thumbnailUrl":"https:\/\/www.charminly.com\/wp-content\/uploads\/2017\/08\/Arezzo_-_Piazza_Grande_opt.jpg","keywords":["Cosa vedere in Toscana","What to see in Tuscany"],"articleSection":["Arte e cultura"],"inLanguage":"it-IT"},{"@type":"WebPage","@id":"https:\/\/www.charminly.com\/it\/gli-edifici-storici-e-le-opere-che-hanno-fatto-la-storia-dellarte-ad-arezzo\/","url":"https:\/\/www.charminly.com\/it\/gli-edifici-storici-e-le-opere-che-hanno-fatto-la-storia-dellarte-ad-arezzo\/","name":"Gli edifici storici e le opere che hanno fatto la storia dell\u2019arte, ad Arezzo","isPartOf":{"@id":"https:\/\/www.charminly.com\/it\/#website"},"primaryImageOfPage":{"@id":"https:\/\/www.charminly.com\/it\/gli-edifici-storici-e-le-opere-che-hanno-fatto-la-storia-dellarte-ad-arezzo\/#primaryimage"},"image":{"@id":"https:\/\/www.charminly.com\/it\/gli-edifici-storici-e-le-opere-che-hanno-fatto-la-storia-dellarte-ad-arezzo\/#primaryimage"},"thumbnailUrl":"https:\/\/www.charminly.com\/wp-content\/uploads\/2017\/08\/Arezzo_-_Piazza_Grande_opt.jpg","datePublished":"2017-09-27T09:42:54+00:00","dateModified":"2020-01-15T15:12:01+00:00","description":"Gli edifici storici e le opere che hanno fatto la storia dell\u2019arte, ad Arezzo","breadcrumb":{"@id":"https:\/\/www.charminly.com\/it\/gli-edifici-storici-e-le-opere-che-hanno-fatto-la-storia-dellarte-ad-arezzo\/#breadcrumb"},"inLanguage":"it-IT","potentialAction":[{"@type":"ReadAction","target":["https:\/\/www.charminly.com\/it\/gli-edifici-storici-e-le-opere-che-hanno-fatto-la-storia-dellarte-ad-arezzo\/"]}]},{"@type":"ImageObject","inLanguage":"it-IT","@id":"https:\/\/www.charminly.com\/it\/gli-edifici-storici-e-le-opere-che-hanno-fatto-la-storia-dellarte-ad-arezzo\/#primaryimage","url":"https:\/\/www.charminly.com\/wp-content\/uploads\/2017\/08\/Arezzo_-_Piazza_Grande_opt.jpg","contentUrl":"https:\/\/www.charminly.com\/wp-content\/uploads\/2017\/08\/Arezzo_-_Piazza_Grande_opt.jpg","width":1024,"height":683,"caption":"SAMSUNG CSC"},{"@type":"BreadcrumbList","@id":"https:\/\/www.charminly.com\/it\/gli-edifici-storici-e-le-opere-che-hanno-fatto-la-storia-dellarte-ad-arezzo\/#breadcrumb","itemListElement":[{"@type":"ListItem","position":1,"name":"Home","item":"https:\/\/www.charminly.com\/it\/"},{"@type":"ListItem","position":2,"name":"Cosa vedere in Toscana","item":"https:\/\/www.charminly.com\/it\/tag\/cosa-vedere-in-toscana\/"},{"@type":"ListItem","position":3,"name":"Gli edifici storici e le opere che hanno fatto la storia dell\u2019arte, ad Arezzo"}]},{"@type":"WebSite","@id":"https:\/\/www.charminly.com\/it\/#website","url":"https:\/\/www.charminly.com\/it\/","name":"","description":"","publisher":{"@id":"https:\/\/www.charminly.com\/it\/#organization"},"potentialAction":[{"@type":"SearchAction","target":{"@type":"EntryPoint","urlTemplate":"https:\/\/www.charminly.com\/it\/?s={search_term_string}"},"query-input":{"@type":"PropertyValueSpecification","valueRequired":true,"valueName":"search_term_string"}}],"inLanguage":"it-IT"},{"@type":"Organization","@id":"https:\/\/www.charminly.com\/it\/#organization","name":"Charminly.com","url":"https:\/\/www.charminly.com\/it\/","logo":{"@type":"ImageObject","inLanguage":"it-IT","@id":"https:\/\/www.charminly.com\/it\/#\/schema\/logo\/image\/","url":"https:\/\/www.charminly.com\/wp-content\/uploads\/2014\/10\/logo.png","contentUrl":"https:\/\/www.charminly.com\/wp-content\/uploads\/2014\/10\/logo.png","width":264,"height":115,"caption":"Charminly.com"},"image":{"@id":"https:\/\/www.charminly.com\/it\/#\/schema\/logo\/image\/"},"sameAs":["https:\/\/www.facebook.com\/charminlyitalia\/","https:\/\/x.com\/charminly_com"]},{"@type":"Person","@id":"https:\/\/www.charminly.com\/it\/#\/schema\/person\/52806bb74f5c81bbf5f0989dd952c7ea","name":"Ivan Lopez","image":{"@type":"ImageObject","inLanguage":"it-IT","@id":"https:\/\/www.charminly.com\/it\/#\/schema\/person\/image\/","url":"https:\/\/secure.gravatar.com\/avatar\/e8aef7257c7a278cfcb908e241d9761c?s=96&d=mm&r=g","contentUrl":"https:\/\/secure.gravatar.com\/avatar\/e8aef7257c7a278cfcb908e241d9761c?s=96&d=mm&r=g","caption":"Ivan Lopez"},"url":"https:\/\/www.charminly.com\/it\/author\/ivan\/"}]}},"_links":{"self":[{"href":"https:\/\/www.charminly.com\/it\/wp-json\/wp\/v2\/posts\/21410","targetHints":{"allow":["GET"]}}],"collection":[{"href":"https:\/\/www.charminly.com\/it\/wp-json\/wp\/v2\/posts"}],"about":[{"href":"https:\/\/www.charminly.com\/it\/wp-json\/wp\/v2\/types\/post"}],"author":[{"embeddable":true,"href":"https:\/\/www.charminly.com\/it\/wp-json\/wp\/v2\/users\/6"}],"replies":[{"embeddable":true,"href":"https:\/\/www.charminly.com\/it\/wp-json\/wp\/v2\/comments?post=21410"}],"version-history":[{"count":0,"href":"https:\/\/www.charminly.com\/it\/wp-json\/wp\/v2\/posts\/21410\/revisions"}],"wp:featuredmedia":[{"embeddable":true,"href":"https:\/\/www.charminly.com\/it\/wp-json\/wp\/v2\/media\/21416"}],"wp:attachment":[{"href":"https:\/\/www.charminly.com\/it\/wp-json\/wp\/v2\/media?parent=21410"}],"wp:term":[{"taxonomy":"category","embeddable":true,"href":"https:\/\/www.charminly.com\/it\/wp-json\/wp\/v2\/categories?post=21410"},{"taxonomy":"post_tag","embeddable":true,"href":"https:\/\/www.charminly.com\/it\/wp-json\/wp\/v2\/tags?post=21410"}],"curies":[{"name":"wp","href":"https:\/\/api.w.org\/{rel}","templated":true}]}}