{"id":20345,"date":"2017-05-31T13:58:32","date_gmt":"2017-05-31T11:58:32","guid":{"rendered":"https:\/\/www.charminly.com\/?p=20345\/"},"modified":"2020-01-15T15:59:17","modified_gmt":"2020-01-15T14:59:17","slug":"chiese-palazzi-e-opere-darte-tra-macerata-e-ancona-nelle-marche","status":"publish","type":"post","link":"https:\/\/www.charminly.com\/it\/chiese-palazzi-e-opere-darte-tra-macerata-e-ancona-nelle-marche\/","title":{"rendered":"Chiese, palazzi e opere d\u2019arte tra Macerata e Ancona, nelle Marche"},"content":{"rendered":"<p>Prenotando la vostra vacanza presso il <a href=\"https:\/\/www.charminly.com\/it\/properties\/borgo-della-spiga-it\/\"><strong>Borgo della Spiga<\/strong><\/a>, che si trova a <a href=\"https:\/\/www.charminly.com\/it\/area\/cingoli-it\/\"><strong>Cingoli<\/strong><\/a>, o anche a <a href=\"https:\/\/www.charminly.com\/it\/properties\/le-maracla-it\/\"><strong>Le Maracl\u00e0<\/strong><\/a> che si trova a Jesi, nelle <strong>Marche<\/strong>, visiterete chiese, palazzi e opere d\u2019arte tra Macerata e Ancona, nelle Marche.<\/p>\n<h3><strong>CINGOLI<\/strong><\/h3>\n<p>Il paese di <strong>Cingoli<\/strong>, si distingue per una posizione eccellente sulla cima del Monte Circe. Da qui \u00e8 possibile scorgere l\u2019intero territorio marchigiano sulla costa adriatica, fino al Monte Conero. Per questo meraviglioso panorama, Cingoli \u00e8 soprannominato \u201cIl Balcone delle Marche\u201d.<\/p>\n<p>Tra i palazzi storici non pu\u00f2 mancare una visita al <strong>Palazzo Castiglioni<\/strong>, una casa museo che comprende una ricca collezione di oggetti appartenuti a Papa Pio VIII, oltre a numerose sale con arredi d\u2019epoca, dipinti e oggetti preziosi.<\/p>\n<p>La chiesa <strong>Collegiata di S. Esuperanzio<\/strong> \u00e8 un\u2019abbazia del 1139. Costruita in stile romanico- gotico, la chiesa fu eretta in onore del santo, gi\u00e0 vescovo di Cingoli, al quale vennero attribuiti diversi miracoli. Le reliquie del Santo si trovano nella cripta, rinvenuta nel 1770.<\/p>\n<div id=\"attachment_20346\" style=\"width: 1034px\" class=\"wp-caption alignnone\"><img loading=\"lazy\" decoding=\"async\" aria-describedby=\"caption-attachment-20346\" class=\"wp-image-20346 size-large\" src=\"https:\/\/www.charminly.com\/wp-content\/uploads\/2017\/05\/Cingoli_santesuperanzio_esterno_01_opt-1024x746.jpg\" alt=\"\" width=\"1024\" height=\"746\" srcset=\"https:\/\/www.charminly.com\/wp-content\/uploads\/2017\/05\/Cingoli_santesuperanzio_esterno_01_opt.jpg 1024w, https:\/\/www.charminly.com\/wp-content\/uploads\/2017\/05\/Cingoli_santesuperanzio_esterno_01_opt-300x219.jpg 300w, https:\/\/www.charminly.com\/wp-content\/uploads\/2017\/05\/Cingoli_santesuperanzio_esterno_01_opt-768x560.jpg 768w\" sizes=\"auto, (max-width: 1024px) 100vw, 1024px\" \/><p id=\"caption-attachment-20346\" class=\"wp-caption-text\">Collegiata di S. Esuperanzio, Cingoli<\/p><\/div>\n<h3><strong>JESI<\/strong><\/h3>\n<p>Giungendo a <strong>Jesi<\/strong>, in provincia di Ancona, troviamo una citt\u00e0 dal glorioso passato, come testimoniano i numerosi edifici e le opere d\u2019arte.<\/p>\n<p><strong>Piazza Federico II<\/strong> \u00e8 uno dei punti pi\u00f9 antichi della citt\u00e0 e sorge sul precedente Foro Romano. Proprio nella piazza, nel 1194 nacque Federico II di Svevia, la madre Costanza lo partor\u00ec in pubblico per mettere a tacere i dubbi sulla sua gravidanza ed evitare problemi sulla linea di successione.<\/p>\n<div id=\"attachment_20349\" style=\"width: 1034px\" class=\"wp-caption alignnone\"><img loading=\"lazy\" decoding=\"async\" aria-describedby=\"caption-attachment-20349\" class=\"wp-image-20349 size-large\" src=\"https:\/\/www.charminly.com\/wp-content\/uploads\/2017\/05\/Jesi-piazza03_opt-1024x681.jpg\" alt=\"\" width=\"1024\" height=\"681\" srcset=\"https:\/\/www.charminly.com\/wp-content\/uploads\/2017\/05\/Jesi-piazza03_opt.jpg 1024w, https:\/\/www.charminly.com\/wp-content\/uploads\/2017\/05\/Jesi-piazza03_opt-300x200.jpg 300w, https:\/\/www.charminly.com\/wp-content\/uploads\/2017\/05\/Jesi-piazza03_opt-768x511.jpg 768w, https:\/\/www.charminly.com\/wp-content\/uploads\/2017\/05\/Jesi-piazza03_opt-105x70.jpg 105w\" sizes=\"auto, (max-width: 1024px) 100vw, 1024px\" \/><p id=\"caption-attachment-20349\" class=\"wp-caption-text\">Piazza Federico II, Jesi<\/p><\/div>\n<p>Sulla piazza sorge la <strong>Cattedrale di San Settimio,<\/strong> o Duomo di Jesi. Costruita su edifici religiosi precedenti, custodisce le spoglie del Santo patrono della citt\u00e0, ricca di dipinti e oggetti preziosi, come le particolari acquasantiere ricavate dalla base di due colonne a forma di leone, in marmo rosso di Verona.<\/p>\n<p>Il <strong>Teatro Pergolesi <\/strong>ha sede in un bellissimo palazzo del 1790, costruito per sostituire il vecchio Teatro del Leone. Si ottenne quindi un teatro pi\u00f9 ampio e con una migliore acustica. All\u2019epoca della costruizione si chiamava Teatro della Concordia, ma fu intitolato al maestro Pergolesi nel 1883.<\/p>\n<h3><strong>RECANATI<\/strong><\/h3>\n<p>La casa di<strong> Giacomo Leopardi<\/strong>, o Palazzo Leopardi, sorge a Recanati, sua citt\u00e0 natale e dove visse fino al 1830. Il palazzo \u00e8 abitato dalla famiglia Leopardi, ma a piano terra \u00e8 possibile visitare la splendida biblioteca con oltre 20.000 volumi.<\/p>\n<div id=\"attachment_20352\" style=\"width: 1034px\" class=\"wp-caption alignnone\"><img loading=\"lazy\" decoding=\"async\" aria-describedby=\"caption-attachment-20352\" class=\"wp-image-20352 size-large\" src=\"https:\/\/www.charminly.com\/wp-content\/uploads\/2017\/05\/Osimo-cattedrale_opt-1024x768.jpg\" alt=\"\" width=\"1024\" height=\"768\" srcset=\"https:\/\/www.charminly.com\/wp-content\/uploads\/2017\/05\/Osimo-cattedrale_opt.jpg 1024w, https:\/\/www.charminly.com\/wp-content\/uploads\/2017\/05\/Osimo-cattedrale_opt-300x225.jpg 300w, https:\/\/www.charminly.com\/wp-content\/uploads\/2017\/05\/Osimo-cattedrale_opt-768x576.jpg 768w\" sizes=\"auto, (max-width: 1024px) 100vw, 1024px\" \/><p id=\"caption-attachment-20352\" class=\"wp-caption-text\">Cattedrale \u00a0di Osimo<\/p><\/div>\n<h3><strong>OSIMO<\/strong><\/h3>\n<p>La <strong>Cattedrale di Osimo,<\/strong> o Duomo di San Leopardo, risale al VII secolo con successivi ampliamenti, in particolare nel Duecento vennero realizzate le preziose sculture medievali. La cripta custodisce le tombe di san Leopardo, che fu anche il primo vescovo di Osimo, di san Vitaliano e di san Benvenuto.<\/p>\n<p>La <strong>pinacoteca del Museo Diocesano<\/strong>, situata al Palazzo Vescovile, comprende numerose opere tra cui diversi dipinti, sculture in marmo risalenti al Medioevo, e tanti oggetti sacri come il Reliquiario della Santa croce di Bernini.<\/p>\n<p>La <strong>Chiesa di San Marco<\/strong>, edificata nel XIV secolo, era inizialmente parte di un convento. All&#8217;interno possiamo vedere diversi particolari in stile barocco. Tra le tante opere d&#8217;arte si distingue la preziosa pala d&#8217;altare del <strong>Guercino <\/strong>che raffigura la Madonna del Rosaio con accanto Santa Caterina da Siena e San Domenico.<\/p>\n<hr \/>\n<div class=\"article_container\"><h2 class=\"shortcode_title\">Charming home nelle vicinanze<\/h2>\n\n\n<div class=\"col-md-4 shortcode-col listing_wrapper\" data-org=\"4\" data-listid=\"18176\">\n    <div class=\"property_listing   \" data-link=\"https:\/\/www.charminly.com\/it\/estate_property\/borgo-della-spiga-it\/\">\n\n        <div class=\"listing-unit-img-wrapper\"><a href=\"https:\/\/www.charminly.com\/it\/estate_property\/borgo-della-spiga-it\/\"><img loading=\"lazy\" decoding=\"async\" width=\"525\" height=\"328\" src=\"https:\/\/www.charminly.com\/wp-content\/uploads\/2017\/01\/Borgo-della-Spiga-1-1-525x328.jpg\" class=\"lazyload img-responsive wp-post-image\" alt=\"\" data-original=\"https:\/\/www.charminly.com\/wp-content\/uploads\/2017\/01\/Borgo-della-Spiga-1-1-525x328.jpg\" \/><\/a><\/div>\n\n            <h4><a href=\"https:\/\/www.charminly.com\/it\/estate_property\/borgo-della-spiga-it\/\">\n                    Borgo della Spiga                <\/a>\n            <\/h4>\n            <div class=\"property_address\">\n                Via Saltregna 30,  Cingoli  (MC)            <\/div>\n\n\n\n\n\n                            <div class=\"listing_details the_grid_view\">\n                    Borgo della Spiga si trova in provincia di Macerata, a dieci km circa dal borgo di Cingoli, noto per ...                <\/div>\n\n                <div class=\"listing_details the_list_view\">\n                    Borgo della Spiga si trova in provincia di Macerata, a dieci km circa dal borgo di Cingoli, noto per ...                <\/div>\n            \n\n            <div class=\"property_listing_details\">\n\n            <\/div>\n\n            <div class=\"property_location\">\n                <div> <span class=\"inforoom\">8<\/span><\/div><span class=\"pricerange\">da  148 a \u20ac 172<\/span>            <\/div>\n            <\/div>\n<\/div>\n\n<div class=\"listinglink-wrapper\">\n                           <a href=\"https:\/\/www.charminly.com\/listings\/relais-country-houses-en\/\"> <span class=\"wpresidence_button\"> more listings <\/span><\/a>\n                       <\/div><\/div>\n","protected":false},"excerpt":{"rendered":"<p>Prenotando la vostra vacanza presso il Borgo della Spiga, che si trova a Cingoli, o anche a Le Maracl\u00e0 che si trova a Jesi, nelle Marche, visiterete chiese, palazzi e opere d\u2019arte tra Macerata e Ancona, nelle Marche. CINGOLI Il paese di Cingoli, si distingue per una posizione eccellente sulla cima del Monte Circe. Da qui \u00e8 possibile scorgere l\u2019intero territorio marchigiano sulla costa &#8230;<\/p>\n","protected":false},"author":6,"featured_media":20351,"comment_status":"closed","ping_status":"closed","sticky":false,"template":"","format":"standard","meta":{"_acf_changed":false,"footnotes":""},"categories":[142],"tags":[633],"class_list":["post-20345","post","type-post","status-publish","format-standard","has-post-thumbnail","hentry","category-arte-e-cultura","tag-cosa-vedere-nelle-marche"],"acf":[],"yoast_head":"<!-- This site is optimized with the Yoast SEO plugin v23.9 - https:\/\/yoast.com\/wordpress\/plugins\/seo\/ -->\n<title>Chiese, palazzi e opere d\u2019arte tra Macerata e Ancona, nelle Marche<\/title>\n<meta name=\"description\" content=\"Prenotando la vostra vacanza presso il Borgo della Spiga, che si trova a Cingoli, o anche a Le Maracl\u00e0 che si trova a Jesi, nelle Marche, visiterete chiese, palazzi e opere d\u2019arte tra Macerata e Ancona, nelle Marche.\" \/>\n<meta name=\"robots\" content=\"index, follow, max-snippet:-1, max-image-preview:large, max-video-preview:-1\" \/>\n<link rel=\"canonical\" href=\"https:\/\/www.charminly.com\/it\/chiese-palazzi-e-opere-darte-tra-macerata-e-ancona-nelle-marche\/\" \/>\n<meta property=\"og:locale\" content=\"it_IT\" \/>\n<meta property=\"og:type\" content=\"article\" \/>\n<meta property=\"og:title\" content=\"Chiese, palazzi e opere d\u2019arte tra Macerata e Ancona, nelle Marche\" \/>\n<meta property=\"og:description\" content=\"Prenotando la vostra vacanza presso il Borgo della Spiga, che si trova a Cingoli, o anche a Le Maracl\u00e0 che si trova a Jesi, nelle Marche, visiterete chiese, palazzi e opere d\u2019arte tra Macerata e Ancona, nelle Marche.\" \/>\n<meta property=\"og:url\" content=\"https:\/\/www.charminly.com\/it\/chiese-palazzi-e-opere-darte-tra-macerata-e-ancona-nelle-marche\/\" \/>\n<meta property=\"article:publisher\" content=\"https:\/\/www.facebook.com\/charminlyitalia\/\" \/>\n<meta property=\"article:published_time\" content=\"2017-05-31T11:58:32+00:00\" \/>\n<meta property=\"article:modified_time\" content=\"2020-01-15T14:59:17+00:00\" \/>\n<meta property=\"og:image\" content=\"https:\/\/www.charminly.com\/wp-content\/uploads\/2017\/05\/Jesi-piazza03_opt.jpg\" \/>\n\t<meta property=\"og:image:width\" content=\"1024\" \/>\n\t<meta property=\"og:image:height\" content=\"681\" \/>\n\t<meta property=\"og:image:type\" content=\"image\/jpeg\" \/>\n<meta name=\"author\" content=\"Ivan Lopez\" \/>\n<meta name=\"twitter:card\" content=\"summary_large_image\" \/>\n<meta name=\"twitter:creator\" content=\"@charminly_com\" \/>\n<meta name=\"twitter:site\" content=\"@charminly_com\" \/>\n<meta name=\"twitter:label1\" content=\"Scritto da\" \/>\n\t<meta name=\"twitter:data1\" content=\"Ivan Lopez\" \/>\n\t<meta name=\"twitter:label2\" content=\"Tempo di lettura stimato\" \/>\n\t<meta name=\"twitter:data2\" content=\"3 minuti\" \/>\n<script type=\"application\/ld+json\" class=\"yoast-schema-graph\">{\"@context\":\"https:\/\/schema.org\",\"@graph\":[{\"@type\":\"Article\",\"@id\":\"https:\/\/www.charminly.com\/it\/chiese-palazzi-e-opere-darte-tra-macerata-e-ancona-nelle-marche\/#article\",\"isPartOf\":{\"@id\":\"https:\/\/www.charminly.com\/it\/chiese-palazzi-e-opere-darte-tra-macerata-e-ancona-nelle-marche\/\"},\"author\":{\"name\":\"Ivan Lopez\",\"@id\":\"https:\/\/www.charminly.com\/it\/#\/schema\/person\/52806bb74f5c81bbf5f0989dd952c7ea\"},\"headline\":\"Chiese, palazzi e opere d\u2019arte tra Macerata e Ancona, nelle Marche\",\"datePublished\":\"2017-05-31T11:58:32+00:00\",\"dateModified\":\"2020-01-15T14:59:17+00:00\",\"mainEntityOfPage\":{\"@id\":\"https:\/\/www.charminly.com\/it\/chiese-palazzi-e-opere-darte-tra-macerata-e-ancona-nelle-marche\/\"},\"wordCount\":576,\"publisher\":{\"@id\":\"https:\/\/www.charminly.com\/it\/#organization\"},\"image\":{\"@id\":\"https:\/\/www.charminly.com\/it\/chiese-palazzi-e-opere-darte-tra-macerata-e-ancona-nelle-marche\/#primaryimage\"},\"thumbnailUrl\":\"https:\/\/www.charminly.com\/wp-content\/uploads\/2017\/05\/Jesi-piazza03_opt.jpg\",\"keywords\":[\"Cosa vedere nelle Marche\"],\"articleSection\":[\"Arte e cultura\"],\"inLanguage\":\"it-IT\"},{\"@type\":\"WebPage\",\"@id\":\"https:\/\/www.charminly.com\/it\/chiese-palazzi-e-opere-darte-tra-macerata-e-ancona-nelle-marche\/\",\"url\":\"https:\/\/www.charminly.com\/it\/chiese-palazzi-e-opere-darte-tra-macerata-e-ancona-nelle-marche\/\",\"name\":\"Chiese, palazzi e opere d\u2019arte tra Macerata e Ancona, nelle Marche\",\"isPartOf\":{\"@id\":\"https:\/\/www.charminly.com\/it\/#website\"},\"primaryImageOfPage\":{\"@id\":\"https:\/\/www.charminly.com\/it\/chiese-palazzi-e-opere-darte-tra-macerata-e-ancona-nelle-marche\/#primaryimage\"},\"image\":{\"@id\":\"https:\/\/www.charminly.com\/it\/chiese-palazzi-e-opere-darte-tra-macerata-e-ancona-nelle-marche\/#primaryimage\"},\"thumbnailUrl\":\"https:\/\/www.charminly.com\/wp-content\/uploads\/2017\/05\/Jesi-piazza03_opt.jpg\",\"datePublished\":\"2017-05-31T11:58:32+00:00\",\"dateModified\":\"2020-01-15T14:59:17+00:00\",\"description\":\"Prenotando la vostra vacanza presso il Borgo della Spiga, che si trova a Cingoli, o anche a Le Maracl\u00e0 che si trova a Jesi, nelle Marche, visiterete chiese, palazzi e opere d\u2019arte tra Macerata e Ancona, nelle Marche.\",\"breadcrumb\":{\"@id\":\"https:\/\/www.charminly.com\/it\/chiese-palazzi-e-opere-darte-tra-macerata-e-ancona-nelle-marche\/#breadcrumb\"},\"inLanguage\":\"it-IT\",\"potentialAction\":[{\"@type\":\"ReadAction\",\"target\":[\"https:\/\/www.charminly.com\/it\/chiese-palazzi-e-opere-darte-tra-macerata-e-ancona-nelle-marche\/\"]}]},{\"@type\":\"ImageObject\",\"inLanguage\":\"it-IT\",\"@id\":\"https:\/\/www.charminly.com\/it\/chiese-palazzi-e-opere-darte-tra-macerata-e-ancona-nelle-marche\/#primaryimage\",\"url\":\"https:\/\/www.charminly.com\/wp-content\/uploads\/2017\/05\/Jesi-piazza03_opt.jpg\",\"contentUrl\":\"https:\/\/www.charminly.com\/wp-content\/uploads\/2017\/05\/Jesi-piazza03_opt.jpg\",\"width\":1024,\"height\":681},{\"@type\":\"BreadcrumbList\",\"@id\":\"https:\/\/www.charminly.com\/it\/chiese-palazzi-e-opere-darte-tra-macerata-e-ancona-nelle-marche\/#breadcrumb\",\"itemListElement\":[{\"@type\":\"ListItem\",\"position\":1,\"name\":\"Home\",\"item\":\"https:\/\/www.charminly.com\/it\/\"},{\"@type\":\"ListItem\",\"position\":2,\"name\":\"Cosa vedere nelle Marche\",\"item\":\"https:\/\/www.charminly.com\/it\/tag\/cosa-vedere-nelle-marche\/\"},{\"@type\":\"ListItem\",\"position\":3,\"name\":\"Chiese, palazzi e opere d\u2019arte tra Macerata e Ancona, nelle Marche\"}]},{\"@type\":\"WebSite\",\"@id\":\"https:\/\/www.charminly.com\/it\/#website\",\"url\":\"https:\/\/www.charminly.com\/it\/\",\"name\":\"\",\"description\":\"\",\"publisher\":{\"@id\":\"https:\/\/www.charminly.com\/it\/#organization\"},\"potentialAction\":[{\"@type\":\"SearchAction\",\"target\":{\"@type\":\"EntryPoint\",\"urlTemplate\":\"https:\/\/www.charminly.com\/it\/?s={search_term_string}\"},\"query-input\":{\"@type\":\"PropertyValueSpecification\",\"valueRequired\":true,\"valueName\":\"search_term_string\"}}],\"inLanguage\":\"it-IT\"},{\"@type\":\"Organization\",\"@id\":\"https:\/\/www.charminly.com\/it\/#organization\",\"name\":\"Charminly.com\",\"url\":\"https:\/\/www.charminly.com\/it\/\",\"logo\":{\"@type\":\"ImageObject\",\"inLanguage\":\"it-IT\",\"@id\":\"https:\/\/www.charminly.com\/it\/#\/schema\/logo\/image\/\",\"url\":\"https:\/\/www.charminly.com\/wp-content\/uploads\/2014\/10\/logo.png\",\"contentUrl\":\"https:\/\/www.charminly.com\/wp-content\/uploads\/2014\/10\/logo.png\",\"width\":264,\"height\":115,\"caption\":\"Charminly.com\"},\"image\":{\"@id\":\"https:\/\/www.charminly.com\/it\/#\/schema\/logo\/image\/\"},\"sameAs\":[\"https:\/\/www.facebook.com\/charminlyitalia\/\",\"https:\/\/x.com\/charminly_com\"]},{\"@type\":\"Person\",\"@id\":\"https:\/\/www.charminly.com\/it\/#\/schema\/person\/52806bb74f5c81bbf5f0989dd952c7ea\",\"name\":\"Ivan Lopez\",\"image\":{\"@type\":\"ImageObject\",\"inLanguage\":\"it-IT\",\"@id\":\"https:\/\/www.charminly.com\/it\/#\/schema\/person\/image\/\",\"url\":\"https:\/\/secure.gravatar.com\/avatar\/e8aef7257c7a278cfcb908e241d9761c?s=96&d=mm&r=g\",\"contentUrl\":\"https:\/\/secure.gravatar.com\/avatar\/e8aef7257c7a278cfcb908e241d9761c?s=96&d=mm&r=g\",\"caption\":\"Ivan Lopez\"},\"url\":\"https:\/\/www.charminly.com\/it\/author\/ivan\/\"}]}<\/script>\n<!-- \/ Yoast SEO plugin. -->","yoast_head_json":{"title":"Chiese, palazzi e opere d\u2019arte tra Macerata e Ancona, nelle Marche","description":"Prenotando la vostra vacanza presso il Borgo della Spiga, che si trova a Cingoli, o anche a Le Maracl\u00e0 che si trova a Jesi, nelle Marche, visiterete chiese, palazzi e opere d\u2019arte tra Macerata e Ancona, nelle Marche.","robots":{"index":"index","follow":"follow","max-snippet":"max-snippet:-1","max-image-preview":"max-image-preview:large","max-video-preview":"max-video-preview:-1"},"canonical":"https:\/\/www.charminly.com\/it\/chiese-palazzi-e-opere-darte-tra-macerata-e-ancona-nelle-marche\/","og_locale":"it_IT","og_type":"article","og_title":"Chiese, palazzi e opere d\u2019arte tra Macerata e Ancona, nelle Marche","og_description":"Prenotando la vostra vacanza presso il Borgo della Spiga, che si trova a Cingoli, o anche a Le Maracl\u00e0 che si trova a Jesi, nelle Marche, visiterete chiese, palazzi e opere d\u2019arte tra Macerata e Ancona, nelle Marche.","og_url":"https:\/\/www.charminly.com\/it\/chiese-palazzi-e-opere-darte-tra-macerata-e-ancona-nelle-marche\/","article_publisher":"https:\/\/www.facebook.com\/charminlyitalia\/","article_published_time":"2017-05-31T11:58:32+00:00","article_modified_time":"2020-01-15T14:59:17+00:00","og_image":[{"width":1024,"height":681,"url":"https:\/\/www.charminly.com\/wp-content\/uploads\/2017\/05\/Jesi-piazza03_opt.jpg","type":"image\/jpeg"}],"author":"Ivan Lopez","twitter_card":"summary_large_image","twitter_creator":"@charminly_com","twitter_site":"@charminly_com","twitter_misc":{"Scritto da":"Ivan Lopez","Tempo di lettura stimato":"3 minuti"},"schema":{"@context":"https:\/\/schema.org","@graph":[{"@type":"Article","@id":"https:\/\/www.charminly.com\/it\/chiese-palazzi-e-opere-darte-tra-macerata-e-ancona-nelle-marche\/#article","isPartOf":{"@id":"https:\/\/www.charminly.com\/it\/chiese-palazzi-e-opere-darte-tra-macerata-e-ancona-nelle-marche\/"},"author":{"name":"Ivan Lopez","@id":"https:\/\/www.charminly.com\/it\/#\/schema\/person\/52806bb74f5c81bbf5f0989dd952c7ea"},"headline":"Chiese, palazzi e opere d\u2019arte tra Macerata e Ancona, nelle Marche","datePublished":"2017-05-31T11:58:32+00:00","dateModified":"2020-01-15T14:59:17+00:00","mainEntityOfPage":{"@id":"https:\/\/www.charminly.com\/it\/chiese-palazzi-e-opere-darte-tra-macerata-e-ancona-nelle-marche\/"},"wordCount":576,"publisher":{"@id":"https:\/\/www.charminly.com\/it\/#organization"},"image":{"@id":"https:\/\/www.charminly.com\/it\/chiese-palazzi-e-opere-darte-tra-macerata-e-ancona-nelle-marche\/#primaryimage"},"thumbnailUrl":"https:\/\/www.charminly.com\/wp-content\/uploads\/2017\/05\/Jesi-piazza03_opt.jpg","keywords":["Cosa vedere nelle Marche"],"articleSection":["Arte e cultura"],"inLanguage":"it-IT"},{"@type":"WebPage","@id":"https:\/\/www.charminly.com\/it\/chiese-palazzi-e-opere-darte-tra-macerata-e-ancona-nelle-marche\/","url":"https:\/\/www.charminly.com\/it\/chiese-palazzi-e-opere-darte-tra-macerata-e-ancona-nelle-marche\/","name":"Chiese, palazzi e opere d\u2019arte tra Macerata e Ancona, nelle Marche","isPartOf":{"@id":"https:\/\/www.charminly.com\/it\/#website"},"primaryImageOfPage":{"@id":"https:\/\/www.charminly.com\/it\/chiese-palazzi-e-opere-darte-tra-macerata-e-ancona-nelle-marche\/#primaryimage"},"image":{"@id":"https:\/\/www.charminly.com\/it\/chiese-palazzi-e-opere-darte-tra-macerata-e-ancona-nelle-marche\/#primaryimage"},"thumbnailUrl":"https:\/\/www.charminly.com\/wp-content\/uploads\/2017\/05\/Jesi-piazza03_opt.jpg","datePublished":"2017-05-31T11:58:32+00:00","dateModified":"2020-01-15T14:59:17+00:00","description":"Prenotando la vostra vacanza presso il Borgo della Spiga, che si trova a Cingoli, o anche a Le Maracl\u00e0 che si trova a Jesi, nelle Marche, visiterete chiese, palazzi e opere d\u2019arte tra Macerata e Ancona, nelle Marche.","breadcrumb":{"@id":"https:\/\/www.charminly.com\/it\/chiese-palazzi-e-opere-darte-tra-macerata-e-ancona-nelle-marche\/#breadcrumb"},"inLanguage":"it-IT","potentialAction":[{"@type":"ReadAction","target":["https:\/\/www.charminly.com\/it\/chiese-palazzi-e-opere-darte-tra-macerata-e-ancona-nelle-marche\/"]}]},{"@type":"ImageObject","inLanguage":"it-IT","@id":"https:\/\/www.charminly.com\/it\/chiese-palazzi-e-opere-darte-tra-macerata-e-ancona-nelle-marche\/#primaryimage","url":"https:\/\/www.charminly.com\/wp-content\/uploads\/2017\/05\/Jesi-piazza03_opt.jpg","contentUrl":"https:\/\/www.charminly.com\/wp-content\/uploads\/2017\/05\/Jesi-piazza03_opt.jpg","width":1024,"height":681},{"@type":"BreadcrumbList","@id":"https:\/\/www.charminly.com\/it\/chiese-palazzi-e-opere-darte-tra-macerata-e-ancona-nelle-marche\/#breadcrumb","itemListElement":[{"@type":"ListItem","position":1,"name":"Home","item":"https:\/\/www.charminly.com\/it\/"},{"@type":"ListItem","position":2,"name":"Cosa vedere nelle Marche","item":"https:\/\/www.charminly.com\/it\/tag\/cosa-vedere-nelle-marche\/"},{"@type":"ListItem","position":3,"name":"Chiese, palazzi e opere d\u2019arte tra Macerata e Ancona, nelle Marche"}]},{"@type":"WebSite","@id":"https:\/\/www.charminly.com\/it\/#website","url":"https:\/\/www.charminly.com\/it\/","name":"","description":"","publisher":{"@id":"https:\/\/www.charminly.com\/it\/#organization"},"potentialAction":[{"@type":"SearchAction","target":{"@type":"EntryPoint","urlTemplate":"https:\/\/www.charminly.com\/it\/?s={search_term_string}"},"query-input":{"@type":"PropertyValueSpecification","valueRequired":true,"valueName":"search_term_string"}}],"inLanguage":"it-IT"},{"@type":"Organization","@id":"https:\/\/www.charminly.com\/it\/#organization","name":"Charminly.com","url":"https:\/\/www.charminly.com\/it\/","logo":{"@type":"ImageObject","inLanguage":"it-IT","@id":"https:\/\/www.charminly.com\/it\/#\/schema\/logo\/image\/","url":"https:\/\/www.charminly.com\/wp-content\/uploads\/2014\/10\/logo.png","contentUrl":"https:\/\/www.charminly.com\/wp-content\/uploads\/2014\/10\/logo.png","width":264,"height":115,"caption":"Charminly.com"},"image":{"@id":"https:\/\/www.charminly.com\/it\/#\/schema\/logo\/image\/"},"sameAs":["https:\/\/www.facebook.com\/charminlyitalia\/","https:\/\/x.com\/charminly_com"]},{"@type":"Person","@id":"https:\/\/www.charminly.com\/it\/#\/schema\/person\/52806bb74f5c81bbf5f0989dd952c7ea","name":"Ivan Lopez","image":{"@type":"ImageObject","inLanguage":"it-IT","@id":"https:\/\/www.charminly.com\/it\/#\/schema\/person\/image\/","url":"https:\/\/secure.gravatar.com\/avatar\/e8aef7257c7a278cfcb908e241d9761c?s=96&d=mm&r=g","contentUrl":"https:\/\/secure.gravatar.com\/avatar\/e8aef7257c7a278cfcb908e241d9761c?s=96&d=mm&r=g","caption":"Ivan Lopez"},"url":"https:\/\/www.charminly.com\/it\/author\/ivan\/"}]}},"_links":{"self":[{"href":"https:\/\/www.charminly.com\/it\/wp-json\/wp\/v2\/posts\/20345","targetHints":{"allow":["GET"]}}],"collection":[{"href":"https:\/\/www.charminly.com\/it\/wp-json\/wp\/v2\/posts"}],"about":[{"href":"https:\/\/www.charminly.com\/it\/wp-json\/wp\/v2\/types\/post"}],"author":[{"embeddable":true,"href":"https:\/\/www.charminly.com\/it\/wp-json\/wp\/v2\/users\/6"}],"replies":[{"embeddable":true,"href":"https:\/\/www.charminly.com\/it\/wp-json\/wp\/v2\/comments?post=20345"}],"version-history":[{"count":0,"href":"https:\/\/www.charminly.com\/it\/wp-json\/wp\/v2\/posts\/20345\/revisions"}],"wp:featuredmedia":[{"embeddable":true,"href":"https:\/\/www.charminly.com\/it\/wp-json\/wp\/v2\/media\/20351"}],"wp:attachment":[{"href":"https:\/\/www.charminly.com\/it\/wp-json\/wp\/v2\/media?parent=20345"}],"wp:term":[{"taxonomy":"category","embeddable":true,"href":"https:\/\/www.charminly.com\/it\/wp-json\/wp\/v2\/categories?post=20345"},{"taxonomy":"post_tag","embeddable":true,"href":"https:\/\/www.charminly.com\/it\/wp-json\/wp\/v2\/tags?post=20345"}],"curies":[{"name":"wp","href":"https:\/\/api.w.org\/{rel}","templated":true}]}}