{"id":18520,"date":"2017-02-06T11:49:41","date_gmt":"2017-02-06T10:49:41","guid":{"rendered":"https:\/\/www.charminly.com\/?p=18520\/"},"modified":"2020-01-15T12:43:58","modified_gmt":"2020-01-15T11:43:58","slug":"dai-parchi-ai-festival-ai-mercatini-di-natale-del-trentino-alto-adige","status":"publish","type":"post","link":"https:\/\/www.charminly.com\/it\/dai-parchi-ai-festival-ai-mercatini-di-natale-del-trentino-alto-adige\/","title":{"rendered":"Dai Parchi ai Festival, ai Mercatini di Natale del Trentino Alto Adige"},"content":{"rendered":"<p>Prenotando la vostra vacanza presso il <a href=\"https:\/\/www.charminly.com\/it\/properties\/il-sambuco-it\/\"><strong>B&B Il Sambuco<\/strong><\/a>, che si trova a <a href=\"https:\/\/www.charminly.com\/it\/area\/vignola-it\/\"><strong>Vignola<\/strong><\/a>, in provincia di <strong>Trento<\/strong>, in <strong>Trentino Alto Adige<\/strong><strong>, <\/strong>potrete scoprire dai Parchi ai Festival, ai Mercatini di Natale del Trentino Alto Adige.<\/p>\n<h3><strong>ORTINPARCO<\/strong><\/h3>\n<p>Nel mese di Aprile, a <strong>Levico Terme<\/strong>, potrete partecipare a <strong>ORTINPARCO<\/strong>. Vedrete meravigliosi orti e giardini allestiti da vivaisti o semplici amatori. Potrete anche acquistare piante da giardino, ornamentali o piante orticole. Se avete dubbi potete assistere a laboratori didattici per grandi e bambini per imparare tutto sulla cura delle piante!<\/p>\n<div id=\"attachment_62949\" style=\"width: 1034px\" class=\"wp-caption alignnone\"><img loading=\"lazy\" decoding=\"async\" aria-describedby=\"caption-attachment-62949\" class=\"size-full wp-image-62949\" src=\"https:\/\/www.charminly.com\/wp-content\/uploads\/2017\/02\/Ortinparco-2009_imagefullwide_opt.jpg\" alt=\"\" width=\"1024\" height=\"681\" srcset=\"https:\/\/www.charminly.com\/wp-content\/uploads\/2017\/02\/Ortinparco-2009_imagefullwide_opt.jpg 1024w, https:\/\/www.charminly.com\/wp-content\/uploads\/2017\/02\/Ortinparco-2009_imagefullwide_opt-300x200.jpg 300w, https:\/\/www.charminly.com\/wp-content\/uploads\/2017\/02\/Ortinparco-2009_imagefullwide_opt-768x511.jpg 768w, https:\/\/www.charminly.com\/wp-content\/uploads\/2017\/02\/Ortinparco-2009_imagefullwide_opt-105x70.jpg 105w\" sizes=\"auto, (max-width: 1024px) 100vw, 1024px\" \/><p id=\"caption-attachment-62949\" class=\"wp-caption-text\">Ortinparco, foto cultura.trentino<\/p><\/div>\n<h3><strong>FILM FESTIVAL della MONTAGNA<\/strong><\/h3>\n<p>Nel mese di Maggio, a <strong>Trento<\/strong>, potrete assistere al <strong>FILM FESTIVAL della MONTAGNA<\/strong>. Se amate il cinema non potete perdere questo evento con tanti film e documentari legati a questo splendido territorio. I temi spaziano dall\u2019alpinismo, allo sci, alla fauna, alla vita tradizionale.<\/p>\n<h3><strong>FESTIVAL DELL\u2019ECONOMIA<\/strong><\/h3>\n<p>In Giugno, a <strong>Trento<\/strong> si organizza il <strong>FESTIVAL DELL\u2019ECONOMIA<\/strong>. Tramite seminari e incontri, il festival vuole analizzare la situazione economica e concentrarsi sui fattori utili alla crescita, analizzando i territori e le realt\u00e0 locali diverse l\u2019una dall\u2019altra per conformazione, presenza di talenti, strutture e mercato disponibile.<\/p>\n<h3><strong>FESTE VIGILIANE<\/strong><\/h3>\n<p>Nel mese di Giugno, a <strong>Trento<\/strong>, potrete partecipare alle <strong>FESTE VIGILIANE<\/strong>, in onore del patrono San Vigilio che fu un missionario e poi vescovo di Trento. Si dice che Vigilio, in fuga verso Trento, riusc\u00ec a rompere la roccia solo poggiandovi la mano e ad aprire cos\u00ec la strada tra le montagne verso la citt\u00e0, dove fu salvo. La festa dura una settimana con il centro storico di Trento che si trasforma in un borgo medievale per rivivere le antiche tradizioni con musica e spettacoli.<\/p>\n<div id=\"attachment_18513\" style=\"width: 1034px\" class=\"wp-caption alignnone\"><img loading=\"lazy\" decoding=\"async\" aria-describedby=\"caption-attachment-18513\" class=\"wp-image-18513 size-large\" src=\"https:\/\/www.charminly.com\/wp-content\/uploads\/2017\/01\/Feste-Vigiliane-2015_1_culturatrentino_opt-1024x658.jpg\" width=\"1024\" height=\"658\" srcset=\"https:\/\/www.charminly.com\/wp-content\/uploads\/2017\/01\/Feste-Vigiliane-2015_1_culturatrentino_opt.jpg 1024w, https:\/\/www.charminly.com\/wp-content\/uploads\/2017\/01\/Feste-Vigiliane-2015_1_culturatrentino_opt-300x193.jpg 300w, https:\/\/www.charminly.com\/wp-content\/uploads\/2017\/01\/Feste-Vigiliane-2015_1_culturatrentino_opt-768x494.jpg 768w\" sizes=\"auto, (max-width: 1024px) 100vw, 1024px\" \/><p id=\"caption-attachment-18513\" class=\"wp-caption-text\">Feste Vigiliane, Trento foto cultura.trentino<\/p><\/div>\n<h3><strong>PERGINE SPETTACOLO APERTO<\/strong><\/h3>\n<p>Nel mese di Luglio, a <strong>Pergine Valsugana<\/strong>, si svolge <strong>PERGINE SPETTACOLO APERTO<\/strong>. Il festival, giunto alla 40esima edizione, \u00e8 incentrato sulla diversit\u00e0 rispetto alla globalizzazione, e anche dal punto di vista artistico vuole rimarcare l\u2019importanza della creativit\u00e0 e dei diversi linguaggi dell\u2019arte, dalla musica al teatro.<\/p>\n<h3><strong>FESTA DELLA TRANSUMANZA<\/strong><\/h3>\n<p>Nel mese di Settembre, a <strong>Pergine Valsugana<\/strong>, si svolge la <strong>FESTA DELLA TRANSUMANZA<\/strong>. Questo evento in passato segnava il ritorno delle greggi dagli alpeggi a valle, oggi si svolge con assaggi gastronomici e degustazioni di prodotti tipici. La sera la festa prosegue con musica e balli folkloristici, e i cori di montagna.<\/p>\n<h3><strong>LA CASOLARA<\/strong><\/h3>\n<p>In Ottobre, a <strong>Trento<\/strong>, potrete assistere a <strong>LA CASOLARA<\/strong>, un\u2019importante fiera alimentare dedicata ai formaggi. I prodotti lattiero caseari del Trentino, ma anche di altre regioni italiane, sono i protagonisti di degustazioni e esposizioni. Molti laboratori sono dedicati ai bambini e i ristoranti locali prepareranno menu specifici dedicati ai formaggi pi\u00f9 importanti della zona.<\/p>\n<div id=\"attachment_62945\" style=\"width: 1034px\" class=\"wp-caption alignnone\"><img loading=\"lazy\" decoding=\"async\" aria-describedby=\"caption-attachment-62945\" class=\"size-full wp-image-62945\" src=\"https:\/\/www.charminly.com\/wp-content\/uploads\/2017\/02\/Mercatini-di-Natale-Trento_opt.jpg\" alt=\"\" width=\"1024\" height=\"598\" srcset=\"https:\/\/www.charminly.com\/wp-content\/uploads\/2017\/02\/Mercatini-di-Natale-Trento_opt.jpg 1024w, https:\/\/www.charminly.com\/wp-content\/uploads\/2017\/02\/Mercatini-di-Natale-Trento_opt-300x175.jpg 300w, https:\/\/www.charminly.com\/wp-content\/uploads\/2017\/02\/Mercatini-di-Natale-Trento_opt-768x449.jpg 768w, https:\/\/www.charminly.com\/wp-content\/uploads\/2017\/02\/Mercatini-di-Natale-Trento_opt-143x83.jpg 143w\" sizes=\"auto, (max-width: 1024px) 100vw, 1024px\" \/><p id=\"caption-attachment-62945\" class=\"wp-caption-text\">Mercatini di Natale, foto by lavocedeltrentino<\/p><\/div>\n<h3><strong>MERCATINI DI NATALE<\/strong><\/h3>\n<p>Nel mese di Dicembre, tra Levico, Trento e Pergine, si organizzano i <strong>MERCATINI DI NATALE<\/strong>. Un\u2019atmosfera davvero unica avvolge il Trentino nel periodo natalizio, complice la neve e una lunga tradizione artigianale. I mercatini sono una meta imperdibile, con le classiche casette in legno e migliaia di oggetti e addobbi natalizi, ma anche tanti prodotti tipici da assaggiare!<\/p>\n<hr \/>\n<div class=\"article_container\"><h2 class=\"shortcode_title\">Charming home nelle vicinanze<\/h2><div class=\"listinglink-wrapper\">\n                           <a href=\"https:\/\/www.charminly.com\/listings\/relais-country-houses-en\/\"> <span class=\"wpresidence_button\"> more listings <\/span><\/a>\n                       <\/div><\/div>\n","protected":false},"excerpt":{"rendered":"<p>Prenotando la vostra vacanza presso il B&#038;B Il Sambuco, che si trova a Vignola, in provincia di Trento, in Trentino Alto Adige, potrete scoprire dai Parchi ai Festival, ai Mercatini di Natale del Trentino Alto Adige. ORTINPARCO Nel mese di Aprile, a Levico Terme, potrete partecipare a ORTINPARCO. Vedrete meravigliosi orti e giardini allestiti da vivaisti o semplici amatori. Potrete anche acquistare piante da &#8230;<\/p>\n","protected":false},"author":6,"featured_media":62945,"comment_status":"closed","ping_status":"closed","sticky":false,"template":"","format":"standard","meta":{"_acf_changed":false,"footnotes":""},"categories":[144],"tags":[779],"class_list":["post-18520","post","type-post","status-publish","format-standard","has-post-thumbnail","hentry","category-feste-tradizioni-arti-e-mestieri","tag-cosa-fare-in-trentino-alto-adige"],"acf":[],"yoast_head":"<!-- This site is optimized with the Yoast SEO plugin v23.9 - https:\/\/yoast.com\/wordpress\/plugins\/seo\/ -->\n<title>Dai Parchi ai Festival, ai Mercatini di Natale del Trentino Alto Adige<\/title>\n<meta name=\"description\" content=\"Prenotando presso il B&amp;B Il Sambuco, a Vignola, provincia di Trento, potrete scoprire dai Parchi ai Festival, ai Mercatini di Natale del Trentino Alto Adige\" \/>\n<meta name=\"robots\" content=\"index, follow, max-snippet:-1, max-image-preview:large, max-video-preview:-1\" \/>\n<link rel=\"canonical\" href=\"https:\/\/www.charminly.com\/it\/dai-parchi-ai-festival-ai-mercatini-di-natale-del-trentino-alto-adige\/\" \/>\n<meta property=\"og:locale\" content=\"it_IT\" \/>\n<meta property=\"og:type\" content=\"article\" \/>\n<meta property=\"og:title\" content=\"Dai Parchi ai Festival, ai Mercatini di Natale del Trentino Alto Adige\" \/>\n<meta property=\"og:description\" content=\"Prenotando presso il B&amp;B Il Sambuco, a Vignola, provincia di Trento, potrete scoprire dai Parchi ai Festival, ai Mercatini di Natale del Trentino Alto Adige\" \/>\n<meta property=\"og:url\" content=\"https:\/\/www.charminly.com\/it\/dai-parchi-ai-festival-ai-mercatini-di-natale-del-trentino-alto-adige\/\" \/>\n<meta property=\"article:publisher\" content=\"https:\/\/www.facebook.com\/charminlyitalia\/\" \/>\n<meta property=\"article:published_time\" content=\"2017-02-06T10:49:41+00:00\" \/>\n<meta property=\"article:modified_time\" content=\"2020-01-15T11:43:58+00:00\" \/>\n<meta property=\"og:image\" content=\"https:\/\/www.charminly.com\/wp-content\/uploads\/2017\/02\/Mercatini-di-Natale-Trento_opt.jpg\" \/>\n\t<meta property=\"og:image:width\" content=\"1024\" \/>\n\t<meta property=\"og:image:height\" content=\"598\" \/>\n\t<meta property=\"og:image:type\" content=\"image\/jpeg\" \/>\n<meta name=\"author\" content=\"Ivan Lopez\" \/>\n<meta name=\"twitter:card\" content=\"summary_large_image\" \/>\n<meta name=\"twitter:creator\" content=\"@charminly_com\" \/>\n<meta name=\"twitter:site\" content=\"@charminly_com\" \/>\n<meta name=\"twitter:label1\" content=\"Scritto da\" \/>\n\t<meta name=\"twitter:data1\" content=\"Ivan Lopez\" \/>\n\t<meta name=\"twitter:label2\" content=\"Tempo di lettura stimato\" \/>\n\t<meta name=\"twitter:data2\" content=\"3 minuti\" \/>\n<script type=\"application\/ld+json\" class=\"yoast-schema-graph\">{\"@context\":\"https:\/\/schema.org\",\"@graph\":[{\"@type\":\"Article\",\"@id\":\"https:\/\/www.charminly.com\/it\/dai-parchi-ai-festival-ai-mercatini-di-natale-del-trentino-alto-adige\/#article\",\"isPartOf\":{\"@id\":\"https:\/\/www.charminly.com\/it\/dai-parchi-ai-festival-ai-mercatini-di-natale-del-trentino-alto-adige\/\"},\"author\":{\"name\":\"Ivan Lopez\",\"@id\":\"https:\/\/www.charminly.com\/it\/#\/schema\/person\/52806bb74f5c81bbf5f0989dd952c7ea\"},\"headline\":\"Dai Parchi ai Festival, ai Mercatini di Natale del Trentino Alto Adige\",\"datePublished\":\"2017-02-06T10:49:41+00:00\",\"dateModified\":\"2020-01-15T11:43:58+00:00\",\"mainEntityOfPage\":{\"@id\":\"https:\/\/www.charminly.com\/it\/dai-parchi-ai-festival-ai-mercatini-di-natale-del-trentino-alto-adige\/\"},\"wordCount\":576,\"publisher\":{\"@id\":\"https:\/\/www.charminly.com\/it\/#organization\"},\"image\":{\"@id\":\"https:\/\/www.charminly.com\/it\/dai-parchi-ai-festival-ai-mercatini-di-natale-del-trentino-alto-adige\/#primaryimage\"},\"thumbnailUrl\":\"https:\/\/www.charminly.com\/wp-content\/uploads\/2017\/02\/Mercatini-di-Natale-Trento_opt.jpg\",\"keywords\":[\"Cosa fare in Trentino Alto Adige\"],\"articleSection\":[\"Feste, tradizioni, arti e mestieri\"],\"inLanguage\":\"it-IT\"},{\"@type\":\"WebPage\",\"@id\":\"https:\/\/www.charminly.com\/it\/dai-parchi-ai-festival-ai-mercatini-di-natale-del-trentino-alto-adige\/\",\"url\":\"https:\/\/www.charminly.com\/it\/dai-parchi-ai-festival-ai-mercatini-di-natale-del-trentino-alto-adige\/\",\"name\":\"Dai Parchi ai Festival, ai Mercatini di Natale del Trentino Alto Adige\",\"isPartOf\":{\"@id\":\"https:\/\/www.charminly.com\/it\/#website\"},\"primaryImageOfPage\":{\"@id\":\"https:\/\/www.charminly.com\/it\/dai-parchi-ai-festival-ai-mercatini-di-natale-del-trentino-alto-adige\/#primaryimage\"},\"image\":{\"@id\":\"https:\/\/www.charminly.com\/it\/dai-parchi-ai-festival-ai-mercatini-di-natale-del-trentino-alto-adige\/#primaryimage\"},\"thumbnailUrl\":\"https:\/\/www.charminly.com\/wp-content\/uploads\/2017\/02\/Mercatini-di-Natale-Trento_opt.jpg\",\"datePublished\":\"2017-02-06T10:49:41+00:00\",\"dateModified\":\"2020-01-15T11:43:58+00:00\",\"description\":\"Prenotando presso il B&B Il Sambuco, a Vignola, provincia di Trento, potrete scoprire dai Parchi ai Festival, ai Mercatini di Natale del Trentino Alto Adige\",\"breadcrumb\":{\"@id\":\"https:\/\/www.charminly.com\/it\/dai-parchi-ai-festival-ai-mercatini-di-natale-del-trentino-alto-adige\/#breadcrumb\"},\"inLanguage\":\"it-IT\",\"potentialAction\":[{\"@type\":\"ReadAction\",\"target\":[\"https:\/\/www.charminly.com\/it\/dai-parchi-ai-festival-ai-mercatini-di-natale-del-trentino-alto-adige\/\"]}]},{\"@type\":\"ImageObject\",\"inLanguage\":\"it-IT\",\"@id\":\"https:\/\/www.charminly.com\/it\/dai-parchi-ai-festival-ai-mercatini-di-natale-del-trentino-alto-adige\/#primaryimage\",\"url\":\"https:\/\/www.charminly.com\/wp-content\/uploads\/2017\/02\/Mercatini-di-Natale-Trento_opt.jpg\",\"contentUrl\":\"https:\/\/www.charminly.com\/wp-content\/uploads\/2017\/02\/Mercatini-di-Natale-Trento_opt.jpg\",\"width\":1024,\"height\":598,\"caption\":\"Mercatini di Natale, foto by lavocedeltrentino\"},{\"@type\":\"BreadcrumbList\",\"@id\":\"https:\/\/www.charminly.com\/it\/dai-parchi-ai-festival-ai-mercatini-di-natale-del-trentino-alto-adige\/#breadcrumb\",\"itemListElement\":[{\"@type\":\"ListItem\",\"position\":1,\"name\":\"Home\",\"item\":\"https:\/\/www.charminly.com\/it\/\"},{\"@type\":\"ListItem\",\"position\":2,\"name\":\"Cosa fare in Trentino Alto Adige\",\"item\":\"https:\/\/www.charminly.com\/it\/tag\/cosa-fare-in-trentino-alto-adige\/\"},{\"@type\":\"ListItem\",\"position\":3,\"name\":\"Dai Parchi ai Festival, ai Mercatini di Natale del Trentino Alto Adige\"}]},{\"@type\":\"WebSite\",\"@id\":\"https:\/\/www.charminly.com\/it\/#website\",\"url\":\"https:\/\/www.charminly.com\/it\/\",\"name\":\"\",\"description\":\"\",\"publisher\":{\"@id\":\"https:\/\/www.charminly.com\/it\/#organization\"},\"potentialAction\":[{\"@type\":\"SearchAction\",\"target\":{\"@type\":\"EntryPoint\",\"urlTemplate\":\"https:\/\/www.charminly.com\/it\/?s={search_term_string}\"},\"query-input\":{\"@type\":\"PropertyValueSpecification\",\"valueRequired\":true,\"valueName\":\"search_term_string\"}}],\"inLanguage\":\"it-IT\"},{\"@type\":\"Organization\",\"@id\":\"https:\/\/www.charminly.com\/it\/#organization\",\"name\":\"Charminly.com\",\"url\":\"https:\/\/www.charminly.com\/it\/\",\"logo\":{\"@type\":\"ImageObject\",\"inLanguage\":\"it-IT\",\"@id\":\"https:\/\/www.charminly.com\/it\/#\/schema\/logo\/image\/\",\"url\":\"https:\/\/www.charminly.com\/wp-content\/uploads\/2014\/10\/logo.png\",\"contentUrl\":\"https:\/\/www.charminly.com\/wp-content\/uploads\/2014\/10\/logo.png\",\"width\":264,\"height\":115,\"caption\":\"Charminly.com\"},\"image\":{\"@id\":\"https:\/\/www.charminly.com\/it\/#\/schema\/logo\/image\/\"},\"sameAs\":[\"https:\/\/www.facebook.com\/charminlyitalia\/\",\"https:\/\/x.com\/charminly_com\"]},{\"@type\":\"Person\",\"@id\":\"https:\/\/www.charminly.com\/it\/#\/schema\/person\/52806bb74f5c81bbf5f0989dd952c7ea\",\"name\":\"Ivan Lopez\",\"image\":{\"@type\":\"ImageObject\",\"inLanguage\":\"it-IT\",\"@id\":\"https:\/\/www.charminly.com\/it\/#\/schema\/person\/image\/\",\"url\":\"https:\/\/secure.gravatar.com\/avatar\/e8aef7257c7a278cfcb908e241d9761c?s=96&d=mm&r=g\",\"contentUrl\":\"https:\/\/secure.gravatar.com\/avatar\/e8aef7257c7a278cfcb908e241d9761c?s=96&d=mm&r=g\",\"caption\":\"Ivan Lopez\"},\"url\":\"https:\/\/www.charminly.com\/it\/author\/ivan\/\"}]}<\/script>\n<!-- \/ Yoast SEO plugin. -->","yoast_head_json":{"title":"Dai Parchi ai Festival, ai Mercatini di Natale del Trentino Alto Adige","description":"Prenotando presso il B&B Il Sambuco, a Vignola, provincia di Trento, potrete scoprire dai Parchi ai Festival, ai Mercatini di Natale del Trentino Alto Adige","robots":{"index":"index","follow":"follow","max-snippet":"max-snippet:-1","max-image-preview":"max-image-preview:large","max-video-preview":"max-video-preview:-1"},"canonical":"https:\/\/www.charminly.com\/it\/dai-parchi-ai-festival-ai-mercatini-di-natale-del-trentino-alto-adige\/","og_locale":"it_IT","og_type":"article","og_title":"Dai Parchi ai Festival, ai Mercatini di Natale del Trentino Alto Adige","og_description":"Prenotando presso il B&B Il Sambuco, a Vignola, provincia di Trento, potrete scoprire dai Parchi ai Festival, ai Mercatini di Natale del Trentino Alto Adige","og_url":"https:\/\/www.charminly.com\/it\/dai-parchi-ai-festival-ai-mercatini-di-natale-del-trentino-alto-adige\/","article_publisher":"https:\/\/www.facebook.com\/charminlyitalia\/","article_published_time":"2017-02-06T10:49:41+00:00","article_modified_time":"2020-01-15T11:43:58+00:00","og_image":[{"width":1024,"height":598,"url":"https:\/\/www.charminly.com\/wp-content\/uploads\/2017\/02\/Mercatini-di-Natale-Trento_opt.jpg","type":"image\/jpeg"}],"author":"Ivan Lopez","twitter_card":"summary_large_image","twitter_creator":"@charminly_com","twitter_site":"@charminly_com","twitter_misc":{"Scritto da":"Ivan Lopez","Tempo di lettura stimato":"3 minuti"},"schema":{"@context":"https:\/\/schema.org","@graph":[{"@type":"Article","@id":"https:\/\/www.charminly.com\/it\/dai-parchi-ai-festival-ai-mercatini-di-natale-del-trentino-alto-adige\/#article","isPartOf":{"@id":"https:\/\/www.charminly.com\/it\/dai-parchi-ai-festival-ai-mercatini-di-natale-del-trentino-alto-adige\/"},"author":{"name":"Ivan Lopez","@id":"https:\/\/www.charminly.com\/it\/#\/schema\/person\/52806bb74f5c81bbf5f0989dd952c7ea"},"headline":"Dai Parchi ai Festival, ai Mercatini di Natale del Trentino Alto Adige","datePublished":"2017-02-06T10:49:41+00:00","dateModified":"2020-01-15T11:43:58+00:00","mainEntityOfPage":{"@id":"https:\/\/www.charminly.com\/it\/dai-parchi-ai-festival-ai-mercatini-di-natale-del-trentino-alto-adige\/"},"wordCount":576,"publisher":{"@id":"https:\/\/www.charminly.com\/it\/#organization"},"image":{"@id":"https:\/\/www.charminly.com\/it\/dai-parchi-ai-festival-ai-mercatini-di-natale-del-trentino-alto-adige\/#primaryimage"},"thumbnailUrl":"https:\/\/www.charminly.com\/wp-content\/uploads\/2017\/02\/Mercatini-di-Natale-Trento_opt.jpg","keywords":["Cosa fare in Trentino Alto Adige"],"articleSection":["Feste, tradizioni, arti e mestieri"],"inLanguage":"it-IT"},{"@type":"WebPage","@id":"https:\/\/www.charminly.com\/it\/dai-parchi-ai-festival-ai-mercatini-di-natale-del-trentino-alto-adige\/","url":"https:\/\/www.charminly.com\/it\/dai-parchi-ai-festival-ai-mercatini-di-natale-del-trentino-alto-adige\/","name":"Dai Parchi ai Festival, ai Mercatini di Natale del Trentino Alto Adige","isPartOf":{"@id":"https:\/\/www.charminly.com\/it\/#website"},"primaryImageOfPage":{"@id":"https:\/\/www.charminly.com\/it\/dai-parchi-ai-festival-ai-mercatini-di-natale-del-trentino-alto-adige\/#primaryimage"},"image":{"@id":"https:\/\/www.charminly.com\/it\/dai-parchi-ai-festival-ai-mercatini-di-natale-del-trentino-alto-adige\/#primaryimage"},"thumbnailUrl":"https:\/\/www.charminly.com\/wp-content\/uploads\/2017\/02\/Mercatini-di-Natale-Trento_opt.jpg","datePublished":"2017-02-06T10:49:41+00:00","dateModified":"2020-01-15T11:43:58+00:00","description":"Prenotando presso il B&B Il Sambuco, a Vignola, provincia di Trento, potrete scoprire dai Parchi ai Festival, ai Mercatini di Natale del Trentino Alto Adige","breadcrumb":{"@id":"https:\/\/www.charminly.com\/it\/dai-parchi-ai-festival-ai-mercatini-di-natale-del-trentino-alto-adige\/#breadcrumb"},"inLanguage":"it-IT","potentialAction":[{"@type":"ReadAction","target":["https:\/\/www.charminly.com\/it\/dai-parchi-ai-festival-ai-mercatini-di-natale-del-trentino-alto-adige\/"]}]},{"@type":"ImageObject","inLanguage":"it-IT","@id":"https:\/\/www.charminly.com\/it\/dai-parchi-ai-festival-ai-mercatini-di-natale-del-trentino-alto-adige\/#primaryimage","url":"https:\/\/www.charminly.com\/wp-content\/uploads\/2017\/02\/Mercatini-di-Natale-Trento_opt.jpg","contentUrl":"https:\/\/www.charminly.com\/wp-content\/uploads\/2017\/02\/Mercatini-di-Natale-Trento_opt.jpg","width":1024,"height":598,"caption":"Mercatini di Natale, foto by lavocedeltrentino"},{"@type":"BreadcrumbList","@id":"https:\/\/www.charminly.com\/it\/dai-parchi-ai-festival-ai-mercatini-di-natale-del-trentino-alto-adige\/#breadcrumb","itemListElement":[{"@type":"ListItem","position":1,"name":"Home","item":"https:\/\/www.charminly.com\/it\/"},{"@type":"ListItem","position":2,"name":"Cosa fare in Trentino Alto Adige","item":"https:\/\/www.charminly.com\/it\/tag\/cosa-fare-in-trentino-alto-adige\/"},{"@type":"ListItem","position":3,"name":"Dai Parchi ai Festival, ai Mercatini di Natale del Trentino Alto Adige"}]},{"@type":"WebSite","@id":"https:\/\/www.charminly.com\/it\/#website","url":"https:\/\/www.charminly.com\/it\/","name":"","description":"","publisher":{"@id":"https:\/\/www.charminly.com\/it\/#organization"},"potentialAction":[{"@type":"SearchAction","target":{"@type":"EntryPoint","urlTemplate":"https:\/\/www.charminly.com\/it\/?s={search_term_string}"},"query-input":{"@type":"PropertyValueSpecification","valueRequired":true,"valueName":"search_term_string"}}],"inLanguage":"it-IT"},{"@type":"Organization","@id":"https:\/\/www.charminly.com\/it\/#organization","name":"Charminly.com","url":"https:\/\/www.charminly.com\/it\/","logo":{"@type":"ImageObject","inLanguage":"it-IT","@id":"https:\/\/www.charminly.com\/it\/#\/schema\/logo\/image\/","url":"https:\/\/www.charminly.com\/wp-content\/uploads\/2014\/10\/logo.png","contentUrl":"https:\/\/www.charminly.com\/wp-content\/uploads\/2014\/10\/logo.png","width":264,"height":115,"caption":"Charminly.com"},"image":{"@id":"https:\/\/www.charminly.com\/it\/#\/schema\/logo\/image\/"},"sameAs":["https:\/\/www.facebook.com\/charminlyitalia\/","https:\/\/x.com\/charminly_com"]},{"@type":"Person","@id":"https:\/\/www.charminly.com\/it\/#\/schema\/person\/52806bb74f5c81bbf5f0989dd952c7ea","name":"Ivan Lopez","image":{"@type":"ImageObject","inLanguage":"it-IT","@id":"https:\/\/www.charminly.com\/it\/#\/schema\/person\/image\/","url":"https:\/\/secure.gravatar.com\/avatar\/e8aef7257c7a278cfcb908e241d9761c?s=96&d=mm&r=g","contentUrl":"https:\/\/secure.gravatar.com\/avatar\/e8aef7257c7a278cfcb908e241d9761c?s=96&d=mm&r=g","caption":"Ivan Lopez"},"url":"https:\/\/www.charminly.com\/it\/author\/ivan\/"}]}},"_links":{"self":[{"href":"https:\/\/www.charminly.com\/it\/wp-json\/wp\/v2\/posts\/18520","targetHints":{"allow":["GET"]}}],"collection":[{"href":"https:\/\/www.charminly.com\/it\/wp-json\/wp\/v2\/posts"}],"about":[{"href":"https:\/\/www.charminly.com\/it\/wp-json\/wp\/v2\/types\/post"}],"author":[{"embeddable":true,"href":"https:\/\/www.charminly.com\/it\/wp-json\/wp\/v2\/users\/6"}],"replies":[{"embeddable":true,"href":"https:\/\/www.charminly.com\/it\/wp-json\/wp\/v2\/comments?post=18520"}],"version-history":[{"count":0,"href":"https:\/\/www.charminly.com\/it\/wp-json\/wp\/v2\/posts\/18520\/revisions"}],"wp:featuredmedia":[{"embeddable":true,"href":"https:\/\/www.charminly.com\/it\/wp-json\/wp\/v2\/media\/62945"}],"wp:attachment":[{"href":"https:\/\/www.charminly.com\/it\/wp-json\/wp\/v2\/media?parent=18520"}],"wp:term":[{"taxonomy":"category","embeddable":true,"href":"https:\/\/www.charminly.com\/it\/wp-json\/wp\/v2\/categories?post=18520"},{"taxonomy":"post_tag","embeddable":true,"href":"https:\/\/www.charminly.com\/it\/wp-json\/wp\/v2\/tags?post=18520"}],"curies":[{"name":"wp","href":"https:\/\/api.w.org\/{rel}","templated":true}]}}