{"id":18328,"date":"2017-02-06T15:29:39","date_gmt":"2017-02-06T14:29:39","guid":{"rendered":"https:\/\/www.charminly.com\/?p=18328\/"},"modified":"2020-01-15T15:52:10","modified_gmt":"2020-01-15T14:52:10","slug":"la-storia-di-san-francesco-e-il-patrimonio-artistico-tra-le-citta-dellumbria","status":"publish","type":"post","link":"https:\/\/www.charminly.com\/it\/la-storia-di-san-francesco-e-il-patrimonio-artistico-tra-le-citta-dellumbria\/","title":{"rendered":"La storia di San Francesco e il patrimonio artistico tra le citt\u00e0 dell\u2019Umbria"},"content":{"rendered":"<h3><strong>BETTONA<\/strong><\/h3>\n<p><strong>Bettona <\/strong>\u00e8 un suggestivo borgo in provincia di Perugia ed \u00e8 inserito nella lista dei Borghi pi\u00f9 belli d\u2019Italia. Passeggiando per il paese possiamo vedere il <strong>Palazzetto del Podest\u00e0 <\/strong>del 1371. All\u2019interno ospita la pinacoteca comunale che comprende diversi reperti archeologici, ceramiche e molti dipinti. Tra i dipinti pi\u00f9 famosi ricordiamo i <strong>Dipinti del Perugino: <\/strong>La Madonna della piet\u00e0 e Sant\u2019Antonio di Padova.<\/p>\n<h3><strong>VILLA DEL BOCCAGLIONE<\/strong><\/h3>\n<p>A Passaggio, frazione di Bettona, troviamo la <strong>Villa del Boccaglione<\/strong>. Questa splendida residenza in stile neoclassico fu realizzata nel XVIII secolo ed \u00e8 una delle ville pi\u00f9 grandi dell\u2019Umbria. E\u2019 circondata da un magnifico giardino e da un parco sul retro. Oggi ospita mostre e installazioni temporanee.<\/p>\n<div id=\"attachment_18318\" style=\"width: 1034px\" class=\"wp-caption alignnone\"><img loading=\"lazy\" decoding=\"async\" aria-describedby=\"caption-attachment-18318\" class=\"wp-image-18318 size-large\" src=\"https:\/\/www.charminly.com\/wp-content\/uploads\/2017\/01\/2010-08-11_Assisi_San_Francesco_basilica_superiore_corrected_opt-1024x683.jpg\" width=\"1024\" height=\"683\" srcset=\"https:\/\/www.charminly.com\/wp-content\/uploads\/2017\/01\/2010-08-11_Assisi_San_Francesco_basilica_superiore_corrected_opt.jpg 1024w, https:\/\/www.charminly.com\/wp-content\/uploads\/2017\/01\/2010-08-11_Assisi_San_Francesco_basilica_superiore_corrected_opt-300x200.jpg 300w, https:\/\/www.charminly.com\/wp-content\/uploads\/2017\/01\/2010-08-11_Assisi_San_Francesco_basilica_superiore_corrected_opt-768x512.jpg 768w, https:\/\/www.charminly.com\/wp-content\/uploads\/2017\/01\/2010-08-11_Assisi_San_Francesco_basilica_superiore_corrected_opt-105x70.jpg 105w\" sizes=\"auto, (max-width: 1024px) 100vw, 1024px\" \/><p id=\"caption-attachment-18318\" class=\"wp-caption-text\">Basilica of San Francesco, Assisi<\/p><\/div>\n<h3><strong>ASSISI<\/strong><\/h3>\n<p>Assisi \u00e8 una citt\u00e0 ricca d\u2019arte e di storia che offre moltissimi punti interessanti. Da non perdere la <strong>Basilica di San Francesco<\/strong>, che custodisce la tomba del santo, patrono d\u2019Italia. La tradizione narra che fu Francesco a scegliere e indicare il punto dove essere sepolto, e proprio l\u00ec sorge la basilica.<\/p>\n<p>La <strong>Basilica di Santa Chiara<\/strong> \u00e8 una chiesa in stile gotico costruita nel XIII secolo. Annesso alla chiesa troviamo il convento di clausura di Santa Chiara, o protomonastero, dove la santa visse per molti anni.<\/p>\n<div id=\"attachment_18321\" style=\"width: 1034px\" class=\"wp-caption alignnone\"><img loading=\"lazy\" decoding=\"async\" aria-describedby=\"caption-attachment-18321\" class=\"size-large wp-image-18321\" src=\"https:\/\/www.charminly.com\/wp-content\/uploads\/2017\/01\/Assisi_-_Veduta_dalla_rocca_maggiore_Santa_Chiara_opt-1024x683.jpg\" alt=\"\" width=\"1024\" height=\"683\" srcset=\"https:\/\/www.charminly.com\/wp-content\/uploads\/2017\/01\/Assisi_-_Veduta_dalla_rocca_maggiore_Santa_Chiara_opt.jpg 1024w, https:\/\/www.charminly.com\/wp-content\/uploads\/2017\/01\/Assisi_-_Veduta_dalla_rocca_maggiore_Santa_Chiara_opt-300x200.jpg 300w, https:\/\/www.charminly.com\/wp-content\/uploads\/2017\/01\/Assisi_-_Veduta_dalla_rocca_maggiore_Santa_Chiara_opt-768x512.jpg 768w, https:\/\/www.charminly.com\/wp-content\/uploads\/2017\/01\/Assisi_-_Veduta_dalla_rocca_maggiore_Santa_Chiara_opt-105x70.jpg 105w\" sizes=\"auto, (max-width: 1024px) 100vw, 1024px\" \/><p id=\"caption-attachment-18321\" class=\"wp-caption-text\"><strong>Basilica of Santa Chiara, Assisi<\/strong><\/p><\/div>\n<p>L\u2019<strong>Eremo delle Carceri<\/strong> sorge sul Monte Subasio ed \u00e8 il luogo dove San Francesco e gli altri frati si raccoglievano in preghiera. L\u2019eremo \u00e8 immerso tra i boschi in un\u2019atmosfera suggestiva e silenziosa, che ancora oggi ispira pace e serenit\u00e0.<\/p>\n<h3><strong>SPELLO<\/strong><\/h3>\n<p>Nel paese di Spello possiamo visitare la <strong>Chiesa di Santa Maria Maggiore<\/strong>. All\u2019intero possiamo ammirare gli <strong>affreschi Pinturicchio<\/strong> realizzati nel 1500 nella Cappella Baglioni. Gli affreschi rappresentano le storie di Maria e dell\u2019infanzia di Ges\u00f9 e sono suddivisi in tre scene principali: l\u2019annunciazione, l\u2019adorazione dei pastori e la disputa di Ges\u00f9 con i dottori.<\/p>\n<div id=\"attachment_18324\" style=\"width: 1034px\" class=\"wp-caption alignnone\"><img loading=\"lazy\" decoding=\"async\" aria-describedby=\"caption-attachment-18324\" class=\"wp-image-18324 size-large\" src=\"https:\/\/www.charminly.com\/wp-content\/uploads\/2017\/01\/San_Silvestro_Bevagna_opt-1024x768.jpg\" width=\"1024\" height=\"768\" srcset=\"https:\/\/www.charminly.com\/wp-content\/uploads\/2017\/01\/San_Silvestro_Bevagna_opt.jpg 1024w, https:\/\/www.charminly.com\/wp-content\/uploads\/2017\/01\/San_Silvestro_Bevagna_opt-300x225.jpg 300w, https:\/\/www.charminly.com\/wp-content\/uploads\/2017\/01\/San_Silvestro_Bevagna_opt-768x576.jpg 768w\" sizes=\"auto, (max-width: 1024px) 100vw, 1024px\" \/><p id=\"caption-attachment-18324\" class=\"wp-caption-text\">Piazza Silvestri, Bevagna<\/p><\/div>\n<h3><strong>BEVAGNA<\/strong><\/h3>\n<p>Raggiungendo <strong>Bevagna <\/strong>possiamo passeggiare in <strong>Piazza Silvestri<\/strong>, una delle piazze medievali pi\u00f9 belle dell\u2019Umbria. Chiamata anche Piazza Maggiore, \u00e8 circondata dal Palazzo dei Consoli con il teatro, la Chiesa di san Silvestro e la Chiesa di San Michele.<\/p>\n<p>La <strong>Chiesa di San Silvestro<\/strong>, del XII secolo, \u00e8 un bellissimo esempio di stile romanico e ha la facciata incompiuta. All\u2019interno \u00e8 formata da tre navate delimitate da colone semplici.<\/p>\n<h3><strong>MONTEFALCO<\/strong><\/h3>\n<p>Il paese di <strong>Montefalco<\/strong>, in provincia di Perugia, sorge su una collina circondata da vigenti e uliveti. Famoso per la produzione del vino omonimo, offre molti luoghi da visitare come la Porta di Sant\u2019Agostino, la Torre del Verziere, il Museo di San Francesco, la Chiesa di Sant\u2019Agostino.<\/p>\n<h3><strong>PERUGIA<\/strong><\/h3>\n<p>La citt\u00e0 di Perugia, fondata dagli Etruschi, \u00e8 una citt\u00e0 ricca di storia. Possiamo ammirare il magnifico Arco di Augusto, la Rocca Paolina, la Fontana Maggiore, la Torre del Cassero, le Mura medievali, il Palazzo dei Priori e tanti altri monumenti, palazzi e chiese che renderanno la visita a questa citt\u00e0 un\u2019esperienza indimenticabile.<\/p>\n<hr \/>\n<div class=\"article_container\"><h2 class=\"shortcode_title\">Charming home nelle vicinanze<\/h2><div class=\"listinglink-wrapper\">\n                           <a href=\"https:\/\/www.charminly.com\/listings\/relais-country-houses-en\/\"> <span class=\"wpresidence_button\"> more listings <\/span><\/a>\n                       <\/div><\/div>\n","protected":false},"excerpt":{"rendered":"<p>BETTONA Bettona \u00e8 un suggestivo borgo in provincia di Perugia ed \u00e8 inserito nella lista dei Borghi pi\u00f9 belli d\u2019Italia. Passeggiando per il paese possiamo vedere il Palazzetto del Podest\u00e0 del 1371. All\u2019interno ospita la pinacoteca comunale che comprende diversi reperti archeologici, ceramiche e molti dipinti. Tra i dipinti pi\u00f9 famosi ricordiamo i Dipinti del Perugino: La Madonna della piet\u00e0 e Sant\u2019Antonio di Padova. &#8230;<\/p>\n","protected":false},"author":6,"featured_media":18323,"comment_status":"closed","ping_status":"closed","sticky":false,"template":"","format":"standard","meta":{"_acf_changed":false,"footnotes":""},"categories":[142],"tags":[634,598],"class_list":["post-18328","post","type-post","status-publish","format-standard","has-post-thumbnail","hentry","category-arte-e-cultura","tag-cosa-vedere-in-umbria","tag-what-to-see-in-umbria"],"acf":[],"yoast_head":"<!-- This site is optimized with the Yoast SEO plugin v23.9 - https:\/\/yoast.com\/wordpress\/plugins\/seo\/ -->\n<title>La storia di San Francesco e il patrimonio artistico tra le citt\u00e0 dell\u2019Umbria<\/title>\n<meta name=\"description\" content=\"La storia di San Francesco e il patrimonio artistico tra le citt\u00e0 dell\u2019Umbria\" \/>\n<meta name=\"robots\" content=\"index, follow, max-snippet:-1, max-image-preview:large, max-video-preview:-1\" \/>\n<link rel=\"canonical\" href=\"https:\/\/www.charminly.com\/it\/la-storia-di-san-francesco-e-il-patrimonio-artistico-tra-le-citta-dellumbria\/\" \/>\n<meta property=\"og:locale\" content=\"it_IT\" \/>\n<meta property=\"og:type\" content=\"article\" \/>\n<meta property=\"og:title\" content=\"La storia di San Francesco e il patrimonio artistico tra le citt\u00e0 dell\u2019Umbria\" \/>\n<meta property=\"og:description\" content=\"La storia di San Francesco e il patrimonio artistico tra le citt\u00e0 dell\u2019Umbria\" \/>\n<meta property=\"og:url\" content=\"https:\/\/www.charminly.com\/it\/la-storia-di-san-francesco-e-il-patrimonio-artistico-tra-le-citta-dellumbria\/\" \/>\n<meta property=\"article:publisher\" content=\"https:\/\/www.facebook.com\/charminlyitalia\/\" \/>\n<meta property=\"article:published_time\" content=\"2017-02-06T14:29:39+00:00\" \/>\n<meta property=\"article:modified_time\" content=\"2020-01-15T14:52:10+00:00\" \/>\n<meta property=\"og:image\" content=\"https:\/\/www.charminly.com\/wp-content\/uploads\/2017\/01\/Assisi_-_Veduta_dalla_rocca_maggiore_Santa_Chiara_opt.jpg\" \/>\n\t<meta property=\"og:image:width\" content=\"1024\" \/>\n\t<meta property=\"og:image:height\" content=\"683\" \/>\n\t<meta property=\"og:image:type\" content=\"image\/jpeg\" \/>\n<meta name=\"author\" content=\"Ivan Lopez\" \/>\n<meta name=\"twitter:card\" content=\"summary_large_image\" \/>\n<meta name=\"twitter:creator\" content=\"@charminly_com\" \/>\n<meta name=\"twitter:site\" content=\"@charminly_com\" \/>\n<meta name=\"twitter:label1\" content=\"Scritto da\" \/>\n\t<meta name=\"twitter:data1\" content=\"Ivan Lopez\" \/>\n\t<meta name=\"twitter:label2\" content=\"Tempo di lettura stimato\" \/>\n\t<meta name=\"twitter:data2\" content=\"3 minuti\" \/>\n<script type=\"application\/ld+json\" class=\"yoast-schema-graph\">{\"@context\":\"https:\/\/schema.org\",\"@graph\":[{\"@type\":\"Article\",\"@id\":\"https:\/\/www.charminly.com\/it\/la-storia-di-san-francesco-e-il-patrimonio-artistico-tra-le-citta-dellumbria\/#article\",\"isPartOf\":{\"@id\":\"https:\/\/www.charminly.com\/it\/la-storia-di-san-francesco-e-il-patrimonio-artistico-tra-le-citta-dellumbria\/\"},\"author\":{\"name\":\"Ivan Lopez\",\"@id\":\"https:\/\/www.charminly.com\/it\/#\/schema\/person\/52806bb74f5c81bbf5f0989dd952c7ea\"},\"headline\":\"La storia di San Francesco e il patrimonio artistico tra le citt\u00e0 dell\u2019Umbria\",\"datePublished\":\"2017-02-06T14:29:39+00:00\",\"dateModified\":\"2020-01-15T14:52:10+00:00\",\"mainEntityOfPage\":{\"@id\":\"https:\/\/www.charminly.com\/it\/la-storia-di-san-francesco-e-il-patrimonio-artistico-tra-le-citta-dellumbria\/\"},\"wordCount\":546,\"publisher\":{\"@id\":\"https:\/\/www.charminly.com\/it\/#organization\"},\"image\":{\"@id\":\"https:\/\/www.charminly.com\/it\/la-storia-di-san-francesco-e-il-patrimonio-artistico-tra-le-citta-dellumbria\/#primaryimage\"},\"thumbnailUrl\":\"https:\/\/www.charminly.com\/wp-content\/uploads\/2017\/01\/Assisi_-_Veduta_dalla_rocca_maggiore_Santa_Chiara_opt.jpg\",\"keywords\":[\"Cosa vedere in Umbria\",\"What to see in Umbria\"],\"articleSection\":[\"Arte e cultura\"],\"inLanguage\":\"it-IT\"},{\"@type\":\"WebPage\",\"@id\":\"https:\/\/www.charminly.com\/it\/la-storia-di-san-francesco-e-il-patrimonio-artistico-tra-le-citta-dellumbria\/\",\"url\":\"https:\/\/www.charminly.com\/it\/la-storia-di-san-francesco-e-il-patrimonio-artistico-tra-le-citta-dellumbria\/\",\"name\":\"La storia di San Francesco e il patrimonio artistico tra le citt\u00e0 dell\u2019Umbria\",\"isPartOf\":{\"@id\":\"https:\/\/www.charminly.com\/it\/#website\"},\"primaryImageOfPage\":{\"@id\":\"https:\/\/www.charminly.com\/it\/la-storia-di-san-francesco-e-il-patrimonio-artistico-tra-le-citta-dellumbria\/#primaryimage\"},\"image\":{\"@id\":\"https:\/\/www.charminly.com\/it\/la-storia-di-san-francesco-e-il-patrimonio-artistico-tra-le-citta-dellumbria\/#primaryimage\"},\"thumbnailUrl\":\"https:\/\/www.charminly.com\/wp-content\/uploads\/2017\/01\/Assisi_-_Veduta_dalla_rocca_maggiore_Santa_Chiara_opt.jpg\",\"datePublished\":\"2017-02-06T14:29:39+00:00\",\"dateModified\":\"2020-01-15T14:52:10+00:00\",\"description\":\"La storia di San Francesco e il patrimonio artistico tra le citt\u00e0 dell\u2019Umbria\",\"breadcrumb\":{\"@id\":\"https:\/\/www.charminly.com\/it\/la-storia-di-san-francesco-e-il-patrimonio-artistico-tra-le-citta-dellumbria\/#breadcrumb\"},\"inLanguage\":\"it-IT\",\"potentialAction\":[{\"@type\":\"ReadAction\",\"target\":[\"https:\/\/www.charminly.com\/it\/la-storia-di-san-francesco-e-il-patrimonio-artistico-tra-le-citta-dellumbria\/\"]}]},{\"@type\":\"ImageObject\",\"inLanguage\":\"it-IT\",\"@id\":\"https:\/\/www.charminly.com\/it\/la-storia-di-san-francesco-e-il-patrimonio-artistico-tra-le-citta-dellumbria\/#primaryimage\",\"url\":\"https:\/\/www.charminly.com\/wp-content\/uploads\/2017\/01\/Assisi_-_Veduta_dalla_rocca_maggiore_Santa_Chiara_opt.jpg\",\"contentUrl\":\"https:\/\/www.charminly.com\/wp-content\/uploads\/2017\/01\/Assisi_-_Veduta_dalla_rocca_maggiore_Santa_Chiara_opt.jpg\",\"width\":1024,\"height\":683,\"caption\":\"SAMSUNG CSC\"},{\"@type\":\"BreadcrumbList\",\"@id\":\"https:\/\/www.charminly.com\/it\/la-storia-di-san-francesco-e-il-patrimonio-artistico-tra-le-citta-dellumbria\/#breadcrumb\",\"itemListElement\":[{\"@type\":\"ListItem\",\"position\":1,\"name\":\"Home\",\"item\":\"https:\/\/www.charminly.com\/it\/\"},{\"@type\":\"ListItem\",\"position\":2,\"name\":\"Cosa vedere in Umbria\",\"item\":\"https:\/\/www.charminly.com\/it\/tag\/cosa-vedere-in-umbria\/\"},{\"@type\":\"ListItem\",\"position\":3,\"name\":\"La storia di San Francesco e il patrimonio artistico tra le citt\u00e0 dell\u2019Umbria\"}]},{\"@type\":\"WebSite\",\"@id\":\"https:\/\/www.charminly.com\/it\/#website\",\"url\":\"https:\/\/www.charminly.com\/it\/\",\"name\":\"\",\"description\":\"\",\"publisher\":{\"@id\":\"https:\/\/www.charminly.com\/it\/#organization\"},\"potentialAction\":[{\"@type\":\"SearchAction\",\"target\":{\"@type\":\"EntryPoint\",\"urlTemplate\":\"https:\/\/www.charminly.com\/it\/?s={search_term_string}\"},\"query-input\":{\"@type\":\"PropertyValueSpecification\",\"valueRequired\":true,\"valueName\":\"search_term_string\"}}],\"inLanguage\":\"it-IT\"},{\"@type\":\"Organization\",\"@id\":\"https:\/\/www.charminly.com\/it\/#organization\",\"name\":\"Charminly.com\",\"url\":\"https:\/\/www.charminly.com\/it\/\",\"logo\":{\"@type\":\"ImageObject\",\"inLanguage\":\"it-IT\",\"@id\":\"https:\/\/www.charminly.com\/it\/#\/schema\/logo\/image\/\",\"url\":\"https:\/\/www.charminly.com\/wp-content\/uploads\/2014\/10\/logo.png\",\"contentUrl\":\"https:\/\/www.charminly.com\/wp-content\/uploads\/2014\/10\/logo.png\",\"width\":264,\"height\":115,\"caption\":\"Charminly.com\"},\"image\":{\"@id\":\"https:\/\/www.charminly.com\/it\/#\/schema\/logo\/image\/\"},\"sameAs\":[\"https:\/\/www.facebook.com\/charminlyitalia\/\",\"https:\/\/x.com\/charminly_com\"]},{\"@type\":\"Person\",\"@id\":\"https:\/\/www.charminly.com\/it\/#\/schema\/person\/52806bb74f5c81bbf5f0989dd952c7ea\",\"name\":\"Ivan Lopez\",\"image\":{\"@type\":\"ImageObject\",\"inLanguage\":\"it-IT\",\"@id\":\"https:\/\/www.charminly.com\/it\/#\/schema\/person\/image\/\",\"url\":\"https:\/\/secure.gravatar.com\/avatar\/e8aef7257c7a278cfcb908e241d9761c?s=96&d=mm&r=g\",\"contentUrl\":\"https:\/\/secure.gravatar.com\/avatar\/e8aef7257c7a278cfcb908e241d9761c?s=96&d=mm&r=g\",\"caption\":\"Ivan Lopez\"},\"url\":\"https:\/\/www.charminly.com\/it\/author\/ivan\/\"}]}<\/script>\n<!-- \/ Yoast SEO plugin. -->","yoast_head_json":{"title":"La storia di San Francesco e il patrimonio artistico tra le citt\u00e0 dell\u2019Umbria","description":"La storia di San Francesco e il patrimonio artistico tra le citt\u00e0 dell\u2019Umbria","robots":{"index":"index","follow":"follow","max-snippet":"max-snippet:-1","max-image-preview":"max-image-preview:large","max-video-preview":"max-video-preview:-1"},"canonical":"https:\/\/www.charminly.com\/it\/la-storia-di-san-francesco-e-il-patrimonio-artistico-tra-le-citta-dellumbria\/","og_locale":"it_IT","og_type":"article","og_title":"La storia di San Francesco e il patrimonio artistico tra le citt\u00e0 dell\u2019Umbria","og_description":"La storia di San Francesco e il patrimonio artistico tra le citt\u00e0 dell\u2019Umbria","og_url":"https:\/\/www.charminly.com\/it\/la-storia-di-san-francesco-e-il-patrimonio-artistico-tra-le-citta-dellumbria\/","article_publisher":"https:\/\/www.facebook.com\/charminlyitalia\/","article_published_time":"2017-02-06T14:29:39+00:00","article_modified_time":"2020-01-15T14:52:10+00:00","og_image":[{"width":1024,"height":683,"url":"https:\/\/www.charminly.com\/wp-content\/uploads\/2017\/01\/Assisi_-_Veduta_dalla_rocca_maggiore_Santa_Chiara_opt.jpg","type":"image\/jpeg"}],"author":"Ivan Lopez","twitter_card":"summary_large_image","twitter_creator":"@charminly_com","twitter_site":"@charminly_com","twitter_misc":{"Scritto da":"Ivan Lopez","Tempo di lettura stimato":"3 minuti"},"schema":{"@context":"https:\/\/schema.org","@graph":[{"@type":"Article","@id":"https:\/\/www.charminly.com\/it\/la-storia-di-san-francesco-e-il-patrimonio-artistico-tra-le-citta-dellumbria\/#article","isPartOf":{"@id":"https:\/\/www.charminly.com\/it\/la-storia-di-san-francesco-e-il-patrimonio-artistico-tra-le-citta-dellumbria\/"},"author":{"name":"Ivan Lopez","@id":"https:\/\/www.charminly.com\/it\/#\/schema\/person\/52806bb74f5c81bbf5f0989dd952c7ea"},"headline":"La storia di San Francesco e il patrimonio artistico tra le citt\u00e0 dell\u2019Umbria","datePublished":"2017-02-06T14:29:39+00:00","dateModified":"2020-01-15T14:52:10+00:00","mainEntityOfPage":{"@id":"https:\/\/www.charminly.com\/it\/la-storia-di-san-francesco-e-il-patrimonio-artistico-tra-le-citta-dellumbria\/"},"wordCount":546,"publisher":{"@id":"https:\/\/www.charminly.com\/it\/#organization"},"image":{"@id":"https:\/\/www.charminly.com\/it\/la-storia-di-san-francesco-e-il-patrimonio-artistico-tra-le-citta-dellumbria\/#primaryimage"},"thumbnailUrl":"https:\/\/www.charminly.com\/wp-content\/uploads\/2017\/01\/Assisi_-_Veduta_dalla_rocca_maggiore_Santa_Chiara_opt.jpg","keywords":["Cosa vedere in Umbria","What to see in Umbria"],"articleSection":["Arte e cultura"],"inLanguage":"it-IT"},{"@type":"WebPage","@id":"https:\/\/www.charminly.com\/it\/la-storia-di-san-francesco-e-il-patrimonio-artistico-tra-le-citta-dellumbria\/","url":"https:\/\/www.charminly.com\/it\/la-storia-di-san-francesco-e-il-patrimonio-artistico-tra-le-citta-dellumbria\/","name":"La storia di San Francesco e il patrimonio artistico tra le citt\u00e0 dell\u2019Umbria","isPartOf":{"@id":"https:\/\/www.charminly.com\/it\/#website"},"primaryImageOfPage":{"@id":"https:\/\/www.charminly.com\/it\/la-storia-di-san-francesco-e-il-patrimonio-artistico-tra-le-citta-dellumbria\/#primaryimage"},"image":{"@id":"https:\/\/www.charminly.com\/it\/la-storia-di-san-francesco-e-il-patrimonio-artistico-tra-le-citta-dellumbria\/#primaryimage"},"thumbnailUrl":"https:\/\/www.charminly.com\/wp-content\/uploads\/2017\/01\/Assisi_-_Veduta_dalla_rocca_maggiore_Santa_Chiara_opt.jpg","datePublished":"2017-02-06T14:29:39+00:00","dateModified":"2020-01-15T14:52:10+00:00","description":"La storia di San Francesco e il patrimonio artistico tra le citt\u00e0 dell\u2019Umbria","breadcrumb":{"@id":"https:\/\/www.charminly.com\/it\/la-storia-di-san-francesco-e-il-patrimonio-artistico-tra-le-citta-dellumbria\/#breadcrumb"},"inLanguage":"it-IT","potentialAction":[{"@type":"ReadAction","target":["https:\/\/www.charminly.com\/it\/la-storia-di-san-francesco-e-il-patrimonio-artistico-tra-le-citta-dellumbria\/"]}]},{"@type":"ImageObject","inLanguage":"it-IT","@id":"https:\/\/www.charminly.com\/it\/la-storia-di-san-francesco-e-il-patrimonio-artistico-tra-le-citta-dellumbria\/#primaryimage","url":"https:\/\/www.charminly.com\/wp-content\/uploads\/2017\/01\/Assisi_-_Veduta_dalla_rocca_maggiore_Santa_Chiara_opt.jpg","contentUrl":"https:\/\/www.charminly.com\/wp-content\/uploads\/2017\/01\/Assisi_-_Veduta_dalla_rocca_maggiore_Santa_Chiara_opt.jpg","width":1024,"height":683,"caption":"SAMSUNG CSC"},{"@type":"BreadcrumbList","@id":"https:\/\/www.charminly.com\/it\/la-storia-di-san-francesco-e-il-patrimonio-artistico-tra-le-citta-dellumbria\/#breadcrumb","itemListElement":[{"@type":"ListItem","position":1,"name":"Home","item":"https:\/\/www.charminly.com\/it\/"},{"@type":"ListItem","position":2,"name":"Cosa vedere in Umbria","item":"https:\/\/www.charminly.com\/it\/tag\/cosa-vedere-in-umbria\/"},{"@type":"ListItem","position":3,"name":"La storia di San Francesco e il patrimonio artistico tra le citt\u00e0 dell\u2019Umbria"}]},{"@type":"WebSite","@id":"https:\/\/www.charminly.com\/it\/#website","url":"https:\/\/www.charminly.com\/it\/","name":"","description":"","publisher":{"@id":"https:\/\/www.charminly.com\/it\/#organization"},"potentialAction":[{"@type":"SearchAction","target":{"@type":"EntryPoint","urlTemplate":"https:\/\/www.charminly.com\/it\/?s={search_term_string}"},"query-input":{"@type":"PropertyValueSpecification","valueRequired":true,"valueName":"search_term_string"}}],"inLanguage":"it-IT"},{"@type":"Organization","@id":"https:\/\/www.charminly.com\/it\/#organization","name":"Charminly.com","url":"https:\/\/www.charminly.com\/it\/","logo":{"@type":"ImageObject","inLanguage":"it-IT","@id":"https:\/\/www.charminly.com\/it\/#\/schema\/logo\/image\/","url":"https:\/\/www.charminly.com\/wp-content\/uploads\/2014\/10\/logo.png","contentUrl":"https:\/\/www.charminly.com\/wp-content\/uploads\/2014\/10\/logo.png","width":264,"height":115,"caption":"Charminly.com"},"image":{"@id":"https:\/\/www.charminly.com\/it\/#\/schema\/logo\/image\/"},"sameAs":["https:\/\/www.facebook.com\/charminlyitalia\/","https:\/\/x.com\/charminly_com"]},{"@type":"Person","@id":"https:\/\/www.charminly.com\/it\/#\/schema\/person\/52806bb74f5c81bbf5f0989dd952c7ea","name":"Ivan Lopez","image":{"@type":"ImageObject","inLanguage":"it-IT","@id":"https:\/\/www.charminly.com\/it\/#\/schema\/person\/image\/","url":"https:\/\/secure.gravatar.com\/avatar\/e8aef7257c7a278cfcb908e241d9761c?s=96&d=mm&r=g","contentUrl":"https:\/\/secure.gravatar.com\/avatar\/e8aef7257c7a278cfcb908e241d9761c?s=96&d=mm&r=g","caption":"Ivan Lopez"},"url":"https:\/\/www.charminly.com\/it\/author\/ivan\/"}]}},"_links":{"self":[{"href":"https:\/\/www.charminly.com\/it\/wp-json\/wp\/v2\/posts\/18328","targetHints":{"allow":["GET"]}}],"collection":[{"href":"https:\/\/www.charminly.com\/it\/wp-json\/wp\/v2\/posts"}],"about":[{"href":"https:\/\/www.charminly.com\/it\/wp-json\/wp\/v2\/types\/post"}],"author":[{"embeddable":true,"href":"https:\/\/www.charminly.com\/it\/wp-json\/wp\/v2\/users\/6"}],"replies":[{"embeddable":true,"href":"https:\/\/www.charminly.com\/it\/wp-json\/wp\/v2\/comments?post=18328"}],"version-history":[{"count":0,"href":"https:\/\/www.charminly.com\/it\/wp-json\/wp\/v2\/posts\/18328\/revisions"}],"wp:featuredmedia":[{"embeddable":true,"href":"https:\/\/www.charminly.com\/it\/wp-json\/wp\/v2\/media\/18323"}],"wp:attachment":[{"href":"https:\/\/www.charminly.com\/it\/wp-json\/wp\/v2\/media?parent=18328"}],"wp:term":[{"taxonomy":"category","embeddable":true,"href":"https:\/\/www.charminly.com\/it\/wp-json\/wp\/v2\/categories?post=18328"},{"taxonomy":"post_tag","embeddable":true,"href":"https:\/\/www.charminly.com\/it\/wp-json\/wp\/v2\/tags?post=18328"}],"curies":[{"name":"wp","href":"https:\/\/api.w.org\/{rel}","templated":true}]}}