{"id":18269,"date":"2017-02-06T16:13:12","date_gmt":"2017-02-06T15:13:12","guid":{"rendered":"https:\/\/www.charminly.com\/?p=18269\/"},"modified":"2020-01-15T15:57:46","modified_gmt":"2020-01-15T14:57:46","slug":"dai-cappelletti-alla-torta-di-riso-dai-primi-piatti-ai-dolci-della-tradizione-in-emilia-romagna","status":"publish","type":"post","link":"https:\/\/www.charminly.com\/it\/dai-cappelletti-alla-torta-di-riso-dai-primi-piatti-ai-dolci-della-tradizione-in-emilia-romagna\/","title":{"rendered":"Dai cappelletti alla torta di riso, dai primi piatti ai dolci della tradizione, in Emilia Romagna"},"content":{"rendered":"<h3><strong>Erbazzone<\/strong><\/h3>\n<p>L\u2019Erbazzone, o scarpasoun in dialetto, \u00e8 una torta salata a base di bietole. La base si prepara con una pasta chiamata Foieda, si tira una sfoglia sottile che richiude la torta. Ultimamente l\u2019erbazzone si prepara anche con altri tipi di pasta pi\u00f9 diffusa come la pasta sfoglia o la pasta bris\u00e8e. Il ripieno \u00e8 a base di bietole bollite con uova, cipolla, scalogno e parmigiano reggiano. Il alcune varianti si utilizzano gli spinaci e nella copertura si uniscono anche cubetti di pancetta o di lardo.<\/p>\n<div id=\"attachment_18262\" style=\"width: 1034px\" class=\"wp-caption alignnone\"><img loading=\"lazy\" decoding=\"async\" aria-describedby=\"caption-attachment-18262\" class=\"wp-image-18262 size-large\" src=\"https:\/\/www.charminly.com\/wp-content\/uploads\/2017\/01\/erbazzone-mangiarebuono_opt-1024x680.jpg\" width=\"1024\" height=\"680\" srcset=\"https:\/\/www.charminly.com\/wp-content\/uploads\/2017\/01\/erbazzone-mangiarebuono_opt.jpg 1024w, https:\/\/www.charminly.com\/wp-content\/uploads\/2017\/01\/erbazzone-mangiarebuono_opt-300x199.jpg 300w, https:\/\/www.charminly.com\/wp-content\/uploads\/2017\/01\/erbazzone-mangiarebuono_opt-768x510.jpg 768w, https:\/\/www.charminly.com\/wp-content\/uploads\/2017\/01\/erbazzone-mangiarebuono_opt-105x70.jpg 105w\" sizes=\"auto, (max-width: 1024px) 100vw, 1024px\" \/><p id=\"caption-attachment-18262\" class=\"wp-caption-text\">Erbazzone foto mangiarebuono<\/p><\/div>\n<h3><strong>Cappelletti<\/strong><\/h3>\n<p>I <strong>cappelletti <\/strong>sono un primo piatto di pasta comune ad alcune regioni dell\u2019Italia centrale. In Emilia Romagna si cucinano in brodo di cappone oppure conditi con il rag\u00f9. Il piatto viene tradizionalmente preparato per il pranzo di Natale e contiene un ripieno di carne mista di manzo, pollo, maiale, prosciutto. Un\u2019altra versione di magro prevede il ripieno di ricotta. La forma e la dimensione dei cappelletti varia da provincia a provincia.<\/p>\n<h3><strong>Casagai<\/strong><\/h3>\n<p>Il <strong>Casagai <\/strong>\u00e8 un piatto di origine contadina a base di polenta. Ad accompagnare la polenta si cucinano le cotiche di maiale tagliate a pezzetti e cotte in brodo con verdure, aglio, prezzemolo e cipolla, talvolta fagioli borlotti. Si prepara a parte una polenta semplice e si mescola tutto insieme. I casagai si servono caldi, in seguito, la parte che avanza si taglia a fette e si frigge oppure si cucina alla piastra, per un\u2019altra gustosa versione.<\/p>\n<h3><strong>Torta di riso<\/strong><\/h3>\n<p>La <strong>torta di riso <\/strong>\u00e8 un dolce tradizionale. Un tempo si chiamava dolce degli addobbi e veniva preparato per il Corpus Domini. Durante la festa le case erano aperte a tutti e si offriva da bere e da mangiare, ma questo dolce squisito era il piatto principale. La torta di riso si prepara con riso bollito nel latte, e poi si impasta con mandorle o pinoli, liquore, uova, cedro candito. Si ottiene una torta soffice dentro e croccante all\u2019esterno, per tradizione si taglia a striscioline prima di servirla. La ricetta originale \u00e8 depositata presso l\u2019Accademia Italiana della Cucina.<\/p>\n<div id=\"attachment_18265\" style=\"width: 1034px\" class=\"wp-caption alignnone\"><img loading=\"lazy\" decoding=\"async\" aria-describedby=\"caption-attachment-18265\" class=\"wp-image-18265 size-large\" src=\"https:\/\/www.charminly.com\/wp-content\/uploads\/2017\/01\/original_torta-di-riso-ricettaidea_opt-1024x683.jpg\" width=\"1024\" height=\"683\" srcset=\"https:\/\/www.charminly.com\/wp-content\/uploads\/2017\/01\/original_torta-di-riso-ricettaidea_opt.jpg 1024w, https:\/\/www.charminly.com\/wp-content\/uploads\/2017\/01\/original_torta-di-riso-ricettaidea_opt-300x200.jpg 300w, https:\/\/www.charminly.com\/wp-content\/uploads\/2017\/01\/original_torta-di-riso-ricettaidea_opt-768x512.jpg 768w, https:\/\/www.charminly.com\/wp-content\/uploads\/2017\/01\/original_torta-di-riso-ricettaidea_opt-105x70.jpg 105w\" sizes=\"auto, (max-width: 1024px) 100vw, 1024px\" \/><p id=\"caption-attachment-18265\" class=\"wp-caption-text\">Torta di riso foto ricettaidea<\/p><\/div>\n<h3><strong>Tortelli verdi<\/strong><\/h3>\n<p>I <strong>Tortelli Verdi <\/strong>sono un piatto originario della provincia di Reggio Emilia. Per tradizione si preparano la cena della vigilia di Natale e per la cena di San Giovanni a giugno. Si chiamano tortelli verdi perch\u00e8 sono appunto ripieni di erbe, di solito bietole e spinaci lessati mescolati insieme. Alle erbe si aggiunge il lardo a pezzetti, poi abbondante parmigiano reggiano grattugiato e ricotta nelle stesse quantit\u00e0, infine un trito di aglio e prezzemolo. La sfoglia si prepara con farina e uova, infine si da la forma ai tortelli ripieni. Il condimento pi\u00f9 adatto \u00e8 un rag\u00f9 di carne oppure semplice burro. Il risultato \u00e8 un primo piatto degno delle feste, ma oggi viene preparato pi\u00f9 spesso durante tutto l\u2019anno. Una gustosa variante prevede i tortelli con ripieno di zucca.<\/p>\n<hr \/>\n<div class=\"article_container\"><h2 class=\"shortcode_title\">Charming home nelle vicinanze<\/h2><div class=\"listinglink-wrapper\">\n                           <a href=\"https:\/\/www.charminly.com\/listings\/relais-country-houses-en\/\"> <span class=\"wpresidence_button\"> more listings <\/span><\/a>\n                       <\/div><\/div>\n","protected":false},"excerpt":{"rendered":"<p>Erbazzone L\u2019Erbazzone, o scarpasoun in dialetto, \u00e8 una torta salata a base di bietole. La base si prepara con una pasta chiamata Foieda, si tira una sfoglia sottile che richiude la torta. Ultimamente l\u2019erbazzone si prepara anche con altri tipi di pasta pi\u00f9 diffusa come la pasta sfoglia o la pasta bris\u00e8e. Il ripieno \u00e8 a base di bietole bollite con uova, cipolla, scalogno &#8230;<\/p>\n","protected":false},"author":6,"featured_media":18264,"comment_status":"closed","ping_status":"closed","sticky":false,"template":"","format":"standard","meta":{"_acf_changed":false,"footnotes":""},"categories":[240],"tags":[614],"class_list":["post-18269","post","type-post","status-publish","format-standard","has-post-thumbnail","hentry","category-sapori-d-altri-tempi","tag-cosa-mangiare-in-emilia-romagna"],"acf":[],"yoast_head":"<!-- This site is optimized with the Yoast SEO plugin v23.9 - https:\/\/yoast.com\/wordpress\/plugins\/seo\/ -->\n<title>Dai cappelletti alla torta di riso, dai primi piatti ai dolci della tradizione, in Emilia Romagna<\/title>\n<meta name=\"description\" content=\"Dai cappelletti alla torta di riso, dai primi piatti ai dolci della tradizione, in Emilia Romagna\" \/>\n<meta name=\"robots\" content=\"index, follow, max-snippet:-1, max-image-preview:large, max-video-preview:-1\" \/>\n<link rel=\"canonical\" href=\"https:\/\/www.charminly.com\/it\/dai-cappelletti-alla-torta-di-riso-dai-primi-piatti-ai-dolci-della-tradizione-in-emilia-romagna\/\" \/>\n<meta property=\"og:locale\" content=\"it_IT\" \/>\n<meta property=\"og:type\" content=\"article\" \/>\n<meta property=\"og:title\" content=\"Dai cappelletti alla torta di riso, dai primi piatti ai dolci della tradizione, in Emilia Romagna\" \/>\n<meta property=\"og:description\" content=\"Dai cappelletti alla torta di riso, dai primi piatti ai dolci della tradizione, in Emilia Romagna\" \/>\n<meta property=\"og:url\" content=\"https:\/\/www.charminly.com\/it\/dai-cappelletti-alla-torta-di-riso-dai-primi-piatti-ai-dolci-della-tradizione-in-emilia-romagna\/\" \/>\n<meta property=\"article:publisher\" content=\"https:\/\/www.facebook.com\/charminlyitalia\/\" \/>\n<meta property=\"article:published_time\" content=\"2017-02-06T15:13:12+00:00\" \/>\n<meta property=\"article:modified_time\" content=\"2020-01-15T14:57:46+00:00\" \/>\n<meta property=\"og:image\" content=\"https:\/\/www.charminly.com\/wp-content\/uploads\/2017\/01\/erbazzone-mangiarebuono_opt.jpg\" \/>\n\t<meta property=\"og:image:width\" content=\"1024\" \/>\n\t<meta property=\"og:image:height\" content=\"680\" \/>\n\t<meta property=\"og:image:type\" content=\"image\/jpeg\" \/>\n<meta name=\"author\" content=\"Ivan Lopez\" \/>\n<meta name=\"twitter:card\" content=\"summary_large_image\" \/>\n<meta name=\"twitter:creator\" content=\"@charminly_com\" \/>\n<meta name=\"twitter:site\" content=\"@charminly_com\" \/>\n<meta name=\"twitter:label1\" content=\"Scritto da\" \/>\n\t<meta name=\"twitter:data1\" content=\"Ivan Lopez\" \/>\n\t<meta name=\"twitter:label2\" content=\"Tempo di lettura stimato\" \/>\n\t<meta name=\"twitter:data2\" content=\"3 minuti\" \/>\n<script type=\"application\/ld+json\" class=\"yoast-schema-graph\">{\"@context\":\"https:\/\/schema.org\",\"@graph\":[{\"@type\":\"Article\",\"@id\":\"https:\/\/www.charminly.com\/it\/dai-cappelletti-alla-torta-di-riso-dai-primi-piatti-ai-dolci-della-tradizione-in-emilia-romagna\/#article\",\"isPartOf\":{\"@id\":\"https:\/\/www.charminly.com\/it\/dai-cappelletti-alla-torta-di-riso-dai-primi-piatti-ai-dolci-della-tradizione-in-emilia-romagna\/\"},\"author\":{\"name\":\"Ivan Lopez\",\"@id\":\"https:\/\/www.charminly.com\/it\/#\/schema\/person\/52806bb74f5c81bbf5f0989dd952c7ea\"},\"headline\":\"Dai cappelletti alla torta di riso, dai primi piatti ai dolci della tradizione, in Emilia Romagna\",\"datePublished\":\"2017-02-06T15:13:12+00:00\",\"dateModified\":\"2020-01-15T14:57:46+00:00\",\"mainEntityOfPage\":{\"@id\":\"https:\/\/www.charminly.com\/it\/dai-cappelletti-alla-torta-di-riso-dai-primi-piatti-ai-dolci-della-tradizione-in-emilia-romagna\/\"},\"wordCount\":535,\"publisher\":{\"@id\":\"https:\/\/www.charminly.com\/it\/#organization\"},\"image\":{\"@id\":\"https:\/\/www.charminly.com\/it\/dai-cappelletti-alla-torta-di-riso-dai-primi-piatti-ai-dolci-della-tradizione-in-emilia-romagna\/#primaryimage\"},\"thumbnailUrl\":\"https:\/\/www.charminly.com\/wp-content\/uploads\/2017\/01\/erbazzone-mangiarebuono_opt.jpg\",\"keywords\":[\"Cosa mangiare in Emilia Romagna\"],\"articleSection\":[\"Sapori d'altri tempi\"],\"inLanguage\":\"it-IT\"},{\"@type\":\"WebPage\",\"@id\":\"https:\/\/www.charminly.com\/it\/dai-cappelletti-alla-torta-di-riso-dai-primi-piatti-ai-dolci-della-tradizione-in-emilia-romagna\/\",\"url\":\"https:\/\/www.charminly.com\/it\/dai-cappelletti-alla-torta-di-riso-dai-primi-piatti-ai-dolci-della-tradizione-in-emilia-romagna\/\",\"name\":\"Dai cappelletti alla torta di riso, dai primi piatti ai dolci della tradizione, in Emilia Romagna\",\"isPartOf\":{\"@id\":\"https:\/\/www.charminly.com\/it\/#website\"},\"primaryImageOfPage\":{\"@id\":\"https:\/\/www.charminly.com\/it\/dai-cappelletti-alla-torta-di-riso-dai-primi-piatti-ai-dolci-della-tradizione-in-emilia-romagna\/#primaryimage\"},\"image\":{\"@id\":\"https:\/\/www.charminly.com\/it\/dai-cappelletti-alla-torta-di-riso-dai-primi-piatti-ai-dolci-della-tradizione-in-emilia-romagna\/#primaryimage\"},\"thumbnailUrl\":\"https:\/\/www.charminly.com\/wp-content\/uploads\/2017\/01\/erbazzone-mangiarebuono_opt.jpg\",\"datePublished\":\"2017-02-06T15:13:12+00:00\",\"dateModified\":\"2020-01-15T14:57:46+00:00\",\"description\":\"Dai cappelletti alla torta di riso, dai primi piatti ai dolci della tradizione, in Emilia Romagna\",\"breadcrumb\":{\"@id\":\"https:\/\/www.charminly.com\/it\/dai-cappelletti-alla-torta-di-riso-dai-primi-piatti-ai-dolci-della-tradizione-in-emilia-romagna\/#breadcrumb\"},\"inLanguage\":\"it-IT\",\"potentialAction\":[{\"@type\":\"ReadAction\",\"target\":[\"https:\/\/www.charminly.com\/it\/dai-cappelletti-alla-torta-di-riso-dai-primi-piatti-ai-dolci-della-tradizione-in-emilia-romagna\/\"]}]},{\"@type\":\"ImageObject\",\"inLanguage\":\"it-IT\",\"@id\":\"https:\/\/www.charminly.com\/it\/dai-cappelletti-alla-torta-di-riso-dai-primi-piatti-ai-dolci-della-tradizione-in-emilia-romagna\/#primaryimage\",\"url\":\"https:\/\/www.charminly.com\/wp-content\/uploads\/2017\/01\/erbazzone-mangiarebuono_opt.jpg\",\"contentUrl\":\"https:\/\/www.charminly.com\/wp-content\/uploads\/2017\/01\/erbazzone-mangiarebuono_opt.jpg\",\"width\":1024,\"height\":680},{\"@type\":\"BreadcrumbList\",\"@id\":\"https:\/\/www.charminly.com\/it\/dai-cappelletti-alla-torta-di-riso-dai-primi-piatti-ai-dolci-della-tradizione-in-emilia-romagna\/#breadcrumb\",\"itemListElement\":[{\"@type\":\"ListItem\",\"position\":1,\"name\":\"Home\",\"item\":\"https:\/\/www.charminly.com\/it\/\"},{\"@type\":\"ListItem\",\"position\":2,\"name\":\"Cosa mangiare in Emilia Romagna\",\"item\":\"https:\/\/www.charminly.com\/it\/tag\/cosa-mangiare-in-emilia-romagna\/\"},{\"@type\":\"ListItem\",\"position\":3,\"name\":\"Dai cappelletti alla torta di riso, dai primi piatti ai dolci della tradizione, in Emilia Romagna\"}]},{\"@type\":\"WebSite\",\"@id\":\"https:\/\/www.charminly.com\/it\/#website\",\"url\":\"https:\/\/www.charminly.com\/it\/\",\"name\":\"\",\"description\":\"\",\"publisher\":{\"@id\":\"https:\/\/www.charminly.com\/it\/#organization\"},\"potentialAction\":[{\"@type\":\"SearchAction\",\"target\":{\"@type\":\"EntryPoint\",\"urlTemplate\":\"https:\/\/www.charminly.com\/it\/?s={search_term_string}\"},\"query-input\":{\"@type\":\"PropertyValueSpecification\",\"valueRequired\":true,\"valueName\":\"search_term_string\"}}],\"inLanguage\":\"it-IT\"},{\"@type\":\"Organization\",\"@id\":\"https:\/\/www.charminly.com\/it\/#organization\",\"name\":\"Charminly.com\",\"url\":\"https:\/\/www.charminly.com\/it\/\",\"logo\":{\"@type\":\"ImageObject\",\"inLanguage\":\"it-IT\",\"@id\":\"https:\/\/www.charminly.com\/it\/#\/schema\/logo\/image\/\",\"url\":\"https:\/\/www.charminly.com\/wp-content\/uploads\/2014\/10\/logo.png\",\"contentUrl\":\"https:\/\/www.charminly.com\/wp-content\/uploads\/2014\/10\/logo.png\",\"width\":264,\"height\":115,\"caption\":\"Charminly.com\"},\"image\":{\"@id\":\"https:\/\/www.charminly.com\/it\/#\/schema\/logo\/image\/\"},\"sameAs\":[\"https:\/\/www.facebook.com\/charminlyitalia\/\",\"https:\/\/x.com\/charminly_com\"]},{\"@type\":\"Person\",\"@id\":\"https:\/\/www.charminly.com\/it\/#\/schema\/person\/52806bb74f5c81bbf5f0989dd952c7ea\",\"name\":\"Ivan Lopez\",\"image\":{\"@type\":\"ImageObject\",\"inLanguage\":\"it-IT\",\"@id\":\"https:\/\/www.charminly.com\/it\/#\/schema\/person\/image\/\",\"url\":\"https:\/\/secure.gravatar.com\/avatar\/e8aef7257c7a278cfcb908e241d9761c?s=96&d=mm&r=g\",\"contentUrl\":\"https:\/\/secure.gravatar.com\/avatar\/e8aef7257c7a278cfcb908e241d9761c?s=96&d=mm&r=g\",\"caption\":\"Ivan Lopez\"},\"url\":\"https:\/\/www.charminly.com\/it\/author\/ivan\/\"}]}<\/script>\n<!-- \/ Yoast SEO plugin. -->","yoast_head_json":{"title":"Dai cappelletti alla torta di riso, dai primi piatti ai dolci della tradizione, in Emilia Romagna","description":"Dai cappelletti alla torta di riso, dai primi piatti ai dolci della tradizione, in Emilia Romagna","robots":{"index":"index","follow":"follow","max-snippet":"max-snippet:-1","max-image-preview":"max-image-preview:large","max-video-preview":"max-video-preview:-1"},"canonical":"https:\/\/www.charminly.com\/it\/dai-cappelletti-alla-torta-di-riso-dai-primi-piatti-ai-dolci-della-tradizione-in-emilia-romagna\/","og_locale":"it_IT","og_type":"article","og_title":"Dai cappelletti alla torta di riso, dai primi piatti ai dolci della tradizione, in Emilia Romagna","og_description":"Dai cappelletti alla torta di riso, dai primi piatti ai dolci della tradizione, in Emilia Romagna","og_url":"https:\/\/www.charminly.com\/it\/dai-cappelletti-alla-torta-di-riso-dai-primi-piatti-ai-dolci-della-tradizione-in-emilia-romagna\/","article_publisher":"https:\/\/www.facebook.com\/charminlyitalia\/","article_published_time":"2017-02-06T15:13:12+00:00","article_modified_time":"2020-01-15T14:57:46+00:00","og_image":[{"width":1024,"height":680,"url":"https:\/\/www.charminly.com\/wp-content\/uploads\/2017\/01\/erbazzone-mangiarebuono_opt.jpg","type":"image\/jpeg"}],"author":"Ivan Lopez","twitter_card":"summary_large_image","twitter_creator":"@charminly_com","twitter_site":"@charminly_com","twitter_misc":{"Scritto da":"Ivan Lopez","Tempo di lettura stimato":"3 minuti"},"schema":{"@context":"https:\/\/schema.org","@graph":[{"@type":"Article","@id":"https:\/\/www.charminly.com\/it\/dai-cappelletti-alla-torta-di-riso-dai-primi-piatti-ai-dolci-della-tradizione-in-emilia-romagna\/#article","isPartOf":{"@id":"https:\/\/www.charminly.com\/it\/dai-cappelletti-alla-torta-di-riso-dai-primi-piatti-ai-dolci-della-tradizione-in-emilia-romagna\/"},"author":{"name":"Ivan Lopez","@id":"https:\/\/www.charminly.com\/it\/#\/schema\/person\/52806bb74f5c81bbf5f0989dd952c7ea"},"headline":"Dai cappelletti alla torta di riso, dai primi piatti ai dolci della tradizione, in Emilia Romagna","datePublished":"2017-02-06T15:13:12+00:00","dateModified":"2020-01-15T14:57:46+00:00","mainEntityOfPage":{"@id":"https:\/\/www.charminly.com\/it\/dai-cappelletti-alla-torta-di-riso-dai-primi-piatti-ai-dolci-della-tradizione-in-emilia-romagna\/"},"wordCount":535,"publisher":{"@id":"https:\/\/www.charminly.com\/it\/#organization"},"image":{"@id":"https:\/\/www.charminly.com\/it\/dai-cappelletti-alla-torta-di-riso-dai-primi-piatti-ai-dolci-della-tradizione-in-emilia-romagna\/#primaryimage"},"thumbnailUrl":"https:\/\/www.charminly.com\/wp-content\/uploads\/2017\/01\/erbazzone-mangiarebuono_opt.jpg","keywords":["Cosa mangiare in Emilia Romagna"],"articleSection":["Sapori d'altri tempi"],"inLanguage":"it-IT"},{"@type":"WebPage","@id":"https:\/\/www.charminly.com\/it\/dai-cappelletti-alla-torta-di-riso-dai-primi-piatti-ai-dolci-della-tradizione-in-emilia-romagna\/","url":"https:\/\/www.charminly.com\/it\/dai-cappelletti-alla-torta-di-riso-dai-primi-piatti-ai-dolci-della-tradizione-in-emilia-romagna\/","name":"Dai cappelletti alla torta di riso, dai primi piatti ai dolci della tradizione, in Emilia Romagna","isPartOf":{"@id":"https:\/\/www.charminly.com\/it\/#website"},"primaryImageOfPage":{"@id":"https:\/\/www.charminly.com\/it\/dai-cappelletti-alla-torta-di-riso-dai-primi-piatti-ai-dolci-della-tradizione-in-emilia-romagna\/#primaryimage"},"image":{"@id":"https:\/\/www.charminly.com\/it\/dai-cappelletti-alla-torta-di-riso-dai-primi-piatti-ai-dolci-della-tradizione-in-emilia-romagna\/#primaryimage"},"thumbnailUrl":"https:\/\/www.charminly.com\/wp-content\/uploads\/2017\/01\/erbazzone-mangiarebuono_opt.jpg","datePublished":"2017-02-06T15:13:12+00:00","dateModified":"2020-01-15T14:57:46+00:00","description":"Dai cappelletti alla torta di riso, dai primi piatti ai dolci della tradizione, in Emilia Romagna","breadcrumb":{"@id":"https:\/\/www.charminly.com\/it\/dai-cappelletti-alla-torta-di-riso-dai-primi-piatti-ai-dolci-della-tradizione-in-emilia-romagna\/#breadcrumb"},"inLanguage":"it-IT","potentialAction":[{"@type":"ReadAction","target":["https:\/\/www.charminly.com\/it\/dai-cappelletti-alla-torta-di-riso-dai-primi-piatti-ai-dolci-della-tradizione-in-emilia-romagna\/"]}]},{"@type":"ImageObject","inLanguage":"it-IT","@id":"https:\/\/www.charminly.com\/it\/dai-cappelletti-alla-torta-di-riso-dai-primi-piatti-ai-dolci-della-tradizione-in-emilia-romagna\/#primaryimage","url":"https:\/\/www.charminly.com\/wp-content\/uploads\/2017\/01\/erbazzone-mangiarebuono_opt.jpg","contentUrl":"https:\/\/www.charminly.com\/wp-content\/uploads\/2017\/01\/erbazzone-mangiarebuono_opt.jpg","width":1024,"height":680},{"@type":"BreadcrumbList","@id":"https:\/\/www.charminly.com\/it\/dai-cappelletti-alla-torta-di-riso-dai-primi-piatti-ai-dolci-della-tradizione-in-emilia-romagna\/#breadcrumb","itemListElement":[{"@type":"ListItem","position":1,"name":"Home","item":"https:\/\/www.charminly.com\/it\/"},{"@type":"ListItem","position":2,"name":"Cosa mangiare in Emilia Romagna","item":"https:\/\/www.charminly.com\/it\/tag\/cosa-mangiare-in-emilia-romagna\/"},{"@type":"ListItem","position":3,"name":"Dai cappelletti alla torta di riso, dai primi piatti ai dolci della tradizione, in Emilia Romagna"}]},{"@type":"WebSite","@id":"https:\/\/www.charminly.com\/it\/#website","url":"https:\/\/www.charminly.com\/it\/","name":"","description":"","publisher":{"@id":"https:\/\/www.charminly.com\/it\/#organization"},"potentialAction":[{"@type":"SearchAction","target":{"@type":"EntryPoint","urlTemplate":"https:\/\/www.charminly.com\/it\/?s={search_term_string}"},"query-input":{"@type":"PropertyValueSpecification","valueRequired":true,"valueName":"search_term_string"}}],"inLanguage":"it-IT"},{"@type":"Organization","@id":"https:\/\/www.charminly.com\/it\/#organization","name":"Charminly.com","url":"https:\/\/www.charminly.com\/it\/","logo":{"@type":"ImageObject","inLanguage":"it-IT","@id":"https:\/\/www.charminly.com\/it\/#\/schema\/logo\/image\/","url":"https:\/\/www.charminly.com\/wp-content\/uploads\/2014\/10\/logo.png","contentUrl":"https:\/\/www.charminly.com\/wp-content\/uploads\/2014\/10\/logo.png","width":264,"height":115,"caption":"Charminly.com"},"image":{"@id":"https:\/\/www.charminly.com\/it\/#\/schema\/logo\/image\/"},"sameAs":["https:\/\/www.facebook.com\/charminlyitalia\/","https:\/\/x.com\/charminly_com"]},{"@type":"Person","@id":"https:\/\/www.charminly.com\/it\/#\/schema\/person\/52806bb74f5c81bbf5f0989dd952c7ea","name":"Ivan Lopez","image":{"@type":"ImageObject","inLanguage":"it-IT","@id":"https:\/\/www.charminly.com\/it\/#\/schema\/person\/image\/","url":"https:\/\/secure.gravatar.com\/avatar\/e8aef7257c7a278cfcb908e241d9761c?s=96&d=mm&r=g","contentUrl":"https:\/\/secure.gravatar.com\/avatar\/e8aef7257c7a278cfcb908e241d9761c?s=96&d=mm&r=g","caption":"Ivan Lopez"},"url":"https:\/\/www.charminly.com\/it\/author\/ivan\/"}]}},"_links":{"self":[{"href":"https:\/\/www.charminly.com\/it\/wp-json\/wp\/v2\/posts\/18269","targetHints":{"allow":["GET"]}}],"collection":[{"href":"https:\/\/www.charminly.com\/it\/wp-json\/wp\/v2\/posts"}],"about":[{"href":"https:\/\/www.charminly.com\/it\/wp-json\/wp\/v2\/types\/post"}],"author":[{"embeddable":true,"href":"https:\/\/www.charminly.com\/it\/wp-json\/wp\/v2\/users\/6"}],"replies":[{"embeddable":true,"href":"https:\/\/www.charminly.com\/it\/wp-json\/wp\/v2\/comments?post=18269"}],"version-history":[{"count":0,"href":"https:\/\/www.charminly.com\/it\/wp-json\/wp\/v2\/posts\/18269\/revisions"}],"wp:featuredmedia":[{"embeddable":true,"href":"https:\/\/www.charminly.com\/it\/wp-json\/wp\/v2\/media\/18264"}],"wp:attachment":[{"href":"https:\/\/www.charminly.com\/it\/wp-json\/wp\/v2\/media?parent=18269"}],"wp:term":[{"taxonomy":"category","embeddable":true,"href":"https:\/\/www.charminly.com\/it\/wp-json\/wp\/v2\/categories?post=18269"},{"taxonomy":"post_tag","embeddable":true,"href":"https:\/\/www.charminly.com\/it\/wp-json\/wp\/v2\/tags?post=18269"}],"curies":[{"name":"wp","href":"https:\/\/api.w.org\/{rel}","templated":true}]}}