{"id":18258,"date":"2017-02-06T16:09:01","date_gmt":"2017-02-06T15:09:01","guid":{"rendered":"https:\/\/www.charminly.com\/?p=18258\/"},"modified":"2020-01-15T15:57:17","modified_gmt":"2020-01-15T14:57:17","slug":"tra-fiere-cortei-storici-cioccolato-e-tartufo-le-feste-dellemilia-romagna","status":"publish","type":"post","link":"https:\/\/www.charminly.com\/it\/tra-fiere-cortei-storici-cioccolato-e-tartufo-le-feste-dellemilia-romagna\/","title":{"rendered":"Tra fiere, cortei storici, cioccolato e tartufo, le feste dell\u2019Emilia Romagna"},"content":{"rendered":"<h3><strong>CIOCCOLANDO<\/strong><\/h3>\n<p>Nel mese di febbraio, a <strong>Castellarano<\/strong>, non potete perdere <strong>Cioccolando<\/strong>, una manifestazione gastronomica dedicata al cioccolato. Il dolce pi\u00f9 amato da grandi e bambini \u00e8 ancora pi\u00f9 suggestivo per il giorno di San Valentino, con cioccolatini di ogni forma e mille varianti di gusto. I pi\u00f9 bravi cioccolatieri si esibiranno nelle loro ricette pi\u00f9 buone ma anche pi\u00f9 spettacolari nell\u2019aspetto, una meraviglia per il palato e per gli occhi!<\/p>\n<h3><strong>FIERA DI SAN GIUSEPPE<\/strong><\/h3>\n<p>Nel mese di marzo, a <strong>Scandiano<\/strong>, si svolge la <strong>Fiera di San Giuseppe<\/strong>. Si tratta di una mostra artigianale e agricola molto antica con diversi padiglioni e stand. Gli espositori vengono da tutta Italia e se non siete esperti del settore, troverete comunque moltissimi oggetti interessanti, da idee regalo a capi d\u2019abbligliamento, alimentari e bevande.<\/p>\n<div id=\"attachment_18251\" style=\"width: 1034px\" class=\"wp-caption alignnone\"><img loading=\"lazy\" decoding=\"async\" aria-describedby=\"caption-attachment-18251\" class=\"wp-image-18251 size-large\" src=\"https:\/\/www.charminly.com\/wp-content\/uploads\/2017\/01\/rievocazione-storica-matildica-maest\u00e0-della-battaglia_opt-1024x579.jpg\" width=\"1024\" height=\"579\" srcset=\"https:\/\/www.charminly.com\/wp-content\/uploads\/2017\/01\/rievocazione-storica-matildica-maest\u00e0-della-battaglia_opt.jpg 1024w, https:\/\/www.charminly.com\/wp-content\/uploads\/2017\/01\/rievocazione-storica-matildica-maest\u00e0-della-battaglia_opt-300x170.jpg 300w, https:\/\/www.charminly.com\/wp-content\/uploads\/2017\/01\/rievocazione-storica-matildica-maest\u00e0-della-battaglia_opt-768x434.jpg 768w, https:\/\/www.charminly.com\/wp-content\/uploads\/2017\/01\/rievocazione-storica-matildica-maest\u00e0-della-battaglia_opt-255x143.jpg 255w\" sizes=\"auto, (max-width: 1024px) 100vw, 1024px\" \/><p id=\"caption-attachment-18251\" class=\"wp-caption-text\">Corteo Storico Matildico, Quattro Castella foto maestadellabattaglia<\/p><\/div>\n<h3><strong>CORTEO STORICO MATILDICO<\/strong><\/h3>\n<p>In maggio a <strong>Quattro Castella<\/strong>, potrete ammirare il <strong>Corteo Storico Matildico<\/strong>. La rievocazione storica \u00e8 dedicata a Matilde di Canossa e ricorda la sua reinfeudazione per mano dell\u2019imperatore Enrico V. Il corteo \u00e8 formato da oltre mille figuranti in costume medievale, inoltre ci saranno giostre medievali, tornei ed esibizioni, sbandieratori, musici e giullari. Tra i giochi pi\u00f9 emozionanti ricordiamo la Quintana dell\u2019Anello e il Gioco del Ponte. Ci saranno inoltre giochi pi\u00f9 semplici dedicati ai bambini.<\/p>\n<h3><strong>ROSSENA IN ARME<\/strong><\/h3>\n<p>Nel mese di giugno, a <strong>Canossa<\/strong>, si svolge <strong>Rossena in Arme<\/strong>. Questa manifestazione medievale si svolge nel Castello di Rossena, uno dei castelli di Matilde di Canossa, con l\u2019intento di ricostruire le atmosfere e lo stile di vita dell\u2019epoca. Si organizzano banchetti, accampamenti di soldati, mercati medievali, dimostrazioni di antichi mestieri, e tanti cibi e bevande tipici. Infine gli eventi musicali concluderanno la serata.<\/p>\n<h3><strong>VIA DEI METATI<\/strong><\/h3>\n<p>In ottobre, a <strong>Carpineti<\/strong>, non perdete la <strong>Via dei Metati,<\/strong> un percorso naturalistico e gastronomico tra le montagne. Si organizzano escursioni di trekking per visitare i sentieri tra i boschi e immergersi nella natura rigogliosa dell\u2019Appennino.\u00a0 I metati sono antichi edifici di pietra adibiti allo stoccaggio e all\u2019essicazione delle castagne. Disseminati lungo l\u2019Appennino tosco emiliano, sono testimonianza del tempo in cui la castagna era alla base dell\u2019alimentazione di tutta l\u2019area. I metati potevano essere annessi anche alle abitazioni e si possono trovare di diverse dimensioni. La via dei Metati \u00e8 l\u2019occasione per degustare tantissimi piatti a base di castagne, ma anche degli ottimi vini, formaggio e dolci.<\/p>\n<div id=\"attachment_18254\" style=\"width: 1034px\" class=\"wp-caption alignnone\"><img loading=\"lazy\" decoding=\"async\" aria-describedby=\"caption-attachment-18254\" class=\"wp-image-18254 size-large\" src=\"https:\/\/www.charminly.com\/wp-content\/uploads\/2017\/01\/Viano-36-primapaginareggio_opt-1024x768.jpg\" width=\"1024\" height=\"768\" srcset=\"https:\/\/www.charminly.com\/wp-content\/uploads\/2017\/01\/Viano-36-primapaginareggio_opt.jpg 1024w, https:\/\/www.charminly.com\/wp-content\/uploads\/2017\/01\/Viano-36-primapaginareggio_opt-300x225.jpg 300w, https:\/\/www.charminly.com\/wp-content\/uploads\/2017\/01\/Viano-36-primapaginareggio_opt-768x576.jpg 768w\" sizes=\"auto, (max-width: 1024px) 100vw, 1024px\" \/><p id=\"caption-attachment-18254\" class=\"wp-caption-text\">Festa del Tartufo, Viano foto primapaginareggio<\/p><\/div>\n<h3><strong>FESTA DEL TARTUFO<\/strong><\/h3>\n<p>Nel mese di novembre, a <strong>Viano<\/strong>, si organizza la <strong>Festa del Tartufo<\/strong>. Questo alimento prelibato viene festeggiato da oltre venti edizioni, e ogni anno conquista sempre pi\u00f9 estimatori. Potrete assaggiare tanti piatti a base di tartufo, ammirare i bellissimi cani protagonisti della ricerca, passeggiare per gli stand di prodotti artigianali per trovare un regalo orginale. Inoltre ci saranno anche mostre e degustazioni dedicate ai prodotti alimentari di eccellenza prodotti in Emilia Romagna, come i funghi, i formaggi, e l\u2019aceto balsamico.<\/p>\n<hr \/>\n<div class=\"article_container\"><h2 class=\"shortcode_title\">Charming home nelle vicinanze<\/h2><div class=\"listinglink-wrapper\">\n                           <a href=\"https:\/\/www.charminly.com\/listings\/relais-country-houses-en\/\"> <span class=\"wpresidence_button\"> more listings <\/span><\/a>\n                       <\/div><\/div>\n","protected":false},"excerpt":{"rendered":"<p>CIOCCOLANDO Nel mese di febbraio, a Castellarano, non potete perdere Cioccolando, una manifestazione gastronomica dedicata al cioccolato. Il dolce pi\u00f9 amato da grandi e bambini \u00e8 ancora pi\u00f9 suggestivo per il giorno di San Valentino, con cioccolatini di ogni forma e mille varianti di gusto. I pi\u00f9 bravi cioccolatieri si esibiranno nelle loro ricette pi\u00f9 buone ma anche pi\u00f9 spettacolari nell\u2019aspetto, una meraviglia per &#8230;<\/p>\n","protected":false},"author":6,"featured_media":18253,"comment_status":"closed","ping_status":"closed","sticky":false,"template":"","format":"standard","meta":{"_acf_changed":false,"footnotes":""},"categories":[144],"tags":[613],"class_list":["post-18258","post","type-post","status-publish","format-standard","has-post-thumbnail","hentry","category-feste-tradizioni-arti-e-mestieri","tag-cosa-fare-in-emilia-romagna"],"acf":[],"yoast_head":"<!-- This site is optimized with the Yoast SEO plugin v23.9 - https:\/\/yoast.com\/wordpress\/plugins\/seo\/ -->\n<title>Tra fiere, cortei storici, cioccolato e tartufo, le feste dell\u2019Emilia Romagna<\/title>\n<meta name=\"description\" content=\"Tra fiere, cortei storici, cioccolato e tartufo, le feste dell\u2019Emilia Romagna\" \/>\n<meta name=\"robots\" content=\"index, follow, max-snippet:-1, max-image-preview:large, max-video-preview:-1\" \/>\n<link rel=\"canonical\" href=\"https:\/\/www.charminly.com\/it\/tra-fiere-cortei-storici-cioccolato-e-tartufo-le-feste-dellemilia-romagna\/\" \/>\n<meta property=\"og:locale\" content=\"it_IT\" \/>\n<meta property=\"og:type\" content=\"article\" \/>\n<meta property=\"og:title\" content=\"Tra fiere, cortei storici, cioccolato e tartufo, le feste dell\u2019Emilia Romagna\" \/>\n<meta property=\"og:description\" content=\"Tra fiere, cortei storici, cioccolato e tartufo, le feste dell\u2019Emilia Romagna\" \/>\n<meta property=\"og:url\" content=\"https:\/\/www.charminly.com\/it\/tra-fiere-cortei-storici-cioccolato-e-tartufo-le-feste-dellemilia-romagna\/\" \/>\n<meta property=\"article:publisher\" content=\"https:\/\/www.facebook.com\/charminlyitalia\/\" \/>\n<meta property=\"article:published_time\" content=\"2017-02-06T15:09:01+00:00\" \/>\n<meta property=\"article:modified_time\" content=\"2020-01-15T14:57:17+00:00\" \/>\n<meta property=\"og:image\" content=\"https:\/\/www.charminly.com\/wp-content\/uploads\/2017\/01\/rievocazione-storica-matildica-maest\u00e0-della-battaglia_opt.jpg\" \/>\n\t<meta property=\"og:image:width\" content=\"1024\" \/>\n\t<meta property=\"og:image:height\" content=\"579\" \/>\n\t<meta property=\"og:image:type\" content=\"image\/jpeg\" \/>\n<meta name=\"author\" content=\"Ivan Lopez\" \/>\n<meta name=\"twitter:card\" content=\"summary_large_image\" \/>\n<meta name=\"twitter:creator\" content=\"@charminly_com\" \/>\n<meta name=\"twitter:site\" content=\"@charminly_com\" \/>\n<meta name=\"twitter:label1\" content=\"Scritto da\" \/>\n\t<meta name=\"twitter:data1\" content=\"Ivan Lopez\" \/>\n\t<meta name=\"twitter:label2\" content=\"Tempo di lettura stimato\" \/>\n\t<meta name=\"twitter:data2\" content=\"3 minuti\" \/>\n<script type=\"application\/ld+json\" class=\"yoast-schema-graph\">{\"@context\":\"https:\/\/schema.org\",\"@graph\":[{\"@type\":\"Article\",\"@id\":\"https:\/\/www.charminly.com\/it\/tra-fiere-cortei-storici-cioccolato-e-tartufo-le-feste-dellemilia-romagna\/#article\",\"isPartOf\":{\"@id\":\"https:\/\/www.charminly.com\/it\/tra-fiere-cortei-storici-cioccolato-e-tartufo-le-feste-dellemilia-romagna\/\"},\"author\":{\"name\":\"Ivan Lopez\",\"@id\":\"https:\/\/www.charminly.com\/it\/#\/schema\/person\/52806bb74f5c81bbf5f0989dd952c7ea\"},\"headline\":\"Tra fiere, cortei storici, cioccolato e tartufo, le feste dell\u2019Emilia Romagna\",\"datePublished\":\"2017-02-06T15:09:01+00:00\",\"dateModified\":\"2020-01-15T14:57:17+00:00\",\"mainEntityOfPage\":{\"@id\":\"https:\/\/www.charminly.com\/it\/tra-fiere-cortei-storici-cioccolato-e-tartufo-le-feste-dellemilia-romagna\/\"},\"wordCount\":542,\"publisher\":{\"@id\":\"https:\/\/www.charminly.com\/it\/#organization\"},\"image\":{\"@id\":\"https:\/\/www.charminly.com\/it\/tra-fiere-cortei-storici-cioccolato-e-tartufo-le-feste-dellemilia-romagna\/#primaryimage\"},\"thumbnailUrl\":\"https:\/\/www.charminly.com\/wp-content\/uploads\/2017\/01\/rievocazione-storica-matildica-maest\u00e0-della-battaglia_opt.jpg\",\"keywords\":[\"Cosa fare in Emilia Romagna\"],\"articleSection\":[\"Feste, tradizioni, arti e mestieri\"],\"inLanguage\":\"it-IT\"},{\"@type\":\"WebPage\",\"@id\":\"https:\/\/www.charminly.com\/it\/tra-fiere-cortei-storici-cioccolato-e-tartufo-le-feste-dellemilia-romagna\/\",\"url\":\"https:\/\/www.charminly.com\/it\/tra-fiere-cortei-storici-cioccolato-e-tartufo-le-feste-dellemilia-romagna\/\",\"name\":\"Tra fiere, cortei storici, cioccolato e tartufo, le feste dell\u2019Emilia Romagna\",\"isPartOf\":{\"@id\":\"https:\/\/www.charminly.com\/it\/#website\"},\"primaryImageOfPage\":{\"@id\":\"https:\/\/www.charminly.com\/it\/tra-fiere-cortei-storici-cioccolato-e-tartufo-le-feste-dellemilia-romagna\/#primaryimage\"},\"image\":{\"@id\":\"https:\/\/www.charminly.com\/it\/tra-fiere-cortei-storici-cioccolato-e-tartufo-le-feste-dellemilia-romagna\/#primaryimage\"},\"thumbnailUrl\":\"https:\/\/www.charminly.com\/wp-content\/uploads\/2017\/01\/rievocazione-storica-matildica-maest\u00e0-della-battaglia_opt.jpg\",\"datePublished\":\"2017-02-06T15:09:01+00:00\",\"dateModified\":\"2020-01-15T14:57:17+00:00\",\"description\":\"Tra fiere, cortei storici, cioccolato e tartufo, le feste dell\u2019Emilia Romagna\",\"breadcrumb\":{\"@id\":\"https:\/\/www.charminly.com\/it\/tra-fiere-cortei-storici-cioccolato-e-tartufo-le-feste-dellemilia-romagna\/#breadcrumb\"},\"inLanguage\":\"it-IT\",\"potentialAction\":[{\"@type\":\"ReadAction\",\"target\":[\"https:\/\/www.charminly.com\/it\/tra-fiere-cortei-storici-cioccolato-e-tartufo-le-feste-dellemilia-romagna\/\"]}]},{\"@type\":\"ImageObject\",\"inLanguage\":\"it-IT\",\"@id\":\"https:\/\/www.charminly.com\/it\/tra-fiere-cortei-storici-cioccolato-e-tartufo-le-feste-dellemilia-romagna\/#primaryimage\",\"url\":\"https:\/\/www.charminly.com\/wp-content\/uploads\/2017\/01\/rievocazione-storica-matildica-maest\u00e0-della-battaglia_opt.jpg\",\"contentUrl\":\"https:\/\/www.charminly.com\/wp-content\/uploads\/2017\/01\/rievocazione-storica-matildica-maest\u00e0-della-battaglia_opt.jpg\",\"width\":1024,\"height\":579},{\"@type\":\"BreadcrumbList\",\"@id\":\"https:\/\/www.charminly.com\/it\/tra-fiere-cortei-storici-cioccolato-e-tartufo-le-feste-dellemilia-romagna\/#breadcrumb\",\"itemListElement\":[{\"@type\":\"ListItem\",\"position\":1,\"name\":\"Home\",\"item\":\"https:\/\/www.charminly.com\/it\/\"},{\"@type\":\"ListItem\",\"position\":2,\"name\":\"Cosa fare in Emilia Romagna\",\"item\":\"https:\/\/www.charminly.com\/it\/tag\/cosa-fare-in-emilia-romagna\/\"},{\"@type\":\"ListItem\",\"position\":3,\"name\":\"Tra fiere, cortei storici, cioccolato e tartufo, le feste dell\u2019Emilia Romagna\"}]},{\"@type\":\"WebSite\",\"@id\":\"https:\/\/www.charminly.com\/it\/#website\",\"url\":\"https:\/\/www.charminly.com\/it\/\",\"name\":\"\",\"description\":\"\",\"publisher\":{\"@id\":\"https:\/\/www.charminly.com\/it\/#organization\"},\"potentialAction\":[{\"@type\":\"SearchAction\",\"target\":{\"@type\":\"EntryPoint\",\"urlTemplate\":\"https:\/\/www.charminly.com\/it\/?s={search_term_string}\"},\"query-input\":{\"@type\":\"PropertyValueSpecification\",\"valueRequired\":true,\"valueName\":\"search_term_string\"}}],\"inLanguage\":\"it-IT\"},{\"@type\":\"Organization\",\"@id\":\"https:\/\/www.charminly.com\/it\/#organization\",\"name\":\"Charminly.com\",\"url\":\"https:\/\/www.charminly.com\/it\/\",\"logo\":{\"@type\":\"ImageObject\",\"inLanguage\":\"it-IT\",\"@id\":\"https:\/\/www.charminly.com\/it\/#\/schema\/logo\/image\/\",\"url\":\"https:\/\/www.charminly.com\/wp-content\/uploads\/2014\/10\/logo.png\",\"contentUrl\":\"https:\/\/www.charminly.com\/wp-content\/uploads\/2014\/10\/logo.png\",\"width\":264,\"height\":115,\"caption\":\"Charminly.com\"},\"image\":{\"@id\":\"https:\/\/www.charminly.com\/it\/#\/schema\/logo\/image\/\"},\"sameAs\":[\"https:\/\/www.facebook.com\/charminlyitalia\/\",\"https:\/\/x.com\/charminly_com\"]},{\"@type\":\"Person\",\"@id\":\"https:\/\/www.charminly.com\/it\/#\/schema\/person\/52806bb74f5c81bbf5f0989dd952c7ea\",\"name\":\"Ivan Lopez\",\"image\":{\"@type\":\"ImageObject\",\"inLanguage\":\"it-IT\",\"@id\":\"https:\/\/www.charminly.com\/it\/#\/schema\/person\/image\/\",\"url\":\"https:\/\/secure.gravatar.com\/avatar\/e8aef7257c7a278cfcb908e241d9761c?s=96&d=mm&r=g\",\"contentUrl\":\"https:\/\/secure.gravatar.com\/avatar\/e8aef7257c7a278cfcb908e241d9761c?s=96&d=mm&r=g\",\"caption\":\"Ivan Lopez\"},\"url\":\"https:\/\/www.charminly.com\/it\/author\/ivan\/\"}]}<\/script>\n<!-- \/ Yoast SEO plugin. -->","yoast_head_json":{"title":"Tra fiere, cortei storici, cioccolato e tartufo, le feste dell\u2019Emilia Romagna","description":"Tra fiere, cortei storici, cioccolato e tartufo, le feste dell\u2019Emilia Romagna","robots":{"index":"index","follow":"follow","max-snippet":"max-snippet:-1","max-image-preview":"max-image-preview:large","max-video-preview":"max-video-preview:-1"},"canonical":"https:\/\/www.charminly.com\/it\/tra-fiere-cortei-storici-cioccolato-e-tartufo-le-feste-dellemilia-romagna\/","og_locale":"it_IT","og_type":"article","og_title":"Tra fiere, cortei storici, cioccolato e tartufo, le feste dell\u2019Emilia Romagna","og_description":"Tra fiere, cortei storici, cioccolato e tartufo, le feste dell\u2019Emilia Romagna","og_url":"https:\/\/www.charminly.com\/it\/tra-fiere-cortei-storici-cioccolato-e-tartufo-le-feste-dellemilia-romagna\/","article_publisher":"https:\/\/www.facebook.com\/charminlyitalia\/","article_published_time":"2017-02-06T15:09:01+00:00","article_modified_time":"2020-01-15T14:57:17+00:00","og_image":[{"width":1024,"height":579,"url":"https:\/\/www.charminly.com\/wp-content\/uploads\/2017\/01\/rievocazione-storica-matildica-maest\u00e0-della-battaglia_opt.jpg","type":"image\/jpeg"}],"author":"Ivan Lopez","twitter_card":"summary_large_image","twitter_creator":"@charminly_com","twitter_site":"@charminly_com","twitter_misc":{"Scritto da":"Ivan Lopez","Tempo di lettura stimato":"3 minuti"},"schema":{"@context":"https:\/\/schema.org","@graph":[{"@type":"Article","@id":"https:\/\/www.charminly.com\/it\/tra-fiere-cortei-storici-cioccolato-e-tartufo-le-feste-dellemilia-romagna\/#article","isPartOf":{"@id":"https:\/\/www.charminly.com\/it\/tra-fiere-cortei-storici-cioccolato-e-tartufo-le-feste-dellemilia-romagna\/"},"author":{"name":"Ivan Lopez","@id":"https:\/\/www.charminly.com\/it\/#\/schema\/person\/52806bb74f5c81bbf5f0989dd952c7ea"},"headline":"Tra fiere, cortei storici, cioccolato e tartufo, le feste dell\u2019Emilia Romagna","datePublished":"2017-02-06T15:09:01+00:00","dateModified":"2020-01-15T14:57:17+00:00","mainEntityOfPage":{"@id":"https:\/\/www.charminly.com\/it\/tra-fiere-cortei-storici-cioccolato-e-tartufo-le-feste-dellemilia-romagna\/"},"wordCount":542,"publisher":{"@id":"https:\/\/www.charminly.com\/it\/#organization"},"image":{"@id":"https:\/\/www.charminly.com\/it\/tra-fiere-cortei-storici-cioccolato-e-tartufo-le-feste-dellemilia-romagna\/#primaryimage"},"thumbnailUrl":"https:\/\/www.charminly.com\/wp-content\/uploads\/2017\/01\/rievocazione-storica-matildica-maest\u00e0-della-battaglia_opt.jpg","keywords":["Cosa fare in Emilia Romagna"],"articleSection":["Feste, tradizioni, arti e mestieri"],"inLanguage":"it-IT"},{"@type":"WebPage","@id":"https:\/\/www.charminly.com\/it\/tra-fiere-cortei-storici-cioccolato-e-tartufo-le-feste-dellemilia-romagna\/","url":"https:\/\/www.charminly.com\/it\/tra-fiere-cortei-storici-cioccolato-e-tartufo-le-feste-dellemilia-romagna\/","name":"Tra fiere, cortei storici, cioccolato e tartufo, le feste dell\u2019Emilia Romagna","isPartOf":{"@id":"https:\/\/www.charminly.com\/it\/#website"},"primaryImageOfPage":{"@id":"https:\/\/www.charminly.com\/it\/tra-fiere-cortei-storici-cioccolato-e-tartufo-le-feste-dellemilia-romagna\/#primaryimage"},"image":{"@id":"https:\/\/www.charminly.com\/it\/tra-fiere-cortei-storici-cioccolato-e-tartufo-le-feste-dellemilia-romagna\/#primaryimage"},"thumbnailUrl":"https:\/\/www.charminly.com\/wp-content\/uploads\/2017\/01\/rievocazione-storica-matildica-maest\u00e0-della-battaglia_opt.jpg","datePublished":"2017-02-06T15:09:01+00:00","dateModified":"2020-01-15T14:57:17+00:00","description":"Tra fiere, cortei storici, cioccolato e tartufo, le feste dell\u2019Emilia Romagna","breadcrumb":{"@id":"https:\/\/www.charminly.com\/it\/tra-fiere-cortei-storici-cioccolato-e-tartufo-le-feste-dellemilia-romagna\/#breadcrumb"},"inLanguage":"it-IT","potentialAction":[{"@type":"ReadAction","target":["https:\/\/www.charminly.com\/it\/tra-fiere-cortei-storici-cioccolato-e-tartufo-le-feste-dellemilia-romagna\/"]}]},{"@type":"ImageObject","inLanguage":"it-IT","@id":"https:\/\/www.charminly.com\/it\/tra-fiere-cortei-storici-cioccolato-e-tartufo-le-feste-dellemilia-romagna\/#primaryimage","url":"https:\/\/www.charminly.com\/wp-content\/uploads\/2017\/01\/rievocazione-storica-matildica-maest\u00e0-della-battaglia_opt.jpg","contentUrl":"https:\/\/www.charminly.com\/wp-content\/uploads\/2017\/01\/rievocazione-storica-matildica-maest\u00e0-della-battaglia_opt.jpg","width":1024,"height":579},{"@type":"BreadcrumbList","@id":"https:\/\/www.charminly.com\/it\/tra-fiere-cortei-storici-cioccolato-e-tartufo-le-feste-dellemilia-romagna\/#breadcrumb","itemListElement":[{"@type":"ListItem","position":1,"name":"Home","item":"https:\/\/www.charminly.com\/it\/"},{"@type":"ListItem","position":2,"name":"Cosa fare in Emilia Romagna","item":"https:\/\/www.charminly.com\/it\/tag\/cosa-fare-in-emilia-romagna\/"},{"@type":"ListItem","position":3,"name":"Tra fiere, cortei storici, cioccolato e tartufo, le feste dell\u2019Emilia Romagna"}]},{"@type":"WebSite","@id":"https:\/\/www.charminly.com\/it\/#website","url":"https:\/\/www.charminly.com\/it\/","name":"","description":"","publisher":{"@id":"https:\/\/www.charminly.com\/it\/#organization"},"potentialAction":[{"@type":"SearchAction","target":{"@type":"EntryPoint","urlTemplate":"https:\/\/www.charminly.com\/it\/?s={search_term_string}"},"query-input":{"@type":"PropertyValueSpecification","valueRequired":true,"valueName":"search_term_string"}}],"inLanguage":"it-IT"},{"@type":"Organization","@id":"https:\/\/www.charminly.com\/it\/#organization","name":"Charminly.com","url":"https:\/\/www.charminly.com\/it\/","logo":{"@type":"ImageObject","inLanguage":"it-IT","@id":"https:\/\/www.charminly.com\/it\/#\/schema\/logo\/image\/","url":"https:\/\/www.charminly.com\/wp-content\/uploads\/2014\/10\/logo.png","contentUrl":"https:\/\/www.charminly.com\/wp-content\/uploads\/2014\/10\/logo.png","width":264,"height":115,"caption":"Charminly.com"},"image":{"@id":"https:\/\/www.charminly.com\/it\/#\/schema\/logo\/image\/"},"sameAs":["https:\/\/www.facebook.com\/charminlyitalia\/","https:\/\/x.com\/charminly_com"]},{"@type":"Person","@id":"https:\/\/www.charminly.com\/it\/#\/schema\/person\/52806bb74f5c81bbf5f0989dd952c7ea","name":"Ivan Lopez","image":{"@type":"ImageObject","inLanguage":"it-IT","@id":"https:\/\/www.charminly.com\/it\/#\/schema\/person\/image\/","url":"https:\/\/secure.gravatar.com\/avatar\/e8aef7257c7a278cfcb908e241d9761c?s=96&d=mm&r=g","contentUrl":"https:\/\/secure.gravatar.com\/avatar\/e8aef7257c7a278cfcb908e241d9761c?s=96&d=mm&r=g","caption":"Ivan Lopez"},"url":"https:\/\/www.charminly.com\/it\/author\/ivan\/"}]}},"_links":{"self":[{"href":"https:\/\/www.charminly.com\/it\/wp-json\/wp\/v2\/posts\/18258","targetHints":{"allow":["GET"]}}],"collection":[{"href":"https:\/\/www.charminly.com\/it\/wp-json\/wp\/v2\/posts"}],"about":[{"href":"https:\/\/www.charminly.com\/it\/wp-json\/wp\/v2\/types\/post"}],"author":[{"embeddable":true,"href":"https:\/\/www.charminly.com\/it\/wp-json\/wp\/v2\/users\/6"}],"replies":[{"embeddable":true,"href":"https:\/\/www.charminly.com\/it\/wp-json\/wp\/v2\/comments?post=18258"}],"version-history":[{"count":0,"href":"https:\/\/www.charminly.com\/it\/wp-json\/wp\/v2\/posts\/18258\/revisions"}],"wp:featuredmedia":[{"embeddable":true,"href":"https:\/\/www.charminly.com\/it\/wp-json\/wp\/v2\/media\/18253"}],"wp:attachment":[{"href":"https:\/\/www.charminly.com\/it\/wp-json\/wp\/v2\/media?parent=18258"}],"wp:term":[{"taxonomy":"category","embeddable":true,"href":"https:\/\/www.charminly.com\/it\/wp-json\/wp\/v2\/categories?post=18258"},{"taxonomy":"post_tag","embeddable":true,"href":"https:\/\/www.charminly.com\/it\/wp-json\/wp\/v2\/tags?post=18258"}],"curies":[{"name":"wp","href":"https:\/\/api.w.org\/{rel}","templated":true}]}}