{"id":16503,"date":"2016-09-26T21:04:22","date_gmt":"2016-09-26T19:04:22","guid":{"rendered":"https:\/\/www.charminly.com\/it\/?p=16503"},"modified":"2020-01-15T12:21:17","modified_gmt":"2020-01-15T11:21:17","slug":"manifestazioni-medievali-e-sportive-a-san-severo-e-dintorni-in-puglia","status":"publish","type":"post","link":"https:\/\/www.charminly.com\/it\/manifestazioni-medievali-e-sportive-a-san-severo-e-dintorni-in-puglia\/","title":{"rendered":"Manifestazioni medievali e sportive a San Severo e dintorni"},"content":{"rendered":"<p>Durante la vostra vacanza a&nbsp; <strong>San Severo<\/strong>, in provincia di <a href=\"https:\/\/www.charminly.com\/it\/area\/foggia-it\/\"><strong>Foggia<\/strong><\/a>, in <strong>Puglia<\/strong>, potrete partecipare a manifestazioni medievali e sportive a San Severo e dintorni.<\/p>\n<h3><strong>CORSA DEI BUOI<\/strong><\/h3>\n<p>A <strong>Chieuti <\/strong>il 25 aprile si svolge la <strong>CORSA DEI BUOI<\/strong>. Questa manifestazione storica, chiamata anche Palio di San Giorgio,&nbsp; \u00e8 legata ai festeggiamenti per <strong>&nbsp;<\/strong>il patrono della citt\u00e0.&nbsp; I buoi vengono preparati per la corsa, bardati a festa e benedetti, si legano quattro coppie di buoi per ogni carro e si inizia la corsa per 4,5 km. Ogni carro partecipa in rappresentanza di una contrada della citt\u00e0 ed \u00e8 composto da due carrieri e otto cavalieri. Il vincitore avr\u00e0 gli onori nella giornata successiva durante la processione di San Giorgio tra l&#8217;ammirazione della folla che partecipa con intensit\u00e0 a tutta la gara e ai riti organizzati per il patrono.<\/p>\n<h3><strong>FESTA DEL SOCCORSO<\/strong><\/h3>\n<p>La terza domenica di&nbsp; maggio <strong>San Severo <\/strong>festeggia la santa patrona, la Madonna del Soccorso, insieme a San Severo e San Severino abate. Oltre alle celebrazioni liturgiche, la <strong>FESTA DEL SOCCORSO <\/strong>prevede due grandi processioni&nbsp; con centinaia di partecipanti, statue e simulacri dei santi, portati a spalla dai fedeli. La partecipazione del paese \u00e8 intensa e al passare delle processioni ogni rione sottolinea l&#8217;evento con spettacolari fuochi d&#8217;artificio.&nbsp; Migliaia di fedeli e di turisti visitano ogni anno San Severo proprio per partecipare a queste suggestive processioni.<\/p>\n<div id=\"attachment_16495\" style=\"width: 1034px\" class=\"wp-caption alignnone\"><img loading=\"lazy\" decoding=\"async\" aria-describedby=\"caption-attachment-16495\" class=\"wp-image-16495 size-large\" src=\"https:\/\/www.charminly.com\/wp-content\/uploads\/2016\/09\/corsa-buoi-notize.comuni-italiani_opt-1024x680.jpg\" alt=\"corsa-buoi-notize-comuni-italiani_opt\" width=\"1024\" height=\"680\" srcset=\"https:\/\/www.charminly.com\/wp-content\/uploads\/2016\/09\/corsa-buoi-notize.comuni-italiani_opt.jpg 1024w, https:\/\/www.charminly.com\/wp-content\/uploads\/2016\/09\/corsa-buoi-notize.comuni-italiani_opt-300x199.jpg 300w, https:\/\/www.charminly.com\/wp-content\/uploads\/2016\/09\/corsa-buoi-notize.comuni-italiani_opt-768x510.jpg 768w, https:\/\/www.charminly.com\/wp-content\/uploads\/2016\/09\/corsa-buoi-notize.comuni-italiani_opt-105x70.jpg 105w\" sizes=\"auto, (max-width: 1024px) 100vw, 1024px\" \/><p id=\"caption-attachment-16495\" class=\"wp-caption-text\">Corsa dei Buoi foto notizie.comuni-italiani<\/p><\/div>\n<h3><strong>CORTEO STORICO DI FEDERICO II e FIORENTINO<\/strong><\/h3>\n<p>Nel mese di giugno,&nbsp; a&nbsp; Torremaggiore, si svolge il <strong>CORTEO STORICO DI FEDERICO II e FIORENTINO. <\/strong>Questa manifestazione \u00e8 stata ideata nel 1985 per rievocare la fondazione della citt\u00e0 risalente al XIII Secolo. Il corteo ripropone i costumi d&#8217;epoca del tempo, quando Torremaggiore fu fondata dai profughi della citt\u00e0 di Fiorentino, distrutta nel 1255. La citt\u00e0 ospitava&nbsp; Federico II di Svevia morente e quando il figlio Manfredi inizi\u00f2 una lotta col papa Alessandro IV, questi attacc\u00f2 e distrusse la citt\u00e0. Fu cos\u00ec che i superstiti trovarono rifugio nell&#8217;Abbazia benedettina di Torremaggiore e ricostruirono in questo luogo la loro nuova casa.<\/p>\n<h3><strong>CORSA DEI COLORI<\/strong><\/h3>\n<p>In luglio a <strong>Marina di Lesina <\/strong>potrete ammirare o meglio partecipare alla <strong>CORSA DEI COLORI<\/strong>. Questa manifestazione \u00e8 giovanissima, giunta alla seconda edizione, e ha gi\u00e0 molti appassionati e ammiratori. Tutto il percorso sar\u00e0 addobbato e colorato per l&#8217;occasione, e i partecipanti saranno accolti dalla &#8220;festa di arrivo&#8221;. Non ci sono categorie, non ci sono vincitori n\u00e9 vinti. Il motto &#8220;l&#8217;importante \u00e8 partecipare&#8221; \u00e8 ben rappresentato in questa corsa, ideata solo per amore dello sport!<\/p>\n<div id=\"attachment_16498\" style=\"width: 1034px\" class=\"wp-caption alignnone\"><img loading=\"lazy\" decoding=\"async\" aria-describedby=\"caption-attachment-16498\" class=\"wp-image-16498 size-large\" src=\"https:\/\/www.charminly.com\/wp-content\/uploads\/2016\/09\/festa-del-soccorso-notizie.comuni-italiani_opt-1024x731.jpg\" alt=\"festa-del-soccorso-notizie-comuni-italiani_opt\" width=\"1024\" height=\"731\" srcset=\"https:\/\/www.charminly.com\/wp-content\/uploads\/2016\/09\/festa-del-soccorso-notizie.comuni-italiani_opt.jpg 1024w, https:\/\/www.charminly.com\/wp-content\/uploads\/2016\/09\/festa-del-soccorso-notizie.comuni-italiani_opt-300x214.jpg 300w, https:\/\/www.charminly.com\/wp-content\/uploads\/2016\/09\/festa-del-soccorso-notizie.comuni-italiani_opt-768x548.jpg 768w\" sizes=\"auto, (max-width: 1024px) 100vw, 1024px\" \/><p id=\"caption-attachment-16498\" class=\"wp-caption-text\">Festa del Soccorso foto notizie.comuni-italiani<\/p><\/div>\n<h3><strong>TORNEO DELLE CHIAVI<\/strong><\/h3>\n<p>A <strong>Lucera<\/strong>, il 14-15-16 agosto&nbsp; si festeggia Santa Maria, patrona di Lucera. La celebrazione \u00e8 antichissima ma il corteo storico fu ideato nel 1983 e rievoca la consegna delle chiavi della citt\u00e0 da parte di Carlo II d&#8217;Angi\u00f2. In memoria di questo gesto il vescovo della citt\u00e0 dona le chiavi alla Santa per dare inizio alla processione. Il TORNEO DELLE CHIAVI viene rappresentato da un prestigioso torneo di calcetto molto seguito dalla popolazione.<\/p>\n<h3><strong>SUONI SAPORI E COLORI DI TERRAVECCHIA<\/strong><\/h3>\n<p>L&#8217;ultimo fine settimana di settembre, a Pietramontecorvino, si rievoca il periodo medievale con <strong>SUONI SAPORI E COLORI DI TERRAVECCHIA. <\/strong>Il corteo storico prevede centinaia di figuranti in abiti d&#8217;epoca per impersonare dame, cavalieri, giocolieri, sbandieratori e musici che rallegrano le vie della citt\u00e0. Inoltre espositori di prodotti enogastronomici presenteranno i loro prodotti ad abitanti e turisti con degustazioni e percorsi a tema.<\/p>\n<hr>\n<div class=\"article_container\"><h2 class=\"shortcode_title\">Charming home nelle vicinanze<\/h2><div class=\"listinglink-wrapper\">\n                           <a href=\"https:\/\/www.charminly.com\/listings\/relais-country-houses-en\/\"> <span class=\"wpresidence_button\"> more listings <\/span><\/a>\n                       <\/div><\/div>\n","protected":false},"excerpt":{"rendered":"<p>Durante la vostra vacanza a&nbsp; San Severo, in provincia di Foggia, in Puglia, potrete partecipare a manifestazioni medievali e sportive a San Severo e dintorni. CORSA DEI BUOI A Chieuti il 25 aprile si svolge la CORSA DEI BUOI. Questa manifestazione storica, chiamata anche Palio di San Giorgio,&nbsp; \u00e8 legata ai festeggiamenti per &nbsp;il patrono della citt\u00e0.&nbsp; I buoi vengono preparati per la corsa, &#8230;<\/p>\n","protected":false},"author":6,"featured_media":16500,"comment_status":"closed","ping_status":"closed","sticky":false,"template":"","format":"standard","meta":{"_acf_changed":false,"footnotes":""},"categories":[144],"tags":[608],"class_list":["post-16503","post","type-post","status-publish","format-standard","has-post-thumbnail","hentry","category-feste-tradizioni-arti-e-mestieri","tag-cosa-fare-in-puglia"],"acf":[],"yoast_head":"<!-- This site is optimized with the Yoast SEO plugin v23.9 - https:\/\/yoast.com\/wordpress\/plugins\/seo\/ -->\n<title>Manifestazioni medievali e sportive a San Severo e dintorni<\/title>\n<meta name=\"description\" content=\"Manifestazioni medievali e sportive a San Severo e dintorni\" \/>\n<meta name=\"robots\" content=\"index, follow, max-snippet:-1, max-image-preview:large, max-video-preview:-1\" \/>\n<link rel=\"canonical\" href=\"https:\/\/www.charminly.com\/it\/manifestazioni-medievali-e-sportive-a-san-severo-e-dintorni-in-puglia\/\" \/>\n<meta property=\"og:locale\" content=\"it_IT\" \/>\n<meta property=\"og:type\" content=\"article\" \/>\n<meta property=\"og:title\" content=\"Manifestazioni medievali e sportive a San Severo e dintorni\" \/>\n<meta property=\"og:description\" content=\"Manifestazioni medievali e sportive a San Severo e dintorni\" \/>\n<meta property=\"og:url\" content=\"https:\/\/www.charminly.com\/it\/manifestazioni-medievali-e-sportive-a-san-severo-e-dintorni-in-puglia\/\" \/>\n<meta property=\"article:publisher\" content=\"https:\/\/www.facebook.com\/charminlyitalia\/\" \/>\n<meta property=\"article:published_time\" content=\"2016-09-26T19:04:22+00:00\" \/>\n<meta property=\"article:modified_time\" content=\"2020-01-15T11:21:17+00:00\" \/>\n<meta property=\"og:image\" content=\"https:\/\/www.charminly.com\/wp-content\/uploads\/2016\/09\/festa-del-soccorso-notizie.comuni-italiani_opt.jpg\" \/>\n\t<meta property=\"og:image:width\" content=\"1024\" \/>\n\t<meta property=\"og:image:height\" content=\"731\" \/>\n\t<meta property=\"og:image:type\" content=\"image\/jpeg\" \/>\n<meta name=\"author\" content=\"Ivan Lopez\" \/>\n<meta name=\"twitter:card\" content=\"summary_large_image\" \/>\n<meta name=\"twitter:creator\" content=\"@charminly_com\" \/>\n<meta name=\"twitter:site\" content=\"@charminly_com\" \/>\n<meta name=\"twitter:label1\" content=\"Scritto da\" \/>\n\t<meta name=\"twitter:data1\" content=\"Ivan Lopez\" \/>\n\t<meta name=\"twitter:label2\" content=\"Tempo di lettura stimato\" \/>\n\t<meta name=\"twitter:data2\" content=\"3 minuti\" \/>\n<script type=\"application\/ld+json\" class=\"yoast-schema-graph\">{\"@context\":\"https:\/\/schema.org\",\"@graph\":[{\"@type\":\"Article\",\"@id\":\"https:\/\/www.charminly.com\/it\/manifestazioni-medievali-e-sportive-a-san-severo-e-dintorni-in-puglia\/#article\",\"isPartOf\":{\"@id\":\"https:\/\/www.charminly.com\/it\/manifestazioni-medievali-e-sportive-a-san-severo-e-dintorni-in-puglia\/\"},\"author\":{\"name\":\"Ivan Lopez\",\"@id\":\"https:\/\/www.charminly.com\/it\/#\/schema\/person\/52806bb74f5c81bbf5f0989dd952c7ea\"},\"headline\":\"Manifestazioni medievali e sportive a San Severo e dintorni\",\"datePublished\":\"2016-09-26T19:04:22+00:00\",\"dateModified\":\"2020-01-15T11:21:17+00:00\",\"mainEntityOfPage\":{\"@id\":\"https:\/\/www.charminly.com\/it\/manifestazioni-medievali-e-sportive-a-san-severo-e-dintorni-in-puglia\/\"},\"wordCount\":626,\"publisher\":{\"@id\":\"https:\/\/www.charminly.com\/it\/#organization\"},\"image\":{\"@id\":\"https:\/\/www.charminly.com\/it\/manifestazioni-medievali-e-sportive-a-san-severo-e-dintorni-in-puglia\/#primaryimage\"},\"thumbnailUrl\":\"https:\/\/www.charminly.com\/wp-content\/uploads\/2016\/09\/festa-del-soccorso-notizie.comuni-italiani_opt.jpg\",\"keywords\":[\"Cosa fare in Puglia\"],\"articleSection\":[\"Feste, tradizioni, arti e mestieri\"],\"inLanguage\":\"it-IT\"},{\"@type\":\"WebPage\",\"@id\":\"https:\/\/www.charminly.com\/it\/manifestazioni-medievali-e-sportive-a-san-severo-e-dintorni-in-puglia\/\",\"url\":\"https:\/\/www.charminly.com\/it\/manifestazioni-medievali-e-sportive-a-san-severo-e-dintorni-in-puglia\/\",\"name\":\"Manifestazioni medievali e sportive a San Severo e dintorni\",\"isPartOf\":{\"@id\":\"https:\/\/www.charminly.com\/it\/#website\"},\"primaryImageOfPage\":{\"@id\":\"https:\/\/www.charminly.com\/it\/manifestazioni-medievali-e-sportive-a-san-severo-e-dintorni-in-puglia\/#primaryimage\"},\"image\":{\"@id\":\"https:\/\/www.charminly.com\/it\/manifestazioni-medievali-e-sportive-a-san-severo-e-dintorni-in-puglia\/#primaryimage\"},\"thumbnailUrl\":\"https:\/\/www.charminly.com\/wp-content\/uploads\/2016\/09\/festa-del-soccorso-notizie.comuni-italiani_opt.jpg\",\"datePublished\":\"2016-09-26T19:04:22+00:00\",\"dateModified\":\"2020-01-15T11:21:17+00:00\",\"description\":\"Manifestazioni medievali e sportive a San Severo e dintorni\",\"breadcrumb\":{\"@id\":\"https:\/\/www.charminly.com\/it\/manifestazioni-medievali-e-sportive-a-san-severo-e-dintorni-in-puglia\/#breadcrumb\"},\"inLanguage\":\"it-IT\",\"potentialAction\":[{\"@type\":\"ReadAction\",\"target\":[\"https:\/\/www.charminly.com\/it\/manifestazioni-medievali-e-sportive-a-san-severo-e-dintorni-in-puglia\/\"]}]},{\"@type\":\"ImageObject\",\"inLanguage\":\"it-IT\",\"@id\":\"https:\/\/www.charminly.com\/it\/manifestazioni-medievali-e-sportive-a-san-severo-e-dintorni-in-puglia\/#primaryimage\",\"url\":\"https:\/\/www.charminly.com\/wp-content\/uploads\/2016\/09\/festa-del-soccorso-notizie.comuni-italiani_opt.jpg\",\"contentUrl\":\"https:\/\/www.charminly.com\/wp-content\/uploads\/2016\/09\/festa-del-soccorso-notizie.comuni-italiani_opt.jpg\",\"width\":1024,\"height\":731},{\"@type\":\"BreadcrumbList\",\"@id\":\"https:\/\/www.charminly.com\/it\/manifestazioni-medievali-e-sportive-a-san-severo-e-dintorni-in-puglia\/#breadcrumb\",\"itemListElement\":[{\"@type\":\"ListItem\",\"position\":1,\"name\":\"Home\",\"item\":\"https:\/\/www.charminly.com\/it\/\"},{\"@type\":\"ListItem\",\"position\":2,\"name\":\"Cosa fare in Puglia\",\"item\":\"https:\/\/www.charminly.com\/it\/tag\/cosa-fare-in-puglia\/\"},{\"@type\":\"ListItem\",\"position\":3,\"name\":\"Manifestazioni medievali e sportive a San Severo e dintorni\"}]},{\"@type\":\"WebSite\",\"@id\":\"https:\/\/www.charminly.com\/it\/#website\",\"url\":\"https:\/\/www.charminly.com\/it\/\",\"name\":\"\",\"description\":\"\",\"publisher\":{\"@id\":\"https:\/\/www.charminly.com\/it\/#organization\"},\"potentialAction\":[{\"@type\":\"SearchAction\",\"target\":{\"@type\":\"EntryPoint\",\"urlTemplate\":\"https:\/\/www.charminly.com\/it\/?s={search_term_string}\"},\"query-input\":{\"@type\":\"PropertyValueSpecification\",\"valueRequired\":true,\"valueName\":\"search_term_string\"}}],\"inLanguage\":\"it-IT\"},{\"@type\":\"Organization\",\"@id\":\"https:\/\/www.charminly.com\/it\/#organization\",\"name\":\"Charminly.com\",\"url\":\"https:\/\/www.charminly.com\/it\/\",\"logo\":{\"@type\":\"ImageObject\",\"inLanguage\":\"it-IT\",\"@id\":\"https:\/\/www.charminly.com\/it\/#\/schema\/logo\/image\/\",\"url\":\"https:\/\/www.charminly.com\/wp-content\/uploads\/2014\/10\/logo.png\",\"contentUrl\":\"https:\/\/www.charminly.com\/wp-content\/uploads\/2014\/10\/logo.png\",\"width\":264,\"height\":115,\"caption\":\"Charminly.com\"},\"image\":{\"@id\":\"https:\/\/www.charminly.com\/it\/#\/schema\/logo\/image\/\"},\"sameAs\":[\"https:\/\/www.facebook.com\/charminlyitalia\/\",\"https:\/\/x.com\/charminly_com\"]},{\"@type\":\"Person\",\"@id\":\"https:\/\/www.charminly.com\/it\/#\/schema\/person\/52806bb74f5c81bbf5f0989dd952c7ea\",\"name\":\"Ivan Lopez\",\"image\":{\"@type\":\"ImageObject\",\"inLanguage\":\"it-IT\",\"@id\":\"https:\/\/www.charminly.com\/it\/#\/schema\/person\/image\/\",\"url\":\"https:\/\/secure.gravatar.com\/avatar\/e8aef7257c7a278cfcb908e241d9761c?s=96&d=mm&r=g\",\"contentUrl\":\"https:\/\/secure.gravatar.com\/avatar\/e8aef7257c7a278cfcb908e241d9761c?s=96&d=mm&r=g\",\"caption\":\"Ivan Lopez\"},\"url\":\"https:\/\/www.charminly.com\/it\/author\/ivan\/\"}]}<\/script>\n<!-- \/ Yoast SEO plugin. -->","yoast_head_json":{"title":"Manifestazioni medievali e sportive a San Severo e dintorni","description":"Manifestazioni medievali e sportive a San Severo e dintorni","robots":{"index":"index","follow":"follow","max-snippet":"max-snippet:-1","max-image-preview":"max-image-preview:large","max-video-preview":"max-video-preview:-1"},"canonical":"https:\/\/www.charminly.com\/it\/manifestazioni-medievali-e-sportive-a-san-severo-e-dintorni-in-puglia\/","og_locale":"it_IT","og_type":"article","og_title":"Manifestazioni medievali e sportive a San Severo e dintorni","og_description":"Manifestazioni medievali e sportive a San Severo e dintorni","og_url":"https:\/\/www.charminly.com\/it\/manifestazioni-medievali-e-sportive-a-san-severo-e-dintorni-in-puglia\/","article_publisher":"https:\/\/www.facebook.com\/charminlyitalia\/","article_published_time":"2016-09-26T19:04:22+00:00","article_modified_time":"2020-01-15T11:21:17+00:00","og_image":[{"width":1024,"height":731,"url":"https:\/\/www.charminly.com\/wp-content\/uploads\/2016\/09\/festa-del-soccorso-notizie.comuni-italiani_opt.jpg","type":"image\/jpeg"}],"author":"Ivan Lopez","twitter_card":"summary_large_image","twitter_creator":"@charminly_com","twitter_site":"@charminly_com","twitter_misc":{"Scritto da":"Ivan Lopez","Tempo di lettura stimato":"3 minuti"},"schema":{"@context":"https:\/\/schema.org","@graph":[{"@type":"Article","@id":"https:\/\/www.charminly.com\/it\/manifestazioni-medievali-e-sportive-a-san-severo-e-dintorni-in-puglia\/#article","isPartOf":{"@id":"https:\/\/www.charminly.com\/it\/manifestazioni-medievali-e-sportive-a-san-severo-e-dintorni-in-puglia\/"},"author":{"name":"Ivan Lopez","@id":"https:\/\/www.charminly.com\/it\/#\/schema\/person\/52806bb74f5c81bbf5f0989dd952c7ea"},"headline":"Manifestazioni medievali e sportive a San Severo e dintorni","datePublished":"2016-09-26T19:04:22+00:00","dateModified":"2020-01-15T11:21:17+00:00","mainEntityOfPage":{"@id":"https:\/\/www.charminly.com\/it\/manifestazioni-medievali-e-sportive-a-san-severo-e-dintorni-in-puglia\/"},"wordCount":626,"publisher":{"@id":"https:\/\/www.charminly.com\/it\/#organization"},"image":{"@id":"https:\/\/www.charminly.com\/it\/manifestazioni-medievali-e-sportive-a-san-severo-e-dintorni-in-puglia\/#primaryimage"},"thumbnailUrl":"https:\/\/www.charminly.com\/wp-content\/uploads\/2016\/09\/festa-del-soccorso-notizie.comuni-italiani_opt.jpg","keywords":["Cosa fare in Puglia"],"articleSection":["Feste, tradizioni, arti e mestieri"],"inLanguage":"it-IT"},{"@type":"WebPage","@id":"https:\/\/www.charminly.com\/it\/manifestazioni-medievali-e-sportive-a-san-severo-e-dintorni-in-puglia\/","url":"https:\/\/www.charminly.com\/it\/manifestazioni-medievali-e-sportive-a-san-severo-e-dintorni-in-puglia\/","name":"Manifestazioni medievali e sportive a San Severo e dintorni","isPartOf":{"@id":"https:\/\/www.charminly.com\/it\/#website"},"primaryImageOfPage":{"@id":"https:\/\/www.charminly.com\/it\/manifestazioni-medievali-e-sportive-a-san-severo-e-dintorni-in-puglia\/#primaryimage"},"image":{"@id":"https:\/\/www.charminly.com\/it\/manifestazioni-medievali-e-sportive-a-san-severo-e-dintorni-in-puglia\/#primaryimage"},"thumbnailUrl":"https:\/\/www.charminly.com\/wp-content\/uploads\/2016\/09\/festa-del-soccorso-notizie.comuni-italiani_opt.jpg","datePublished":"2016-09-26T19:04:22+00:00","dateModified":"2020-01-15T11:21:17+00:00","description":"Manifestazioni medievali e sportive a San Severo e dintorni","breadcrumb":{"@id":"https:\/\/www.charminly.com\/it\/manifestazioni-medievali-e-sportive-a-san-severo-e-dintorni-in-puglia\/#breadcrumb"},"inLanguage":"it-IT","potentialAction":[{"@type":"ReadAction","target":["https:\/\/www.charminly.com\/it\/manifestazioni-medievali-e-sportive-a-san-severo-e-dintorni-in-puglia\/"]}]},{"@type":"ImageObject","inLanguage":"it-IT","@id":"https:\/\/www.charminly.com\/it\/manifestazioni-medievali-e-sportive-a-san-severo-e-dintorni-in-puglia\/#primaryimage","url":"https:\/\/www.charminly.com\/wp-content\/uploads\/2016\/09\/festa-del-soccorso-notizie.comuni-italiani_opt.jpg","contentUrl":"https:\/\/www.charminly.com\/wp-content\/uploads\/2016\/09\/festa-del-soccorso-notizie.comuni-italiani_opt.jpg","width":1024,"height":731},{"@type":"BreadcrumbList","@id":"https:\/\/www.charminly.com\/it\/manifestazioni-medievali-e-sportive-a-san-severo-e-dintorni-in-puglia\/#breadcrumb","itemListElement":[{"@type":"ListItem","position":1,"name":"Home","item":"https:\/\/www.charminly.com\/it\/"},{"@type":"ListItem","position":2,"name":"Cosa fare in Puglia","item":"https:\/\/www.charminly.com\/it\/tag\/cosa-fare-in-puglia\/"},{"@type":"ListItem","position":3,"name":"Manifestazioni medievali e sportive a San Severo e dintorni"}]},{"@type":"WebSite","@id":"https:\/\/www.charminly.com\/it\/#website","url":"https:\/\/www.charminly.com\/it\/","name":"","description":"","publisher":{"@id":"https:\/\/www.charminly.com\/it\/#organization"},"potentialAction":[{"@type":"SearchAction","target":{"@type":"EntryPoint","urlTemplate":"https:\/\/www.charminly.com\/it\/?s={search_term_string}"},"query-input":{"@type":"PropertyValueSpecification","valueRequired":true,"valueName":"search_term_string"}}],"inLanguage":"it-IT"},{"@type":"Organization","@id":"https:\/\/www.charminly.com\/it\/#organization","name":"Charminly.com","url":"https:\/\/www.charminly.com\/it\/","logo":{"@type":"ImageObject","inLanguage":"it-IT","@id":"https:\/\/www.charminly.com\/it\/#\/schema\/logo\/image\/","url":"https:\/\/www.charminly.com\/wp-content\/uploads\/2014\/10\/logo.png","contentUrl":"https:\/\/www.charminly.com\/wp-content\/uploads\/2014\/10\/logo.png","width":264,"height":115,"caption":"Charminly.com"},"image":{"@id":"https:\/\/www.charminly.com\/it\/#\/schema\/logo\/image\/"},"sameAs":["https:\/\/www.facebook.com\/charminlyitalia\/","https:\/\/x.com\/charminly_com"]},{"@type":"Person","@id":"https:\/\/www.charminly.com\/it\/#\/schema\/person\/52806bb74f5c81bbf5f0989dd952c7ea","name":"Ivan Lopez","image":{"@type":"ImageObject","inLanguage":"it-IT","@id":"https:\/\/www.charminly.com\/it\/#\/schema\/person\/image\/","url":"https:\/\/secure.gravatar.com\/avatar\/e8aef7257c7a278cfcb908e241d9761c?s=96&d=mm&r=g","contentUrl":"https:\/\/secure.gravatar.com\/avatar\/e8aef7257c7a278cfcb908e241d9761c?s=96&d=mm&r=g","caption":"Ivan Lopez"},"url":"https:\/\/www.charminly.com\/it\/author\/ivan\/"}]}},"_links":{"self":[{"href":"https:\/\/www.charminly.com\/it\/wp-json\/wp\/v2\/posts\/16503","targetHints":{"allow":["GET"]}}],"collection":[{"href":"https:\/\/www.charminly.com\/it\/wp-json\/wp\/v2\/posts"}],"about":[{"href":"https:\/\/www.charminly.com\/it\/wp-json\/wp\/v2\/types\/post"}],"author":[{"embeddable":true,"href":"https:\/\/www.charminly.com\/it\/wp-json\/wp\/v2\/users\/6"}],"replies":[{"embeddable":true,"href":"https:\/\/www.charminly.com\/it\/wp-json\/wp\/v2\/comments?post=16503"}],"version-history":[{"count":0,"href":"https:\/\/www.charminly.com\/it\/wp-json\/wp\/v2\/posts\/16503\/revisions"}],"wp:featuredmedia":[{"embeddable":true,"href":"https:\/\/www.charminly.com\/it\/wp-json\/wp\/v2\/media\/16500"}],"wp:attachment":[{"href":"https:\/\/www.charminly.com\/it\/wp-json\/wp\/v2\/media?parent=16503"}],"wp:term":[{"taxonomy":"category","embeddable":true,"href":"https:\/\/www.charminly.com\/it\/wp-json\/wp\/v2\/categories?post=16503"},{"taxonomy":"post_tag","embeddable":true,"href":"https:\/\/www.charminly.com\/it\/wp-json\/wp\/v2\/tags?post=16503"}],"curies":[{"name":"wp","href":"https:\/\/api.w.org\/{rel}","templated":true}]}}