{"id":15745,"date":"2016-08-17T19:55:22","date_gmt":"2016-08-17T17:55:22","guid":{"rendered":"https:\/\/www.charminly.com\/it\/?p=15745"},"modified":"2020-01-15T10:53:25","modified_gmt":"2020-01-15T09:53:25","slug":"dai-piatti-della-festa-alle-tradizioni-contadine-nella-provincia-di-arezzo","status":"publish","type":"post","link":"https:\/\/www.charminly.com\/it\/dai-piatti-della-festa-alle-tradizioni-contadine-nella-provincia-di-arezzo\/","title":{"rendered":"Dai piatti della festa alle tradizioni contadine nella provincia di Arezzo"},"content":{"rendered":"<p>Durante il vostro soggiorno ad <strong>Arezzo<\/strong> in <strong>Toscana<\/strong>, potrete gustare dai piatti della festa alle tradizioni contadine nella provincia di Arezzo.<\/p>\n<h3><strong>Tortelli del Casentino<\/strong><\/h3>\n<p>I <strong>tortelli del Casentino <\/strong>sono un primo piatto tipico toscano. Si tratta di tortelli realizzati con pasta all&#8217;uovo. Il ripieno \u00e8 una squisita crema preparata con patate bollite e schiacciate, aglio, pomodoro, pecorino e pepe. La tradizione richiede la patata di Cetica, un tipo di patata tipico della zona che si presenta con la buccia rossa e l&#8217;interno bianco, dal sapore delicato e presente in molte ricette di pasta dai tortelli agli <strong>gnocchi di ricotta del Casentino<\/strong>.\u00a0 Il condimento ideale per questi tortelli \u00e8 in bianco, con burro e salvia.<\/p>\n<div id=\"attachment_15738\" style=\"width: 1034px\" class=\"wp-caption alignnone\"><img loading=\"lazy\" decoding=\"async\" aria-describedby=\"caption-attachment-15738\" class=\"wp-image-15738 size-large\" src=\"https:\/\/www.charminly.com\/wp-content\/uploads\/2016\/07\/tortelli-ifood_opt-1024x576.jpg\" alt=\"tortelli (ifood)_opt\" width=\"1024\" height=\"576\" srcset=\"https:\/\/www.charminly.com\/wp-content\/uploads\/2016\/07\/tortelli-ifood_opt.jpg 1024w, https:\/\/www.charminly.com\/wp-content\/uploads\/2016\/07\/tortelli-ifood_opt-300x169.jpg 300w, https:\/\/www.charminly.com\/wp-content\/uploads\/2016\/07\/tortelli-ifood_opt-768x432.jpg 768w, https:\/\/www.charminly.com\/wp-content\/uploads\/2016\/07\/tortelli-ifood_opt-255x143.jpg 255w\" sizes=\"auto, (max-width: 1024px) 100vw, 1024px\" \/><p id=\"caption-attachment-15738\" class=\"wp-caption-text\">Tortelli del Casentino foto ifood<\/p><\/div>\n<h3><strong>Crostini neri<\/strong><\/h3>\n<p>I <strong>crostini neri<\/strong> sono un antipasto tradizionale di Arezzo. Si tratta di crostini con una salsa scura ottenuta da fegatini di pollo.\u00a0 Si tritano i fegatini e si cucinano con olio, sale e pepe, vin santo. Si ottiene cos\u00ec una salsa squisita dal sapore caratteristico con la quale guarnire i crostini di pane abbrustolito.<\/p>\n<h3><strong>Maccheroni al sugo d\u2019ocio<\/strong><\/h3>\n<p>I <strong>maccheroni al sugo d&#8217;ocio <\/strong>sono un primo piatto di pasta tradizionalmente dedicato ai giorni di festa e alle celebrazioni.\u00a0 In particolare questa pasta veniva preparata nei giorni di battitura del grano e offerta a tutti i lavoratori del terreno.\u00a0 L\u2019ocio \u00e8 un tipo di oca bianca che veniva macellata per l&#8217;occasione. La carne viene utilizzata per fare il sugo e poi viene servita per secondo. Per fare il sugo d&#8217;ocio si prepara un soffritto di cipolla, carote e sedani tagliati finemente, si aggiunge la\u00a0 carne a pezzi e si sfuma con il vino. Si aggiungono quindi i pomodori e il brodo. La cottura dura un paio d&#8217;ore per ottenere una carne morbida e un sugo saporito.<\/p>\n<h3><strong>Anatra in porchetta<\/strong><\/h3>\n<p><strong>L&#8217;anatra in porchetta <\/strong>\u00e8 un secondo di carne che richiede una lunga preparazione. Si preparano degli aromi come salvia, aglio, rosmarino, finocchietto selvatico, succo di limone e olio extravergine di oliva. L&#8217;anatra viene immersa nel composto e vengono praticate delle incisioni con il coltello per fare in modo che assorba meglio gli odori. Si lascia macerare un giorno intero e si procede alla cottura. L&#8217;anatra si mette in forno e si sfuma con vino bianco.<\/p>\n<div id=\"attachment_15741\" style=\"width: 1034px\" class=\"wp-caption alignnone\"><img loading=\"lazy\" decoding=\"async\" aria-describedby=\"caption-attachment-15741\" class=\"wp-image-15741 size-large\" src=\"https:\/\/www.charminly.com\/wp-content\/uploads\/2016\/07\/La_panzanella_a_la_toscana_opt-1024x758.jpg\" alt=\"La_panzanella_a_la_toscana_opt\" width=\"1024\" height=\"758\" srcset=\"https:\/\/www.charminly.com\/wp-content\/uploads\/2016\/07\/La_panzanella_a_la_toscana_opt.jpg 1024w, https:\/\/www.charminly.com\/wp-content\/uploads\/2016\/07\/La_panzanella_a_la_toscana_opt-300x222.jpg 300w, https:\/\/www.charminly.com\/wp-content\/uploads\/2016\/07\/La_panzanella_a_la_toscana_opt-768x569.jpg 768w\" sizes=\"auto, (max-width: 1024px) 100vw, 1024px\" \/><p id=\"caption-attachment-15741\" class=\"wp-caption-text\">Panzanella Toscana<\/p><\/div>\n<h3><strong>Fegatelli all&#8217;aretina<\/strong><\/h3>\n<p>I <strong>fegatelli all&#8217;aretina <\/strong>provengono da una lunga tradizione di cucina povera. Le interiora infatti erano gli scarti della macellazione che venivano recuperati dalle famiglie meno abbienti e conservati per preparare diverse ricette. Per preparare i fegatelli all&#8217;aretina occorre del fegato di maiale da tagliare a fette sottili, condirle con sale e finocchietto, in alcuni casi anche lardo. Si aggiungono foglie di alloro e si arrotolano le fettine in una rete fatta con il budello del maiale.<\/p>\n<h3><strong>Panzanella toscana<\/strong><\/h3>\n<p>La <strong>panzanella toscana <\/strong>\u00e8 un piatto povero della tradizione toscana. Si tratta di un piatto povero e rustico, che pu\u00f2 variare nelle dosi degli ingredienti perch\u00e8 veniva realizzato con quello che si trovava in casa a partire dal pane raffermo a cui venivano aggiunte le verdure.\u00a0 Al pane ammollato in acqua e strizzato si aggiungono cipollotti, cetrioli, aceto, sale e pepe. La panzanella deve riposare qualche ora ed \u00e8 un piatto fresco e adatto all&#8217;estate. Ci sono diverse varianti che prevedono l&#8217;aggiunta di pomodori e olive.<\/p>\n<hr \/>\n<div class=\"article_container\"><h2 class=\"shortcode_title\">Charming home nelle vicinanze<\/h2><div class=\"listinglink-wrapper\">\n                           <a href=\"https:\/\/www.charminly.com\/listings\/relais-country-houses-en\/\"> <span class=\"wpresidence_button\"> more listings <\/span><\/a>\n                       <\/div><\/div>\n","protected":false},"excerpt":{"rendered":"<p>Durante il vostro soggiorno ad Arezzo in Toscana, potrete gustare dai piatti della festa alle tradizioni contadine nella provincia di Arezzo. Tortelli del Casentino I tortelli del Casentino sono un primo piatto tipico toscano. Si tratta di tortelli realizzati con pasta all&#8217;uovo. Il ripieno \u00e8 una squisita crema preparata con patate bollite e schiacciate, aglio, pomodoro, pecorino e pepe. La tradizione richiede la patata &#8230;<\/p>\n","protected":false},"author":6,"featured_media":15743,"comment_status":"closed","ping_status":"closed","sticky":false,"template":"","format":"standard","meta":{"_acf_changed":false,"footnotes":""},"categories":[240],"tags":[611,575],"class_list":["post-15745","post","type-post","status-publish","format-standard","has-post-thumbnail","hentry","category-sapori-d-altri-tempi","tag-cosa-mangiare-in-toscana","tag-what-to-eat-in-tuscany"],"acf":[],"yoast_head":"<!-- This site is optimized with the Yoast SEO plugin v23.9 - https:\/\/yoast.com\/wordpress\/plugins\/seo\/ -->\n<title>Dai piatti della festa alle tradizioni contadine nella provincia di Arezzo<\/title>\n<meta name=\"description\" content=\"Durante il vostro soggiorno ad Arezzo in Toscana, potrete gustare dai piatti della festa alle tradizioni contadine nella provincia di Arezzo.\" \/>\n<meta name=\"robots\" content=\"index, follow, max-snippet:-1, max-image-preview:large, max-video-preview:-1\" \/>\n<link rel=\"canonical\" href=\"https:\/\/www.charminly.com\/it\/dai-piatti-della-festa-alle-tradizioni-contadine-nella-provincia-di-arezzo\/\" \/>\n<meta property=\"og:locale\" content=\"it_IT\" \/>\n<meta property=\"og:type\" content=\"article\" \/>\n<meta property=\"og:title\" content=\"Dai piatti della festa alle tradizioni contadine nella provincia di Arezzo\" \/>\n<meta property=\"og:description\" content=\"Durante il vostro soggiorno ad Arezzo in Toscana, potrete gustare dai piatti della festa alle tradizioni contadine nella provincia di Arezzo.\" \/>\n<meta property=\"og:url\" content=\"https:\/\/www.charminly.com\/it\/dai-piatti-della-festa-alle-tradizioni-contadine-nella-provincia-di-arezzo\/\" \/>\n<meta property=\"article:publisher\" content=\"https:\/\/www.facebook.com\/charminlyitalia\/\" \/>\n<meta property=\"article:published_time\" content=\"2016-08-17T17:55:22+00:00\" \/>\n<meta property=\"article:modified_time\" content=\"2020-01-15T09:53:25+00:00\" \/>\n<meta property=\"og:image\" content=\"https:\/\/www.charminly.com\/wp-content\/uploads\/2016\/07\/La_panzanella_a_la_toscana_opt.jpg\" \/>\n\t<meta property=\"og:image:width\" content=\"1024\" \/>\n\t<meta property=\"og:image:height\" content=\"758\" \/>\n\t<meta property=\"og:image:type\" content=\"image\/jpeg\" \/>\n<meta name=\"author\" content=\"Ivan Lopez\" \/>\n<meta name=\"twitter:card\" content=\"summary_large_image\" \/>\n<meta name=\"twitter:creator\" content=\"@charminly_com\" \/>\n<meta name=\"twitter:site\" content=\"@charminly_com\" \/>\n<meta name=\"twitter:label1\" content=\"Scritto da\" \/>\n\t<meta name=\"twitter:data1\" content=\"Ivan Lopez\" \/>\n\t<meta name=\"twitter:label2\" content=\"Tempo di lettura stimato\" \/>\n\t<meta name=\"twitter:data2\" content=\"3 minuti\" \/>\n<script type=\"application\/ld+json\" class=\"yoast-schema-graph\">{\"@context\":\"https:\/\/schema.org\",\"@graph\":[{\"@type\":\"Article\",\"@id\":\"https:\/\/www.charminly.com\/it\/dai-piatti-della-festa-alle-tradizioni-contadine-nella-provincia-di-arezzo\/#article\",\"isPartOf\":{\"@id\":\"https:\/\/www.charminly.com\/it\/dai-piatti-della-festa-alle-tradizioni-contadine-nella-provincia-di-arezzo\/\"},\"author\":{\"name\":\"Ivan Lopez\",\"@id\":\"https:\/\/www.charminly.com\/it\/#\/schema\/person\/52806bb74f5c81bbf5f0989dd952c7ea\"},\"headline\":\"Dai piatti della festa alle tradizioni contadine nella provincia di Arezzo\",\"datePublished\":\"2016-08-17T17:55:22+00:00\",\"dateModified\":\"2020-01-15T09:53:25+00:00\",\"mainEntityOfPage\":{\"@id\":\"https:\/\/www.charminly.com\/it\/dai-piatti-della-festa-alle-tradizioni-contadine-nella-provincia-di-arezzo\/\"},\"wordCount\":603,\"publisher\":{\"@id\":\"https:\/\/www.charminly.com\/it\/#organization\"},\"image\":{\"@id\":\"https:\/\/www.charminly.com\/it\/dai-piatti-della-festa-alle-tradizioni-contadine-nella-provincia-di-arezzo\/#primaryimage\"},\"thumbnailUrl\":\"https:\/\/www.charminly.com\/wp-content\/uploads\/2016\/07\/La_panzanella_a_la_toscana_opt.jpg\",\"keywords\":[\"Cosa mangiare in Toscana\",\"What to eat in Tuscany\"],\"articleSection\":[\"Sapori d'altri tempi\"],\"inLanguage\":\"it-IT\"},{\"@type\":\"WebPage\",\"@id\":\"https:\/\/www.charminly.com\/it\/dai-piatti-della-festa-alle-tradizioni-contadine-nella-provincia-di-arezzo\/\",\"url\":\"https:\/\/www.charminly.com\/it\/dai-piatti-della-festa-alle-tradizioni-contadine-nella-provincia-di-arezzo\/\",\"name\":\"Dai piatti della festa alle tradizioni contadine nella provincia di Arezzo\",\"isPartOf\":{\"@id\":\"https:\/\/www.charminly.com\/it\/#website\"},\"primaryImageOfPage\":{\"@id\":\"https:\/\/www.charminly.com\/it\/dai-piatti-della-festa-alle-tradizioni-contadine-nella-provincia-di-arezzo\/#primaryimage\"},\"image\":{\"@id\":\"https:\/\/www.charminly.com\/it\/dai-piatti-della-festa-alle-tradizioni-contadine-nella-provincia-di-arezzo\/#primaryimage\"},\"thumbnailUrl\":\"https:\/\/www.charminly.com\/wp-content\/uploads\/2016\/07\/La_panzanella_a_la_toscana_opt.jpg\",\"datePublished\":\"2016-08-17T17:55:22+00:00\",\"dateModified\":\"2020-01-15T09:53:25+00:00\",\"description\":\"Durante il vostro soggiorno ad Arezzo in Toscana, potrete gustare dai piatti della festa alle tradizioni contadine nella provincia di Arezzo.\",\"breadcrumb\":{\"@id\":\"https:\/\/www.charminly.com\/it\/dai-piatti-della-festa-alle-tradizioni-contadine-nella-provincia-di-arezzo\/#breadcrumb\"},\"inLanguage\":\"it-IT\",\"potentialAction\":[{\"@type\":\"ReadAction\",\"target\":[\"https:\/\/www.charminly.com\/it\/dai-piatti-della-festa-alle-tradizioni-contadine-nella-provincia-di-arezzo\/\"]}]},{\"@type\":\"ImageObject\",\"inLanguage\":\"it-IT\",\"@id\":\"https:\/\/www.charminly.com\/it\/dai-piatti-della-festa-alle-tradizioni-contadine-nella-provincia-di-arezzo\/#primaryimage\",\"url\":\"https:\/\/www.charminly.com\/wp-content\/uploads\/2016\/07\/La_panzanella_a_la_toscana_opt.jpg\",\"contentUrl\":\"https:\/\/www.charminly.com\/wp-content\/uploads\/2016\/07\/La_panzanella_a_la_toscana_opt.jpg\",\"width\":1024,\"height\":758},{\"@type\":\"BreadcrumbList\",\"@id\":\"https:\/\/www.charminly.com\/it\/dai-piatti-della-festa-alle-tradizioni-contadine-nella-provincia-di-arezzo\/#breadcrumb\",\"itemListElement\":[{\"@type\":\"ListItem\",\"position\":1,\"name\":\"Home\",\"item\":\"https:\/\/www.charminly.com\/it\/\"},{\"@type\":\"ListItem\",\"position\":2,\"name\":\"Cosa mangiare in Toscana\",\"item\":\"https:\/\/www.charminly.com\/it\/tag\/cosa-mangiare-in-toscana\/\"},{\"@type\":\"ListItem\",\"position\":3,\"name\":\"Dai piatti della festa alle tradizioni contadine nella provincia di Arezzo\"}]},{\"@type\":\"WebSite\",\"@id\":\"https:\/\/www.charminly.com\/it\/#website\",\"url\":\"https:\/\/www.charminly.com\/it\/\",\"name\":\"\",\"description\":\"\",\"publisher\":{\"@id\":\"https:\/\/www.charminly.com\/it\/#organization\"},\"potentialAction\":[{\"@type\":\"SearchAction\",\"target\":{\"@type\":\"EntryPoint\",\"urlTemplate\":\"https:\/\/www.charminly.com\/it\/?s={search_term_string}\"},\"query-input\":{\"@type\":\"PropertyValueSpecification\",\"valueRequired\":true,\"valueName\":\"search_term_string\"}}],\"inLanguage\":\"it-IT\"},{\"@type\":\"Organization\",\"@id\":\"https:\/\/www.charminly.com\/it\/#organization\",\"name\":\"Charminly.com\",\"url\":\"https:\/\/www.charminly.com\/it\/\",\"logo\":{\"@type\":\"ImageObject\",\"inLanguage\":\"it-IT\",\"@id\":\"https:\/\/www.charminly.com\/it\/#\/schema\/logo\/image\/\",\"url\":\"https:\/\/www.charminly.com\/wp-content\/uploads\/2014\/10\/logo.png\",\"contentUrl\":\"https:\/\/www.charminly.com\/wp-content\/uploads\/2014\/10\/logo.png\",\"width\":264,\"height\":115,\"caption\":\"Charminly.com\"},\"image\":{\"@id\":\"https:\/\/www.charminly.com\/it\/#\/schema\/logo\/image\/\"},\"sameAs\":[\"https:\/\/www.facebook.com\/charminlyitalia\/\",\"https:\/\/x.com\/charminly_com\"]},{\"@type\":\"Person\",\"@id\":\"https:\/\/www.charminly.com\/it\/#\/schema\/person\/52806bb74f5c81bbf5f0989dd952c7ea\",\"name\":\"Ivan Lopez\",\"image\":{\"@type\":\"ImageObject\",\"inLanguage\":\"it-IT\",\"@id\":\"https:\/\/www.charminly.com\/it\/#\/schema\/person\/image\/\",\"url\":\"https:\/\/secure.gravatar.com\/avatar\/e8aef7257c7a278cfcb908e241d9761c?s=96&d=mm&r=g\",\"contentUrl\":\"https:\/\/secure.gravatar.com\/avatar\/e8aef7257c7a278cfcb908e241d9761c?s=96&d=mm&r=g\",\"caption\":\"Ivan Lopez\"},\"url\":\"https:\/\/www.charminly.com\/it\/author\/ivan\/\"}]}<\/script>\n<!-- \/ Yoast SEO plugin. -->","yoast_head_json":{"title":"Dai piatti della festa alle tradizioni contadine nella provincia di Arezzo","description":"Durante il vostro soggiorno ad Arezzo in Toscana, potrete gustare dai piatti della festa alle tradizioni contadine nella provincia di Arezzo.","robots":{"index":"index","follow":"follow","max-snippet":"max-snippet:-1","max-image-preview":"max-image-preview:large","max-video-preview":"max-video-preview:-1"},"canonical":"https:\/\/www.charminly.com\/it\/dai-piatti-della-festa-alle-tradizioni-contadine-nella-provincia-di-arezzo\/","og_locale":"it_IT","og_type":"article","og_title":"Dai piatti della festa alle tradizioni contadine nella provincia di Arezzo","og_description":"Durante il vostro soggiorno ad Arezzo in Toscana, potrete gustare dai piatti della festa alle tradizioni contadine nella provincia di Arezzo.","og_url":"https:\/\/www.charminly.com\/it\/dai-piatti-della-festa-alle-tradizioni-contadine-nella-provincia-di-arezzo\/","article_publisher":"https:\/\/www.facebook.com\/charminlyitalia\/","article_published_time":"2016-08-17T17:55:22+00:00","article_modified_time":"2020-01-15T09:53:25+00:00","og_image":[{"width":1024,"height":758,"url":"https:\/\/www.charminly.com\/wp-content\/uploads\/2016\/07\/La_panzanella_a_la_toscana_opt.jpg","type":"image\/jpeg"}],"author":"Ivan Lopez","twitter_card":"summary_large_image","twitter_creator":"@charminly_com","twitter_site":"@charminly_com","twitter_misc":{"Scritto da":"Ivan Lopez","Tempo di lettura stimato":"3 minuti"},"schema":{"@context":"https:\/\/schema.org","@graph":[{"@type":"Article","@id":"https:\/\/www.charminly.com\/it\/dai-piatti-della-festa-alle-tradizioni-contadine-nella-provincia-di-arezzo\/#article","isPartOf":{"@id":"https:\/\/www.charminly.com\/it\/dai-piatti-della-festa-alle-tradizioni-contadine-nella-provincia-di-arezzo\/"},"author":{"name":"Ivan Lopez","@id":"https:\/\/www.charminly.com\/it\/#\/schema\/person\/52806bb74f5c81bbf5f0989dd952c7ea"},"headline":"Dai piatti della festa alle tradizioni contadine nella provincia di Arezzo","datePublished":"2016-08-17T17:55:22+00:00","dateModified":"2020-01-15T09:53:25+00:00","mainEntityOfPage":{"@id":"https:\/\/www.charminly.com\/it\/dai-piatti-della-festa-alle-tradizioni-contadine-nella-provincia-di-arezzo\/"},"wordCount":603,"publisher":{"@id":"https:\/\/www.charminly.com\/it\/#organization"},"image":{"@id":"https:\/\/www.charminly.com\/it\/dai-piatti-della-festa-alle-tradizioni-contadine-nella-provincia-di-arezzo\/#primaryimage"},"thumbnailUrl":"https:\/\/www.charminly.com\/wp-content\/uploads\/2016\/07\/La_panzanella_a_la_toscana_opt.jpg","keywords":["Cosa mangiare in Toscana","What to eat in Tuscany"],"articleSection":["Sapori d'altri tempi"],"inLanguage":"it-IT"},{"@type":"WebPage","@id":"https:\/\/www.charminly.com\/it\/dai-piatti-della-festa-alle-tradizioni-contadine-nella-provincia-di-arezzo\/","url":"https:\/\/www.charminly.com\/it\/dai-piatti-della-festa-alle-tradizioni-contadine-nella-provincia-di-arezzo\/","name":"Dai piatti della festa alle tradizioni contadine nella provincia di Arezzo","isPartOf":{"@id":"https:\/\/www.charminly.com\/it\/#website"},"primaryImageOfPage":{"@id":"https:\/\/www.charminly.com\/it\/dai-piatti-della-festa-alle-tradizioni-contadine-nella-provincia-di-arezzo\/#primaryimage"},"image":{"@id":"https:\/\/www.charminly.com\/it\/dai-piatti-della-festa-alle-tradizioni-contadine-nella-provincia-di-arezzo\/#primaryimage"},"thumbnailUrl":"https:\/\/www.charminly.com\/wp-content\/uploads\/2016\/07\/La_panzanella_a_la_toscana_opt.jpg","datePublished":"2016-08-17T17:55:22+00:00","dateModified":"2020-01-15T09:53:25+00:00","description":"Durante il vostro soggiorno ad Arezzo in Toscana, potrete gustare dai piatti della festa alle tradizioni contadine nella provincia di Arezzo.","breadcrumb":{"@id":"https:\/\/www.charminly.com\/it\/dai-piatti-della-festa-alle-tradizioni-contadine-nella-provincia-di-arezzo\/#breadcrumb"},"inLanguage":"it-IT","potentialAction":[{"@type":"ReadAction","target":["https:\/\/www.charminly.com\/it\/dai-piatti-della-festa-alle-tradizioni-contadine-nella-provincia-di-arezzo\/"]}]},{"@type":"ImageObject","inLanguage":"it-IT","@id":"https:\/\/www.charminly.com\/it\/dai-piatti-della-festa-alle-tradizioni-contadine-nella-provincia-di-arezzo\/#primaryimage","url":"https:\/\/www.charminly.com\/wp-content\/uploads\/2016\/07\/La_panzanella_a_la_toscana_opt.jpg","contentUrl":"https:\/\/www.charminly.com\/wp-content\/uploads\/2016\/07\/La_panzanella_a_la_toscana_opt.jpg","width":1024,"height":758},{"@type":"BreadcrumbList","@id":"https:\/\/www.charminly.com\/it\/dai-piatti-della-festa-alle-tradizioni-contadine-nella-provincia-di-arezzo\/#breadcrumb","itemListElement":[{"@type":"ListItem","position":1,"name":"Home","item":"https:\/\/www.charminly.com\/it\/"},{"@type":"ListItem","position":2,"name":"Cosa mangiare in Toscana","item":"https:\/\/www.charminly.com\/it\/tag\/cosa-mangiare-in-toscana\/"},{"@type":"ListItem","position":3,"name":"Dai piatti della festa alle tradizioni contadine nella provincia di Arezzo"}]},{"@type":"WebSite","@id":"https:\/\/www.charminly.com\/it\/#website","url":"https:\/\/www.charminly.com\/it\/","name":"","description":"","publisher":{"@id":"https:\/\/www.charminly.com\/it\/#organization"},"potentialAction":[{"@type":"SearchAction","target":{"@type":"EntryPoint","urlTemplate":"https:\/\/www.charminly.com\/it\/?s={search_term_string}"},"query-input":{"@type":"PropertyValueSpecification","valueRequired":true,"valueName":"search_term_string"}}],"inLanguage":"it-IT"},{"@type":"Organization","@id":"https:\/\/www.charminly.com\/it\/#organization","name":"Charminly.com","url":"https:\/\/www.charminly.com\/it\/","logo":{"@type":"ImageObject","inLanguage":"it-IT","@id":"https:\/\/www.charminly.com\/it\/#\/schema\/logo\/image\/","url":"https:\/\/www.charminly.com\/wp-content\/uploads\/2014\/10\/logo.png","contentUrl":"https:\/\/www.charminly.com\/wp-content\/uploads\/2014\/10\/logo.png","width":264,"height":115,"caption":"Charminly.com"},"image":{"@id":"https:\/\/www.charminly.com\/it\/#\/schema\/logo\/image\/"},"sameAs":["https:\/\/www.facebook.com\/charminlyitalia\/","https:\/\/x.com\/charminly_com"]},{"@type":"Person","@id":"https:\/\/www.charminly.com\/it\/#\/schema\/person\/52806bb74f5c81bbf5f0989dd952c7ea","name":"Ivan Lopez","image":{"@type":"ImageObject","inLanguage":"it-IT","@id":"https:\/\/www.charminly.com\/it\/#\/schema\/person\/image\/","url":"https:\/\/secure.gravatar.com\/avatar\/e8aef7257c7a278cfcb908e241d9761c?s=96&d=mm&r=g","contentUrl":"https:\/\/secure.gravatar.com\/avatar\/e8aef7257c7a278cfcb908e241d9761c?s=96&d=mm&r=g","caption":"Ivan Lopez"},"url":"https:\/\/www.charminly.com\/it\/author\/ivan\/"}]}},"_links":{"self":[{"href":"https:\/\/www.charminly.com\/it\/wp-json\/wp\/v2\/posts\/15745","targetHints":{"allow":["GET"]}}],"collection":[{"href":"https:\/\/www.charminly.com\/it\/wp-json\/wp\/v2\/posts"}],"about":[{"href":"https:\/\/www.charminly.com\/it\/wp-json\/wp\/v2\/types\/post"}],"author":[{"embeddable":true,"href":"https:\/\/www.charminly.com\/it\/wp-json\/wp\/v2\/users\/6"}],"replies":[{"embeddable":true,"href":"https:\/\/www.charminly.com\/it\/wp-json\/wp\/v2\/comments?post=15745"}],"version-history":[{"count":0,"href":"https:\/\/www.charminly.com\/it\/wp-json\/wp\/v2\/posts\/15745\/revisions"}],"wp:featuredmedia":[{"embeddable":true,"href":"https:\/\/www.charminly.com\/it\/wp-json\/wp\/v2\/media\/15743"}],"wp:attachment":[{"href":"https:\/\/www.charminly.com\/it\/wp-json\/wp\/v2\/media?parent=15745"}],"wp:term":[{"taxonomy":"category","embeddable":true,"href":"https:\/\/www.charminly.com\/it\/wp-json\/wp\/v2\/categories?post=15745"},{"taxonomy":"post_tag","embeddable":true,"href":"https:\/\/www.charminly.com\/it\/wp-json\/wp\/v2\/tags?post=15745"}],"curies":[{"name":"wp","href":"https:\/\/api.w.org\/{rel}","templated":true}]}}