{"id":15137,"date":"2016-08-17T20:00:43","date_gmt":"2016-08-17T18:00:43","guid":{"rendered":"https:\/\/www.charminly.com\/it\/?p=15137"},"modified":"2020-01-15T10:57:12","modified_gmt":"2020-01-15T09:57:12","slug":"tra-i-castelli-e-la-musica-di-verdi-nella-provincia-di-parma","status":"publish","type":"post","link":"https:\/\/www.charminly.com\/it\/tra-i-castelli-e-la-musica-di-verdi-nella-provincia-di-parma\/","title":{"rendered":"Tra i castelli e la musica di Verdi nella provincia di Parma"},"content":{"rendered":"<p>Durante la vostra vacanza presso il Bed & Breakfast esclusivo <a href=\"https:\/\/www.charminly.com\/it\/properties\/al-battistero-doro-it\/\"><strong>Al Battistero d<\/strong><strong>\u2019<\/strong><strong>Oro<\/strong><\/a>, che si trova a <a href=\"https:\/\/www.charminly.com\/it\/area\/parma-it\/\"><strong>Parma<\/strong><\/a>, in<strong> Emilia Romagna<\/strong>, potrete viaggiare tra i castelli e la musica di Verdi nella provincia di Parma.<\/p>\n<h3><strong>PARMA<\/strong><\/h3>\n<p>La citt\u00e0 di <strong>Parma<\/strong> \u00e8 stata nominata <strong>Citt<\/strong><strong>\u00e0<\/strong><strong> creativa per la gastronomia dall&#8217;UNESCO nel 2015<\/strong> e offre numerosi punti di interesse.<\/p>\n<p>Si affacciano su Piazza Duomo, il<strong> Duomo e il Battistero<\/strong>. Il primo risale al 1106 ed \u00e8 ritenuto una delle massime espressioni di stile romanico italiano, custodisce i bellissimi affreschi del Correggio e il bassorilievo di Antelami che raffigura la Deposizione dalla croce. Il Battistero adiacente, realizzato da Antelami, \u00e8 stato costruito in marmo rosso di Verona e custodisce anch&#8217;esso magnifici affreschi realizzati tra il XIII e il XIV secolo.<\/p>\n<div id=\"attachment_15129\" style=\"width: 1034px\" class=\"wp-caption alignnone\"><img loading=\"lazy\" decoding=\"async\" aria-describedby=\"caption-attachment-15129\" class=\"wp-image-15129 size-large\" src=\"https:\/\/www.charminly.com\/wp-content\/uploads\/2016\/07\/Piazza-Duomo-Parma_opt-1024x632.jpg\" alt=\"Piazza Duomo Parma_opt\" width=\"1024\" height=\"632\" srcset=\"https:\/\/www.charminly.com\/wp-content\/uploads\/2016\/07\/Piazza-Duomo-Parma_opt.jpg 1024w, https:\/\/www.charminly.com\/wp-content\/uploads\/2016\/07\/Piazza-Duomo-Parma_opt-300x185.jpg 300w, https:\/\/www.charminly.com\/wp-content\/uploads\/2016\/07\/Piazza-Duomo-Parma_opt-768x474.jpg 768w\" sizes=\"auto, (max-width: 1024px) 100vw, 1024px\" \/><p id=\"caption-attachment-15129\" class=\"wp-caption-text\">Piazza Duomo Parma<\/p><\/div>\n<p>Il <strong>Teatro Regio di Parma<\/strong>, o Teatro dell&#8217;opera, \u00e8 uno dei teatri pi\u00f9 importanti d&#8217;Italia e ospita concerti e rappresentazioni a livello internazionale.\u00a0 Costruito nel 1821 ha una facciata in stile neoclassico. All&#8217;interno ha quattro ordini di palchi e sul soffitto possiamo ammirare gli affreschi di Borghesi.<\/p>\n<p>A pochi passi dal Teatro Regio troviamo il <strong>Palazzo della Pilotta<\/strong>. Edificato nel 1580 per la famiglia Farnese, quando Parma era capitale del Ducato di Parma e Piacenza, il palazzo era sede dello Stato e della Corte. I suoi grandi spazi oggi ospitano la Galleria Nazionale di Parma, il Teatro Farnese, la Biblioteca Palatina e il Museo archeologico.<\/p>\n<p>La <strong>Chiesa di Santa Maria della Steccata<\/strong> \u00e8 un santuario costruito in pieno Cinquecento. All&#8217;interno custodisce bellissimi affreschi e opere d&#8217;arte, come La Piet\u00e0 di Tommaso Bandini.<\/p>\n<h3><strong>BUSSETO<\/strong><\/h3>\n<p><strong>Busseto<\/strong> \u00e8 un piccolo paese in provincia di Parma, citt\u00e0 natale di Giuseppe Verdi.<br \/>\nQui possiamo visitare la <strong>Casa natale di Giuseppe Verdi,<\/strong> ora una casa museo ristrutturata nel 2014, con un percorso multimediale che ci trasporta nel periodo in cui il Maestro visse la prima infanzia.<\/p>\n<p><strong>Villa Pallavicino<\/strong>, chiamata anche Boffalora e palazzo dei Marchesi, \u00e8 situata appena fuori dal centro abitato di Busseto. E&#8217; una costruzione molto suggestiva, situata al centro di un&#8217;isola artificiale circondata dall&#8217;acqua e collegata con tre ponti. Nelle sue bellissime sale ospita il\u00a0 <strong>Museo nazionale Giuseppe Verdi<\/strong> inaugurato nel 2009, con musiche, scenografie, costumi e retroscena delle sue opere.<\/p>\n<div id=\"attachment_15132\" style=\"width: 1034px\" class=\"wp-caption alignnone\"><img loading=\"lazy\" decoding=\"async\" aria-describedby=\"caption-attachment-15132\" class=\"wp-image-15132 size-large\" src=\"https:\/\/www.charminly.com\/wp-content\/uploads\/2016\/07\/Veduta_di_Rocca_Pallavicino_da_Piazza_Giuseppe_Verdi_-_Busseto_opt-1024x768.jpg\" alt=\"Veduta_di_Rocca_Pallavicino_da_Piazza_Giuseppe_Verdi_-_Busseto_opt\" width=\"1024\" height=\"768\" srcset=\"https:\/\/www.charminly.com\/wp-content\/uploads\/2016\/07\/Veduta_di_Rocca_Pallavicino_da_Piazza_Giuseppe_Verdi_-_Busseto_opt.jpg 1024w, https:\/\/www.charminly.com\/wp-content\/uploads\/2016\/07\/Veduta_di_Rocca_Pallavicino_da_Piazza_Giuseppe_Verdi_-_Busseto_opt-300x225.jpg 300w, https:\/\/www.charminly.com\/wp-content\/uploads\/2016\/07\/Veduta_di_Rocca_Pallavicino_da_Piazza_Giuseppe_Verdi_-_Busseto_opt-768x576.jpg 768w\" sizes=\"auto, (max-width: 1024px) 100vw, 1024px\" \/><p id=\"caption-attachment-15132\" class=\"wp-caption-text\">Rocca Pallavicino Busseto<\/p><\/div>\n<p>La bellissima Rocca Pallavicino \u00e8 oggi <strong>Palazzo Comunale<\/strong>, costruita nel Cinquecento, come testimonia la torre centrale e rimodernata nell&#8217;Ottocento, con l&#8217;aggiunta delle torri ai vertici e della nuova facciata.<\/p>\n<h3><strong>FONTANELLATO<\/strong><\/h3>\n<p>Il borgo di Fontanellato, a pochi chilometri da Parma, ospita la bellissima Rocca Sanvitale, con numerose sale ricche di affreschi e il giardino pensile.\u00a0 Nei dintorni si possono ammirare molte rocche e castelli tra cui:<\/p>\n<p>La <strong>Reggia di Colorno<\/strong>\u00a0 o Palazzo Ducale fu realizzato a met\u00e0 del Trecento. Le sue 400 sale sono quasi tutte affrescate e la Sala Grande \u00e8 decorata a stucco. All&#8217;esterno della Reggia possiamo passeggiare tra i bellissimi giardini grandi oltre\u00a0 4 chilometri con aiuole e giochi d&#8217;acqua.<\/p>\n<p>La <strong>Fortezza dei Bardi<\/strong>, costruita su un colle nel XII secolo, completamente realizzata in pietra, con il perimetro delle mura irregolare perch\u00e9 realizzato su uno sperone roccioso. Una leggenda vuole che il fantasma di un cavaliere si aggiri ancora tra le sue sale.<\/p>\n<hr \/>\n<div class=\"article_container\"><h2 class=\"shortcode_title\">Charming home nelle vicinanze<\/h2>\n\n\n<div class=\"col-md-4 shortcode-col listing_wrapper\" data-org=\"4\" data-listid=\"10981\">\n    <div class=\"property_listing   \" data-link=\"https:\/\/www.charminly.com\/it\/estate_property\/al-battistero-doro-it\/\">\n\n        <div class=\"listing-unit-img-wrapper\"><a href=\"https:\/\/www.charminly.com\/it\/estate_property\/al-battistero-doro-it\/\"><img loading=\"lazy\" decoding=\"async\" width=\"265\" height=\"163\" src=\"https:\/\/www.charminly.com\/wp-content\/uploads\/2016\/01\/Al-Battistero-doro-1a-265x163.jpg\" class=\"lazyload img-responsive wp-post-image\" alt=\"\" data-original=\"https:\/\/www.charminly.com\/wp-content\/uploads\/2016\/01\/Al-Battistero-doro-1a-265x163.jpg\" \/><\/a><\/div>\n\n            <h4><a href=\"https:\/\/www.charminly.com\/it\/estate_property\/al-battistero-doro-it\/\">\n                    Al Battistero d&#8217;Oro                <\/a>\n            <\/h4>\n            <div class=\"property_address\">\n                Strada Sant&#039; Anna 22, <a href=\"https:\/\/www.charminly.com\/it\/area\/parma-it\/\" rel=\"tag\">Parma<\/a> (PR)            <\/div>\n\n\n\n\n\n                            <div class=\"listing_details the_grid_view\">\n                    Al Battistero d\u2019Oro deve il nome al vicino Battistero, in pieno centro a Parma, progettato da Benedetto Antelami ...                <\/div>\n\n                <div class=\"listing_details the_list_view\">\n                    Al Battistero d\u2019Oro deve il nome al vicino Battistero, in pieno centro a Parma, progettato da Benedetto Antelami ...                <\/div>\n            \n\n            <div class=\"property_listing_details\">\n\n            <\/div>\n\n            <div class=\"property_location\">\n                <div> <span class=\"inforoom\">3<\/span><\/div><span class=\"pricerange\">da  110 a \u20ac 130<\/span>            <\/div>\n            <\/div>\n<\/div>\n\n<div class=\"listinglink-wrapper\">\n                           <a href=\"https:\/\/www.charminly.com\/listings\/relais-country-houses-en\/\"> <span class=\"wpresidence_button\"> more listings <\/span><\/a>\n                       <\/div><\/div>\n","protected":false},"excerpt":{"rendered":"<p>Durante la vostra vacanza presso il Bed &#038; Breakfast esclusivo Al Battistero d\u2019Oro, che si trova a Parma, in Emilia Romagna, potrete viaggiare tra i castelli e la musica di Verdi nella provincia di Parma. PARMA La citt\u00e0 di Parma \u00e8 stata nominata Citt\u00e0 creativa per la gastronomia dall&#8217;UNESCO nel 2015 e offre numerosi punti di interesse. Si affacciano su Piazza Duomo, il Duomo &#8230;<\/p>\n","protected":false},"author":6,"featured_media":15134,"comment_status":"closed","ping_status":"closed","sticky":false,"template":"","format":"standard","meta":{"_acf_changed":false,"footnotes":""},"categories":[142],"tags":[631],"class_list":["post-15137","post","type-post","status-publish","format-standard","has-post-thumbnail","hentry","category-arte-e-cultura","tag-cosa-vedere-in-emilia-romagna"],"acf":[],"yoast_head":"<!-- This site is optimized with the Yoast SEO plugin v23.9 - https:\/\/yoast.com\/wordpress\/plugins\/seo\/ -->\n<title>Tra i castelli e la musica di Verdi nella provincia di Parma<\/title>\n<meta name=\"description\" content=\"Soggiornando presso il B&amp;B Al Battistero d\u2019Oro, in Emilia Romagna, potrete viaggiare tra i castelli e la musica di Verdi nella provincia di Parma\" \/>\n<meta name=\"robots\" content=\"index, follow, max-snippet:-1, max-image-preview:large, max-video-preview:-1\" \/>\n<link rel=\"canonical\" href=\"https:\/\/www.charminly.com\/it\/tra-i-castelli-e-la-musica-di-verdi-nella-provincia-di-parma\/\" \/>\n<meta property=\"og:locale\" content=\"it_IT\" \/>\n<meta property=\"og:type\" content=\"article\" \/>\n<meta property=\"og:title\" content=\"Tra i castelli e la musica di Verdi nella provincia di Parma\" \/>\n<meta property=\"og:description\" content=\"Soggiornando presso il B&amp;B Al Battistero d\u2019Oro, in Emilia Romagna, potrete viaggiare tra i castelli e la musica di Verdi nella provincia di Parma\" \/>\n<meta property=\"og:url\" content=\"https:\/\/www.charminly.com\/it\/tra-i-castelli-e-la-musica-di-verdi-nella-provincia-di-parma\/\" \/>\n<meta property=\"article:publisher\" content=\"https:\/\/www.facebook.com\/charminlyitalia\/\" \/>\n<meta property=\"article:published_time\" content=\"2016-08-17T18:00:43+00:00\" \/>\n<meta property=\"article:modified_time\" content=\"2020-01-15T09:57:12+00:00\" \/>\n<meta property=\"og:image\" content=\"https:\/\/www.charminly.com\/wp-content\/uploads\/2016\/07\/Veduta_di_Rocca_Pallavicino_da_Piazza_Giuseppe_Verdi_-_Busseto_opt.jpg\" \/>\n\t<meta property=\"og:image:width\" content=\"1024\" \/>\n\t<meta property=\"og:image:height\" content=\"768\" \/>\n\t<meta property=\"og:image:type\" content=\"image\/jpeg\" \/>\n<meta name=\"author\" content=\"Ivan Lopez\" \/>\n<meta name=\"twitter:card\" content=\"summary_large_image\" \/>\n<meta name=\"twitter:creator\" content=\"@charminly_com\" \/>\n<meta name=\"twitter:site\" content=\"@charminly_com\" \/>\n<meta name=\"twitter:label1\" content=\"Scritto da\" \/>\n\t<meta name=\"twitter:data1\" content=\"Ivan Lopez\" \/>\n\t<meta name=\"twitter:label2\" content=\"Tempo di lettura stimato\" \/>\n\t<meta name=\"twitter:data2\" content=\"3 minuti\" \/>\n<script type=\"application\/ld+json\" class=\"yoast-schema-graph\">{\"@context\":\"https:\/\/schema.org\",\"@graph\":[{\"@type\":\"Article\",\"@id\":\"https:\/\/www.charminly.com\/it\/tra-i-castelli-e-la-musica-di-verdi-nella-provincia-di-parma\/#article\",\"isPartOf\":{\"@id\":\"https:\/\/www.charminly.com\/it\/tra-i-castelli-e-la-musica-di-verdi-nella-provincia-di-parma\/\"},\"author\":{\"name\":\"Ivan Lopez\",\"@id\":\"https:\/\/www.charminly.com\/it\/#\/schema\/person\/52806bb74f5c81bbf5f0989dd952c7ea\"},\"headline\":\"Tra i castelli e la musica di Verdi nella provincia di Parma\",\"datePublished\":\"2016-08-17T18:00:43+00:00\",\"dateModified\":\"2020-01-15T09:57:12+00:00\",\"mainEntityOfPage\":{\"@id\":\"https:\/\/www.charminly.com\/it\/tra-i-castelli-e-la-musica-di-verdi-nella-provincia-di-parma\/\"},\"wordCount\":575,\"publisher\":{\"@id\":\"https:\/\/www.charminly.com\/it\/#organization\"},\"image\":{\"@id\":\"https:\/\/www.charminly.com\/it\/tra-i-castelli-e-la-musica-di-verdi-nella-provincia-di-parma\/#primaryimage\"},\"thumbnailUrl\":\"https:\/\/www.charminly.com\/wp-content\/uploads\/2016\/07\/Veduta_di_Rocca_Pallavicino_da_Piazza_Giuseppe_Verdi_-_Busseto_opt.jpg\",\"keywords\":[\"Cosa vedere in Emilia Romagna\"],\"articleSection\":[\"Arte e cultura\"],\"inLanguage\":\"it-IT\"},{\"@type\":\"WebPage\",\"@id\":\"https:\/\/www.charminly.com\/it\/tra-i-castelli-e-la-musica-di-verdi-nella-provincia-di-parma\/\",\"url\":\"https:\/\/www.charminly.com\/it\/tra-i-castelli-e-la-musica-di-verdi-nella-provincia-di-parma\/\",\"name\":\"Tra i castelli e la musica di Verdi nella provincia di Parma\",\"isPartOf\":{\"@id\":\"https:\/\/www.charminly.com\/it\/#website\"},\"primaryImageOfPage\":{\"@id\":\"https:\/\/www.charminly.com\/it\/tra-i-castelli-e-la-musica-di-verdi-nella-provincia-di-parma\/#primaryimage\"},\"image\":{\"@id\":\"https:\/\/www.charminly.com\/it\/tra-i-castelli-e-la-musica-di-verdi-nella-provincia-di-parma\/#primaryimage\"},\"thumbnailUrl\":\"https:\/\/www.charminly.com\/wp-content\/uploads\/2016\/07\/Veduta_di_Rocca_Pallavicino_da_Piazza_Giuseppe_Verdi_-_Busseto_opt.jpg\",\"datePublished\":\"2016-08-17T18:00:43+00:00\",\"dateModified\":\"2020-01-15T09:57:12+00:00\",\"description\":\"Soggiornando presso il B&B Al Battistero d\u2019Oro, in Emilia Romagna, potrete viaggiare tra i castelli e la musica di Verdi nella provincia di Parma\",\"breadcrumb\":{\"@id\":\"https:\/\/www.charminly.com\/it\/tra-i-castelli-e-la-musica-di-verdi-nella-provincia-di-parma\/#breadcrumb\"},\"inLanguage\":\"it-IT\",\"potentialAction\":[{\"@type\":\"ReadAction\",\"target\":[\"https:\/\/www.charminly.com\/it\/tra-i-castelli-e-la-musica-di-verdi-nella-provincia-di-parma\/\"]}]},{\"@type\":\"ImageObject\",\"inLanguage\":\"it-IT\",\"@id\":\"https:\/\/www.charminly.com\/it\/tra-i-castelli-e-la-musica-di-verdi-nella-provincia-di-parma\/#primaryimage\",\"url\":\"https:\/\/www.charminly.com\/wp-content\/uploads\/2016\/07\/Veduta_di_Rocca_Pallavicino_da_Piazza_Giuseppe_Verdi_-_Busseto_opt.jpg\",\"contentUrl\":\"https:\/\/www.charminly.com\/wp-content\/uploads\/2016\/07\/Veduta_di_Rocca_Pallavicino_da_Piazza_Giuseppe_Verdi_-_Busseto_opt.jpg\",\"width\":1024,\"height\":768},{\"@type\":\"BreadcrumbList\",\"@id\":\"https:\/\/www.charminly.com\/it\/tra-i-castelli-e-la-musica-di-verdi-nella-provincia-di-parma\/#breadcrumb\",\"itemListElement\":[{\"@type\":\"ListItem\",\"position\":1,\"name\":\"Home\",\"item\":\"https:\/\/www.charminly.com\/it\/\"},{\"@type\":\"ListItem\",\"position\":2,\"name\":\"Cosa vedere in Emilia Romagna\",\"item\":\"https:\/\/www.charminly.com\/it\/tag\/cosa-vedere-in-emilia-romagna\/\"},{\"@type\":\"ListItem\",\"position\":3,\"name\":\"Tra i castelli e la musica di Verdi nella provincia di Parma\"}]},{\"@type\":\"WebSite\",\"@id\":\"https:\/\/www.charminly.com\/it\/#website\",\"url\":\"https:\/\/www.charminly.com\/it\/\",\"name\":\"\",\"description\":\"\",\"publisher\":{\"@id\":\"https:\/\/www.charminly.com\/it\/#organization\"},\"potentialAction\":[{\"@type\":\"SearchAction\",\"target\":{\"@type\":\"EntryPoint\",\"urlTemplate\":\"https:\/\/www.charminly.com\/it\/?s={search_term_string}\"},\"query-input\":{\"@type\":\"PropertyValueSpecification\",\"valueRequired\":true,\"valueName\":\"search_term_string\"}}],\"inLanguage\":\"it-IT\"},{\"@type\":\"Organization\",\"@id\":\"https:\/\/www.charminly.com\/it\/#organization\",\"name\":\"Charminly.com\",\"url\":\"https:\/\/www.charminly.com\/it\/\",\"logo\":{\"@type\":\"ImageObject\",\"inLanguage\":\"it-IT\",\"@id\":\"https:\/\/www.charminly.com\/it\/#\/schema\/logo\/image\/\",\"url\":\"https:\/\/www.charminly.com\/wp-content\/uploads\/2014\/10\/logo.png\",\"contentUrl\":\"https:\/\/www.charminly.com\/wp-content\/uploads\/2014\/10\/logo.png\",\"width\":264,\"height\":115,\"caption\":\"Charminly.com\"},\"image\":{\"@id\":\"https:\/\/www.charminly.com\/it\/#\/schema\/logo\/image\/\"},\"sameAs\":[\"https:\/\/www.facebook.com\/charminlyitalia\/\",\"https:\/\/x.com\/charminly_com\"]},{\"@type\":\"Person\",\"@id\":\"https:\/\/www.charminly.com\/it\/#\/schema\/person\/52806bb74f5c81bbf5f0989dd952c7ea\",\"name\":\"Ivan Lopez\",\"image\":{\"@type\":\"ImageObject\",\"inLanguage\":\"it-IT\",\"@id\":\"https:\/\/www.charminly.com\/it\/#\/schema\/person\/image\/\",\"url\":\"https:\/\/secure.gravatar.com\/avatar\/e8aef7257c7a278cfcb908e241d9761c?s=96&d=mm&r=g\",\"contentUrl\":\"https:\/\/secure.gravatar.com\/avatar\/e8aef7257c7a278cfcb908e241d9761c?s=96&d=mm&r=g\",\"caption\":\"Ivan Lopez\"},\"url\":\"https:\/\/www.charminly.com\/it\/author\/ivan\/\"}]}<\/script>\n<!-- \/ Yoast SEO plugin. -->","yoast_head_json":{"title":"Tra i castelli e la musica di Verdi nella provincia di Parma","description":"Soggiornando presso il B&B Al Battistero d\u2019Oro, in Emilia Romagna, potrete viaggiare tra i castelli e la musica di Verdi nella provincia di Parma","robots":{"index":"index","follow":"follow","max-snippet":"max-snippet:-1","max-image-preview":"max-image-preview:large","max-video-preview":"max-video-preview:-1"},"canonical":"https:\/\/www.charminly.com\/it\/tra-i-castelli-e-la-musica-di-verdi-nella-provincia-di-parma\/","og_locale":"it_IT","og_type":"article","og_title":"Tra i castelli e la musica di Verdi nella provincia di Parma","og_description":"Soggiornando presso il B&B Al Battistero d\u2019Oro, in Emilia Romagna, potrete viaggiare tra i castelli e la musica di Verdi nella provincia di Parma","og_url":"https:\/\/www.charminly.com\/it\/tra-i-castelli-e-la-musica-di-verdi-nella-provincia-di-parma\/","article_publisher":"https:\/\/www.facebook.com\/charminlyitalia\/","article_published_time":"2016-08-17T18:00:43+00:00","article_modified_time":"2020-01-15T09:57:12+00:00","og_image":[{"width":1024,"height":768,"url":"https:\/\/www.charminly.com\/wp-content\/uploads\/2016\/07\/Veduta_di_Rocca_Pallavicino_da_Piazza_Giuseppe_Verdi_-_Busseto_opt.jpg","type":"image\/jpeg"}],"author":"Ivan Lopez","twitter_card":"summary_large_image","twitter_creator":"@charminly_com","twitter_site":"@charminly_com","twitter_misc":{"Scritto da":"Ivan Lopez","Tempo di lettura stimato":"3 minuti"},"schema":{"@context":"https:\/\/schema.org","@graph":[{"@type":"Article","@id":"https:\/\/www.charminly.com\/it\/tra-i-castelli-e-la-musica-di-verdi-nella-provincia-di-parma\/#article","isPartOf":{"@id":"https:\/\/www.charminly.com\/it\/tra-i-castelli-e-la-musica-di-verdi-nella-provincia-di-parma\/"},"author":{"name":"Ivan Lopez","@id":"https:\/\/www.charminly.com\/it\/#\/schema\/person\/52806bb74f5c81bbf5f0989dd952c7ea"},"headline":"Tra i castelli e la musica di Verdi nella provincia di Parma","datePublished":"2016-08-17T18:00:43+00:00","dateModified":"2020-01-15T09:57:12+00:00","mainEntityOfPage":{"@id":"https:\/\/www.charminly.com\/it\/tra-i-castelli-e-la-musica-di-verdi-nella-provincia-di-parma\/"},"wordCount":575,"publisher":{"@id":"https:\/\/www.charminly.com\/it\/#organization"},"image":{"@id":"https:\/\/www.charminly.com\/it\/tra-i-castelli-e-la-musica-di-verdi-nella-provincia-di-parma\/#primaryimage"},"thumbnailUrl":"https:\/\/www.charminly.com\/wp-content\/uploads\/2016\/07\/Veduta_di_Rocca_Pallavicino_da_Piazza_Giuseppe_Verdi_-_Busseto_opt.jpg","keywords":["Cosa vedere in Emilia Romagna"],"articleSection":["Arte e cultura"],"inLanguage":"it-IT"},{"@type":"WebPage","@id":"https:\/\/www.charminly.com\/it\/tra-i-castelli-e-la-musica-di-verdi-nella-provincia-di-parma\/","url":"https:\/\/www.charminly.com\/it\/tra-i-castelli-e-la-musica-di-verdi-nella-provincia-di-parma\/","name":"Tra i castelli e la musica di Verdi nella provincia di Parma","isPartOf":{"@id":"https:\/\/www.charminly.com\/it\/#website"},"primaryImageOfPage":{"@id":"https:\/\/www.charminly.com\/it\/tra-i-castelli-e-la-musica-di-verdi-nella-provincia-di-parma\/#primaryimage"},"image":{"@id":"https:\/\/www.charminly.com\/it\/tra-i-castelli-e-la-musica-di-verdi-nella-provincia-di-parma\/#primaryimage"},"thumbnailUrl":"https:\/\/www.charminly.com\/wp-content\/uploads\/2016\/07\/Veduta_di_Rocca_Pallavicino_da_Piazza_Giuseppe_Verdi_-_Busseto_opt.jpg","datePublished":"2016-08-17T18:00:43+00:00","dateModified":"2020-01-15T09:57:12+00:00","description":"Soggiornando presso il B&B Al Battistero d\u2019Oro, in Emilia Romagna, potrete viaggiare tra i castelli e la musica di Verdi nella provincia di Parma","breadcrumb":{"@id":"https:\/\/www.charminly.com\/it\/tra-i-castelli-e-la-musica-di-verdi-nella-provincia-di-parma\/#breadcrumb"},"inLanguage":"it-IT","potentialAction":[{"@type":"ReadAction","target":["https:\/\/www.charminly.com\/it\/tra-i-castelli-e-la-musica-di-verdi-nella-provincia-di-parma\/"]}]},{"@type":"ImageObject","inLanguage":"it-IT","@id":"https:\/\/www.charminly.com\/it\/tra-i-castelli-e-la-musica-di-verdi-nella-provincia-di-parma\/#primaryimage","url":"https:\/\/www.charminly.com\/wp-content\/uploads\/2016\/07\/Veduta_di_Rocca_Pallavicino_da_Piazza_Giuseppe_Verdi_-_Busseto_opt.jpg","contentUrl":"https:\/\/www.charminly.com\/wp-content\/uploads\/2016\/07\/Veduta_di_Rocca_Pallavicino_da_Piazza_Giuseppe_Verdi_-_Busseto_opt.jpg","width":1024,"height":768},{"@type":"BreadcrumbList","@id":"https:\/\/www.charminly.com\/it\/tra-i-castelli-e-la-musica-di-verdi-nella-provincia-di-parma\/#breadcrumb","itemListElement":[{"@type":"ListItem","position":1,"name":"Home","item":"https:\/\/www.charminly.com\/it\/"},{"@type":"ListItem","position":2,"name":"Cosa vedere in Emilia Romagna","item":"https:\/\/www.charminly.com\/it\/tag\/cosa-vedere-in-emilia-romagna\/"},{"@type":"ListItem","position":3,"name":"Tra i castelli e la musica di Verdi nella provincia di Parma"}]},{"@type":"WebSite","@id":"https:\/\/www.charminly.com\/it\/#website","url":"https:\/\/www.charminly.com\/it\/","name":"","description":"","publisher":{"@id":"https:\/\/www.charminly.com\/it\/#organization"},"potentialAction":[{"@type":"SearchAction","target":{"@type":"EntryPoint","urlTemplate":"https:\/\/www.charminly.com\/it\/?s={search_term_string}"},"query-input":{"@type":"PropertyValueSpecification","valueRequired":true,"valueName":"search_term_string"}}],"inLanguage":"it-IT"},{"@type":"Organization","@id":"https:\/\/www.charminly.com\/it\/#organization","name":"Charminly.com","url":"https:\/\/www.charminly.com\/it\/","logo":{"@type":"ImageObject","inLanguage":"it-IT","@id":"https:\/\/www.charminly.com\/it\/#\/schema\/logo\/image\/","url":"https:\/\/www.charminly.com\/wp-content\/uploads\/2014\/10\/logo.png","contentUrl":"https:\/\/www.charminly.com\/wp-content\/uploads\/2014\/10\/logo.png","width":264,"height":115,"caption":"Charminly.com"},"image":{"@id":"https:\/\/www.charminly.com\/it\/#\/schema\/logo\/image\/"},"sameAs":["https:\/\/www.facebook.com\/charminlyitalia\/","https:\/\/x.com\/charminly_com"]},{"@type":"Person","@id":"https:\/\/www.charminly.com\/it\/#\/schema\/person\/52806bb74f5c81bbf5f0989dd952c7ea","name":"Ivan Lopez","image":{"@type":"ImageObject","inLanguage":"it-IT","@id":"https:\/\/www.charminly.com\/it\/#\/schema\/person\/image\/","url":"https:\/\/secure.gravatar.com\/avatar\/e8aef7257c7a278cfcb908e241d9761c?s=96&d=mm&r=g","contentUrl":"https:\/\/secure.gravatar.com\/avatar\/e8aef7257c7a278cfcb908e241d9761c?s=96&d=mm&r=g","caption":"Ivan Lopez"},"url":"https:\/\/www.charminly.com\/it\/author\/ivan\/"}]}},"_links":{"self":[{"href":"https:\/\/www.charminly.com\/it\/wp-json\/wp\/v2\/posts\/15137","targetHints":{"allow":["GET"]}}],"collection":[{"href":"https:\/\/www.charminly.com\/it\/wp-json\/wp\/v2\/posts"}],"about":[{"href":"https:\/\/www.charminly.com\/it\/wp-json\/wp\/v2\/types\/post"}],"author":[{"embeddable":true,"href":"https:\/\/www.charminly.com\/it\/wp-json\/wp\/v2\/users\/6"}],"replies":[{"embeddable":true,"href":"https:\/\/www.charminly.com\/it\/wp-json\/wp\/v2\/comments?post=15137"}],"version-history":[{"count":0,"href":"https:\/\/www.charminly.com\/it\/wp-json\/wp\/v2\/posts\/15137\/revisions"}],"wp:featuredmedia":[{"embeddable":true,"href":"https:\/\/www.charminly.com\/it\/wp-json\/wp\/v2\/media\/15134"}],"wp:attachment":[{"href":"https:\/\/www.charminly.com\/it\/wp-json\/wp\/v2\/media?parent=15137"}],"wp:term":[{"taxonomy":"category","embeddable":true,"href":"https:\/\/www.charminly.com\/it\/wp-json\/wp\/v2\/categories?post=15137"},{"taxonomy":"post_tag","embeddable":true,"href":"https:\/\/www.charminly.com\/it\/wp-json\/wp\/v2\/tags?post=15137"}],"curies":[{"name":"wp","href":"https:\/\/api.w.org\/{rel}","templated":true}]}}