{"id":14509,"date":"2016-06-30T11:38:15","date_gmt":"2016-06-30T09:38:15","guid":{"rendered":"https:\/\/www.charminly.com\/it\/?p=14509"},"modified":"2020-01-15T10:27:49","modified_gmt":"2020-01-15T09:27:49","slug":"jazz-taranta-e-sagre-nel-salento","status":"publish","type":"post","link":"https:\/\/www.charminly.com\/it\/jazz-taranta-e-sagre-nel-salento\/","title":{"rendered":"Jazz, Taranta e sagre nel Salento"},"content":{"rendered":"<p>Prenotando una vacanza presso la <a href=\"https:\/\/www.charminly.com\/it\/properties\/tenuta-monticelli-it\/\"><strong>Tenuta Monticelli<\/strong><\/a> o nel <a href=\"https:\/\/www.charminly.com\/it\/properties\/palazzo-castriota-it\/\"><strong>Palazzo Castriota<\/strong><\/a>, che si trova a <a href=\"https:\/\/www.charminly.com\/it\/area\/gallipoli-it\/\"><strong>Gallipoli<\/strong><\/a>, in provincia di <strong>Lecce<\/strong>, nel <a href=\"https:\/\/www.charminly.com\/it\/area\/salento-it\/\"><strong>Salento<\/strong><\/a>, in <strong>Puglia<\/strong>, potrete\u00a0scoprire\u00a0jazz, Taranta e sagre nel Salento.<\/p>\n<h3><strong>LA NOTTE ROSA<\/strong><\/h3>\n<p>A Giugno ad\u00a0 <strong>Otranto<\/strong> si volge la <strong>Notte Rosa<\/strong>. Una manifestazione dedicata alle donne, al lavoro femminile, all&#8217;arte. Sono tanti gli eventi organizzati ogni anno, dalle degustazioni di vini locali, ai concerti all&#8217;aperto e nei locali, rappresentazioni teatrali, mostre, dibattiti e convegni, eventi letterari e artistici.\u00a0 Tutta la citt\u00e0 di Otranto diventa palcoscenico ideale tra il lungomare, le piazze e le strade.<\/p>\n<h3><strong>SAGRA DELL\u2019INSALATA GRIKA<\/strong><\/h3>\n<p>A luglio a\u00a0 <strong>Martignano<\/strong> si svolge la <strong>Sagra dell&#8217;insalata grika<\/strong> e della salsiccia. Questa manifestazione \u00e8 nata nel 1992 e propone diverse specialit\u00e0 del Salento. Il piatto protagonista \u00e8 la salsiccia alla brace con un contorno\u00a0 di insalata Grika, piatto che proviene dalla tradizione della Grecia salentina. L&#8217;insalata si prepara con pomodori, peperoni, rucola, olive, capperi, cipolla, formaggi e peperoncino. Inoltre tanti eventi musicali per continuare la festa fino a tarda notte.<\/p>\n<h3><strong>SAGRA DEL PESCE<\/strong><\/h3>\n<p>A Luglio a <strong>Porto Cesareo<\/strong> si svolge la <strong>Sagra del Pesce<\/strong>, un appuntamento fisso ormai dagli anni sessanta e molto amato dagli abitanti e dai tanti turisti. Il pesce fresco viene rigorosamente pescato nel Salento\u00a0 e tra le tante ricette una delle preferite \u00e8 sicuramente la frittura, ancora meglio se accompagnata dal vino locale.<\/p>\n<h3><strong>OTRANTO JAZZ FESTIVAL<\/strong><\/h3>\n<p>A Luglio ad <strong>Otranto<\/strong> si svolge <strong>Otranto Jazz Festival,<\/strong> tra concerti di artisti italiani ed internazionali e dibattiti a tema. All&#8217;interno della manifestazione anche il Jazz & wine, connubio tra musica e vino, con degustazioni e premi alle aziende produttrici locali.<\/p>\n<h3><strong>CAVALCATA STORICA E FIERA DELL\u2019INCORONATA<\/strong><\/h3>\n<p>Ad Agosto a <strong>Nard\u00f2<\/strong> si svolge la <strong>Cavalcata storica e la fiera dell&#8217;incoronata<\/strong>. Questa manifestazione vuole rievocare un&#8217;antica fiera medievale e per l&#8217;occasione viene organizzata la cavalcata e un corteo con figuranti in costume, giullari, musici e acrobati. Il corteo giunge alla Chiesa dell&#8217;Incoronata per l&#8217;editto di apertura della fiera mercato.<\/p>\n<h3><strong>LA NOTTE BIANCA<\/strong><\/h3>\n<p>In agosto a <strong>Specchia<\/strong>, si svolge la<strong> Notte Bianca<\/strong>. Uno degli eventi pi\u00f9 attesi dell&#8217;estate che vede i vicoli e le piazze di questo bellissimo borgo animarsi di luci, colori e musica. Sono tanti gli eventi organizzati per l&#8217;occasione, molti dedicati alla musica, da quella folk al rock e jazz internazionale, al teatro con diverse rappresentazioni per le piazze del paese, e ancora spettacoli di danze popolari e danza moderna. Per gli amanti della letteratura non mancheranno salotti letterari e dibattiti a tema, inoltre proiezioni cinematografiche e installazioni artistiche. Molti i laboratori e gli spettacoli dedicati ai bambini.<\/p>\n<div id=\"attachment_14505\" style=\"width: 1034px\" class=\"wp-caption alignnone\"><img loading=\"lazy\" decoding=\"async\" aria-describedby=\"caption-attachment-14505\" class=\"wp-image-14505 size-large\" src=\"https:\/\/www.charminly.com\/wp-content\/uploads\/2016\/06\/Notte-della-Taranta-smarknews_opt-1024x684.jpg\" alt=\"Notte-della-Taranta (smarknews)_opt\" width=\"1024\" height=\"684\" srcset=\"https:\/\/www.charminly.com\/wp-content\/uploads\/2016\/06\/Notte-della-Taranta-smarknews_opt.jpg 1024w, https:\/\/www.charminly.com\/wp-content\/uploads\/2016\/06\/Notte-della-Taranta-smarknews_opt-300x200.jpg 300w, https:\/\/www.charminly.com\/wp-content\/uploads\/2016\/06\/Notte-della-Taranta-smarknews_opt-768x513.jpg 768w, https:\/\/www.charminly.com\/wp-content\/uploads\/2016\/06\/Notte-della-Taranta-smarknews_opt-105x70.jpg 105w\" sizes=\"auto, (max-width: 1024px) 100vw, 1024px\" \/><p id=\"caption-attachment-14505\" class=\"wp-caption-text\">Notte della\u00a0Taranta foto smarknews<\/p><\/div>\n<h3><strong>LA NOTTE DELLA TARANTA<\/strong><\/h3>\n<p>Ad agosto a <strong>Melpignano<\/strong>, la <strong>Notte della Taranta<\/strong> conclude un lungo festival musicale a tappe. Il concerto di Melpignano \u00e8 la conclusione di un evento estivo dedicato alla musica di vari generi, rock, pop, soul, e naturalmente tanta musica tradizionale folk. Numerosi artisti italiani ed internazionali si esibiscono sul palco di quello che viene chiamato, ormai affettuosamente, \u201cconcertone\u201d,\u00a0 per dare vita ad uno spettacolo coinvolgente che ogni anno attrae migliaia di fan da tutta Italia.<\/p>\n<hr \/>\n<div class=\"article_container\"><h2 class=\"shortcode_title\">Charming home nelle vicinanze<\/h2>\n\n\n<div class=\"col-md-4 shortcode-col listing_wrapper\" data-org=\"4\" data-listid=\"10154\">\n    <div class=\"property_listing   \" data-link=\"https:\/\/www.charminly.com\/it\/estate_property\/tenuta-monticelli-it\/\">\n\n        <div class=\"listing-unit-img-wrapper\"><a href=\"https:\/\/www.charminly.com\/it\/estate_property\/tenuta-monticelli-it\/\"><img loading=\"lazy\" decoding=\"async\" width=\"265\" height=\"163\" src=\"https:\/\/www.charminly.com\/wp-content\/uploads\/2015\/12\/Tenuta-Monticelli-1a-265x163.jpg\" class=\"lazyload img-responsive wp-post-image\" alt=\"\" data-original=\"https:\/\/www.charminly.com\/wp-content\/uploads\/2015\/12\/Tenuta-Monticelli-1a-265x163.jpg\" \/><\/a><\/div>\n\n            <h4><a href=\"https:\/\/www.charminly.com\/it\/estate_property\/tenuta-monticelli-it\/\">\n                    Tenuta Monticelli                <\/a>\n            <\/h4>\n            <div class=\"property_address\">\n                Strada Vicinale Santo Stefano, Alezio (LE)            <\/div>\n\n\n\n\n\n                            <div class=\"listing_details the_grid_view\">\n                    Tenuta Monticelli si trova ad Alezio a solo tre chilometri dall\u2019antica citt\u00e0 fortificata di Gallipoli che conser...                <\/div>\n\n                <div class=\"listing_details the_list_view\">\n                    Tenuta Monticelli si trova ad Alezio a solo tre chilometri dall\u2019antica citt\u00e0 fortificata di Gallipoli che conser...                <\/div>\n            \n\n            <div class=\"property_listing_details\">\n\n            <\/div>\n\n            <div class=\"property_location\">\n                <div> <span class=\"inforoom\">9<\/span><\/div><span class=\"pricerange\">da  160 a \u20ac 320<\/span>            <\/div>\n            <\/div>\n<\/div>\n\n<div class=\"listinglink-wrapper\">\n                           <a href=\"https:\/\/www.charminly.com\/listings\/relais-country-houses-en\/\"> <span class=\"wpresidence_button\"> more listings <\/span><\/a>\n                       <\/div><\/div>\n","protected":false},"excerpt":{"rendered":"<p>Prenotando una vacanza presso la Tenuta Monticelli o nel Palazzo Castriota, che si trova a Gallipoli, in provincia di Lecce, nel Salento, in Puglia, potrete\u00a0scoprire\u00a0jazz, Taranta e sagre nel Salento. LA NOTTE ROSA A Giugno ad\u00a0 Otranto si volge la Notte Rosa. Una manifestazione dedicata alle donne, al lavoro femminile, all&#8217;arte. Sono tanti gli eventi organizzati ogni anno, dalle degustazioni di vini locali, ai &#8230;<\/p>\n","protected":false},"author":6,"featured_media":14507,"comment_status":"closed","ping_status":"closed","sticky":false,"template":"","format":"standard","meta":{"_acf_changed":false,"footnotes":""},"categories":[144],"tags":[608,572],"class_list":["post-14509","post","type-post","status-publish","format-standard","has-post-thumbnail","hentry","category-feste-tradizioni-arti-e-mestieri","tag-cosa-fare-in-puglia","tag-what-to-do-in-apulia"],"acf":[],"yoast_head":"<!-- This site is optimized with the Yoast SEO plugin v23.9 - https:\/\/yoast.com\/wordpress\/plugins\/seo\/ -->\n<title>Jazz, Taranta e sagre nel Salento<\/title>\n<meta name=\"description\" content=\"Prenotando una vacanza presso la Tenuta Monticelli, a Gallipoli, in provincia di Lecce, in Puglia, potrete scoprire jazz, Taranta e sagre nel Salento\" \/>\n<meta name=\"robots\" content=\"index, follow, max-snippet:-1, max-image-preview:large, max-video-preview:-1\" \/>\n<link rel=\"canonical\" href=\"https:\/\/www.charminly.com\/it\/jazz-taranta-e-sagre-nel-salento\/\" \/>\n<meta property=\"og:locale\" content=\"it_IT\" \/>\n<meta property=\"og:type\" content=\"article\" \/>\n<meta property=\"og:title\" content=\"Jazz, Taranta e sagre nel Salento\" \/>\n<meta property=\"og:description\" content=\"Prenotando una vacanza presso la Tenuta Monticelli, a Gallipoli, in provincia di Lecce, in Puglia, potrete scoprire jazz, Taranta e sagre nel Salento\" \/>\n<meta property=\"og:url\" content=\"https:\/\/www.charminly.com\/it\/jazz-taranta-e-sagre-nel-salento\/\" \/>\n<meta property=\"article:publisher\" content=\"https:\/\/www.facebook.com\/charminlyitalia\/\" \/>\n<meta property=\"article:published_time\" content=\"2016-06-30T09:38:15+00:00\" \/>\n<meta property=\"article:modified_time\" content=\"2020-01-15T09:27:49+00:00\" \/>\n<meta property=\"og:image\" content=\"https:\/\/www.charminly.com\/wp-content\/uploads\/2016\/06\/Notte-della-Taranta-smarknews_opt.jpg\" \/>\n\t<meta property=\"og:image:width\" content=\"1024\" \/>\n\t<meta property=\"og:image:height\" content=\"684\" \/>\n\t<meta property=\"og:image:type\" content=\"image\/jpeg\" \/>\n<meta name=\"author\" content=\"Ivan Lopez\" \/>\n<meta name=\"twitter:card\" content=\"summary_large_image\" \/>\n<meta name=\"twitter:creator\" content=\"@charminly_com\" \/>\n<meta name=\"twitter:site\" content=\"@charminly_com\" \/>\n<meta name=\"twitter:label1\" content=\"Scritto da\" \/>\n\t<meta name=\"twitter:data1\" content=\"Ivan Lopez\" \/>\n\t<meta name=\"twitter:label2\" content=\"Tempo di lettura stimato\" \/>\n\t<meta name=\"twitter:data2\" content=\"3 minuti\" \/>\n<script type=\"application\/ld+json\" class=\"yoast-schema-graph\">{\"@context\":\"https:\/\/schema.org\",\"@graph\":[{\"@type\":\"Article\",\"@id\":\"https:\/\/www.charminly.com\/it\/jazz-taranta-e-sagre-nel-salento\/#article\",\"isPartOf\":{\"@id\":\"https:\/\/www.charminly.com\/it\/jazz-taranta-e-sagre-nel-salento\/\"},\"author\":{\"name\":\"Ivan Lopez\",\"@id\":\"https:\/\/www.charminly.com\/it\/#\/schema\/person\/52806bb74f5c81bbf5f0989dd952c7ea\"},\"headline\":\"Jazz, Taranta e sagre nel Salento\",\"datePublished\":\"2016-06-30T09:38:15+00:00\",\"dateModified\":\"2020-01-15T09:27:49+00:00\",\"mainEntityOfPage\":{\"@id\":\"https:\/\/www.charminly.com\/it\/jazz-taranta-e-sagre-nel-salento\/\"},\"wordCount\":562,\"publisher\":{\"@id\":\"https:\/\/www.charminly.com\/it\/#organization\"},\"image\":{\"@id\":\"https:\/\/www.charminly.com\/it\/jazz-taranta-e-sagre-nel-salento\/#primaryimage\"},\"thumbnailUrl\":\"https:\/\/www.charminly.com\/wp-content\/uploads\/2016\/06\/Notte-della-Taranta-smarknews_opt.jpg\",\"keywords\":[\"Cosa fare in Puglia\",\"What to do in Apulia\"],\"articleSection\":[\"Feste, tradizioni, arti e mestieri\"],\"inLanguage\":\"it-IT\"},{\"@type\":\"WebPage\",\"@id\":\"https:\/\/www.charminly.com\/it\/jazz-taranta-e-sagre-nel-salento\/\",\"url\":\"https:\/\/www.charminly.com\/it\/jazz-taranta-e-sagre-nel-salento\/\",\"name\":\"Jazz, Taranta e sagre nel Salento\",\"isPartOf\":{\"@id\":\"https:\/\/www.charminly.com\/it\/#website\"},\"primaryImageOfPage\":{\"@id\":\"https:\/\/www.charminly.com\/it\/jazz-taranta-e-sagre-nel-salento\/#primaryimage\"},\"image\":{\"@id\":\"https:\/\/www.charminly.com\/it\/jazz-taranta-e-sagre-nel-salento\/#primaryimage\"},\"thumbnailUrl\":\"https:\/\/www.charminly.com\/wp-content\/uploads\/2016\/06\/Notte-della-Taranta-smarknews_opt.jpg\",\"datePublished\":\"2016-06-30T09:38:15+00:00\",\"dateModified\":\"2020-01-15T09:27:49+00:00\",\"description\":\"Prenotando una vacanza presso la Tenuta Monticelli, a Gallipoli, in provincia di Lecce, in Puglia, potrete scoprire jazz, Taranta e sagre nel Salento\",\"breadcrumb\":{\"@id\":\"https:\/\/www.charminly.com\/it\/jazz-taranta-e-sagre-nel-salento\/#breadcrumb\"},\"inLanguage\":\"it-IT\",\"potentialAction\":[{\"@type\":\"ReadAction\",\"target\":[\"https:\/\/www.charminly.com\/it\/jazz-taranta-e-sagre-nel-salento\/\"]}]},{\"@type\":\"ImageObject\",\"inLanguage\":\"it-IT\",\"@id\":\"https:\/\/www.charminly.com\/it\/jazz-taranta-e-sagre-nel-salento\/#primaryimage\",\"url\":\"https:\/\/www.charminly.com\/wp-content\/uploads\/2016\/06\/Notte-della-Taranta-smarknews_opt.jpg\",\"contentUrl\":\"https:\/\/www.charminly.com\/wp-content\/uploads\/2016\/06\/Notte-della-Taranta-smarknews_opt.jpg\",\"width\":1024,\"height\":684},{\"@type\":\"BreadcrumbList\",\"@id\":\"https:\/\/www.charminly.com\/it\/jazz-taranta-e-sagre-nel-salento\/#breadcrumb\",\"itemListElement\":[{\"@type\":\"ListItem\",\"position\":1,\"name\":\"Home\",\"item\":\"https:\/\/www.charminly.com\/it\/\"},{\"@type\":\"ListItem\",\"position\":2,\"name\":\"Cosa fare in Puglia\",\"item\":\"https:\/\/www.charminly.com\/it\/tag\/cosa-fare-in-puglia\/\"},{\"@type\":\"ListItem\",\"position\":3,\"name\":\"Jazz, Taranta e sagre nel Salento\"}]},{\"@type\":\"WebSite\",\"@id\":\"https:\/\/www.charminly.com\/it\/#website\",\"url\":\"https:\/\/www.charminly.com\/it\/\",\"name\":\"\",\"description\":\"\",\"publisher\":{\"@id\":\"https:\/\/www.charminly.com\/it\/#organization\"},\"potentialAction\":[{\"@type\":\"SearchAction\",\"target\":{\"@type\":\"EntryPoint\",\"urlTemplate\":\"https:\/\/www.charminly.com\/it\/?s={search_term_string}\"},\"query-input\":{\"@type\":\"PropertyValueSpecification\",\"valueRequired\":true,\"valueName\":\"search_term_string\"}}],\"inLanguage\":\"it-IT\"},{\"@type\":\"Organization\",\"@id\":\"https:\/\/www.charminly.com\/it\/#organization\",\"name\":\"Charminly.com\",\"url\":\"https:\/\/www.charminly.com\/it\/\",\"logo\":{\"@type\":\"ImageObject\",\"inLanguage\":\"it-IT\",\"@id\":\"https:\/\/www.charminly.com\/it\/#\/schema\/logo\/image\/\",\"url\":\"https:\/\/www.charminly.com\/wp-content\/uploads\/2014\/10\/logo.png\",\"contentUrl\":\"https:\/\/www.charminly.com\/wp-content\/uploads\/2014\/10\/logo.png\",\"width\":264,\"height\":115,\"caption\":\"Charminly.com\"},\"image\":{\"@id\":\"https:\/\/www.charminly.com\/it\/#\/schema\/logo\/image\/\"},\"sameAs\":[\"https:\/\/www.facebook.com\/charminlyitalia\/\",\"https:\/\/x.com\/charminly_com\"]},{\"@type\":\"Person\",\"@id\":\"https:\/\/www.charminly.com\/it\/#\/schema\/person\/52806bb74f5c81bbf5f0989dd952c7ea\",\"name\":\"Ivan Lopez\",\"image\":{\"@type\":\"ImageObject\",\"inLanguage\":\"it-IT\",\"@id\":\"https:\/\/www.charminly.com\/it\/#\/schema\/person\/image\/\",\"url\":\"https:\/\/secure.gravatar.com\/avatar\/e8aef7257c7a278cfcb908e241d9761c?s=96&d=mm&r=g\",\"contentUrl\":\"https:\/\/secure.gravatar.com\/avatar\/e8aef7257c7a278cfcb908e241d9761c?s=96&d=mm&r=g\",\"caption\":\"Ivan Lopez\"},\"url\":\"https:\/\/www.charminly.com\/it\/author\/ivan\/\"}]}<\/script>\n<!-- \/ Yoast SEO plugin. -->","yoast_head_json":{"title":"Jazz, Taranta e sagre nel Salento","description":"Prenotando una vacanza presso la Tenuta Monticelli, a Gallipoli, in provincia di Lecce, in Puglia, potrete scoprire jazz, Taranta e sagre nel Salento","robots":{"index":"index","follow":"follow","max-snippet":"max-snippet:-1","max-image-preview":"max-image-preview:large","max-video-preview":"max-video-preview:-1"},"canonical":"https:\/\/www.charminly.com\/it\/jazz-taranta-e-sagre-nel-salento\/","og_locale":"it_IT","og_type":"article","og_title":"Jazz, Taranta e sagre nel Salento","og_description":"Prenotando una vacanza presso la Tenuta Monticelli, a Gallipoli, in provincia di Lecce, in Puglia, potrete scoprire jazz, Taranta e sagre nel Salento","og_url":"https:\/\/www.charminly.com\/it\/jazz-taranta-e-sagre-nel-salento\/","article_publisher":"https:\/\/www.facebook.com\/charminlyitalia\/","article_published_time":"2016-06-30T09:38:15+00:00","article_modified_time":"2020-01-15T09:27:49+00:00","og_image":[{"width":1024,"height":684,"url":"https:\/\/www.charminly.com\/wp-content\/uploads\/2016\/06\/Notte-della-Taranta-smarknews_opt.jpg","type":"image\/jpeg"}],"author":"Ivan Lopez","twitter_card":"summary_large_image","twitter_creator":"@charminly_com","twitter_site":"@charminly_com","twitter_misc":{"Scritto da":"Ivan Lopez","Tempo di lettura stimato":"3 minuti"},"schema":{"@context":"https:\/\/schema.org","@graph":[{"@type":"Article","@id":"https:\/\/www.charminly.com\/it\/jazz-taranta-e-sagre-nel-salento\/#article","isPartOf":{"@id":"https:\/\/www.charminly.com\/it\/jazz-taranta-e-sagre-nel-salento\/"},"author":{"name":"Ivan Lopez","@id":"https:\/\/www.charminly.com\/it\/#\/schema\/person\/52806bb74f5c81bbf5f0989dd952c7ea"},"headline":"Jazz, Taranta e sagre nel Salento","datePublished":"2016-06-30T09:38:15+00:00","dateModified":"2020-01-15T09:27:49+00:00","mainEntityOfPage":{"@id":"https:\/\/www.charminly.com\/it\/jazz-taranta-e-sagre-nel-salento\/"},"wordCount":562,"publisher":{"@id":"https:\/\/www.charminly.com\/it\/#organization"},"image":{"@id":"https:\/\/www.charminly.com\/it\/jazz-taranta-e-sagre-nel-salento\/#primaryimage"},"thumbnailUrl":"https:\/\/www.charminly.com\/wp-content\/uploads\/2016\/06\/Notte-della-Taranta-smarknews_opt.jpg","keywords":["Cosa fare in Puglia","What to do in Apulia"],"articleSection":["Feste, tradizioni, arti e mestieri"],"inLanguage":"it-IT"},{"@type":"WebPage","@id":"https:\/\/www.charminly.com\/it\/jazz-taranta-e-sagre-nel-salento\/","url":"https:\/\/www.charminly.com\/it\/jazz-taranta-e-sagre-nel-salento\/","name":"Jazz, Taranta e sagre nel Salento","isPartOf":{"@id":"https:\/\/www.charminly.com\/it\/#website"},"primaryImageOfPage":{"@id":"https:\/\/www.charminly.com\/it\/jazz-taranta-e-sagre-nel-salento\/#primaryimage"},"image":{"@id":"https:\/\/www.charminly.com\/it\/jazz-taranta-e-sagre-nel-salento\/#primaryimage"},"thumbnailUrl":"https:\/\/www.charminly.com\/wp-content\/uploads\/2016\/06\/Notte-della-Taranta-smarknews_opt.jpg","datePublished":"2016-06-30T09:38:15+00:00","dateModified":"2020-01-15T09:27:49+00:00","description":"Prenotando una vacanza presso la Tenuta Monticelli, a Gallipoli, in provincia di Lecce, in Puglia, potrete scoprire jazz, Taranta e sagre nel Salento","breadcrumb":{"@id":"https:\/\/www.charminly.com\/it\/jazz-taranta-e-sagre-nel-salento\/#breadcrumb"},"inLanguage":"it-IT","potentialAction":[{"@type":"ReadAction","target":["https:\/\/www.charminly.com\/it\/jazz-taranta-e-sagre-nel-salento\/"]}]},{"@type":"ImageObject","inLanguage":"it-IT","@id":"https:\/\/www.charminly.com\/it\/jazz-taranta-e-sagre-nel-salento\/#primaryimage","url":"https:\/\/www.charminly.com\/wp-content\/uploads\/2016\/06\/Notte-della-Taranta-smarknews_opt.jpg","contentUrl":"https:\/\/www.charminly.com\/wp-content\/uploads\/2016\/06\/Notte-della-Taranta-smarknews_opt.jpg","width":1024,"height":684},{"@type":"BreadcrumbList","@id":"https:\/\/www.charminly.com\/it\/jazz-taranta-e-sagre-nel-salento\/#breadcrumb","itemListElement":[{"@type":"ListItem","position":1,"name":"Home","item":"https:\/\/www.charminly.com\/it\/"},{"@type":"ListItem","position":2,"name":"Cosa fare in Puglia","item":"https:\/\/www.charminly.com\/it\/tag\/cosa-fare-in-puglia\/"},{"@type":"ListItem","position":3,"name":"Jazz, Taranta e sagre nel Salento"}]},{"@type":"WebSite","@id":"https:\/\/www.charminly.com\/it\/#website","url":"https:\/\/www.charminly.com\/it\/","name":"","description":"","publisher":{"@id":"https:\/\/www.charminly.com\/it\/#organization"},"potentialAction":[{"@type":"SearchAction","target":{"@type":"EntryPoint","urlTemplate":"https:\/\/www.charminly.com\/it\/?s={search_term_string}"},"query-input":{"@type":"PropertyValueSpecification","valueRequired":true,"valueName":"search_term_string"}}],"inLanguage":"it-IT"},{"@type":"Organization","@id":"https:\/\/www.charminly.com\/it\/#organization","name":"Charminly.com","url":"https:\/\/www.charminly.com\/it\/","logo":{"@type":"ImageObject","inLanguage":"it-IT","@id":"https:\/\/www.charminly.com\/it\/#\/schema\/logo\/image\/","url":"https:\/\/www.charminly.com\/wp-content\/uploads\/2014\/10\/logo.png","contentUrl":"https:\/\/www.charminly.com\/wp-content\/uploads\/2014\/10\/logo.png","width":264,"height":115,"caption":"Charminly.com"},"image":{"@id":"https:\/\/www.charminly.com\/it\/#\/schema\/logo\/image\/"},"sameAs":["https:\/\/www.facebook.com\/charminlyitalia\/","https:\/\/x.com\/charminly_com"]},{"@type":"Person","@id":"https:\/\/www.charminly.com\/it\/#\/schema\/person\/52806bb74f5c81bbf5f0989dd952c7ea","name":"Ivan Lopez","image":{"@type":"ImageObject","inLanguage":"it-IT","@id":"https:\/\/www.charminly.com\/it\/#\/schema\/person\/image\/","url":"https:\/\/secure.gravatar.com\/avatar\/e8aef7257c7a278cfcb908e241d9761c?s=96&d=mm&r=g","contentUrl":"https:\/\/secure.gravatar.com\/avatar\/e8aef7257c7a278cfcb908e241d9761c?s=96&d=mm&r=g","caption":"Ivan Lopez"},"url":"https:\/\/www.charminly.com\/it\/author\/ivan\/"}]}},"_links":{"self":[{"href":"https:\/\/www.charminly.com\/it\/wp-json\/wp\/v2\/posts\/14509","targetHints":{"allow":["GET"]}}],"collection":[{"href":"https:\/\/www.charminly.com\/it\/wp-json\/wp\/v2\/posts"}],"about":[{"href":"https:\/\/www.charminly.com\/it\/wp-json\/wp\/v2\/types\/post"}],"author":[{"embeddable":true,"href":"https:\/\/www.charminly.com\/it\/wp-json\/wp\/v2\/users\/6"}],"replies":[{"embeddable":true,"href":"https:\/\/www.charminly.com\/it\/wp-json\/wp\/v2\/comments?post=14509"}],"version-history":[{"count":0,"href":"https:\/\/www.charminly.com\/it\/wp-json\/wp\/v2\/posts\/14509\/revisions"}],"wp:featuredmedia":[{"embeddable":true,"href":"https:\/\/www.charminly.com\/it\/wp-json\/wp\/v2\/media\/14507"}],"wp:attachment":[{"href":"https:\/\/www.charminly.com\/it\/wp-json\/wp\/v2\/media?parent=14509"}],"wp:term":[{"taxonomy":"category","embeddable":true,"href":"https:\/\/www.charminly.com\/it\/wp-json\/wp\/v2\/categories?post=14509"},{"taxonomy":"post_tag","embeddable":true,"href":"https:\/\/www.charminly.com\/it\/wp-json\/wp\/v2\/tags?post=14509"}],"curies":[{"name":"wp","href":"https:\/\/api.w.org\/{rel}","templated":true}]}}