{"id":14412,"date":"2016-06-30T11:17:07","date_gmt":"2016-06-30T09:17:07","guid":{"rendered":"https:\/\/www.charminly.com\/it\/?p=14412"},"modified":"2020-01-15T10:16:22","modified_gmt":"2020-01-15T09:16:22","slug":"i-sapori-e-la-devozione-delle-feste-nella-provincia-di-catania","status":"publish","type":"post","link":"https:\/\/www.charminly.com\/it\/i-sapori-e-la-devozione-delle-feste-nella-provincia-di-catania\/","title":{"rendered":"I sapori e la devozione delle feste nella provincia di Catania"},"content":{"rendered":"<h3><strong>FESTA DI SANT\u2019AGATA<\/strong><\/h3>\n<p>In febbraio a <strong>Catania<\/strong> si svolge la<strong> Festa di Sant&#8217;Agata<\/strong>. Alla patrona della citt\u00e0 \u00e8 dedicata una festa spettacolare, con una partecipazione di fedeli tra le pi\u00f9 importanti d&#8217;Italia. La festa si svolge in 3 giorni con La processione dell&#8217;offerta della cera, il giro esterno della citt\u00e0, e infine il giro interno con la Salita di San Giuliano tra i momenti pi\u00f9 emozionanti.<\/p>\n<div id=\"attachment_14405\" style=\"width: 1034px\" class=\"wp-caption alignnone\"><img loading=\"lazy\" decoding=\"async\" aria-describedby=\"caption-attachment-14405\" class=\"wp-image-14405 size-large\" src=\"https:\/\/www.charminly.com\/wp-content\/uploads\/2016\/06\/festa_santagata-saint-agatha_opt-1024x678.jpg\" alt=\"festa_santagata (saint-agatha)_opt\" width=\"1024\" height=\"678\" srcset=\"https:\/\/www.charminly.com\/wp-content\/uploads\/2016\/06\/festa_santagata-saint-agatha_opt.jpg 1024w, https:\/\/www.charminly.com\/wp-content\/uploads\/2016\/06\/festa_santagata-saint-agatha_opt-300x199.jpg 300w, https:\/\/www.charminly.com\/wp-content\/uploads\/2016\/06\/festa_santagata-saint-agatha_opt-768x509.jpg 768w, https:\/\/www.charminly.com\/wp-content\/uploads\/2016\/06\/festa_santagata-saint-agatha_opt-105x70.jpg 105w\" sizes=\"auto, (max-width: 1024px) 100vw, 1024px\" \/><p id=\"caption-attachment-14405\" class=\"wp-caption-text\">Festa di\u00a0Sant&#8217;Agata foto saint-agatha<\/p><\/div>\n<h3><strong>CARNEVALE<\/strong><\/h3>\n<p>A febbraio ad <strong>Acireale<\/strong>, potete assistere ad un carnevale tra i pi\u00f9 estrosi e coinvolgenti. Il corteo \u00e8 formato da carri allegorici in cartapesta dalle dimensioni imponenti, ricchi di luci e colori, con elementi mobili grazie a sistemi meccanici ed idraulici di grande complessit\u00e0. Inoltre ci sono i bellissimi carri infiorati, realizzati esclusivamente con fiori freschi.<\/p>\n<div id=\"attachment_62803\" style=\"width: 1034px\" class=\"wp-caption alignnone\"><img loading=\"lazy\" decoding=\"async\" aria-describedby=\"caption-attachment-62803\" class=\"size-full wp-image-62803\" src=\"https:\/\/www.charminly.com\/wp-content\/uploads\/2016\/06\/Carnevale_di_Acireale_opt.jpg\" alt=\"\" width=\"1024\" height=\"768\" srcset=\"https:\/\/www.charminly.com\/wp-content\/uploads\/2016\/06\/Carnevale_di_Acireale_opt.jpg 1024w, https:\/\/www.charminly.com\/wp-content\/uploads\/2016\/06\/Carnevale_di_Acireale_opt-300x225.jpg 300w, https:\/\/www.charminly.com\/wp-content\/uploads\/2016\/06\/Carnevale_di_Acireale_opt-768x576.jpg 768w\" sizes=\"auto, (max-width: 1024px) 100vw, 1024px\" \/><p id=\"caption-attachment-62803\" class=\"wp-caption-text\">Carnevale di Acireale<\/p><\/div>\n<h3><strong>SAGRA DEL CARCIOFO<\/strong><\/h3>\n<p>In marzo a <strong>Ramacca<\/strong> si svolge la <strong>sagra del Carciofo <\/strong>da oltre 25 anni. La specialit\u00e0 di Ramacca \u00e8 il carciofo violetto, uno dei tanti prodotti di punta di questo borgo dalle origini agricole. Alla sagra tanti piatti preparati con i carciofi, dalla pasta ai contorni di carne, contorni di carciofi arrosto. Per l&#8217;occasione si organizzano anche sfilate in costume e danze dei gruppi folk.<\/p>\n<h3><strong>FESTIVAL DELLA GRANITA SICILIANA<\/strong><\/h3>\n<p>A giugno ad <strong>Acireale<\/strong> si svolge il<strong> Festival della Granita Siciliana<\/strong>. La granita siciliana ha origini lontane quando i\u00a0\u00a0 \u201cnivaroli\u201d, andavano a raccogliere la neve fino all&#8217;Etna o negli Iblei e la conservavano nelle neviere. Ecco che d&#8217;estate si sfruttava la neve per preparare alimenti freschi come la granita al limone. Oggi potete ancora rinfrescarvi con un&#8217;ottima granita preparata per strada.<\/p>\n<h3><strong>U PISCI A MARI<\/strong><\/h3>\n<p>A giugno ad\u00a0 <strong>Acitrezza<\/strong>, si svolge <strong>U Pisci a Mari<\/strong>, una manifestazione legata alla pesca inclusa nei festeggiamenti per il patrono San Giovanni Battista. Si tratta di una rappresentazione della pesca del pesce spada che si svolge tradizionalmente nello stretto di Messina e ha la funzione di rito propiziatorio.\u00a0 Questa festa rappresenta il lungo legame dell&#8217;uomo al mare.<\/p>\n<h3><strong>SAGRA DEL PISTACCHIO<\/strong><\/h3>\n<p>A fine agosto a <strong>Bronte<\/strong> si svolge la <strong>Sagra del Pistacchio<\/strong>. Tutte le ricette di dolci, creme, gelati, torte, torroni, vengono realizzate con questo prodotto locale che ha ottenuto il riconoscimento di Pistacchio di Bronte DOP. Potrete assaggiare persino i famosi cannoli siciliani con la variante del ripieno di ricotta preparata al pistacchio.\u00a0\u00a0 Durante la sagra si svolge anche una gara tra pasticceri che dovranno aggiudicarsi il trofeo con il dolce al pistacchio pi\u00f9 buono.<\/p>\n<h3><strong>OTTOBRATA<\/strong><\/h3>\n<p>Tutte le domeniche di ottobre a <strong>Zafferana<\/strong> si svolge l&#8217;<strong>Ottobrata<\/strong>, una mostra mercato dei prodotti tipici dell&#8217;Etna. Il mercato \u00e8 affollatissimo e ricco di prodotti alimentari come miele, uva, vino, frutta secca, olio d&#8217;oliva, funghi, marmellate, olive, e tutto ci\u00f2 che viene prodotto in questa splendida terra. Inoltre tanti prodotti artigianali come sculture in legno, di pietra, dipinti, ricami, lavori di cucito, ferro battuto.<\/p>\n<hr \/>\n<div class=\"article_container\"><h2 class=\"shortcode_title\">Charming home nelle vicinanze<\/h2><div class=\"listinglink-wrapper\">\n                           <a href=\"https:\/\/www.charminly.com\/listings\/relais-country-houses-en\/\"> <span class=\"wpresidence_button\"> more listings <\/span><\/a>\n                       <\/div><\/div>\n","protected":false},"excerpt":{"rendered":"<p>FESTA DI SANT\u2019AGATA In febbraio a Catania si svolge la Festa di Sant&#8217;Agata. Alla patrona della citt\u00e0 \u00e8 dedicata una festa spettacolare, con una partecipazione di fedeli tra le pi\u00f9 importanti d&#8217;Italia. La festa si svolge in 3 giorni con La processione dell&#8217;offerta della cera, il giro esterno della citt\u00e0, e infine il giro interno con la Salita di San Giuliano tra i momenti &#8230;<\/p>\n","protected":false},"author":6,"featured_media":62803,"comment_status":"closed","ping_status":"closed","sticky":false,"template":"","format":"standard","meta":{"_acf_changed":false,"footnotes":""},"categories":[144],"tags":[660],"class_list":["post-14412","post","type-post","status-publish","format-standard","has-post-thumbnail","hentry","category-feste-tradizioni-arti-e-mestieri","tag-cosa-fare-in-sicilia"],"acf":[],"yoast_head":"<!-- This site is optimized with the Yoast SEO plugin v23.9 - https:\/\/yoast.com\/wordpress\/plugins\/seo\/ -->\n<title>I sapori e la devozione delle feste nella provincia di Catania<\/title>\n<meta name=\"description\" content=\"I sapori e la devozione delle feste nella provincia di Catania\" \/>\n<meta name=\"robots\" content=\"index, follow, max-snippet:-1, max-image-preview:large, max-video-preview:-1\" \/>\n<link rel=\"canonical\" href=\"https:\/\/www.charminly.com\/it\/i-sapori-e-la-devozione-delle-feste-nella-provincia-di-catania\/\" \/>\n<meta property=\"og:locale\" content=\"it_IT\" \/>\n<meta property=\"og:type\" content=\"article\" \/>\n<meta property=\"og:title\" content=\"I sapori e la devozione delle feste nella provincia di Catania\" \/>\n<meta property=\"og:description\" content=\"I sapori e la devozione delle feste nella provincia di Catania\" \/>\n<meta property=\"og:url\" content=\"https:\/\/www.charminly.com\/it\/i-sapori-e-la-devozione-delle-feste-nella-provincia-di-catania\/\" \/>\n<meta property=\"article:publisher\" content=\"https:\/\/www.facebook.com\/charminlyitalia\/\" \/>\n<meta property=\"article:published_time\" content=\"2016-06-30T09:17:07+00:00\" \/>\n<meta property=\"article:modified_time\" content=\"2020-01-15T09:16:22+00:00\" \/>\n<meta property=\"og:image\" content=\"https:\/\/www.charminly.com\/wp-content\/uploads\/2016\/06\/Carnevale_di_Acireale_opt.jpg\" \/>\n\t<meta property=\"og:image:width\" content=\"1024\" \/>\n\t<meta property=\"og:image:height\" content=\"768\" \/>\n\t<meta property=\"og:image:type\" content=\"image\/jpeg\" \/>\n<meta name=\"author\" content=\"Ivan Lopez\" \/>\n<meta name=\"twitter:card\" content=\"summary_large_image\" \/>\n<meta name=\"twitter:creator\" content=\"@charminly_com\" \/>\n<meta name=\"twitter:site\" content=\"@charminly_com\" \/>\n<meta name=\"twitter:label1\" content=\"Scritto da\" \/>\n\t<meta name=\"twitter:data1\" content=\"Ivan Lopez\" \/>\n\t<meta name=\"twitter:label2\" content=\"Tempo di lettura stimato\" \/>\n\t<meta name=\"twitter:data2\" content=\"3 minuti\" \/>\n<script type=\"application\/ld+json\" class=\"yoast-schema-graph\">{\"@context\":\"https:\/\/schema.org\",\"@graph\":[{\"@type\":\"Article\",\"@id\":\"https:\/\/www.charminly.com\/it\/i-sapori-e-la-devozione-delle-feste-nella-provincia-di-catania\/#article\",\"isPartOf\":{\"@id\":\"https:\/\/www.charminly.com\/it\/i-sapori-e-la-devozione-delle-feste-nella-provincia-di-catania\/\"},\"author\":{\"name\":\"Ivan Lopez\",\"@id\":\"https:\/\/www.charminly.com\/it\/#\/schema\/person\/52806bb74f5c81bbf5f0989dd952c7ea\"},\"headline\":\"I sapori e la devozione delle feste nella provincia di Catania\",\"datePublished\":\"2016-06-30T09:17:07+00:00\",\"dateModified\":\"2020-01-15T09:16:22+00:00\",\"mainEntityOfPage\":{\"@id\":\"https:\/\/www.charminly.com\/it\/i-sapori-e-la-devozione-delle-feste-nella-provincia-di-catania\/\"},\"wordCount\":527,\"publisher\":{\"@id\":\"https:\/\/www.charminly.com\/it\/#organization\"},\"image\":{\"@id\":\"https:\/\/www.charminly.com\/it\/i-sapori-e-la-devozione-delle-feste-nella-provincia-di-catania\/#primaryimage\"},\"thumbnailUrl\":\"https:\/\/www.charminly.com\/wp-content\/uploads\/2016\/06\/Carnevale_di_Acireale_opt.jpg\",\"keywords\":[\"Cosa fare in Sicilia\"],\"articleSection\":[\"Feste, tradizioni, arti e mestieri\"],\"inLanguage\":\"it-IT\"},{\"@type\":\"WebPage\",\"@id\":\"https:\/\/www.charminly.com\/it\/i-sapori-e-la-devozione-delle-feste-nella-provincia-di-catania\/\",\"url\":\"https:\/\/www.charminly.com\/it\/i-sapori-e-la-devozione-delle-feste-nella-provincia-di-catania\/\",\"name\":\"I sapori e la devozione delle feste nella provincia di Catania\",\"isPartOf\":{\"@id\":\"https:\/\/www.charminly.com\/it\/#website\"},\"primaryImageOfPage\":{\"@id\":\"https:\/\/www.charminly.com\/it\/i-sapori-e-la-devozione-delle-feste-nella-provincia-di-catania\/#primaryimage\"},\"image\":{\"@id\":\"https:\/\/www.charminly.com\/it\/i-sapori-e-la-devozione-delle-feste-nella-provincia-di-catania\/#primaryimage\"},\"thumbnailUrl\":\"https:\/\/www.charminly.com\/wp-content\/uploads\/2016\/06\/Carnevale_di_Acireale_opt.jpg\",\"datePublished\":\"2016-06-30T09:17:07+00:00\",\"dateModified\":\"2020-01-15T09:16:22+00:00\",\"description\":\"I sapori e la devozione delle feste nella provincia di Catania\",\"breadcrumb\":{\"@id\":\"https:\/\/www.charminly.com\/it\/i-sapori-e-la-devozione-delle-feste-nella-provincia-di-catania\/#breadcrumb\"},\"inLanguage\":\"it-IT\",\"potentialAction\":[{\"@type\":\"ReadAction\",\"target\":[\"https:\/\/www.charminly.com\/it\/i-sapori-e-la-devozione-delle-feste-nella-provincia-di-catania\/\"]}]},{\"@type\":\"ImageObject\",\"inLanguage\":\"it-IT\",\"@id\":\"https:\/\/www.charminly.com\/it\/i-sapori-e-la-devozione-delle-feste-nella-provincia-di-catania\/#primaryimage\",\"url\":\"https:\/\/www.charminly.com\/wp-content\/uploads\/2016\/06\/Carnevale_di_Acireale_opt.jpg\",\"contentUrl\":\"https:\/\/www.charminly.com\/wp-content\/uploads\/2016\/06\/Carnevale_di_Acireale_opt.jpg\",\"width\":1024,\"height\":768,\"caption\":\"Carnevale di Acireale\"},{\"@type\":\"BreadcrumbList\",\"@id\":\"https:\/\/www.charminly.com\/it\/i-sapori-e-la-devozione-delle-feste-nella-provincia-di-catania\/#breadcrumb\",\"itemListElement\":[{\"@type\":\"ListItem\",\"position\":1,\"name\":\"Home\",\"item\":\"https:\/\/www.charminly.com\/it\/\"},{\"@type\":\"ListItem\",\"position\":2,\"name\":\"Cosa fare in Sicilia\",\"item\":\"https:\/\/www.charminly.com\/it\/tag\/cosa-fare-in-sicilia\/\"},{\"@type\":\"ListItem\",\"position\":3,\"name\":\"I sapori e la devozione delle feste nella provincia di Catania\"}]},{\"@type\":\"WebSite\",\"@id\":\"https:\/\/www.charminly.com\/it\/#website\",\"url\":\"https:\/\/www.charminly.com\/it\/\",\"name\":\"\",\"description\":\"\",\"publisher\":{\"@id\":\"https:\/\/www.charminly.com\/it\/#organization\"},\"potentialAction\":[{\"@type\":\"SearchAction\",\"target\":{\"@type\":\"EntryPoint\",\"urlTemplate\":\"https:\/\/www.charminly.com\/it\/?s={search_term_string}\"},\"query-input\":{\"@type\":\"PropertyValueSpecification\",\"valueRequired\":true,\"valueName\":\"search_term_string\"}}],\"inLanguage\":\"it-IT\"},{\"@type\":\"Organization\",\"@id\":\"https:\/\/www.charminly.com\/it\/#organization\",\"name\":\"Charminly.com\",\"url\":\"https:\/\/www.charminly.com\/it\/\",\"logo\":{\"@type\":\"ImageObject\",\"inLanguage\":\"it-IT\",\"@id\":\"https:\/\/www.charminly.com\/it\/#\/schema\/logo\/image\/\",\"url\":\"https:\/\/www.charminly.com\/wp-content\/uploads\/2014\/10\/logo.png\",\"contentUrl\":\"https:\/\/www.charminly.com\/wp-content\/uploads\/2014\/10\/logo.png\",\"width\":264,\"height\":115,\"caption\":\"Charminly.com\"},\"image\":{\"@id\":\"https:\/\/www.charminly.com\/it\/#\/schema\/logo\/image\/\"},\"sameAs\":[\"https:\/\/www.facebook.com\/charminlyitalia\/\",\"https:\/\/x.com\/charminly_com\"]},{\"@type\":\"Person\",\"@id\":\"https:\/\/www.charminly.com\/it\/#\/schema\/person\/52806bb74f5c81bbf5f0989dd952c7ea\",\"name\":\"Ivan Lopez\",\"image\":{\"@type\":\"ImageObject\",\"inLanguage\":\"it-IT\",\"@id\":\"https:\/\/www.charminly.com\/it\/#\/schema\/person\/image\/\",\"url\":\"https:\/\/secure.gravatar.com\/avatar\/e8aef7257c7a278cfcb908e241d9761c?s=96&d=mm&r=g\",\"contentUrl\":\"https:\/\/secure.gravatar.com\/avatar\/e8aef7257c7a278cfcb908e241d9761c?s=96&d=mm&r=g\",\"caption\":\"Ivan Lopez\"},\"url\":\"https:\/\/www.charminly.com\/it\/author\/ivan\/\"}]}<\/script>\n<!-- \/ Yoast SEO plugin. -->","yoast_head_json":{"title":"I sapori e la devozione delle feste nella provincia di Catania","description":"I sapori e la devozione delle feste nella provincia di Catania","robots":{"index":"index","follow":"follow","max-snippet":"max-snippet:-1","max-image-preview":"max-image-preview:large","max-video-preview":"max-video-preview:-1"},"canonical":"https:\/\/www.charminly.com\/it\/i-sapori-e-la-devozione-delle-feste-nella-provincia-di-catania\/","og_locale":"it_IT","og_type":"article","og_title":"I sapori e la devozione delle feste nella provincia di Catania","og_description":"I sapori e la devozione delle feste nella provincia di Catania","og_url":"https:\/\/www.charminly.com\/it\/i-sapori-e-la-devozione-delle-feste-nella-provincia-di-catania\/","article_publisher":"https:\/\/www.facebook.com\/charminlyitalia\/","article_published_time":"2016-06-30T09:17:07+00:00","article_modified_time":"2020-01-15T09:16:22+00:00","og_image":[{"width":1024,"height":768,"url":"https:\/\/www.charminly.com\/wp-content\/uploads\/2016\/06\/Carnevale_di_Acireale_opt.jpg","type":"image\/jpeg"}],"author":"Ivan Lopez","twitter_card":"summary_large_image","twitter_creator":"@charminly_com","twitter_site":"@charminly_com","twitter_misc":{"Scritto da":"Ivan Lopez","Tempo di lettura stimato":"3 minuti"},"schema":{"@context":"https:\/\/schema.org","@graph":[{"@type":"Article","@id":"https:\/\/www.charminly.com\/it\/i-sapori-e-la-devozione-delle-feste-nella-provincia-di-catania\/#article","isPartOf":{"@id":"https:\/\/www.charminly.com\/it\/i-sapori-e-la-devozione-delle-feste-nella-provincia-di-catania\/"},"author":{"name":"Ivan Lopez","@id":"https:\/\/www.charminly.com\/it\/#\/schema\/person\/52806bb74f5c81bbf5f0989dd952c7ea"},"headline":"I sapori e la devozione delle feste nella provincia di Catania","datePublished":"2016-06-30T09:17:07+00:00","dateModified":"2020-01-15T09:16:22+00:00","mainEntityOfPage":{"@id":"https:\/\/www.charminly.com\/it\/i-sapori-e-la-devozione-delle-feste-nella-provincia-di-catania\/"},"wordCount":527,"publisher":{"@id":"https:\/\/www.charminly.com\/it\/#organization"},"image":{"@id":"https:\/\/www.charminly.com\/it\/i-sapori-e-la-devozione-delle-feste-nella-provincia-di-catania\/#primaryimage"},"thumbnailUrl":"https:\/\/www.charminly.com\/wp-content\/uploads\/2016\/06\/Carnevale_di_Acireale_opt.jpg","keywords":["Cosa fare in Sicilia"],"articleSection":["Feste, tradizioni, arti e mestieri"],"inLanguage":"it-IT"},{"@type":"WebPage","@id":"https:\/\/www.charminly.com\/it\/i-sapori-e-la-devozione-delle-feste-nella-provincia-di-catania\/","url":"https:\/\/www.charminly.com\/it\/i-sapori-e-la-devozione-delle-feste-nella-provincia-di-catania\/","name":"I sapori e la devozione delle feste nella provincia di Catania","isPartOf":{"@id":"https:\/\/www.charminly.com\/it\/#website"},"primaryImageOfPage":{"@id":"https:\/\/www.charminly.com\/it\/i-sapori-e-la-devozione-delle-feste-nella-provincia-di-catania\/#primaryimage"},"image":{"@id":"https:\/\/www.charminly.com\/it\/i-sapori-e-la-devozione-delle-feste-nella-provincia-di-catania\/#primaryimage"},"thumbnailUrl":"https:\/\/www.charminly.com\/wp-content\/uploads\/2016\/06\/Carnevale_di_Acireale_opt.jpg","datePublished":"2016-06-30T09:17:07+00:00","dateModified":"2020-01-15T09:16:22+00:00","description":"I sapori e la devozione delle feste nella provincia di Catania","breadcrumb":{"@id":"https:\/\/www.charminly.com\/it\/i-sapori-e-la-devozione-delle-feste-nella-provincia-di-catania\/#breadcrumb"},"inLanguage":"it-IT","potentialAction":[{"@type":"ReadAction","target":["https:\/\/www.charminly.com\/it\/i-sapori-e-la-devozione-delle-feste-nella-provincia-di-catania\/"]}]},{"@type":"ImageObject","inLanguage":"it-IT","@id":"https:\/\/www.charminly.com\/it\/i-sapori-e-la-devozione-delle-feste-nella-provincia-di-catania\/#primaryimage","url":"https:\/\/www.charminly.com\/wp-content\/uploads\/2016\/06\/Carnevale_di_Acireale_opt.jpg","contentUrl":"https:\/\/www.charminly.com\/wp-content\/uploads\/2016\/06\/Carnevale_di_Acireale_opt.jpg","width":1024,"height":768,"caption":"Carnevale di Acireale"},{"@type":"BreadcrumbList","@id":"https:\/\/www.charminly.com\/it\/i-sapori-e-la-devozione-delle-feste-nella-provincia-di-catania\/#breadcrumb","itemListElement":[{"@type":"ListItem","position":1,"name":"Home","item":"https:\/\/www.charminly.com\/it\/"},{"@type":"ListItem","position":2,"name":"Cosa fare in Sicilia","item":"https:\/\/www.charminly.com\/it\/tag\/cosa-fare-in-sicilia\/"},{"@type":"ListItem","position":3,"name":"I sapori e la devozione delle feste nella provincia di Catania"}]},{"@type":"WebSite","@id":"https:\/\/www.charminly.com\/it\/#website","url":"https:\/\/www.charminly.com\/it\/","name":"","description":"","publisher":{"@id":"https:\/\/www.charminly.com\/it\/#organization"},"potentialAction":[{"@type":"SearchAction","target":{"@type":"EntryPoint","urlTemplate":"https:\/\/www.charminly.com\/it\/?s={search_term_string}"},"query-input":{"@type":"PropertyValueSpecification","valueRequired":true,"valueName":"search_term_string"}}],"inLanguage":"it-IT"},{"@type":"Organization","@id":"https:\/\/www.charminly.com\/it\/#organization","name":"Charminly.com","url":"https:\/\/www.charminly.com\/it\/","logo":{"@type":"ImageObject","inLanguage":"it-IT","@id":"https:\/\/www.charminly.com\/it\/#\/schema\/logo\/image\/","url":"https:\/\/www.charminly.com\/wp-content\/uploads\/2014\/10\/logo.png","contentUrl":"https:\/\/www.charminly.com\/wp-content\/uploads\/2014\/10\/logo.png","width":264,"height":115,"caption":"Charminly.com"},"image":{"@id":"https:\/\/www.charminly.com\/it\/#\/schema\/logo\/image\/"},"sameAs":["https:\/\/www.facebook.com\/charminlyitalia\/","https:\/\/x.com\/charminly_com"]},{"@type":"Person","@id":"https:\/\/www.charminly.com\/it\/#\/schema\/person\/52806bb74f5c81bbf5f0989dd952c7ea","name":"Ivan Lopez","image":{"@type":"ImageObject","inLanguage":"it-IT","@id":"https:\/\/www.charminly.com\/it\/#\/schema\/person\/image\/","url":"https:\/\/secure.gravatar.com\/avatar\/e8aef7257c7a278cfcb908e241d9761c?s=96&d=mm&r=g","contentUrl":"https:\/\/secure.gravatar.com\/avatar\/e8aef7257c7a278cfcb908e241d9761c?s=96&d=mm&r=g","caption":"Ivan Lopez"},"url":"https:\/\/www.charminly.com\/it\/author\/ivan\/"}]}},"_links":{"self":[{"href":"https:\/\/www.charminly.com\/it\/wp-json\/wp\/v2\/posts\/14412","targetHints":{"allow":["GET"]}}],"collection":[{"href":"https:\/\/www.charminly.com\/it\/wp-json\/wp\/v2\/posts"}],"about":[{"href":"https:\/\/www.charminly.com\/it\/wp-json\/wp\/v2\/types\/post"}],"author":[{"embeddable":true,"href":"https:\/\/www.charminly.com\/it\/wp-json\/wp\/v2\/users\/6"}],"replies":[{"embeddable":true,"href":"https:\/\/www.charminly.com\/it\/wp-json\/wp\/v2\/comments?post=14412"}],"version-history":[{"count":0,"href":"https:\/\/www.charminly.com\/it\/wp-json\/wp\/v2\/posts\/14412\/revisions"}],"wp:featuredmedia":[{"embeddable":true,"href":"https:\/\/www.charminly.com\/it\/wp-json\/wp\/v2\/media\/62803"}],"wp:attachment":[{"href":"https:\/\/www.charminly.com\/it\/wp-json\/wp\/v2\/media?parent=14412"}],"wp:term":[{"taxonomy":"category","embeddable":true,"href":"https:\/\/www.charminly.com\/it\/wp-json\/wp\/v2\/categories?post=14412"},{"taxonomy":"post_tag","embeddable":true,"href":"https:\/\/www.charminly.com\/it\/wp-json\/wp\/v2\/tags?post=14412"}],"curies":[{"name":"wp","href":"https:\/\/api.w.org\/{rel}","templated":true}]}}