{"id":13455,"date":"2016-05-16T11:49:21","date_gmt":"2016-05-16T09:49:21","guid":{"rendered":"https:\/\/www.charminly.com\/it\/?p=13455"},"modified":"2020-01-13T16:13:53","modified_gmt":"2020-01-13T15:13:53","slug":"le-feste-dellumbria-tra-fiori-fiere-e-jazz","status":"publish","type":"post","link":"https:\/\/www.charminly.com\/it\/le-feste-dellumbria-tra-fiori-fiere-e-jazz\/","title":{"rendered":"Le feste dell&#8217;Umbria, tra fiori, fiere e Jazz"},"content":{"rendered":"<h3><strong>FIERA DI SAN MICHELE ARCANGELO<\/strong><\/h3>\n<p>Nel mese di maggio a <strong>Fratta Todina<\/strong> si svolge la\u00a0 <strong>FIERA DI SAN MICHELE ARCANGELO<\/strong>. San Michele Arcangelo \u00e8 il patrono di Fratta todina, e la festa ha origine nel 1600. Dal 2000 \u00e8 stata ideata la fiera che accompagna i festeggiamenti per il patrono, per valorizzare e pubblicizzare l&#8217;artigianato locale e i prodotti enogastronomici tipici del paese e della zona circostante.\u00a0 La fiera si svolge tra le vie del centro storico dove potrete trovare oggetti unici fatti a mano da abili artigiani e gustare le delizie della cucina umbra.<\/p>\n<h3><strong>INFIORATA DI CORPUS DOMINI<\/strong><\/h3>\n<p>Nel mese di maggio a<strong>\u00a0 San Gemini <\/strong>possiamo ammirare la splendida\u00a0 <strong>INFIORATA DI CORPUS DOMINI<\/strong>. Diverse squadre armate di fiori e foglie, essiccati e tritati, realizzano spettacolari composizioni artistiche per le vie della citt\u00e0. Dai motivi geometrici pi\u00f9 semplici a veri e propri quadri ricchi di dettagli, la citt\u00e0 si colora in tutto il percorso della processione. <strong>\u00a0<\/strong>Le composizioni vengono studiate e preparate nel corso di tutto l&#8217;anno in occasione dell&#8217;Infiorata di maggio, che si conferma ogni anno come una manifestazione religiosa e artistica di grande partecipazione.<\/p>\n<div id=\"attachment_13447\" style=\"width: 1034px\" class=\"wp-caption alignnone\"><img loading=\"lazy\" decoding=\"async\" aria-describedby=\"caption-attachment-13447\" class=\"wp-image-13447 size-large\" src=\"https:\/\/www.charminly.com\/wp-content\/uploads\/2016\/05\/infiorata-sangemini-sangemini_opt-1024x768.jpg\" alt=\"infiorata-sangemini (sangemini_opt\" width=\"1024\" height=\"768\" srcset=\"https:\/\/www.charminly.com\/wp-content\/uploads\/2016\/05\/infiorata-sangemini-sangemini_opt.jpg 1024w, https:\/\/www.charminly.com\/wp-content\/uploads\/2016\/05\/infiorata-sangemini-sangemini_opt-300x225.jpg 300w, https:\/\/www.charminly.com\/wp-content\/uploads\/2016\/05\/infiorata-sangemini-sangemini_opt-768x576.jpg 768w\" sizes=\"auto, (max-width: 1024px) 100vw, 1024px\" \/><p id=\"caption-attachment-13447\" class=\"wp-caption-text\">Infiorata di Corpus Domini San Gemini foto sangemini.eu<\/p><\/div>\n<h3><strong>IL MERCATO DELLE GAITE<\/strong><\/h3>\n<p>Nel mese di giugno a Bevagna si svolge <strong>IL MERCATO DELLE GAITE. <\/strong>Le gaite erano gli antichi i rioni della citt\u00e0 e oggi questa manifestazione rievoca la vita medievale del luogo con\u00a0 la mostra degli antichi mestieri, la gara del tiro con l&#8217;arco, i mercati di prodotti tipici locali, spettacoli itineranti e musici. Le taverne e le locande offrono menu a tema e tutta la citt\u00e0 si immerge in un&#8217;atmosfera unica!<\/p>\n<h3><strong>UMBRIA <strong>JAZZ<\/strong> \u00a0<\/strong><\/h3>\n<p>A Luglio a Perugia si svolge <strong>UMBRIA<\/strong> <strong>JAZZ<\/strong>, uno dei festival pi\u00f9 importanti del panorama musicale italiano ed internazionale. Nato negli anni 70, questo festival \u00e8 ricco di eventi che spaziano dal jazz, al rock al soul, con location di eccezione come\u00a0 l&#8217;arena, il teatro del Pavone, il teatro comunale, la basilica di san Pietro.<\/p>\n<div id=\"attachment_13450\" style=\"width: 1034px\" class=\"wp-caption alignnone\"><img loading=\"lazy\" decoding=\"async\" aria-describedby=\"caption-attachment-13450\" class=\"wp-image-13450 size-large\" src=\"https:\/\/www.charminly.com\/wp-content\/uploads\/2016\/05\/umbria_jazz-spettacolo-mania_opt-1024x681.jpg\" alt=\"umbria_jazz (spettacolo mania)_opt\" width=\"1024\" height=\"681\" srcset=\"https:\/\/www.charminly.com\/wp-content\/uploads\/2016\/05\/umbria_jazz-spettacolo-mania_opt.jpg 1024w, https:\/\/www.charminly.com\/wp-content\/uploads\/2016\/05\/umbria_jazz-spettacolo-mania_opt-300x200.jpg 300w, https:\/\/www.charminly.com\/wp-content\/uploads\/2016\/05\/umbria_jazz-spettacolo-mania_opt-768x511.jpg 768w, https:\/\/www.charminly.com\/wp-content\/uploads\/2016\/05\/umbria_jazz-spettacolo-mania_opt-105x70.jpg 105w\" sizes=\"auto, (max-width: 1024px) 100vw, 1024px\" \/><p id=\"caption-attachment-13450\" class=\"wp-caption-text\">Umbria Jazz foto spettacolomania.it<\/p><\/div>\n<h3><strong>FRATTA TODINA IN FESTA<\/strong><\/h3>\n<p>Tra luglio e agosto,\u00a0 <strong>FRATTA TODINA IN FESTA<\/strong> vi conquister\u00e0 con i sapori e le tradizioni umbre. Tra le mura dell&#8217;antico castello e per la via principale del paese, potrete gustare ottime pietanze preparate rigorosamente con ingredienti genuini e nel rispetto delle tradizioni locali. Inoltre giochi popolari, musica e balli prolungheranno la festa fino a tarda notte!<strong> \u00a0<\/strong><\/p>\n<h3><strong>TODI FESTIVAL<\/strong><\/h3>\n<p>Nel mese di agosto si svolge <strong>TODI FESTIVAL<\/strong>, una manifestazione di arte, teatro e musica che\u00a0 per dieci giorni allieter\u00e0 le giornate estive di Todi.\u00a0Gli eventi in programma sono sempre tantissimi, dai concerti alle mostre d&#8217;arte, conferenze ed incontri. Un&#8217;agenda ricchissima che offre un motivo in pi\u00f9 per visitare Todi e scoprire le sue bellezze. Inoltre molti degli eventi sono gratuiti per la volont\u00e0 di avvicinare il teatro ad un vasto pubblico.<\/p>\n<hr \/>\n<div class=\"article_container\"><h2 class=\"shortcode_title\">Charming home nelle vicinanze<\/h2><div class=\"listinglink-wrapper\">\n                           <a href=\"https:\/\/www.charminly.com\/listings\/relais-country-houses-en\/\"> <span class=\"wpresidence_button\"> more listings <\/span><\/a>\n                       <\/div><\/div>\n","protected":false},"excerpt":{"rendered":"<p>FIERA DI SAN MICHELE ARCANGELO Nel mese di maggio a Fratta Todina si svolge la\u00a0 FIERA DI SAN MICHELE ARCANGELO. San Michele Arcangelo \u00e8 il patrono di Fratta todina, e la festa ha origine nel 1600. Dal 2000 \u00e8 stata ideata la fiera che accompagna i festeggiamenti per il patrono, per valorizzare e pubblicizzare l&#8217;artigianato locale e i prodotti enogastronomici tipici del paese e &#8230;<\/p>\n","protected":false},"author":6,"featured_media":13449,"comment_status":"closed","ping_status":"closed","sticky":false,"template":"","format":"standard","meta":{"_acf_changed":false,"footnotes":""},"categories":[144],"tags":[622],"class_list":["post-13455","post","type-post","status-publish","format-standard","has-post-thumbnail","hentry","category-feste-tradizioni-arti-e-mestieri","tag-cosa-fare-in-umbria"],"acf":[],"yoast_head":"<!-- This site is optimized with the Yoast SEO plugin v23.9 - https:\/\/yoast.com\/wordpress\/plugins\/seo\/ -->\n<title>Le feste dell&#039;Umbria, tra fiori, fiere e Jazz<\/title>\n<meta name=\"description\" content=\"Le feste dell&#039;Umbria, tra fiori, fiere e Jazz\" \/>\n<meta name=\"robots\" content=\"index, follow, max-snippet:-1, max-image-preview:large, max-video-preview:-1\" \/>\n<link rel=\"canonical\" href=\"https:\/\/www.charminly.com\/it\/le-feste-dellumbria-tra-fiori-fiere-e-jazz\/\" \/>\n<meta property=\"og:locale\" content=\"it_IT\" \/>\n<meta property=\"og:type\" content=\"article\" \/>\n<meta property=\"og:title\" content=\"Le feste dell&#039;Umbria, tra fiori, fiere e Jazz\" \/>\n<meta property=\"og:description\" content=\"Le feste dell&#039;Umbria, tra fiori, fiere e Jazz\" \/>\n<meta property=\"og:url\" content=\"https:\/\/www.charminly.com\/it\/le-feste-dellumbria-tra-fiori-fiere-e-jazz\/\" \/>\n<meta property=\"article:publisher\" content=\"https:\/\/www.facebook.com\/charminlyitalia\/\" \/>\n<meta property=\"article:published_time\" content=\"2016-05-16T09:49:21+00:00\" \/>\n<meta property=\"article:modified_time\" content=\"2020-01-13T15:13:53+00:00\" \/>\n<meta property=\"og:image\" content=\"https:\/\/www.charminly.com\/wp-content\/uploads\/2016\/05\/infiorata-sangemini-sangemini_opt.jpg\" \/>\n\t<meta property=\"og:image:width\" content=\"1024\" \/>\n\t<meta property=\"og:image:height\" content=\"768\" \/>\n\t<meta property=\"og:image:type\" content=\"image\/jpeg\" \/>\n<meta name=\"author\" content=\"Ivan Lopez\" \/>\n<meta name=\"twitter:card\" content=\"summary_large_image\" \/>\n<meta name=\"twitter:creator\" content=\"@charminly_com\" \/>\n<meta name=\"twitter:site\" content=\"@charminly_com\" \/>\n<meta name=\"twitter:label1\" content=\"Scritto da\" \/>\n\t<meta name=\"twitter:data1\" content=\"Ivan Lopez\" \/>\n\t<meta name=\"twitter:label2\" content=\"Tempo di lettura stimato\" \/>\n\t<meta name=\"twitter:data2\" content=\"3 minuti\" \/>\n<script type=\"application\/ld+json\" class=\"yoast-schema-graph\">{\"@context\":\"https:\/\/schema.org\",\"@graph\":[{\"@type\":\"Article\",\"@id\":\"https:\/\/www.charminly.com\/it\/le-feste-dellumbria-tra-fiori-fiere-e-jazz\/#article\",\"isPartOf\":{\"@id\":\"https:\/\/www.charminly.com\/it\/le-feste-dellumbria-tra-fiori-fiere-e-jazz\/\"},\"author\":{\"name\":\"Ivan Lopez\",\"@id\":\"https:\/\/www.charminly.com\/it\/#\/schema\/person\/52806bb74f5c81bbf5f0989dd952c7ea\"},\"headline\":\"Le feste dell&#8217;Umbria, tra fiori, fiere e Jazz\",\"datePublished\":\"2016-05-16T09:49:21+00:00\",\"dateModified\":\"2020-01-13T15:13:53+00:00\",\"mainEntityOfPage\":{\"@id\":\"https:\/\/www.charminly.com\/it\/le-feste-dellumbria-tra-fiori-fiere-e-jazz\/\"},\"wordCount\":520,\"publisher\":{\"@id\":\"https:\/\/www.charminly.com\/it\/#organization\"},\"image\":{\"@id\":\"https:\/\/www.charminly.com\/it\/le-feste-dellumbria-tra-fiori-fiere-e-jazz\/#primaryimage\"},\"thumbnailUrl\":\"https:\/\/www.charminly.com\/wp-content\/uploads\/2016\/05\/infiorata-sangemini-sangemini_opt.jpg\",\"keywords\":[\"Cosa fare in Umbria\"],\"articleSection\":[\"Feste, tradizioni, arti e mestieri\"],\"inLanguage\":\"it-IT\"},{\"@type\":\"WebPage\",\"@id\":\"https:\/\/www.charminly.com\/it\/le-feste-dellumbria-tra-fiori-fiere-e-jazz\/\",\"url\":\"https:\/\/www.charminly.com\/it\/le-feste-dellumbria-tra-fiori-fiere-e-jazz\/\",\"name\":\"Le feste dell'Umbria, tra fiori, fiere e Jazz\",\"isPartOf\":{\"@id\":\"https:\/\/www.charminly.com\/it\/#website\"},\"primaryImageOfPage\":{\"@id\":\"https:\/\/www.charminly.com\/it\/le-feste-dellumbria-tra-fiori-fiere-e-jazz\/#primaryimage\"},\"image\":{\"@id\":\"https:\/\/www.charminly.com\/it\/le-feste-dellumbria-tra-fiori-fiere-e-jazz\/#primaryimage\"},\"thumbnailUrl\":\"https:\/\/www.charminly.com\/wp-content\/uploads\/2016\/05\/infiorata-sangemini-sangemini_opt.jpg\",\"datePublished\":\"2016-05-16T09:49:21+00:00\",\"dateModified\":\"2020-01-13T15:13:53+00:00\",\"description\":\"Le feste dell'Umbria, tra fiori, fiere e Jazz\",\"breadcrumb\":{\"@id\":\"https:\/\/www.charminly.com\/it\/le-feste-dellumbria-tra-fiori-fiere-e-jazz\/#breadcrumb\"},\"inLanguage\":\"it-IT\",\"potentialAction\":[{\"@type\":\"ReadAction\",\"target\":[\"https:\/\/www.charminly.com\/it\/le-feste-dellumbria-tra-fiori-fiere-e-jazz\/\"]}]},{\"@type\":\"ImageObject\",\"inLanguage\":\"it-IT\",\"@id\":\"https:\/\/www.charminly.com\/it\/le-feste-dellumbria-tra-fiori-fiere-e-jazz\/#primaryimage\",\"url\":\"https:\/\/www.charminly.com\/wp-content\/uploads\/2016\/05\/infiorata-sangemini-sangemini_opt.jpg\",\"contentUrl\":\"https:\/\/www.charminly.com\/wp-content\/uploads\/2016\/05\/infiorata-sangemini-sangemini_opt.jpg\",\"width\":1024,\"height\":768},{\"@type\":\"BreadcrumbList\",\"@id\":\"https:\/\/www.charminly.com\/it\/le-feste-dellumbria-tra-fiori-fiere-e-jazz\/#breadcrumb\",\"itemListElement\":[{\"@type\":\"ListItem\",\"position\":1,\"name\":\"Home\",\"item\":\"https:\/\/www.charminly.com\/it\/\"},{\"@type\":\"ListItem\",\"position\":2,\"name\":\"Cosa fare in Umbria\",\"item\":\"https:\/\/www.charminly.com\/it\/tag\/cosa-fare-in-umbria\/\"},{\"@type\":\"ListItem\",\"position\":3,\"name\":\"Le feste dell&#8217;Umbria, tra fiori, fiere e Jazz\"}]},{\"@type\":\"WebSite\",\"@id\":\"https:\/\/www.charminly.com\/it\/#website\",\"url\":\"https:\/\/www.charminly.com\/it\/\",\"name\":\"\",\"description\":\"\",\"publisher\":{\"@id\":\"https:\/\/www.charminly.com\/it\/#organization\"},\"potentialAction\":[{\"@type\":\"SearchAction\",\"target\":{\"@type\":\"EntryPoint\",\"urlTemplate\":\"https:\/\/www.charminly.com\/it\/?s={search_term_string}\"},\"query-input\":{\"@type\":\"PropertyValueSpecification\",\"valueRequired\":true,\"valueName\":\"search_term_string\"}}],\"inLanguage\":\"it-IT\"},{\"@type\":\"Organization\",\"@id\":\"https:\/\/www.charminly.com\/it\/#organization\",\"name\":\"Charminly.com\",\"url\":\"https:\/\/www.charminly.com\/it\/\",\"logo\":{\"@type\":\"ImageObject\",\"inLanguage\":\"it-IT\",\"@id\":\"https:\/\/www.charminly.com\/it\/#\/schema\/logo\/image\/\",\"url\":\"https:\/\/www.charminly.com\/wp-content\/uploads\/2014\/10\/logo.png\",\"contentUrl\":\"https:\/\/www.charminly.com\/wp-content\/uploads\/2014\/10\/logo.png\",\"width\":264,\"height\":115,\"caption\":\"Charminly.com\"},\"image\":{\"@id\":\"https:\/\/www.charminly.com\/it\/#\/schema\/logo\/image\/\"},\"sameAs\":[\"https:\/\/www.facebook.com\/charminlyitalia\/\",\"https:\/\/x.com\/charminly_com\"]},{\"@type\":\"Person\",\"@id\":\"https:\/\/www.charminly.com\/it\/#\/schema\/person\/52806bb74f5c81bbf5f0989dd952c7ea\",\"name\":\"Ivan Lopez\",\"image\":{\"@type\":\"ImageObject\",\"inLanguage\":\"it-IT\",\"@id\":\"https:\/\/www.charminly.com\/it\/#\/schema\/person\/image\/\",\"url\":\"https:\/\/secure.gravatar.com\/avatar\/e8aef7257c7a278cfcb908e241d9761c?s=96&d=mm&r=g\",\"contentUrl\":\"https:\/\/secure.gravatar.com\/avatar\/e8aef7257c7a278cfcb908e241d9761c?s=96&d=mm&r=g\",\"caption\":\"Ivan Lopez\"},\"url\":\"https:\/\/www.charminly.com\/it\/author\/ivan\/\"}]}<\/script>\n<!-- \/ Yoast SEO plugin. -->","yoast_head_json":{"title":"Le feste dell'Umbria, tra fiori, fiere e Jazz","description":"Le feste dell'Umbria, tra fiori, fiere e Jazz","robots":{"index":"index","follow":"follow","max-snippet":"max-snippet:-1","max-image-preview":"max-image-preview:large","max-video-preview":"max-video-preview:-1"},"canonical":"https:\/\/www.charminly.com\/it\/le-feste-dellumbria-tra-fiori-fiere-e-jazz\/","og_locale":"it_IT","og_type":"article","og_title":"Le feste dell'Umbria, tra fiori, fiere e Jazz","og_description":"Le feste dell'Umbria, tra fiori, fiere e Jazz","og_url":"https:\/\/www.charminly.com\/it\/le-feste-dellumbria-tra-fiori-fiere-e-jazz\/","article_publisher":"https:\/\/www.facebook.com\/charminlyitalia\/","article_published_time":"2016-05-16T09:49:21+00:00","article_modified_time":"2020-01-13T15:13:53+00:00","og_image":[{"width":1024,"height":768,"url":"https:\/\/www.charminly.com\/wp-content\/uploads\/2016\/05\/infiorata-sangemini-sangemini_opt.jpg","type":"image\/jpeg"}],"author":"Ivan Lopez","twitter_card":"summary_large_image","twitter_creator":"@charminly_com","twitter_site":"@charminly_com","twitter_misc":{"Scritto da":"Ivan Lopez","Tempo di lettura stimato":"3 minuti"},"schema":{"@context":"https:\/\/schema.org","@graph":[{"@type":"Article","@id":"https:\/\/www.charminly.com\/it\/le-feste-dellumbria-tra-fiori-fiere-e-jazz\/#article","isPartOf":{"@id":"https:\/\/www.charminly.com\/it\/le-feste-dellumbria-tra-fiori-fiere-e-jazz\/"},"author":{"name":"Ivan Lopez","@id":"https:\/\/www.charminly.com\/it\/#\/schema\/person\/52806bb74f5c81bbf5f0989dd952c7ea"},"headline":"Le feste dell&#8217;Umbria, tra fiori, fiere e Jazz","datePublished":"2016-05-16T09:49:21+00:00","dateModified":"2020-01-13T15:13:53+00:00","mainEntityOfPage":{"@id":"https:\/\/www.charminly.com\/it\/le-feste-dellumbria-tra-fiori-fiere-e-jazz\/"},"wordCount":520,"publisher":{"@id":"https:\/\/www.charminly.com\/it\/#organization"},"image":{"@id":"https:\/\/www.charminly.com\/it\/le-feste-dellumbria-tra-fiori-fiere-e-jazz\/#primaryimage"},"thumbnailUrl":"https:\/\/www.charminly.com\/wp-content\/uploads\/2016\/05\/infiorata-sangemini-sangemini_opt.jpg","keywords":["Cosa fare in Umbria"],"articleSection":["Feste, tradizioni, arti e mestieri"],"inLanguage":"it-IT"},{"@type":"WebPage","@id":"https:\/\/www.charminly.com\/it\/le-feste-dellumbria-tra-fiori-fiere-e-jazz\/","url":"https:\/\/www.charminly.com\/it\/le-feste-dellumbria-tra-fiori-fiere-e-jazz\/","name":"Le feste dell'Umbria, tra fiori, fiere e Jazz","isPartOf":{"@id":"https:\/\/www.charminly.com\/it\/#website"},"primaryImageOfPage":{"@id":"https:\/\/www.charminly.com\/it\/le-feste-dellumbria-tra-fiori-fiere-e-jazz\/#primaryimage"},"image":{"@id":"https:\/\/www.charminly.com\/it\/le-feste-dellumbria-tra-fiori-fiere-e-jazz\/#primaryimage"},"thumbnailUrl":"https:\/\/www.charminly.com\/wp-content\/uploads\/2016\/05\/infiorata-sangemini-sangemini_opt.jpg","datePublished":"2016-05-16T09:49:21+00:00","dateModified":"2020-01-13T15:13:53+00:00","description":"Le feste dell'Umbria, tra fiori, fiere e Jazz","breadcrumb":{"@id":"https:\/\/www.charminly.com\/it\/le-feste-dellumbria-tra-fiori-fiere-e-jazz\/#breadcrumb"},"inLanguage":"it-IT","potentialAction":[{"@type":"ReadAction","target":["https:\/\/www.charminly.com\/it\/le-feste-dellumbria-tra-fiori-fiere-e-jazz\/"]}]},{"@type":"ImageObject","inLanguage":"it-IT","@id":"https:\/\/www.charminly.com\/it\/le-feste-dellumbria-tra-fiori-fiere-e-jazz\/#primaryimage","url":"https:\/\/www.charminly.com\/wp-content\/uploads\/2016\/05\/infiorata-sangemini-sangemini_opt.jpg","contentUrl":"https:\/\/www.charminly.com\/wp-content\/uploads\/2016\/05\/infiorata-sangemini-sangemini_opt.jpg","width":1024,"height":768},{"@type":"BreadcrumbList","@id":"https:\/\/www.charminly.com\/it\/le-feste-dellumbria-tra-fiori-fiere-e-jazz\/#breadcrumb","itemListElement":[{"@type":"ListItem","position":1,"name":"Home","item":"https:\/\/www.charminly.com\/it\/"},{"@type":"ListItem","position":2,"name":"Cosa fare in Umbria","item":"https:\/\/www.charminly.com\/it\/tag\/cosa-fare-in-umbria\/"},{"@type":"ListItem","position":3,"name":"Le feste dell&#8217;Umbria, tra fiori, fiere e Jazz"}]},{"@type":"WebSite","@id":"https:\/\/www.charminly.com\/it\/#website","url":"https:\/\/www.charminly.com\/it\/","name":"","description":"","publisher":{"@id":"https:\/\/www.charminly.com\/it\/#organization"},"potentialAction":[{"@type":"SearchAction","target":{"@type":"EntryPoint","urlTemplate":"https:\/\/www.charminly.com\/it\/?s={search_term_string}"},"query-input":{"@type":"PropertyValueSpecification","valueRequired":true,"valueName":"search_term_string"}}],"inLanguage":"it-IT"},{"@type":"Organization","@id":"https:\/\/www.charminly.com\/it\/#organization","name":"Charminly.com","url":"https:\/\/www.charminly.com\/it\/","logo":{"@type":"ImageObject","inLanguage":"it-IT","@id":"https:\/\/www.charminly.com\/it\/#\/schema\/logo\/image\/","url":"https:\/\/www.charminly.com\/wp-content\/uploads\/2014\/10\/logo.png","contentUrl":"https:\/\/www.charminly.com\/wp-content\/uploads\/2014\/10\/logo.png","width":264,"height":115,"caption":"Charminly.com"},"image":{"@id":"https:\/\/www.charminly.com\/it\/#\/schema\/logo\/image\/"},"sameAs":["https:\/\/www.facebook.com\/charminlyitalia\/","https:\/\/x.com\/charminly_com"]},{"@type":"Person","@id":"https:\/\/www.charminly.com\/it\/#\/schema\/person\/52806bb74f5c81bbf5f0989dd952c7ea","name":"Ivan Lopez","image":{"@type":"ImageObject","inLanguage":"it-IT","@id":"https:\/\/www.charminly.com\/it\/#\/schema\/person\/image\/","url":"https:\/\/secure.gravatar.com\/avatar\/e8aef7257c7a278cfcb908e241d9761c?s=96&d=mm&r=g","contentUrl":"https:\/\/secure.gravatar.com\/avatar\/e8aef7257c7a278cfcb908e241d9761c?s=96&d=mm&r=g","caption":"Ivan Lopez"},"url":"https:\/\/www.charminly.com\/it\/author\/ivan\/"}]}},"_links":{"self":[{"href":"https:\/\/www.charminly.com\/it\/wp-json\/wp\/v2\/posts\/13455","targetHints":{"allow":["GET"]}}],"collection":[{"href":"https:\/\/www.charminly.com\/it\/wp-json\/wp\/v2\/posts"}],"about":[{"href":"https:\/\/www.charminly.com\/it\/wp-json\/wp\/v2\/types\/post"}],"author":[{"embeddable":true,"href":"https:\/\/www.charminly.com\/it\/wp-json\/wp\/v2\/users\/6"}],"replies":[{"embeddable":true,"href":"https:\/\/www.charminly.com\/it\/wp-json\/wp\/v2\/comments?post=13455"}],"version-history":[{"count":0,"href":"https:\/\/www.charminly.com\/it\/wp-json\/wp\/v2\/posts\/13455\/revisions"}],"wp:featuredmedia":[{"embeddable":true,"href":"https:\/\/www.charminly.com\/it\/wp-json\/wp\/v2\/media\/13449"}],"wp:attachment":[{"href":"https:\/\/www.charminly.com\/it\/wp-json\/wp\/v2\/media?parent=13455"}],"wp:term":[{"taxonomy":"category","embeddable":true,"href":"https:\/\/www.charminly.com\/it\/wp-json\/wp\/v2\/categories?post=13455"},{"taxonomy":"post_tag","embeddable":true,"href":"https:\/\/www.charminly.com\/it\/wp-json\/wp\/v2\/tags?post=13455"}],"curies":[{"name":"wp","href":"https:\/\/api.w.org\/{rel}","templated":true}]}}