{"id":11717,"date":"2016-01-19T16:23:34","date_gmt":"2016-01-19T15:23:34","guid":{"rendered":"https:\/\/www.charminly.com\/?p=11717"},"modified":"2016-03-30T09:41:12","modified_gmt":"2016-03-30T07:41:12","slug":"carnevale-jazz-e-manifestazioni-medievali-nella-sabina","status":"publish","type":"post","link":"https:\/\/www.charminly.com\/it\/carnevale-jazz-e-manifestazioni-medievali-nella-sabina\/","title":{"rendered":"Carnevale, Jazz e manifestazioni medievali nella Sabina"},"content":{"rendered":"<p>Durante il vostro soggiorno presso il B&B\u00a0<strong><a href=\"https:\/\/www.charminly.com\/it\/properties\/la-torretta-it\/\" target=\"_blank\">La Torretta<\/a><\/strong>, che si trova a <strong><a href=\"https:\/\/www.charminly.com\/it\/area\/casperia-it\/\" target=\"_blank\">Casperia<\/a><\/strong>, in provincia di <strong>Rieti<\/strong>, nel <strong>Lazio<\/strong>, potrete partecipare al\u00a0Carnevale, Jazz e manifestazioni medievali nella Sabina, manifestazioni che si tengono ogni anno in questa splendida regione.<\/p>\n<h3><strong>CARNEVALE CON CARRI<\/strong><\/h3>\n<p>A <strong>Poggio Mirteto<\/strong>, in febbraio, il <strong>CARNEVALE CON CARRI <\/strong>porter\u00e0 per le strade tutta l&#8217;allegria tipica di questa bellissima festa. Il carnevale per i bambini precede di qualche giorno il carnevale maggiore con la sfilata dei carri allegorici per le vie della citt\u00e0, centinaia di costumi, colori e coriandoli, danze e musica e gli immancabili dolci di carnevale. Oltre alla tradizione carnevalesca del nostro paese prima della Quaresima, il carnevale di Poggio Mirteto \u00e8 legato alla rivolta popolare del 24 febbraio 1861 che decret\u00f2 la liberazione di Poggio Mirteto dallo Stato Pontificio e l&#8217;annessione al Regno d&#8217;Italia, per questo \u00e8 chiamato anche Carnevalone Liberato.<\/p>\n<h3><strong>GARA NAZIONALE IN COSTUME DI ARCIERI<\/strong><\/h3>\n<p>Nel mese di giugno a <strong>Casperia <\/strong>potrete ammirare la <strong>GARA NAZIONALE IN COSTUME DI ARCIERI<\/strong>. Sono molti i borghi medievali italiani che possono vantare squadre di arcieri e la manifestazione di Casperia da qualche anno li rappresenta tutti. Infatti questa gara \u00e8 valida per il campionato nazionale Lega arcieri medievali e richiama gruppi di arcieri da tutta Italia che si sfidano con l&#8217;arco storico medievale. I bersagli sono predisposti lungo le vie del centro storico di Casperia e al termine della gara gli arcieri prendono parte ad un pranzo di ispirazione medievale con tanto di ricette e piatti tipici dell&#8217;epoca. Infine avviene la premiazione del vincitore con prodotti locali come olio, vini e liquori.<\/p>\n<div id=\"attachment_11712\" style=\"width: 1034px\" class=\"wp-caption alignnone\"><img loading=\"lazy\" decoding=\"async\" aria-describedby=\"caption-attachment-11712\" class=\"wp-image-11712 size-full\" src=\"https:\/\/www.charminly.com\/wp-content\/uploads\/2016\/01\/Fara_Music_Jazz_torreta-lanczos3.jpg\" alt=\"Fara_Music_Jazz_\" width=\"1024\" height=\"682\" srcset=\"https:\/\/www.charminly.com\/wp-content\/uploads\/2016\/01\/Fara_Music_Jazz_torreta-lanczos3.jpg 1024w, https:\/\/www.charminly.com\/wp-content\/uploads\/2016\/01\/Fara_Music_Jazz_torreta-lanczos3-300x200.jpg 300w, https:\/\/www.charminly.com\/wp-content\/uploads\/2016\/01\/Fara_Music_Jazz_torreta-lanczos3-768x512.jpg 768w, https:\/\/www.charminly.com\/wp-content\/uploads\/2016\/01\/Fara_Music_Jazz_torreta-lanczos3-105x70.jpg 105w\" sizes=\"auto, (max-width: 1024px) 100vw, 1024px\" \/><p id=\"caption-attachment-11712\" class=\"wp-caption-text\">Fara Music Festival<\/p><\/div>\n<h3>\u00a0<strong>FARA MUSIC FESTIVAL<\/strong><\/h3>\n<p>A <strong>Fara in Sabina <\/strong>in luglio lasciatevi conquistare dai concerti di <strong>FARA MUSIC FESTIVAL<\/strong>, una manifestazione\u00a0 dedicata interamente al jazz. In\u00a0 8 concerti vedrete avvicendarsi altrettanti gruppi e artisti italiani e internazionali per dare vita ad un evento musicale coinvolgente. Il Festival ogni anno assegna un premio ad un artista\u00a0 che si distinguer\u00e0 nell&#8217;esecuzione e nell&#8217;innovazione del panorama jazz e blues.<\/p>\n<h3><strong>SAGRA DEI STRINGOZZI<\/strong><\/h3>\n<p>A <strong>Casperia <\/strong>in agosto, alla <strong>SAGRA DEI STRINGOZZI<\/strong>, potrete degustare questa pasta fresca e prelibata condita con sugo di carne e accompagnata da carne alla brace. Da oltre trent&#8217;anni questa sagra rallegra il centro storico attirando turisti e abitanti del luogo, che dopo cena potranno divertirsi nella pista allestita appositamente per il\u00a0 ballo liscio o passeggiare per le vie del centro tra le esposizioni artigianali.<\/p>\n<div id=\"attachment_11709\" style=\"width: 1034px\" class=\"wp-caption alignnone\"><img loading=\"lazy\" decoding=\"async\" aria-describedby=\"caption-attachment-11709\" class=\"wp-image-11709 size-full\" src=\"https:\/\/www.charminly.com\/wp-content\/uploads\/2016\/01\/MEDIOEVO-IN-FESTA-foto-i1os-torreta_opt.jpg\" alt=\"MEDIOEVO IN FESTA \" width=\"1024\" height=\"576\" srcset=\"https:\/\/www.charminly.com\/wp-content\/uploads\/2016\/01\/MEDIOEVO-IN-FESTA-foto-i1os-torreta_opt.jpg 1024w, https:\/\/www.charminly.com\/wp-content\/uploads\/2016\/01\/MEDIOEVO-IN-FESTA-foto-i1os-torreta_opt-300x169.jpg 300w, https:\/\/www.charminly.com\/wp-content\/uploads\/2016\/01\/MEDIOEVO-IN-FESTA-foto-i1os-torreta_opt-768x432.jpg 768w, https:\/\/www.charminly.com\/wp-content\/uploads\/2016\/01\/MEDIOEVO-IN-FESTA-foto-i1os-torreta_opt-255x143.jpg 255w\" sizes=\"auto, (max-width: 1024px) 100vw, 1024px\" \/><p id=\"caption-attachment-11709\" class=\"wp-caption-text\">Medioevo in festa foto i1os<\/p><\/div>\n<h3><strong>MEDIOEVO IN FESTA<\/strong><\/h3>\n<p>A <strong>Roccantica <\/strong>in agosto, si svolge <strong>MEDIOEVO IN FESTA<\/strong>, una rievocazione storica che da vent&#8217;anni riporta il borgo di Roccantica all&#8217;epoca medievale. Nel 1059 una sanguinosa battaglia a difesa della Rocca e del Papa Niccol\u00f2 II che vi aveva trovato rifugio, lasci\u00f2 in vita solo 12 superstiti che furono infeudati dal papa con la Bolla del 1060. Oggi un corteo di 500 figuranti in costume d&#8217;epoca tra dame, cavalieri, giocolieri, sbandieratori rievoca gli eventi insieme a fuochi e fiamme realizzati con gli effetti sulle torri, e narratori in linguaggio d&#8217;epoca accompagnate da musiche medievali.<\/p>\n<hr \/>\n<div class=\"article_container\"><h2 class=\"shortcode_title\">Charming home nelle vicinanze<\/h2><div class=\"listinglink-wrapper\">\n                           <a href=\"https:\/\/www.charminly.com\/listings\/relais-country-houses-en\/\"> <span class=\"wpresidence_button\"> more listings <\/span><\/a>\n                       <\/div><\/div>\n","protected":false},"excerpt":{"rendered":"<p>Durante il vostro soggiorno presso il B&#038;B\u00a0La Torretta, che si trova a Casperia, in provincia di Rieti, nel Lazio, potrete partecipare al\u00a0Carnevale, Jazz e manifestazioni medievali nella Sabina, manifestazioni che si tengono ogni anno in questa splendida regione. CARNEVALE CON CARRI A Poggio Mirteto, in febbraio, il CARNEVALE CON CARRI porter\u00e0 per le strade tutta l&#8217;allegria tipica di questa bellissima festa. Il carnevale per &#8230;<\/p>\n","protected":false},"author":2,"featured_media":11711,"comment_status":"closed","ping_status":"closed","sticky":false,"template":"","format":"standard","meta":{"_acf_changed":false,"footnotes":""},"categories":[144],"tags":[609],"class_list":["post-11717","post","type-post","status-publish","format-standard","has-post-thumbnail","hentry","category-feste-tradizioni-arti-e-mestieri","tag-cosa-fare-in-lazio"],"acf":[],"yoast_head":"<!-- This site is optimized with the Yoast SEO plugin v23.9 - https:\/\/yoast.com\/wordpress\/plugins\/seo\/ -->\n<title>Carnevale, Jazz e manifestazioni medievali nella Sabina<\/title>\n<meta name=\"description\" content=\"Durante il vostro soggiorno presso\u00a0La Torretta, a\u00a0Casperia,\u00a0nel\u00a0Lazio, potrete partecipare...Carnevale, Jazz e manifestazioni medievali nella Sabina.\" \/>\n<meta name=\"robots\" content=\"index, follow, max-snippet:-1, max-image-preview:large, max-video-preview:-1\" \/>\n<link rel=\"canonical\" href=\"https:\/\/www.charminly.com\/it\/carnevale-jazz-e-manifestazioni-medievali-nella-sabina\/\" \/>\n<meta property=\"og:locale\" content=\"it_IT\" \/>\n<meta property=\"og:type\" content=\"article\" \/>\n<meta property=\"og:title\" content=\"Carnevale, Jazz e manifestazioni medievali nella Sabina\" \/>\n<meta property=\"og:description\" content=\"Durante il vostro soggiorno presso\u00a0La Torretta, a\u00a0Casperia,\u00a0nel\u00a0Lazio, potrete partecipare...Carnevale, Jazz e manifestazioni medievali nella Sabina.\" \/>\n<meta property=\"og:url\" content=\"https:\/\/www.charminly.com\/it\/carnevale-jazz-e-manifestazioni-medievali-nella-sabina\/\" \/>\n<meta property=\"article:publisher\" content=\"https:\/\/www.facebook.com\/charminlyitalia\/\" \/>\n<meta property=\"article:published_time\" content=\"2016-01-19T15:23:34+00:00\" \/>\n<meta property=\"article:modified_time\" content=\"2016-03-30T07:41:12+00:00\" \/>\n<meta property=\"og:image\" content=\"https:\/\/www.charminly.com\/wp-content\/uploads\/2016\/01\/MEDIOEVO-IN-FESTA-foto-i1os-torreta_opt.jpg\" \/>\n\t<meta property=\"og:image:width\" content=\"1024\" \/>\n\t<meta property=\"og:image:height\" content=\"576\" \/>\n\t<meta property=\"og:image:type\" content=\"image\/jpeg\" \/>\n<meta name=\"author\" content=\"Charminly\" \/>\n<meta name=\"twitter:card\" content=\"summary_large_image\" \/>\n<meta name=\"twitter:creator\" content=\"@charminly_com\" \/>\n<meta name=\"twitter:site\" content=\"@charminly_com\" \/>\n<meta name=\"twitter:label1\" content=\"Scritto da\" \/>\n\t<meta name=\"twitter:data1\" content=\"Charminly\" \/>\n\t<meta name=\"twitter:label2\" content=\"Tempo di lettura stimato\" \/>\n\t<meta name=\"twitter:data2\" content=\"3 minuti\" \/>\n<script type=\"application\/ld+json\" class=\"yoast-schema-graph\">{\"@context\":\"https:\/\/schema.org\",\"@graph\":[{\"@type\":\"Article\",\"@id\":\"https:\/\/www.charminly.com\/it\/carnevale-jazz-e-manifestazioni-medievali-nella-sabina\/#article\",\"isPartOf\":{\"@id\":\"https:\/\/www.charminly.com\/it\/carnevale-jazz-e-manifestazioni-medievali-nella-sabina\/\"},\"author\":{\"name\":\"Charminly\",\"@id\":\"https:\/\/www.charminly.com\/it\/#\/schema\/person\/e6a536eb865d9dac6d1e730f53d5f367\"},\"headline\":\"Carnevale, Jazz e manifestazioni medievali nella Sabina\",\"datePublished\":\"2016-01-19T15:23:34+00:00\",\"dateModified\":\"2016-03-30T07:41:12+00:00\",\"mainEntityOfPage\":{\"@id\":\"https:\/\/www.charminly.com\/it\/carnevale-jazz-e-manifestazioni-medievali-nella-sabina\/\"},\"wordCount\":556,\"publisher\":{\"@id\":\"https:\/\/www.charminly.com\/it\/#organization\"},\"image\":{\"@id\":\"https:\/\/www.charminly.com\/it\/carnevale-jazz-e-manifestazioni-medievali-nella-sabina\/#primaryimage\"},\"thumbnailUrl\":\"https:\/\/www.charminly.com\/wp-content\/uploads\/2016\/01\/MEDIOEVO-IN-FESTA-foto-i1os-torreta_opt.jpg\",\"keywords\":[\"Cosa fare in Lazio\"],\"articleSection\":[\"Feste, tradizioni, arti e mestieri\"],\"inLanguage\":\"it-IT\"},{\"@type\":\"WebPage\",\"@id\":\"https:\/\/www.charminly.com\/it\/carnevale-jazz-e-manifestazioni-medievali-nella-sabina\/\",\"url\":\"https:\/\/www.charminly.com\/it\/carnevale-jazz-e-manifestazioni-medievali-nella-sabina\/\",\"name\":\"Carnevale, Jazz e manifestazioni medievali nella Sabina\",\"isPartOf\":{\"@id\":\"https:\/\/www.charminly.com\/it\/#website\"},\"primaryImageOfPage\":{\"@id\":\"https:\/\/www.charminly.com\/it\/carnevale-jazz-e-manifestazioni-medievali-nella-sabina\/#primaryimage\"},\"image\":{\"@id\":\"https:\/\/www.charminly.com\/it\/carnevale-jazz-e-manifestazioni-medievali-nella-sabina\/#primaryimage\"},\"thumbnailUrl\":\"https:\/\/www.charminly.com\/wp-content\/uploads\/2016\/01\/MEDIOEVO-IN-FESTA-foto-i1os-torreta_opt.jpg\",\"datePublished\":\"2016-01-19T15:23:34+00:00\",\"dateModified\":\"2016-03-30T07:41:12+00:00\",\"description\":\"Durante il vostro soggiorno presso\u00a0La Torretta, a\u00a0Casperia,\u00a0nel\u00a0Lazio, potrete partecipare...Carnevale, Jazz e manifestazioni medievali nella Sabina.\",\"breadcrumb\":{\"@id\":\"https:\/\/www.charminly.com\/it\/carnevale-jazz-e-manifestazioni-medievali-nella-sabina\/#breadcrumb\"},\"inLanguage\":\"it-IT\",\"potentialAction\":[{\"@type\":\"ReadAction\",\"target\":[\"https:\/\/www.charminly.com\/it\/carnevale-jazz-e-manifestazioni-medievali-nella-sabina\/\"]}]},{\"@type\":\"ImageObject\",\"inLanguage\":\"it-IT\",\"@id\":\"https:\/\/www.charminly.com\/it\/carnevale-jazz-e-manifestazioni-medievali-nella-sabina\/#primaryimage\",\"url\":\"https:\/\/www.charminly.com\/wp-content\/uploads\/2016\/01\/MEDIOEVO-IN-FESTA-foto-i1os-torreta_opt.jpg\",\"contentUrl\":\"https:\/\/www.charminly.com\/wp-content\/uploads\/2016\/01\/MEDIOEVO-IN-FESTA-foto-i1os-torreta_opt.jpg\",\"width\":1024,\"height\":576},{\"@type\":\"BreadcrumbList\",\"@id\":\"https:\/\/www.charminly.com\/it\/carnevale-jazz-e-manifestazioni-medievali-nella-sabina\/#breadcrumb\",\"itemListElement\":[{\"@type\":\"ListItem\",\"position\":1,\"name\":\"Home\",\"item\":\"https:\/\/www.charminly.com\/it\/\"},{\"@type\":\"ListItem\",\"position\":2,\"name\":\"Cosa fare in Lazio\",\"item\":\"https:\/\/www.charminly.com\/it\/tag\/cosa-fare-in-lazio\/\"},{\"@type\":\"ListItem\",\"position\":3,\"name\":\"Carnevale, Jazz e manifestazioni medievali nella Sabina\"}]},{\"@type\":\"WebSite\",\"@id\":\"https:\/\/www.charminly.com\/it\/#website\",\"url\":\"https:\/\/www.charminly.com\/it\/\",\"name\":\"\",\"description\":\"\",\"publisher\":{\"@id\":\"https:\/\/www.charminly.com\/it\/#organization\"},\"potentialAction\":[{\"@type\":\"SearchAction\",\"target\":{\"@type\":\"EntryPoint\",\"urlTemplate\":\"https:\/\/www.charminly.com\/it\/?s={search_term_string}\"},\"query-input\":{\"@type\":\"PropertyValueSpecification\",\"valueRequired\":true,\"valueName\":\"search_term_string\"}}],\"inLanguage\":\"it-IT\"},{\"@type\":\"Organization\",\"@id\":\"https:\/\/www.charminly.com\/it\/#organization\",\"name\":\"Charminly.com\",\"url\":\"https:\/\/www.charminly.com\/it\/\",\"logo\":{\"@type\":\"ImageObject\",\"inLanguage\":\"it-IT\",\"@id\":\"https:\/\/www.charminly.com\/it\/#\/schema\/logo\/image\/\",\"url\":\"https:\/\/www.charminly.com\/wp-content\/uploads\/2014\/10\/logo.png\",\"contentUrl\":\"https:\/\/www.charminly.com\/wp-content\/uploads\/2014\/10\/logo.png\",\"width\":264,\"height\":115,\"caption\":\"Charminly.com\"},\"image\":{\"@id\":\"https:\/\/www.charminly.com\/it\/#\/schema\/logo\/image\/\"},\"sameAs\":[\"https:\/\/www.facebook.com\/charminlyitalia\/\",\"https:\/\/x.com\/charminly_com\"]},{\"@type\":\"Person\",\"@id\":\"https:\/\/www.charminly.com\/it\/#\/schema\/person\/e6a536eb865d9dac6d1e730f53d5f367\",\"name\":\"Charminly\",\"image\":{\"@type\":\"ImageObject\",\"inLanguage\":\"it-IT\",\"@id\":\"https:\/\/www.charminly.com\/it\/#\/schema\/person\/image\/\",\"url\":\"https:\/\/secure.gravatar.com\/avatar\/ee564baea04b5bbffcbd57ac103bc7d1?s=96&d=mm&r=g\",\"contentUrl\":\"https:\/\/secure.gravatar.com\/avatar\/ee564baea04b5bbffcbd57ac103bc7d1?s=96&d=mm&r=g\",\"caption\":\"Charminly\"},\"url\":\"https:\/\/www.charminly.com\/it\/author\/charminly\/\"}]}<\/script>\n<!-- \/ Yoast SEO plugin. -->","yoast_head_json":{"title":"Carnevale, Jazz e manifestazioni medievali nella Sabina","description":"Durante il vostro soggiorno presso\u00a0La Torretta, a\u00a0Casperia,\u00a0nel\u00a0Lazio, potrete partecipare...Carnevale, Jazz e manifestazioni medievali nella Sabina.","robots":{"index":"index","follow":"follow","max-snippet":"max-snippet:-1","max-image-preview":"max-image-preview:large","max-video-preview":"max-video-preview:-1"},"canonical":"https:\/\/www.charminly.com\/it\/carnevale-jazz-e-manifestazioni-medievali-nella-sabina\/","og_locale":"it_IT","og_type":"article","og_title":"Carnevale, Jazz e manifestazioni medievali nella Sabina","og_description":"Durante il vostro soggiorno presso\u00a0La Torretta, a\u00a0Casperia,\u00a0nel\u00a0Lazio, potrete partecipare...Carnevale, Jazz e manifestazioni medievali nella Sabina.","og_url":"https:\/\/www.charminly.com\/it\/carnevale-jazz-e-manifestazioni-medievali-nella-sabina\/","article_publisher":"https:\/\/www.facebook.com\/charminlyitalia\/","article_published_time":"2016-01-19T15:23:34+00:00","article_modified_time":"2016-03-30T07:41:12+00:00","og_image":[{"width":1024,"height":576,"url":"https:\/\/www.charminly.com\/wp-content\/uploads\/2016\/01\/MEDIOEVO-IN-FESTA-foto-i1os-torreta_opt.jpg","type":"image\/jpeg"}],"author":"Charminly","twitter_card":"summary_large_image","twitter_creator":"@charminly_com","twitter_site":"@charminly_com","twitter_misc":{"Scritto da":"Charminly","Tempo di lettura stimato":"3 minuti"},"schema":{"@context":"https:\/\/schema.org","@graph":[{"@type":"Article","@id":"https:\/\/www.charminly.com\/it\/carnevale-jazz-e-manifestazioni-medievali-nella-sabina\/#article","isPartOf":{"@id":"https:\/\/www.charminly.com\/it\/carnevale-jazz-e-manifestazioni-medievali-nella-sabina\/"},"author":{"name":"Charminly","@id":"https:\/\/www.charminly.com\/it\/#\/schema\/person\/e6a536eb865d9dac6d1e730f53d5f367"},"headline":"Carnevale, Jazz e manifestazioni medievali nella Sabina","datePublished":"2016-01-19T15:23:34+00:00","dateModified":"2016-03-30T07:41:12+00:00","mainEntityOfPage":{"@id":"https:\/\/www.charminly.com\/it\/carnevale-jazz-e-manifestazioni-medievali-nella-sabina\/"},"wordCount":556,"publisher":{"@id":"https:\/\/www.charminly.com\/it\/#organization"},"image":{"@id":"https:\/\/www.charminly.com\/it\/carnevale-jazz-e-manifestazioni-medievali-nella-sabina\/#primaryimage"},"thumbnailUrl":"https:\/\/www.charminly.com\/wp-content\/uploads\/2016\/01\/MEDIOEVO-IN-FESTA-foto-i1os-torreta_opt.jpg","keywords":["Cosa fare in Lazio"],"articleSection":["Feste, tradizioni, arti e mestieri"],"inLanguage":"it-IT"},{"@type":"WebPage","@id":"https:\/\/www.charminly.com\/it\/carnevale-jazz-e-manifestazioni-medievali-nella-sabina\/","url":"https:\/\/www.charminly.com\/it\/carnevale-jazz-e-manifestazioni-medievali-nella-sabina\/","name":"Carnevale, Jazz e manifestazioni medievali nella Sabina","isPartOf":{"@id":"https:\/\/www.charminly.com\/it\/#website"},"primaryImageOfPage":{"@id":"https:\/\/www.charminly.com\/it\/carnevale-jazz-e-manifestazioni-medievali-nella-sabina\/#primaryimage"},"image":{"@id":"https:\/\/www.charminly.com\/it\/carnevale-jazz-e-manifestazioni-medievali-nella-sabina\/#primaryimage"},"thumbnailUrl":"https:\/\/www.charminly.com\/wp-content\/uploads\/2016\/01\/MEDIOEVO-IN-FESTA-foto-i1os-torreta_opt.jpg","datePublished":"2016-01-19T15:23:34+00:00","dateModified":"2016-03-30T07:41:12+00:00","description":"Durante il vostro soggiorno presso\u00a0La Torretta, a\u00a0Casperia,\u00a0nel\u00a0Lazio, potrete partecipare...Carnevale, Jazz e manifestazioni medievali nella Sabina.","breadcrumb":{"@id":"https:\/\/www.charminly.com\/it\/carnevale-jazz-e-manifestazioni-medievali-nella-sabina\/#breadcrumb"},"inLanguage":"it-IT","potentialAction":[{"@type":"ReadAction","target":["https:\/\/www.charminly.com\/it\/carnevale-jazz-e-manifestazioni-medievali-nella-sabina\/"]}]},{"@type":"ImageObject","inLanguage":"it-IT","@id":"https:\/\/www.charminly.com\/it\/carnevale-jazz-e-manifestazioni-medievali-nella-sabina\/#primaryimage","url":"https:\/\/www.charminly.com\/wp-content\/uploads\/2016\/01\/MEDIOEVO-IN-FESTA-foto-i1os-torreta_opt.jpg","contentUrl":"https:\/\/www.charminly.com\/wp-content\/uploads\/2016\/01\/MEDIOEVO-IN-FESTA-foto-i1os-torreta_opt.jpg","width":1024,"height":576},{"@type":"BreadcrumbList","@id":"https:\/\/www.charminly.com\/it\/carnevale-jazz-e-manifestazioni-medievali-nella-sabina\/#breadcrumb","itemListElement":[{"@type":"ListItem","position":1,"name":"Home","item":"https:\/\/www.charminly.com\/it\/"},{"@type":"ListItem","position":2,"name":"Cosa fare in Lazio","item":"https:\/\/www.charminly.com\/it\/tag\/cosa-fare-in-lazio\/"},{"@type":"ListItem","position":3,"name":"Carnevale, Jazz e manifestazioni medievali nella Sabina"}]},{"@type":"WebSite","@id":"https:\/\/www.charminly.com\/it\/#website","url":"https:\/\/www.charminly.com\/it\/","name":"","description":"","publisher":{"@id":"https:\/\/www.charminly.com\/it\/#organization"},"potentialAction":[{"@type":"SearchAction","target":{"@type":"EntryPoint","urlTemplate":"https:\/\/www.charminly.com\/it\/?s={search_term_string}"},"query-input":{"@type":"PropertyValueSpecification","valueRequired":true,"valueName":"search_term_string"}}],"inLanguage":"it-IT"},{"@type":"Organization","@id":"https:\/\/www.charminly.com\/it\/#organization","name":"Charminly.com","url":"https:\/\/www.charminly.com\/it\/","logo":{"@type":"ImageObject","inLanguage":"it-IT","@id":"https:\/\/www.charminly.com\/it\/#\/schema\/logo\/image\/","url":"https:\/\/www.charminly.com\/wp-content\/uploads\/2014\/10\/logo.png","contentUrl":"https:\/\/www.charminly.com\/wp-content\/uploads\/2014\/10\/logo.png","width":264,"height":115,"caption":"Charminly.com"},"image":{"@id":"https:\/\/www.charminly.com\/it\/#\/schema\/logo\/image\/"},"sameAs":["https:\/\/www.facebook.com\/charminlyitalia\/","https:\/\/x.com\/charminly_com"]},{"@type":"Person","@id":"https:\/\/www.charminly.com\/it\/#\/schema\/person\/e6a536eb865d9dac6d1e730f53d5f367","name":"Charminly","image":{"@type":"ImageObject","inLanguage":"it-IT","@id":"https:\/\/www.charminly.com\/it\/#\/schema\/person\/image\/","url":"https:\/\/secure.gravatar.com\/avatar\/ee564baea04b5bbffcbd57ac103bc7d1?s=96&d=mm&r=g","contentUrl":"https:\/\/secure.gravatar.com\/avatar\/ee564baea04b5bbffcbd57ac103bc7d1?s=96&d=mm&r=g","caption":"Charminly"},"url":"https:\/\/www.charminly.com\/it\/author\/charminly\/"}]}},"_links":{"self":[{"href":"https:\/\/www.charminly.com\/it\/wp-json\/wp\/v2\/posts\/11717","targetHints":{"allow":["GET"]}}],"collection":[{"href":"https:\/\/www.charminly.com\/it\/wp-json\/wp\/v2\/posts"}],"about":[{"href":"https:\/\/www.charminly.com\/it\/wp-json\/wp\/v2\/types\/post"}],"author":[{"embeddable":true,"href":"https:\/\/www.charminly.com\/it\/wp-json\/wp\/v2\/users\/2"}],"replies":[{"embeddable":true,"href":"https:\/\/www.charminly.com\/it\/wp-json\/wp\/v2\/comments?post=11717"}],"version-history":[{"count":0,"href":"https:\/\/www.charminly.com\/it\/wp-json\/wp\/v2\/posts\/11717\/revisions"}],"wp:featuredmedia":[{"embeddable":true,"href":"https:\/\/www.charminly.com\/it\/wp-json\/wp\/v2\/media\/11711"}],"wp:attachment":[{"href":"https:\/\/www.charminly.com\/it\/wp-json\/wp\/v2\/media?parent=11717"}],"wp:term":[{"taxonomy":"category","embeddable":true,"href":"https:\/\/www.charminly.com\/it\/wp-json\/wp\/v2\/categories?post=11717"},{"taxonomy":"post_tag","embeddable":true,"href":"https:\/\/www.charminly.com\/it\/wp-json\/wp\/v2\/tags?post=11717"}],"curies":[{"name":"wp","href":"https:\/\/api.w.org\/{rel}","templated":true}]}}