{"id":11579,"date":"2016-01-18T13:57:17","date_gmt":"2016-01-18T12:57:17","guid":{"rendered":"https:\/\/www.charminly.com\/?p=11579"},"modified":"2024-02-18T20:10:03","modified_gmt":"2024-02-18T19:10:03","slug":"musica-classica-fiori-e-medioevo-sul-lago-di-bolsena","status":"publish","type":"post","link":"https:\/\/www.charminly.com\/it\/musica-classica-fiori-e-medioevo-sul-lago-di-bolsena\/","title":{"rendered":"Musica classica, fiori e medioevo sul Lago di Bolsena"},"content":{"rendered":"<p>Durante il vostro soggiorno sul <strong>Lago di Bolsena<\/strong>, nel <strong>Lazio<\/strong>, avrete modo di apprezzare le iniziative di Musica classica, fiori e medioevo sul Lago di Bolsena e altre manifestazioni organizzate in questa bellissima zona.<\/p>\n<h3><strong>I PUGNALONI\u00a0<\/strong><\/h3>\n<p>La terza domenica di maggio ad <strong>Acquapendente <\/strong>si celebra la Madonna del Fiore, con una festa spettacolare e ricca di colore. <strong>I PUGNALONI <\/strong>sono bellissimi mosaici realizzati con petali di fiori e foglie composti in onore della Madonna. In passato i pungoli erano arnesi agricoli decorati con i fiori, oggi i pugnaloni sono pannelli ricoperti di fiori con la tecnica del mosaico. Questa manifestazione ha origini antiche risalenti al 1166 quando una rivolta popolare liber\u00f2 Acquapendente dalla tirannia di Federico Barbarossa. Si narra che un contadino vide fiorire un ciliegio secco, e che fosse un segno della protezione della Madonna sulla popolazione. La vittoria non tard\u00f2 ad arrivare e Barbarossa fu cacciato.<\/p>\n<h3><strong>FESTA DELLE ORTENSIE\u00a0<\/strong><\/h3>\n<p>Il terzo fine settimana di giugno si svolge a <strong>Bolsena <\/strong>la <strong>FESTA DELLE ORTENSIE<\/strong>. Un&#8217;esplosione di colori e profumi invader\u00e0 le strade della citt\u00e0 con vivaisti e produttori provenienti da tutta Italia. Questi magnifici fiori che arrivano dall&#8217;oriente, sono ormai diffusi in tutto il mondo, e\u00a0 proprio in giugno sono all&#8217;apice della fioritura. Sono protagonisti della festa, con gli\u00a0 esemplari\u00a0 pi\u00f9 comuni e facili da curare e quelli rari e speciali, orgoglio dei collezionisti.<\/p>\n<div id=\"attachment_11571\" style=\"width: 1034px\" class=\"wp-caption alignnone\"><img loading=\"lazy\" decoding=\"async\" aria-describedby=\"caption-attachment-11571\" class=\"wp-image-11571 size-full\" src=\"https:\/\/www.charminly.com\/wp-content\/uploads\/2016\/01\/I_PUGNALONI_perazzeta-lanczos3_opt.jpg\" alt=\"I_PUGNALONI_\" width=\"1024\" height=\"531\" srcset=\"https:\/\/www.charminly.com\/wp-content\/uploads\/2016\/01\/I_PUGNALONI_perazzeta-lanczos3_opt.jpg 1024w, https:\/\/www.charminly.com\/wp-content\/uploads\/2016\/01\/I_PUGNALONI_perazzeta-lanczos3_opt-300x156.jpg 300w, https:\/\/www.charminly.com\/wp-content\/uploads\/2016\/01\/I_PUGNALONI_perazzeta-lanczos3_opt-768x398.jpg 768w\" sizes=\"auto, (max-width: 1024px) 100vw, 1024px\" \/><p id=\"caption-attachment-11571\" class=\"wp-caption-text\">I PUGNALONI<\/p><\/div>\n<h3><strong>EMOZIONI D&#8217;ESTATE\u00a0<\/strong><\/h3>\n<p>Tra luglio e agosto a <strong>Gradoli<\/strong>, <strong>EMOZIONI D&#8217;ESTATE <\/strong>vi porter\u00e0 in un&#8217;atmosfera magica fatta di musica e cultura, con la rassegna di concerti di musica classica organizzati ogni anno in questo periodo. Le calme notti estive sono la cornice ideale per apprezzare la musica e gli artisti, con un grande consenso di pubblico che ogni anno partecipa appassionato.<\/p>\n<h3><strong>RASSEGNA DI MUSICA CLASSICA<\/strong><strong>\u00a0<\/strong><\/h3>\n<p>A Bolsena in agosto, la <strong>RASSEGNA DI MUSICA CLASSICA<\/strong>, vi aspetta per deliziarvi con i concerti e gli eventi organizzati in varie location, dai piccoli &#8220;Caff\u00e8 concerto&#8221; nei locali, al teatro San Francesco di Bolsena che ospita gli eventi pi\u00f9 prestigiosi, e tutti gli altri concerti lungo le vie della citt\u00e0 e nella splendida cornice del Lago.<\/p>\n<div id=\"attachment_11574\" style=\"width: 1034px\" class=\"wp-caption alignnone\"><img loading=\"lazy\" decoding=\"async\" aria-describedby=\"caption-attachment-11574\" class=\"wp-image-11574 size-full\" src=\"https:\/\/www.charminly.com\/wp-content\/uploads\/2016\/01\/Macchina-di-Santa-Rosa-foto-reteluna-perazzeta_opt.jpg\" alt=\"Macchina di Santa Rosa\" width=\"1024\" height=\"683\" srcset=\"https:\/\/www.charminly.com\/wp-content\/uploads\/2016\/01\/Macchina-di-Santa-Rosa-foto-reteluna-perazzeta_opt.jpg 1024w, https:\/\/www.charminly.com\/wp-content\/uploads\/2016\/01\/Macchina-di-Santa-Rosa-foto-reteluna-perazzeta_opt-300x200.jpg 300w, https:\/\/www.charminly.com\/wp-content\/uploads\/2016\/01\/Macchina-di-Santa-Rosa-foto-reteluna-perazzeta_opt-768x512.jpg 768w, https:\/\/www.charminly.com\/wp-content\/uploads\/2016\/01\/Macchina-di-Santa-Rosa-foto-reteluna-perazzeta_opt-105x70.jpg 105w\" sizes=\"auto, (max-width: 1024px) 100vw, 1024px\" \/><p id=\"caption-attachment-11574\" class=\"wp-caption-text\">Macchina di Santa Rosa foto reteluna<\/p><\/div>\n<h3><strong>FESTA MEDIEVALE E CORTEO STORICO<\/strong><\/h3>\n<p>In agosto si svolge a <strong>Bolsena <\/strong>la <strong>FESTA MEDIEVALE E CORTEO STORICO<\/strong>, manifestazione in ricordo del 15 agosto 1328, quando inizi\u00f2 l&#8217;assedio di Bolsena da parte dell&#8217;Imperatore Ludovico IV. La popolazione riusc\u00ec a resistere all&#8217;assedio, difendere la Rocca di Bolsena e infine respingere le forze nemiche. Il corteo rivive quei momenti storici con grande partecipazione e una serie di eventi e figuranti in costume d&#8217;epoca,\u00a0 tra dame di corte, tamburini, cavalieri e la figura dell&#8217;imperatore.<\/p>\n<p><strong>MACCHINA DI SANTA ROSA<\/strong><\/p>\n<p>A <strong>Viterbo <\/strong>in settembre si festeggia la patrona della citt\u00e0, con <strong>LA MACCHINA DI SANTA ROSA<\/strong>. La &#8220;macchina&#8221; \u00e8 una grande torre alta trenta metri, ricca di luci, con in cima la statua della Santa. E&#8217; davvero impressionante ed emozionante vedere i facchini portare a spalla questa macchina spettacolare\u00a0 e sfarzosa per le strade e le vie di Viterbo al grido di &#8220;Viva Santa Rosa!&#8221;. La manifestazione rievoca il trasporto della salma di Santa Rosa del 1258.<\/p>\n<hr \/>\n<div class=\"article_container\"><h2 class=\"shortcode_title\">Charming home nelle vicinanze<\/h2><div class=\"listinglink-wrapper\">\n                           <a href=\"https:\/\/www.charminly.com\/listings\/relais-country-houses-en\/\"> <span class=\"wpresidence_button\"> more listings <\/span><\/a>\n                       <\/div><\/div>\n","protected":false},"excerpt":{"rendered":"<p>Durante il vostro soggiorno sul Lago di Bolsena, nel Lazio, avrete modo di apprezzare le iniziative di Musica classica, fiori e medioevo sul Lago di Bolsena e altre manifestazioni organizzate in questa bellissima zona. I PUGNALONI\u00a0 La terza domenica di maggio ad Acquapendente si celebra la Madonna del Fiore, con una festa spettacolare e ricca di colore. I PUGNALONI sono bellissimi mosaici realizzati con &#8230;<\/p>\n","protected":false},"author":2,"featured_media":11576,"comment_status":"closed","ping_status":"closed","sticky":false,"template":"","format":"standard","meta":{"_acf_changed":false,"footnotes":""},"categories":[144],"tags":[615],"class_list":["post-11579","post","type-post","status-publish","format-standard","has-post-thumbnail","hentry","category-feste-tradizioni-arti-e-mestieri","tag-cosa-fare-nel-lazio"],"acf":[],"yoast_head":"<!-- This site is optimized with the Yoast SEO plugin v23.9 - https:\/\/yoast.com\/wordpress\/plugins\/seo\/ -->\n<title>Musica classica, fiori e medioevo sul Lago di Bolsena<\/title>\n<meta name=\"description\" content=\"Durante il vostro soggiorno sul Lago di Bolsena, nel Lazio, avrete modo di apprezzare le iniziative di Musica classica, fiori e medioevo sul Lago di Bolsena e altre manifestazioni organizzate in questa bellissima zona.\" \/>\n<meta name=\"robots\" content=\"index, follow, max-snippet:-1, max-image-preview:large, max-video-preview:-1\" \/>\n<link rel=\"canonical\" href=\"https:\/\/www.charminly.com\/it\/musica-classica-fiori-e-medioevo-sul-lago-di-bolsena\/\" \/>\n<meta property=\"og:locale\" content=\"it_IT\" \/>\n<meta property=\"og:type\" content=\"article\" \/>\n<meta property=\"og:title\" content=\"Musica classica, fiori e medioevo sul Lago di Bolsena\" \/>\n<meta property=\"og:description\" content=\"Durante il vostro soggiorno sul Lago di Bolsena, nel Lazio, avrete modo di apprezzare le iniziative di Musica classica, fiori e medioevo sul Lago di Bolsena e altre manifestazioni organizzate in questa bellissima zona.\" \/>\n<meta property=\"og:url\" content=\"https:\/\/www.charminly.com\/it\/musica-classica-fiori-e-medioevo-sul-lago-di-bolsena\/\" \/>\n<meta property=\"article:publisher\" content=\"https:\/\/www.facebook.com\/charminlyitalia\/\" \/>\n<meta property=\"article:published_time\" content=\"2016-01-18T12:57:17+00:00\" \/>\n<meta property=\"article:modified_time\" content=\"2024-02-18T19:10:03+00:00\" \/>\n<meta property=\"og:image\" content=\"https:\/\/www.charminly.com\/wp-content\/uploads\/2016\/01\/Macchina-di-Santa-Rosa-foto-reteluna-perazzeta_opt.jpg\" \/>\n\t<meta property=\"og:image:width\" content=\"1024\" \/>\n\t<meta property=\"og:image:height\" content=\"683\" \/>\n\t<meta property=\"og:image:type\" content=\"image\/jpeg\" \/>\n<meta name=\"author\" content=\"Charminly\" \/>\n<meta name=\"twitter:card\" content=\"summary_large_image\" \/>\n<meta name=\"twitter:creator\" content=\"@charminly_com\" \/>\n<meta name=\"twitter:site\" content=\"@charminly_com\" \/>\n<meta name=\"twitter:label1\" content=\"Scritto da\" \/>\n\t<meta name=\"twitter:data1\" content=\"Charminly\" \/>\n\t<meta name=\"twitter:label2\" content=\"Tempo di lettura stimato\" \/>\n\t<meta name=\"twitter:data2\" content=\"3 minuti\" \/>\n<script type=\"application\/ld+json\" class=\"yoast-schema-graph\">{\"@context\":\"https:\/\/schema.org\",\"@graph\":[{\"@type\":\"Article\",\"@id\":\"https:\/\/www.charminly.com\/it\/musica-classica-fiori-e-medioevo-sul-lago-di-bolsena\/#article\",\"isPartOf\":{\"@id\":\"https:\/\/www.charminly.com\/it\/musica-classica-fiori-e-medioevo-sul-lago-di-bolsena\/\"},\"author\":{\"name\":\"Charminly\",\"@id\":\"https:\/\/www.charminly.com\/it\/#\/schema\/person\/e6a536eb865d9dac6d1e730f53d5f367\"},\"headline\":\"Musica classica, fiori e medioevo sul Lago di Bolsena\",\"datePublished\":\"2016-01-18T12:57:17+00:00\",\"dateModified\":\"2024-02-18T19:10:03+00:00\",\"mainEntityOfPage\":{\"@id\":\"https:\/\/www.charminly.com\/it\/musica-classica-fiori-e-medioevo-sul-lago-di-bolsena\/\"},\"wordCount\":570,\"publisher\":{\"@id\":\"https:\/\/www.charminly.com\/it\/#organization\"},\"image\":{\"@id\":\"https:\/\/www.charminly.com\/it\/musica-classica-fiori-e-medioevo-sul-lago-di-bolsena\/#primaryimage\"},\"thumbnailUrl\":\"https:\/\/www.charminly.com\/wp-content\/uploads\/2016\/01\/Macchina-di-Santa-Rosa-foto-reteluna-perazzeta_opt.jpg\",\"keywords\":[\"Cosa fare nel Lazio\"],\"articleSection\":[\"Feste, tradizioni, arti e mestieri\"],\"inLanguage\":\"it-IT\"},{\"@type\":\"WebPage\",\"@id\":\"https:\/\/www.charminly.com\/it\/musica-classica-fiori-e-medioevo-sul-lago-di-bolsena\/\",\"url\":\"https:\/\/www.charminly.com\/it\/musica-classica-fiori-e-medioevo-sul-lago-di-bolsena\/\",\"name\":\"Musica classica, fiori e medioevo sul Lago di Bolsena\",\"isPartOf\":{\"@id\":\"https:\/\/www.charminly.com\/it\/#website\"},\"primaryImageOfPage\":{\"@id\":\"https:\/\/www.charminly.com\/it\/musica-classica-fiori-e-medioevo-sul-lago-di-bolsena\/#primaryimage\"},\"image\":{\"@id\":\"https:\/\/www.charminly.com\/it\/musica-classica-fiori-e-medioevo-sul-lago-di-bolsena\/#primaryimage\"},\"thumbnailUrl\":\"https:\/\/www.charminly.com\/wp-content\/uploads\/2016\/01\/Macchina-di-Santa-Rosa-foto-reteluna-perazzeta_opt.jpg\",\"datePublished\":\"2016-01-18T12:57:17+00:00\",\"dateModified\":\"2024-02-18T19:10:03+00:00\",\"description\":\"Durante il vostro soggiorno sul Lago di Bolsena, nel Lazio, avrete modo di apprezzare le iniziative di Musica classica, fiori e medioevo sul Lago di Bolsena e altre manifestazioni organizzate in questa bellissima zona.\",\"breadcrumb\":{\"@id\":\"https:\/\/www.charminly.com\/it\/musica-classica-fiori-e-medioevo-sul-lago-di-bolsena\/#breadcrumb\"},\"inLanguage\":\"it-IT\",\"potentialAction\":[{\"@type\":\"ReadAction\",\"target\":[\"https:\/\/www.charminly.com\/it\/musica-classica-fiori-e-medioevo-sul-lago-di-bolsena\/\"]}]},{\"@type\":\"ImageObject\",\"inLanguage\":\"it-IT\",\"@id\":\"https:\/\/www.charminly.com\/it\/musica-classica-fiori-e-medioevo-sul-lago-di-bolsena\/#primaryimage\",\"url\":\"https:\/\/www.charminly.com\/wp-content\/uploads\/2016\/01\/Macchina-di-Santa-Rosa-foto-reteluna-perazzeta_opt.jpg\",\"contentUrl\":\"https:\/\/www.charminly.com\/wp-content\/uploads\/2016\/01\/Macchina-di-Santa-Rosa-foto-reteluna-perazzeta_opt.jpg\",\"width\":1024,\"height\":683},{\"@type\":\"BreadcrumbList\",\"@id\":\"https:\/\/www.charminly.com\/it\/musica-classica-fiori-e-medioevo-sul-lago-di-bolsena\/#breadcrumb\",\"itemListElement\":[{\"@type\":\"ListItem\",\"position\":1,\"name\":\"Home\",\"item\":\"https:\/\/www.charminly.com\/it\/\"},{\"@type\":\"ListItem\",\"position\":2,\"name\":\"Cosa fare nel Lazio\",\"item\":\"https:\/\/www.charminly.com\/it\/tag\/cosa-fare-nel-lazio\/\"},{\"@type\":\"ListItem\",\"position\":3,\"name\":\"Musica classica, fiori e medioevo sul Lago di Bolsena\"}]},{\"@type\":\"WebSite\",\"@id\":\"https:\/\/www.charminly.com\/it\/#website\",\"url\":\"https:\/\/www.charminly.com\/it\/\",\"name\":\"\",\"description\":\"\",\"publisher\":{\"@id\":\"https:\/\/www.charminly.com\/it\/#organization\"},\"potentialAction\":[{\"@type\":\"SearchAction\",\"target\":{\"@type\":\"EntryPoint\",\"urlTemplate\":\"https:\/\/www.charminly.com\/it\/?s={search_term_string}\"},\"query-input\":{\"@type\":\"PropertyValueSpecification\",\"valueRequired\":true,\"valueName\":\"search_term_string\"}}],\"inLanguage\":\"it-IT\"},{\"@type\":\"Organization\",\"@id\":\"https:\/\/www.charminly.com\/it\/#organization\",\"name\":\"Charminly.com\",\"url\":\"https:\/\/www.charminly.com\/it\/\",\"logo\":{\"@type\":\"ImageObject\",\"inLanguage\":\"it-IT\",\"@id\":\"https:\/\/www.charminly.com\/it\/#\/schema\/logo\/image\/\",\"url\":\"https:\/\/www.charminly.com\/wp-content\/uploads\/2014\/10\/logo.png\",\"contentUrl\":\"https:\/\/www.charminly.com\/wp-content\/uploads\/2014\/10\/logo.png\",\"width\":264,\"height\":115,\"caption\":\"Charminly.com\"},\"image\":{\"@id\":\"https:\/\/www.charminly.com\/it\/#\/schema\/logo\/image\/\"},\"sameAs\":[\"https:\/\/www.facebook.com\/charminlyitalia\/\",\"https:\/\/x.com\/charminly_com\"]},{\"@type\":\"Person\",\"@id\":\"https:\/\/www.charminly.com\/it\/#\/schema\/person\/e6a536eb865d9dac6d1e730f53d5f367\",\"name\":\"Charminly\",\"image\":{\"@type\":\"ImageObject\",\"inLanguage\":\"it-IT\",\"@id\":\"https:\/\/www.charminly.com\/it\/#\/schema\/person\/image\/\",\"url\":\"https:\/\/secure.gravatar.com\/avatar\/ee564baea04b5bbffcbd57ac103bc7d1?s=96&d=mm&r=g\",\"contentUrl\":\"https:\/\/secure.gravatar.com\/avatar\/ee564baea04b5bbffcbd57ac103bc7d1?s=96&d=mm&r=g\",\"caption\":\"Charminly\"},\"url\":\"https:\/\/www.charminly.com\/it\/author\/charminly\/\"}]}<\/script>\n<!-- \/ Yoast SEO plugin. -->","yoast_head_json":{"title":"Musica classica, fiori e medioevo sul Lago di Bolsena","description":"Durante il vostro soggiorno sul Lago di Bolsena, nel Lazio, avrete modo di apprezzare le iniziative di Musica classica, fiori e medioevo sul Lago di Bolsena e altre manifestazioni organizzate in questa bellissima zona.","robots":{"index":"index","follow":"follow","max-snippet":"max-snippet:-1","max-image-preview":"max-image-preview:large","max-video-preview":"max-video-preview:-1"},"canonical":"https:\/\/www.charminly.com\/it\/musica-classica-fiori-e-medioevo-sul-lago-di-bolsena\/","og_locale":"it_IT","og_type":"article","og_title":"Musica classica, fiori e medioevo sul Lago di Bolsena","og_description":"Durante il vostro soggiorno sul Lago di Bolsena, nel Lazio, avrete modo di apprezzare le iniziative di Musica classica, fiori e medioevo sul Lago di Bolsena e altre manifestazioni organizzate in questa bellissima zona.","og_url":"https:\/\/www.charminly.com\/it\/musica-classica-fiori-e-medioevo-sul-lago-di-bolsena\/","article_publisher":"https:\/\/www.facebook.com\/charminlyitalia\/","article_published_time":"2016-01-18T12:57:17+00:00","article_modified_time":"2024-02-18T19:10:03+00:00","og_image":[{"width":1024,"height":683,"url":"https:\/\/www.charminly.com\/wp-content\/uploads\/2016\/01\/Macchina-di-Santa-Rosa-foto-reteluna-perazzeta_opt.jpg","type":"image\/jpeg"}],"author":"Charminly","twitter_card":"summary_large_image","twitter_creator":"@charminly_com","twitter_site":"@charminly_com","twitter_misc":{"Scritto da":"Charminly","Tempo di lettura stimato":"3 minuti"},"schema":{"@context":"https:\/\/schema.org","@graph":[{"@type":"Article","@id":"https:\/\/www.charminly.com\/it\/musica-classica-fiori-e-medioevo-sul-lago-di-bolsena\/#article","isPartOf":{"@id":"https:\/\/www.charminly.com\/it\/musica-classica-fiori-e-medioevo-sul-lago-di-bolsena\/"},"author":{"name":"Charminly","@id":"https:\/\/www.charminly.com\/it\/#\/schema\/person\/e6a536eb865d9dac6d1e730f53d5f367"},"headline":"Musica classica, fiori e medioevo sul Lago di Bolsena","datePublished":"2016-01-18T12:57:17+00:00","dateModified":"2024-02-18T19:10:03+00:00","mainEntityOfPage":{"@id":"https:\/\/www.charminly.com\/it\/musica-classica-fiori-e-medioevo-sul-lago-di-bolsena\/"},"wordCount":570,"publisher":{"@id":"https:\/\/www.charminly.com\/it\/#organization"},"image":{"@id":"https:\/\/www.charminly.com\/it\/musica-classica-fiori-e-medioevo-sul-lago-di-bolsena\/#primaryimage"},"thumbnailUrl":"https:\/\/www.charminly.com\/wp-content\/uploads\/2016\/01\/Macchina-di-Santa-Rosa-foto-reteluna-perazzeta_opt.jpg","keywords":["Cosa fare nel Lazio"],"articleSection":["Feste, tradizioni, arti e mestieri"],"inLanguage":"it-IT"},{"@type":"WebPage","@id":"https:\/\/www.charminly.com\/it\/musica-classica-fiori-e-medioevo-sul-lago-di-bolsena\/","url":"https:\/\/www.charminly.com\/it\/musica-classica-fiori-e-medioevo-sul-lago-di-bolsena\/","name":"Musica classica, fiori e medioevo sul Lago di Bolsena","isPartOf":{"@id":"https:\/\/www.charminly.com\/it\/#website"},"primaryImageOfPage":{"@id":"https:\/\/www.charminly.com\/it\/musica-classica-fiori-e-medioevo-sul-lago-di-bolsena\/#primaryimage"},"image":{"@id":"https:\/\/www.charminly.com\/it\/musica-classica-fiori-e-medioevo-sul-lago-di-bolsena\/#primaryimage"},"thumbnailUrl":"https:\/\/www.charminly.com\/wp-content\/uploads\/2016\/01\/Macchina-di-Santa-Rosa-foto-reteluna-perazzeta_opt.jpg","datePublished":"2016-01-18T12:57:17+00:00","dateModified":"2024-02-18T19:10:03+00:00","description":"Durante il vostro soggiorno sul Lago di Bolsena, nel Lazio, avrete modo di apprezzare le iniziative di Musica classica, fiori e medioevo sul Lago di Bolsena e altre manifestazioni organizzate in questa bellissima zona.","breadcrumb":{"@id":"https:\/\/www.charminly.com\/it\/musica-classica-fiori-e-medioevo-sul-lago-di-bolsena\/#breadcrumb"},"inLanguage":"it-IT","potentialAction":[{"@type":"ReadAction","target":["https:\/\/www.charminly.com\/it\/musica-classica-fiori-e-medioevo-sul-lago-di-bolsena\/"]}]},{"@type":"ImageObject","inLanguage":"it-IT","@id":"https:\/\/www.charminly.com\/it\/musica-classica-fiori-e-medioevo-sul-lago-di-bolsena\/#primaryimage","url":"https:\/\/www.charminly.com\/wp-content\/uploads\/2016\/01\/Macchina-di-Santa-Rosa-foto-reteluna-perazzeta_opt.jpg","contentUrl":"https:\/\/www.charminly.com\/wp-content\/uploads\/2016\/01\/Macchina-di-Santa-Rosa-foto-reteluna-perazzeta_opt.jpg","width":1024,"height":683},{"@type":"BreadcrumbList","@id":"https:\/\/www.charminly.com\/it\/musica-classica-fiori-e-medioevo-sul-lago-di-bolsena\/#breadcrumb","itemListElement":[{"@type":"ListItem","position":1,"name":"Home","item":"https:\/\/www.charminly.com\/it\/"},{"@type":"ListItem","position":2,"name":"Cosa fare nel Lazio","item":"https:\/\/www.charminly.com\/it\/tag\/cosa-fare-nel-lazio\/"},{"@type":"ListItem","position":3,"name":"Musica classica, fiori e medioevo sul Lago di Bolsena"}]},{"@type":"WebSite","@id":"https:\/\/www.charminly.com\/it\/#website","url":"https:\/\/www.charminly.com\/it\/","name":"","description":"","publisher":{"@id":"https:\/\/www.charminly.com\/it\/#organization"},"potentialAction":[{"@type":"SearchAction","target":{"@type":"EntryPoint","urlTemplate":"https:\/\/www.charminly.com\/it\/?s={search_term_string}"},"query-input":{"@type":"PropertyValueSpecification","valueRequired":true,"valueName":"search_term_string"}}],"inLanguage":"it-IT"},{"@type":"Organization","@id":"https:\/\/www.charminly.com\/it\/#organization","name":"Charminly.com","url":"https:\/\/www.charminly.com\/it\/","logo":{"@type":"ImageObject","inLanguage":"it-IT","@id":"https:\/\/www.charminly.com\/it\/#\/schema\/logo\/image\/","url":"https:\/\/www.charminly.com\/wp-content\/uploads\/2014\/10\/logo.png","contentUrl":"https:\/\/www.charminly.com\/wp-content\/uploads\/2014\/10\/logo.png","width":264,"height":115,"caption":"Charminly.com"},"image":{"@id":"https:\/\/www.charminly.com\/it\/#\/schema\/logo\/image\/"},"sameAs":["https:\/\/www.facebook.com\/charminlyitalia\/","https:\/\/x.com\/charminly_com"]},{"@type":"Person","@id":"https:\/\/www.charminly.com\/it\/#\/schema\/person\/e6a536eb865d9dac6d1e730f53d5f367","name":"Charminly","image":{"@type":"ImageObject","inLanguage":"it-IT","@id":"https:\/\/www.charminly.com\/it\/#\/schema\/person\/image\/","url":"https:\/\/secure.gravatar.com\/avatar\/ee564baea04b5bbffcbd57ac103bc7d1?s=96&d=mm&r=g","contentUrl":"https:\/\/secure.gravatar.com\/avatar\/ee564baea04b5bbffcbd57ac103bc7d1?s=96&d=mm&r=g","caption":"Charminly"},"url":"https:\/\/www.charminly.com\/it\/author\/charminly\/"}]}},"_links":{"self":[{"href":"https:\/\/www.charminly.com\/it\/wp-json\/wp\/v2\/posts\/11579","targetHints":{"allow":["GET"]}}],"collection":[{"href":"https:\/\/www.charminly.com\/it\/wp-json\/wp\/v2\/posts"}],"about":[{"href":"https:\/\/www.charminly.com\/it\/wp-json\/wp\/v2\/types\/post"}],"author":[{"embeddable":true,"href":"https:\/\/www.charminly.com\/it\/wp-json\/wp\/v2\/users\/2"}],"replies":[{"embeddable":true,"href":"https:\/\/www.charminly.com\/it\/wp-json\/wp\/v2\/comments?post=11579"}],"version-history":[{"count":1,"href":"https:\/\/www.charminly.com\/it\/wp-json\/wp\/v2\/posts\/11579\/revisions"}],"predecessor-version":[{"id":3230108413,"href":"https:\/\/www.charminly.com\/it\/wp-json\/wp\/v2\/posts\/11579\/revisions\/3230108413"}],"wp:featuredmedia":[{"embeddable":true,"href":"https:\/\/www.charminly.com\/it\/wp-json\/wp\/v2\/media\/11576"}],"wp:attachment":[{"href":"https:\/\/www.charminly.com\/it\/wp-json\/wp\/v2\/media?parent=11579"}],"wp:term":[{"taxonomy":"category","embeddable":true,"href":"https:\/\/www.charminly.com\/it\/wp-json\/wp\/v2\/categories?post=11579"},{"taxonomy":"post_tag","embeddable":true,"href":"https:\/\/www.charminly.com\/it\/wp-json\/wp\/v2\/tags?post=11579"}],"curies":[{"name":"wp","href":"https:\/\/api.w.org\/{rel}","templated":true}]}}