{"id":11388,"date":"2016-01-12T11:41:41","date_gmt":"2016-01-12T10:41:41","guid":{"rendered":"https:\/\/www.charminly.com\/?p=11388"},"modified":"2016-11-30T14:53:32","modified_gmt":"2016-11-30T13:53:32","slug":"festival-delle-storie-della-pastorizia-e-del-jazz-in-ciociaria","status":"publish","type":"post","link":"https:\/\/www.charminly.com\/it\/festival-delle-storie-della-pastorizia-e-del-jazz-in-ciociaria\/","title":{"rendered":"Festival delle Storie, della Pastorizia e del Jazz in Ciociaria"},"content":{"rendered":"<h3><strong>FESTIVAL DEGLI ORAPI E DELLA MONTAGNA\u00a0<\/strong><\/h3>\n<p>All\u2019inizio di giugno a <strong>Picinisco, <\/strong>il<strong> FESTIVAL DEGLI ORAPI E DELLA MONTAGNA <\/strong>\u00e8 un\u2019ottima occasione per riscoprire la natura con le escursioni a piedi nei sentieri di montagna, organizzate per adulti e per bambini, con guide esperte che potranno illustrare le caratteristiche delle erbe spontanee tipiche del territorio, e \u00a0insegnarvi a riconoscerle e apprezzarle. Gli orapi ad esempio sono\u00a0 spinaci selvatici che crescono in queste zone e sono protagonisti di molte ricette. Molte delle escursioni si concludono con grigliate e picnic all\u2019aperto, degustazione di prodotti tipici, tanta musica e\u00a0 spettacoli.<\/p>\n<h3><strong>ATINA JAZZ FESTIVAL<\/strong><\/h3>\n<p>A fine luglio ad <strong>Atina<\/strong> si svolge <strong>JAZZ FESTIVAL, <\/strong>una rassegna musicale arrivata alla trentesima edizione con grande successo di pubblico<strong>. <\/strong>In citt\u00e0 vengono ospitati vari eventi con artisti provenienti dall\u2019Italia e dal mondo che si esibiscono per dare vita ad un\u2019atmosfera suggestiva e intensa, per gli appassionati di Jazz e per tutti coloro che amano la musica e vogliono cogliere l\u2019occasione di avvicinarsi a questo genere musicale tanto apprezzato.<\/p>\n<h3><strong>PASTORIZIA IN FESTIVAL<\/strong><\/h3>\n<p>In agosto a <strong>Picinisco<\/strong> si svolge <strong>PASTORIZIA IN FESTIVAL<\/strong> che vuole valorizzare \u201ci frutti del pascolo\u201d di questa splendida terra. Primo fra tutti il pecorino DOP di Picinisco insieme a molti altri prodotti locali di alta qualit\u00e0. Il Festival inoltre si propone di far conoscere tutto il lavoro che sta dietro alla produzione, le fasi della pastorizia, a partire dalla tradizione fino all\u2019epoca moderna, e con l\u2019iniziativa \u201cPiccoli pastori all\u2019opera\u201d vuole insegnare ai bambini le caratteristiche di questo lavoro millenario che ancora oggi \u00e8 alla base di molte economie locali.<\/p>\n<div id=\"attachment_11384\" style=\"width: 1034px\" class=\"wp-caption alignnone\"><img loading=\"lazy\" decoding=\"async\" aria-describedby=\"caption-attachment-11384\" class=\"wp-image-11384 size-full\" src=\"https:\/\/www.charminly.com\/wp-content\/uploads\/2016\/01\/Atina_Jazz_Festival_stelle-lanczos3_opt.jpg\" alt=\"Atina_Jazz_Festival_\" width=\"1024\" height=\"680\" srcset=\"https:\/\/www.charminly.com\/wp-content\/uploads\/2016\/01\/Atina_Jazz_Festival_stelle-lanczos3_opt.jpg 1024w, https:\/\/www.charminly.com\/wp-content\/uploads\/2016\/01\/Atina_Jazz_Festival_stelle-lanczos3_opt-300x199.jpg 300w, https:\/\/www.charminly.com\/wp-content\/uploads\/2016\/01\/Atina_Jazz_Festival_stelle-lanczos3_opt-768x510.jpg 768w, https:\/\/www.charminly.com\/wp-content\/uploads\/2016\/01\/Atina_Jazz_Festival_stelle-lanczos3_opt-105x70.jpg 105w\" sizes=\"auto, (max-width: 1024px) 100vw, 1024px\" \/><p id=\"caption-attachment-11384\" class=\"wp-caption-text\">ATINA JAZZ FESTIVAL<\/p><\/div>\n<h3><strong>FESTIVAL DELLE STORIE<\/strong><strong>\u00a0<\/strong><\/h3>\n<p>Sempre in agosto nella <strong>Val di Comino<\/strong> potrete assistere al <strong>FESTIVAL DELLE STORIE<\/strong>. Ideato meno di 10 anni fa, questo festival ha avuto subito un grande successo grazie ai suoi itinerari tra i luoghi pi\u00f9 suggestivi della Val di Comino. Nei paesi della zona si organizzano convegni, incontri, letture, laboratori,\u00a0 su un tema comune diverso ogni anno, a cui prendono parte scrittori e autori provenienti da tutta Italia, per un legame indissolubile tra\u00a0 la cultura letteraria e la tradizione del territorio.<\/p>\n<h3><strong>SOAVITA\u2019 D\u2019AUTUNNO<\/strong><\/h3>\n<p>A fine settembre a <strong>Picinisco<\/strong> la manifestazione <strong>SOAVITA\u2019 D\u2019AUTUNNO<\/strong> \u00e8 interamente dedicata ai funghi. Le degustazioni di piatti tipici a base di funghi sono naturalmente l\u2019attrazione principale, ma se volete apprezzare davvero questo gustoso alimento dovete iniziare dalla raccolta, con un intera giornata di escursioni tra i boschi a cercare i funghi con guide esperte che vi insegneranno a riconoscerli, scegliere quelli commestibili, i periodi e i luoghi pi\u00f9 adatti per i funghi migliori, e tante altre curiosit\u00e0 e informazioni legate a questo eccezionale prodotto della terra, ancora pi\u00f9 buono quando \u00e8 spontaneo e selvatico!<\/p>\n<h3><strong>PREMIO D.H. LAWRENCE<\/strong><\/h3>\n<p>Sempre a <strong>Picinisco<\/strong> in ottobre, si tiene il <strong>PREMIO D.H. LAWRENCE, <\/strong>il concorso letterario dedicato allo scrittore inglese, che con i suoi racconti di viaggio descrisse molti paesi del mondo, tra cui l\u2019Italia con \u201cCrepuscolo in Italia\u201d. Casa Lawrence a Picinisco \u00e8 testimonianza di questo passaggio nel nostro paese, e questo premio letterario \u00e8 un\u2019occasione eccellente per molti giovani scrittori.<\/p>\n<hr \/>\n<div class=\"article_container\"><h2 class=\"shortcode_title\">Charming home nelle vicinanze<\/h2><div class=\"listinglink-wrapper\">\n                           <a href=\"https:\/\/www.charminly.com\/listings\/relais-country-houses-en\/\"> <span class=\"wpresidence_button\"> more listings <\/span><\/a>\n                       <\/div><\/div>\n","protected":false},"excerpt":{"rendered":"<p>FESTIVAL DEGLI ORAPI E DELLA MONTAGNA\u00a0 All\u2019inizio di giugno a Picinisco, il FESTIVAL DEGLI ORAPI E DELLA MONTAGNA \u00e8 un\u2019ottima occasione per riscoprire la natura con le escursioni a piedi nei sentieri di montagna, organizzate per adulti e per bambini, con guide esperte che potranno illustrare le caratteristiche delle erbe spontanee tipiche del territorio, e \u00a0insegnarvi a riconoscerle e apprezzarle. Gli orapi ad esempio &#8230;<\/p>\n","protected":false},"author":2,"featured_media":11386,"comment_status":"closed","ping_status":"closed","sticky":false,"template":"","format":"standard","meta":{"_acf_changed":false,"footnotes":""},"categories":[144],"tags":[615],"class_list":["post-11388","post","type-post","status-publish","format-standard","has-post-thumbnail","hentry","category-feste-tradizioni-arti-e-mestieri","tag-cosa-fare-nel-lazio"],"acf":[],"yoast_head":"<!-- This site is optimized with the Yoast SEO plugin v23.9 - https:\/\/yoast.com\/wordpress\/plugins\/seo\/ -->\n<title>Festival delle Storie, della Pastorizia e del Jazz in Ciociaria<\/title>\n<meta name=\"description\" content=\"Festival delle Storie, della Pastorizia e del Jazz in Ciociaria\" \/>\n<meta name=\"robots\" content=\"index, follow, max-snippet:-1, max-image-preview:large, max-video-preview:-1\" \/>\n<link rel=\"canonical\" href=\"https:\/\/www.charminly.com\/it\/festival-delle-storie-della-pastorizia-e-del-jazz-in-ciociaria\/\" \/>\n<meta property=\"og:locale\" content=\"it_IT\" \/>\n<meta property=\"og:type\" content=\"article\" \/>\n<meta property=\"og:title\" content=\"Festival delle Storie, della Pastorizia e del Jazz in Ciociaria\" \/>\n<meta property=\"og:description\" content=\"Festival delle Storie, della Pastorizia e del Jazz in Ciociaria\" \/>\n<meta property=\"og:url\" content=\"https:\/\/www.charminly.com\/it\/festival-delle-storie-della-pastorizia-e-del-jazz-in-ciociaria\/\" \/>\n<meta property=\"article:publisher\" content=\"https:\/\/www.facebook.com\/charminlyitalia\/\" \/>\n<meta property=\"article:published_time\" content=\"2016-01-12T10:41:41+00:00\" \/>\n<meta property=\"article:modified_time\" content=\"2016-11-30T13:53:32+00:00\" \/>\n<meta property=\"og:image\" content=\"https:\/\/www.charminly.com\/wp-content\/uploads\/2016\/01\/Atina_Jazz_Festival_stelle-lanczos3_opt.jpg\" \/>\n\t<meta property=\"og:image:width\" content=\"1024\" \/>\n\t<meta property=\"og:image:height\" content=\"680\" \/>\n\t<meta property=\"og:image:type\" content=\"image\/jpeg\" \/>\n<meta name=\"author\" content=\"Charminly\" \/>\n<meta name=\"twitter:card\" content=\"summary_large_image\" \/>\n<meta name=\"twitter:creator\" content=\"@charminly_com\" \/>\n<meta name=\"twitter:site\" content=\"@charminly_com\" \/>\n<meta name=\"twitter:label1\" content=\"Scritto da\" \/>\n\t<meta name=\"twitter:data1\" content=\"Charminly\" \/>\n\t<meta name=\"twitter:label2\" content=\"Tempo di lettura stimato\" \/>\n\t<meta name=\"twitter:data2\" content=\"3 minuti\" \/>\n<script type=\"application\/ld+json\" class=\"yoast-schema-graph\">{\"@context\":\"https:\/\/schema.org\",\"@graph\":[{\"@type\":\"Article\",\"@id\":\"https:\/\/www.charminly.com\/it\/festival-delle-storie-della-pastorizia-e-del-jazz-in-ciociaria\/#article\",\"isPartOf\":{\"@id\":\"https:\/\/www.charminly.com\/it\/festival-delle-storie-della-pastorizia-e-del-jazz-in-ciociaria\/\"},\"author\":{\"name\":\"Charminly\",\"@id\":\"https:\/\/www.charminly.com\/it\/#\/schema\/person\/e6a536eb865d9dac6d1e730f53d5f367\"},\"headline\":\"Festival delle Storie, della Pastorizia e del Jazz in Ciociaria\",\"datePublished\":\"2016-01-12T10:41:41+00:00\",\"dateModified\":\"2016-11-30T13:53:32+00:00\",\"mainEntityOfPage\":{\"@id\":\"https:\/\/www.charminly.com\/it\/festival-delle-storie-della-pastorizia-e-del-jazz-in-ciociaria\/\"},\"wordCount\":561,\"publisher\":{\"@id\":\"https:\/\/www.charminly.com\/it\/#organization\"},\"image\":{\"@id\":\"https:\/\/www.charminly.com\/it\/festival-delle-storie-della-pastorizia-e-del-jazz-in-ciociaria\/#primaryimage\"},\"thumbnailUrl\":\"https:\/\/www.charminly.com\/wp-content\/uploads\/2016\/01\/Atina_Jazz_Festival_stelle-lanczos3_opt.jpg\",\"keywords\":[\"Cosa fare nel Lazio\"],\"articleSection\":[\"Feste, tradizioni, arti e mestieri\"],\"inLanguage\":\"it-IT\"},{\"@type\":\"WebPage\",\"@id\":\"https:\/\/www.charminly.com\/it\/festival-delle-storie-della-pastorizia-e-del-jazz-in-ciociaria\/\",\"url\":\"https:\/\/www.charminly.com\/it\/festival-delle-storie-della-pastorizia-e-del-jazz-in-ciociaria\/\",\"name\":\"Festival delle Storie, della Pastorizia e del Jazz in Ciociaria\",\"isPartOf\":{\"@id\":\"https:\/\/www.charminly.com\/it\/#website\"},\"primaryImageOfPage\":{\"@id\":\"https:\/\/www.charminly.com\/it\/festival-delle-storie-della-pastorizia-e-del-jazz-in-ciociaria\/#primaryimage\"},\"image\":{\"@id\":\"https:\/\/www.charminly.com\/it\/festival-delle-storie-della-pastorizia-e-del-jazz-in-ciociaria\/#primaryimage\"},\"thumbnailUrl\":\"https:\/\/www.charminly.com\/wp-content\/uploads\/2016\/01\/Atina_Jazz_Festival_stelle-lanczos3_opt.jpg\",\"datePublished\":\"2016-01-12T10:41:41+00:00\",\"dateModified\":\"2016-11-30T13:53:32+00:00\",\"description\":\"Festival delle Storie, della Pastorizia e del Jazz in Ciociaria\",\"breadcrumb\":{\"@id\":\"https:\/\/www.charminly.com\/it\/festival-delle-storie-della-pastorizia-e-del-jazz-in-ciociaria\/#breadcrumb\"},\"inLanguage\":\"it-IT\",\"potentialAction\":[{\"@type\":\"ReadAction\",\"target\":[\"https:\/\/www.charminly.com\/it\/festival-delle-storie-della-pastorizia-e-del-jazz-in-ciociaria\/\"]}]},{\"@type\":\"ImageObject\",\"inLanguage\":\"it-IT\",\"@id\":\"https:\/\/www.charminly.com\/it\/festival-delle-storie-della-pastorizia-e-del-jazz-in-ciociaria\/#primaryimage\",\"url\":\"https:\/\/www.charminly.com\/wp-content\/uploads\/2016\/01\/Atina_Jazz_Festival_stelle-lanczos3_opt.jpg\",\"contentUrl\":\"https:\/\/www.charminly.com\/wp-content\/uploads\/2016\/01\/Atina_Jazz_Festival_stelle-lanczos3_opt.jpg\",\"width\":1024,\"height\":680},{\"@type\":\"BreadcrumbList\",\"@id\":\"https:\/\/www.charminly.com\/it\/festival-delle-storie-della-pastorizia-e-del-jazz-in-ciociaria\/#breadcrumb\",\"itemListElement\":[{\"@type\":\"ListItem\",\"position\":1,\"name\":\"Home\",\"item\":\"https:\/\/www.charminly.com\/it\/\"},{\"@type\":\"ListItem\",\"position\":2,\"name\":\"Cosa fare nel Lazio\",\"item\":\"https:\/\/www.charminly.com\/it\/tag\/cosa-fare-nel-lazio\/\"},{\"@type\":\"ListItem\",\"position\":3,\"name\":\"Festival delle Storie, della Pastorizia e del Jazz in Ciociaria\"}]},{\"@type\":\"WebSite\",\"@id\":\"https:\/\/www.charminly.com\/it\/#website\",\"url\":\"https:\/\/www.charminly.com\/it\/\",\"name\":\"\",\"description\":\"\",\"publisher\":{\"@id\":\"https:\/\/www.charminly.com\/it\/#organization\"},\"potentialAction\":[{\"@type\":\"SearchAction\",\"target\":{\"@type\":\"EntryPoint\",\"urlTemplate\":\"https:\/\/www.charminly.com\/it\/?s={search_term_string}\"},\"query-input\":{\"@type\":\"PropertyValueSpecification\",\"valueRequired\":true,\"valueName\":\"search_term_string\"}}],\"inLanguage\":\"it-IT\"},{\"@type\":\"Organization\",\"@id\":\"https:\/\/www.charminly.com\/it\/#organization\",\"name\":\"Charminly.com\",\"url\":\"https:\/\/www.charminly.com\/it\/\",\"logo\":{\"@type\":\"ImageObject\",\"inLanguage\":\"it-IT\",\"@id\":\"https:\/\/www.charminly.com\/it\/#\/schema\/logo\/image\/\",\"url\":\"https:\/\/www.charminly.com\/wp-content\/uploads\/2014\/10\/logo.png\",\"contentUrl\":\"https:\/\/www.charminly.com\/wp-content\/uploads\/2014\/10\/logo.png\",\"width\":264,\"height\":115,\"caption\":\"Charminly.com\"},\"image\":{\"@id\":\"https:\/\/www.charminly.com\/it\/#\/schema\/logo\/image\/\"},\"sameAs\":[\"https:\/\/www.facebook.com\/charminlyitalia\/\",\"https:\/\/x.com\/charminly_com\"]},{\"@type\":\"Person\",\"@id\":\"https:\/\/www.charminly.com\/it\/#\/schema\/person\/e6a536eb865d9dac6d1e730f53d5f367\",\"name\":\"Charminly\",\"image\":{\"@type\":\"ImageObject\",\"inLanguage\":\"it-IT\",\"@id\":\"https:\/\/www.charminly.com\/it\/#\/schema\/person\/image\/\",\"url\":\"https:\/\/secure.gravatar.com\/avatar\/ee564baea04b5bbffcbd57ac103bc7d1?s=96&d=mm&r=g\",\"contentUrl\":\"https:\/\/secure.gravatar.com\/avatar\/ee564baea04b5bbffcbd57ac103bc7d1?s=96&d=mm&r=g\",\"caption\":\"Charminly\"},\"url\":\"https:\/\/www.charminly.com\/it\/author\/charminly\/\"}]}<\/script>\n<!-- \/ Yoast SEO plugin. -->","yoast_head_json":{"title":"Festival delle Storie, della Pastorizia e del Jazz in Ciociaria","description":"Festival delle Storie, della Pastorizia e del Jazz in Ciociaria","robots":{"index":"index","follow":"follow","max-snippet":"max-snippet:-1","max-image-preview":"max-image-preview:large","max-video-preview":"max-video-preview:-1"},"canonical":"https:\/\/www.charminly.com\/it\/festival-delle-storie-della-pastorizia-e-del-jazz-in-ciociaria\/","og_locale":"it_IT","og_type":"article","og_title":"Festival delle Storie, della Pastorizia e del Jazz in Ciociaria","og_description":"Festival delle Storie, della Pastorizia e del Jazz in Ciociaria","og_url":"https:\/\/www.charminly.com\/it\/festival-delle-storie-della-pastorizia-e-del-jazz-in-ciociaria\/","article_publisher":"https:\/\/www.facebook.com\/charminlyitalia\/","article_published_time":"2016-01-12T10:41:41+00:00","article_modified_time":"2016-11-30T13:53:32+00:00","og_image":[{"width":1024,"height":680,"url":"https:\/\/www.charminly.com\/wp-content\/uploads\/2016\/01\/Atina_Jazz_Festival_stelle-lanczos3_opt.jpg","type":"image\/jpeg"}],"author":"Charminly","twitter_card":"summary_large_image","twitter_creator":"@charminly_com","twitter_site":"@charminly_com","twitter_misc":{"Scritto da":"Charminly","Tempo di lettura stimato":"3 minuti"},"schema":{"@context":"https:\/\/schema.org","@graph":[{"@type":"Article","@id":"https:\/\/www.charminly.com\/it\/festival-delle-storie-della-pastorizia-e-del-jazz-in-ciociaria\/#article","isPartOf":{"@id":"https:\/\/www.charminly.com\/it\/festival-delle-storie-della-pastorizia-e-del-jazz-in-ciociaria\/"},"author":{"name":"Charminly","@id":"https:\/\/www.charminly.com\/it\/#\/schema\/person\/e6a536eb865d9dac6d1e730f53d5f367"},"headline":"Festival delle Storie, della Pastorizia e del Jazz in Ciociaria","datePublished":"2016-01-12T10:41:41+00:00","dateModified":"2016-11-30T13:53:32+00:00","mainEntityOfPage":{"@id":"https:\/\/www.charminly.com\/it\/festival-delle-storie-della-pastorizia-e-del-jazz-in-ciociaria\/"},"wordCount":561,"publisher":{"@id":"https:\/\/www.charminly.com\/it\/#organization"},"image":{"@id":"https:\/\/www.charminly.com\/it\/festival-delle-storie-della-pastorizia-e-del-jazz-in-ciociaria\/#primaryimage"},"thumbnailUrl":"https:\/\/www.charminly.com\/wp-content\/uploads\/2016\/01\/Atina_Jazz_Festival_stelle-lanczos3_opt.jpg","keywords":["Cosa fare nel Lazio"],"articleSection":["Feste, tradizioni, arti e mestieri"],"inLanguage":"it-IT"},{"@type":"WebPage","@id":"https:\/\/www.charminly.com\/it\/festival-delle-storie-della-pastorizia-e-del-jazz-in-ciociaria\/","url":"https:\/\/www.charminly.com\/it\/festival-delle-storie-della-pastorizia-e-del-jazz-in-ciociaria\/","name":"Festival delle Storie, della Pastorizia e del Jazz in Ciociaria","isPartOf":{"@id":"https:\/\/www.charminly.com\/it\/#website"},"primaryImageOfPage":{"@id":"https:\/\/www.charminly.com\/it\/festival-delle-storie-della-pastorizia-e-del-jazz-in-ciociaria\/#primaryimage"},"image":{"@id":"https:\/\/www.charminly.com\/it\/festival-delle-storie-della-pastorizia-e-del-jazz-in-ciociaria\/#primaryimage"},"thumbnailUrl":"https:\/\/www.charminly.com\/wp-content\/uploads\/2016\/01\/Atina_Jazz_Festival_stelle-lanczos3_opt.jpg","datePublished":"2016-01-12T10:41:41+00:00","dateModified":"2016-11-30T13:53:32+00:00","description":"Festival delle Storie, della Pastorizia e del Jazz in Ciociaria","breadcrumb":{"@id":"https:\/\/www.charminly.com\/it\/festival-delle-storie-della-pastorizia-e-del-jazz-in-ciociaria\/#breadcrumb"},"inLanguage":"it-IT","potentialAction":[{"@type":"ReadAction","target":["https:\/\/www.charminly.com\/it\/festival-delle-storie-della-pastorizia-e-del-jazz-in-ciociaria\/"]}]},{"@type":"ImageObject","inLanguage":"it-IT","@id":"https:\/\/www.charminly.com\/it\/festival-delle-storie-della-pastorizia-e-del-jazz-in-ciociaria\/#primaryimage","url":"https:\/\/www.charminly.com\/wp-content\/uploads\/2016\/01\/Atina_Jazz_Festival_stelle-lanczos3_opt.jpg","contentUrl":"https:\/\/www.charminly.com\/wp-content\/uploads\/2016\/01\/Atina_Jazz_Festival_stelle-lanczos3_opt.jpg","width":1024,"height":680},{"@type":"BreadcrumbList","@id":"https:\/\/www.charminly.com\/it\/festival-delle-storie-della-pastorizia-e-del-jazz-in-ciociaria\/#breadcrumb","itemListElement":[{"@type":"ListItem","position":1,"name":"Home","item":"https:\/\/www.charminly.com\/it\/"},{"@type":"ListItem","position":2,"name":"Cosa fare nel Lazio","item":"https:\/\/www.charminly.com\/it\/tag\/cosa-fare-nel-lazio\/"},{"@type":"ListItem","position":3,"name":"Festival delle Storie, della Pastorizia e del Jazz in Ciociaria"}]},{"@type":"WebSite","@id":"https:\/\/www.charminly.com\/it\/#website","url":"https:\/\/www.charminly.com\/it\/","name":"","description":"","publisher":{"@id":"https:\/\/www.charminly.com\/it\/#organization"},"potentialAction":[{"@type":"SearchAction","target":{"@type":"EntryPoint","urlTemplate":"https:\/\/www.charminly.com\/it\/?s={search_term_string}"},"query-input":{"@type":"PropertyValueSpecification","valueRequired":true,"valueName":"search_term_string"}}],"inLanguage":"it-IT"},{"@type":"Organization","@id":"https:\/\/www.charminly.com\/it\/#organization","name":"Charminly.com","url":"https:\/\/www.charminly.com\/it\/","logo":{"@type":"ImageObject","inLanguage":"it-IT","@id":"https:\/\/www.charminly.com\/it\/#\/schema\/logo\/image\/","url":"https:\/\/www.charminly.com\/wp-content\/uploads\/2014\/10\/logo.png","contentUrl":"https:\/\/www.charminly.com\/wp-content\/uploads\/2014\/10\/logo.png","width":264,"height":115,"caption":"Charminly.com"},"image":{"@id":"https:\/\/www.charminly.com\/it\/#\/schema\/logo\/image\/"},"sameAs":["https:\/\/www.facebook.com\/charminlyitalia\/","https:\/\/x.com\/charminly_com"]},{"@type":"Person","@id":"https:\/\/www.charminly.com\/it\/#\/schema\/person\/e6a536eb865d9dac6d1e730f53d5f367","name":"Charminly","image":{"@type":"ImageObject","inLanguage":"it-IT","@id":"https:\/\/www.charminly.com\/it\/#\/schema\/person\/image\/","url":"https:\/\/secure.gravatar.com\/avatar\/ee564baea04b5bbffcbd57ac103bc7d1?s=96&d=mm&r=g","contentUrl":"https:\/\/secure.gravatar.com\/avatar\/ee564baea04b5bbffcbd57ac103bc7d1?s=96&d=mm&r=g","caption":"Charminly"},"url":"https:\/\/www.charminly.com\/it\/author\/charminly\/"}]}},"_links":{"self":[{"href":"https:\/\/www.charminly.com\/it\/wp-json\/wp\/v2\/posts\/11388","targetHints":{"allow":["GET"]}}],"collection":[{"href":"https:\/\/www.charminly.com\/it\/wp-json\/wp\/v2\/posts"}],"about":[{"href":"https:\/\/www.charminly.com\/it\/wp-json\/wp\/v2\/types\/post"}],"author":[{"embeddable":true,"href":"https:\/\/www.charminly.com\/it\/wp-json\/wp\/v2\/users\/2"}],"replies":[{"embeddable":true,"href":"https:\/\/www.charminly.com\/it\/wp-json\/wp\/v2\/comments?post=11388"}],"version-history":[{"count":0,"href":"https:\/\/www.charminly.com\/it\/wp-json\/wp\/v2\/posts\/11388\/revisions"}],"wp:featuredmedia":[{"embeddable":true,"href":"https:\/\/www.charminly.com\/it\/wp-json\/wp\/v2\/media\/11386"}],"wp:attachment":[{"href":"https:\/\/www.charminly.com\/it\/wp-json\/wp\/v2\/media?parent=11388"}],"wp:term":[{"taxonomy":"category","embeddable":true,"href":"https:\/\/www.charminly.com\/it\/wp-json\/wp\/v2\/categories?post=11388"},{"taxonomy":"post_tag","embeddable":true,"href":"https:\/\/www.charminly.com\/it\/wp-json\/wp\/v2\/tags?post=11388"}],"curies":[{"name":"wp","href":"https:\/\/api.w.org\/{rel}","templated":true}]}}